{"id":233549,"date":"2026-04-29T01:30:00","date_gmt":"2026-04-29T04:30:00","guid":{"rendered":"https:\/\/www.correiobraziliense.com.br\/cbradar\/?p=233549"},"modified":"2026-04-28T16:17:55","modified_gmt":"2026-04-28T19:17:55","slug":"fisioterapeuta-especialista-em-coluna-alerta-que-tratar-a-lombalgia-so-com-remedio-perde-eficacia-quando-a-causa-esta-na-rotina-e-no-estresse","status":"publish","type":"post","link":"https:\/\/www.correiobraziliense.com.br\/cbradar\/fisioterapeuta-especialista-em-coluna-alerta-que-tratar-a-lombalgia-so-com-remedio-perde-eficacia-quando-a-causa-esta-na-rotina-e-no-estresse\/","title":{"rendered":"Fisioterapeuta especialista em coluna alerta que tratar a lombalgia s\u00f3 com rem\u00e9dio perde efic\u00e1cia quando a causa est\u00e1 na rotina e no estresse"},"content":{"rendered":"\n<p>Muitas pessoas tentam resolver dores constantes na lombar utilizando apenas medicamentos paliativos para mascarar o desconforto f\u00edsico imediato. No entanto, especialistas alertam que essa abordagem ignora gatilhos fundamentais presentes nos h\u00e1bitos di\u00e1rios e no cansa\u00e7o mental acumulado. Entender a origem real da dor \u00e9 o primeiro passo para uma <strong>recupera\u00e7\u00e3o definitiva e saud\u00e1vel<\/strong>.<\/p>\n\n\n\n<h2 class=\"wp-block-heading\">Por que os rem\u00e9dios param de funcionar sozinhos?<\/h2>\n\n\n\n<p>O uso prolongado de analg\u00e9sicos cria uma falsa sensa\u00e7\u00e3o de seguran\u00e7a, enquanto a inflama\u00e7\u00e3o mec\u00e2nica continua progredindo silenciosamente na coluna vertebral. Sem corrigir a postura viciosa ou o sedentarismo, os tecidos musculares permanecem sob tens\u00e3o extrema, exigindo doses cada vez maiores de subst\u00e2ncias qu\u00edmicas. Tratar apenas o sintoma \u00e9 como tentar apagar um inc\u00eandio sem desligar o <strong>g\u00e1s inflam\u00e1vel<\/strong>.<\/p>\n\n\n\n<p>Quando a musculatura estabilizadora est\u00e1 fraca, qualquer movimento brusco gera uma sobrecarga direta nos discos intervertebrais sens\u00edveis do ser humano. A medica\u00e7\u00e3o apenas bloqueia a mensagem de dor enviada ao c\u00e9rebro, mas n\u00e3o devolve a funcionalidade perdida aos ligamentos. Buscar o equil\u00edbrio entre exerc\u00edcios espec\u00edficos e descanso \u00e9 a estrat\u00e9gia mais inteligente para garantir uma <strong>coluna forte e resiliente<\/strong>.<\/p>\n\n\n\n<p>Para quem busca alternativas eficazes diante de desconfortos persistentes, este v\u00eddeo do canal <strong>Adriano Scaff <\/strong>(66,6 mil inscritos) apresenta abordagens para dor lombar que n\u00e3o melhora, ajudando a entender causas e poss\u00edveis caminhos de tratamento.<\/p>\n\n\n\n<iframe loading=\"lazy\" width=\"459\" height=\"816\" src=\"https:\/\/www.youtube.com\/embed\/SzbeRSJgRb8\" title=\"Tratamento da dor na Coluna Lombar que n\u00e3o melhora.\" frameborder=\"0\" allow=\"accelerometer; autoplay; clipboard-write; encrypted-media; gyroscope; picture-in-picture; web-share\" referrerpolicy=\"strict-origin-when-cross-origin\" allowfullscreen><\/iframe>\n\n\n\n<h2 class=\"wp-block-heading\">Como o estresse emocional trava sua musculatura?<\/h2>\n\n\n\n<p>O estado de alerta constante gerado pela press\u00e3o profissional aumenta a produ\u00e7\u00e3o de cortisol, horm\u00f4nio que favorece a contra\u00e7\u00e3o involunt\u00e1ria. Essa tens\u00e3o acumulada atinge principalmente a regi\u00e3o lombar, criando n\u00f3s musculares dolorosos que dificultam a mobilidade b\u00e1sica durante o dia. Ignorar o impacto da mente no corpo f\u00edsico retarda significativamente qualquer processo de cura estrutural em pacientes com <strong>lombalgia cr\u00f4nica<\/strong>.<\/p>\n\n\n\n<p>Aprender a gerenciar a <strong><a href=\"https:\/\/www.correiobraziliense.com.br\/cbradar\/o-alimento-comum-que-pode-aumentar-a-ansiedade-se-consumido-em-excesso-sem-voce-perceber\/\" target=\"_blank\" rel=\"noreferrer noopener\">ansiedade <\/a><\/strong>\u00e9 t\u00e3o importante quanto realizar sess\u00f5es de fisioterapia especializada para aliviar a press\u00e3o nos nervos. O sistema nervoso central envia comandos de prote\u00e7\u00e3o que endurecem os m\u00fasculos das costas diante de situa\u00e7\u00f5es estressantes prolongadas e exaustivas. Integrar momentos de relaxamento na agenda semanal ajuda a soltar a f\u00e1scia muscular e reduz a <strong>depend\u00eancia de anti-inflamat\u00f3rios<\/strong>.<\/p>\n\n\n\n<h2 class=\"wp-block-heading\">Quais h\u00e1bitos di\u00e1rios est\u00e3o destruindo suas costas?<\/h2>\n\n\n\n<p>Permanecer sentado por muitas horas sem intervalos regulares compromete a circula\u00e7\u00e3o sangu\u00ednea e aumenta a press\u00e3o nos discos da base. Pequenos ajustes na altura da cadeira e no posicionamento da tela do computador fazem uma diferen\u00e7a enorme na preven\u00e7\u00e3o de crises agudas. <\/p>\n\n\n\n<p>Observe atentamente as atitudes pr\u00e1ticas que voc\u00ea deve adotar para garantir um suporte adequado para sua <strong>estrutura \u00f3ssea<\/strong>:<\/p>\n\n\n\n<ul class=\"wp-block-list\">\n<li>Realizar alongamentos curtos a cada hora;<\/li>\n\n\n\n<li>Manter os p\u00e9s apoiados firmemente no ch\u00e3o;<\/li>\n\n\n\n<li>Fortalecer os m\u00fasculos abdominais e gl\u00fateos;<\/li>\n\n\n\n<li>Utilizar travesseiros com altura correta ao dormir;<\/li>\n\n\n\n<li>Alternar a posi\u00e7\u00e3o de trabalho frequentemente.<\/li>\n<\/ul>\n\n\n\n<h2 class=\"wp-block-heading\">O que mudar na rotina hoje mesmo?<\/h2>\n\n\n\n<p>Iniciar uma atividade f\u00edsica leve, como a caminhada, estimula a lubrifica\u00e7\u00e3o das articula\u00e7\u00f5es e fortalece a musculatura de suporte global. O movimento controlado libera endorfinas que atuam como analg\u00e9sicos naturais poderosos, diminuindo a necessidade de interven\u00e7\u00f5es qu\u00edmicas pesadas e invasivas. Pequenas mudan\u00e7as nos trajetos cotidianos podem proporcionar um al\u00edvio surpreendente para quem sofre com dores nas costas e <strong>limita\u00e7\u00e3o motora<\/strong>.<\/p>\n\n\n\n<p>Beber \u00e1gua regularmente mant\u00e9m os discos intervertebrais hidratados, o que \u00e9 essencial para o amortecimento eficiente de todos os impactos f\u00edsicos. A hidrata\u00e7\u00e3o adequada facilita a elimina\u00e7\u00e3o de toxinas inflamat\u00f3rias que se acumulam nos tecidos moles ap\u00f3s longas jornadas de trabalho exaustivo. Cuidar da nutri\u00e7\u00e3o b\u00e1sica do organismo reflete diretamente na flexibilidade da sua coluna e no seu <strong>bem-estar total<\/strong>.<\/p>\n\n\n\n<figure class=\"wp-block-image size-full\"><img decoding=\"async\" width=\"1280\" height=\"720\" src=\"https:\/\/www.correiobraziliense.com.br\/cbradar\/wp-content\/uploads\/2026\/04\/Gemini_Generated_Image_axgmu7axgmu7axgm-1-1.png\" alt=\"Fisioterapeuta especialista em coluna alerta que tratar a lombalgia s\u00f3 com rem\u00e9dio perde efic\u00e1cia quando a causa est\u00e1 na rotina e no estresse\" class=\"wp-image-233558\" srcset=\"https:\/\/www.correiobraziliense.com.br\/cbradar\/wp-content\/uploads\/2026\/04\/Gemini_Generated_Image_axgmu7axgmu7axgm-1-1.png 1280w, https:\/\/www.correiobraziliense.com.br\/cbradar\/wp-content\/uploads\/2026\/04\/Gemini_Generated_Image_axgmu7axgmu7axgm-1-1-300x169.png 300w, https:\/\/www.correiobraziliense.com.br\/cbradar\/wp-content\/uploads\/2026\/04\/Gemini_Generated_Image_axgmu7axgmu7axgm-1-1-768x432.png 768w, https:\/\/www.correiobraziliense.com.br\/cbradar\/wp-content\/uploads\/2026\/04\/Gemini_Generated_Image_axgmu7axgmu7axgm-1-1-750x422.png 750w, https:\/\/www.correiobraziliense.com.br\/cbradar\/wp-content\/uploads\/2026\/04\/Gemini_Generated_Image_axgmu7axgmu7axgm-1-1-1140x641.png 1140w\" sizes=\"(max-width: 1280px) 100vw, 1280px\" \/><figcaption class=\"wp-element-caption\">H\u00e1bitos di\u00e1rios podem aliviar dores na lombar e melhorar sua qualidade de vida<\/figcaption><\/figure>\n\n\n\n<h2 class=\"wp-block-heading\">Existe uma solu\u00e7\u00e3o definitiva para a lombalgia?<\/h2>\n\n\n\n<p>O tratamento multidisciplinar que une fisioterapia, exerc\u00edcios de for\u00e7a e suporte psicol\u00f3gico apresenta as maiores taxas de sucesso em longo prazo. Ao atacar a causa raiz do problema, voc\u00ea impede que a dor se torne um impedimento para suas atividades sociais. Priorizar a educa\u00e7\u00e3o postural \u00e9 o investimento mais seguro, evitando cirurgias futuras e garantindo uma <strong>qualidade de vida extraordin\u00e1ria<\/strong>.<\/p>\n\n\n\n<p>Segundo diretrizes internacionais, a pr\u00e1tica regular de ioga e pilates ajuda significativamente na reabilita\u00e7\u00e3o de pacientes com problemas persistentes na regi\u00e3o lombar. Para compreender melhor as recomenda\u00e7\u00f5es cl\u00ednicas sobre o manejo da dor nas costas sem o uso abusivo de rem\u00e9dios, acesse o guia oficial dispon\u00edvel no portal do <strong><a target=\"_blank\" rel=\"noreferrer noopener\" href=\"https:\/\/www.ninds.nih.gov\/health-information\/disorders\/back-pain\">National Institute of Neurological Disorders and Stroke<\/a><\/strong>.<\/p>\n","protected":false},"excerpt":{"rendered":"<p>Muitas pessoas tentam resolver dores constantes na lombar utilizando apenas medicamentos paliativos para mascarar o desconforto f\u00edsico imediato. No entanto, especialistas alertam que essa abordagem ignora gatilhos fundamentais presentes nos h\u00e1bitos di\u00e1rios e no cansa\u00e7o mental acumulado. Entender a origem real da dor \u00e9 o primeiro passo para uma recupera\u00e7\u00e3o definitiva e saud\u00e1vel. Por que [&hellip;]<\/p>\n","protected":false},"author":21,"featured_media":233552,"comment_status":"open","ping_status":"open","sticky":false,"template":"","format":"standard","meta":{"_yoast_wpseo_focuskw":"dor lombar causas e como aliviar naturalmente","_yoast_wpseo_title":"","_yoast_wpseo_metadesc":"Dores na lombar podem ter causas ignoradas no dia a dia. Ajustes simples na rotina fazem diferen\u00e7a no al\u00edvio e na preven\u00e7\u00e3o.","jnews-multi-image_gallery":[],"jnews_single_post":{"format":"standard"},"jnews_primary_category":[],"jnews_social_meta":[],"jnews_override_counter":[],"footnotes":""},"categories":[119,4404],"post_tag":[],"class_list":["post-233549","post","type-post","status-publish","format-standard","has-post-thumbnail","hentry","category-bem-estar","category-saude"],"yoast_head":"<!-- This site is optimized with the Yoast SEO plugin v24.6 - https:\/\/yoast.com\/wordpress\/plugins\/seo\/ -->\n<title>Fisioterapeuta especialista em coluna alerta que tratar a lombalgia s\u00f3 com rem\u00e9dio perde efic\u00e1cia quando a causa est\u00e1 na rotina e no estresse - Correio Braziliense - Radar<\/title>\n<meta name=\"description\" content=\"Dores na lombar podem ter causas ignoradas no dia a dia. Ajustes simples na rotina fazem diferen\u00e7a no al\u00edvio e na preven\u00e7\u00e3o.\" \/>\n<meta name=\"robots\" content=\"index, follow, max-snippet:-1, max-image-preview:large, max-video-preview:-1\" \/>\n<link rel=\"canonical\" href=\"https:\/\/www.correiobraziliense.com.br\/cbradar\/fisioterapeuta-especialista-em-coluna-alerta-que-tratar-a-lombalgia-so-com-remedio-perde-eficacia-quando-a-causa-esta-na-rotina-e-no-estresse\/\" \/>\n<meta property=\"og:locale\" content=\"pt_BR\" \/>\n<meta property=\"og:type\" content=\"article\" \/>\n<meta property=\"og:title\" content=\"Fisioterapeuta especialista em coluna alerta que tratar a lombalgia s\u00f3 com rem\u00e9dio perde efic\u00e1cia quando a causa est\u00e1 na rotina e no estresse - Correio Braziliense - Radar\" \/>\n<meta property=\"og:description\" content=\"Dores na lombar podem ter causas ignoradas no dia a dia. Ajustes simples na rotina fazem diferen\u00e7a no al\u00edvio e na preven\u00e7\u00e3o.\" \/>\n<meta property=\"og:url\" content=\"https:\/\/www.correiobraziliense.com.br\/cbradar\/fisioterapeuta-especialista-em-coluna-alerta-que-tratar-a-lombalgia-so-com-remedio-perde-eficacia-quando-a-causa-esta-na-rotina-e-no-estresse\/\" \/>\n<meta property=\"og:site_name\" content=\"Correio Braziliense - Radar\" \/>\n<meta property=\"article:published_time\" content=\"2026-04-29T04:30:00+00:00\" \/>\n<meta property=\"og:image\" content=\"https:\/\/www.correiobraziliense.com.br\/cbradar\/wp-content\/uploads\/2026\/04\/Gemini_Generated_Image_2hxue92hxue92hxu-1-1.png\" \/>\n\t<meta property=\"og:image:width\" content=\"1280\" \/>\n\t<meta property=\"og:image:height\" content=\"720\" \/>\n\t<meta property=\"og:image:type\" content=\"image\/png\" \/>\n<meta name=\"author\" content=\"Patrick Silva\" \/>\n<meta name=\"twitter:card\" content=\"summary_large_image\" \/>\n<meta name=\"twitter:label1\" content=\"Escrito por\" \/>\n\t<meta name=\"twitter:data1\" content=\"Patrick Silva\" \/>\n\t<meta name=\"twitter:label2\" content=\"Est. tempo de leitura\" \/>\n\t<meta name=\"twitter:data2\" content=\"5 minutos\" \/>\n<!-- \/ Yoast SEO plugin. -->","yoast_head_json":{"title":"Fisioterapeuta especialista em coluna alerta que tratar a lombalgia s\u00f3 com rem\u00e9dio perde efic\u00e1cia quando a causa est\u00e1 na rotina e no estresse - Correio Braziliense - Radar","description":"Dores na lombar podem ter causas ignoradas no dia a dia. Ajustes simples na rotina fazem diferen\u00e7a no al\u00edvio e na preven\u00e7\u00e3o.","robots":{"index":"index","follow":"follow","max-snippet":"max-snippet:-1","max-image-preview":"max-image-preview:large","max-video-preview":"max-video-preview:-1"},"canonical":"https:\/\/www.correiobraziliense.com.br\/cbradar\/fisioterapeuta-especialista-em-coluna-alerta-que-tratar-a-lombalgia-so-com-remedio-perde-eficacia-quando-a-causa-esta-na-rotina-e-no-estresse\/","og_locale":"pt_BR","og_type":"article","og_title":"Fisioterapeuta especialista em coluna alerta que tratar a lombalgia s\u00f3 com rem\u00e9dio perde efic\u00e1cia quando a causa est\u00e1 na rotina e no estresse - Correio Braziliense - Radar","og_description":"Dores na lombar podem ter causas ignoradas no dia a dia. Ajustes simples na rotina fazem diferen\u00e7a no al\u00edvio e na preven\u00e7\u00e3o.","og_url":"https:\/\/www.correiobraziliense.com.br\/cbradar\/fisioterapeuta-especialista-em-coluna-alerta-que-tratar-a-lombalgia-so-com-remedio-perde-eficacia-quando-a-causa-esta-na-rotina-e-no-estresse\/","og_site_name":"Correio Braziliense - Radar","article_published_time":"2026-04-29T04:30:00+00:00","og_image":[{"width":1280,"height":720,"url":"https:\/\/www.correiobraziliense.com.br\/cbradar\/wp-content\/uploads\/2026\/04\/Gemini_Generated_Image_2hxue92hxue92hxu-1-1.png","type":"image\/png"}],"author":"Patrick Silva","twitter_card":"summary_large_image","twitter_misc":{"Escrito por":"Patrick Silva","Est. tempo de leitura":"5 minutos"},"schema":{"@context":"https:\/\/schema.org","@graph":[{"@type":"WebPage","@id":"https:\/\/www.correiobraziliense.com.br\/cbradar\/fisioterapeuta-especialista-em-coluna-alerta-que-tratar-a-lombalgia-so-com-remedio-perde-eficacia-quando-a-causa-esta-na-rotina-e-no-estresse\/","url":"https:\/\/www.correiobraziliense.com.br\/cbradar\/fisioterapeuta-especialista-em-coluna-alerta-que-tratar-a-lombalgia-so-com-remedio-perde-eficacia-quando-a-causa-esta-na-rotina-e-no-estresse\/","name":"Fisioterapeuta especialista em coluna alerta que tratar a lombalgia s\u00f3 com rem\u00e9dio perde efic\u00e1cia quando a causa est\u00e1 na rotina e no estresse - Correio Braziliense - Radar","isPartOf":{"@id":"https:\/\/www.correiobraziliense.com.br\/cbradar\/#website"},"primaryImageOfPage":{"@id":"https:\/\/www.correiobraziliense.com.br\/cbradar\/fisioterapeuta-especialista-em-coluna-alerta-que-tratar-a-lombalgia-so-com-remedio-perde-eficacia-quando-a-causa-esta-na-rotina-e-no-estresse\/#primaryimage"},"image":{"@id":"https:\/\/www.correiobraziliense.com.br\/cbradar\/fisioterapeuta-especialista-em-coluna-alerta-que-tratar-a-lombalgia-so-com-remedio-perde-eficacia-quando-a-causa-esta-na-rotina-e-no-estresse\/#primaryimage"},"thumbnailUrl":"https:\/\/www.correiobraziliense.com.br\/cbradar\/wp-content\/uploads\/2026\/04\/Gemini_Generated_Image_2hxue92hxue92hxu-1-1.png","datePublished":"2026-04-29T04:30:00+00:00","author":{"@id":"https:\/\/www.correiobraziliense.com.br\/cbradar\/#\/schema\/person\/5440b72be9c7eb74f446c846479dc4da"},"description":"Dores na lombar podem ter causas ignoradas no dia a dia. Ajustes simples na rotina fazem diferen\u00e7a no al\u00edvio e na preven\u00e7\u00e3o.","breadcrumb":{"@id":"https:\/\/www.correiobraziliense.com.br\/cbradar\/fisioterapeuta-especialista-em-coluna-alerta-que-tratar-a-lombalgia-so-com-remedio-perde-eficacia-quando-a-causa-esta-na-rotina-e-no-estresse\/#breadcrumb"},"inLanguage":"pt-BR","potentialAction":[{"@type":"ReadAction","target":["https:\/\/www.correiobraziliense.com.br\/cbradar\/fisioterapeuta-especialista-em-coluna-alerta-que-tratar-a-lombalgia-so-com-remedio-perde-eficacia-quando-a-causa-esta-na-rotina-e-no-estresse\/"]}]},{"@type":"ImageObject","inLanguage":"pt-BR","@id":"https:\/\/www.correiobraziliense.com.br\/cbradar\/fisioterapeuta-especialista-em-coluna-alerta-que-tratar-a-lombalgia-so-com-remedio-perde-eficacia-quando-a-causa-esta-na-rotina-e-no-estresse\/#primaryimage","url":"https:\/\/www.correiobraziliense.com.br\/cbradar\/wp-content\/uploads\/2026\/04\/Gemini_Generated_Image_2hxue92hxue92hxu-1-1.png","contentUrl":"https:\/\/www.correiobraziliense.com.br\/cbradar\/wp-content\/uploads\/2026\/04\/Gemini_Generated_Image_2hxue92hxue92hxu-1-1.png","width":1280,"height":720,"caption":"H\u00e1bitos di\u00e1rios podem aliviar dores na lombar e melhorar sua qualidade de vida"},{"@type":"BreadcrumbList","@id":"https:\/\/www.correiobraziliense.com.br\/cbradar\/fisioterapeuta-especialista-em-coluna-alerta-que-tratar-a-lombalgia-so-com-remedio-perde-eficacia-quando-a-causa-esta-na-rotina-e-no-estresse\/#breadcrumb","itemListElement":[{"@type":"ListItem","position":1,"name":"In\u00edcio","item":"https:\/\/www.correiobraziliense.com.br\/cbradar\/"},{"@type":"ListItem","position":2,"name":"Fisioterapeuta especialista em coluna alerta que tratar a lombalgia s\u00f3 com rem\u00e9dio perde efic\u00e1cia quando a causa est\u00e1 na rotina e no estresse"}]},{"@type":"WebSite","@id":"https:\/\/www.correiobraziliense.com.br\/cbradar\/#website","url":"https:\/\/www.correiobraziliense.com.br\/cbradar\/","name":"Correio Braziliense - Radar","description":"Acompanhe as \u00faltimas not\u00edcias e fique bem informado sobre tudo o que acontece no Brasil e no mundo.","potentialAction":[{"@type":"SearchAction","target":{"@type":"EntryPoint","urlTemplate":"https:\/\/www.correiobraziliense.com.br\/cbradar\/?s={search_term_string}"},"query-input":{"@type":"PropertyValueSpecification","valueRequired":true,"valueName":"search_term_string"}}],"inLanguage":"pt-BR"},{"@type":"Person","@id":"https:\/\/www.correiobraziliense.com.br\/cbradar\/#\/schema\/person\/5440b72be9c7eb74f446c846479dc4da","name":"Patrick Silva","image":{"@type":"ImageObject","inLanguage":"pt-BR","@id":"https:\/\/www.correiobraziliense.com.br\/cbradar\/#\/schema\/person\/image\/","url":"https:\/\/secure.gravatar.com\/avatar\/944109df296fc087785c9715fd5f80b2?s=96&d=mm&r=g","contentUrl":"https:\/\/secure.gravatar.com\/avatar\/944109df296fc087785c9715fd5f80b2?s=96&d=mm&r=g","caption":"Patrick Silva"},"sameAs":["https:\/\/www.correiobraziliense.com.br\/cbradar\/"],"url":"https:\/\/www.correiobraziliense.com.br\/cbradar\/author\/patrick-silva\/"}]}},"_links":{"self":[{"href":"https:\/\/www.correiobraziliense.com.br\/cbradar\/wp-json\/wp\/v2\/posts\/233549","targetHints":{"allow":["GET"]}}],"collection":[{"href":"https:\/\/www.correiobraziliense.com.br\/cbradar\/wp-json\/wp\/v2\/posts"}],"about":[{"href":"https:\/\/www.correiobraziliense.com.br\/cbradar\/wp-json\/wp\/v2\/types\/post"}],"author":[{"embeddable":true,"href":"https:\/\/www.correiobraziliense.com.br\/cbradar\/wp-json\/wp\/v2\/users\/21"}],"replies":[{"embeddable":true,"href":"https:\/\/www.correiobraziliense.com.br\/cbradar\/wp-json\/wp\/v2\/comments?post=233549"}],"version-history":[{"count":5,"href":"https:\/\/www.correiobraziliense.com.br\/cbradar\/wp-json\/wp\/v2\/posts\/233549\/revisions"}],"predecessor-version":[{"id":233559,"href":"https:\/\/www.correiobraziliense.com.br\/cbradar\/wp-json\/wp\/v2\/posts\/233549\/revisions\/233559"}],"wp:featuredmedia":[{"embeddable":true,"href":"https:\/\/www.correiobraziliense.com.br\/cbradar\/wp-json\/wp\/v2\/media\/233552"}],"wp:attachment":[{"href":"https:\/\/www.correiobraziliense.com.br\/cbradar\/wp-json\/wp\/v2\/media?parent=233549"}],"wp:term":[{"taxonomy":"category","embeddable":true,"href":"https:\/\/www.correiobraziliense.com.br\/cbradar\/wp-json\/wp\/v2\/categories?post=233549"},{"taxonomy":"post_tag","embeddable":true,"href":"https:\/\/www.correiobraziliense.com.br\/cbradar\/wp-json\/wp\/v2\/post_tag?post=233549"}],"curies":[{"name":"wp","href":"https:\/\/api.w.org\/{rel}","templated":true}]}}