{"id":233557,"date":"2026-04-29T02:30:00","date_gmt":"2026-04-29T05:30:00","guid":{"rendered":"https:\/\/www.correiobraziliense.com.br\/cbradar\/?p=233557"},"modified":"2026-04-28T16:18:04","modified_gmt":"2026-04-28T19:18:04","slug":"muita-gente-nao-percebe-que-quem-virou-cuidador-dos-pais-na-vida-adulta-esta-vivendo-dois-lutos-ao-mesmo-tempo-o-da-autonomia-que-acabou-e-o-da-infancia-que-nao-volta","status":"publish","type":"post","link":"https:\/\/www.correiobraziliense.com.br\/cbradar\/muita-gente-nao-percebe-que-quem-virou-cuidador-dos-pais-na-vida-adulta-esta-vivendo-dois-lutos-ao-mesmo-tempo-o-da-autonomia-que-acabou-e-o-da-infancia-que-nao-volta\/","title":{"rendered":"Muita gente n\u00e3o percebe que quem virou cuidador dos pais na vida adulta est\u00e1 vivendo dois lutos ao mesmo tempo, o da autonomia que acabou e o da inf\u00e2ncia que n\u00e3o volta"},"content":{"rendered":"\n<p>Assumir a responsabilidade pelos cuidados dos pais idosos \u00e9 uma das fases mais complexas da vida adulta contempor\u00e2nea. Esse processo envolve uma invers\u00e3o de pap\u00e9is que gera um impacto emocional profundo em quem cuida diariamente. Compreender os sentimentos de perda e as mudan\u00e7as na identidade pessoal \u00e9 essencial para manter a sa\u00fade mental.<\/p>\n\n\n\n<h2 class=\"wp-block-heading\">Por que a invers\u00e3o de pap\u00e9is gera tanta dor emocional?<\/h2>\n\n\n\n<p>Para o cuidador, ver a fragilidade de quem antes oferecia prote\u00e7\u00e3o absoluta causa um choque de realidade dif\u00edcil de processar. Essa mudan\u00e7a simboliza o fim definitivo da inf\u00e2ncia e daquela sensa\u00e7\u00e3o de seguran\u00e7a que os <strong><a href=\"https:\/\/www.correiobraziliense.com.br\/cbradar\/pesquisas-indicam-que-criancas-que-cuidavam-dos-pais-nao-tiveram-uma-infancia-comum-elas-aprenderam-responsabilidade-em-um-nivel-raro\/\" target=\"_blank\" rel=\"noreferrer noopener\">pais <\/a><\/strong>representavam na juventude. Aceitar que agora voc\u00ea \u00e9 a base da estrutura familiar exige uma maturidade psicol\u00f3gica muito elevada e resiliente.<\/p>\n\n\n\n<p>O luto pela autonomia dos pais reflete a consci\u00eancia de que o tempo \u00e9 implac\u00e1vel e transforma as hierarquias afetivas. Essa nova configura\u00e7\u00e3o exige que voc\u00ea tome decis\u00f5es dif\u00edceis sobre a sa\u00fade e a rotina de quem antes guiava seus passos. Lidar com essa responsabilidade gera uma carga de estresse que precisa ser gerenciada com muito <strong>equil\u00edbrio emocional constante<\/strong>.<\/p>\n\n\n\n<figure class=\"wp-block-image size-full\"><img decoding=\"async\" width=\"1280\" height=\"720\" src=\"https:\/\/www.correiobraziliense.com.br\/cbradar\/wp-content\/uploads\/2026\/04\/Gemini_Generated_Image_drq1o9drq1o9drq1-1-1.png\" alt=\"Muita gente n\u00e3o percebe que quem virou cuidador dos pais na vida adulta est\u00e1 vivendo dois lutos ao mesmo tempo, o da autonomia que acabou e o da inf\u00e2ncia que n\u00e3o volta\" class=\"wp-image-233566\" srcset=\"https:\/\/www.correiobraziliense.com.br\/cbradar\/wp-content\/uploads\/2026\/04\/Gemini_Generated_Image_drq1o9drq1o9drq1-1-1.png 1280w, https:\/\/www.correiobraziliense.com.br\/cbradar\/wp-content\/uploads\/2026\/04\/Gemini_Generated_Image_drq1o9drq1o9drq1-1-1-300x169.png 300w, https:\/\/www.correiobraziliense.com.br\/cbradar\/wp-content\/uploads\/2026\/04\/Gemini_Generated_Image_drq1o9drq1o9drq1-1-1-768x432.png 768w, https:\/\/www.correiobraziliense.com.br\/cbradar\/wp-content\/uploads\/2026\/04\/Gemini_Generated_Image_drq1o9drq1o9drq1-1-1-750x422.png 750w, https:\/\/www.correiobraziliense.com.br\/cbradar\/wp-content\/uploads\/2026\/04\/Gemini_Generated_Image_drq1o9drq1o9drq1-1-1-1140x641.png 1140w\" sizes=\"(max-width: 1280px) 100vw, 1280px\" \/><figcaption class=\"wp-element-caption\">Cuidar dos pais idosos transforma emo\u00e7\u00f5es e exige equil\u00edbrio na vida adulta<\/figcaption><\/figure>\n\n\n\n<h2 class=\"wp-block-heading\">Como enfrentar a perda da imagem protetora dos pais?<\/h2>\n\n\n\n<p>Despedir-se da vers\u00e3o forte e invulner\u00e1vel dos genitores \u00e9 um processo de luto simb\u00f3lico que ocorre em vida. O cuidador precisa aprender a amar essa nova vers\u00e3o fragilizada, sem deixar que a tristeza pela perda do passado domine o presente. \u00c9 fundamental encontrar um espa\u00e7o para acolher a pr\u00f3pria vulnerabilidade enquanto oferece suporte f\u00edsico aos pais idosos.<\/p>\n\n\n\n<p>Muitas vezes, a frustra\u00e7\u00e3o surge quando as expectativas de cuidado n\u00e3o correspondem \u00e0 realidade das limita\u00e7\u00f5es biol\u00f3gicas e cognitivas. Entender que o decl\u00ednio \u00e9 natural ajuda a reduzir o sentimento de culpa que costuma assombrar os filhos cuidadores. Focar na qualidade do tempo compartilhado hoje \u00e9 a melhor forma de honrar a hist\u00f3ria constru\u00edda com os <strong>familiares mais pr\u00f3ximos<\/strong>.<\/p>\n\n\n\n<h2 class=\"wp-block-heading\">O que muda na sua identidade como filho adulto?<\/h2>\n\n\n\n<p>A transi\u00e7\u00e3o para o papel de cuidador exige uma redefini\u00e7\u00e3o completa de quem voc\u00ea \u00e9 dentro do n\u00facleo familiar. Voc\u00ea deixa de ser apenas o receptor de cuidados para se tornar o provedor de estabilidade e seguran\u00e7a. Essa jornada de autoconhecimento revela for\u00e7as internas que antes estavam escondidas sob a sombra da depend\u00eancia emocional da <strong>inf\u00e2ncia protegida<\/strong>.<\/p>\n\n\n\n<p>Observe atentamente os sinais de amadurecimento que surgem quando voc\u00ea decide abra\u00e7ar essa nova miss\u00e3o com compaix\u00e3o e muita paci\u00eancia interna:<\/p>\n\n\n\n<ul class=\"wp-block-list\">\n<li>Aumento da capacidade de resili\u00eancia psicol\u00f3gica;<\/li>\n\n\n\n<li>Melhora na comunica\u00e7\u00e3o emp\u00e1tica e assertiva;<\/li>\n\n\n\n<li>Desenvolvimento de paci\u00eancia diante de dificuldades;<\/li>\n\n\n\n<li>Fortalecimento dos la\u00e7os de gratid\u00e3o familiar;<\/li>\n\n\n\n<li>Clareza sobre as prioridades reais da vida.<\/li>\n<\/ul>\n\n\n\n<h2 class=\"wp-block-heading\">Qual a import\u00e2ncia de preservar a pr\u00f3pria sa\u00fade mental?<\/h2>\n\n\n\n<p>Cuidar de algu\u00e9m exige uma energia imensa que pode levar ao esgotamento f\u00edsico e mental se n\u00e3o houver pausas. O cuidador precisa estabelecer limites claros para n\u00e3o anular a pr\u00f3pria vida em fun\u00e7\u00e3o das necessidades dos pais. Manter hobbies e amizades fora do c\u00edrculo de cuidado \u00e9 vital para preservar a sanidade e o <strong>bem-estar pessoal duradouro<\/strong>.<\/p>\n\n\n\n<p>Ignorar os pr\u00f3prios sinais de cansa\u00e7o pode gerar ressentimento e prejudicar a qualidade do aux\u00edlio oferecido aos idosos. Buscar suporte profissional ou dividir as tarefas com outros membros da fam\u00edlia alivia a press\u00e3o sobre os ombros do cuidador principal. Priorizar o autocuidado n\u00e3o \u00e9 um ato de ego\u00edsmo, mas uma condi\u00e7\u00e3o b\u00e1sica para continuar sendo um <strong>suporte emocional s\u00f3lido<\/strong>.<\/p>\n\n\n\n<figure class=\"wp-block-image size-full\"><img decoding=\"async\" width=\"1280\" height=\"720\" src=\"https:\/\/www.correiobraziliense.com.br\/cbradar\/wp-content\/uploads\/2026\/04\/Gemini_Generated_Image_uudu1suudu1suudu-1-1.png\" alt=\"Muita gente n\u00e3o percebe que quem virou cuidador dos pais na vida adulta est\u00e1 vivendo dois lutos ao mesmo tempo, o da autonomia que acabou e o da inf\u00e2ncia que n\u00e3o volta\" class=\"wp-image-233563\" srcset=\"https:\/\/www.correiobraziliense.com.br\/cbradar\/wp-content\/uploads\/2026\/04\/Gemini_Generated_Image_uudu1suudu1suudu-1-1.png 1280w, https:\/\/www.correiobraziliense.com.br\/cbradar\/wp-content\/uploads\/2026\/04\/Gemini_Generated_Image_uudu1suudu1suudu-1-1-300x169.png 300w, https:\/\/www.correiobraziliense.com.br\/cbradar\/wp-content\/uploads\/2026\/04\/Gemini_Generated_Image_uudu1suudu1suudu-1-1-768x432.png 768w, https:\/\/www.correiobraziliense.com.br\/cbradar\/wp-content\/uploads\/2026\/04\/Gemini_Generated_Image_uudu1suudu1suudu-1-1-750x422.png 750w, https:\/\/www.correiobraziliense.com.br\/cbradar\/wp-content\/uploads\/2026\/04\/Gemini_Generated_Image_uudu1suudu1suudu-1-1-1140x641.png 1140w\" sizes=\"(max-width: 1280px) 100vw, 1280px\" \/><figcaption class=\"wp-element-caption\">Cuidar dos pais idosos transforma emo\u00e7\u00f5es e exige equil\u00edbrio na vida adulta<\/figcaption><\/figure>\n\n\n\n<h2 class=\"wp-block-heading\">Existe um caminho para o equil\u00edbrio entre as gera\u00e7\u00f5es?<\/h2>\n\n\n\n<p>Harmonizar as necessidades de quem cuida com as de quem \u00e9 cuidado exige di\u00e1logo aberto e muita honestidade. \u00c9 poss\u00edvel criar momentos de alegria e conex\u00e3o mesmo diante das limita\u00e7\u00f5es f\u00edsicas impostas pelo envelhecimento natural. Valorizar as pequenas vit\u00f3rias cotidianas ajuda a transformar o peso do cuidado em uma experi\u00eancia de amor e <strong>aprendizado humano profundo<\/strong>.<\/p>\n\n\n\n<p>De acordo com estudos realizados pela <strong>Caregiver Action Network<\/strong>, a sa\u00fade do cuidador \u00e9 um fator determinante para o sucesso do tratamento do idoso. Para compreender melhor as ferramentas de suporte dispon\u00edveis e como gerenciar o estresse nessa fase, acesse o guia da <a target=\"_blank\" rel=\"noreferrer noopener\" href=\"https:\/\/www.caregiveraction.org\/resources\/10-tips-family-caregivers\">Caregiver Action Network<\/a>. Adotar essas pr\u00e1ticas garante uma jornada de cuidado muito mais equilibrada e <strong>serena para todos<\/strong>.<\/p>\n","protected":false},"excerpt":{"rendered":"<p>Assumir a responsabilidade pelos cuidados dos pais idosos \u00e9 uma das fases mais complexas da vida adulta contempor\u00e2nea. Esse processo envolve uma invers\u00e3o de pap\u00e9is que gera um impacto emocional profundo em quem cuida diariamente. Compreender os sentimentos de perda e as mudan\u00e7as na identidade pessoal \u00e9 essencial para manter a sa\u00fade mental. Por que [&hellip;]<\/p>\n","protected":false},"author":21,"featured_media":233562,"comment_status":"open","ping_status":"open","sticky":false,"template":"","format":"standard","meta":{"_yoast_wpseo_focuskw":"cuidar dos pais idosos impacto emocional","_yoast_wpseo_title":"","_yoast_wpseo_metadesc":"Cuidar de pais idosos muda a din\u00e2mica familiar e a identidade pessoal. Esse processo traz desafios emocionais que poucos conseguem antecipar.","jnews-multi-image_gallery":[],"jnews_single_post":{"format":"standard"},"jnews_primary_category":[],"jnews_social_meta":[],"jnews_override_counter":[],"footnotes":""},"categories":[112],"post_tag":[],"class_list":["post-233557","post","type-post","status-publish","format-standard","has-post-thumbnail","hentry","category-curiosidades"],"yoast_head":"<!-- This site is optimized with the Yoast SEO plugin v24.6 - https:\/\/yoast.com\/wordpress\/plugins\/seo\/ -->\n<title>Muita gente n\u00e3o percebe que quem virou cuidador dos pais na vida adulta est\u00e1 vivendo dois lutos ao mesmo tempo, o da autonomia que acabou e o da inf\u00e2ncia que n\u00e3o volta - Correio Braziliense - Radar<\/title>\n<meta name=\"description\" content=\"Cuidar de pais idosos muda a din\u00e2mica familiar e a identidade pessoal. Esse processo traz desafios emocionais que poucos conseguem antecipar.\" \/>\n<meta name=\"robots\" content=\"index, follow, max-snippet:-1, max-image-preview:large, max-video-preview:-1\" \/>\n<link rel=\"canonical\" href=\"https:\/\/www.correiobraziliense.com.br\/cbradar\/muita-gente-nao-percebe-que-quem-virou-cuidador-dos-pais-na-vida-adulta-esta-vivendo-dois-lutos-ao-mesmo-tempo-o-da-autonomia-que-acabou-e-o-da-infancia-que-nao-volta\/\" \/>\n<meta property=\"og:locale\" content=\"pt_BR\" \/>\n<meta property=\"og:type\" content=\"article\" \/>\n<meta property=\"og:title\" content=\"Muita gente n\u00e3o percebe que quem virou cuidador dos pais na vida adulta est\u00e1 vivendo dois lutos ao mesmo tempo, o da autonomia que acabou e o da inf\u00e2ncia que n\u00e3o volta - Correio Braziliense - Radar\" \/>\n<meta property=\"og:description\" content=\"Cuidar de pais idosos muda a din\u00e2mica familiar e a identidade pessoal. Esse processo traz desafios emocionais que poucos conseguem antecipar.\" \/>\n<meta property=\"og:url\" content=\"https:\/\/www.correiobraziliense.com.br\/cbradar\/muita-gente-nao-percebe-que-quem-virou-cuidador-dos-pais-na-vida-adulta-esta-vivendo-dois-lutos-ao-mesmo-tempo-o-da-autonomia-que-acabou-e-o-da-infancia-que-nao-volta\/\" \/>\n<meta property=\"og:site_name\" content=\"Correio Braziliense - Radar\" \/>\n<meta property=\"article:published_time\" content=\"2026-04-29T05:30:00+00:00\" \/>\n<meta property=\"og:image\" content=\"https:\/\/www.correiobraziliense.com.br\/cbradar\/wp-content\/uploads\/2026\/04\/Gemini_Generated_Image_snmlirsnmlirsnml-1-1.png\" \/>\n\t<meta property=\"og:image:width\" content=\"1280\" \/>\n\t<meta property=\"og:image:height\" content=\"720\" \/>\n\t<meta property=\"og:image:type\" content=\"image\/png\" \/>\n<meta name=\"author\" content=\"Patrick Silva\" \/>\n<meta name=\"twitter:card\" content=\"summary_large_image\" \/>\n<meta name=\"twitter:label1\" content=\"Escrito por\" \/>\n\t<meta name=\"twitter:data1\" content=\"Patrick Silva\" \/>\n\t<meta name=\"twitter:label2\" content=\"Est. tempo de leitura\" \/>\n\t<meta name=\"twitter:data2\" content=\"5 minutos\" \/>\n<!-- \/ Yoast SEO plugin. -->","yoast_head_json":{"title":"Muita gente n\u00e3o percebe que quem virou cuidador dos pais na vida adulta est\u00e1 vivendo dois lutos ao mesmo tempo, o da autonomia que acabou e o da inf\u00e2ncia que n\u00e3o volta - Correio Braziliense - Radar","description":"Cuidar de pais idosos muda a din\u00e2mica familiar e a identidade pessoal. Esse processo traz desafios emocionais que poucos conseguem antecipar.","robots":{"index":"index","follow":"follow","max-snippet":"max-snippet:-1","max-image-preview":"max-image-preview:large","max-video-preview":"max-video-preview:-1"},"canonical":"https:\/\/www.correiobraziliense.com.br\/cbradar\/muita-gente-nao-percebe-que-quem-virou-cuidador-dos-pais-na-vida-adulta-esta-vivendo-dois-lutos-ao-mesmo-tempo-o-da-autonomia-que-acabou-e-o-da-infancia-que-nao-volta\/","og_locale":"pt_BR","og_type":"article","og_title":"Muita gente n\u00e3o percebe que quem virou cuidador dos pais na vida adulta est\u00e1 vivendo dois lutos ao mesmo tempo, o da autonomia que acabou e o da inf\u00e2ncia que n\u00e3o volta - Correio Braziliense - Radar","og_description":"Cuidar de pais idosos muda a din\u00e2mica familiar e a identidade pessoal. Esse processo traz desafios emocionais que poucos conseguem antecipar.","og_url":"https:\/\/www.correiobraziliense.com.br\/cbradar\/muita-gente-nao-percebe-que-quem-virou-cuidador-dos-pais-na-vida-adulta-esta-vivendo-dois-lutos-ao-mesmo-tempo-o-da-autonomia-que-acabou-e-o-da-infancia-que-nao-volta\/","og_site_name":"Correio Braziliense - Radar","article_published_time":"2026-04-29T05:30:00+00:00","og_image":[{"width":1280,"height":720,"url":"https:\/\/www.correiobraziliense.com.br\/cbradar\/wp-content\/uploads\/2026\/04\/Gemini_Generated_Image_snmlirsnmlirsnml-1-1.png","type":"image\/png"}],"author":"Patrick Silva","twitter_card":"summary_large_image","twitter_misc":{"Escrito por":"Patrick Silva","Est. tempo de leitura":"5 minutos"},"schema":{"@context":"https:\/\/schema.org","@graph":[{"@type":"WebPage","@id":"https:\/\/www.correiobraziliense.com.br\/cbradar\/muita-gente-nao-percebe-que-quem-virou-cuidador-dos-pais-na-vida-adulta-esta-vivendo-dois-lutos-ao-mesmo-tempo-o-da-autonomia-que-acabou-e-o-da-infancia-que-nao-volta\/","url":"https:\/\/www.correiobraziliense.com.br\/cbradar\/muita-gente-nao-percebe-que-quem-virou-cuidador-dos-pais-na-vida-adulta-esta-vivendo-dois-lutos-ao-mesmo-tempo-o-da-autonomia-que-acabou-e-o-da-infancia-que-nao-volta\/","name":"Muita gente n\u00e3o percebe que quem virou cuidador dos pais na vida adulta est\u00e1 vivendo dois lutos ao mesmo tempo, o da autonomia que acabou e o da inf\u00e2ncia que n\u00e3o volta - Correio Braziliense - Radar","isPartOf":{"@id":"https:\/\/www.correiobraziliense.com.br\/cbradar\/#website"},"primaryImageOfPage":{"@id":"https:\/\/www.correiobraziliense.com.br\/cbradar\/muita-gente-nao-percebe-que-quem-virou-cuidador-dos-pais-na-vida-adulta-esta-vivendo-dois-lutos-ao-mesmo-tempo-o-da-autonomia-que-acabou-e-o-da-infancia-que-nao-volta\/#primaryimage"},"image":{"@id":"https:\/\/www.correiobraziliense.com.br\/cbradar\/muita-gente-nao-percebe-que-quem-virou-cuidador-dos-pais-na-vida-adulta-esta-vivendo-dois-lutos-ao-mesmo-tempo-o-da-autonomia-que-acabou-e-o-da-infancia-que-nao-volta\/#primaryimage"},"thumbnailUrl":"https:\/\/www.correiobraziliense.com.br\/cbradar\/wp-content\/uploads\/2026\/04\/Gemini_Generated_Image_snmlirsnmlirsnml-1-1.png","datePublished":"2026-04-29T05:30:00+00:00","author":{"@id":"https:\/\/www.correiobraziliense.com.br\/cbradar\/#\/schema\/person\/5440b72be9c7eb74f446c846479dc4da"},"description":"Cuidar de pais idosos muda a din\u00e2mica familiar e a identidade pessoal. Esse processo traz desafios emocionais que poucos conseguem antecipar.","breadcrumb":{"@id":"https:\/\/www.correiobraziliense.com.br\/cbradar\/muita-gente-nao-percebe-que-quem-virou-cuidador-dos-pais-na-vida-adulta-esta-vivendo-dois-lutos-ao-mesmo-tempo-o-da-autonomia-que-acabou-e-o-da-infancia-que-nao-volta\/#breadcrumb"},"inLanguage":"pt-BR","potentialAction":[{"@type":"ReadAction","target":["https:\/\/www.correiobraziliense.com.br\/cbradar\/muita-gente-nao-percebe-que-quem-virou-cuidador-dos-pais-na-vida-adulta-esta-vivendo-dois-lutos-ao-mesmo-tempo-o-da-autonomia-que-acabou-e-o-da-infancia-que-nao-volta\/"]}]},{"@type":"ImageObject","inLanguage":"pt-BR","@id":"https:\/\/www.correiobraziliense.com.br\/cbradar\/muita-gente-nao-percebe-que-quem-virou-cuidador-dos-pais-na-vida-adulta-esta-vivendo-dois-lutos-ao-mesmo-tempo-o-da-autonomia-que-acabou-e-o-da-infancia-que-nao-volta\/#primaryimage","url":"https:\/\/www.correiobraziliense.com.br\/cbradar\/wp-content\/uploads\/2026\/04\/Gemini_Generated_Image_snmlirsnmlirsnml-1-1.png","contentUrl":"https:\/\/www.correiobraziliense.com.br\/cbradar\/wp-content\/uploads\/2026\/04\/Gemini_Generated_Image_snmlirsnmlirsnml-1-1.png","width":1280,"height":720,"caption":"Cuidar dos pais idosos transforma emo\u00e7\u00f5es e exige equil\u00edbrio na vida adulta"},{"@type":"BreadcrumbList","@id":"https:\/\/www.correiobraziliense.com.br\/cbradar\/muita-gente-nao-percebe-que-quem-virou-cuidador-dos-pais-na-vida-adulta-esta-vivendo-dois-lutos-ao-mesmo-tempo-o-da-autonomia-que-acabou-e-o-da-infancia-que-nao-volta\/#breadcrumb","itemListElement":[{"@type":"ListItem","position":1,"name":"In\u00edcio","item":"https:\/\/www.correiobraziliense.com.br\/cbradar\/"},{"@type":"ListItem","position":2,"name":"Muita gente n\u00e3o percebe que quem virou cuidador dos pais na vida adulta est\u00e1 vivendo dois lutos ao mesmo tempo, o da autonomia que acabou e o da inf\u00e2ncia que n\u00e3o volta"}]},{"@type":"WebSite","@id":"https:\/\/www.correiobraziliense.com.br\/cbradar\/#website","url":"https:\/\/www.correiobraziliense.com.br\/cbradar\/","name":"Correio Braziliense - Radar","description":"Acompanhe as \u00faltimas not\u00edcias e fique bem informado sobre tudo o que acontece no Brasil e no mundo.","potentialAction":[{"@type":"SearchAction","target":{"@type":"EntryPoint","urlTemplate":"https:\/\/www.correiobraziliense.com.br\/cbradar\/?s={search_term_string}"},"query-input":{"@type":"PropertyValueSpecification","valueRequired":true,"valueName":"search_term_string"}}],"inLanguage":"pt-BR"},{"@type":"Person","@id":"https:\/\/www.correiobraziliense.com.br\/cbradar\/#\/schema\/person\/5440b72be9c7eb74f446c846479dc4da","name":"Patrick Silva","image":{"@type":"ImageObject","inLanguage":"pt-BR","@id":"https:\/\/www.correiobraziliense.com.br\/cbradar\/#\/schema\/person\/image\/","url":"https:\/\/secure.gravatar.com\/avatar\/944109df296fc087785c9715fd5f80b2?s=96&d=mm&r=g","contentUrl":"https:\/\/secure.gravatar.com\/avatar\/944109df296fc087785c9715fd5f80b2?s=96&d=mm&r=g","caption":"Patrick Silva"},"sameAs":["https:\/\/www.correiobraziliense.com.br\/cbradar\/"],"url":"https:\/\/www.correiobraziliense.com.br\/cbradar\/author\/patrick-silva\/"}]}},"_links":{"self":[{"href":"https:\/\/www.correiobraziliense.com.br\/cbradar\/wp-json\/wp\/v2\/posts\/233557","targetHints":{"allow":["GET"]}}],"collection":[{"href":"https:\/\/www.correiobraziliense.com.br\/cbradar\/wp-json\/wp\/v2\/posts"}],"about":[{"href":"https:\/\/www.correiobraziliense.com.br\/cbradar\/wp-json\/wp\/v2\/types\/post"}],"author":[{"embeddable":true,"href":"https:\/\/www.correiobraziliense.com.br\/cbradar\/wp-json\/wp\/v2\/users\/21"}],"replies":[{"embeddable":true,"href":"https:\/\/www.correiobraziliense.com.br\/cbradar\/wp-json\/wp\/v2\/comments?post=233557"}],"version-history":[{"count":4,"href":"https:\/\/www.correiobraziliense.com.br\/cbradar\/wp-json\/wp\/v2\/posts\/233557\/revisions"}],"predecessor-version":[{"id":233568,"href":"https:\/\/www.correiobraziliense.com.br\/cbradar\/wp-json\/wp\/v2\/posts\/233557\/revisions\/233568"}],"wp:featuredmedia":[{"embeddable":true,"href":"https:\/\/www.correiobraziliense.com.br\/cbradar\/wp-json\/wp\/v2\/media\/233562"}],"wp:attachment":[{"href":"https:\/\/www.correiobraziliense.com.br\/cbradar\/wp-json\/wp\/v2\/media?parent=233557"}],"wp:term":[{"taxonomy":"category","embeddable":true,"href":"https:\/\/www.correiobraziliense.com.br\/cbradar\/wp-json\/wp\/v2\/categories?post=233557"},{"taxonomy":"post_tag","embeddable":true,"href":"https:\/\/www.correiobraziliense.com.br\/cbradar\/wp-json\/wp\/v2\/post_tag?post=233557"}],"curies":[{"name":"wp","href":"https:\/\/api.w.org\/{rel}","templated":true}]}}