{"id":233569,"date":"2026-04-29T03:00:00","date_gmt":"2026-04-29T06:00:00","guid":{"rendered":"https:\/\/www.correiobraziliense.com.br\/cbradar\/?p=233569"},"modified":"2026-04-28T16:18:09","modified_gmt":"2026-04-28T19:18:09","slug":"especialista-em-saude-da-mulher-diz-que-normalizar-colicas-incapacitantes-perde-sentido-quando-o-sintoma-pode-esconder-endometriose-ou-adenomiose","status":"publish","type":"post","link":"https:\/\/www.correiobraziliense.com.br\/cbradar\/especialista-em-saude-da-mulher-diz-que-normalizar-colicas-incapacitantes-perde-sentido-quando-o-sintoma-pode-esconder-endometriose-ou-adenomiose\/","title":{"rendered":"Especialista em sa\u00fade da mulher diz que normalizar c\u00f3licas incapacitantes perde sentido quando o sintoma pode esconder endometriose ou adenomiose"},"content":{"rendered":"\n<p>A dor intensa durante o ciclo menstrual costuma ser ignorada por muitas mulheres que acreditam ser um sintoma comum do organismo feminino. No entanto, o desconforto que impede as atividades di\u00e1rias sinaliza que algo est\u00e1 errado com a sa\u00fade interna. \u00c9 fundamental investigar as causas reais para garantir o bem-estar.<\/p>\n\n\n\n<h2 class=\"wp-block-heading\">Como diferenciar uma c\u00f3lica comum de um problema grave?<\/h2>\n\n\n\n<p>O ciclo menstrual saud\u00e1vel pode gerar um desconforto leve que desaparece rapidamente com repouso ou analg\u00e9sicos simples de farm\u00e1cia. J\u00e1 as dores incapacitantes impedem a mulher de trabalhar, estudar ou manter uma rotina social m\u00ednima durante v\u00e1rios dias consecutivos. Essa intensidade fora do normal indica que o corpo est\u00e1 enviando um alerta urgente sobre poss\u00edveis patologias.<\/p>\n\n\n\n<p>Al\u00e9m da dor p\u00e9lvica aguda, outros sintomas como fluxo menstrual muito intenso e cansa\u00e7o extremo devem ser observados com bastante aten\u00e7\u00e3o. Quando o sofrimento f\u00edsico torna-se a regra em todos os meses, a normaliza\u00e7\u00e3o desse estado impede o diagn\u00f3stico precoce de doen\u00e7as inflamat\u00f3rias s\u00e9rias. Ouvir os sinais biol\u00f3gicos \u00e9 o primeiro passo para recuperar a qualidade de vida feminina.<\/p>\n\n\n\n<p>Para ampliar o entendimento sobre desconfortos abdominais comuns, este v\u00eddeo do canal Rede Vida (1,81 mi de inscritos) explica os diferentes tipos de c\u00f3licas e como identific\u00e1-los, contribuindo para decis\u00f5es mais conscientes sobre cuidados e bem-estar di\u00e1rio.<\/p>\n\n\n\n<figure class=\"wp-block-embed is-type-video is-provider-youtube wp-block-embed-youtube wp-embed-aspect-16-9 wp-has-aspect-ratio\"><div class=\"wp-block-embed__wrapper\">\n<div class=\"jeg_video_container jeg_video_content\"><iframe loading=\"lazy\" title=\"Tipos de C\u00f3licas: Entenda as diferen\u00e7as e como identific\u00e1-las - Vida Melhor - 27\/09\/19\" width=\"500\" height=\"281\" src=\"https:\/\/www.youtube.com\/embed\/VsTdqrPvVf4?feature=oembed\" frameborder=\"0\" allow=\"accelerometer; autoplay; clipboard-write; encrypted-media; gyroscope; picture-in-picture; web-share\" referrerpolicy=\"strict-origin-when-cross-origin\" allowfullscreen><\/iframe><\/div>\n<\/div><\/figure>\n\n\n\n<h2 class=\"wp-block-heading\">O que a endometriose faz com o corpo feminino?<\/h2>\n\n\n\n<p>A <strong><a href=\"https:\/\/www.correiobraziliense.com.br\/cbradar\/a-dor-menstrual-que-pode-esconder-endometriose-e-afetar-sua-fertilidade\/\" target=\"_blank\" rel=\"noreferrer noopener\">endometriose <\/a><\/strong>ocorre quando o tecido que reveste o \u00fatero cresce em outras regi\u00f5es abdominais, causando inflama\u00e7\u00f5es severas e dores cr\u00f4nicas. Esse crescimento desordenado pode atingir \u00f3rg\u00e3os vitais como os ov\u00e1rios e at\u00e9 o intestino, prejudicando o funcionamento do sistema reprodutor. A detec\u00e7\u00e3o tardia dessa condi\u00e7\u00e3o cl\u00ednica dificulta o tratamento eficaz e pode comprometer a fertilidade da mulher jovem.<\/p>\n\n\n\n<p>O diagn\u00f3stico correto exige exames de imagem espec\u00edficos realizados por profissionais capacitados em ginecologia e sa\u00fade reprodutiva de alta complexidade. Ignorar o sofrimento mensal permite que a doen\u00e7a progrida, gerando cicatrizes internas e ader\u00eancias que causam dor mesmo fora do per\u00edodo menstrual. Buscar ajuda m\u00e9dica especializada \u00e9 a \u00fanica forma segura de interromper esse ciclo de dor e <strong>sofrimento f\u00edsico<\/strong>.<\/p>\n\n\n\n<h2 class=\"wp-block-heading\">Quais s\u00e3o as principais complica\u00e7\u00f5es dessas doen\u00e7as silenciosas?<\/h2>\n\n\n\n<p>A adenomiose e a endometriose afetam diretamente o equil\u00edbrio hormonal e a disposi\u00e7\u00e3o f\u00edsica necess\u00e1ria para encarar as tarefas di\u00e1rias. O impacto psicol\u00f3gico de viver com dor constante tamb\u00e9m n\u00e3o deve ser subestimado, pois gera estresse cr\u00f4nico e fadiga persistente. Existem sinais claros que ajudam a identificar quando a situa\u00e7\u00e3o exige uma interven\u00e7\u00e3o cl\u00ednica imediata e muito focada em resultados:<\/p>\n\n\n\n<p>Abaixo, observe os sinais de alerta que indicam a necessidade de uma avalia\u00e7\u00e3o detalhada:<\/p>\n\n\n\n<ul class=\"wp-block-list\">\n<li>Dor profunda durante as rela\u00e7\u00f5es sexuais;<\/li>\n\n\n\n<li>Dificuldade persistente para engravidar naturalmente;<\/li>\n\n\n\n<li>Altera\u00e7\u00f5es intestinais ou urin\u00e1rias no ciclo;<\/li>\n\n\n\n<li>Sangramentos fora do per\u00edodo menstrual comum;<\/li>\n\n\n\n<li>Dores lombares que irradiam para pernas.<\/li>\n<\/ul>\n\n\n\n<h2 class=\"wp-block-heading\">Por que o diagn\u00f3stico precoce transforma o tratamento?<\/h2>\n\n\n\n<p>Identificar a doen\u00e7a logo no in\u00edcio permite que as terapias hormonais e as mudan\u00e7as no estilo de vida funcionem melhor. O controle da inflama\u00e7\u00e3o sist\u00eamica impede que as les\u00f5es se espalhem pela cavidade p\u00e9lvica, preservando a anatomia dos \u00f3rg\u00e3os reprodutivos. Mulheres que recebem orienta\u00e7\u00e3o adequada conseguem gerenciar os sintomas de forma eficiente, retomando o controle total sobre suas pr\u00f3prias rotinas produtivas.<\/p>\n\n\n\n<p>O tratamento multidisciplinar que envolve nutri\u00e7\u00e3o anti-inflamat\u00f3ria e exerc\u00edcios f\u00edsicos leves auxilia na redu\u00e7\u00e3o das dores p\u00e9lvicas mais agudas. Quando a paciente compreende o funcionamento da sua patologia, ela torna-se protagonista do pr\u00f3prio processo de cura e estabilidade. A medicina moderna oferece diversas op\u00e7\u00f5es terap\u00eauticas que visam devolver a liberdade de movimento e a <strong>paz emocional feminina<\/strong> duradoura.<\/p>\n\n\n\n<figure class=\"wp-block-image size-full\"><img decoding=\"async\" width=\"1280\" height=\"720\" src=\"https:\/\/www.correiobraziliense.com.br\/cbradar\/wp-content\/uploads\/2026\/04\/Gemini_Generated_Image_xzqg9fxzqg9fxzqg-1-1.png\" alt=\"Especialista em sa\u00fade da mulher diz que normalizar c\u00f3licas incapacitantes perde sentido quando o sintoma pode esconder endometriose ou adenomiose\" class=\"wp-image-233573\" srcset=\"https:\/\/www.correiobraziliense.com.br\/cbradar\/wp-content\/uploads\/2026\/04\/Gemini_Generated_Image_xzqg9fxzqg9fxzqg-1-1.png 1280w, https:\/\/www.correiobraziliense.com.br\/cbradar\/wp-content\/uploads\/2026\/04\/Gemini_Generated_Image_xzqg9fxzqg9fxzqg-1-1-300x169.png 300w, https:\/\/www.correiobraziliense.com.br\/cbradar\/wp-content\/uploads\/2026\/04\/Gemini_Generated_Image_xzqg9fxzqg9fxzqg-1-1-768x432.png 768w, https:\/\/www.correiobraziliense.com.br\/cbradar\/wp-content\/uploads\/2026\/04\/Gemini_Generated_Image_xzqg9fxzqg9fxzqg-1-1-750x422.png 750w, https:\/\/www.correiobraziliense.com.br\/cbradar\/wp-content\/uploads\/2026\/04\/Gemini_Generated_Image_xzqg9fxzqg9fxzqg-1-1-1140x641.png 1140w\" sizes=\"(max-width: 1280px) 100vw, 1280px\" \/><figcaption class=\"wp-element-caption\">Dor menstrual intensa pode indicar problemas de sa\u00fade e precisa de aten\u00e7\u00e3o m\u00e9dica<\/figcaption><\/figure>\n\n\n\n<h2 class=\"wp-block-heading\">Qual a import\u00e2ncia de consultar \u00f3rg\u00e3os de sa\u00fade oficiais?<\/h2>\n\n\n\n<p>Buscar informa\u00e7\u00f5es em fontes confi\u00e1veis evita que a mulher caia em tratamentos caseiros ineficazes ou diagn\u00f3sticos errados feitos pela internet. \u00d3rg\u00e3os internacionais de sa\u00fade fornecem protocolos atualizados sobre como manejar essas condi\u00e7\u00f5es inflamat\u00f3rias com seguran\u00e7a e base cient\u00edfica s\u00f3lida. Estar bem informada permite questionar o profissional de sa\u00fade e buscar a melhor alternativa para o seu caso <strong>cl\u00ednico espec\u00edfico<\/strong>.<\/p>\n\n\n\n<p>A <strong>Johns Hopkins Medicine<\/strong> oferece diretrizes detalhadas sobre como identificar os sinais precoces dessas patologias que afetam o sistema reprodutor feminino. Para compreender as op\u00e7\u00f5es de tratamento cir\u00fargico ou medicamentoso dispon\u00edveis atualmente, consulte as informa\u00e7\u00f5es t\u00e9cnicas no portal da <a target=\"_blank\" rel=\"noreferrer noopener\" href=\"https:\/\/www.hopkinsmedicine.org\/health\/conditions-and-diseases\/endometriosis\">Johns Hopkins Medicine<\/a>. Estudar essas vari\u00e1veis permite uma compreens\u00e3o muito mais profunda sobre sua pr\u00f3pria sa\u00fade biol\u00f3gica e garante um <strong>futuro com bem-estar<\/strong>.<\/p>\n","protected":false},"excerpt":{"rendered":"<p>A dor intensa durante o ciclo menstrual costuma ser ignorada por muitas mulheres que acreditam ser um sintoma comum do organismo feminino. No entanto, o desconforto que impede as atividades di\u00e1rias sinaliza que algo est\u00e1 errado com a sa\u00fade interna. \u00c9 fundamental investigar as causas reais para garantir o bem-estar. Como diferenciar uma c\u00f3lica comum [&hellip;]<\/p>\n","protected":false},"author":21,"featured_media":233571,"comment_status":"open","ping_status":"open","sticky":false,"template":"","format":"standard","meta":{"_yoast_wpseo_focuskw":"c\u00f3lica intensa pode indicar endometriose","_yoast_wpseo_title":"","_yoast_wpseo_metadesc":"C\u00f3lica intensa n\u00e3o deve ser ignorada. Alguns sinais indicam altera\u00e7\u00f5es importantes que exigem avalia\u00e7\u00e3o m\u00e9dica especializada.","jnews-multi-image_gallery":[],"jnews_single_post":{"format":"standard"},"jnews_primary_category":[],"jnews_social_meta":[],"jnews_override_counter":[],"footnotes":""},"categories":[112],"post_tag":[],"class_list":["post-233569","post","type-post","status-publish","format-standard","has-post-thumbnail","hentry","category-curiosidades"],"yoast_head":"<!-- This site is optimized with the Yoast SEO plugin v24.6 - https:\/\/yoast.com\/wordpress\/plugins\/seo\/ -->\n<title>Especialista em sa\u00fade da mulher diz que normalizar c\u00f3licas incapacitantes perde sentido quando o sintoma pode esconder endometriose ou adenomiose - Correio Braziliense - Radar<\/title>\n<meta name=\"description\" content=\"C\u00f3lica intensa n\u00e3o deve ser ignorada. Alguns sinais indicam altera\u00e7\u00f5es importantes que exigem avalia\u00e7\u00e3o m\u00e9dica especializada.\" \/>\n<meta name=\"robots\" content=\"index, follow, max-snippet:-1, max-image-preview:large, max-video-preview:-1\" \/>\n<link rel=\"canonical\" href=\"https:\/\/www.correiobraziliense.com.br\/cbradar\/especialista-em-saude-da-mulher-diz-que-normalizar-colicas-incapacitantes-perde-sentido-quando-o-sintoma-pode-esconder-endometriose-ou-adenomiose\/\" \/>\n<meta property=\"og:locale\" content=\"pt_BR\" \/>\n<meta property=\"og:type\" content=\"article\" \/>\n<meta property=\"og:title\" content=\"Especialista em sa\u00fade da mulher diz que normalizar c\u00f3licas incapacitantes perde sentido quando o sintoma pode esconder endometriose ou adenomiose - Correio Braziliense - Radar\" \/>\n<meta property=\"og:description\" content=\"C\u00f3lica intensa n\u00e3o deve ser ignorada. Alguns sinais indicam altera\u00e7\u00f5es importantes que exigem avalia\u00e7\u00e3o m\u00e9dica especializada.\" \/>\n<meta property=\"og:url\" content=\"https:\/\/www.correiobraziliense.com.br\/cbradar\/especialista-em-saude-da-mulher-diz-que-normalizar-colicas-incapacitantes-perde-sentido-quando-o-sintoma-pode-esconder-endometriose-ou-adenomiose\/\" \/>\n<meta property=\"og:site_name\" content=\"Correio Braziliense - Radar\" \/>\n<meta property=\"article:published_time\" content=\"2026-04-29T06:00:00+00:00\" \/>\n<meta property=\"og:image\" content=\"https:\/\/www.correiobraziliense.com.br\/cbradar\/wp-content\/uploads\/2026\/04\/Gemini_Generated_Image_gkj0rbgkj0rbgkj0-1-1.png\" \/>\n\t<meta property=\"og:image:width\" content=\"1280\" \/>\n\t<meta property=\"og:image:height\" content=\"720\" \/>\n\t<meta property=\"og:image:type\" content=\"image\/png\" \/>\n<meta name=\"author\" content=\"Patrick Silva\" \/>\n<meta name=\"twitter:card\" content=\"summary_large_image\" \/>\n<meta name=\"twitter:label1\" content=\"Escrito por\" \/>\n\t<meta name=\"twitter:data1\" content=\"Patrick Silva\" \/>\n\t<meta name=\"twitter:label2\" content=\"Est. tempo de leitura\" \/>\n\t<meta name=\"twitter:data2\" content=\"5 minutos\" \/>\n<!-- \/ Yoast SEO plugin. -->","yoast_head_json":{"title":"Especialista em sa\u00fade da mulher diz que normalizar c\u00f3licas incapacitantes perde sentido quando o sintoma pode esconder endometriose ou adenomiose - Correio Braziliense - Radar","description":"C\u00f3lica intensa n\u00e3o deve ser ignorada. Alguns sinais indicam altera\u00e7\u00f5es importantes que exigem avalia\u00e7\u00e3o m\u00e9dica especializada.","robots":{"index":"index","follow":"follow","max-snippet":"max-snippet:-1","max-image-preview":"max-image-preview:large","max-video-preview":"max-video-preview:-1"},"canonical":"https:\/\/www.correiobraziliense.com.br\/cbradar\/especialista-em-saude-da-mulher-diz-que-normalizar-colicas-incapacitantes-perde-sentido-quando-o-sintoma-pode-esconder-endometriose-ou-adenomiose\/","og_locale":"pt_BR","og_type":"article","og_title":"Especialista em sa\u00fade da mulher diz que normalizar c\u00f3licas incapacitantes perde sentido quando o sintoma pode esconder endometriose ou adenomiose - Correio Braziliense - Radar","og_description":"C\u00f3lica intensa n\u00e3o deve ser ignorada. Alguns sinais indicam altera\u00e7\u00f5es importantes que exigem avalia\u00e7\u00e3o m\u00e9dica especializada.","og_url":"https:\/\/www.correiobraziliense.com.br\/cbradar\/especialista-em-saude-da-mulher-diz-que-normalizar-colicas-incapacitantes-perde-sentido-quando-o-sintoma-pode-esconder-endometriose-ou-adenomiose\/","og_site_name":"Correio Braziliense - Radar","article_published_time":"2026-04-29T06:00:00+00:00","og_image":[{"width":1280,"height":720,"url":"https:\/\/www.correiobraziliense.com.br\/cbradar\/wp-content\/uploads\/2026\/04\/Gemini_Generated_Image_gkj0rbgkj0rbgkj0-1-1.png","type":"image\/png"}],"author":"Patrick Silva","twitter_card":"summary_large_image","twitter_misc":{"Escrito por":"Patrick Silva","Est. tempo de leitura":"5 minutos"},"schema":{"@context":"https:\/\/schema.org","@graph":[{"@type":"WebPage","@id":"https:\/\/www.correiobraziliense.com.br\/cbradar\/especialista-em-saude-da-mulher-diz-que-normalizar-colicas-incapacitantes-perde-sentido-quando-o-sintoma-pode-esconder-endometriose-ou-adenomiose\/","url":"https:\/\/www.correiobraziliense.com.br\/cbradar\/especialista-em-saude-da-mulher-diz-que-normalizar-colicas-incapacitantes-perde-sentido-quando-o-sintoma-pode-esconder-endometriose-ou-adenomiose\/","name":"Especialista em sa\u00fade da mulher diz que normalizar c\u00f3licas incapacitantes perde sentido quando o sintoma pode esconder endometriose ou adenomiose - Correio Braziliense - Radar","isPartOf":{"@id":"https:\/\/www.correiobraziliense.com.br\/cbradar\/#website"},"primaryImageOfPage":{"@id":"https:\/\/www.correiobraziliense.com.br\/cbradar\/especialista-em-saude-da-mulher-diz-que-normalizar-colicas-incapacitantes-perde-sentido-quando-o-sintoma-pode-esconder-endometriose-ou-adenomiose\/#primaryimage"},"image":{"@id":"https:\/\/www.correiobraziliense.com.br\/cbradar\/especialista-em-saude-da-mulher-diz-que-normalizar-colicas-incapacitantes-perde-sentido-quando-o-sintoma-pode-esconder-endometriose-ou-adenomiose\/#primaryimage"},"thumbnailUrl":"https:\/\/www.correiobraziliense.com.br\/cbradar\/wp-content\/uploads\/2026\/04\/Gemini_Generated_Image_gkj0rbgkj0rbgkj0-1-1.png","datePublished":"2026-04-29T06:00:00+00:00","author":{"@id":"https:\/\/www.correiobraziliense.com.br\/cbradar\/#\/schema\/person\/5440b72be9c7eb74f446c846479dc4da"},"description":"C\u00f3lica intensa n\u00e3o deve ser ignorada. Alguns sinais indicam altera\u00e7\u00f5es importantes que exigem avalia\u00e7\u00e3o m\u00e9dica especializada.","breadcrumb":{"@id":"https:\/\/www.correiobraziliense.com.br\/cbradar\/especialista-em-saude-da-mulher-diz-que-normalizar-colicas-incapacitantes-perde-sentido-quando-o-sintoma-pode-esconder-endometriose-ou-adenomiose\/#breadcrumb"},"inLanguage":"pt-BR","potentialAction":[{"@type":"ReadAction","target":["https:\/\/www.correiobraziliense.com.br\/cbradar\/especialista-em-saude-da-mulher-diz-que-normalizar-colicas-incapacitantes-perde-sentido-quando-o-sintoma-pode-esconder-endometriose-ou-adenomiose\/"]}]},{"@type":"ImageObject","inLanguage":"pt-BR","@id":"https:\/\/www.correiobraziliense.com.br\/cbradar\/especialista-em-saude-da-mulher-diz-que-normalizar-colicas-incapacitantes-perde-sentido-quando-o-sintoma-pode-esconder-endometriose-ou-adenomiose\/#primaryimage","url":"https:\/\/www.correiobraziliense.com.br\/cbradar\/wp-content\/uploads\/2026\/04\/Gemini_Generated_Image_gkj0rbgkj0rbgkj0-1-1.png","contentUrl":"https:\/\/www.correiobraziliense.com.br\/cbradar\/wp-content\/uploads\/2026\/04\/Gemini_Generated_Image_gkj0rbgkj0rbgkj0-1-1.png","width":1280,"height":720,"caption":"Dor menstrual intensa pode indicar problemas de sa\u00fade e precisa de aten\u00e7\u00e3o m\u00e9dica"},{"@type":"BreadcrumbList","@id":"https:\/\/www.correiobraziliense.com.br\/cbradar\/especialista-em-saude-da-mulher-diz-que-normalizar-colicas-incapacitantes-perde-sentido-quando-o-sintoma-pode-esconder-endometriose-ou-adenomiose\/#breadcrumb","itemListElement":[{"@type":"ListItem","position":1,"name":"In\u00edcio","item":"https:\/\/www.correiobraziliense.com.br\/cbradar\/"},{"@type":"ListItem","position":2,"name":"Especialista em sa\u00fade da mulher diz que normalizar c\u00f3licas incapacitantes perde sentido quando o sintoma pode esconder endometriose ou adenomiose"}]},{"@type":"WebSite","@id":"https:\/\/www.correiobraziliense.com.br\/cbradar\/#website","url":"https:\/\/www.correiobraziliense.com.br\/cbradar\/","name":"Correio Braziliense - Radar","description":"Acompanhe as \u00faltimas not\u00edcias e fique bem informado sobre tudo o que acontece no Brasil e no mundo.","potentialAction":[{"@type":"SearchAction","target":{"@type":"EntryPoint","urlTemplate":"https:\/\/www.correiobraziliense.com.br\/cbradar\/?s={search_term_string}"},"query-input":{"@type":"PropertyValueSpecification","valueRequired":true,"valueName":"search_term_string"}}],"inLanguage":"pt-BR"},{"@type":"Person","@id":"https:\/\/www.correiobraziliense.com.br\/cbradar\/#\/schema\/person\/5440b72be9c7eb74f446c846479dc4da","name":"Patrick Silva","image":{"@type":"ImageObject","inLanguage":"pt-BR","@id":"https:\/\/www.correiobraziliense.com.br\/cbradar\/#\/schema\/person\/image\/","url":"https:\/\/secure.gravatar.com\/avatar\/944109df296fc087785c9715fd5f80b2?s=96&d=mm&r=g","contentUrl":"https:\/\/secure.gravatar.com\/avatar\/944109df296fc087785c9715fd5f80b2?s=96&d=mm&r=g","caption":"Patrick Silva"},"sameAs":["https:\/\/www.correiobraziliense.com.br\/cbradar\/"],"url":"https:\/\/www.correiobraziliense.com.br\/cbradar\/author\/patrick-silva\/"}]}},"_links":{"self":[{"href":"https:\/\/www.correiobraziliense.com.br\/cbradar\/wp-json\/wp\/v2\/posts\/233569","targetHints":{"allow":["GET"]}}],"collection":[{"href":"https:\/\/www.correiobraziliense.com.br\/cbradar\/wp-json\/wp\/v2\/posts"}],"about":[{"href":"https:\/\/www.correiobraziliense.com.br\/cbradar\/wp-json\/wp\/v2\/types\/post"}],"author":[{"embeddable":true,"href":"https:\/\/www.correiobraziliense.com.br\/cbradar\/wp-json\/wp\/v2\/users\/21"}],"replies":[{"embeddable":true,"href":"https:\/\/www.correiobraziliense.com.br\/cbradar\/wp-json\/wp\/v2\/comments?post=233569"}],"version-history":[{"count":5,"href":"https:\/\/www.correiobraziliense.com.br\/cbradar\/wp-json\/wp\/v2\/posts\/233569\/revisions"}],"predecessor-version":[{"id":233576,"href":"https:\/\/www.correiobraziliense.com.br\/cbradar\/wp-json\/wp\/v2\/posts\/233569\/revisions\/233576"}],"wp:featuredmedia":[{"embeddable":true,"href":"https:\/\/www.correiobraziliense.com.br\/cbradar\/wp-json\/wp\/v2\/media\/233571"}],"wp:attachment":[{"href":"https:\/\/www.correiobraziliense.com.br\/cbradar\/wp-json\/wp\/v2\/media?parent=233569"}],"wp:term":[{"taxonomy":"category","embeddable":true,"href":"https:\/\/www.correiobraziliense.com.br\/cbradar\/wp-json\/wp\/v2\/categories?post=233569"},{"taxonomy":"post_tag","embeddable":true,"href":"https:\/\/www.correiobraziliense.com.br\/cbradar\/wp-json\/wp\/v2\/post_tag?post=233569"}],"curies":[{"name":"wp","href":"https:\/\/api.w.org\/{rel}","templated":true}]}}