{"id":233577,"date":"2026-04-29T02:00:00","date_gmt":"2026-04-29T05:00:00","guid":{"rendered":"https:\/\/www.correiobraziliense.com.br\/cbradar\/?p=233577"},"modified":"2026-04-28T16:18:00","modified_gmt":"2026-04-28T19:18:00","slug":"proverbio-do-dia-quando-nao-ha-inimigo-dentro-de-voce-o-inimigo-de-fora-nao-pode-te-destruir","status":"publish","type":"post","link":"https:\/\/www.correiobraziliense.com.br\/cbradar\/proverbio-do-dia-quando-nao-ha-inimigo-dentro-de-voce-o-inimigo-de-fora-nao-pode-te-destruir\/","title":{"rendered":"Prov\u00e9rbio do dia: \u201cQuando n\u00e3o h\u00e1 inimigo dentro de voc\u00ea, o inimigo de fora n\u00e3o pode te destruir.\u201d"},"content":{"rendered":"\n<p>A for\u00e7a mental come\u00e7a no autoconhecimento profundo e na aceita\u00e7\u00e3o das pr\u00f3prias falhas internas antes de enfrentar o mundo. Quando pacificamos os conflitos internos, as adversidades externas perdem o poder de desestabilizar nossa ess\u00eancia e prop\u00f3sito. Entender essa din\u00e2mica psicol\u00f3gica \u00e9 o segredo para construir uma resili\u00eancia inabal\u00e1vel diante de qualquer desafio.<\/p>\n\n\n\n<h2 class=\"wp-block-heading\">Por que a autossabotagem \u00e9 o maior advers\u00e1rio humano?<\/h2>\n\n\n\n<p>Frequentemente, projetamos nos outros as inseguran\u00e7as que cultivamos secretamente dentro de nossa mente durante anos. A autossabotagem surge como uma voz cr\u00edtica que valida os ataques externos, tornando-os muito mais dolorosos e reais. Aprender a silenciar esse inimigo interno exige coragem para enfrentar medos antigos que impedem o seu crescimento pessoal e o sucesso profissional.<\/p>\n\n\n\n<p>Quando voc\u00ea acredita nas pr\u00f3prias limita\u00e7\u00f5es, qualquer cr\u00edtica externa atua como uma confirma\u00e7\u00e3o de suas piores suspeitas. Esse ciclo de negatividade drena a energia necess\u00e1ria para inovar e buscar novos horizontes em sua trajet\u00f3ria de vida. Fortalecer a confian\u00e7a interna protege o seu sistema emocional contra as influ\u00eancias destrutivas que tentam abalar sua <strong>paz espiritual constante<\/strong>.<\/p>\n\n\n\n<figure class=\"wp-block-image size-full\"><img decoding=\"async\" width=\"1280\" height=\"720\" src=\"https:\/\/www.correiobraziliense.com.br\/cbradar\/wp-content\/uploads\/2026\/04\/Gemini_Generated_Image_qwuhk0qwuhk0qwuh-1-1.png\" alt=\"Prov\u00e9rbio do dia: \u201cQuando n\u00e3o h\u00e1 inimigo dentro de voc\u00ea, o inimigo de fora n\u00e3o pode te destruir.\u201d\" class=\"wp-image-233585\" srcset=\"https:\/\/www.correiobraziliense.com.br\/cbradar\/wp-content\/uploads\/2026\/04\/Gemini_Generated_Image_qwuhk0qwuhk0qwuh-1-1.png 1280w, https:\/\/www.correiobraziliense.com.br\/cbradar\/wp-content\/uploads\/2026\/04\/Gemini_Generated_Image_qwuhk0qwuhk0qwuh-1-1-300x169.png 300w, https:\/\/www.correiobraziliense.com.br\/cbradar\/wp-content\/uploads\/2026\/04\/Gemini_Generated_Image_qwuhk0qwuhk0qwuh-1-1-768x432.png 768w, https:\/\/www.correiobraziliense.com.br\/cbradar\/wp-content\/uploads\/2026\/04\/Gemini_Generated_Image_qwuhk0qwuhk0qwuh-1-1-750x422.png 750w, https:\/\/www.correiobraziliense.com.br\/cbradar\/wp-content\/uploads\/2026\/04\/Gemini_Generated_Image_qwuhk0qwuhk0qwuh-1-1-1140x641.png 1140w\" sizes=\"(max-width: 1280px) 100vw, 1280px\" \/><figcaption class=\"wp-element-caption\">Autoconhecimento fortalece a mente e ajuda a enfrentar desafios com equil\u00edbrio<\/figcaption><\/figure>\n\n\n\n<h2 class=\"wp-block-heading\">Como o equil\u00edbrio emocional neutraliza amea\u00e7as externas?<\/h2>\n\n\n\n<p>Ouvir a si mesmo com aten\u00e7\u00e3o permite identificar os pontos de vulnerabilidade que precisam de fortalecimento emocional imediato. A estabilidade interna funciona como uma armadura invis\u00edvel que filtra os est\u00edmulos negativos antes que eles atinjam o n\u00facleo da sua identidade. Ter o controle sobre as pr\u00f3prias rea\u00e7\u00f5es \u00e9 a maior demonstra\u00e7\u00e3o de poder que algu\u00e9m pode <strong>exercer diariamente<\/strong>.<\/p>\n\n\n\n<p>Inimigos externos buscam brechas em nossas d\u00favidas para plantar sementes de disc\u00f3rdia e inseguran\u00e7a em nossa rotina produtiva. Se n\u00e3o houver resson\u00e2ncia interna para esses ataques, eles simplesmente perdem a utilidade e desaparecem diante de uma postura firme e decidida. Cultivar a harmonia interior \u00e9 uma estrat\u00e9gia vital para garantir que voc\u00ea permane\u00e7a inabal\u00e1vel em <strong>qualquer ambiente social<\/strong>.<\/p>\n\n\n\n<h2 class=\"wp-block-heading\">Quais atitudes fortalecem sua prote\u00e7\u00e3o psicol\u00f3gica interna?<\/h2>\n\n\n\n<p>Praticar a autocompaix\u00e3o e o perd\u00e3o por erros passados elimina os gatilhos que o inimigo externo costuma utilizar contra voc\u00ea. Ao limpar a sua consci\u00eancia de culpas desnecess\u00e1rias, voc\u00ea ganha uma clareza mental superior para tomar decis\u00f5es estrat\u00e9gicas e inteligentes. <\/p>\n\n\n\n<p>Note os elementos fundamentais que permitem que sua mente encontre a tranquilidade e o <strong>vigor necess\u00e1rios para vencer<\/strong>:<\/p>\n\n\n\n<ul class=\"wp-block-list\">\n<li>Medita\u00e7\u00e3o di\u00e1ria para manter o foco;<\/li>\n\n\n\n<li>Questionamento de pensamentos autom\u00e1ticos negativos;<\/li>\n\n\n\n<li>Afirma\u00e7\u00f5es positivas baseadas em fatos reais;<\/li>\n\n\n\n<li>Cuidado com o di\u00e1logo interno cr\u00edtico;<\/li>\n\n\n\n<li>Busca por autoconhecimento atrav\u00e9s da leitura.<\/li>\n<\/ul>\n\n\n\n<h2 class=\"wp-block-heading\">Qual a rela\u00e7\u00e3o entre integridade e resili\u00eancia?<\/h2>\n\n\n\n<p>Agir de acordo com os pr\u00f3prios valores morais elimina a divis\u00e3o interna que gera ang\u00fastia e fraqueza de car\u00e1ter. A integridade cria uma base s\u00f3lida que n\u00e3o treme diante de cal\u00fanias ou tentativas externas de desmoraliza\u00e7\u00e3o social. Quando voc\u00ea est\u00e1 em paz com sua conduta, as palavras alheias tornam-se ru\u00eddos irrelevantes que n\u00e3o possuem o <strong>poder de ferir<\/strong>.<\/p>\n\n\n\n<p>A <strong><a href=\"https:\/\/www.correiobraziliense.com.br\/cbradar\/criancas-que-assumem-pequenas-responsabilidades-tendem-a-desenvolver-mais-resiliencia-emocional-na-adolescencia\/\" target=\"_blank\" rel=\"noreferrer noopener\">resili\u00eancia <\/a><\/strong>n\u00e3o nasce da aus\u00eancia de problemas, mas da for\u00e7a acumulada ao resolver conflitos internos de maneira honesta. Esse processo de amadurecimento prepara o indiv\u00edduo para liderar com \u00e9tica e empatia, mesmo sob intensa press\u00e3o externa ou hostilidade gratuita. Ser fiel a si mesmo \u00e9 o caminho mais seguro para construir um <strong>legado de autoridade inabal\u00e1vel<\/strong>.<\/p>\n\n\n\n<figure class=\"wp-block-image size-full\"><img decoding=\"async\" width=\"1280\" height=\"720\" src=\"https:\/\/www.correiobraziliense.com.br\/cbradar\/wp-content\/uploads\/2026\/04\/Gemini_Generated_Image_lck3q3lck3q3lck3-1-1.png\" alt=\"Prov\u00e9rbio do dia: \u201cQuando n\u00e3o h\u00e1 inimigo dentro de voc\u00ea, o inimigo de fora n\u00e3o pode te destruir.\u201d\" class=\"wp-image-233588\" srcset=\"https:\/\/www.correiobraziliense.com.br\/cbradar\/wp-content\/uploads\/2026\/04\/Gemini_Generated_Image_lck3q3lck3q3lck3-1-1.png 1280w, https:\/\/www.correiobraziliense.com.br\/cbradar\/wp-content\/uploads\/2026\/04\/Gemini_Generated_Image_lck3q3lck3q3lck3-1-1-300x169.png 300w, https:\/\/www.correiobraziliense.com.br\/cbradar\/wp-content\/uploads\/2026\/04\/Gemini_Generated_Image_lck3q3lck3q3lck3-1-1-768x432.png 768w, https:\/\/www.correiobraziliense.com.br\/cbradar\/wp-content\/uploads\/2026\/04\/Gemini_Generated_Image_lck3q3lck3q3lck3-1-1-750x422.png 750w, https:\/\/www.correiobraziliense.com.br\/cbradar\/wp-content\/uploads\/2026\/04\/Gemini_Generated_Image_lck3q3lck3q3lck3-1-1-1140x641.png 1140w\" sizes=\"(max-width: 1280px) 100vw, 1280px\" \/><figcaption class=\"wp-element-caption\">Autoconhecimento fortalece a mente e ajuda a enfrentar desafios com equil\u00edbrio<\/figcaption><\/figure>\n\n\n\n<h2 class=\"wp-block-heading\">Como a psicologia moderna valida esse ensinamento milenar?<\/h2>\n\n\n\n<p>Especialistas em comportamento humano afirmam que a percep\u00e7\u00e3o da realidade \u00e9 moldada pelas nossas cren\u00e7as mais profundas e arraigadas. Se acreditamos que somos capazes e dignos, os obst\u00e1culos externos tornam-se apenas degraus para o nosso aprimoramento constante. A mudan\u00e7a de mentalidade \u00e9 o primeiro passo para transformar a sua realidade externa de maneira <strong>definitiva e muito positiva<\/strong>.<\/p>\n\n\n\n<p>Estudos sobre intelig\u00eancia emocional demonstram que indiv\u00edduos com alta autoconsci\u00eancia lidam melhor com o estresse social e a competi\u00e7\u00e3o agressiva. Para entender como fortalecer sua sa\u00fade mental e evitar que conflitos internos prejudiquem sua vida, consulte o guia oficial no portal da <a target=\"_blank\" rel=\"noreferrer noopener\" href=\"https:\/\/www.nami.org\/About-Mental-Illness\/Mental-Health-Conditions\">National Alliance on Mental Illness<\/a>. Adotar essa postura garante que voc\u00ea seja o mestre do seu pr\u00f3prio <strong>destino de sucesso<\/strong>.<\/p>\n","protected":false},"excerpt":{"rendered":"<p>A for\u00e7a mental come\u00e7a no autoconhecimento profundo e na aceita\u00e7\u00e3o das pr\u00f3prias falhas internas antes de enfrentar o mundo. Quando pacificamos os conflitos internos, as adversidades externas perdem o poder de desestabilizar nossa ess\u00eancia e prop\u00f3sito. Entender essa din\u00e2mica psicol\u00f3gica \u00e9 o segredo para construir uma resili\u00eancia inabal\u00e1vel diante de qualquer desafio. Por que a [&hellip;]<\/p>\n","protected":false},"author":21,"featured_media":233581,"comment_status":"open","ping_status":"open","sticky":false,"template":"","format":"standard","meta":{"_yoast_wpseo_focuskw":"for\u00e7a mental come\u00e7a no autoconhecimento","_yoast_wpseo_title":"","_yoast_wpseo_metadesc":"A for\u00e7a mental nasce do autoconhecimento e da forma como voc\u00ea lida com conflitos internos. Esse processo define sua rea\u00e7\u00e3o ao mundo externo.","jnews-multi-image_gallery":[],"jnews_single_post":{"format":"standard"},"jnews_primary_category":[],"jnews_social_meta":[],"jnews_override_counter":[],"footnotes":""},"categories":[112],"post_tag":[],"class_list":["post-233577","post","type-post","status-publish","format-standard","has-post-thumbnail","hentry","category-curiosidades"],"yoast_head":"<!-- This site is optimized with the Yoast SEO plugin v24.6 - https:\/\/yoast.com\/wordpress\/plugins\/seo\/ -->\n<title>Prov\u00e9rbio do dia: \u201cQuando n\u00e3o h\u00e1 inimigo dentro de voc\u00ea, o inimigo de fora n\u00e3o pode te destruir.\u201d - Correio Braziliense - Radar<\/title>\n<meta name=\"description\" content=\"A for\u00e7a mental nasce do autoconhecimento e da forma como voc\u00ea lida com conflitos internos. Esse processo define sua rea\u00e7\u00e3o ao mundo externo.\" \/>\n<meta name=\"robots\" content=\"index, follow, max-snippet:-1, max-image-preview:large, max-video-preview:-1\" \/>\n<link rel=\"canonical\" href=\"https:\/\/www.correiobraziliense.com.br\/cbradar\/proverbio-do-dia-quando-nao-ha-inimigo-dentro-de-voce-o-inimigo-de-fora-nao-pode-te-destruir\/\" \/>\n<meta property=\"og:locale\" content=\"pt_BR\" \/>\n<meta property=\"og:type\" content=\"article\" \/>\n<meta property=\"og:title\" content=\"Prov\u00e9rbio do dia: \u201cQuando n\u00e3o h\u00e1 inimigo dentro de voc\u00ea, o inimigo de fora n\u00e3o pode te destruir.\u201d - Correio Braziliense - Radar\" \/>\n<meta property=\"og:description\" content=\"A for\u00e7a mental nasce do autoconhecimento e da forma como voc\u00ea lida com conflitos internos. Esse processo define sua rea\u00e7\u00e3o ao mundo externo.\" \/>\n<meta property=\"og:url\" content=\"https:\/\/www.correiobraziliense.com.br\/cbradar\/proverbio-do-dia-quando-nao-ha-inimigo-dentro-de-voce-o-inimigo-de-fora-nao-pode-te-destruir\/\" \/>\n<meta property=\"og:site_name\" content=\"Correio Braziliense - Radar\" \/>\n<meta property=\"article:published_time\" content=\"2026-04-29T05:00:00+00:00\" \/>\n<meta property=\"og:image\" content=\"https:\/\/www.correiobraziliense.com.br\/cbradar\/wp-content\/uploads\/2026\/04\/Gemini_Generated_Image_e83b8le83b8le83b-1-1.png\" \/>\n\t<meta property=\"og:image:width\" content=\"1280\" \/>\n\t<meta property=\"og:image:height\" content=\"720\" \/>\n\t<meta property=\"og:image:type\" content=\"image\/png\" \/>\n<meta name=\"author\" content=\"Patrick Silva\" \/>\n<meta name=\"twitter:card\" content=\"summary_large_image\" \/>\n<meta name=\"twitter:label1\" content=\"Escrito por\" \/>\n\t<meta name=\"twitter:data1\" content=\"Patrick Silva\" \/>\n\t<meta name=\"twitter:label2\" content=\"Est. tempo de leitura\" \/>\n\t<meta name=\"twitter:data2\" content=\"5 minutos\" \/>\n<!-- \/ Yoast SEO plugin. -->","yoast_head_json":{"title":"Prov\u00e9rbio do dia: \u201cQuando n\u00e3o h\u00e1 inimigo dentro de voc\u00ea, o inimigo de fora n\u00e3o pode te destruir.\u201d - Correio Braziliense - Radar","description":"A for\u00e7a mental nasce do autoconhecimento e da forma como voc\u00ea lida com conflitos internos. Esse processo define sua rea\u00e7\u00e3o ao mundo externo.","robots":{"index":"index","follow":"follow","max-snippet":"max-snippet:-1","max-image-preview":"max-image-preview:large","max-video-preview":"max-video-preview:-1"},"canonical":"https:\/\/www.correiobraziliense.com.br\/cbradar\/proverbio-do-dia-quando-nao-ha-inimigo-dentro-de-voce-o-inimigo-de-fora-nao-pode-te-destruir\/","og_locale":"pt_BR","og_type":"article","og_title":"Prov\u00e9rbio do dia: \u201cQuando n\u00e3o h\u00e1 inimigo dentro de voc\u00ea, o inimigo de fora n\u00e3o pode te destruir.\u201d - Correio Braziliense - Radar","og_description":"A for\u00e7a mental nasce do autoconhecimento e da forma como voc\u00ea lida com conflitos internos. Esse processo define sua rea\u00e7\u00e3o ao mundo externo.","og_url":"https:\/\/www.correiobraziliense.com.br\/cbradar\/proverbio-do-dia-quando-nao-ha-inimigo-dentro-de-voce-o-inimigo-de-fora-nao-pode-te-destruir\/","og_site_name":"Correio Braziliense - Radar","article_published_time":"2026-04-29T05:00:00+00:00","og_image":[{"width":1280,"height":720,"url":"https:\/\/www.correiobraziliense.com.br\/cbradar\/wp-content\/uploads\/2026\/04\/Gemini_Generated_Image_e83b8le83b8le83b-1-1.png","type":"image\/png"}],"author":"Patrick Silva","twitter_card":"summary_large_image","twitter_misc":{"Escrito por":"Patrick Silva","Est. tempo de leitura":"5 minutos"},"schema":{"@context":"https:\/\/schema.org","@graph":[{"@type":"WebPage","@id":"https:\/\/www.correiobraziliense.com.br\/cbradar\/proverbio-do-dia-quando-nao-ha-inimigo-dentro-de-voce-o-inimigo-de-fora-nao-pode-te-destruir\/","url":"https:\/\/www.correiobraziliense.com.br\/cbradar\/proverbio-do-dia-quando-nao-ha-inimigo-dentro-de-voce-o-inimigo-de-fora-nao-pode-te-destruir\/","name":"Prov\u00e9rbio do dia: \u201cQuando n\u00e3o h\u00e1 inimigo dentro de voc\u00ea, o inimigo de fora n\u00e3o pode te destruir.\u201d - Correio Braziliense - Radar","isPartOf":{"@id":"https:\/\/www.correiobraziliense.com.br\/cbradar\/#website"},"primaryImageOfPage":{"@id":"https:\/\/www.correiobraziliense.com.br\/cbradar\/proverbio-do-dia-quando-nao-ha-inimigo-dentro-de-voce-o-inimigo-de-fora-nao-pode-te-destruir\/#primaryimage"},"image":{"@id":"https:\/\/www.correiobraziliense.com.br\/cbradar\/proverbio-do-dia-quando-nao-ha-inimigo-dentro-de-voce-o-inimigo-de-fora-nao-pode-te-destruir\/#primaryimage"},"thumbnailUrl":"https:\/\/www.correiobraziliense.com.br\/cbradar\/wp-content\/uploads\/2026\/04\/Gemini_Generated_Image_e83b8le83b8le83b-1-1.png","datePublished":"2026-04-29T05:00:00+00:00","author":{"@id":"https:\/\/www.correiobraziliense.com.br\/cbradar\/#\/schema\/person\/5440b72be9c7eb74f446c846479dc4da"},"description":"A for\u00e7a mental nasce do autoconhecimento e da forma como voc\u00ea lida com conflitos internos. Esse processo define sua rea\u00e7\u00e3o ao mundo externo.","breadcrumb":{"@id":"https:\/\/www.correiobraziliense.com.br\/cbradar\/proverbio-do-dia-quando-nao-ha-inimigo-dentro-de-voce-o-inimigo-de-fora-nao-pode-te-destruir\/#breadcrumb"},"inLanguage":"pt-BR","potentialAction":[{"@type":"ReadAction","target":["https:\/\/www.correiobraziliense.com.br\/cbradar\/proverbio-do-dia-quando-nao-ha-inimigo-dentro-de-voce-o-inimigo-de-fora-nao-pode-te-destruir\/"]}]},{"@type":"ImageObject","inLanguage":"pt-BR","@id":"https:\/\/www.correiobraziliense.com.br\/cbradar\/proverbio-do-dia-quando-nao-ha-inimigo-dentro-de-voce-o-inimigo-de-fora-nao-pode-te-destruir\/#primaryimage","url":"https:\/\/www.correiobraziliense.com.br\/cbradar\/wp-content\/uploads\/2026\/04\/Gemini_Generated_Image_e83b8le83b8le83b-1-1.png","contentUrl":"https:\/\/www.correiobraziliense.com.br\/cbradar\/wp-content\/uploads\/2026\/04\/Gemini_Generated_Image_e83b8le83b8le83b-1-1.png","width":1280,"height":720,"caption":"Autoconhecimento fortalece a mente e ajuda a enfrentar desafios com equil\u00edbrio"},{"@type":"BreadcrumbList","@id":"https:\/\/www.correiobraziliense.com.br\/cbradar\/proverbio-do-dia-quando-nao-ha-inimigo-dentro-de-voce-o-inimigo-de-fora-nao-pode-te-destruir\/#breadcrumb","itemListElement":[{"@type":"ListItem","position":1,"name":"In\u00edcio","item":"https:\/\/www.correiobraziliense.com.br\/cbradar\/"},{"@type":"ListItem","position":2,"name":"Prov\u00e9rbio do dia: \u201cQuando n\u00e3o h\u00e1 inimigo dentro de voc\u00ea, o inimigo de fora n\u00e3o pode te destruir.\u201d"}]},{"@type":"WebSite","@id":"https:\/\/www.correiobraziliense.com.br\/cbradar\/#website","url":"https:\/\/www.correiobraziliense.com.br\/cbradar\/","name":"Correio Braziliense - Radar","description":"Acompanhe as \u00faltimas not\u00edcias e fique bem informado sobre tudo o que acontece no Brasil e no mundo.","potentialAction":[{"@type":"SearchAction","target":{"@type":"EntryPoint","urlTemplate":"https:\/\/www.correiobraziliense.com.br\/cbradar\/?s={search_term_string}"},"query-input":{"@type":"PropertyValueSpecification","valueRequired":true,"valueName":"search_term_string"}}],"inLanguage":"pt-BR"},{"@type":"Person","@id":"https:\/\/www.correiobraziliense.com.br\/cbradar\/#\/schema\/person\/5440b72be9c7eb74f446c846479dc4da","name":"Patrick Silva","image":{"@type":"ImageObject","inLanguage":"pt-BR","@id":"https:\/\/www.correiobraziliense.com.br\/cbradar\/#\/schema\/person\/image\/","url":"https:\/\/secure.gravatar.com\/avatar\/944109df296fc087785c9715fd5f80b2?s=96&d=mm&r=g","contentUrl":"https:\/\/secure.gravatar.com\/avatar\/944109df296fc087785c9715fd5f80b2?s=96&d=mm&r=g","caption":"Patrick Silva"},"sameAs":["https:\/\/www.correiobraziliense.com.br\/cbradar\/"],"url":"https:\/\/www.correiobraziliense.com.br\/cbradar\/author\/patrick-silva\/"}]}},"_links":{"self":[{"href":"https:\/\/www.correiobraziliense.com.br\/cbradar\/wp-json\/wp\/v2\/posts\/233577","targetHints":{"allow":["GET"]}}],"collection":[{"href":"https:\/\/www.correiobraziliense.com.br\/cbradar\/wp-json\/wp\/v2\/posts"}],"about":[{"href":"https:\/\/www.correiobraziliense.com.br\/cbradar\/wp-json\/wp\/v2\/types\/post"}],"author":[{"embeddable":true,"href":"https:\/\/www.correiobraziliense.com.br\/cbradar\/wp-json\/wp\/v2\/users\/21"}],"replies":[{"embeddable":true,"href":"https:\/\/www.correiobraziliense.com.br\/cbradar\/wp-json\/wp\/v2\/comments?post=233577"}],"version-history":[{"count":5,"href":"https:\/\/www.correiobraziliense.com.br\/cbradar\/wp-json\/wp\/v2\/posts\/233577\/revisions"}],"predecessor-version":[{"id":233589,"href":"https:\/\/www.correiobraziliense.com.br\/cbradar\/wp-json\/wp\/v2\/posts\/233577\/revisions\/233589"}],"wp:featuredmedia":[{"embeddable":true,"href":"https:\/\/www.correiobraziliense.com.br\/cbradar\/wp-json\/wp\/v2\/media\/233581"}],"wp:attachment":[{"href":"https:\/\/www.correiobraziliense.com.br\/cbradar\/wp-json\/wp\/v2\/media?parent=233577"}],"wp:term":[{"taxonomy":"category","embeddable":true,"href":"https:\/\/www.correiobraziliense.com.br\/cbradar\/wp-json\/wp\/v2\/categories?post=233577"},{"taxonomy":"post_tag","embeddable":true,"href":"https:\/\/www.correiobraziliense.com.br\/cbradar\/wp-json\/wp\/v2\/post_tag?post=233577"}],"curies":[{"name":"wp","href":"https:\/\/api.w.org\/{rel}","templated":true}]}}