{"id":233580,"date":"2026-04-29T15:15:00","date_gmt":"2026-04-29T18:15:00","guid":{"rendered":"https:\/\/www.correiobraziliense.com.br\/cbradar\/?p=233580"},"modified":"2026-04-28T13:03:18","modified_gmt":"2026-04-28T16:03:18","slug":"com-g-ou-j-essa-e-a-regra-para-nao-confundir-viagem-e-viajem","status":"publish","type":"post","link":"https:\/\/www.correiobraziliense.com.br\/cbradar\/com-g-ou-j-essa-e-a-regra-para-nao-confundir-viagem-e-viajem\/","title":{"rendered":"Com g ou j? Essa \u00e9 a regra para n\u00e3o confundir \u201cviagem\u201d e \u201cviajem\u201d"},"content":{"rendered":"\n<p>Escrever corretamente palavras com sons id\u00eanticos exige aten\u00e7\u00e3o redobrada para evitar confus\u00f5es gramaticais comuns no cotidiano profissional ou pessoal. O uso alternado das letras g e j costuma gerar d\u00favidas frequentes em termos que possuem a mesma origem fon\u00e9tica. Compreender a fun\u00e7\u00e3o de cada termo na frase \u00e9 o segredo para dominar a norma culta da l\u00edngua portuguesa.<\/p>\n\n\n\n<h2 class=\"wp-block-heading\">Quando a palavra deve ser escrita com a letra g?<\/h2>\n\n\n\n<p>A forma escrita com a letra g atua sempre como um substantivo que designa o ato de deslocar-se entre diferentes lugares. Esse termo \u00e9 utilizado para nomear a experi\u00eancia vivenciada ou o planejamento de um roteiro tur\u00edstico espec\u00edfico. Identificar essa classe gramatical \u00e9 o primeiro passo para garantir que a mensagem seja transmitida com total clareza e corre\u00e7\u00e3o gramatical.<\/p>\n\n\n\n<p>Geralmente essa palavra aparece acompanhada de artigos, numerais ou pronomes que auxiliam na sua identifica\u00e7\u00e3o dentro da ora\u00e7\u00e3o constru\u00edda. Um exemplo cl\u00e1ssico ocorre quando algu\u00e9m menciona que realizou uma jornada inesquec\u00edvel durante o per\u00edodo de f\u00e9rias anuais. Ter essa percep\u00e7\u00e3o facilita o uso correto do idioma e demonstra dom\u00ednio sobre as normas estabelecidas pela gram\u00e1tica oficial da l\u00edngua portuguesa.<\/p>\n\n\n\n<figure class=\"wp-block-image size-full\"><img decoding=\"async\" width=\"1280\" height=\"720\" src=\"https:\/\/www.correiobraziliense.com.br\/cbradar\/wp-content\/uploads\/2026\/04\/Gemini_Generated_Image_tx0obotx0obotx0o-1-1.png\" alt=\"Com g ou j? Essa \u00e9 a regra para n\u00e3o confundir \u201cviagem\u201d e \u201cviajem\u201d\" class=\"wp-image-233611\" srcset=\"https:\/\/www.correiobraziliense.com.br\/cbradar\/wp-content\/uploads\/2026\/04\/Gemini_Generated_Image_tx0obotx0obotx0o-1-1.png 1280w, https:\/\/www.correiobraziliense.com.br\/cbradar\/wp-content\/uploads\/2026\/04\/Gemini_Generated_Image_tx0obotx0obotx0o-1-1-300x169.png 300w, https:\/\/www.correiobraziliense.com.br\/cbradar\/wp-content\/uploads\/2026\/04\/Gemini_Generated_Image_tx0obotx0obotx0o-1-1-768x432.png 768w, https:\/\/www.correiobraziliense.com.br\/cbradar\/wp-content\/uploads\/2026\/04\/Gemini_Generated_Image_tx0obotx0obotx0o-1-1-750x422.png 750w, https:\/\/www.correiobraziliense.com.br\/cbradar\/wp-content\/uploads\/2026\/04\/Gemini_Generated_Image_tx0obotx0obotx0o-1-1-1140x641.png 1140w\" sizes=\"(max-width: 1280px) 100vw, 1280px\" \/><figcaption class=\"wp-element-caption\">Diferen\u00e7a entre viagem e viajem depende da fun\u00e7\u00e3o na frase e regra gramatical<\/figcaption><\/figure>\n\n\n\n<h2 class=\"wp-block-heading\">Como identificar o uso correto da letra j?<\/h2>\n\n\n\n<p>A vers\u00e3o grafada com a letra j representa uma forma verbal derivada do verbo viajar conjugada em tempos espec\u00edficos do modo subjuntivo. Ela indica um desejo, uma ordem ou uma hip\u00f3tese sobre o deslocamento de outras pessoas em um futuro pr\u00f3ximo. Reconhecer a natureza din\u00e2mica dessa palavra \u00e9 fundamental para evitar deslizes ortogr\u00e1ficos frequentes em mensagens profissionais muito relevantes.<\/p>\n\n\n\n<p>Essa grafia costuma aparecer em frases que expressam votos positivos para que terceiros realizem seus percursos com seguran\u00e7a e tranquilidade. Ao empregar esse termo, o falante est\u00e1 se referindo \u00e0 a\u00e7\u00e3o propriamente dita e n\u00e3o ao evento como um conceito isolado. Estar atento \u00e0 presen\u00e7a de conectivos que pedem o subjuntivo ajuda a fixar essa regra gramatical sempre relevante.<\/p>\n\n\n\n<h2 class=\"wp-block-heading\">Quais s\u00e3o as aplica\u00e7\u00f5es pr\u00e1ticas em exemplos reais?<\/h2>\n\n\n\n<p>Visualizar a aplica\u00e7\u00e3o desses conceitos em situa\u00e7\u00f5es cotidianas ajuda a tornar o aprendizado muito mais intuitivo e duradouro para o usu\u00e1rio. Quando a estrutura da ora\u00e7\u00e3o exige um nome para o evento, escolhemos a grafia com g. Se a inten\u00e7\u00e3o \u00e9 expressar um comando ou desejo de a\u00e7\u00e3o, a forma com j deve ser obrigatoriamente utilizada sempre com corre\u00e7\u00e3o.<\/p>\n\n\n\n<p>As principais formas de diferenciar o uso correto envolvem:<\/p>\n\n\n\n<ul class=\"wp-block-list\">\n<li>A viagem de neg\u00f3cios foi um sucesso.<\/li>\n\n\n\n<li>Espero que eles viajem com seguran\u00e7a.<\/li>\n\n\n\n<li>Fizemos uma viagem maravilhosa em fam\u00edlia.<\/li>\n\n\n\n<li>Quero que voc\u00eas viajem logo.<\/li>\n<\/ul>\n\n\n\n<h2 class=\"wp-block-heading\">Existe alguma exce\u00e7\u00e3o para essa regra espec\u00edfica?<\/h2>\n\n\n\n<p>Diferente de outras normas lingu\u00edsticas que apresentam diversas varia\u00e7\u00f5es complexas, o uso desses termos segue um padr\u00e3o bastante r\u00edgido e confi\u00e1vel. N\u00e3o existem casos em que o substantivo possa ser escrito com j ou o verbo com g dentro do padr\u00e3o culto. Essa estabilidade gramatical facilita o processo de revis\u00e3o textual e garante a qualidade das comunica\u00e7\u00f5es sempre formais.<\/p>\n\n\n\n<p>A confus\u00e3o geralmente ocorre apenas na escrita, pois a pron\u00fancia de ambos os voc\u00e1bulos \u00e9 id\u00eantica na maioria dos contextos de fala natural. Por isso, recorrer ao conhecimento sobre a classe das palavras \u00e9 a \u00fanica ferramenta segura para evitar equ\u00edvocos. Manter a clareza nas escolhas ortogr\u00e1ficas demonstra profissionalismo e aten\u00e7\u00e3o aos detalhes em qualquer \u00e1rea de atua\u00e7\u00e3o profissional.<\/p>\n\n\n\n<figure class=\"wp-block-image size-full\"><img decoding=\"async\" width=\"1280\" height=\"720\" src=\"https:\/\/www.correiobraziliense.com.br\/cbradar\/wp-content\/uploads\/2026\/04\/Gemini_Generated_Image_1de0vi1de0vi1de0-1-1.png\" alt=\"Com g ou j? Essa \u00e9 a regra para n\u00e3o confundir \u201cviagem\u201d e \u201cviajem\u201d\" class=\"wp-image-233614\" srcset=\"https:\/\/www.correiobraziliense.com.br\/cbradar\/wp-content\/uploads\/2026\/04\/Gemini_Generated_Image_1de0vi1de0vi1de0-1-1.png 1280w, https:\/\/www.correiobraziliense.com.br\/cbradar\/wp-content\/uploads\/2026\/04\/Gemini_Generated_Image_1de0vi1de0vi1de0-1-1-300x169.png 300w, https:\/\/www.correiobraziliense.com.br\/cbradar\/wp-content\/uploads\/2026\/04\/Gemini_Generated_Image_1de0vi1de0vi1de0-1-1-768x432.png 768w, https:\/\/www.correiobraziliense.com.br\/cbradar\/wp-content\/uploads\/2026\/04\/Gemini_Generated_Image_1de0vi1de0vi1de0-1-1-750x422.png 750w, https:\/\/www.correiobraziliense.com.br\/cbradar\/wp-content\/uploads\/2026\/04\/Gemini_Generated_Image_1de0vi1de0vi1de0-1-1-1140x641.png 1140w\" sizes=\"(max-width: 1280px) 100vw, 1280px\" \/><figcaption class=\"wp-element-caption\">Diferen\u00e7a entre viagem e viajem depende da fun\u00e7\u00e3o na frase e regra gramatical<\/figcaption><\/figure>\n\n\n\n<p>Leia tamb\u00e9m: <a href=\"https:\/\/www.correiobraziliense.com.br\/cbradar\/a-palavra-que-muita-gente-escreve-com-medo-mas-esta-correta-segundo-o-vocabulario-ortografico-da-lingua-portuguesa\/\" target=\"_blank\" rel=\"noreferrer noopener\">A palavra que muita gente escreve com medo, mas est\u00e1 correta segundo o Vocabul\u00e1rio Ortogr\u00e1fico da L\u00edngua Portuguesa<\/a><\/p>\n\n\n\n<h2 class=\"wp-block-heading\">Onde consultar a grafia oficial das palavras?<\/h2>\n\n\n\n<p>Buscar o apoio de refer\u00eancias consagradas \u00e9 a maneira mais eficiente de eliminar qualquer incerteza sobre o uso do idioma no cotidiano. O dicion\u00e1rio oficial oferece informa\u00e7\u00f5es detalhadas sobre a origem e a fun\u00e7\u00e3o de cada termo, garantindo que o redator utilize a l\u00edngua com precis\u00e3o. Estar em constante aprendizado fortalece a capacidade de comunica\u00e7\u00e3o e amplia as possibilidades profissionais.<\/p>\n\n\n\n<p>Para sanar d\u00favidas de forma definitiva, o Vocabul\u00e1rio Ortogr\u00e1fico da L\u00edngua Portuguesa da<a href=\"https:\/\/www.academia.org.br\/nossa-lingua\/busca-no-vocabulario\" target=\"_blank\" rel=\"noreferrer noopener\"> <strong>Academia Brasileira de Letras<\/strong><\/a> \u00e9 o recurso mais indicado. Utilizar essa base de dados confi\u00e1vel assegura que todos os seus textos sigam as normas vigentes com absoluta corre\u00e7\u00e3o gramatical. Ter o h\u00e1bito de consultar fontes autorit\u00e1rias \u00e9 o que diferencia redatores amadores de verdadeiros especialistas.<\/p>\n","protected":false},"excerpt":{"rendered":"<p>Escrever corretamente palavras com sons id\u00eanticos exige aten\u00e7\u00e3o redobrada para evitar confus\u00f5es gramaticais comuns no cotidiano profissional ou pessoal. O uso alternado das letras g e j costuma gerar d\u00favidas frequentes em termos que possuem a mesma origem fon\u00e9tica. Compreender a fun\u00e7\u00e3o de cada termo na frase \u00e9 o segredo para dominar a norma culta [&hellip;]<\/p>\n","protected":false},"author":21,"featured_media":233606,"comment_status":"open","ping_status":"open","sticky":false,"template":"","format":"standard","meta":{"_yoast_wpseo_focuskw":"diferen\u00e7a entre viagem e viajem","_yoast_wpseo_title":"","_yoast_wpseo_metadesc":"Diferen\u00e7a entre viagem e viajem pode ser entendida com uma regra simples que evita erros comuns na escrita","jnews-multi-image_gallery":[],"jnews_single_post":{"format":"standard"},"jnews_primary_category":[],"jnews_social_meta":[],"jnews_override_counter":[],"footnotes":""},"categories":[112],"tags":[12816,10902,6081,12876],"class_list":["post-233580","post","type-post","status-publish","format-standard","has-post-thumbnail","hentry","category-curiosidades","tag-gramatica","tag-lingua-portuguesa","tag-portugues","tag-regra"],"yoast_head":"<!-- This site is optimized with the Yoast SEO plugin v24.6 - https:\/\/yoast.com\/wordpress\/plugins\/seo\/ -->\n<title>Com g ou j? Essa \u00e9 a regra para n\u00e3o confundir \u201cviagem\u201d e \u201cviajem\u201d - Correio Braziliense - Radar<\/title>\n<meta name=\"description\" content=\"Diferen\u00e7a entre viagem e viajem pode ser entendida com uma regra simples que evita erros comuns na escrita\" \/>\n<meta name=\"robots\" content=\"index, follow, max-snippet:-1, max-image-preview:large, max-video-preview:-1\" \/>\n<link rel=\"canonical\" href=\"https:\/\/www.correiobraziliense.com.br\/cbradar\/com-g-ou-j-essa-e-a-regra-para-nao-confundir-viagem-e-viajem\/\" \/>\n<meta property=\"og:locale\" content=\"pt_BR\" \/>\n<meta property=\"og:type\" content=\"article\" \/>\n<meta property=\"og:title\" content=\"Com g ou j? Essa \u00e9 a regra para n\u00e3o confundir \u201cviagem\u201d e \u201cviajem\u201d - Correio Braziliense - Radar\" \/>\n<meta property=\"og:description\" content=\"Diferen\u00e7a entre viagem e viajem pode ser entendida com uma regra simples que evita erros comuns na escrita\" \/>\n<meta property=\"og:url\" content=\"https:\/\/www.correiobraziliense.com.br\/cbradar\/com-g-ou-j-essa-e-a-regra-para-nao-confundir-viagem-e-viajem\/\" \/>\n<meta property=\"og:site_name\" content=\"Correio Braziliense - Radar\" \/>\n<meta property=\"article:published_time\" content=\"2026-04-29T18:15:00+00:00\" \/>\n<meta property=\"og:image\" content=\"https:\/\/www.correiobraziliense.com.br\/cbradar\/wp-content\/uploads\/2026\/04\/Gemini_Generated_Image_e498uve498uve498-1-1.png\" \/>\n\t<meta property=\"og:image:width\" content=\"1280\" \/>\n\t<meta property=\"og:image:height\" content=\"720\" \/>\n\t<meta property=\"og:image:type\" content=\"image\/png\" \/>\n<meta name=\"author\" content=\"Patrick Silva\" \/>\n<meta name=\"twitter:card\" content=\"summary_large_image\" \/>\n<meta name=\"twitter:label1\" content=\"Escrito por\" \/>\n\t<meta name=\"twitter:data1\" content=\"Patrick Silva\" \/>\n\t<meta name=\"twitter:label2\" content=\"Est. tempo de leitura\" \/>\n\t<meta name=\"twitter:data2\" content=\"5 minutos\" \/>\n<!-- \/ Yoast SEO plugin. -->","yoast_head_json":{"title":"Com g ou j? Essa \u00e9 a regra para n\u00e3o confundir \u201cviagem\u201d e \u201cviajem\u201d - Correio Braziliense - Radar","description":"Diferen\u00e7a entre viagem e viajem pode ser entendida com uma regra simples que evita erros comuns na escrita","robots":{"index":"index","follow":"follow","max-snippet":"max-snippet:-1","max-image-preview":"max-image-preview:large","max-video-preview":"max-video-preview:-1"},"canonical":"https:\/\/www.correiobraziliense.com.br\/cbradar\/com-g-ou-j-essa-e-a-regra-para-nao-confundir-viagem-e-viajem\/","og_locale":"pt_BR","og_type":"article","og_title":"Com g ou j? Essa \u00e9 a regra para n\u00e3o confundir \u201cviagem\u201d e \u201cviajem\u201d - Correio Braziliense - Radar","og_description":"Diferen\u00e7a entre viagem e viajem pode ser entendida com uma regra simples que evita erros comuns na escrita","og_url":"https:\/\/www.correiobraziliense.com.br\/cbradar\/com-g-ou-j-essa-e-a-regra-para-nao-confundir-viagem-e-viajem\/","og_site_name":"Correio Braziliense - Radar","article_published_time":"2026-04-29T18:15:00+00:00","og_image":[{"width":1280,"height":720,"url":"https:\/\/www.correiobraziliense.com.br\/cbradar\/wp-content\/uploads\/2026\/04\/Gemini_Generated_Image_e498uve498uve498-1-1.png","type":"image\/png"}],"author":"Patrick Silva","twitter_card":"summary_large_image","twitter_misc":{"Escrito por":"Patrick Silva","Est. tempo de leitura":"5 minutos"},"schema":{"@context":"https:\/\/schema.org","@graph":[{"@type":"WebPage","@id":"https:\/\/www.correiobraziliense.com.br\/cbradar\/com-g-ou-j-essa-e-a-regra-para-nao-confundir-viagem-e-viajem\/","url":"https:\/\/www.correiobraziliense.com.br\/cbradar\/com-g-ou-j-essa-e-a-regra-para-nao-confundir-viagem-e-viajem\/","name":"Com g ou j? Essa \u00e9 a regra para n\u00e3o confundir \u201cviagem\u201d e \u201cviajem\u201d - Correio Braziliense - Radar","isPartOf":{"@id":"https:\/\/www.correiobraziliense.com.br\/cbradar\/#website"},"primaryImageOfPage":{"@id":"https:\/\/www.correiobraziliense.com.br\/cbradar\/com-g-ou-j-essa-e-a-regra-para-nao-confundir-viagem-e-viajem\/#primaryimage"},"image":{"@id":"https:\/\/www.correiobraziliense.com.br\/cbradar\/com-g-ou-j-essa-e-a-regra-para-nao-confundir-viagem-e-viajem\/#primaryimage"},"thumbnailUrl":"https:\/\/www.correiobraziliense.com.br\/cbradar\/wp-content\/uploads\/2026\/04\/Gemini_Generated_Image_e498uve498uve498-1-1.png","datePublished":"2026-04-29T18:15:00+00:00","author":{"@id":"https:\/\/www.correiobraziliense.com.br\/cbradar\/#\/schema\/person\/5440b72be9c7eb74f446c846479dc4da"},"description":"Diferen\u00e7a entre viagem e viajem pode ser entendida com uma regra simples que evita erros comuns na escrita","breadcrumb":{"@id":"https:\/\/www.correiobraziliense.com.br\/cbradar\/com-g-ou-j-essa-e-a-regra-para-nao-confundir-viagem-e-viajem\/#breadcrumb"},"inLanguage":"pt-BR","potentialAction":[{"@type":"ReadAction","target":["https:\/\/www.correiobraziliense.com.br\/cbradar\/com-g-ou-j-essa-e-a-regra-para-nao-confundir-viagem-e-viajem\/"]}]},{"@type":"ImageObject","inLanguage":"pt-BR","@id":"https:\/\/www.correiobraziliense.com.br\/cbradar\/com-g-ou-j-essa-e-a-regra-para-nao-confundir-viagem-e-viajem\/#primaryimage","url":"https:\/\/www.correiobraziliense.com.br\/cbradar\/wp-content\/uploads\/2026\/04\/Gemini_Generated_Image_e498uve498uve498-1-1.png","contentUrl":"https:\/\/www.correiobraziliense.com.br\/cbradar\/wp-content\/uploads\/2026\/04\/Gemini_Generated_Image_e498uve498uve498-1-1.png","width":1280,"height":720,"caption":"Diferen\u00e7a entre viagem e viajem depende da fun\u00e7\u00e3o na frase e regra gramatical"},{"@type":"BreadcrumbList","@id":"https:\/\/www.correiobraziliense.com.br\/cbradar\/com-g-ou-j-essa-e-a-regra-para-nao-confundir-viagem-e-viajem\/#breadcrumb","itemListElement":[{"@type":"ListItem","position":1,"name":"In\u00edcio","item":"https:\/\/www.correiobraziliense.com.br\/cbradar\/"},{"@type":"ListItem","position":2,"name":"Com g ou j? Essa \u00e9 a regra para n\u00e3o confundir \u201cviagem\u201d e \u201cviajem\u201d"}]},{"@type":"WebSite","@id":"https:\/\/www.correiobraziliense.com.br\/cbradar\/#website","url":"https:\/\/www.correiobraziliense.com.br\/cbradar\/","name":"Correio Braziliense - Radar","description":"Acompanhe as \u00faltimas not\u00edcias e fique bem informado sobre tudo o que acontece no Brasil e no mundo.","potentialAction":[{"@type":"SearchAction","target":{"@type":"EntryPoint","urlTemplate":"https:\/\/www.correiobraziliense.com.br\/cbradar\/?s={search_term_string}"},"query-input":{"@type":"PropertyValueSpecification","valueRequired":true,"valueName":"search_term_string"}}],"inLanguage":"pt-BR"},{"@type":"Person","@id":"https:\/\/www.correiobraziliense.com.br\/cbradar\/#\/schema\/person\/5440b72be9c7eb74f446c846479dc4da","name":"Patrick Silva","image":{"@type":"ImageObject","inLanguage":"pt-BR","@id":"https:\/\/www.correiobraziliense.com.br\/cbradar\/#\/schema\/person\/image\/","url":"https:\/\/secure.gravatar.com\/avatar\/944109df296fc087785c9715fd5f80b2?s=96&d=mm&r=g","contentUrl":"https:\/\/secure.gravatar.com\/avatar\/944109df296fc087785c9715fd5f80b2?s=96&d=mm&r=g","caption":"Patrick Silva"},"sameAs":["https:\/\/www.correiobraziliense.com.br\/cbradar\/"],"url":"https:\/\/www.correiobraziliense.com.br\/cbradar\/author\/patrick-silva\/"}]}},"_links":{"self":[{"href":"https:\/\/www.correiobraziliense.com.br\/cbradar\/wp-json\/wp\/v2\/posts\/233580","targetHints":{"allow":["GET"]}}],"collection":[{"href":"https:\/\/www.correiobraziliense.com.br\/cbradar\/wp-json\/wp\/v2\/posts"}],"about":[{"href":"https:\/\/www.correiobraziliense.com.br\/cbradar\/wp-json\/wp\/v2\/types\/post"}],"author":[{"embeddable":true,"href":"https:\/\/www.correiobraziliense.com.br\/cbradar\/wp-json\/wp\/v2\/users\/21"}],"replies":[{"embeddable":true,"href":"https:\/\/www.correiobraziliense.com.br\/cbradar\/wp-json\/wp\/v2\/comments?post=233580"}],"version-history":[{"count":1,"href":"https:\/\/www.correiobraziliense.com.br\/cbradar\/wp-json\/wp\/v2\/posts\/233580\/revisions"}],"predecessor-version":[{"id":233616,"href":"https:\/\/www.correiobraziliense.com.br\/cbradar\/wp-json\/wp\/v2\/posts\/233580\/revisions\/233616"}],"wp:featuredmedia":[{"embeddable":true,"href":"https:\/\/www.correiobraziliense.com.br\/cbradar\/wp-json\/wp\/v2\/media\/233606"}],"wp:attachment":[{"href":"https:\/\/www.correiobraziliense.com.br\/cbradar\/wp-json\/wp\/v2\/media?parent=233580"}],"wp:term":[{"taxonomy":"category","embeddable":true,"href":"https:\/\/www.correiobraziliense.com.br\/cbradar\/wp-json\/wp\/v2\/categories?post=233580"},{"taxonomy":"post_tag","embeddable":true,"href":"https:\/\/www.correiobraziliense.com.br\/cbradar\/wp-json\/wp\/v2\/tags?post=233580"}],"curies":[{"name":"wp","href":"https:\/\/api.w.org\/{rel}","templated":true}]}}