{"id":233584,"date":"2026-04-29T08:45:00","date_gmt":"2026-04-29T11:45:00","guid":{"rendered":"https:\/\/www.correiobraziliense.com.br\/cbradar\/?p=233584"},"modified":"2026-04-28T12:59:51","modified_gmt":"2026-04-28T15:59:51","slug":"quando-usar-mal-e-mau-no-dia-a-dia-sem-errar","status":"publish","type":"post","link":"https:\/\/www.correiobraziliense.com.br\/cbradar\/quando-usar-mal-e-mau-no-dia-a-dia-sem-errar\/","title":{"rendered":"Quando usar \u201cmal\u201d e \u201cmau\u201d no dia a dia sem errar"},"content":{"rendered":"\n<p>Muitas pessoas sentem d\u00favida na hora de escrever palavras que possuem sons muito parecidos na l\u00edngua portuguesa cotidiana. Essa confus\u00e3o comum pode ser resolvida rapidamente com uma regra simples baseada no uso de ant\u00f4nimos corretos dentro das frases. Aprender essa diferen\u00e7a fundamental garante uma comunica\u00e7\u00e3o clara e evita ru\u00eddos desnecess\u00e1rios durante a produ\u00e7\u00e3o de textos importantes e claros sempre.<\/p>\n\n\n\n<h2 class=\"wp-block-heading\">Quando a palavra deve ser escrita com a letra u?<\/h2>\n\n\n\n<p>A palavra escrita com a letra final u funciona sempre como um adjetivo que qualifica substantivos espec\u00edficos em diversos contextos. Para verificar se o uso est\u00e1 correto, basta substituir o termo pelo seu oposto direto, que \u00e9 a palavra bom. Se a frase mantiver o sentido l\u00f3gico, a escolha pela grafia terminada em u est\u00e1 totalmente adequada.<\/p>\n\n\n\n<p>\u00c9 muito comum encontrar esse termo sendo utilizado para descrever o car\u00e1ter de algu\u00e9m ou a qualidade de um objeto. Quando um indiv\u00edduo apresenta um comportamento desagrad\u00e1vel, ele \u00e9 considerado algu\u00e9m que possui uma \u00edndole ruim. Manter o foco nessa substitui\u00e7\u00e3o mental facilita a memoriza\u00e7\u00e3o da regra gramatical sem a necessidade de decorar conceitos t\u00e9cnicos muito complexos.<\/p>\n\n\n\n<figure class=\"wp-block-image size-full\"><img decoding=\"async\" width=\"1280\" height=\"720\" src=\"https:\/\/www.correiobraziliense.com.br\/cbradar\/wp-content\/uploads\/2026\/04\/Gemini_Generated_Image_g0k5npg0k5npg0k5-1-1.png\" alt=\"Quando usar \u201cmal\u201d e \u201cmau\u201d no dia a dia sem errar\" class=\"wp-image-233600\" srcset=\"https:\/\/www.correiobraziliense.com.br\/cbradar\/wp-content\/uploads\/2026\/04\/Gemini_Generated_Image_g0k5npg0k5npg0k5-1-1.png 1280w, https:\/\/www.correiobraziliense.com.br\/cbradar\/wp-content\/uploads\/2026\/04\/Gemini_Generated_Image_g0k5npg0k5npg0k5-1-1-300x169.png 300w, https:\/\/www.correiobraziliense.com.br\/cbradar\/wp-content\/uploads\/2026\/04\/Gemini_Generated_Image_g0k5npg0k5npg0k5-1-1-768x432.png 768w, https:\/\/www.correiobraziliense.com.br\/cbradar\/wp-content\/uploads\/2026\/04\/Gemini_Generated_Image_g0k5npg0k5npg0k5-1-1-750x422.png 750w, https:\/\/www.correiobraziliense.com.br\/cbradar\/wp-content\/uploads\/2026\/04\/Gemini_Generated_Image_g0k5npg0k5npg0k5-1-1-1140x641.png 1140w\" sizes=\"(max-width: 1280px) 100vw, 1280px\" \/><figcaption class=\"wp-element-caption\">Diferen\u00e7a entre mau e mal pode ser resolvida com regra simples de oposi\u00e7\u00e3o<\/figcaption><\/figure>\n\n\n\n<h2 class=\"wp-block-heading\">Em quais situa\u00e7\u00f5es a forma com a letra l \u00e9 correta?<\/h2>\n\n\n\n<p>J\u00e1 o termo grafado com a letra l no final exerce a fun\u00e7\u00e3o de adv\u00e9rbio ou substantivo na estrutura das ora\u00e7\u00f5es. A regra de ouro aqui \u00e9 realizar a troca pelo ant\u00f4nimo bem para validar se a constru\u00e7\u00e3o gramatical est\u00e1 correta. Se a altera\u00e7\u00e3o fizer sentido imediato ao ouvido, o uso do termo com l \u00e9 a escolha certa.<\/p>\n\n\n\n<p>Essa forma costuma acompanhar verbos para indicar que algo n\u00e3o foi executado da maneira desejada por quem o realizou. Al\u00e9m disso, ela pode indicar uma conjun\u00e7\u00e3o temporal quando algo acontece imediatamente ap\u00f3s outra a\u00e7\u00e3o descrita na narrativa. Compreender essas nuances ajuda a construir frases mais precisas e elegantes em qualquer tipo de correspond\u00eancia formal ou mesmo informal.<\/p>\n\n\n\n<h2 class=\"wp-block-heading\">Como aplicar as regras em exemplos pr\u00e1ticos?<\/h2>\n\n\n\n<p>Aplicar essas substitui\u00e7\u00f5es de maneira pr\u00e1tica no cotidiano permite que a escrita se torne um processo muito mais fluido e natural. Ter exemplos claros em mente ajuda a fixar o conhecimento e evita hesita\u00e7\u00f5es no momento de redigir mensagens ou documentos profissionais. Essa t\u00e9cnica de oposi\u00e7\u00e3o \u00e9 infal\u00edvel para garantir que a gram\u00e1tica seja aplicada com absoluta seguran\u00e7a.<\/p>\n\n\n\n<p>As principais situa\u00e7\u00f5es de uso correto envolvem trocas simples como as seguintes:<\/p>\n\n\n\n<ul class=\"wp-block-list\">\n<li>Ele est\u00e1 de mau humor constante.<\/li>\n\n\n\n<li>O trabalho foi mal executado.<\/li>\n\n\n\n<li>Ele \u00e9 um mau exemplo.<\/li>\n\n\n\n<li>Ele se sentiu mal ontem.<\/li>\n<\/ul>\n\n\n\n<h2 class=\"wp-block-heading\">O termo pode ter outras fun\u00e7\u00f5es na frase?<\/h2>\n\n\n\n<p>Existem casos espec\u00edficos onde o termo com l funciona para indicar que uma a\u00e7\u00e3o ocorreu de forma instant\u00e2nea na narrativa. Quando algu\u00e9m entra em um ambiente e algo acontece em seguida, essa constru\u00e7\u00e3o \u00e9 muito utilizada na literatura cl\u00e1ssica e moderna. Reconhecer essa fun\u00e7\u00e3o amplia o vocabul\u00e1rio e permite uma expressividade muito maior durante a cria\u00e7\u00e3o liter\u00e1ria.<\/p>\n\n\n\n<p>Al\u00e9m disso, o termo pode representar um substantivo que designa uma doen\u00e7a, sofrimento ou algo que prejudica o bem comum. Nesses contextos, a palavra \u00e9 frequentemente precedida por artigos ou pronomes que auxiliam na identifica\u00e7\u00e3o de sua classe gramatical espec\u00edfica. Saber identificar essas varia\u00e7\u00f5es \u00e9 um diferencial importante para quem deseja dominar as normas cultas do idioma nacional.<\/p>\n\n\n\n<figure class=\"wp-block-image size-full\"><img decoding=\"async\" width=\"1280\" height=\"720\" src=\"https:\/\/www.correiobraziliense.com.br\/cbradar\/wp-content\/uploads\/2026\/04\/Gemini_Generated_Image_4kgyv54kgyv54kgy-1-1.png\" alt=\"Quando usar \u201cmal\u201d e \u201cmau\u201d no dia a dia sem errar\" class=\"wp-image-233603\" srcset=\"https:\/\/www.correiobraziliense.com.br\/cbradar\/wp-content\/uploads\/2026\/04\/Gemini_Generated_Image_4kgyv54kgyv54kgy-1-1.png 1280w, https:\/\/www.correiobraziliense.com.br\/cbradar\/wp-content\/uploads\/2026\/04\/Gemini_Generated_Image_4kgyv54kgyv54kgy-1-1-300x169.png 300w, https:\/\/www.correiobraziliense.com.br\/cbradar\/wp-content\/uploads\/2026\/04\/Gemini_Generated_Image_4kgyv54kgyv54kgy-1-1-768x432.png 768w, https:\/\/www.correiobraziliense.com.br\/cbradar\/wp-content\/uploads\/2026\/04\/Gemini_Generated_Image_4kgyv54kgyv54kgy-1-1-750x422.png 750w, https:\/\/www.correiobraziliense.com.br\/cbradar\/wp-content\/uploads\/2026\/04\/Gemini_Generated_Image_4kgyv54kgyv54kgy-1-1-1140x641.png 1140w\" sizes=\"(max-width: 1280px) 100vw, 1280px\" \/><figcaption class=\"wp-element-caption\">Diferen\u00e7a entre mau e mal pode ser resolvida com regra simples de oposi\u00e7\u00e3o<\/figcaption><\/figure>\n\n\n\n<p>Leia tamb\u00e9m: <a href=\"https:\/\/www.correiobraziliense.com.br\/cbradar\/a-palavra-que-muita-gente-escreve-com-medo-mas-esta-correta-segundo-o-vocabulario-ortografico-da-lingua-portuguesa\/\" target=\"_blank\" rel=\"noreferrer noopener\">A palavra que muita gente escreve com medo, mas est\u00e1 correta segundo o Vocabul\u00e1rio Ortogr\u00e1fico da L\u00edngua Portuguesa<\/a><\/p>\n\n\n\n<h2 class=\"wp-block-heading\">Onde buscar refer\u00eancias oficiais para tirar d\u00favidas?<\/h2>\n\n\n\n<p>Eliminar as inseguran\u00e7as lingu\u00edsticas exige apenas um pouco de aten\u00e7\u00e3o aos detalhes e pr\u00e1tica constante das regras de oposi\u00e7\u00e3o apresentadas anteriormente. O dom\u00ednio dessas pequenas diferen\u00e7as reflete um cuidado especial com a imagem pessoal e profissional de quem se comunica atrav\u00e9s da escrita. Estar atento ao uso correto das palavras demonstra respeito pelo interlocutor e clareza de pensamento.<\/p>\n\n\n\n<p>Para aprofundar o conhecimento sobre a grafia correta de outros termos semelhantes, consultar o vocabul\u00e1rio oficial \u00e9 sempre a melhor alternativa. O suporte oferecido pela <strong><a href=\"https:\/\/www.academia.org.br\/nossa-lingua\/busca-no-vocabulario\" target=\"_blank\" rel=\"noreferrer noopener\">Academia Brasileira de Letras<\/a><\/strong> \u00e9 essencial para sanar d\u00favidas complexas que surgem no dia a dia. Investir tempo no estudo do idioma garante uma comunica\u00e7\u00e3o muito mais assertiva e segura para todos.<\/p>\n","protected":false},"excerpt":{"rendered":"<p>Muitas pessoas sentem d\u00favida na hora de escrever palavras que possuem sons muito parecidos na l\u00edngua portuguesa cotidiana. Essa confus\u00e3o comum pode ser resolvida rapidamente com uma regra simples baseada no uso de ant\u00f4nimos corretos dentro das frases. Aprender essa diferen\u00e7a fundamental garante uma comunica\u00e7\u00e3o clara e evita ru\u00eddos desnecess\u00e1rios durante a produ\u00e7\u00e3o de textos [&hellip;]<\/p>\n","protected":false},"author":21,"featured_media":233594,"comment_status":"open","ping_status":"open","sticky":false,"template":"","format":"standard","meta":{"_yoast_wpseo_focuskw":"diferen\u00e7a entre mau e mal","_yoast_wpseo_title":"","_yoast_wpseo_metadesc":"Diferen\u00e7a entre mau e mal pode ser resolvida com uma regra simples que evita erros comuns na escrita do dia a dia","jnews-multi-image_gallery":[],"jnews_single_post":{"format":"standard"},"jnews_primary_category":[],"jnews_social_meta":[],"jnews_override_counter":[],"footnotes":""},"categories":[112],"tags":[8840,12816,10902,6081],"class_list":["post-233584","post","type-post","status-publish","format-standard","has-post-thumbnail","hentry","category-curiosidades","tag-erro","tag-gramatica","tag-lingua-portuguesa","tag-portugues"],"yoast_head":"<!-- This site is optimized with the Yoast SEO plugin v24.6 - https:\/\/yoast.com\/wordpress\/plugins\/seo\/ -->\n<title>Quando usar \u201cmal\u201d e \u201cmau\u201d no dia a dia sem errar - Correio Braziliense - Radar<\/title>\n<meta name=\"description\" content=\"Diferen\u00e7a entre mau e mal pode ser resolvida com uma regra simples que evita erros comuns na escrita do dia a dia\" \/>\n<meta name=\"robots\" content=\"index, follow, max-snippet:-1, max-image-preview:large, max-video-preview:-1\" \/>\n<link rel=\"canonical\" href=\"https:\/\/www.correiobraziliense.com.br\/cbradar\/quando-usar-mal-e-mau-no-dia-a-dia-sem-errar\/\" \/>\n<meta property=\"og:locale\" content=\"pt_BR\" \/>\n<meta property=\"og:type\" content=\"article\" \/>\n<meta property=\"og:title\" content=\"Quando usar \u201cmal\u201d e \u201cmau\u201d no dia a dia sem errar - Correio Braziliense - Radar\" \/>\n<meta property=\"og:description\" content=\"Diferen\u00e7a entre mau e mal pode ser resolvida com uma regra simples que evita erros comuns na escrita do dia a dia\" \/>\n<meta property=\"og:url\" content=\"https:\/\/www.correiobraziliense.com.br\/cbradar\/quando-usar-mal-e-mau-no-dia-a-dia-sem-errar\/\" \/>\n<meta property=\"og:site_name\" content=\"Correio Braziliense - Radar\" \/>\n<meta property=\"article:published_time\" content=\"2026-04-29T11:45:00+00:00\" \/>\n<meta property=\"og:image\" content=\"https:\/\/www.correiobraziliense.com.br\/cbradar\/wp-content\/uploads\/2026\/04\/Gemini_Generated_Image_dv50k7dv50k7dv50-1-1.png\" \/>\n\t<meta property=\"og:image:width\" content=\"1280\" \/>\n\t<meta property=\"og:image:height\" content=\"720\" \/>\n\t<meta property=\"og:image:type\" content=\"image\/png\" \/>\n<meta name=\"author\" content=\"Patrick Silva\" \/>\n<meta name=\"twitter:card\" content=\"summary_large_image\" \/>\n<meta name=\"twitter:label1\" content=\"Escrito por\" \/>\n\t<meta name=\"twitter:data1\" content=\"Patrick Silva\" \/>\n\t<meta name=\"twitter:label2\" content=\"Est. tempo de leitura\" \/>\n\t<meta name=\"twitter:data2\" content=\"5 minutos\" \/>\n<!-- \/ Yoast SEO plugin. -->","yoast_head_json":{"title":"Quando usar \u201cmal\u201d e \u201cmau\u201d no dia a dia sem errar - Correio Braziliense - Radar","description":"Diferen\u00e7a entre mau e mal pode ser resolvida com uma regra simples que evita erros comuns na escrita do dia a dia","robots":{"index":"index","follow":"follow","max-snippet":"max-snippet:-1","max-image-preview":"max-image-preview:large","max-video-preview":"max-video-preview:-1"},"canonical":"https:\/\/www.correiobraziliense.com.br\/cbradar\/quando-usar-mal-e-mau-no-dia-a-dia-sem-errar\/","og_locale":"pt_BR","og_type":"article","og_title":"Quando usar \u201cmal\u201d e \u201cmau\u201d no dia a dia sem errar - Correio Braziliense - Radar","og_description":"Diferen\u00e7a entre mau e mal pode ser resolvida com uma regra simples que evita erros comuns na escrita do dia a dia","og_url":"https:\/\/www.correiobraziliense.com.br\/cbradar\/quando-usar-mal-e-mau-no-dia-a-dia-sem-errar\/","og_site_name":"Correio Braziliense - Radar","article_published_time":"2026-04-29T11:45:00+00:00","og_image":[{"width":1280,"height":720,"url":"https:\/\/www.correiobraziliense.com.br\/cbradar\/wp-content\/uploads\/2026\/04\/Gemini_Generated_Image_dv50k7dv50k7dv50-1-1.png","type":"image\/png"}],"author":"Patrick Silva","twitter_card":"summary_large_image","twitter_misc":{"Escrito por":"Patrick Silva","Est. tempo de leitura":"5 minutos"},"schema":{"@context":"https:\/\/schema.org","@graph":[{"@type":"WebPage","@id":"https:\/\/www.correiobraziliense.com.br\/cbradar\/quando-usar-mal-e-mau-no-dia-a-dia-sem-errar\/","url":"https:\/\/www.correiobraziliense.com.br\/cbradar\/quando-usar-mal-e-mau-no-dia-a-dia-sem-errar\/","name":"Quando usar \u201cmal\u201d e \u201cmau\u201d no dia a dia sem errar - Correio Braziliense - Radar","isPartOf":{"@id":"https:\/\/www.correiobraziliense.com.br\/cbradar\/#website"},"primaryImageOfPage":{"@id":"https:\/\/www.correiobraziliense.com.br\/cbradar\/quando-usar-mal-e-mau-no-dia-a-dia-sem-errar\/#primaryimage"},"image":{"@id":"https:\/\/www.correiobraziliense.com.br\/cbradar\/quando-usar-mal-e-mau-no-dia-a-dia-sem-errar\/#primaryimage"},"thumbnailUrl":"https:\/\/www.correiobraziliense.com.br\/cbradar\/wp-content\/uploads\/2026\/04\/Gemini_Generated_Image_dv50k7dv50k7dv50-1-1.png","datePublished":"2026-04-29T11:45:00+00:00","author":{"@id":"https:\/\/www.correiobraziliense.com.br\/cbradar\/#\/schema\/person\/5440b72be9c7eb74f446c846479dc4da"},"description":"Diferen\u00e7a entre mau e mal pode ser resolvida com uma regra simples que evita erros comuns na escrita do dia a dia","breadcrumb":{"@id":"https:\/\/www.correiobraziliense.com.br\/cbradar\/quando-usar-mal-e-mau-no-dia-a-dia-sem-errar\/#breadcrumb"},"inLanguage":"pt-BR","potentialAction":[{"@type":"ReadAction","target":["https:\/\/www.correiobraziliense.com.br\/cbradar\/quando-usar-mal-e-mau-no-dia-a-dia-sem-errar\/"]}]},{"@type":"ImageObject","inLanguage":"pt-BR","@id":"https:\/\/www.correiobraziliense.com.br\/cbradar\/quando-usar-mal-e-mau-no-dia-a-dia-sem-errar\/#primaryimage","url":"https:\/\/www.correiobraziliense.com.br\/cbradar\/wp-content\/uploads\/2026\/04\/Gemini_Generated_Image_dv50k7dv50k7dv50-1-1.png","contentUrl":"https:\/\/www.correiobraziliense.com.br\/cbradar\/wp-content\/uploads\/2026\/04\/Gemini_Generated_Image_dv50k7dv50k7dv50-1-1.png","width":1280,"height":720,"caption":"Diferen\u00e7a entre mau e mal pode ser resolvida com regra simples de oposi\u00e7\u00e3o"},{"@type":"BreadcrumbList","@id":"https:\/\/www.correiobraziliense.com.br\/cbradar\/quando-usar-mal-e-mau-no-dia-a-dia-sem-errar\/#breadcrumb","itemListElement":[{"@type":"ListItem","position":1,"name":"In\u00edcio","item":"https:\/\/www.correiobraziliense.com.br\/cbradar\/"},{"@type":"ListItem","position":2,"name":"Quando usar \u201cmal\u201d e \u201cmau\u201d no dia a dia sem errar"}]},{"@type":"WebSite","@id":"https:\/\/www.correiobraziliense.com.br\/cbradar\/#website","url":"https:\/\/www.correiobraziliense.com.br\/cbradar\/","name":"Correio Braziliense - Radar","description":"Acompanhe as \u00faltimas not\u00edcias e fique bem informado sobre tudo o que acontece no Brasil e no mundo.","potentialAction":[{"@type":"SearchAction","target":{"@type":"EntryPoint","urlTemplate":"https:\/\/www.correiobraziliense.com.br\/cbradar\/?s={search_term_string}"},"query-input":{"@type":"PropertyValueSpecification","valueRequired":true,"valueName":"search_term_string"}}],"inLanguage":"pt-BR"},{"@type":"Person","@id":"https:\/\/www.correiobraziliense.com.br\/cbradar\/#\/schema\/person\/5440b72be9c7eb74f446c846479dc4da","name":"Patrick Silva","image":{"@type":"ImageObject","inLanguage":"pt-BR","@id":"https:\/\/www.correiobraziliense.com.br\/cbradar\/#\/schema\/person\/image\/","url":"https:\/\/secure.gravatar.com\/avatar\/944109df296fc087785c9715fd5f80b2?s=96&d=mm&r=g","contentUrl":"https:\/\/secure.gravatar.com\/avatar\/944109df296fc087785c9715fd5f80b2?s=96&d=mm&r=g","caption":"Patrick Silva"},"sameAs":["https:\/\/www.correiobraziliense.com.br\/cbradar\/"],"url":"https:\/\/www.correiobraziliense.com.br\/cbradar\/author\/patrick-silva\/"}]}},"_links":{"self":[{"href":"https:\/\/www.correiobraziliense.com.br\/cbradar\/wp-json\/wp\/v2\/posts\/233584","targetHints":{"allow":["GET"]}}],"collection":[{"href":"https:\/\/www.correiobraziliense.com.br\/cbradar\/wp-json\/wp\/v2\/posts"}],"about":[{"href":"https:\/\/www.correiobraziliense.com.br\/cbradar\/wp-json\/wp\/v2\/types\/post"}],"author":[{"embeddable":true,"href":"https:\/\/www.correiobraziliense.com.br\/cbradar\/wp-json\/wp\/v2\/users\/21"}],"replies":[{"embeddable":true,"href":"https:\/\/www.correiobraziliense.com.br\/cbradar\/wp-json\/wp\/v2\/comments?post=233584"}],"version-history":[{"count":1,"href":"https:\/\/www.correiobraziliense.com.br\/cbradar\/wp-json\/wp\/v2\/posts\/233584\/revisions"}],"predecessor-version":[{"id":233608,"href":"https:\/\/www.correiobraziliense.com.br\/cbradar\/wp-json\/wp\/v2\/posts\/233584\/revisions\/233608"}],"wp:featuredmedia":[{"embeddable":true,"href":"https:\/\/www.correiobraziliense.com.br\/cbradar\/wp-json\/wp\/v2\/media\/233594"}],"wp:attachment":[{"href":"https:\/\/www.correiobraziliense.com.br\/cbradar\/wp-json\/wp\/v2\/media?parent=233584"}],"wp:term":[{"taxonomy":"category","embeddable":true,"href":"https:\/\/www.correiobraziliense.com.br\/cbradar\/wp-json\/wp\/v2\/categories?post=233584"},{"taxonomy":"post_tag","embeddable":true,"href":"https:\/\/www.correiobraziliense.com.br\/cbradar\/wp-json\/wp\/v2\/tags?post=233584"}],"curies":[{"name":"wp","href":"https:\/\/api.w.org\/{rel}","templated":true}]}}