{"id":233590,"date":"2026-04-29T17:35:00","date_gmt":"2026-04-29T20:35:00","guid":{"rendered":"https:\/\/www.correiobraziliense.com.br\/cbradar\/?p=233590"},"modified":"2026-04-28T11:04:56","modified_gmt":"2026-04-28T14:04:56","slug":"proverbio-do-dia-a-chuva-nao-cai-sobre-um-telhado-so","status":"publish","type":"post","link":"https:\/\/www.correiobraziliense.com.br\/cbradar\/proverbio-do-dia-a-chuva-nao-cai-sobre-um-telhado-so\/","title":{"rendered":"Prov\u00e9rbio do dia: \u201cA chuva n\u00e3o cai sobre um telhado s\u00f3.\u201d"},"content":{"rendered":"\n<p>O prov\u00e9rbio africano sobre a chuva nos lembra que as adversidades e oportunidades da vida s\u00e3o universais e inevit\u00e1veis. Compreender que ningu\u00e9m est\u00e1 imune aos desafios ajuda a cultivar a empatia e a resili\u00eancia coletiva. Vamos analisar como essa sabedoria milenar pode transformar nossa percep\u00e7\u00e3o sobre os problemas e fortalecer nossos la\u00e7os sociais.<\/p>\n\n\n\n<h2 class=\"wp-block-heading\">Por que os desafios s\u00e3o experi\u00eancias compartilhadas por todos?<\/h2>\n\n\n\n<p>As dificuldades financeiras, emocionais ou profissionais atingem todos os indiv\u00edduos em diferentes momentos da jornada humana na <strong>Terra<\/strong>. Acreditar que somos os \u00fanicos a sofrer isola a mente e impede a busca por solu\u00e7\u00f5es colaborativas e eficazes. Aceitar a universalidade dos problemas reduz o peso da ang\u00fastia e nos conecta profundamente com a realidade das outras pessoas.<\/p>\n\n\n\n<p>Quando percebemos que o telhado do vizinho tamb\u00e9m enfrenta a mesma tempestade, desenvolvemos uma vis\u00e3o muito mais compassiva e equilibrada. Essa consci\u00eancia de que a dor \u00e9 democr\u00e1tica elimina sentimentos de vitimismo que travam o progresso pessoal e o sucesso. Enfrentar a realidade com os p\u00e9s no ch\u00e3o \u00e9 a \u00fanica forma de garantir <strong>resili\u00eancia emocional verdadeira<\/strong>.<\/p>\n\n\n\n<figure class=\"wp-block-image size-full\"><img decoding=\"async\" width=\"1280\" height=\"720\" src=\"https:\/\/www.correiobraziliense.com.br\/cbradar\/wp-content\/uploads\/2026\/04\/Gemini_Generated_Image_yp4dkxyp4dkxyp4d-1-1.png\" alt=\"Prov\u00e9rbio do dia: \u201cA chuva n\u00e3o cai sobre um telhado s\u00f3.\u201d\" class=\"wp-image-233596\" srcset=\"https:\/\/www.correiobraziliense.com.br\/cbradar\/wp-content\/uploads\/2026\/04\/Gemini_Generated_Image_yp4dkxyp4dkxyp4d-1-1.png 1280w, https:\/\/www.correiobraziliense.com.br\/cbradar\/wp-content\/uploads\/2026\/04\/Gemini_Generated_Image_yp4dkxyp4dkxyp4d-1-1-300x169.png 300w, https:\/\/www.correiobraziliense.com.br\/cbradar\/wp-content\/uploads\/2026\/04\/Gemini_Generated_Image_yp4dkxyp4dkxyp4d-1-1-768x432.png 768w, https:\/\/www.correiobraziliense.com.br\/cbradar\/wp-content\/uploads\/2026\/04\/Gemini_Generated_Image_yp4dkxyp4dkxyp4d-1-1-750x422.png 750w, https:\/\/www.correiobraziliense.com.br\/cbradar\/wp-content\/uploads\/2026\/04\/Gemini_Generated_Image_yp4dkxyp4dkxyp4d-1-1-1140x641.png 1140w\" sizes=\"(max-width: 1280px) 100vw, 1280px\" \/><figcaption class=\"wp-element-caption\">As dificuldades da vida fortalecem a resili\u00eancia e moldam sua forma de agir<\/figcaption><\/figure>\n\n\n\n<h2 class=\"wp-block-heading\">Como a coletividade ajuda a enfrentar as crises inevit\u00e1veis?<\/h2>\n\n\n\n<p>A uni\u00e3o de esfor\u00e7os entre pessoas que compartilham os mesmos problemas acelera a descoberta de estrat\u00e9gias criativas para superar obst\u00e1culos dif\u00edceis. Ao dividir o peso das preocupa\u00e7\u00f5es, o indiv\u00edduo ganha clareza mental para agir com muito mais intelig\u00eancia e foco nos resultados desejados. O suporte m\u00fatuo \u00e9 a ferramenta mais poderosa para garantir que <strong>ningu\u00e9m caminhe sozinho<\/strong> durante os tempos ruins.<\/p>\n\n\n\n<p>Trabalhar em grupo permite que as habilidades individuais se somem para proteger toda a comunidade contra as amea\u00e7as externas e crises. A coopera\u00e7\u00e3o m\u00fatua transforma a fragilidade individual em uma for\u00e7a coletiva capaz de reconstruir o que foi destru\u00eddo pela tempestade passageira. Manter os la\u00e7os de confian\u00e7a ativos \u00e9 essencial para garantir a seguran\u00e7a e a <strong>paz espiritual de todos<\/strong> os envolvidos.<\/p>\n\n\n\n<h2 class=\"wp-block-heading\">Quais atitudes fortalecem sua prote\u00e7\u00e3o contra as tempestades?<\/h2>\n\n\n\n<p>Desenvolver <strong><a href=\"https:\/\/www.correiobraziliense.com.br\/cbradar\/criancas-que-convivem-com-avos-desenvolvem-habilidades-importantes-que-vao-alem-da-sala-de-aula\/\" target=\"_blank\" rel=\"noreferrer noopener\">habilidades <\/a><\/strong>de adapta\u00e7\u00e3o e flexibilidade mental prepara o ser humano para lidar com as mudan\u00e7as bruscas no cen\u00e1rio social contempor\u00e2neo. Fortalecer as estruturas internas de car\u00e1ter garante que voc\u00ea permane\u00e7a firme mesmo quando as condi\u00e7\u00f5es externas parecem totalmente desfavor\u00e1veis. Ter uma estrutura m\u00ednima \u00e9 o segredo para recuperar o f\u00f4lego necess\u00e1rio para viver e prosperar.<\/p>\n\n\n\n<p>Observe as caracter\u00edsticas fundamentais que surgem quando voc\u00ea decide abandonar a busca por controle absoluto e focar na coletividade:<\/p>\n\n\n\n<ul class=\"wp-block-list\">\n<li>Cultivar uma rede de apoio confi\u00e1vel;<\/li>\n\n\n\n<li>Praticar a gratid\u00e3o pelas pequenas vit\u00f3rias;<\/li>\n\n\n\n<li>Investir em autoconhecimento e equil\u00edbrio;<\/li>\n\n\n\n<li>Manter a disciplina nas rotinas di\u00e1rias;<\/li>\n\n\n\n<li>Apoiar os outros em momentos cr\u00edticos.<\/li>\n<\/ul>\n\n\n\n<h2 class=\"wp-block-heading\">Existe benef\u00edcio em aceitar a imprevisibilidade da vida?<\/h2>\n\n\n\n<p>Aceitar que n\u00e3o temos controle sobre todos os eventos externos reduz significativamente os n\u00edveis de estresse e ansiedade severa acumulada. Essa postura realista permite que o indiv\u00edduo foque apenas no que realmente pode ser mudado atrav\u00e9s de a\u00e7\u00f5es concretas e imediatas. O desapego das expectativas irreais promove um descanso mental profundo e uma <strong>vis\u00e3o de futuro muito clara<\/strong>.<\/p>\n\n\n\n<p>Quando paramos de lutar contra o que \u00e9 inevit\u00e1vel, economizamos energia vital para investir em projetos que trazem felicidade e prop\u00f3sito real. A maturidade consiste em reconhecer que a chuva cair\u00e1, independentemente do nosso desejo pessoal de manter o c\u00e9u sempre azul e l\u00edmpido. Viver com leveza exige a coragem de abra\u00e7ar a incerteza com <strong>autonomia e serenidade total<\/strong>.<\/p>\n\n\n\n<figure class=\"wp-block-image size-full\"><img decoding=\"async\" width=\"1280\" height=\"720\" src=\"https:\/\/www.correiobraziliense.com.br\/cbradar\/wp-content\/uploads\/2026\/04\/Gemini_Generated_Image_4uviuc4uviuc4uvi-1-1.png\" alt=\"Prov\u00e9rbio do dia: \u201cA chuva n\u00e3o cai sobre um telhado s\u00f3.\u201d\" class=\"wp-image-233602\" srcset=\"https:\/\/www.correiobraziliense.com.br\/cbradar\/wp-content\/uploads\/2026\/04\/Gemini_Generated_Image_4uviuc4uviuc4uvi-1-1.png 1280w, https:\/\/www.correiobraziliense.com.br\/cbradar\/wp-content\/uploads\/2026\/04\/Gemini_Generated_Image_4uviuc4uviuc4uvi-1-1-300x169.png 300w, https:\/\/www.correiobraziliense.com.br\/cbradar\/wp-content\/uploads\/2026\/04\/Gemini_Generated_Image_4uviuc4uviuc4uvi-1-1-768x432.png 768w, https:\/\/www.correiobraziliense.com.br\/cbradar\/wp-content\/uploads\/2026\/04\/Gemini_Generated_Image_4uviuc4uviuc4uvi-1-1-750x422.png 750w, https:\/\/www.correiobraziliense.com.br\/cbradar\/wp-content\/uploads\/2026\/04\/Gemini_Generated_Image_4uviuc4uviuc4uvi-1-1-1140x641.png 1140w\" sizes=\"(max-width: 1280px) 100vw, 1280px\" \/><figcaption class=\"wp-element-caption\">As dificuldades da vida fortalecem a resili\u00eancia e moldam sua forma de agir<\/figcaption><\/figure>\n\n\n\n<h2 class=\"wp-block-heading\">Qual a vis\u00e3o da ci\u00eancia sobre a resili\u00eancia comunit\u00e1ria?<\/h2>\n\n\n\n<p>Estudos sobre psicologia social demonstram que comunidades com altos n\u00edveis de coopera\u00e7\u00e3o recuperam-se muito mais r\u00e1pido de desastres naturais ou crises econ\u00f4micas. A sensa\u00e7\u00e3o de pertencimento e o aux\u00edlio m\u00fatuo atuam como fatores de prote\u00e7\u00e3o biol\u00f3gica contra o desenvolvimento de traumas e depress\u00e3o profunda. Fortalecer a infraestrutura social \u00e9 t\u00e3o importante quanto refor\u00e7ar as funda\u00e7\u00f5es f\u00edsicas dos edif\u00edcios.<\/p>\n\n\n\n<p>Para aprofundar o conhecimento sobre como construir redes de suporte resilientes e preparadas para enfrentar situa\u00e7\u00f5es de emerg\u00eancia global, acesse o guia oficial do <strong><a href=\"https:\/\/www.undrr.org\/terminology\/resilience\" target=\"_blank\" rel=\"noreferrer noopener\">United Nations Office for Disaster Risk Reduction<\/a><\/strong>. Seguir orienta\u00e7\u00f5es de autoridades ajuda a organizar a ajuda. Adotar essa mentalidade preventiva garante que a sociedade esteja pronta para qualquer desafio clim\u00e1tico ou social inesperado.<\/p>\n","protected":false},"excerpt":{"rendered":"<p>O prov\u00e9rbio africano sobre a chuva nos lembra que as adversidades e oportunidades da vida s\u00e3o universais e inevit\u00e1veis. Compreender que ningu\u00e9m est\u00e1 imune aos desafios ajuda a cultivar a empatia e a resili\u00eancia coletiva. Vamos analisar como essa sabedoria milenar pode transformar nossa percep\u00e7\u00e3o sobre os problemas e fortalecer nossos la\u00e7os sociais. Por que [&hellip;]<\/p>\n","protected":false},"author":21,"featured_media":233599,"comment_status":"open","ping_status":"open","sticky":false,"template":"","format":"standard","meta":{"_yoast_wpseo_focuskw":"resili\u00eancia diante das dificuldades da vida","_yoast_wpseo_title":"","_yoast_wpseo_metadesc":"Adversidades fazem parte da experi\u00eancia humana e atingem todos. A forma de encarar esses momentos define sua capacidade de seguir firme.","jnews-multi-image_gallery":[],"jnews_single_post":{"format":"standard"},"jnews_primary_category":[],"jnews_social_meta":[],"jnews_override_counter":[],"footnotes":""},"categories":[112],"tags":[173,15978,18318],"class_list":["post-233590","post","type-post","status-publish","format-standard","has-post-thumbnail","hentry","category-curiosidades","tag-chuva","tag-proverbio-africano","tag-proverbio-do-dia"],"yoast_head":"<!-- This site is optimized with the Yoast SEO plugin v24.6 - https:\/\/yoast.com\/wordpress\/plugins\/seo\/ -->\n<title>Prov\u00e9rbio do dia: \u201cA chuva n\u00e3o cai sobre um telhado s\u00f3.\u201d - Correio Braziliense - Radar<\/title>\n<meta name=\"description\" content=\"Adversidades fazem parte da experi\u00eancia humana e atingem todos. A forma de encarar esses momentos define sua capacidade de seguir firme.\" \/>\n<meta name=\"robots\" content=\"index, follow, max-snippet:-1, max-image-preview:large, max-video-preview:-1\" \/>\n<link rel=\"canonical\" href=\"https:\/\/www.correiobraziliense.com.br\/cbradar\/proverbio-do-dia-a-chuva-nao-cai-sobre-um-telhado-so\/\" \/>\n<meta property=\"og:locale\" content=\"pt_BR\" \/>\n<meta property=\"og:type\" content=\"article\" \/>\n<meta property=\"og:title\" content=\"Prov\u00e9rbio do dia: \u201cA chuva n\u00e3o cai sobre um telhado s\u00f3.\u201d - Correio Braziliense - Radar\" \/>\n<meta property=\"og:description\" content=\"Adversidades fazem parte da experi\u00eancia humana e atingem todos. A forma de encarar esses momentos define sua capacidade de seguir firme.\" \/>\n<meta property=\"og:url\" content=\"https:\/\/www.correiobraziliense.com.br\/cbradar\/proverbio-do-dia-a-chuva-nao-cai-sobre-um-telhado-so\/\" \/>\n<meta property=\"og:site_name\" content=\"Correio Braziliense - Radar\" \/>\n<meta property=\"article:published_time\" content=\"2026-04-29T20:35:00+00:00\" \/>\n<meta property=\"og:image\" content=\"https:\/\/www.correiobraziliense.com.br\/cbradar\/wp-content\/uploads\/2026\/04\/Gemini_Generated_Image_s4uj4ns4uj4ns4uj-1-1.png\" \/>\n\t<meta property=\"og:image:width\" content=\"1280\" \/>\n\t<meta property=\"og:image:height\" content=\"720\" \/>\n\t<meta property=\"og:image:type\" content=\"image\/png\" \/>\n<meta name=\"author\" content=\"Patrick Silva\" \/>\n<meta name=\"twitter:card\" content=\"summary_large_image\" \/>\n<meta name=\"twitter:label1\" content=\"Escrito por\" \/>\n\t<meta name=\"twitter:data1\" content=\"Patrick Silva\" \/>\n\t<meta name=\"twitter:label2\" content=\"Est. tempo de leitura\" \/>\n\t<meta name=\"twitter:data2\" content=\"5 minutos\" \/>\n<!-- \/ Yoast SEO plugin. -->","yoast_head_json":{"title":"Prov\u00e9rbio do dia: \u201cA chuva n\u00e3o cai sobre um telhado s\u00f3.\u201d - Correio Braziliense - Radar","description":"Adversidades fazem parte da experi\u00eancia humana e atingem todos. A forma de encarar esses momentos define sua capacidade de seguir firme.","robots":{"index":"index","follow":"follow","max-snippet":"max-snippet:-1","max-image-preview":"max-image-preview:large","max-video-preview":"max-video-preview:-1"},"canonical":"https:\/\/www.correiobraziliense.com.br\/cbradar\/proverbio-do-dia-a-chuva-nao-cai-sobre-um-telhado-so\/","og_locale":"pt_BR","og_type":"article","og_title":"Prov\u00e9rbio do dia: \u201cA chuva n\u00e3o cai sobre um telhado s\u00f3.\u201d - Correio Braziliense - Radar","og_description":"Adversidades fazem parte da experi\u00eancia humana e atingem todos. A forma de encarar esses momentos define sua capacidade de seguir firme.","og_url":"https:\/\/www.correiobraziliense.com.br\/cbradar\/proverbio-do-dia-a-chuva-nao-cai-sobre-um-telhado-so\/","og_site_name":"Correio Braziliense - Radar","article_published_time":"2026-04-29T20:35:00+00:00","og_image":[{"width":1280,"height":720,"url":"https:\/\/www.correiobraziliense.com.br\/cbradar\/wp-content\/uploads\/2026\/04\/Gemini_Generated_Image_s4uj4ns4uj4ns4uj-1-1.png","type":"image\/png"}],"author":"Patrick Silva","twitter_card":"summary_large_image","twitter_misc":{"Escrito por":"Patrick Silva","Est. tempo de leitura":"5 minutos"},"schema":{"@context":"https:\/\/schema.org","@graph":[{"@type":"WebPage","@id":"https:\/\/www.correiobraziliense.com.br\/cbradar\/proverbio-do-dia-a-chuva-nao-cai-sobre-um-telhado-so\/","url":"https:\/\/www.correiobraziliense.com.br\/cbradar\/proverbio-do-dia-a-chuva-nao-cai-sobre-um-telhado-so\/","name":"Prov\u00e9rbio do dia: \u201cA chuva n\u00e3o cai sobre um telhado s\u00f3.\u201d - Correio Braziliense - Radar","isPartOf":{"@id":"https:\/\/www.correiobraziliense.com.br\/cbradar\/#website"},"primaryImageOfPage":{"@id":"https:\/\/www.correiobraziliense.com.br\/cbradar\/proverbio-do-dia-a-chuva-nao-cai-sobre-um-telhado-so\/#primaryimage"},"image":{"@id":"https:\/\/www.correiobraziliense.com.br\/cbradar\/proverbio-do-dia-a-chuva-nao-cai-sobre-um-telhado-so\/#primaryimage"},"thumbnailUrl":"https:\/\/www.correiobraziliense.com.br\/cbradar\/wp-content\/uploads\/2026\/04\/Gemini_Generated_Image_s4uj4ns4uj4ns4uj-1-1.png","datePublished":"2026-04-29T20:35:00+00:00","author":{"@id":"https:\/\/www.correiobraziliense.com.br\/cbradar\/#\/schema\/person\/5440b72be9c7eb74f446c846479dc4da"},"description":"Adversidades fazem parte da experi\u00eancia humana e atingem todos. A forma de encarar esses momentos define sua capacidade de seguir firme.","breadcrumb":{"@id":"https:\/\/www.correiobraziliense.com.br\/cbradar\/proverbio-do-dia-a-chuva-nao-cai-sobre-um-telhado-so\/#breadcrumb"},"inLanguage":"pt-BR","potentialAction":[{"@type":"ReadAction","target":["https:\/\/www.correiobraziliense.com.br\/cbradar\/proverbio-do-dia-a-chuva-nao-cai-sobre-um-telhado-so\/"]}]},{"@type":"ImageObject","inLanguage":"pt-BR","@id":"https:\/\/www.correiobraziliense.com.br\/cbradar\/proverbio-do-dia-a-chuva-nao-cai-sobre-um-telhado-so\/#primaryimage","url":"https:\/\/www.correiobraziliense.com.br\/cbradar\/wp-content\/uploads\/2026\/04\/Gemini_Generated_Image_s4uj4ns4uj4ns4uj-1-1.png","contentUrl":"https:\/\/www.correiobraziliense.com.br\/cbradar\/wp-content\/uploads\/2026\/04\/Gemini_Generated_Image_s4uj4ns4uj4ns4uj-1-1.png","width":1280,"height":720,"caption":"As dificuldades da vida fortalecem a resili\u00eancia e moldam sua forma de agir"},{"@type":"BreadcrumbList","@id":"https:\/\/www.correiobraziliense.com.br\/cbradar\/proverbio-do-dia-a-chuva-nao-cai-sobre-um-telhado-so\/#breadcrumb","itemListElement":[{"@type":"ListItem","position":1,"name":"In\u00edcio","item":"https:\/\/www.correiobraziliense.com.br\/cbradar\/"},{"@type":"ListItem","position":2,"name":"Prov\u00e9rbio do dia: \u201cA chuva n\u00e3o cai sobre um telhado s\u00f3.\u201d"}]},{"@type":"WebSite","@id":"https:\/\/www.correiobraziliense.com.br\/cbradar\/#website","url":"https:\/\/www.correiobraziliense.com.br\/cbradar\/","name":"Correio Braziliense - Radar","description":"Acompanhe as \u00faltimas not\u00edcias e fique bem informado sobre tudo o que acontece no Brasil e no mundo.","potentialAction":[{"@type":"SearchAction","target":{"@type":"EntryPoint","urlTemplate":"https:\/\/www.correiobraziliense.com.br\/cbradar\/?s={search_term_string}"},"query-input":{"@type":"PropertyValueSpecification","valueRequired":true,"valueName":"search_term_string"}}],"inLanguage":"pt-BR"},{"@type":"Person","@id":"https:\/\/www.correiobraziliense.com.br\/cbradar\/#\/schema\/person\/5440b72be9c7eb74f446c846479dc4da","name":"Patrick Silva","image":{"@type":"ImageObject","inLanguage":"pt-BR","@id":"https:\/\/www.correiobraziliense.com.br\/cbradar\/#\/schema\/person\/image\/","url":"https:\/\/secure.gravatar.com\/avatar\/944109df296fc087785c9715fd5f80b2?s=96&d=mm&r=g","contentUrl":"https:\/\/secure.gravatar.com\/avatar\/944109df296fc087785c9715fd5f80b2?s=96&d=mm&r=g","caption":"Patrick Silva"},"sameAs":["https:\/\/www.correiobraziliense.com.br\/cbradar\/"],"url":"https:\/\/www.correiobraziliense.com.br\/cbradar\/author\/patrick-silva\/"}]}},"_links":{"self":[{"href":"https:\/\/www.correiobraziliense.com.br\/cbradar\/wp-json\/wp\/v2\/posts\/233590","targetHints":{"allow":["GET"]}}],"collection":[{"href":"https:\/\/www.correiobraziliense.com.br\/cbradar\/wp-json\/wp\/v2\/posts"}],"about":[{"href":"https:\/\/www.correiobraziliense.com.br\/cbradar\/wp-json\/wp\/v2\/types\/post"}],"author":[{"embeddable":true,"href":"https:\/\/www.correiobraziliense.com.br\/cbradar\/wp-json\/wp\/v2\/users\/21"}],"replies":[{"embeddable":true,"href":"https:\/\/www.correiobraziliense.com.br\/cbradar\/wp-json\/wp\/v2\/comments?post=233590"}],"version-history":[{"count":6,"href":"https:\/\/www.correiobraziliense.com.br\/cbradar\/wp-json\/wp\/v2\/posts\/233590\/revisions"}],"predecessor-version":[{"id":233605,"href":"https:\/\/www.correiobraziliense.com.br\/cbradar\/wp-json\/wp\/v2\/posts\/233590\/revisions\/233605"}],"wp:featuredmedia":[{"embeddable":true,"href":"https:\/\/www.correiobraziliense.com.br\/cbradar\/wp-json\/wp\/v2\/media\/233599"}],"wp:attachment":[{"href":"https:\/\/www.correiobraziliense.com.br\/cbradar\/wp-json\/wp\/v2\/media?parent=233590"}],"wp:term":[{"taxonomy":"category","embeddable":true,"href":"https:\/\/www.correiobraziliense.com.br\/cbradar\/wp-json\/wp\/v2\/categories?post=233590"},{"taxonomy":"post_tag","embeddable":true,"href":"https:\/\/www.correiobraziliense.com.br\/cbradar\/wp-json\/wp\/v2\/tags?post=233590"}],"curies":[{"name":"wp","href":"https:\/\/api.w.org\/{rel}","templated":true}]}}