{"id":233607,"date":"2026-04-29T20:05:00","date_gmt":"2026-04-29T23:05:00","guid":{"rendered":"https:\/\/www.correiobraziliense.com.br\/cbradar\/?p=233607"},"modified":"2026-04-28T11:12:39","modified_gmt":"2026-04-28T14:12:39","slug":"proverbio-do-dia-quem-carrega-ovos-nao-arruma-briga-no-caminho","status":"publish","type":"post","link":"https:\/\/www.correiobraziliense.com.br\/cbradar\/proverbio-do-dia-quem-carrega-ovos-nao-arruma-briga-no-caminho\/","title":{"rendered":"Prov\u00e9rbio do dia: \u201cQuem carrega ovos n\u00e3o arruma briga no caminho.\u201d"},"content":{"rendered":"\n<p>Este prov\u00e9rbio popular destaca a import\u00e2ncia da cautela e da prioriza\u00e7\u00e3o de objetivos quando carregamos algo valioso em nossa jornada pessoal. Agir com prud\u00eancia evita conflitos desnecess\u00e1rios que podem destruir conquistas arduamente alcan\u00e7adas ao longo do tempo. Entender o valor do sil\u00eancio estrat\u00e9gico \u00e9 o segredo para proteger seus planos de interfer\u00eancias externas constantes.<\/p>\n\n\n\n<h2 class=\"wp-block-heading\">Por que a prud\u00eancia \u00e9 o escudo dos realizadores?<\/h2>\n\n\n\n<p>Quando voc\u00ea possui metas claras e projetos em andamento, qualquer discuss\u00e3o trivial torna-se um risco desnecess\u00e1rio para o seu progresso. O prov\u00e9rbio ensina que quem tem muito a perder deve evitar embates que apenas consomem energia e tempo precioso. Manter o foco no destino final exige uma <strong>disciplina mental rigorosa<\/strong> para ignorar provoca\u00e7\u00f5es passageiras sem sentido algum.<\/p>\n\n\n\n<p>Imagine que seus sonhos s\u00e3o os ovos fr\u00e1geis que precisam chegar intactos ao destino pretendido em sua carreira profissional. Arrumar confus\u00e3o no caminho aumenta as chances de quebrar o que voc\u00ea levou meses para construir com dedica\u00e7\u00e3o. Escolher suas batalhas com sabedoria \u00e9 uma marca de <strong><a href=\"https:\/\/www.correiobraziliense.com.br\/cbradar\/a-psicologia-diz-que-maturidade-emocional-num-relacionamento-nao-se-parece-com-a-versao-que-te-venderam-nao-e-sempre-saber-o-que-dizer-nunca-se-irritar-ou-resolver-tudo-rapido-e-conseguir-parar-ou\/\" target=\"_blank\" rel=\"noreferrer noopener\">maturidade <\/a>emocional superior<\/strong> que diferencia os vencedores dos indiv\u00edduos meramente impulsivos.<\/p>\n\n\n\n<figure class=\"wp-block-image size-full\"><img decoding=\"async\" width=\"1280\" height=\"720\" src=\"https:\/\/www.correiobraziliense.com.br\/cbradar\/wp-content\/uploads\/2026\/04\/Gemini_Generated_Image_ct3iuact3iuact3i-1-1.png\" alt=\"Prov\u00e9rbio do dia: \u201cQuem carrega ovos n\u00e3o arruma briga no caminho.\u201d\" class=\"wp-image-233617\" srcset=\"https:\/\/www.correiobraziliense.com.br\/cbradar\/wp-content\/uploads\/2026\/04\/Gemini_Generated_Image_ct3iuact3iuact3i-1-1.png 1280w, https:\/\/www.correiobraziliense.com.br\/cbradar\/wp-content\/uploads\/2026\/04\/Gemini_Generated_Image_ct3iuact3iuact3i-1-1-300x169.png 300w, https:\/\/www.correiobraziliense.com.br\/cbradar\/wp-content\/uploads\/2026\/04\/Gemini_Generated_Image_ct3iuact3iuact3i-1-1-768x432.png 768w, https:\/\/www.correiobraziliense.com.br\/cbradar\/wp-content\/uploads\/2026\/04\/Gemini_Generated_Image_ct3iuact3iuact3i-1-1-750x422.png 750w, https:\/\/www.correiobraziliense.com.br\/cbradar\/wp-content\/uploads\/2026\/04\/Gemini_Generated_Image_ct3iuact3iuact3i-1-1-1140x641.png 1140w\" sizes=\"(max-width: 1280px) 100vw, 1280px\" \/><figcaption class=\"wp-element-caption\">Evitar conflitos ajuda a preservar objetivos e manter o foco no que importa<\/figcaption><\/figure>\n\n\n\n<h2 class=\"wp-block-heading\">Qual o papel do sil\u00eancio estrat\u00e9gico no sucesso?<\/h2>\n\n\n\n<p>Muitas vezes, o ego nos impulsiona a responder ofensas ou a participar de disputas que n\u00e3o agregam valor real. No entanto, o indiv\u00edduo que carrega responsabilidades pesadas entende que o sil\u00eancio \u00e9 uma ferramenta de preserva\u00e7\u00e3o extremamente poderosa. Evitar o confronto direto economiza recursos emocionais que ser\u00e3o fundamentais para superar os obst\u00e1culos verdadeiramente importantes da sua pr\u00f3pria trajet\u00f3ria pessoal.<\/p>\n\n\n\n<p>Agir com discri\u00e7\u00e3o permite que voc\u00ea avance sem atrair olhares invejosos ou interfer\u00eancias de pessoas que n\u00e3o compartilham seus valores. Quando voc\u00ea foca no transporte seguro das suas conquistas, a opini\u00e3o alheia torna-se um ru\u00eddo irrelevante e incapaz de ferir. Priorizar a sua paz interna \u00e9 a estrat\u00e9gia mais eficiente para garantir que seus <strong>objetivos sejam plenamente realizados<\/strong>.<\/p>\n\n\n\n<h2 class=\"wp-block-heading\">Como proteger seus objetivos de distra\u00e7\u00f5es externas?<\/h2>\n\n\n\n<p>Criar filtros mentais para identificar o que merece sua aten\u00e7\u00e3o \u00e9 um passo decisivo para manter a integridade dos planos. Nem toda cr\u00edtica exige resposta e nem todo desafio merece sua participa\u00e7\u00e3o ativa em momentos de vulnerabilidade ou foco. <\/p>\n\n\n\n<p>Observe atentamente as atitudes pr\u00e1ticas que garantem a seguran\u00e7a da sua carga emocional e profissional durante a caminhada:<\/p>\n\n\n\n<ul class=\"wp-block-list\">\n<li>Definir prioridades claras logo pela manh\u00e3;<\/li>\n\n\n\n<li>Evitar debates exaustivos em redes sociais;<\/li>\n\n\n\n<li>Praticar a escuta ativa sem reatividade;<\/li>\n\n\n\n<li>Manter planos importantes em total sigilo;<\/li>\n\n\n\n<li>Afastar-se de ambientes carregados de negatividade.<\/li>\n<\/ul>\n\n\n\n<h2 class=\"wp-block-heading\">Existe rela\u00e7\u00e3o entre intelig\u00eancia emocional e cautela?<\/h2>\n\n\n\n<p>A intelig\u00eancia emocional permite que voc\u00ea reconhe\u00e7a os gatilhos que levam \u00e0 irrita\u00e7\u00e3o antes que eles dominem suas a\u00e7\u00f5es. Ao manter o equil\u00edbrio, voc\u00ea protege n\u00e3o apenas seus projetos, mas tamb\u00e9m sua sa\u00fade f\u00edsica e mental contra o estresse oxidativo. Ser cauteloso n\u00e3o significa ter medo, mas possuir a <strong>coragem de ignorar o irrelevante<\/strong> em favor do essencial.<\/p>\n\n\n\n<p>Pessoas resilientes utilizam a l\u00f3gica para avaliar se o custo de uma briga vale o preju\u00edzo potencial ao seu legado. Frequentemente, a resposta \u00e9 negativa, pois nada \u00e9 mais valioso do que a conclus\u00e3o bem-sucedida de uma miss\u00e3o importante. Cultivar a paci\u00eancia transforma cada passo em um movimento calculado que fortalece a sua <strong>autoridade e seguran\u00e7a pessoal<\/strong> inabal\u00e1vel hoje.<\/p>\n\n\n\n<figure class=\"wp-block-image size-full\"><img decoding=\"async\" width=\"1280\" height=\"720\" src=\"https:\/\/www.correiobraziliense.com.br\/cbradar\/wp-content\/uploads\/2026\/04\/Gemini_Generated_Image_fc4pgefc4pgefc4p-1-1.png\" alt=\"Prov\u00e9rbio do dia: \u201cQuem carrega ovos n\u00e3o arruma briga no caminho.\u201d\" class=\"wp-image-233620\" srcset=\"https:\/\/www.correiobraziliense.com.br\/cbradar\/wp-content\/uploads\/2026\/04\/Gemini_Generated_Image_fc4pgefc4pgefc4p-1-1.png 1280w, https:\/\/www.correiobraziliense.com.br\/cbradar\/wp-content\/uploads\/2026\/04\/Gemini_Generated_Image_fc4pgefc4pgefc4p-1-1-300x169.png 300w, https:\/\/www.correiobraziliense.com.br\/cbradar\/wp-content\/uploads\/2026\/04\/Gemini_Generated_Image_fc4pgefc4pgefc4p-1-1-768x432.png 768w, https:\/\/www.correiobraziliense.com.br\/cbradar\/wp-content\/uploads\/2026\/04\/Gemini_Generated_Image_fc4pgefc4pgefc4p-1-1-750x422.png 750w, https:\/\/www.correiobraziliense.com.br\/cbradar\/wp-content\/uploads\/2026\/04\/Gemini_Generated_Image_fc4pgefc4pgefc4p-1-1-1140x641.png 1140w\" sizes=\"(max-width: 1280px) 100vw, 1280px\" \/><figcaption class=\"wp-element-caption\">Evitar conflitos ajuda a preservar objetivos e manter o foco no que importa<\/figcaption><\/figure>\n\n\n\n<h2 class=\"wp-block-heading\">Como o foco nos resultados evita conflitos in\u00fateis?<\/h2>\n\n\n\n<p>Manter a vis\u00e3o voltada para o horizonte impede que pequenas pedras no caminho desviem sua aten\u00e7\u00e3o do que \u00e9 vital. Indiv\u00edduos que alcan\u00e7am grandes feitos s\u00e3o aqueles que aprenderam a tratar a pr\u00f3pria energia como um recurso limitado e extremamente precioso. O prov\u00e9rbio nos convida a refletir sobre a import\u00e2ncia de carregar nossas vit\u00f3rias com a <strong>delicadeza e firmeza necess\u00e1rias<\/strong>.<\/p>\n\n\n\n<p>A gest\u00e3o eficaz das emo\u00e7\u00f5es \u00e9 um pilar recomendado para manter a alta performance em ambientes competitivos. Para entender como o controle dos impulsos pode melhorar significativamente suas rela\u00e7\u00f5es e resultados, acesse as orienta\u00e7\u00f5es da <strong><a href=\"https:\/\/dictionary.apa.org\/emotional-intelligence\" target=\"_blank\" rel=\"noreferrer noopener\">American Psychological Association<\/a><\/strong>. Adotar essa mentalidade de preserva\u00e7\u00e3o \u00e9 o segredo para chegar ao destino com sua carga perfeitamente intacta e muito <strong>vitoriosa<\/strong>.<\/p>\n","protected":false},"excerpt":{"rendered":"<p>Este prov\u00e9rbio popular destaca a import\u00e2ncia da cautela e da prioriza\u00e7\u00e3o de objetivos quando carregamos algo valioso em nossa jornada pessoal. Agir com prud\u00eancia evita conflitos desnecess\u00e1rios que podem destruir conquistas arduamente alcan\u00e7adas ao longo do tempo. Entender o valor do sil\u00eancio estrat\u00e9gico \u00e9 o segredo para proteger seus planos de interfer\u00eancias externas constantes. Por [&hellip;]<\/p>\n","protected":false},"author":21,"featured_media":233613,"comment_status":"open","ping_status":"open","sticky":false,"template":"","format":"standard","meta":{"_yoast_wpseo_focuskw":"evitar conflitos para proteger objetivos","_yoast_wpseo_title":"","_yoast_wpseo_metadesc":"Evitar conflitos desnecess\u00e1rios pode proteger objetivos importantes. A forma de reagir define o quanto voc\u00ea preserva suas conquistas.","jnews-multi-image_gallery":[],"jnews_single_post":{"format":"standard"},"jnews_primary_category":[],"jnews_social_meta":[],"jnews_override_counter":[],"footnotes":""},"categories":[112],"tags":[16115,974,18318],"class_list":["post-233607","post","type-post","status-publish","format-standard","has-post-thumbnail","hentry","category-curiosidades","tag-caminho","tag-ovos","tag-proverbio-do-dia"],"yoast_head":"<!-- This site is optimized with the Yoast SEO plugin v24.6 - https:\/\/yoast.com\/wordpress\/plugins\/seo\/ -->\n<title>Prov\u00e9rbio do dia: \u201cQuem carrega ovos n\u00e3o arruma briga no caminho.\u201d - Correio Braziliense - Radar<\/title>\n<meta name=\"description\" content=\"Evitar conflitos desnecess\u00e1rios pode proteger objetivos importantes. A forma de reagir define o quanto voc\u00ea preserva suas conquistas.\" \/>\n<meta name=\"robots\" content=\"index, follow, max-snippet:-1, max-image-preview:large, max-video-preview:-1\" \/>\n<link rel=\"canonical\" href=\"https:\/\/www.correiobraziliense.com.br\/cbradar\/proverbio-do-dia-quem-carrega-ovos-nao-arruma-briga-no-caminho\/\" \/>\n<meta property=\"og:locale\" content=\"pt_BR\" \/>\n<meta property=\"og:type\" content=\"article\" \/>\n<meta property=\"og:title\" content=\"Prov\u00e9rbio do dia: \u201cQuem carrega ovos n\u00e3o arruma briga no caminho.\u201d - Correio Braziliense - Radar\" \/>\n<meta property=\"og:description\" content=\"Evitar conflitos desnecess\u00e1rios pode proteger objetivos importantes. A forma de reagir define o quanto voc\u00ea preserva suas conquistas.\" \/>\n<meta property=\"og:url\" content=\"https:\/\/www.correiobraziliense.com.br\/cbradar\/proverbio-do-dia-quem-carrega-ovos-nao-arruma-briga-no-caminho\/\" \/>\n<meta property=\"og:site_name\" content=\"Correio Braziliense - Radar\" \/>\n<meta property=\"article:published_time\" content=\"2026-04-29T23:05:00+00:00\" \/>\n<meta property=\"og:image\" content=\"https:\/\/www.correiobraziliense.com.br\/cbradar\/wp-content\/uploads\/2026\/04\/Gemini_Generated_Image_l18wmpl18wmpl18w-1-1.png\" \/>\n\t<meta property=\"og:image:width\" content=\"1280\" \/>\n\t<meta property=\"og:image:height\" content=\"720\" \/>\n\t<meta property=\"og:image:type\" content=\"image\/png\" \/>\n<meta name=\"author\" content=\"Patrick Silva\" \/>\n<meta name=\"twitter:card\" content=\"summary_large_image\" \/>\n<meta name=\"twitter:label1\" content=\"Escrito por\" \/>\n\t<meta name=\"twitter:data1\" content=\"Patrick Silva\" \/>\n\t<meta name=\"twitter:label2\" content=\"Est. tempo de leitura\" \/>\n\t<meta name=\"twitter:data2\" content=\"5 minutos\" \/>\n<!-- \/ Yoast SEO plugin. -->","yoast_head_json":{"title":"Prov\u00e9rbio do dia: \u201cQuem carrega ovos n\u00e3o arruma briga no caminho.\u201d - Correio Braziliense - Radar","description":"Evitar conflitos desnecess\u00e1rios pode proteger objetivos importantes. A forma de reagir define o quanto voc\u00ea preserva suas conquistas.","robots":{"index":"index","follow":"follow","max-snippet":"max-snippet:-1","max-image-preview":"max-image-preview:large","max-video-preview":"max-video-preview:-1"},"canonical":"https:\/\/www.correiobraziliense.com.br\/cbradar\/proverbio-do-dia-quem-carrega-ovos-nao-arruma-briga-no-caminho\/","og_locale":"pt_BR","og_type":"article","og_title":"Prov\u00e9rbio do dia: \u201cQuem carrega ovos n\u00e3o arruma briga no caminho.\u201d - Correio Braziliense - Radar","og_description":"Evitar conflitos desnecess\u00e1rios pode proteger objetivos importantes. A forma de reagir define o quanto voc\u00ea preserva suas conquistas.","og_url":"https:\/\/www.correiobraziliense.com.br\/cbradar\/proverbio-do-dia-quem-carrega-ovos-nao-arruma-briga-no-caminho\/","og_site_name":"Correio Braziliense - Radar","article_published_time":"2026-04-29T23:05:00+00:00","og_image":[{"width":1280,"height":720,"url":"https:\/\/www.correiobraziliense.com.br\/cbradar\/wp-content\/uploads\/2026\/04\/Gemini_Generated_Image_l18wmpl18wmpl18w-1-1.png","type":"image\/png"}],"author":"Patrick Silva","twitter_card":"summary_large_image","twitter_misc":{"Escrito por":"Patrick Silva","Est. tempo de leitura":"5 minutos"},"schema":{"@context":"https:\/\/schema.org","@graph":[{"@type":"WebPage","@id":"https:\/\/www.correiobraziliense.com.br\/cbradar\/proverbio-do-dia-quem-carrega-ovos-nao-arruma-briga-no-caminho\/","url":"https:\/\/www.correiobraziliense.com.br\/cbradar\/proverbio-do-dia-quem-carrega-ovos-nao-arruma-briga-no-caminho\/","name":"Prov\u00e9rbio do dia: \u201cQuem carrega ovos n\u00e3o arruma briga no caminho.\u201d - Correio Braziliense - Radar","isPartOf":{"@id":"https:\/\/www.correiobraziliense.com.br\/cbradar\/#website"},"primaryImageOfPage":{"@id":"https:\/\/www.correiobraziliense.com.br\/cbradar\/proverbio-do-dia-quem-carrega-ovos-nao-arruma-briga-no-caminho\/#primaryimage"},"image":{"@id":"https:\/\/www.correiobraziliense.com.br\/cbradar\/proverbio-do-dia-quem-carrega-ovos-nao-arruma-briga-no-caminho\/#primaryimage"},"thumbnailUrl":"https:\/\/www.correiobraziliense.com.br\/cbradar\/wp-content\/uploads\/2026\/04\/Gemini_Generated_Image_l18wmpl18wmpl18w-1-1.png","datePublished":"2026-04-29T23:05:00+00:00","author":{"@id":"https:\/\/www.correiobraziliense.com.br\/cbradar\/#\/schema\/person\/5440b72be9c7eb74f446c846479dc4da"},"description":"Evitar conflitos desnecess\u00e1rios pode proteger objetivos importantes. A forma de reagir define o quanto voc\u00ea preserva suas conquistas.","breadcrumb":{"@id":"https:\/\/www.correiobraziliense.com.br\/cbradar\/proverbio-do-dia-quem-carrega-ovos-nao-arruma-briga-no-caminho\/#breadcrumb"},"inLanguage":"pt-BR","potentialAction":[{"@type":"ReadAction","target":["https:\/\/www.correiobraziliense.com.br\/cbradar\/proverbio-do-dia-quem-carrega-ovos-nao-arruma-briga-no-caminho\/"]}]},{"@type":"ImageObject","inLanguage":"pt-BR","@id":"https:\/\/www.correiobraziliense.com.br\/cbradar\/proverbio-do-dia-quem-carrega-ovos-nao-arruma-briga-no-caminho\/#primaryimage","url":"https:\/\/www.correiobraziliense.com.br\/cbradar\/wp-content\/uploads\/2026\/04\/Gemini_Generated_Image_l18wmpl18wmpl18w-1-1.png","contentUrl":"https:\/\/www.correiobraziliense.com.br\/cbradar\/wp-content\/uploads\/2026\/04\/Gemini_Generated_Image_l18wmpl18wmpl18w-1-1.png","width":1280,"height":720,"caption":"Evitar conflitos ajuda a preservar objetivos e manter o foco no que importa"},{"@type":"BreadcrumbList","@id":"https:\/\/www.correiobraziliense.com.br\/cbradar\/proverbio-do-dia-quem-carrega-ovos-nao-arruma-briga-no-caminho\/#breadcrumb","itemListElement":[{"@type":"ListItem","position":1,"name":"In\u00edcio","item":"https:\/\/www.correiobraziliense.com.br\/cbradar\/"},{"@type":"ListItem","position":2,"name":"Prov\u00e9rbio do dia: \u201cQuem carrega ovos n\u00e3o arruma briga no caminho.\u201d"}]},{"@type":"WebSite","@id":"https:\/\/www.correiobraziliense.com.br\/cbradar\/#website","url":"https:\/\/www.correiobraziliense.com.br\/cbradar\/","name":"Correio Braziliense - Radar","description":"Acompanhe as \u00faltimas not\u00edcias e fique bem informado sobre tudo o que acontece no Brasil e no mundo.","potentialAction":[{"@type":"SearchAction","target":{"@type":"EntryPoint","urlTemplate":"https:\/\/www.correiobraziliense.com.br\/cbradar\/?s={search_term_string}"},"query-input":{"@type":"PropertyValueSpecification","valueRequired":true,"valueName":"search_term_string"}}],"inLanguage":"pt-BR"},{"@type":"Person","@id":"https:\/\/www.correiobraziliense.com.br\/cbradar\/#\/schema\/person\/5440b72be9c7eb74f446c846479dc4da","name":"Patrick Silva","image":{"@type":"ImageObject","inLanguage":"pt-BR","@id":"https:\/\/www.correiobraziliense.com.br\/cbradar\/#\/schema\/person\/image\/","url":"https:\/\/secure.gravatar.com\/avatar\/944109df296fc087785c9715fd5f80b2?s=96&d=mm&r=g","contentUrl":"https:\/\/secure.gravatar.com\/avatar\/944109df296fc087785c9715fd5f80b2?s=96&d=mm&r=g","caption":"Patrick Silva"},"sameAs":["https:\/\/www.correiobraziliense.com.br\/cbradar\/"],"url":"https:\/\/www.correiobraziliense.com.br\/cbradar\/author\/patrick-silva\/"}]}},"_links":{"self":[{"href":"https:\/\/www.correiobraziliense.com.br\/cbradar\/wp-json\/wp\/v2\/posts\/233607","targetHints":{"allow":["GET"]}}],"collection":[{"href":"https:\/\/www.correiobraziliense.com.br\/cbradar\/wp-json\/wp\/v2\/posts"}],"about":[{"href":"https:\/\/www.correiobraziliense.com.br\/cbradar\/wp-json\/wp\/v2\/types\/post"}],"author":[{"embeddable":true,"href":"https:\/\/www.correiobraziliense.com.br\/cbradar\/wp-json\/wp\/v2\/users\/21"}],"replies":[{"embeddable":true,"href":"https:\/\/www.correiobraziliense.com.br\/cbradar\/wp-json\/wp\/v2\/comments?post=233607"}],"version-history":[{"count":5,"href":"https:\/\/www.correiobraziliense.com.br\/cbradar\/wp-json\/wp\/v2\/posts\/233607\/revisions"}],"predecessor-version":[{"id":233621,"href":"https:\/\/www.correiobraziliense.com.br\/cbradar\/wp-json\/wp\/v2\/posts\/233607\/revisions\/233621"}],"wp:featuredmedia":[{"embeddable":true,"href":"https:\/\/www.correiobraziliense.com.br\/cbradar\/wp-json\/wp\/v2\/media\/233613"}],"wp:attachment":[{"href":"https:\/\/www.correiobraziliense.com.br\/cbradar\/wp-json\/wp\/v2\/media?parent=233607"}],"wp:term":[{"taxonomy":"category","embeddable":true,"href":"https:\/\/www.correiobraziliense.com.br\/cbradar\/wp-json\/wp\/v2\/categories?post=233607"},{"taxonomy":"post_tag","embeddable":true,"href":"https:\/\/www.correiobraziliense.com.br\/cbradar\/wp-json\/wp\/v2\/tags?post=233607"}],"curies":[{"name":"wp","href":"https:\/\/api.w.org\/{rel}","templated":true}]}}