{"id":233609,"date":"2026-04-29T18:15:00","date_gmt":"2026-04-29T21:15:00","guid":{"rendered":"https:\/\/www.correiobraziliense.com.br\/cbradar\/?p=233609"},"modified":"2026-04-28T13:03:59","modified_gmt":"2026-04-28T16:03:59","slug":"com-s-ou-z-essa-e-a-diferenca-para-escrever-desistir-e-deslizar-sem-confusao","status":"publish","type":"post","link":"https:\/\/www.correiobraziliense.com.br\/cbradar\/com-s-ou-z-essa-e-a-diferenca-para-escrever-desistir-e-deslizar-sem-confusao\/","title":{"rendered":"Com s ou z? Essa \u00e9 a diferen\u00e7a para escrever \u201cdesistir\u201d e \u201cdeslizar\u201d sem confus\u00e3o"},"content":{"rendered":"\n<p>Escrever corretamente exige aten\u00e7\u00e3o constante aos detalhes ortogr\u00e1ficos que definem a qualidade da comunica\u00e7\u00e3o escrita no cotidiano. Muitas pessoas hesitam entre o uso das letras s ou z em verbos que possuem sonoridades bastante parecidas. Compreender a origem das palavras e suas termina\u00e7\u00f5es espec\u00edficas \u00e9 a melhor estrat\u00e9gia para evitar erros comuns e transmitir seguran\u00e7a em documentos oficiais.<\/p>\n\n\n\n<h2 class=\"wp-block-heading\">Por que a grafia do verbo desistir utiliza a letra s?<\/h2>\n\n\n\n<p>Para compreender a escrita desse termo, \u00e9 necess\u00e1rio observar a sua forma\u00e7\u00e3o a partir de radicais latinos que mant\u00eam a estrutura original. No caso de desistir, a presen\u00e7a da letra s ocorre naturalmente devido \u00e0 sua raiz etimol\u00f3gica, que n\u00e3o sofreu altera\u00e7\u00f5es significativas ao longo do tempo. Manter essa base preserva a clareza visual e a norma culta.<\/p>\n\n\n\n<p>Al\u00e9m disso, esse termo pertence a um grupo de verbos que n\u00e3o possuem o sufixo de forma\u00e7\u00e3o que exige a letra z. Quando a palavra de origem j\u00e1 cont\u00e9m a letra s, as suas deriva\u00e7\u00f5es verbais costumam seguir o mesmo padr\u00e3o ortogr\u00e1fico com rigor. Essa regularidade facilita a memoriza\u00e7\u00e3o e garante que a escrita permane\u00e7a correta em diferentes contextos.<\/p>\n\n\n\n<figure class=\"wp-block-image size-full\"><img decoding=\"async\" width=\"1280\" height=\"720\" src=\"https:\/\/www.correiobraziliense.com.br\/cbradar\/wp-content\/uploads\/2026\/04\/Gemini_Generated_Image_hzwkb1hzwkb1hzwk-1-1.png\" alt=\"Com s ou z? Essa \u00e9 a diferen\u00e7a para escrever \u201cdesistir\u201d e \u201cdeslizar\u201d sem confus\u00e3o\" class=\"wp-image-233624\" srcset=\"https:\/\/www.correiobraziliense.com.br\/cbradar\/wp-content\/uploads\/2026\/04\/Gemini_Generated_Image_hzwkb1hzwkb1hzwk-1-1.png 1280w, https:\/\/www.correiobraziliense.com.br\/cbradar\/wp-content\/uploads\/2026\/04\/Gemini_Generated_Image_hzwkb1hzwkb1hzwk-1-1-300x169.png 300w, https:\/\/www.correiobraziliense.com.br\/cbradar\/wp-content\/uploads\/2026\/04\/Gemini_Generated_Image_hzwkb1hzwkb1hzwk-1-1-768x432.png 768w, https:\/\/www.correiobraziliense.com.br\/cbradar\/wp-content\/uploads\/2026\/04\/Gemini_Generated_Image_hzwkb1hzwkb1hzwk-1-1-750x422.png 750w, https:\/\/www.correiobraziliense.com.br\/cbradar\/wp-content\/uploads\/2026\/04\/Gemini_Generated_Image_hzwkb1hzwkb1hzwk-1-1-1140x641.png 1140w\" sizes=\"(max-width: 1280px) 100vw, 1280px\" \/><figcaption class=\"wp-element-caption\">Uso de s e z pode ser definido pela origem e forma\u00e7\u00e3o das palavras<\/figcaption><\/figure>\n\n\n\n<h2 class=\"wp-block-heading\">Como identificar a necessidade da letra z em deslizar?<\/h2>\n\n\n\n<p>A palavra deslizar segue uma regra diferente, pois envolve um sufixo que indica a a\u00e7\u00e3o de realizar algo de forma cont\u00ednua. Nesse caso, a letra z \u00e9 utilizada para representar o som sibilante em palavras que n\u00e3o possuem s na sua raiz primitiva ou derivam de nomes espec\u00edficos. Identificar essa diferen\u00e7a \u00e9 essencial para garantir a precis\u00e3o ortogr\u00e1fica.<\/p>\n\n\n\n<p>Muitas vezes, a confus\u00e3o surge porque o som produzido pelas duas letras \u00e9 id\u00eantico quando posicionado entre vogais em diversas palavras da l\u00edngua. No entanto, ao observar a fam\u00edlia de palavras, percebe-se que termos como deslize tamb\u00e9m mant\u00eam a grafia com a letra z. Ter essa percep\u00e7\u00e3o sist\u00eamica ajuda o redator a escolher a letra correta sem qualquer hesita\u00e7\u00e3o.<\/p>\n\n\n\n<h2 class=\"wp-block-heading\">Quais s\u00e3o as principais dicas para memorizar essas diferen\u00e7as?<\/h2>\n\n\n\n<p>Existem t\u00e9cnicas simples que auxiliam na identifica\u00e7\u00e3o da grafia correta sem a necessidade de decorar listas exaustivas de voc\u00e1bulos gramaticais. Observar a palavra que deu origem ao verbo \u00e9 o m\u00e9todo mais eficiente para definir se o uso deve ser de s ou z. Essa an\u00e1lise r\u00e1pida poupa tempo e evita inseguran\u00e7as desnecess\u00e1rias durante a produ\u00e7\u00e3o textual.<\/p>\n\n\n\n<p>As orienta\u00e7\u00f5es mais pr\u00e1ticas para evitar equ\u00edvocos durante a escrita s\u00e3o:<\/p>\n\n\n\n<ul class=\"wp-block-list\">\n<li>Verificar se a palavra primitiva possui s na \u00faltima s\u00edlaba.<\/li>\n\n\n\n<li>Identificar o sufixo izar em palavras que indicam nova a\u00e7\u00e3o.<\/li>\n\n\n\n<li>Analisar a fam\u00edlia de palavras para encontrar termos semelhantes.<\/li>\n\n\n\n<li>Praticar a leitura constante de textos revisados e de autoridade.<\/li>\n<\/ul>\n\n\n\n<h2 class=\"wp-block-heading\">Qual \u00e9 o papel da etimologia na defini\u00e7\u00e3o da ortografia?<\/h2>\n\n\n\n<p>A hist\u00f3ria das palavras explica por que certas letras s\u00e3o mantidas mesmo quando a pron\u00fancia sugere outras op\u00e7\u00f5es gr\u00e1ficas na fala. A etimologia funciona como um mapa que guia a escrita correta, preservando a identidade de cada termo ao longo dos s\u00e9culos de evolu\u00e7\u00e3o lingu\u00edstica. Compreender essa l\u00f3gica torna o processo de aprendizado muito mais interessante e l\u00f3gico.<\/p>\n\n\n\n<p>Quando um verbo deriva de um substantivo que j\u00e1 possui a letra s, ele mant\u00e9m essa caracter\u00edstica para preservar a unidade da fam\u00edlia lexical. Por outro lado, a cria\u00e7\u00e3o de novos verbos a partir de adjetivos geralmente exige o uso do sufixo com a letra z. Essa distin\u00e7\u00e3o clara organiza o sistema ortogr\u00e1fico e facilita a vida dos falantes.<\/p>\n\n\n\n<figure class=\"wp-block-image size-full\"><img decoding=\"async\" width=\"1280\" height=\"720\" src=\"https:\/\/www.correiobraziliense.com.br\/cbradar\/wp-content\/uploads\/2026\/04\/Gemini_Generated_Image_tl9xwztl9xwztl9x-1-1.png\" alt=\"Com s ou z? Essa \u00e9 a diferen\u00e7a para escrever \u201cdesistir\u201d e \u201cdeslizar\u201d sem confus\u00e3o\" class=\"wp-image-233625\" srcset=\"https:\/\/www.correiobraziliense.com.br\/cbradar\/wp-content\/uploads\/2026\/04\/Gemini_Generated_Image_tl9xwztl9xwztl9x-1-1.png 1280w, https:\/\/www.correiobraziliense.com.br\/cbradar\/wp-content\/uploads\/2026\/04\/Gemini_Generated_Image_tl9xwztl9xwztl9x-1-1-300x169.png 300w, https:\/\/www.correiobraziliense.com.br\/cbradar\/wp-content\/uploads\/2026\/04\/Gemini_Generated_Image_tl9xwztl9xwztl9x-1-1-768x432.png 768w, https:\/\/www.correiobraziliense.com.br\/cbradar\/wp-content\/uploads\/2026\/04\/Gemini_Generated_Image_tl9xwztl9xwztl9x-1-1-750x422.png 750w, https:\/\/www.correiobraziliense.com.br\/cbradar\/wp-content\/uploads\/2026\/04\/Gemini_Generated_Image_tl9xwztl9xwztl9x-1-1-1140x641.png 1140w\" sizes=\"(max-width: 1280px) 100vw, 1280px\" \/><figcaption class=\"wp-element-caption\">Uso de s e z pode ser definido pela origem e forma\u00e7\u00e3o das palavras<\/figcaption><\/figure>\n\n\n\n<p>Leia tamb\u00e9m: <a href=\"https:\/\/www.correiobraziliense.com.br\/cbradar\/a-palavra-que-muita-gente-escreve-com-medo-mas-esta-correta-segundo-o-vocabulario-ortografico-da-lingua-portuguesa\/\" target=\"_blank\" rel=\"noreferrer noopener\">A palavra que muita gente escreve com medo, mas est\u00e1 correta segundo o Vocabul\u00e1rio Ortogr\u00e1fico da L\u00edngua Portuguesa<\/a><\/p>\n\n\n\n<h2 class=\"wp-block-heading\">Onde buscar aux\u00edlio para sanar d\u00favidas lingu\u00edsticas recorrentes?<\/h2>\n\n\n\n<p>Consultar fontes oficiais \u00e9 o caminho mais seguro para garantir que a escrita siga os padr\u00f5es exigidos pela norma culta atualizada. Ter o h\u00e1bito de verificar dicion\u00e1rios renomados ajuda a consolidar o conhecimento e amplia o vocabul\u00e1rio de forma consistente. O cuidado com a ortografia reflete o profissionalismo e a compet\u00eancia de quem se comunica atrav\u00e9s das letras.<\/p>\n\n\n\n<p>Para conferir a grafia exata de qualquer termo, o site da <a href=\"https:\/\/www.academia.org.br\/nossa-lingua\/busca-no-vocabulario\" target=\"_blank\" rel=\"noreferrer noopener\"><strong>Academia Brasileira de Letras<\/strong><\/a> oferece uma base de dados completa e atualizada. Utilizar esse recurso evita a propaga\u00e7\u00e3o de erros e assegura que a mensagem seja transmitida com total credibilidade. Investir no dom\u00ednio do idioma \u00e9 um diferencial valioso para qualquer carreira de sucesso duradouro.<\/p>\n","protected":false},"excerpt":{"rendered":"<p>Escrever corretamente exige aten\u00e7\u00e3o constante aos detalhes ortogr\u00e1ficos que definem a qualidade da comunica\u00e7\u00e3o escrita no cotidiano. Muitas pessoas hesitam entre o uso das letras s ou z em verbos que possuem sonoridades bastante parecidas. Compreender a origem das palavras e suas termina\u00e7\u00f5es espec\u00edficas \u00e9 a melhor estrat\u00e9gia para evitar erros comuns e transmitir seguran\u00e7a [&hellip;]<\/p>\n","protected":false},"author":21,"featured_media":233623,"comment_status":"open","ping_status":"open","sticky":false,"template":"","format":"standard","meta":{"_yoast_wpseo_focuskw":"uso de s e z","_yoast_wpseo_title":"","_yoast_wpseo_metadesc":"Diferen\u00e7a entre usar s ou z em verbos pode ser entendida com regras simples que evitam erros comuns na escrita","jnews-multi-image_gallery":[],"jnews_single_post":{"format":"standard"},"jnews_primary_category":[],"jnews_social_meta":[],"jnews_override_counter":[],"footnotes":""},"categories":[112],"tags":[4182,12816,10902,6081],"class_list":["post-233609","post","type-post","status-publish","format-standard","has-post-thumbnail","hentry","category-curiosidades","tag-diferenca","tag-gramatica","tag-lingua-portuguesa","tag-portugues"],"yoast_head":"<!-- This site is optimized with the Yoast SEO plugin v24.6 - https:\/\/yoast.com\/wordpress\/plugins\/seo\/ -->\n<title>Com s ou z? Essa \u00e9 a diferen\u00e7a para escrever \u201cdesistir\u201d e \u201cdeslizar\u201d sem confus\u00e3o - Correio Braziliense - Radar<\/title>\n<meta name=\"description\" content=\"Diferen\u00e7a entre usar s ou z em verbos pode ser entendida com regras simples que evitam erros comuns na escrita\" \/>\n<meta name=\"robots\" content=\"index, follow, max-snippet:-1, max-image-preview:large, max-video-preview:-1\" \/>\n<link rel=\"canonical\" href=\"https:\/\/www.correiobraziliense.com.br\/cbradar\/com-s-ou-z-essa-e-a-diferenca-para-escrever-desistir-e-deslizar-sem-confusao\/\" \/>\n<meta property=\"og:locale\" content=\"pt_BR\" \/>\n<meta property=\"og:type\" content=\"article\" \/>\n<meta property=\"og:title\" content=\"Com s ou z? Essa \u00e9 a diferen\u00e7a para escrever \u201cdesistir\u201d e \u201cdeslizar\u201d sem confus\u00e3o - Correio Braziliense - Radar\" \/>\n<meta property=\"og:description\" content=\"Diferen\u00e7a entre usar s ou z em verbos pode ser entendida com regras simples que evitam erros comuns na escrita\" \/>\n<meta property=\"og:url\" content=\"https:\/\/www.correiobraziliense.com.br\/cbradar\/com-s-ou-z-essa-e-a-diferenca-para-escrever-desistir-e-deslizar-sem-confusao\/\" \/>\n<meta property=\"og:site_name\" content=\"Correio Braziliense - Radar\" \/>\n<meta property=\"article:published_time\" content=\"2026-04-29T21:15:00+00:00\" \/>\n<meta property=\"og:image\" content=\"https:\/\/www.correiobraziliense.com.br\/cbradar\/wp-content\/uploads\/2026\/04\/Gemini_Generated_Image_jpgh6xjpgh6xjpgh-1-1.png\" \/>\n\t<meta property=\"og:image:width\" content=\"1280\" \/>\n\t<meta property=\"og:image:height\" content=\"720\" \/>\n\t<meta property=\"og:image:type\" content=\"image\/png\" \/>\n<meta name=\"author\" content=\"Patrick Silva\" \/>\n<meta name=\"twitter:card\" content=\"summary_large_image\" \/>\n<meta name=\"twitter:label1\" content=\"Escrito por\" \/>\n\t<meta name=\"twitter:data1\" content=\"Patrick Silva\" \/>\n\t<meta name=\"twitter:label2\" content=\"Est. tempo de leitura\" \/>\n\t<meta name=\"twitter:data2\" content=\"5 minutos\" \/>\n<!-- \/ Yoast SEO plugin. -->","yoast_head_json":{"title":"Com s ou z? Essa \u00e9 a diferen\u00e7a para escrever \u201cdesistir\u201d e \u201cdeslizar\u201d sem confus\u00e3o - Correio Braziliense - Radar","description":"Diferen\u00e7a entre usar s ou z em verbos pode ser entendida com regras simples que evitam erros comuns na escrita","robots":{"index":"index","follow":"follow","max-snippet":"max-snippet:-1","max-image-preview":"max-image-preview:large","max-video-preview":"max-video-preview:-1"},"canonical":"https:\/\/www.correiobraziliense.com.br\/cbradar\/com-s-ou-z-essa-e-a-diferenca-para-escrever-desistir-e-deslizar-sem-confusao\/","og_locale":"pt_BR","og_type":"article","og_title":"Com s ou z? Essa \u00e9 a diferen\u00e7a para escrever \u201cdesistir\u201d e \u201cdeslizar\u201d sem confus\u00e3o - Correio Braziliense - Radar","og_description":"Diferen\u00e7a entre usar s ou z em verbos pode ser entendida com regras simples que evitam erros comuns na escrita","og_url":"https:\/\/www.correiobraziliense.com.br\/cbradar\/com-s-ou-z-essa-e-a-diferenca-para-escrever-desistir-e-deslizar-sem-confusao\/","og_site_name":"Correio Braziliense - Radar","article_published_time":"2026-04-29T21:15:00+00:00","og_image":[{"width":1280,"height":720,"url":"https:\/\/www.correiobraziliense.com.br\/cbradar\/wp-content\/uploads\/2026\/04\/Gemini_Generated_Image_jpgh6xjpgh6xjpgh-1-1.png","type":"image\/png"}],"author":"Patrick Silva","twitter_card":"summary_large_image","twitter_misc":{"Escrito por":"Patrick Silva","Est. tempo de leitura":"5 minutos"},"schema":{"@context":"https:\/\/schema.org","@graph":[{"@type":"WebPage","@id":"https:\/\/www.correiobraziliense.com.br\/cbradar\/com-s-ou-z-essa-e-a-diferenca-para-escrever-desistir-e-deslizar-sem-confusao\/","url":"https:\/\/www.correiobraziliense.com.br\/cbradar\/com-s-ou-z-essa-e-a-diferenca-para-escrever-desistir-e-deslizar-sem-confusao\/","name":"Com s ou z? Essa \u00e9 a diferen\u00e7a para escrever \u201cdesistir\u201d e \u201cdeslizar\u201d sem confus\u00e3o - Correio Braziliense - Radar","isPartOf":{"@id":"https:\/\/www.correiobraziliense.com.br\/cbradar\/#website"},"primaryImageOfPage":{"@id":"https:\/\/www.correiobraziliense.com.br\/cbradar\/com-s-ou-z-essa-e-a-diferenca-para-escrever-desistir-e-deslizar-sem-confusao\/#primaryimage"},"image":{"@id":"https:\/\/www.correiobraziliense.com.br\/cbradar\/com-s-ou-z-essa-e-a-diferenca-para-escrever-desistir-e-deslizar-sem-confusao\/#primaryimage"},"thumbnailUrl":"https:\/\/www.correiobraziliense.com.br\/cbradar\/wp-content\/uploads\/2026\/04\/Gemini_Generated_Image_jpgh6xjpgh6xjpgh-1-1.png","datePublished":"2026-04-29T21:15:00+00:00","author":{"@id":"https:\/\/www.correiobraziliense.com.br\/cbradar\/#\/schema\/person\/5440b72be9c7eb74f446c846479dc4da"},"description":"Diferen\u00e7a entre usar s ou z em verbos pode ser entendida com regras simples que evitam erros comuns na escrita","breadcrumb":{"@id":"https:\/\/www.correiobraziliense.com.br\/cbradar\/com-s-ou-z-essa-e-a-diferenca-para-escrever-desistir-e-deslizar-sem-confusao\/#breadcrumb"},"inLanguage":"pt-BR","potentialAction":[{"@type":"ReadAction","target":["https:\/\/www.correiobraziliense.com.br\/cbradar\/com-s-ou-z-essa-e-a-diferenca-para-escrever-desistir-e-deslizar-sem-confusao\/"]}]},{"@type":"ImageObject","inLanguage":"pt-BR","@id":"https:\/\/www.correiobraziliense.com.br\/cbradar\/com-s-ou-z-essa-e-a-diferenca-para-escrever-desistir-e-deslizar-sem-confusao\/#primaryimage","url":"https:\/\/www.correiobraziliense.com.br\/cbradar\/wp-content\/uploads\/2026\/04\/Gemini_Generated_Image_jpgh6xjpgh6xjpgh-1-1.png","contentUrl":"https:\/\/www.correiobraziliense.com.br\/cbradar\/wp-content\/uploads\/2026\/04\/Gemini_Generated_Image_jpgh6xjpgh6xjpgh-1-1.png","width":1280,"height":720,"caption":"Uso de s e z pode ser definido pela origem e forma\u00e7\u00e3o das palavras"},{"@type":"BreadcrumbList","@id":"https:\/\/www.correiobraziliense.com.br\/cbradar\/com-s-ou-z-essa-e-a-diferenca-para-escrever-desistir-e-deslizar-sem-confusao\/#breadcrumb","itemListElement":[{"@type":"ListItem","position":1,"name":"In\u00edcio","item":"https:\/\/www.correiobraziliense.com.br\/cbradar\/"},{"@type":"ListItem","position":2,"name":"Com s ou z? Essa \u00e9 a diferen\u00e7a para escrever \u201cdesistir\u201d e \u201cdeslizar\u201d sem confus\u00e3o"}]},{"@type":"WebSite","@id":"https:\/\/www.correiobraziliense.com.br\/cbradar\/#website","url":"https:\/\/www.correiobraziliense.com.br\/cbradar\/","name":"Correio Braziliense - Radar","description":"Acompanhe as \u00faltimas not\u00edcias e fique bem informado sobre tudo o que acontece no Brasil e no mundo.","potentialAction":[{"@type":"SearchAction","target":{"@type":"EntryPoint","urlTemplate":"https:\/\/www.correiobraziliense.com.br\/cbradar\/?s={search_term_string}"},"query-input":{"@type":"PropertyValueSpecification","valueRequired":true,"valueName":"search_term_string"}}],"inLanguage":"pt-BR"},{"@type":"Person","@id":"https:\/\/www.correiobraziliense.com.br\/cbradar\/#\/schema\/person\/5440b72be9c7eb74f446c846479dc4da","name":"Patrick Silva","image":{"@type":"ImageObject","inLanguage":"pt-BR","@id":"https:\/\/www.correiobraziliense.com.br\/cbradar\/#\/schema\/person\/image\/","url":"https:\/\/secure.gravatar.com\/avatar\/944109df296fc087785c9715fd5f80b2?s=96&d=mm&r=g","contentUrl":"https:\/\/secure.gravatar.com\/avatar\/944109df296fc087785c9715fd5f80b2?s=96&d=mm&r=g","caption":"Patrick Silva"},"sameAs":["https:\/\/www.correiobraziliense.com.br\/cbradar\/"],"url":"https:\/\/www.correiobraziliense.com.br\/cbradar\/author\/patrick-silva\/"}]}},"_links":{"self":[{"href":"https:\/\/www.correiobraziliense.com.br\/cbradar\/wp-json\/wp\/v2\/posts\/233609","targetHints":{"allow":["GET"]}}],"collection":[{"href":"https:\/\/www.correiobraziliense.com.br\/cbradar\/wp-json\/wp\/v2\/posts"}],"about":[{"href":"https:\/\/www.correiobraziliense.com.br\/cbradar\/wp-json\/wp\/v2\/types\/post"}],"author":[{"embeddable":true,"href":"https:\/\/www.correiobraziliense.com.br\/cbradar\/wp-json\/wp\/v2\/users\/21"}],"replies":[{"embeddable":true,"href":"https:\/\/www.correiobraziliense.com.br\/cbradar\/wp-json\/wp\/v2\/comments?post=233609"}],"version-history":[{"count":1,"href":"https:\/\/www.correiobraziliense.com.br\/cbradar\/wp-json\/wp\/v2\/posts\/233609\/revisions"}],"predecessor-version":[{"id":233626,"href":"https:\/\/www.correiobraziliense.com.br\/cbradar\/wp-json\/wp\/v2\/posts\/233609\/revisions\/233626"}],"wp:featuredmedia":[{"embeddable":true,"href":"https:\/\/www.correiobraziliense.com.br\/cbradar\/wp-json\/wp\/v2\/media\/233623"}],"wp:attachment":[{"href":"https:\/\/www.correiobraziliense.com.br\/cbradar\/wp-json\/wp\/v2\/media?parent=233609"}],"wp:term":[{"taxonomy":"category","embeddable":true,"href":"https:\/\/www.correiobraziliense.com.br\/cbradar\/wp-json\/wp\/v2\/categories?post=233609"},{"taxonomy":"post_tag","embeddable":true,"href":"https:\/\/www.correiobraziliense.com.br\/cbradar\/wp-json\/wp\/v2\/tags?post=233609"}],"curies":[{"name":"wp","href":"https:\/\/api.w.org\/{rel}","templated":true}]}}