{"id":233618,"date":"2026-04-29T20:35:00","date_gmt":"2026-04-29T23:35:00","guid":{"rendered":"https:\/\/www.correiobraziliense.com.br\/cbradar\/?p=233618"},"modified":"2026-04-28T13:05:06","modified_gmt":"2026-04-28T16:05:06","slug":"quando-usar-mas-e-mais-nas-frases-do-dia-a-dia-sem-confundir","status":"publish","type":"post","link":"https:\/\/www.correiobraziliense.com.br\/cbradar\/quando-usar-mas-e-mais-nas-frases-do-dia-a-dia-sem-confundir\/","title":{"rendered":"Quando usar \u201cmas\u201d e \u201cmais\u201d nas frases do dia a dia sem confundir"},"content":{"rendered":"\n<p>Muitas pessoas sentem inseguran\u00e7a ao escrever palavras semelhantes na l\u00edngua portuguesa, especialmente quando os sons s\u00e3o quase id\u00eanticos na conversa\u00e7\u00e3o. Essa confus\u00e3o comum ocorre frequentemente entre um termo de adi\u00e7\u00e3o e outro de oposi\u00e7\u00e3o. Aprender a l\u00f3gica correta por tr\u00e1s de cada um \u00e9 essencial para se comunicar com clareza e demonstrar dom\u00ednio do idioma em todos os seus textos.<\/p>\n\n\n\n<h2 class=\"wp-block-heading\">Como o termo mais \u00e9 utilizado na indica\u00e7\u00e3o de quantidade?<\/h2>\n\n\n\n<p>Para utilizar o termo terminado em i de forma correta, \u00e9 preciso notar se a frase transmite uma ideia de intensidade ou acr\u00e9scimo. Ele funciona como o oposto de menos, sendo aplicado quando desejamos somar elementos ou refor\u00e7ar uma caracter\u00edstica espec\u00edfica. Essa regra simples de oposi\u00e7\u00e3o ajuda a evitar falhas graves na constru\u00e7\u00e3o das mensagens enviadas.<\/p>\n\n\n\n<p>Esse voc\u00e1bulo atua frequentemente como um adv\u00e9rbio que modifica a percep\u00e7\u00e3o sobre o volume de algo. \u00c9 muito comum observ\u00e1-lo em contextos matem\u00e1ticos ou em compara\u00e7\u00f5es diretas entre duas situa\u00e7\u00f5es distintas no cotidiano. Ter essa clareza sobre a fun\u00e7\u00e3o de soma permite que o redator escreva com muito mais confian\u00e7a e precis\u00e3o em qualquer circunst\u00e2ncia apresentada.<\/p>\n\n\n\n<figure class=\"wp-block-image size-full\"><img decoding=\"async\" width=\"1280\" height=\"720\" src=\"https:\/\/www.correiobraziliense.com.br\/cbradar\/wp-content\/uploads\/2026\/04\/Gemini_Generated_Image_zggvd9zggvd9zggv-1-1.png\" alt=\"Quando usar \u201cmas\u201d e \u201cmais\u201d nas frases do dia a dia sem confundir\" class=\"wp-image-233646\" srcset=\"https:\/\/www.correiobraziliense.com.br\/cbradar\/wp-content\/uploads\/2026\/04\/Gemini_Generated_Image_zggvd9zggvd9zggv-1-1.png 1280w, https:\/\/www.correiobraziliense.com.br\/cbradar\/wp-content\/uploads\/2026\/04\/Gemini_Generated_Image_zggvd9zggvd9zggv-1-1-300x169.png 300w, https:\/\/www.correiobraziliense.com.br\/cbradar\/wp-content\/uploads\/2026\/04\/Gemini_Generated_Image_zggvd9zggvd9zggv-1-1-768x432.png 768w, https:\/\/www.correiobraziliense.com.br\/cbradar\/wp-content\/uploads\/2026\/04\/Gemini_Generated_Image_zggvd9zggvd9zggv-1-1-750x422.png 750w, https:\/\/www.correiobraziliense.com.br\/cbradar\/wp-content\/uploads\/2026\/04\/Gemini_Generated_Image_zggvd9zggvd9zggv-1-1-1140x641.png 1140w\" sizes=\"(max-width: 1280px) 100vw, 1280px\" \/><figcaption class=\"wp-element-caption\">Palavras parecidas confundem na escrita, mas regras simples ajudam a usar corretamente cada termo<\/figcaption><\/figure>\n\n\n\n<h2 class=\"wp-block-heading\">Qual \u00e9 a fun\u00e7\u00e3o da palavra mas dentro de uma ora\u00e7\u00e3o?<\/h2>\n\n\n\n<p>A forma escrita sem a letra i possui a finalidade de introduzir uma ideia contr\u00e1ria ao que foi dito anteriormente. Ela serve para conectar pensamentos que apresentam uma ressalva, compensa\u00e7\u00e3o ou uma justificativa inesperada dentro do texto. Identificar esse contraste \u00e9 o segredo para escolher a grafia certa sem cometer equ\u00edvocos bobos durante a digita\u00e7\u00e3o r\u00e1pida.<\/p>\n\n\n\n<p>Para testar se a escolha est\u00e1 correta, basta substituir o termo por outras conjun\u00e7\u00f5es como por\u00e9m ou contudo. Se o sentido da frase permanecer inalterado, a aplica\u00e7\u00e3o est\u00e1 perfeita e segue as normas gramaticais vigentes. Essa troca mental funciona como um guia pr\u00e1tico que garante a integridade das informa\u00e7\u00f5es transmitidas aos leitores em todos os momentos.<\/p>\n\n\n\n<h2 class=\"wp-block-heading\">Quais s\u00e3o os exemplos pr\u00e1ticos para facilitar a memoriza\u00e7\u00e3o?<\/h2>\n\n\n\n<p>Visualizar o uso correto em frases do dia a dia ajuda a fixar a regra de maneira org\u00e2nica. Quando o escritor compreende a l\u00f3gica por tr\u00e1s da substitui\u00e7\u00e3o, a escrita flui com naturalidade. Ter modelos mentais claros evita a inseguran\u00e7a e permite que a aten\u00e7\u00e3o seja focada apenas na qualidade do conte\u00fado que est\u00e1 sendo criado.<\/p>\n\n\n\n<p>As principais formas de aplicar essas regras envolvem trocas simples:<\/p>\n\n\n\n<ul class=\"wp-block-list\">\n<li>Quero mais caf\u00e9, por favor.<\/li>\n\n\n\n<li>Ele estudou, mas n\u00e3o passou.<\/li>\n\n\n\n<li>Ela \u00e9 a mais inteligente.<\/li>\n\n\n\n<li>Sa\u00edmos cedo, mas chegamos tarde.<\/li>\n<\/ul>\n\n\n\n<h2 class=\"wp-block-heading\">Existe alguma rela\u00e7\u00e3o entre essas palavras e a pron\u00fancia?<\/h2>\n\n\n\n<p>Na fala coloquial, \u00e9 comum que as pessoas pronunciem ambos os termos de maneira id\u00eantica, o que refor\u00e7a a confus\u00e3o. Essa similaridade fon\u00e9tica exige que o cuidado seja deslocado para o campo da l\u00f3gica sem\u00e2ntica durante a reda\u00e7\u00e3o. Diferenciar o som da grafia \u00e9 o primeiro passo para escrever textos limpos e f\u00e1ceis de serem lidos.<\/p>\n\n\n\n<p>O contexto da conversa costuma deixar claro qual \u00e9 a inten\u00e7\u00e3o de quem est\u00e1 se expressando. No entanto, ao transferir esse pensamento para o papel, a precis\u00e3o ortogr\u00e1fica se torna o elemento central da autoridade do autor. Estar atento a esses detalhes sutis demonstra um elevado n\u00edvel de instru\u00e7\u00e3o e respeito pelas normas vigentes da l\u00edngua portuguesa.<\/p>\n\n\n\n<figure class=\"wp-block-image size-full\"><img decoding=\"async\" width=\"1280\" height=\"720\" src=\"https:\/\/www.correiobraziliense.com.br\/cbradar\/wp-content\/uploads\/2026\/04\/Gemini_Generated_Image_tcf48ptcf48ptcf4-1-1.png\" alt=\"Quando usar \u201cmas\u201d e \u201cmais\u201d nas frases do dia a dia sem confundir\" class=\"wp-image-233648\" srcset=\"https:\/\/www.correiobraziliense.com.br\/cbradar\/wp-content\/uploads\/2026\/04\/Gemini_Generated_Image_tcf48ptcf48ptcf4-1-1.png 1280w, https:\/\/www.correiobraziliense.com.br\/cbradar\/wp-content\/uploads\/2026\/04\/Gemini_Generated_Image_tcf48ptcf48ptcf4-1-1-300x169.png 300w, https:\/\/www.correiobraziliense.com.br\/cbradar\/wp-content\/uploads\/2026\/04\/Gemini_Generated_Image_tcf48ptcf48ptcf4-1-1-768x432.png 768w, https:\/\/www.correiobraziliense.com.br\/cbradar\/wp-content\/uploads\/2026\/04\/Gemini_Generated_Image_tcf48ptcf48ptcf4-1-1-750x422.png 750w, https:\/\/www.correiobraziliense.com.br\/cbradar\/wp-content\/uploads\/2026\/04\/Gemini_Generated_Image_tcf48ptcf48ptcf4-1-1-1140x641.png 1140w\" sizes=\"(max-width: 1280px) 100vw, 1280px\" \/><figcaption class=\"wp-element-caption\">Palavras parecidas confundem na escrita, mas regras simples ajudam a usar corretamente cada termo<\/figcaption><\/figure>\n\n\n\n<p>Leia tamb\u00e9m: <a href=\"https:\/\/www.correiobraziliense.com.br\/cbradar\/a-palavra-que-muita-gente-escreve-com-medo-mas-esta-correta-segundo-o-vocabulario-ortografico-da-lingua-portuguesa\/\" target=\"_blank\" rel=\"noreferrer noopener\">A palavra que muita gente escreve com medo, mas est\u00e1 correta segundo o Vocabul\u00e1rio Ortogr\u00e1fico da L\u00edngua Portuguesa<\/a><\/p>\n\n\n\n<h2 class=\"wp-block-heading\">Onde buscar aux\u00edlio para resolver outras d\u00favidas gramaticais?<\/h2>\n\n\n\n<p>Manter o h\u00e1bito de consultar fontes oficiais \u00e9 a melhor maneira de aprimorar a escrita constantemente. Ter o suporte de dicion\u00e1rios e guias de autoridade ajuda a consolidar o conhecimento e elimina qualquer possibilidade de erro em produ\u00e7\u00f5es futuras. Esse cuidado reflete o compromisso com a excel\u00eancia na entrega de conte\u00fados que sejam realmente \u00fateis e instrutivos.<\/p>\n\n\n\n<p>Para conferir a grafia exata de qualquer termo e garantir que a mensagem seja transmitida com credibilidade, o portal da <strong><a href=\"https:\/\/www.academia.org.br\/nossa-lingua\/busca-no-vocabulario\" target=\"_blank\" rel=\"noreferrer noopener\">Academia Brasileira de Letras<\/a><\/strong> \u00e9 um recurso indispens\u00e1vel. Utilizar essa ferramenta ajuda a esclarecer quest\u00f5es ortogr\u00e1ficas e morfol\u00f3gicas que surgem no dia a dia. Valorizar o uso correto do idioma \u00e9 um passo vital para uma comunica\u00e7\u00e3o eficiente e muito profissional.<\/p>\n","protected":false},"excerpt":{"rendered":"<p>Muitas pessoas sentem inseguran\u00e7a ao escrever palavras semelhantes na l\u00edngua portuguesa, especialmente quando os sons s\u00e3o quase id\u00eanticos na conversa\u00e7\u00e3o. Essa confus\u00e3o comum ocorre frequentemente entre um termo de adi\u00e7\u00e3o e outro de oposi\u00e7\u00e3o. Aprender a l\u00f3gica correta por tr\u00e1s de cada um \u00e9 essencial para se comunicar com clareza e demonstrar dom\u00ednio do idioma [&hellip;]<\/p>\n","protected":false},"author":21,"featured_media":233637,"comment_status":"open","ping_status":"open","sticky":false,"template":"","format":"standard","meta":{"_yoast_wpseo_focuskw":"diferen\u00e7a entre mais e mas","_yoast_wpseo_title":"","_yoast_wpseo_metadesc":"Palavras semelhantes geram d\u00favidas na escrita e causam erros frequentes; saiba diferenciar termos de adi\u00e7\u00e3o e oposi\u00e7\u00e3o com seguran\u00e7a","jnews-multi-image_gallery":[],"jnews_single_post":{"format":"standard"},"jnews_primary_category":[],"jnews_social_meta":[],"jnews_override_counter":[],"footnotes":""},"categories":[112],"tags":[5310,12816,10902,6081],"class_list":["post-233618","post","type-post","status-publish","format-standard","has-post-thumbnail","hentry","category-curiosidades","tag-frases","tag-gramatica","tag-lingua-portuguesa","tag-portugues"],"yoast_head":"<!-- This site is optimized with the Yoast SEO plugin v24.6 - https:\/\/yoast.com\/wordpress\/plugins\/seo\/ -->\n<title>Quando usar \u201cmas\u201d e \u201cmais\u201d nas frases do dia a dia sem confundir - Correio Braziliense - Radar<\/title>\n<meta name=\"description\" content=\"Palavras semelhantes geram d\u00favidas na escrita e causam erros frequentes; saiba diferenciar termos de adi\u00e7\u00e3o e oposi\u00e7\u00e3o com seguran\u00e7a\" \/>\n<meta name=\"robots\" content=\"index, follow, max-snippet:-1, max-image-preview:large, max-video-preview:-1\" \/>\n<link rel=\"canonical\" href=\"https:\/\/www.correiobraziliense.com.br\/cbradar\/quando-usar-mas-e-mais-nas-frases-do-dia-a-dia-sem-confundir\/\" \/>\n<meta property=\"og:locale\" content=\"pt_BR\" \/>\n<meta property=\"og:type\" content=\"article\" \/>\n<meta property=\"og:title\" content=\"Quando usar \u201cmas\u201d e \u201cmais\u201d nas frases do dia a dia sem confundir - Correio Braziliense - Radar\" \/>\n<meta property=\"og:description\" content=\"Palavras semelhantes geram d\u00favidas na escrita e causam erros frequentes; saiba diferenciar termos de adi\u00e7\u00e3o e oposi\u00e7\u00e3o com seguran\u00e7a\" \/>\n<meta property=\"og:url\" content=\"https:\/\/www.correiobraziliense.com.br\/cbradar\/quando-usar-mas-e-mais-nas-frases-do-dia-a-dia-sem-confundir\/\" \/>\n<meta property=\"og:site_name\" content=\"Correio Braziliense - Radar\" \/>\n<meta property=\"article:published_time\" content=\"2026-04-29T23:35:00+00:00\" \/>\n<meta property=\"og:image\" content=\"https:\/\/www.correiobraziliense.com.br\/cbradar\/wp-content\/uploads\/2026\/04\/Gemini_Generated_Image_alftlqalftlqalft-1-1.png\" \/>\n\t<meta property=\"og:image:width\" content=\"1280\" \/>\n\t<meta property=\"og:image:height\" content=\"720\" \/>\n\t<meta property=\"og:image:type\" content=\"image\/png\" \/>\n<meta name=\"author\" content=\"Patrick Silva\" \/>\n<meta name=\"twitter:card\" content=\"summary_large_image\" \/>\n<meta name=\"twitter:label1\" content=\"Escrito por\" \/>\n\t<meta name=\"twitter:data1\" content=\"Patrick Silva\" \/>\n\t<meta name=\"twitter:label2\" content=\"Est. tempo de leitura\" \/>\n\t<meta name=\"twitter:data2\" content=\"5 minutos\" \/>\n<!-- \/ Yoast SEO plugin. -->","yoast_head_json":{"title":"Quando usar \u201cmas\u201d e \u201cmais\u201d nas frases do dia a dia sem confundir - Correio Braziliense - Radar","description":"Palavras semelhantes geram d\u00favidas na escrita e causam erros frequentes; saiba diferenciar termos de adi\u00e7\u00e3o e oposi\u00e7\u00e3o com seguran\u00e7a","robots":{"index":"index","follow":"follow","max-snippet":"max-snippet:-1","max-image-preview":"max-image-preview:large","max-video-preview":"max-video-preview:-1"},"canonical":"https:\/\/www.correiobraziliense.com.br\/cbradar\/quando-usar-mas-e-mais-nas-frases-do-dia-a-dia-sem-confundir\/","og_locale":"pt_BR","og_type":"article","og_title":"Quando usar \u201cmas\u201d e \u201cmais\u201d nas frases do dia a dia sem confundir - Correio Braziliense - Radar","og_description":"Palavras semelhantes geram d\u00favidas na escrita e causam erros frequentes; saiba diferenciar termos de adi\u00e7\u00e3o e oposi\u00e7\u00e3o com seguran\u00e7a","og_url":"https:\/\/www.correiobraziliense.com.br\/cbradar\/quando-usar-mas-e-mais-nas-frases-do-dia-a-dia-sem-confundir\/","og_site_name":"Correio Braziliense - Radar","article_published_time":"2026-04-29T23:35:00+00:00","og_image":[{"width":1280,"height":720,"url":"https:\/\/www.correiobraziliense.com.br\/cbradar\/wp-content\/uploads\/2026\/04\/Gemini_Generated_Image_alftlqalftlqalft-1-1.png","type":"image\/png"}],"author":"Patrick Silva","twitter_card":"summary_large_image","twitter_misc":{"Escrito por":"Patrick Silva","Est. tempo de leitura":"5 minutos"},"schema":{"@context":"https:\/\/schema.org","@graph":[{"@type":"WebPage","@id":"https:\/\/www.correiobraziliense.com.br\/cbradar\/quando-usar-mas-e-mais-nas-frases-do-dia-a-dia-sem-confundir\/","url":"https:\/\/www.correiobraziliense.com.br\/cbradar\/quando-usar-mas-e-mais-nas-frases-do-dia-a-dia-sem-confundir\/","name":"Quando usar \u201cmas\u201d e \u201cmais\u201d nas frases do dia a dia sem confundir - Correio Braziliense - Radar","isPartOf":{"@id":"https:\/\/www.correiobraziliense.com.br\/cbradar\/#website"},"primaryImageOfPage":{"@id":"https:\/\/www.correiobraziliense.com.br\/cbradar\/quando-usar-mas-e-mais-nas-frases-do-dia-a-dia-sem-confundir\/#primaryimage"},"image":{"@id":"https:\/\/www.correiobraziliense.com.br\/cbradar\/quando-usar-mas-e-mais-nas-frases-do-dia-a-dia-sem-confundir\/#primaryimage"},"thumbnailUrl":"https:\/\/www.correiobraziliense.com.br\/cbradar\/wp-content\/uploads\/2026\/04\/Gemini_Generated_Image_alftlqalftlqalft-1-1.png","datePublished":"2026-04-29T23:35:00+00:00","author":{"@id":"https:\/\/www.correiobraziliense.com.br\/cbradar\/#\/schema\/person\/5440b72be9c7eb74f446c846479dc4da"},"description":"Palavras semelhantes geram d\u00favidas na escrita e causam erros frequentes; saiba diferenciar termos de adi\u00e7\u00e3o e oposi\u00e7\u00e3o com seguran\u00e7a","breadcrumb":{"@id":"https:\/\/www.correiobraziliense.com.br\/cbradar\/quando-usar-mas-e-mais-nas-frases-do-dia-a-dia-sem-confundir\/#breadcrumb"},"inLanguage":"pt-BR","potentialAction":[{"@type":"ReadAction","target":["https:\/\/www.correiobraziliense.com.br\/cbradar\/quando-usar-mas-e-mais-nas-frases-do-dia-a-dia-sem-confundir\/"]}]},{"@type":"ImageObject","inLanguage":"pt-BR","@id":"https:\/\/www.correiobraziliense.com.br\/cbradar\/quando-usar-mas-e-mais-nas-frases-do-dia-a-dia-sem-confundir\/#primaryimage","url":"https:\/\/www.correiobraziliense.com.br\/cbradar\/wp-content\/uploads\/2026\/04\/Gemini_Generated_Image_alftlqalftlqalft-1-1.png","contentUrl":"https:\/\/www.correiobraziliense.com.br\/cbradar\/wp-content\/uploads\/2026\/04\/Gemini_Generated_Image_alftlqalftlqalft-1-1.png","width":1280,"height":720,"caption":"Palavras parecidas confundem na escrita, mas regras simples ajudam a usar corretamente cada termo"},{"@type":"BreadcrumbList","@id":"https:\/\/www.correiobraziliense.com.br\/cbradar\/quando-usar-mas-e-mais-nas-frases-do-dia-a-dia-sem-confundir\/#breadcrumb","itemListElement":[{"@type":"ListItem","position":1,"name":"In\u00edcio","item":"https:\/\/www.correiobraziliense.com.br\/cbradar\/"},{"@type":"ListItem","position":2,"name":"Quando usar \u201cmas\u201d e \u201cmais\u201d nas frases do dia a dia sem confundir"}]},{"@type":"WebSite","@id":"https:\/\/www.correiobraziliense.com.br\/cbradar\/#website","url":"https:\/\/www.correiobraziliense.com.br\/cbradar\/","name":"Correio Braziliense - Radar","description":"Acompanhe as \u00faltimas not\u00edcias e fique bem informado sobre tudo o que acontece no Brasil e no mundo.","potentialAction":[{"@type":"SearchAction","target":{"@type":"EntryPoint","urlTemplate":"https:\/\/www.correiobraziliense.com.br\/cbradar\/?s={search_term_string}"},"query-input":{"@type":"PropertyValueSpecification","valueRequired":true,"valueName":"search_term_string"}}],"inLanguage":"pt-BR"},{"@type":"Person","@id":"https:\/\/www.correiobraziliense.com.br\/cbradar\/#\/schema\/person\/5440b72be9c7eb74f446c846479dc4da","name":"Patrick Silva","image":{"@type":"ImageObject","inLanguage":"pt-BR","@id":"https:\/\/www.correiobraziliense.com.br\/cbradar\/#\/schema\/person\/image\/","url":"https:\/\/secure.gravatar.com\/avatar\/944109df296fc087785c9715fd5f80b2?s=96&d=mm&r=g","contentUrl":"https:\/\/secure.gravatar.com\/avatar\/944109df296fc087785c9715fd5f80b2?s=96&d=mm&r=g","caption":"Patrick Silva"},"sameAs":["https:\/\/www.correiobraziliense.com.br\/cbradar\/"],"url":"https:\/\/www.correiobraziliense.com.br\/cbradar\/author\/patrick-silva\/"}]}},"_links":{"self":[{"href":"https:\/\/www.correiobraziliense.com.br\/cbradar\/wp-json\/wp\/v2\/posts\/233618","targetHints":{"allow":["GET"]}}],"collection":[{"href":"https:\/\/www.correiobraziliense.com.br\/cbradar\/wp-json\/wp\/v2\/posts"}],"about":[{"href":"https:\/\/www.correiobraziliense.com.br\/cbradar\/wp-json\/wp\/v2\/types\/post"}],"author":[{"embeddable":true,"href":"https:\/\/www.correiobraziliense.com.br\/cbradar\/wp-json\/wp\/v2\/users\/21"}],"replies":[{"embeddable":true,"href":"https:\/\/www.correiobraziliense.com.br\/cbradar\/wp-json\/wp\/v2\/comments?post=233618"}],"version-history":[{"count":1,"href":"https:\/\/www.correiobraziliense.com.br\/cbradar\/wp-json\/wp\/v2\/posts\/233618\/revisions"}],"predecessor-version":[{"id":233650,"href":"https:\/\/www.correiobraziliense.com.br\/cbradar\/wp-json\/wp\/v2\/posts\/233618\/revisions\/233650"}],"wp:featuredmedia":[{"embeddable":true,"href":"https:\/\/www.correiobraziliense.com.br\/cbradar\/wp-json\/wp\/v2\/media\/233637"}],"wp:attachment":[{"href":"https:\/\/www.correiobraziliense.com.br\/cbradar\/wp-json\/wp\/v2\/media?parent=233618"}],"wp:term":[{"taxonomy":"category","embeddable":true,"href":"https:\/\/www.correiobraziliense.com.br\/cbradar\/wp-json\/wp\/v2\/categories?post=233618"},{"taxonomy":"post_tag","embeddable":true,"href":"https:\/\/www.correiobraziliense.com.br\/cbradar\/wp-json\/wp\/v2\/tags?post=233618"}],"curies":[{"name":"wp","href":"https:\/\/api.w.org\/{rel}","templated":true}]}}