{"id":233622,"date":"2026-04-28T11:29:45","date_gmt":"2026-04-28T14:29:45","guid":{"rendered":"https:\/\/www.correiobraziliense.com.br\/cbradar\/?p=233622"},"modified":"2026-04-28T11:30:47","modified_gmt":"2026-04-28T14:30:47","slug":"proverbio-do-dia-nigeria-e-preciso-uma-aldeia-inteira-para-educar-uma-crianca","status":"publish","type":"post","link":"https:\/\/www.correiobraziliense.com.br\/cbradar\/proverbio-do-dia-nigeria-e-preciso-uma-aldeia-inteira-para-educar-uma-crianca\/","title":{"rendered":"Prov\u00e9rbio do dia, Nig\u00e9ria: \u201c\u00c9 preciso uma aldeia inteira para educar uma crian\u00e7a.\u201d"},"content":{"rendered":"\n<p>A educa\u00e7\u00e3o de uma crian\u00e7a \u00e9 um processo complexo que transcende os limites do ambiente familiar tradicional. Envolver toda a comunidade garante que o jovem receba diferentes perspectivas, valores culturais e suporte emocional cont\u00ednuo. Essa sabedoria ancestral ressalta que o desenvolvimento humano pleno depende de uma rede de apoio s\u00f3lida e colaborativa.<\/p>\n\n\n\n<h2 class=\"wp-block-heading\">Como o suporte coletivo molda o car\u00e1ter individual?<\/h2>\n\n\n\n<p>Quando uma crian\u00e7a cresce cercada por vizinhos, mentores e familiares, ela aprende a navegar por diversas realidades sociais simultaneamente. Essa intera\u00e7\u00e3o constante fortalece a resili\u00eancia emocional e promove um senso de pertencimento que \u00e9 essencial para a sa\u00fade mental. A presen\u00e7a de m\u00faltiplas refer\u00eancias positivas atua como um escudo protetor contra influ\u00eancias externas negativas e destrutivas.<\/p>\n\n\n\n<p>O conv\u00edvio com a comunidade ensina que a responsabilidade social \u00e9 um dever compartilhado entre todos os cidad\u00e3os conscientes. Esse modelo educativo incentiva a empatia e a coopera\u00e7\u00e3o, preparando o indiv\u00edduo para contribuir de forma significativa com a sociedade no futuro. \u00c9 nessa troca org\u00e2nica que os valores morais s\u00e3o transmitidos e solidificados de maneira pr\u00e1tica e <strong>totalmente transformadora<\/strong>.<\/p>\n\n\n\n<figure class=\"wp-block-image size-full\"><img decoding=\"async\" width=\"1280\" height=\"720\" src=\"https:\/\/www.correiobraziliense.com.br\/cbradar\/wp-content\/uploads\/2026\/04\/Gemini_Generated_Image_vnvkv2vnvkv2vnvk-1-1.png\" alt=\"Prov\u00e9rbio do dia, Nig\u00e9ria: \u201c\u00c9 preciso uma aldeia inteira para educar uma crian\u00e7a.\u201d\" class=\"wp-image-233631\" srcset=\"https:\/\/www.correiobraziliense.com.br\/cbradar\/wp-content\/uploads\/2026\/04\/Gemini_Generated_Image_vnvkv2vnvkv2vnvk-1-1.png 1280w, https:\/\/www.correiobraziliense.com.br\/cbradar\/wp-content\/uploads\/2026\/04\/Gemini_Generated_Image_vnvkv2vnvkv2vnvk-1-1-300x169.png 300w, https:\/\/www.correiobraziliense.com.br\/cbradar\/wp-content\/uploads\/2026\/04\/Gemini_Generated_Image_vnvkv2vnvkv2vnvk-1-1-768x432.png 768w, https:\/\/www.correiobraziliense.com.br\/cbradar\/wp-content\/uploads\/2026\/04\/Gemini_Generated_Image_vnvkv2vnvkv2vnvk-1-1-750x422.png 750w, https:\/\/www.correiobraziliense.com.br\/cbradar\/wp-content\/uploads\/2026\/04\/Gemini_Generated_Image_vnvkv2vnvkv2vnvk-1-1-1140x641.png 1140w\" sizes=\"(max-width: 1280px) 100vw, 1280px\" \/><figcaption class=\"wp-element-caption\">A comunidade contribui para o desenvolvimento infantil e fortalece valores sociais<\/figcaption><\/figure>\n\n\n\n<h2 class=\"wp-block-heading\">Qual o papel dos mentores fora do n\u00facleo familiar?<\/h2>\n\n\n\n<p>Professores, treinadores e l\u00edderes comunit\u00e1rios desempenham fun\u00e7\u00f5es cruciais ao oferecer orienta\u00e7\u00e3o t\u00e9cnica e suporte moral durante a juventude. Esses agentes externos preenchem lacunas que os pais nem sempre conseguem suprir devido \u00e0s demandas da vida moderna. A diversidade de ensinamentos amplia o horizonte da crian\u00e7a, permitindo que ela descubra talentos e paix\u00f5es que antes estavam ocultos.<\/p>\n\n\n\n<p>A mentoria comunit\u00e1ria oferece um espa\u00e7o seguro para o erro e o aprendizado cont\u00ednuo sem os julgamentos familiares pesados. Ao observar diferentes estilos de vida e condutas profissionais, o jovem desenvolve um pensamento cr\u00edtico apurado sobre o mundo ao seu redor. Ter acesso a esse capital social \u00e9 um <strong>divisor de \u00e1guas na constru\u00e7\u00e3o de uma identidade s\u00f3lida<\/strong>.<\/p>\n\n\n\n<h2 class=\"wp-block-heading\">Quais os pilares essenciais de uma comunidade educadora?<\/h2>\n\n\n\n<p>Uma vizinhan\u00e7a eficiente para a educa\u00e7\u00e3o deve ser pautada pela seguran\u00e7a, pelo respeito m\u00fatuo e pela comunica\u00e7\u00e3o aberta entre os membros. Quando esses pilares est\u00e3o presentes, a crian\u00e7a sente-se encorajada a explorar o ambiente com autonomia e curiosidade natural. A confian\u00e7a na rede de apoio permite que o desenvolvimento ocorra de forma fluida e equilibrada. <\/p>\n\n\n\n<p><strong>Analise agora os elementos fundamentais para criar um ecossistema de prote\u00e7\u00e3o e aprendizado constante:<\/strong><\/p>\n\n\n\n<ul class=\"wp-block-list\">\n<li>Seguran\u00e7a urbana e espa\u00e7os p\u00fablicos de lazer.<\/li>\n\n\n\n<li>Acesso facilitado \u00e0 cultura e bibliotecas locais.<\/li>\n\n\n\n<li>Programas de mentoria entre jovens e idosos.<\/li>\n\n\n\n<li>Redes de apoio emocional para os cuidadores.<\/li>\n\n\n\n<li>Escolas integradas aos projetos da vizinhan\u00e7a local.<\/li>\n<\/ul>\n\n\n\n<h2 class=\"wp-block-heading\">Como revitalizar o conceito de aldeia na era digital?<\/h2>\n\n\n\n<p>Na modernidade, a aldeia f\u00edsica muitas vezes \u00e9 substitu\u00edda por comunidades online e redes sociais que conectam pessoas com interesses comuns. Embora a tecnologia ofere\u00e7a novas ferramentas pedag\u00f3gicas, o contato humano direto permanece insubstitu\u00edvel para o desenvolvimento das habilidades socioemocionais. Equilibrar essas duas esferas \u00e9 o grande desafio para os educadores e pais que buscam uma forma\u00e7\u00e3o integral.<\/p>\n\n\n\n<p>Reconstruir la\u00e7os de vizinhan\u00e7a exige esfor\u00e7o consciente para superar o isolamento comum nas grandes metr\u00f3poles globais e centros urbanos. Pequenas a\u00e7\u00f5es, como organizar eventos comunit\u00e1rios ou grupos de estudo, ajudam a recriar o ecossistema necess\u00e1rio para o crescimento saud\u00e1vel. A <strong>uni\u00e3o em prol do bem comum<\/strong> fortalece o tecido social e garante um futuro pr\u00f3spero para todos.<\/p>\n\n\n\n<figure class=\"wp-block-image size-full\"><img decoding=\"async\" width=\"1280\" height=\"720\" src=\"https:\/\/www.correiobraziliense.com.br\/cbradar\/wp-content\/uploads\/2026\/04\/Gemini_Generated_Image_jsr6a5jsr6a5jsr6-1-1.png\" alt=\"Prov\u00e9rbio do dia, Nig\u00e9ria: \u201c\u00c9 preciso uma aldeia inteira para educar uma crian\u00e7a.\u201d\" class=\"wp-image-233633\" srcset=\"https:\/\/www.correiobraziliense.com.br\/cbradar\/wp-content\/uploads\/2026\/04\/Gemini_Generated_Image_jsr6a5jsr6a5jsr6-1-1.png 1280w, https:\/\/www.correiobraziliense.com.br\/cbradar\/wp-content\/uploads\/2026\/04\/Gemini_Generated_Image_jsr6a5jsr6a5jsr6-1-1-300x169.png 300w, https:\/\/www.correiobraziliense.com.br\/cbradar\/wp-content\/uploads\/2026\/04\/Gemini_Generated_Image_jsr6a5jsr6a5jsr6-1-1-768x432.png 768w, https:\/\/www.correiobraziliense.com.br\/cbradar\/wp-content\/uploads\/2026\/04\/Gemini_Generated_Image_jsr6a5jsr6a5jsr6-1-1-750x422.png 750w, https:\/\/www.correiobraziliense.com.br\/cbradar\/wp-content\/uploads\/2026\/04\/Gemini_Generated_Image_jsr6a5jsr6a5jsr6-1-1-1140x641.png 1140w\" sizes=\"(max-width: 1280px) 100vw, 1280px\" \/><figcaption class=\"wp-element-caption\">A comunidade contribui para o desenvolvimento infantil e fortalece valores sociais<\/figcaption><\/figure>\n\n\n\n<h2 class=\"wp-block-heading\">O que dizem as organiza\u00e7\u00f5es internacionais sobre a prote\u00e7\u00e3o infantil?<\/h2>\n\n\n\n<p>A coopera\u00e7\u00e3o global \u00e9 fundamental para garantir que todas as crian\u00e7as tenham acesso a um <strong><a href=\"https:\/\/www.correiobraziliense.com.br\/cbradar\/proverbio-africano-do-dia-se-voce-acha-que-e-pequeno-demais-para-fazer-diferenca-tente-dormir-com-um-mosquito\/\" target=\"_blank\" rel=\"noreferrer noopener\">ambiente <\/a><\/strong>seguro e estimulante. \u00d3rg\u00e3os internacionais trabalham incessantemente para promover pol\u00edticas p\u00fablicas que integrem a fam\u00edlia, a escola e a comunidade local. Esse esfor\u00e7o conjunto visa proteger os direitos fundamentais e assegurar que o potencial de cada jovem seja plenamente desenvolvido.<\/p>\n\n\n\n<p>Para entender como as diretrizes globais impactam o desenvolvimento comunit\u00e1rio, consulte os dados oficiais sobre a <a href=\"https:\/\/www.unicef.org\/brazil\/protecao-de-criancas-e-adolescentes-contra-violencias\" target=\"_blank\" rel=\"noreferrer noopener\">prote\u00e7\u00e3o da crian\u00e7a no UNICEF<\/a>. O documento detalha estrat\u00e9gias para fortalecer as redes de prote\u00e7\u00e3o em diferentes contextos sociais ao redor do mundo. Investir nessas pr\u00e1ticas \u00e9 garantir que a <strong>m\u00e1xima da aldeia inteira<\/strong> se torne uma realidade palp\u00e1vel para todos.<\/p>\n","protected":false},"excerpt":{"rendered":"<p>A educa\u00e7\u00e3o de uma crian\u00e7a \u00e9 um processo complexo que transcende os limites do ambiente familiar tradicional. Envolver toda a comunidade garante que o jovem receba diferentes perspectivas, valores culturais e suporte emocional cont\u00ednuo. Essa sabedoria ancestral ressalta que o desenvolvimento humano pleno depende de uma rede de apoio s\u00f3lida e colaborativa. Como o suporte [&hellip;]<\/p>\n","protected":false},"author":21,"featured_media":233627,"comment_status":"open","ping_status":"open","sticky":false,"template":"","format":"standard","meta":{"_yoast_wpseo_focuskw":"educa\u00e7\u00e3o infantil com apoio da comunidade","_yoast_wpseo_title":"","_yoast_wpseo_metadesc":"A educa\u00e7\u00e3o infantil vai al\u00e9m da fam\u00edlia e envolve toda a comunidade. Esse modelo fortalece valores e amplia o desenvolvimento social.","jnews-multi-image_gallery":[],"jnews_single_post":{"format":"standard"},"jnews_primary_category":[],"jnews_social_meta":[],"jnews_override_counter":[],"footnotes":""},"categories":[112],"post_tag":[18321,3899,18320,18318],"class_list":["post-233622","post","type-post","status-publish","format-standard","has-post-thumbnail","hentry","category-curiosidades","tag-aldeia","tag-crianca","tag-nigeria","tag-proverbio-do-dia"],"yoast_head":"<!-- This site is optimized with the Yoast SEO plugin v24.6 - https:\/\/yoast.com\/wordpress\/plugins\/seo\/ -->\n<title>Prov\u00e9rbio do dia, Nig\u00e9ria: \u201c\u00c9 preciso uma aldeia inteira para educar uma crian\u00e7a.\u201d - Correio Braziliense - Radar<\/title>\n<meta name=\"description\" content=\"A educa\u00e7\u00e3o infantil vai al\u00e9m da fam\u00edlia e envolve toda a comunidade. Esse modelo fortalece valores e amplia o desenvolvimento social.\" \/>\n<meta name=\"robots\" content=\"index, follow, max-snippet:-1, max-image-preview:large, max-video-preview:-1\" \/>\n<link rel=\"canonical\" href=\"https:\/\/www.correiobraziliense.com.br\/cbradar\/proverbio-do-dia-nigeria-e-preciso-uma-aldeia-inteira-para-educar-uma-crianca\/\" \/>\n<meta property=\"og:locale\" content=\"pt_BR\" \/>\n<meta property=\"og:type\" content=\"article\" \/>\n<meta property=\"og:title\" content=\"Prov\u00e9rbio do dia, Nig\u00e9ria: \u201c\u00c9 preciso uma aldeia inteira para educar uma crian\u00e7a.\u201d - Correio Braziliense - Radar\" \/>\n<meta property=\"og:description\" content=\"A educa\u00e7\u00e3o infantil vai al\u00e9m da fam\u00edlia e envolve toda a comunidade. Esse modelo fortalece valores e amplia o desenvolvimento social.\" \/>\n<meta property=\"og:url\" content=\"https:\/\/www.correiobraziliense.com.br\/cbradar\/proverbio-do-dia-nigeria-e-preciso-uma-aldeia-inteira-para-educar-uma-crianca\/\" \/>\n<meta property=\"og:site_name\" content=\"Correio Braziliense - Radar\" \/>\n<meta property=\"article:published_time\" content=\"2026-04-28T14:29:45+00:00\" \/>\n<meta property=\"article:modified_time\" content=\"2026-04-28T14:30:47+00:00\" \/>\n<meta property=\"og:image\" content=\"https:\/\/www.correiobraziliense.com.br\/cbradar\/wp-content\/uploads\/2026\/04\/Gemini_Generated_Image_efn262efn262efn2-1-1.png\" \/>\n\t<meta property=\"og:image:width\" content=\"1280\" \/>\n\t<meta property=\"og:image:height\" content=\"720\" \/>\n\t<meta property=\"og:image:type\" content=\"image\/png\" \/>\n<meta name=\"author\" content=\"Patrick Silva\" \/>\n<meta name=\"twitter:card\" content=\"summary_large_image\" \/>\n<meta name=\"twitter:label1\" content=\"Escrito por\" \/>\n\t<meta name=\"twitter:data1\" content=\"Patrick Silva\" \/>\n\t<meta name=\"twitter:label2\" content=\"Est. tempo de leitura\" \/>\n\t<meta name=\"twitter:data2\" content=\"5 minutos\" \/>\n<!-- \/ Yoast SEO plugin. -->","yoast_head_json":{"title":"Prov\u00e9rbio do dia, Nig\u00e9ria: \u201c\u00c9 preciso uma aldeia inteira para educar uma crian\u00e7a.\u201d - Correio Braziliense - Radar","description":"A educa\u00e7\u00e3o infantil vai al\u00e9m da fam\u00edlia e envolve toda a comunidade. Esse modelo fortalece valores e amplia o desenvolvimento social.","robots":{"index":"index","follow":"follow","max-snippet":"max-snippet:-1","max-image-preview":"max-image-preview:large","max-video-preview":"max-video-preview:-1"},"canonical":"https:\/\/www.correiobraziliense.com.br\/cbradar\/proverbio-do-dia-nigeria-e-preciso-uma-aldeia-inteira-para-educar-uma-crianca\/","og_locale":"pt_BR","og_type":"article","og_title":"Prov\u00e9rbio do dia, Nig\u00e9ria: \u201c\u00c9 preciso uma aldeia inteira para educar uma crian\u00e7a.\u201d - Correio Braziliense - Radar","og_description":"A educa\u00e7\u00e3o infantil vai al\u00e9m da fam\u00edlia e envolve toda a comunidade. Esse modelo fortalece valores e amplia o desenvolvimento social.","og_url":"https:\/\/www.correiobraziliense.com.br\/cbradar\/proverbio-do-dia-nigeria-e-preciso-uma-aldeia-inteira-para-educar-uma-crianca\/","og_site_name":"Correio Braziliense - Radar","article_published_time":"2026-04-28T14:29:45+00:00","article_modified_time":"2026-04-28T14:30:47+00:00","og_image":[{"width":1280,"height":720,"url":"https:\/\/www.correiobraziliense.com.br\/cbradar\/wp-content\/uploads\/2026\/04\/Gemini_Generated_Image_efn262efn262efn2-1-1.png","type":"image\/png"}],"author":"Patrick Silva","twitter_card":"summary_large_image","twitter_misc":{"Escrito por":"Patrick Silva","Est. tempo de leitura":"5 minutos"},"schema":{"@context":"https:\/\/schema.org","@graph":[{"@type":"WebPage","@id":"https:\/\/www.correiobraziliense.com.br\/cbradar\/proverbio-do-dia-nigeria-e-preciso-uma-aldeia-inteira-para-educar-uma-crianca\/","url":"https:\/\/www.correiobraziliense.com.br\/cbradar\/proverbio-do-dia-nigeria-e-preciso-uma-aldeia-inteira-para-educar-uma-crianca\/","name":"Prov\u00e9rbio do dia, Nig\u00e9ria: \u201c\u00c9 preciso uma aldeia inteira para educar uma crian\u00e7a.\u201d - Correio Braziliense - Radar","isPartOf":{"@id":"https:\/\/www.correiobraziliense.com.br\/cbradar\/#website"},"primaryImageOfPage":{"@id":"https:\/\/www.correiobraziliense.com.br\/cbradar\/proverbio-do-dia-nigeria-e-preciso-uma-aldeia-inteira-para-educar-uma-crianca\/#primaryimage"},"image":{"@id":"https:\/\/www.correiobraziliense.com.br\/cbradar\/proverbio-do-dia-nigeria-e-preciso-uma-aldeia-inteira-para-educar-uma-crianca\/#primaryimage"},"thumbnailUrl":"https:\/\/www.correiobraziliense.com.br\/cbradar\/wp-content\/uploads\/2026\/04\/Gemini_Generated_Image_efn262efn262efn2-1-1.png","datePublished":"2026-04-28T14:29:45+00:00","dateModified":"2026-04-28T14:30:47+00:00","author":{"@id":"https:\/\/www.correiobraziliense.com.br\/cbradar\/#\/schema\/person\/5440b72be9c7eb74f446c846479dc4da"},"description":"A educa\u00e7\u00e3o infantil vai al\u00e9m da fam\u00edlia e envolve toda a comunidade. Esse modelo fortalece valores e amplia o desenvolvimento social.","breadcrumb":{"@id":"https:\/\/www.correiobraziliense.com.br\/cbradar\/proverbio-do-dia-nigeria-e-preciso-uma-aldeia-inteira-para-educar-uma-crianca\/#breadcrumb"},"inLanguage":"pt-BR","potentialAction":[{"@type":"ReadAction","target":["https:\/\/www.correiobraziliense.com.br\/cbradar\/proverbio-do-dia-nigeria-e-preciso-uma-aldeia-inteira-para-educar-uma-crianca\/"]}]},{"@type":"ImageObject","inLanguage":"pt-BR","@id":"https:\/\/www.correiobraziliense.com.br\/cbradar\/proverbio-do-dia-nigeria-e-preciso-uma-aldeia-inteira-para-educar-uma-crianca\/#primaryimage","url":"https:\/\/www.correiobraziliense.com.br\/cbradar\/wp-content\/uploads\/2026\/04\/Gemini_Generated_Image_efn262efn262efn2-1-1.png","contentUrl":"https:\/\/www.correiobraziliense.com.br\/cbradar\/wp-content\/uploads\/2026\/04\/Gemini_Generated_Image_efn262efn262efn2-1-1.png","width":1280,"height":720,"caption":"A comunidade contribui para o desenvolvimento infantil e fortalece valores sociais"},{"@type":"BreadcrumbList","@id":"https:\/\/www.correiobraziliense.com.br\/cbradar\/proverbio-do-dia-nigeria-e-preciso-uma-aldeia-inteira-para-educar-uma-crianca\/#breadcrumb","itemListElement":[{"@type":"ListItem","position":1,"name":"In\u00edcio","item":"https:\/\/www.correiobraziliense.com.br\/cbradar\/"},{"@type":"ListItem","position":2,"name":"Prov\u00e9rbio do dia, Nig\u00e9ria: \u201c\u00c9 preciso uma aldeia inteira para educar uma crian\u00e7a.\u201d"}]},{"@type":"WebSite","@id":"https:\/\/www.correiobraziliense.com.br\/cbradar\/#website","url":"https:\/\/www.correiobraziliense.com.br\/cbradar\/","name":"Correio Braziliense - Radar","description":"Acompanhe as \u00faltimas not\u00edcias e fique bem informado sobre tudo o que acontece no Brasil e no mundo.","potentialAction":[{"@type":"SearchAction","target":{"@type":"EntryPoint","urlTemplate":"https:\/\/www.correiobraziliense.com.br\/cbradar\/?s={search_term_string}"},"query-input":{"@type":"PropertyValueSpecification","valueRequired":true,"valueName":"search_term_string"}}],"inLanguage":"pt-BR"},{"@type":"Person","@id":"https:\/\/www.correiobraziliense.com.br\/cbradar\/#\/schema\/person\/5440b72be9c7eb74f446c846479dc4da","name":"Patrick Silva","image":{"@type":"ImageObject","inLanguage":"pt-BR","@id":"https:\/\/www.correiobraziliense.com.br\/cbradar\/#\/schema\/person\/image\/","url":"https:\/\/secure.gravatar.com\/avatar\/944109df296fc087785c9715fd5f80b2?s=96&d=mm&r=g","contentUrl":"https:\/\/secure.gravatar.com\/avatar\/944109df296fc087785c9715fd5f80b2?s=96&d=mm&r=g","caption":"Patrick Silva"},"sameAs":["https:\/\/www.correiobraziliense.com.br\/cbradar\/"],"url":"https:\/\/www.correiobraziliense.com.br\/cbradar\/author\/patrick-silva\/"}]}},"_links":{"self":[{"href":"https:\/\/www.correiobraziliense.com.br\/cbradar\/wp-json\/wp\/v2\/posts\/233622","targetHints":{"allow":["GET"]}}],"collection":[{"href":"https:\/\/www.correiobraziliense.com.br\/cbradar\/wp-json\/wp\/v2\/posts"}],"about":[{"href":"https:\/\/www.correiobraziliense.com.br\/cbradar\/wp-json\/wp\/v2\/types\/post"}],"author":[{"embeddable":true,"href":"https:\/\/www.correiobraziliense.com.br\/cbradar\/wp-json\/wp\/v2\/users\/21"}],"replies":[{"embeddable":true,"href":"https:\/\/www.correiobraziliense.com.br\/cbradar\/wp-json\/wp\/v2\/comments?post=233622"}],"version-history":[{"count":4,"href":"https:\/\/www.correiobraziliense.com.br\/cbradar\/wp-json\/wp\/v2\/posts\/233622\/revisions"}],"predecessor-version":[{"id":233635,"href":"https:\/\/www.correiobraziliense.com.br\/cbradar\/wp-json\/wp\/v2\/posts\/233622\/revisions\/233635"}],"wp:featuredmedia":[{"embeddable":true,"href":"https:\/\/www.correiobraziliense.com.br\/cbradar\/wp-json\/wp\/v2\/media\/233627"}],"wp:attachment":[{"href":"https:\/\/www.correiobraziliense.com.br\/cbradar\/wp-json\/wp\/v2\/media?parent=233622"}],"wp:term":[{"taxonomy":"category","embeddable":true,"href":"https:\/\/www.correiobraziliense.com.br\/cbradar\/wp-json\/wp\/v2\/categories?post=233622"},{"taxonomy":"post_tag","embeddable":true,"href":"https:\/\/www.correiobraziliense.com.br\/cbradar\/wp-json\/wp\/v2\/post_tag?post=233622"}],"curies":[{"name":"wp","href":"https:\/\/api.w.org\/{rel}","templated":true}]}}