{"id":233645,"date":"2026-04-29T13:45:00","date_gmt":"2026-04-29T16:45:00","guid":{"rendered":"https:\/\/www.correiobraziliense.com.br\/cbradar\/?p=233645"},"modified":"2026-04-28T11:44:24","modified_gmt":"2026-04-28T14:44:24","slug":"pesquisas-sugerem-que-criancas-que-vivem-com-animais-podem-se-tornar-mais-sensiveis-as-necessidades-dos-outros","status":"publish","type":"post","link":"https:\/\/www.correiobraziliense.com.br\/cbradar\/pesquisas-sugerem-que-criancas-que-vivem-com-animais-podem-se-tornar-mais-sensiveis-as-necessidades-dos-outros\/","title":{"rendered":"Pesquisas sugerem que crian\u00e7as que vivem com animais podem se tornar mais sens\u00edveis \u00e0s necessidades dos outros"},"content":{"rendered":"\n<p>A conviv\u00eancia di\u00e1ria com animais de estima\u00e7\u00e3o estimula o desenvolvimento da sensibilidade social e da percep\u00e7\u00e3o emocional nas crian\u00e7as desde cedo. Ao observar as rea\u00e7\u00f5es dos bichos, os pequenos aprendem a identificar sentimentos e necessidades alheias de forma intuitiva. Essa conex\u00e3o especial fortalece la\u00e7os afetivos e prepara o indiv\u00edduo para intera\u00e7\u00f5es humanas mais saud\u00e1veis.<\/p>\n\n\n\n<h2 class=\"wp-block-heading\">Como o comportamento animal ensina a ler emo\u00e7\u00f5es?<\/h2>\n\n\n\n<p>Para compreender um animal, a crian\u00e7a precisa prestar aten\u00e7\u00e3o em sinais sutis que n\u00e3o envolvem palavras, como o abanar de uma cauda ou um recuo t\u00edmido. Esse exerc\u00edcio de observa\u00e7\u00e3o constante treina o c\u00e9rebro para captar nuances de comportamento que muitas vezes passam despercebidas. Desenvolver essa aten\u00e7\u00e3o plena \u00e9 um <strong>passo crucial para a intelig\u00eancia emocional<\/strong>.<\/p>\n\n\n\n<p>Ao notar que o c\u00e3o est\u00e1 triste ou com fome, a crian\u00e7a projeta essa percep\u00e7\u00e3o para as pessoas ao seu redor de forma natural. Essa transi\u00e7\u00e3o do instinto animal para a empatia humana ocorre sem esfor\u00e7o, pois a base da compaix\u00e3o \u00e9 a mesma em ambos os casos. \u00c9 uma <strong>maneira pr\u00e1tica de cultivar o altru\u00edsmo<\/strong> e a bondade genu\u00edna.<\/p>\n\n\n\n<figure class=\"wp-block-image size-full\"><img decoding=\"async\" width=\"1280\" height=\"720\" src=\"https:\/\/www.correiobraziliense.com.br\/cbradar\/wp-content\/uploads\/2026\/04\/Gemini_Generated_Image_oettlloettlloett-1-1.png\" alt=\"Pesquisas sugerem que crian\u00e7as que vivem com animais podem se tornar mais sens\u00edveis \u00e0s necessidades dos outros\" class=\"wp-image-233652\" srcset=\"https:\/\/www.correiobraziliense.com.br\/cbradar\/wp-content\/uploads\/2026\/04\/Gemini_Generated_Image_oettlloettlloett-1-1.png 1280w, https:\/\/www.correiobraziliense.com.br\/cbradar\/wp-content\/uploads\/2026\/04\/Gemini_Generated_Image_oettlloettlloett-1-1-300x169.png 300w, https:\/\/www.correiobraziliense.com.br\/cbradar\/wp-content\/uploads\/2026\/04\/Gemini_Generated_Image_oettlloettlloett-1-1-768x432.png 768w, https:\/\/www.correiobraziliense.com.br\/cbradar\/wp-content\/uploads\/2026\/04\/Gemini_Generated_Image_oettlloettlloett-1-1-750x422.png 750w, https:\/\/www.correiobraziliense.com.br\/cbradar\/wp-content\/uploads\/2026\/04\/Gemini_Generated_Image_oettlloettlloett-1-1-1140x641.png 1140w\" sizes=\"(max-width: 1280px) 100vw, 1280px\" \/><figcaption class=\"wp-element-caption\">Animais ajudam crian\u00e7as a desenvolver empatia e sensibilidade emocional<\/figcaption><\/figure>\n\n\n\n<h2 class=\"wp-block-heading\">Por que o v\u00ednculo afetivo reduz comportamentos ego\u00edstas?<\/h2>\n\n\n\n<p><strong><a href=\"https:\/\/www.correiobraziliense.com.br\/cbradar\/5-racas-de-cachorro-doceis-para-familias-que-querem-um-pet-tranquilo-com-criancas-em-casa\/\" target=\"_blank\" rel=\"noreferrer noopener\">Crian\u00e7as <\/a><\/strong>que possuem pets tendem a entender que os seus pr\u00f3prios desejos nem sempre podem ser satisfeitos de forma imediata e absoluta. Elas aprendem que o animal tem hor\u00e1rios pr\u00f3prios para comer, dormir e brincar, o que exige paci\u00eancia e autocontrole dos pequenos. Esse reconhecimento da individualidade do outro \u00e9 um <strong>ant\u00eddoto eficaz contra o egocentrismo infantil<\/strong>.<\/p>\n\n\n\n<p>A necessidade de zelar pelo bem-estar de um ser vulner\u00e1vel desperta um senso de prote\u00e7\u00e3o que anula tend\u00eancias ego\u00edstas do cotidiano familiar. Ao cuidar do bicho, a crian\u00e7a percebe que suas a\u00e7\u00f5es afetam diretamente a felicidade de quem ela ama e respeita. Esse aprendizado constante \u00e9 o <strong>alicerce para uma conviv\u00eancia social equilibrada<\/strong> e respeitosa em grupo.<\/p>\n\n\n\n<h2 class=\"wp-block-heading\">Quais sinais indicam o aumento da sensibilidade infantil?<\/h2>\n\n\n\n<p>\u00c9 poss\u00edvel notar mudan\u00e7as sutis no comportamento da crian\u00e7a quando ela come\u00e7a a tratar o animal com mais cuidado e considera\u00e7\u00e3o. Esses sinais refletem uma evolu\u00e7\u00e3o na capacidade de se colocar no lugar do outro e de antecipar necessidades b\u00e1sicas sem esfor\u00e7o. <\/p>\n\n\n\n<p><strong>Avalie estes ind\u00edcios claros de amadurecimento emocional que surgem durante a intera\u00e7\u00e3o di\u00e1ria com os bichos:<\/strong><\/p>\n\n\n\n<ul class=\"wp-block-list\">\n<li>Respeito ao espa\u00e7o de descanso do animal.<\/li>\n\n\n\n<li>Oferta espont\u00e2nea de carinho em momentos calmos.<\/li>\n\n\n\n<li>Verifica\u00e7\u00e3o da tigela de \u00e1gua de forma volunt\u00e1ria.<\/li>\n\n\n\n<li>Linguagem corporal suave e movimentos menos bruscos.<\/li>\n\n\n\n<li>Preocupa\u00e7\u00e3o genu\u00edna se o animal aparenta desconforto.<\/li>\n<\/ul>\n\n\n\n<h2 class=\"wp-block-heading\">Como essa caracter\u00edstica impacta as rela\u00e7\u00f5es escolares?<\/h2>\n\n\n\n<p>A sensibilidade desenvolvida em casa com o animal \u00e9 levada para o ambiente escolar, facilitando a resolu\u00e7\u00e3o de conflitos e brigas. Crian\u00e7as mais atentas aos sentimentos alheios tendem a ser mais colaborativas e demonstram maior facilidade em fazer novos amigos durante as atividades. Essa habilidade social \u00e9 um <strong>grande diferencial para o sucesso acad\u00eamico<\/strong> e pessoal futuramente.<\/p>\n\n\n\n<p>A capacidade de perceber quando um colega est\u00e1 triste ou isolado permite que a crian\u00e7a atue como uma agente de inclus\u00e3o. Esse comportamento proativo fortalece o esp\u00edrito de equipe e cria um ambiente de aprendizado muito mais acolhedor para todos os alunos. Investir nesse desenvolvimento desde cedo \u00e9 uma <strong>escolha brilhante para formar cidad\u00e3os conscientes<\/strong> e solid\u00e1rios.<\/p>\n\n\n\n<figure class=\"wp-block-image size-full\"><img decoding=\"async\" width=\"1280\" height=\"720\" src=\"https:\/\/www.correiobraziliense.com.br\/cbradar\/wp-content\/uploads\/2026\/04\/Gemini_Generated_Image_u560d3u560d3u560-1-1.png\" alt=\"Pesquisas sugerem que crian\u00e7as que vivem com animais podem se tornar mais sens\u00edveis \u00e0s necessidades dos outros\" class=\"wp-image-233653\" srcset=\"https:\/\/www.correiobraziliense.com.br\/cbradar\/wp-content\/uploads\/2026\/04\/Gemini_Generated_Image_u560d3u560d3u560-1-1.png 1280w, https:\/\/www.correiobraziliense.com.br\/cbradar\/wp-content\/uploads\/2026\/04\/Gemini_Generated_Image_u560d3u560d3u560-1-1-300x169.png 300w, https:\/\/www.correiobraziliense.com.br\/cbradar\/wp-content\/uploads\/2026\/04\/Gemini_Generated_Image_u560d3u560d3u560-1-1-768x432.png 768w, https:\/\/www.correiobraziliense.com.br\/cbradar\/wp-content\/uploads\/2026\/04\/Gemini_Generated_Image_u560d3u560d3u560-1-1-750x422.png 750w, https:\/\/www.correiobraziliense.com.br\/cbradar\/wp-content\/uploads\/2026\/04\/Gemini_Generated_Image_u560d3u560d3u560-1-1-1140x641.png 1140w\" sizes=\"(max-width: 1280px) 100vw, 1280px\" \/><figcaption class=\"wp-element-caption\">Animais ajudam crian\u00e7as a desenvolver empatia e sensibilidade emocional<\/figcaption><\/figure>\n\n\n\n<h2 class=\"wp-block-heading\">O que as evid\u00eancias indicam sobre o desenvolvimento emocional?<\/h2>\n\n\n\n<p>Profissionais de psicologia observam que o v\u00ednculo entre humanos e animais atua como um catalisador para o desenvolvimento de compet\u00eancias sociais complexas. Essa rela\u00e7\u00e3o proporciona um porto seguro emocional onde a crian\u00e7a pode expressar seus sentimentos livremente e sem qualquer julgamento. O suporte afetivo do pet \u00e9 uma <strong>pe\u00e7a fundamental para o crescimento psicol\u00f3gico saud\u00e1vel<\/strong> da inf\u00e2ncia.<\/p>\n\n\n\n<p>Para compreender a import\u00e2ncia de fortalecer esses la\u00e7os, vale conferir os recursos pedag\u00f3gicos dispon\u00edveis para fam\u00edlias e educadores modernos. A uni\u00e3o entre ci\u00eancia e pr\u00e1tica dom\u00e9stica ajuda a criar estrat\u00e9gias eficientes para potencializar a sensibilidade juvenil. Veja mais informa\u00e7\u00f5es detalhadas no portal da <a target=\"_blank\" rel=\"noreferrer noopener\" href=\"https:\/\/www.aacap.org\/AACAP\/Families_and_Youth\/Facts_for_Families\/FFF-Guide\/Pets-And-Children-075.aspx\">Academia Americana de Psiquiatria Infantil<\/a>. Esse guia t\u00e9cnico \u00e9 um <strong>recurso valioso para promover o bem-estar familiar<\/strong>.<\/p>\n","protected":false},"excerpt":{"rendered":"<p>A conviv\u00eancia di\u00e1ria com animais de estima\u00e7\u00e3o estimula o desenvolvimento da sensibilidade social e da percep\u00e7\u00e3o emocional nas crian\u00e7as desde cedo. Ao observar as rea\u00e7\u00f5es dos bichos, os pequenos aprendem a identificar sentimentos e necessidades alheias de forma intuitiva. Essa conex\u00e3o especial fortalece la\u00e7os afetivos e prepara o indiv\u00edduo para intera\u00e7\u00f5es humanas mais saud\u00e1veis. Como [&hellip;]<\/p>\n","protected":false},"author":21,"featured_media":233651,"comment_status":"open","ping_status":"open","sticky":false,"template":"","format":"standard","meta":{"_yoast_wpseo_focuskw":"crian\u00e7as desenvolvem empatia com animais","_yoast_wpseo_title":"","_yoast_wpseo_metadesc":"Conviver com pets ajuda crian\u00e7as a desenvolver percep\u00e7\u00e3o emocional. A leitura de sinais sutis fortalece empatia e conviv\u00eancia social.","jnews-multi-image_gallery":[],"jnews_single_post":{"format":"standard"},"jnews_primary_category":[],"jnews_social_meta":[],"jnews_override_counter":[],"footnotes":""},"categories":[112],"tags":[230,4377,11842,17554],"class_list":["post-233645","post","type-post","status-publish","format-standard","has-post-thumbnail","hentry","category-curiosidades","tag-animais","tag-criancas","tag-pesquisas","tag-sensiveis"],"yoast_head":"<!-- This site is optimized with the Yoast SEO plugin v24.6 - https:\/\/yoast.com\/wordpress\/plugins\/seo\/ -->\n<title>Pesquisas sugerem que crian\u00e7as que vivem com animais podem se tornar mais sens\u00edveis \u00e0s necessidades dos outros - Correio Braziliense - Radar<\/title>\n<meta name=\"description\" content=\"Conviver com pets ajuda crian\u00e7as a desenvolver percep\u00e7\u00e3o emocional. A leitura de sinais sutis fortalece empatia e conviv\u00eancia social.\" \/>\n<meta name=\"robots\" content=\"index, follow, max-snippet:-1, max-image-preview:large, max-video-preview:-1\" \/>\n<link rel=\"canonical\" href=\"https:\/\/www.correiobraziliense.com.br\/cbradar\/pesquisas-sugerem-que-criancas-que-vivem-com-animais-podem-se-tornar-mais-sensiveis-as-necessidades-dos-outros\/\" \/>\n<meta property=\"og:locale\" content=\"pt_BR\" \/>\n<meta property=\"og:type\" content=\"article\" \/>\n<meta property=\"og:title\" content=\"Pesquisas sugerem que crian\u00e7as que vivem com animais podem se tornar mais sens\u00edveis \u00e0s necessidades dos outros - Correio Braziliense - Radar\" \/>\n<meta property=\"og:description\" content=\"Conviver com pets ajuda crian\u00e7as a desenvolver percep\u00e7\u00e3o emocional. A leitura de sinais sutis fortalece empatia e conviv\u00eancia social.\" \/>\n<meta property=\"og:url\" content=\"https:\/\/www.correiobraziliense.com.br\/cbradar\/pesquisas-sugerem-que-criancas-que-vivem-com-animais-podem-se-tornar-mais-sensiveis-as-necessidades-dos-outros\/\" \/>\n<meta property=\"og:site_name\" content=\"Correio Braziliense - Radar\" \/>\n<meta property=\"article:published_time\" content=\"2026-04-29T16:45:00+00:00\" \/>\n<meta property=\"og:image\" content=\"https:\/\/www.correiobraziliense.com.br\/cbradar\/wp-content\/uploads\/2026\/04\/Gemini_Generated_Image_lhj8otlhj8otlhj8-1-1.png\" \/>\n\t<meta property=\"og:image:width\" content=\"1280\" \/>\n\t<meta property=\"og:image:height\" content=\"720\" \/>\n\t<meta property=\"og:image:type\" content=\"image\/png\" \/>\n<meta name=\"author\" content=\"Patrick Silva\" \/>\n<meta name=\"twitter:card\" content=\"summary_large_image\" \/>\n<meta name=\"twitter:label1\" content=\"Escrito por\" \/>\n\t<meta name=\"twitter:data1\" content=\"Patrick Silva\" \/>\n\t<meta name=\"twitter:label2\" content=\"Est. tempo de leitura\" \/>\n\t<meta name=\"twitter:data2\" content=\"5 minutos\" \/>\n<!-- \/ Yoast SEO plugin. -->","yoast_head_json":{"title":"Pesquisas sugerem que crian\u00e7as que vivem com animais podem se tornar mais sens\u00edveis \u00e0s necessidades dos outros - Correio Braziliense - Radar","description":"Conviver com pets ajuda crian\u00e7as a desenvolver percep\u00e7\u00e3o emocional. A leitura de sinais sutis fortalece empatia e conviv\u00eancia social.","robots":{"index":"index","follow":"follow","max-snippet":"max-snippet:-1","max-image-preview":"max-image-preview:large","max-video-preview":"max-video-preview:-1"},"canonical":"https:\/\/www.correiobraziliense.com.br\/cbradar\/pesquisas-sugerem-que-criancas-que-vivem-com-animais-podem-se-tornar-mais-sensiveis-as-necessidades-dos-outros\/","og_locale":"pt_BR","og_type":"article","og_title":"Pesquisas sugerem que crian\u00e7as que vivem com animais podem se tornar mais sens\u00edveis \u00e0s necessidades dos outros - Correio Braziliense - Radar","og_description":"Conviver com pets ajuda crian\u00e7as a desenvolver percep\u00e7\u00e3o emocional. A leitura de sinais sutis fortalece empatia e conviv\u00eancia social.","og_url":"https:\/\/www.correiobraziliense.com.br\/cbradar\/pesquisas-sugerem-que-criancas-que-vivem-com-animais-podem-se-tornar-mais-sensiveis-as-necessidades-dos-outros\/","og_site_name":"Correio Braziliense - Radar","article_published_time":"2026-04-29T16:45:00+00:00","og_image":[{"width":1280,"height":720,"url":"https:\/\/www.correiobraziliense.com.br\/cbradar\/wp-content\/uploads\/2026\/04\/Gemini_Generated_Image_lhj8otlhj8otlhj8-1-1.png","type":"image\/png"}],"author":"Patrick Silva","twitter_card":"summary_large_image","twitter_misc":{"Escrito por":"Patrick Silva","Est. tempo de leitura":"5 minutos"},"schema":{"@context":"https:\/\/schema.org","@graph":[{"@type":"WebPage","@id":"https:\/\/www.correiobraziliense.com.br\/cbradar\/pesquisas-sugerem-que-criancas-que-vivem-com-animais-podem-se-tornar-mais-sensiveis-as-necessidades-dos-outros\/","url":"https:\/\/www.correiobraziliense.com.br\/cbradar\/pesquisas-sugerem-que-criancas-que-vivem-com-animais-podem-se-tornar-mais-sensiveis-as-necessidades-dos-outros\/","name":"Pesquisas sugerem que crian\u00e7as que vivem com animais podem se tornar mais sens\u00edveis \u00e0s necessidades dos outros - Correio Braziliense - Radar","isPartOf":{"@id":"https:\/\/www.correiobraziliense.com.br\/cbradar\/#website"},"primaryImageOfPage":{"@id":"https:\/\/www.correiobraziliense.com.br\/cbradar\/pesquisas-sugerem-que-criancas-que-vivem-com-animais-podem-se-tornar-mais-sensiveis-as-necessidades-dos-outros\/#primaryimage"},"image":{"@id":"https:\/\/www.correiobraziliense.com.br\/cbradar\/pesquisas-sugerem-que-criancas-que-vivem-com-animais-podem-se-tornar-mais-sensiveis-as-necessidades-dos-outros\/#primaryimage"},"thumbnailUrl":"https:\/\/www.correiobraziliense.com.br\/cbradar\/wp-content\/uploads\/2026\/04\/Gemini_Generated_Image_lhj8otlhj8otlhj8-1-1.png","datePublished":"2026-04-29T16:45:00+00:00","author":{"@id":"https:\/\/www.correiobraziliense.com.br\/cbradar\/#\/schema\/person\/5440b72be9c7eb74f446c846479dc4da"},"description":"Conviver com pets ajuda crian\u00e7as a desenvolver percep\u00e7\u00e3o emocional. A leitura de sinais sutis fortalece empatia e conviv\u00eancia social.","breadcrumb":{"@id":"https:\/\/www.correiobraziliense.com.br\/cbradar\/pesquisas-sugerem-que-criancas-que-vivem-com-animais-podem-se-tornar-mais-sensiveis-as-necessidades-dos-outros\/#breadcrumb"},"inLanguage":"pt-BR","potentialAction":[{"@type":"ReadAction","target":["https:\/\/www.correiobraziliense.com.br\/cbradar\/pesquisas-sugerem-que-criancas-que-vivem-com-animais-podem-se-tornar-mais-sensiveis-as-necessidades-dos-outros\/"]}]},{"@type":"ImageObject","inLanguage":"pt-BR","@id":"https:\/\/www.correiobraziliense.com.br\/cbradar\/pesquisas-sugerem-que-criancas-que-vivem-com-animais-podem-se-tornar-mais-sensiveis-as-necessidades-dos-outros\/#primaryimage","url":"https:\/\/www.correiobraziliense.com.br\/cbradar\/wp-content\/uploads\/2026\/04\/Gemini_Generated_Image_lhj8otlhj8otlhj8-1-1.png","contentUrl":"https:\/\/www.correiobraziliense.com.br\/cbradar\/wp-content\/uploads\/2026\/04\/Gemini_Generated_Image_lhj8otlhj8otlhj8-1-1.png","width":1280,"height":720,"caption":"Animais ajudam crian\u00e7as a desenvolver empatia e sensibilidade emocional"},{"@type":"BreadcrumbList","@id":"https:\/\/www.correiobraziliense.com.br\/cbradar\/pesquisas-sugerem-que-criancas-que-vivem-com-animais-podem-se-tornar-mais-sensiveis-as-necessidades-dos-outros\/#breadcrumb","itemListElement":[{"@type":"ListItem","position":1,"name":"In\u00edcio","item":"https:\/\/www.correiobraziliense.com.br\/cbradar\/"},{"@type":"ListItem","position":2,"name":"Pesquisas sugerem que crian\u00e7as que vivem com animais podem se tornar mais sens\u00edveis \u00e0s necessidades dos outros"}]},{"@type":"WebSite","@id":"https:\/\/www.correiobraziliense.com.br\/cbradar\/#website","url":"https:\/\/www.correiobraziliense.com.br\/cbradar\/","name":"Correio Braziliense - Radar","description":"Acompanhe as \u00faltimas not\u00edcias e fique bem informado sobre tudo o que acontece no Brasil e no mundo.","potentialAction":[{"@type":"SearchAction","target":{"@type":"EntryPoint","urlTemplate":"https:\/\/www.correiobraziliense.com.br\/cbradar\/?s={search_term_string}"},"query-input":{"@type":"PropertyValueSpecification","valueRequired":true,"valueName":"search_term_string"}}],"inLanguage":"pt-BR"},{"@type":"Person","@id":"https:\/\/www.correiobraziliense.com.br\/cbradar\/#\/schema\/person\/5440b72be9c7eb74f446c846479dc4da","name":"Patrick Silva","image":{"@type":"ImageObject","inLanguage":"pt-BR","@id":"https:\/\/www.correiobraziliense.com.br\/cbradar\/#\/schema\/person\/image\/","url":"https:\/\/secure.gravatar.com\/avatar\/944109df296fc087785c9715fd5f80b2?s=96&d=mm&r=g","contentUrl":"https:\/\/secure.gravatar.com\/avatar\/944109df296fc087785c9715fd5f80b2?s=96&d=mm&r=g","caption":"Patrick Silva"},"sameAs":["https:\/\/www.correiobraziliense.com.br\/cbradar\/"],"url":"https:\/\/www.correiobraziliense.com.br\/cbradar\/author\/patrick-silva\/"}]}},"_links":{"self":[{"href":"https:\/\/www.correiobraziliense.com.br\/cbradar\/wp-json\/wp\/v2\/posts\/233645","targetHints":{"allow":["GET"]}}],"collection":[{"href":"https:\/\/www.correiobraziliense.com.br\/cbradar\/wp-json\/wp\/v2\/posts"}],"about":[{"href":"https:\/\/www.correiobraziliense.com.br\/cbradar\/wp-json\/wp\/v2\/types\/post"}],"author":[{"embeddable":true,"href":"https:\/\/www.correiobraziliense.com.br\/cbradar\/wp-json\/wp\/v2\/users\/21"}],"replies":[{"embeddable":true,"href":"https:\/\/www.correiobraziliense.com.br\/cbradar\/wp-json\/wp\/v2\/comments?post=233645"}],"version-history":[{"count":3,"href":"https:\/\/www.correiobraziliense.com.br\/cbradar\/wp-json\/wp\/v2\/posts\/233645\/revisions"}],"predecessor-version":[{"id":233654,"href":"https:\/\/www.correiobraziliense.com.br\/cbradar\/wp-json\/wp\/v2\/posts\/233645\/revisions\/233654"}],"wp:featuredmedia":[{"embeddable":true,"href":"https:\/\/www.correiobraziliense.com.br\/cbradar\/wp-json\/wp\/v2\/media\/233651"}],"wp:attachment":[{"href":"https:\/\/www.correiobraziliense.com.br\/cbradar\/wp-json\/wp\/v2\/media?parent=233645"}],"wp:term":[{"taxonomy":"category","embeddable":true,"href":"https:\/\/www.correiobraziliense.com.br\/cbradar\/wp-json\/wp\/v2\/categories?post=233645"},{"taxonomy":"post_tag","embeddable":true,"href":"https:\/\/www.correiobraziliense.com.br\/cbradar\/wp-json\/wp\/v2\/tags?post=233645"}],"curies":[{"name":"wp","href":"https:\/\/api.w.org\/{rel}","templated":true}]}}