{"id":233655,"date":"2026-04-29T22:05:00","date_gmt":"2026-04-30T01:05:00","guid":{"rendered":"https:\/\/www.correiobraziliense.com.br\/cbradar\/?p=233655"},"modified":"2026-04-28T12:01:00","modified_gmt":"2026-04-28T15:01:00","slug":"a-psicologia-explica-que-adultos-que-evitam-demonstrar-sentimentos-nem-sempre-sao-distantes-mas-aprenderam-a-se-proteger-cedo-demais","status":"publish","type":"post","link":"https:\/\/www.correiobraziliense.com.br\/cbradar\/a-psicologia-explica-que-adultos-que-evitam-demonstrar-sentimentos-nem-sempre-sao-distantes-mas-aprenderam-a-se-proteger-cedo-demais\/","title":{"rendered":"A psicologia explica que adultos que evitam demonstrar sentimentos nem sempre s\u00e3o distantes, mas aprenderam a se proteger cedo demais"},"content":{"rendered":"\n<p>Muitos adultos que parecem frios ou distantes est\u00e3o, na verdade, utilizando mecanismos de defesa constru\u00eddos durante a inf\u00e2ncia para garantir seguran\u00e7a emocional. Essa dificuldade em expressar vulnerabilidade surge como uma armadura necess\u00e1ria para enfrentar ambientes inst\u00e1veis no passado. Compreender essas barreiras \u00e9 fundamental para desenvolver relacionamentos mais profundos e saud\u00e1veis atualmente.<\/p>\n\n\n\n<h2 class=\"wp-block-heading\">Por que o sil\u00eancio emocional funciona como uma armadura?<\/h2>\n\n\n\n<p>O <strong><a href=\"https:\/\/www.correiobraziliense.com.br\/cbradar\/convivencia-entre-gatos-e-criancas-estimula-comportamentos-que-ajudam-no-desenvolvimento-social\/\" target=\"_blank\" rel=\"noreferrer noopener\">comportamento <\/a><\/strong>de esquiva emocional muitas vezes funciona como um escudo psicol\u00f3gico desenvolvido para evitar novas decep\u00e7\u00f5es ou feridas internas profundas. Quando uma crian\u00e7a cresce em um ambiente em que suas emo\u00e7\u00f5es s\u00e3o invalidadas, ela aprende que silenciar sentimentos \u00e9 a forma mais segura de sobreviver. Esse padr\u00e3o de comportamento acaba se tornando autom\u00e1tico na fase adulta.<\/p>\n\n\n\n<p>Essa prote\u00e7\u00e3o excessiva impede que o indiv\u00edduo estabele\u00e7a conex\u00f5es \u00edntimas verdadeiras, pois a vulnerabilidade \u00e9 vista como um risco inaceit\u00e1vel para a psique. Embora pare\u00e7am pessoas autossuficientes e resolvidas, existe um medo latente de que a abertura emocional resulte em rejei\u00e7\u00e3o ou abandono. Desconstruir essa armadura exige tempo, paci\u00eancia e um <strong>olhar compassivo sobre a pr\u00f3pria hist\u00f3ria<\/strong>.<\/p>\n\n\n\n<figure class=\"wp-block-image size-full\"><img decoding=\"async\" width=\"1280\" height=\"720\" src=\"https:\/\/www.correiobraziliense.com.br\/cbradar\/wp-content\/uploads\/2026\/04\/Gemini_Generated_Image_oarfrooarfrooarf-1-1.png\" alt=\"A psicologia explica que adultos que evitam demonstrar sentimentos nem sempre s\u00e3o distantes, mas aprenderam a se proteger cedo demais\" class=\"wp-image-233663\" srcset=\"https:\/\/www.correiobraziliense.com.br\/cbradar\/wp-content\/uploads\/2026\/04\/Gemini_Generated_Image_oarfrooarfrooarf-1-1.png 1280w, https:\/\/www.correiobraziliense.com.br\/cbradar\/wp-content\/uploads\/2026\/04\/Gemini_Generated_Image_oarfrooarfrooarf-1-1-300x169.png 300w, https:\/\/www.correiobraziliense.com.br\/cbradar\/wp-content\/uploads\/2026\/04\/Gemini_Generated_Image_oarfrooarfrooarf-1-1-768x432.png 768w, https:\/\/www.correiobraziliense.com.br\/cbradar\/wp-content\/uploads\/2026\/04\/Gemini_Generated_Image_oarfrooarfrooarf-1-1-750x422.png 750w, https:\/\/www.correiobraziliense.com.br\/cbradar\/wp-content\/uploads\/2026\/04\/Gemini_Generated_Image_oarfrooarfrooarf-1-1-1140x641.png 1140w\" sizes=\"(max-width: 1280px) 100vw, 1280px\" \/><figcaption class=\"wp-element-caption\">A dist\u00e2ncia emocional pode ser um mecanismo de defesa criado na inf\u00e2ncia<\/figcaption><\/figure>\n\n\n\n<h2 class=\"wp-block-heading\">Como a teoria do apego explica a dist\u00e2ncia afetiva?<\/h2>\n\n\n\n<p>A teoria do apego inseguro ajuda a explicar por que certas pessoas sentem um desconforto profundo ao lidar com demonstra\u00e7\u00f5es intensas de afeto. Indiv\u00edduos com estilo de apego evitativo tendem a valorizar excessivamente a independ\u00eancia para n\u00e3o dependerem emocionalmente de ningu\u00e9m. Essa postura \u00e9 um reflexo direto de experi\u00eancias precoces em que o suporte emocional foi insuficiente.<\/p>\n\n\n\n<p>Identificar esses tra\u00e7os \u00e9 o primeiro passo para buscar novas formas de interagir com os parceiros e amigos de maneira aberta. A psicoterapia oferece ferramentas essenciais para que o adulto reconhe\u00e7a seus gatilhos e aprenda a validar as pr\u00f3prias necessidades sem medo. Evoluir nesse sentido permite que a vida emocional seja vivida com <strong>mais autenticidade e menos repress\u00e3o<\/strong>.<\/p>\n\n\n\n<h2 class=\"wp-block-heading\">Quais comportamentos indicam que algu\u00e9m est\u00e1 se protegendo?<\/h2>\n\n\n\n<p>Reconhecer os sinais de que algu\u00e9m est\u00e1 operando sob um regime de prote\u00e7\u00e3o emocional pode transformar a din\u00e2mica de conviv\u00eancia familiar. Muitas vezes, o sil\u00eancio n\u00e3o \u00e9 falta de interesse, mas uma incapacidade tempor\u00e1ria de processar est\u00edmulos afetivos intensos ou invasivos. <\/p>\n\n\n\n<p><strong>Analise estes ind\u00edcios comportamentais que revelam a presen\u00e7a de mecanismos de defesa ativos no cotidiano:<\/strong><\/p>\n\n\n\n<ul class=\"wp-block-list\">\n<li>Prefer\u00eancia por resolver problemas de forma racional e isolada.<\/li>\n\n\n\n<li>Desconforto vis\u00edvel durante conversas sobre sentimentos ou futuro.<\/li>\n\n\n\n<li>Uso frequente do sarcasmo para desviar de temas pessoais.<\/li>\n\n\n\n<li>Manuten\u00e7\u00e3o de uma dist\u00e2ncia f\u00edsica ou emocional em momentos \u00edntimos.<\/li>\n\n\n\n<li>Dificuldade extrema em pedir ajuda, mesmo em situa\u00e7\u00f5es cr\u00edticas.<\/li>\n<\/ul>\n\n\n\n<h2 class=\"wp-block-heading\">Existe um caminho para desconstruir essas barreiras internas?<\/h2>\n\n\n\n<p>Superar a tend\u00eancia de se esconder atr\u00e1s de barreiras emocionais requer um esfor\u00e7o consciente para enfrentar o desconforto da exposi\u00e7\u00e3o pessoal. Come\u00e7ar com pequenos passos, como expressar gratid\u00e3o ou compartilhar um pensamento simples, ajuda a treinar o c\u00e9rebro para novas experi\u00eancias. A const\u00e2ncia nessas pequenas aberturas fortalece a seguran\u00e7a interna e diminui a necessidade de prote\u00e7\u00e3o constante.<\/p>\n\n\n\n<p>\u00c9 importante entender que a vulnerabilidade n\u00e3o \u00e9 um sinal de fraqueza, mas uma demonstra\u00e7\u00e3o de coragem e for\u00e7a interior. Ao permitir que os outros vejam sua verdadeira ess\u00eancia, voc\u00ea cria oportunidades para receber o apoio e o carinho que antes eram evitados. Esse processo de cura permite uma <strong>vida mais plena, leve e conectada socialmente<\/strong>.<\/p>\n\n\n\n<figure class=\"wp-block-image size-full\"><img decoding=\"async\" width=\"1280\" height=\"720\" src=\"https:\/\/www.correiobraziliense.com.br\/cbradar\/wp-content\/uploads\/2026\/04\/Gemini_Generated_Image_7l6gp7l6gp7l6gp7-1-1.png\" alt=\"A psicologia explica que adultos que evitam demonstrar sentimentos nem sempre s\u00e3o distantes, mas aprenderam a se proteger cedo demais\" class=\"wp-image-233665\" srcset=\"https:\/\/www.correiobraziliense.com.br\/cbradar\/wp-content\/uploads\/2026\/04\/Gemini_Generated_Image_7l6gp7l6gp7l6gp7-1-1.png 1280w, https:\/\/www.correiobraziliense.com.br\/cbradar\/wp-content\/uploads\/2026\/04\/Gemini_Generated_Image_7l6gp7l6gp7l6gp7-1-1-300x169.png 300w, https:\/\/www.correiobraziliense.com.br\/cbradar\/wp-content\/uploads\/2026\/04\/Gemini_Generated_Image_7l6gp7l6gp7l6gp7-1-1-768x432.png 768w, https:\/\/www.correiobraziliense.com.br\/cbradar\/wp-content\/uploads\/2026\/04\/Gemini_Generated_Image_7l6gp7l6gp7l6gp7-1-1-750x422.png 750w, https:\/\/www.correiobraziliense.com.br\/cbradar\/wp-content\/uploads\/2026\/04\/Gemini_Generated_Image_7l6gp7l6gp7l6gp7-1-1-1140x641.png 1140w\" sizes=\"(max-width: 1280px) 100vw, 1280px\" \/><figcaption class=\"wp-element-caption\">A dist\u00e2ncia emocional pode ser um mecanismo de defesa criado na inf\u00e2ncia<\/figcaption><\/figure>\n\n\n\n<h2 class=\"wp-block-heading\">O que as pesquisas revelam sobre os v\u00ednculos de inf\u00e2ncia?<\/h2>\n\n\n\n<p>Diversos especialistas em sa\u00fade mental afirmam que a compreens\u00e3o da inf\u00e2ncia \u00e9 vital para tratar as dificuldades de relacionamento na maturidade. Quando os cuidadores prim\u00e1rios n\u00e3o respondem adequadamente \u00e0s necessidades do beb\u00ea, o sistema nervoso aprende a se regular sozinho de maneira r\u00edgida. Essa independ\u00eancia for\u00e7ada molda a forma como o indiv\u00edduo perceber\u00e1 as parcerias futuras.<\/p>\n\n\n\n<p>Para aprofundar o conhecimento sobre como os v\u00ednculos iniciais influenciam o comportamento maduro, leia o artigo da <strong>American Psychological Association<\/strong> sobre <a href=\"https:\/\/psycnet.apa.org\/record\/2006-00578-001\" target=\"_blank\" rel=\"noreferrer noopener\">apego e desenvolvimento<\/a>. Este conte\u00fado t\u00e9cnico explica detalhadamente os impactos da neglig\u00eancia emocional no desenvolvimento do car\u00e1ter humano ao longo das d\u00e9cadas. Compreender essas ra\u00edzes \u00e9 o <strong>caminho para uma transforma\u00e7\u00e3o emocional profunda<\/strong>.<\/p>\n","protected":false},"excerpt":{"rendered":"<p>Muitos adultos que parecem frios ou distantes est\u00e3o, na verdade, utilizando mecanismos de defesa constru\u00eddos durante a inf\u00e2ncia para garantir seguran\u00e7a emocional. Essa dificuldade em expressar vulnerabilidade surge como uma armadura necess\u00e1ria para enfrentar ambientes inst\u00e1veis no passado. Compreender essas barreiras \u00e9 fundamental para desenvolver relacionamentos mais profundos e saud\u00e1veis atualmente. Por que o sil\u00eancio [&hellip;]<\/p>\n","protected":false},"author":21,"featured_media":233662,"comment_status":"open","ping_status":"open","sticky":false,"template":"","format":"standard","meta":{"_yoast_wpseo_focuskw":"dist\u00e2ncia emocional mecanismo de defesa","_yoast_wpseo_title":"","_yoast_wpseo_metadesc":"Pessoas frias podem estar protegendo emo\u00e7\u00f5es profundas. Certos comportamentos revelam padr\u00f5es formados ainda na inf\u00e2ncia emocional.","jnews-multi-image_gallery":[],"jnews_single_post":{"format":"standard"},"jnews_primary_category":[],"jnews_social_meta":[],"jnews_override_counter":[],"footnotes":""},"categories":[112],"tags":[11312,404,10437],"class_list":["post-233655","post","type-post","status-publish","format-standard","has-post-thumbnail","hentry","category-curiosidades","tag-adultos","tag-psicologia","tag-sentimentos"],"yoast_head":"<!-- This site is optimized with the Yoast SEO plugin v24.6 - https:\/\/yoast.com\/wordpress\/plugins\/seo\/ -->\n<title>A psicologia explica que adultos que evitam demonstrar sentimentos nem sempre s\u00e3o distantes, mas aprenderam a se proteger cedo demais - Correio Braziliense - Radar<\/title>\n<meta name=\"description\" content=\"Pessoas frias podem estar protegendo emo\u00e7\u00f5es profundas. Certos comportamentos revelam padr\u00f5es formados ainda na inf\u00e2ncia emocional.\" \/>\n<meta name=\"robots\" content=\"index, follow, max-snippet:-1, max-image-preview:large, max-video-preview:-1\" \/>\n<link rel=\"canonical\" href=\"https:\/\/www.correiobraziliense.com.br\/cbradar\/a-psicologia-explica-que-adultos-que-evitam-demonstrar-sentimentos-nem-sempre-sao-distantes-mas-aprenderam-a-se-proteger-cedo-demais\/\" \/>\n<meta property=\"og:locale\" content=\"pt_BR\" \/>\n<meta property=\"og:type\" content=\"article\" \/>\n<meta property=\"og:title\" content=\"A psicologia explica que adultos que evitam demonstrar sentimentos nem sempre s\u00e3o distantes, mas aprenderam a se proteger cedo demais - Correio Braziliense - Radar\" \/>\n<meta property=\"og:description\" content=\"Pessoas frias podem estar protegendo emo\u00e7\u00f5es profundas. Certos comportamentos revelam padr\u00f5es formados ainda na inf\u00e2ncia emocional.\" \/>\n<meta property=\"og:url\" content=\"https:\/\/www.correiobraziliense.com.br\/cbradar\/a-psicologia-explica-que-adultos-que-evitam-demonstrar-sentimentos-nem-sempre-sao-distantes-mas-aprenderam-a-se-proteger-cedo-demais\/\" \/>\n<meta property=\"og:site_name\" content=\"Correio Braziliense - Radar\" \/>\n<meta property=\"article:published_time\" content=\"2026-04-30T01:05:00+00:00\" \/>\n<meta property=\"og:image\" content=\"https:\/\/www.correiobraziliense.com.br\/cbradar\/wp-content\/uploads\/2026\/04\/Gemini_Generated_Image_4y355b4y355b4y35-1-1.png\" \/>\n\t<meta property=\"og:image:width\" content=\"1280\" \/>\n\t<meta property=\"og:image:height\" content=\"720\" \/>\n\t<meta property=\"og:image:type\" content=\"image\/png\" \/>\n<meta name=\"author\" content=\"Patrick Silva\" \/>\n<meta name=\"twitter:card\" content=\"summary_large_image\" \/>\n<meta name=\"twitter:label1\" content=\"Escrito por\" \/>\n\t<meta name=\"twitter:data1\" content=\"Patrick Silva\" \/>\n\t<meta name=\"twitter:label2\" content=\"Est. tempo de leitura\" \/>\n\t<meta name=\"twitter:data2\" content=\"5 minutos\" \/>\n<!-- \/ Yoast SEO plugin. -->","yoast_head_json":{"title":"A psicologia explica que adultos que evitam demonstrar sentimentos nem sempre s\u00e3o distantes, mas aprenderam a se proteger cedo demais - Correio Braziliense - Radar","description":"Pessoas frias podem estar protegendo emo\u00e7\u00f5es profundas. Certos comportamentos revelam padr\u00f5es formados ainda na inf\u00e2ncia emocional.","robots":{"index":"index","follow":"follow","max-snippet":"max-snippet:-1","max-image-preview":"max-image-preview:large","max-video-preview":"max-video-preview:-1"},"canonical":"https:\/\/www.correiobraziliense.com.br\/cbradar\/a-psicologia-explica-que-adultos-que-evitam-demonstrar-sentimentos-nem-sempre-sao-distantes-mas-aprenderam-a-se-proteger-cedo-demais\/","og_locale":"pt_BR","og_type":"article","og_title":"A psicologia explica que adultos que evitam demonstrar sentimentos nem sempre s\u00e3o distantes, mas aprenderam a se proteger cedo demais - Correio Braziliense - Radar","og_description":"Pessoas frias podem estar protegendo emo\u00e7\u00f5es profundas. Certos comportamentos revelam padr\u00f5es formados ainda na inf\u00e2ncia emocional.","og_url":"https:\/\/www.correiobraziliense.com.br\/cbradar\/a-psicologia-explica-que-adultos-que-evitam-demonstrar-sentimentos-nem-sempre-sao-distantes-mas-aprenderam-a-se-proteger-cedo-demais\/","og_site_name":"Correio Braziliense - Radar","article_published_time":"2026-04-30T01:05:00+00:00","og_image":[{"width":1280,"height":720,"url":"https:\/\/www.correiobraziliense.com.br\/cbradar\/wp-content\/uploads\/2026\/04\/Gemini_Generated_Image_4y355b4y355b4y35-1-1.png","type":"image\/png"}],"author":"Patrick Silva","twitter_card":"summary_large_image","twitter_misc":{"Escrito por":"Patrick Silva","Est. tempo de leitura":"5 minutos"},"schema":{"@context":"https:\/\/schema.org","@graph":[{"@type":"WebPage","@id":"https:\/\/www.correiobraziliense.com.br\/cbradar\/a-psicologia-explica-que-adultos-que-evitam-demonstrar-sentimentos-nem-sempre-sao-distantes-mas-aprenderam-a-se-proteger-cedo-demais\/","url":"https:\/\/www.correiobraziliense.com.br\/cbradar\/a-psicologia-explica-que-adultos-que-evitam-demonstrar-sentimentos-nem-sempre-sao-distantes-mas-aprenderam-a-se-proteger-cedo-demais\/","name":"A psicologia explica que adultos que evitam demonstrar sentimentos nem sempre s\u00e3o distantes, mas aprenderam a se proteger cedo demais - Correio Braziliense - Radar","isPartOf":{"@id":"https:\/\/www.correiobraziliense.com.br\/cbradar\/#website"},"primaryImageOfPage":{"@id":"https:\/\/www.correiobraziliense.com.br\/cbradar\/a-psicologia-explica-que-adultos-que-evitam-demonstrar-sentimentos-nem-sempre-sao-distantes-mas-aprenderam-a-se-proteger-cedo-demais\/#primaryimage"},"image":{"@id":"https:\/\/www.correiobraziliense.com.br\/cbradar\/a-psicologia-explica-que-adultos-que-evitam-demonstrar-sentimentos-nem-sempre-sao-distantes-mas-aprenderam-a-se-proteger-cedo-demais\/#primaryimage"},"thumbnailUrl":"https:\/\/www.correiobraziliense.com.br\/cbradar\/wp-content\/uploads\/2026\/04\/Gemini_Generated_Image_4y355b4y355b4y35-1-1.png","datePublished":"2026-04-30T01:05:00+00:00","author":{"@id":"https:\/\/www.correiobraziliense.com.br\/cbradar\/#\/schema\/person\/5440b72be9c7eb74f446c846479dc4da"},"description":"Pessoas frias podem estar protegendo emo\u00e7\u00f5es profundas. Certos comportamentos revelam padr\u00f5es formados ainda na inf\u00e2ncia emocional.","breadcrumb":{"@id":"https:\/\/www.correiobraziliense.com.br\/cbradar\/a-psicologia-explica-que-adultos-que-evitam-demonstrar-sentimentos-nem-sempre-sao-distantes-mas-aprenderam-a-se-proteger-cedo-demais\/#breadcrumb"},"inLanguage":"pt-BR","potentialAction":[{"@type":"ReadAction","target":["https:\/\/www.correiobraziliense.com.br\/cbradar\/a-psicologia-explica-que-adultos-que-evitam-demonstrar-sentimentos-nem-sempre-sao-distantes-mas-aprenderam-a-se-proteger-cedo-demais\/"]}]},{"@type":"ImageObject","inLanguage":"pt-BR","@id":"https:\/\/www.correiobraziliense.com.br\/cbradar\/a-psicologia-explica-que-adultos-que-evitam-demonstrar-sentimentos-nem-sempre-sao-distantes-mas-aprenderam-a-se-proteger-cedo-demais\/#primaryimage","url":"https:\/\/www.correiobraziliense.com.br\/cbradar\/wp-content\/uploads\/2026\/04\/Gemini_Generated_Image_4y355b4y355b4y35-1-1.png","contentUrl":"https:\/\/www.correiobraziliense.com.br\/cbradar\/wp-content\/uploads\/2026\/04\/Gemini_Generated_Image_4y355b4y355b4y35-1-1.png","width":1280,"height":720,"caption":"A dist\u00e2ncia emocional pode ser um mecanismo de defesa criado na inf\u00e2ncia"},{"@type":"BreadcrumbList","@id":"https:\/\/www.correiobraziliense.com.br\/cbradar\/a-psicologia-explica-que-adultos-que-evitam-demonstrar-sentimentos-nem-sempre-sao-distantes-mas-aprenderam-a-se-proteger-cedo-demais\/#breadcrumb","itemListElement":[{"@type":"ListItem","position":1,"name":"In\u00edcio","item":"https:\/\/www.correiobraziliense.com.br\/cbradar\/"},{"@type":"ListItem","position":2,"name":"A psicologia explica que adultos que evitam demonstrar sentimentos nem sempre s\u00e3o distantes, mas aprenderam a se proteger cedo demais"}]},{"@type":"WebSite","@id":"https:\/\/www.correiobraziliense.com.br\/cbradar\/#website","url":"https:\/\/www.correiobraziliense.com.br\/cbradar\/","name":"Correio Braziliense - Radar","description":"Acompanhe as \u00faltimas not\u00edcias e fique bem informado sobre tudo o que acontece no Brasil e no mundo.","potentialAction":[{"@type":"SearchAction","target":{"@type":"EntryPoint","urlTemplate":"https:\/\/www.correiobraziliense.com.br\/cbradar\/?s={search_term_string}"},"query-input":{"@type":"PropertyValueSpecification","valueRequired":true,"valueName":"search_term_string"}}],"inLanguage":"pt-BR"},{"@type":"Person","@id":"https:\/\/www.correiobraziliense.com.br\/cbradar\/#\/schema\/person\/5440b72be9c7eb74f446c846479dc4da","name":"Patrick Silva","image":{"@type":"ImageObject","inLanguage":"pt-BR","@id":"https:\/\/www.correiobraziliense.com.br\/cbradar\/#\/schema\/person\/image\/","url":"https:\/\/secure.gravatar.com\/avatar\/944109df296fc087785c9715fd5f80b2?s=96&d=mm&r=g","contentUrl":"https:\/\/secure.gravatar.com\/avatar\/944109df296fc087785c9715fd5f80b2?s=96&d=mm&r=g","caption":"Patrick Silva"},"sameAs":["https:\/\/www.correiobraziliense.com.br\/cbradar\/"],"url":"https:\/\/www.correiobraziliense.com.br\/cbradar\/author\/patrick-silva\/"}]}},"_links":{"self":[{"href":"https:\/\/www.correiobraziliense.com.br\/cbradar\/wp-json\/wp\/v2\/posts\/233655","targetHints":{"allow":["GET"]}}],"collection":[{"href":"https:\/\/www.correiobraziliense.com.br\/cbradar\/wp-json\/wp\/v2\/posts"}],"about":[{"href":"https:\/\/www.correiobraziliense.com.br\/cbradar\/wp-json\/wp\/v2\/types\/post"}],"author":[{"embeddable":true,"href":"https:\/\/www.correiobraziliense.com.br\/cbradar\/wp-json\/wp\/v2\/users\/21"}],"replies":[{"embeddable":true,"href":"https:\/\/www.correiobraziliense.com.br\/cbradar\/wp-json\/wp\/v2\/comments?post=233655"}],"version-history":[{"count":3,"href":"https:\/\/www.correiobraziliense.com.br\/cbradar\/wp-json\/wp\/v2\/posts\/233655\/revisions"}],"predecessor-version":[{"id":233666,"href":"https:\/\/www.correiobraziliense.com.br\/cbradar\/wp-json\/wp\/v2\/posts\/233655\/revisions\/233666"}],"wp:featuredmedia":[{"embeddable":true,"href":"https:\/\/www.correiobraziliense.com.br\/cbradar\/wp-json\/wp\/v2\/media\/233662"}],"wp:attachment":[{"href":"https:\/\/www.correiobraziliense.com.br\/cbradar\/wp-json\/wp\/v2\/media?parent=233655"}],"wp:term":[{"taxonomy":"category","embeddable":true,"href":"https:\/\/www.correiobraziliense.com.br\/cbradar\/wp-json\/wp\/v2\/categories?post=233655"},{"taxonomy":"post_tag","embeddable":true,"href":"https:\/\/www.correiobraziliense.com.br\/cbradar\/wp-json\/wp\/v2\/tags?post=233655"}],"curies":[{"name":"wp","href":"https:\/\/api.w.org\/{rel}","templated":true}]}}