{"id":233719,"date":"2026-04-29T15:45:00","date_gmt":"2026-04-29T18:45:00","guid":{"rendered":"https:\/\/www.correiobraziliense.com.br\/cbradar\/?p=233719"},"modified":"2026-04-28T13:11:04","modified_gmt":"2026-04-28T16:11:04","slug":"as-bebidas-consumidas-no-inverno-que-podem-atrapalhar-as-defesas-do-organismo","status":"publish","type":"post","link":"https:\/\/www.correiobraziliense.com.br\/cbradar\/as-bebidas-consumidas-no-inverno-que-podem-atrapalhar-as-defesas-do-organismo\/","title":{"rendered":"As bebidas consumidas no inverno que podem atrapalhar as defesas do organismo"},"content":{"rendered":"\n<p>Muitas pessoas buscam conforto em x\u00edcaras quentes durante os dias mais frios para aquecer o corpo e a alma. No entanto, algumas escolhas l\u00edquidas frequentes podem comprometer silenciosamente a capacidade de prote\u00e7\u00e3o natural contra doen\u00e7as sazonais t\u00edpicas desta \u00e9poca. Equilibrar o prazer dessas misturas com a necessidade de manter a imunidade alta \u00e9 fundamental para garantir sa\u00fade plena.<\/p>\n\n\n\n<h2 class=\"wp-block-heading\">Como o excesso de a\u00e7\u00facar em bebidas quentes afeta a imunidade?<\/h2>\n\n\n\n<p>O chocolate quente e os caf\u00e9s cremosos costumam ser preparados com grandes quantidades de xaropes e a\u00e7\u00facares refinados. Essa ingest\u00e3o elevada provoca um estado de inflama\u00e7\u00e3o tempor\u00e1ria que dificulta a resposta r\u00e1pida das c\u00e9lulas de defesa contra invasores externos. Quando o metabolismo lida com o excesso de glicose, a efici\u00eancia dos gl\u00f3bulos brancos diminui consideravelmente durante algumas horas seguidas.<\/p>\n\n\n\n<p>Manter o corpo aquecido com l\u00edquidos doces pode gerar uma sensa\u00e7\u00e3o moment\u00e2nea de bem-estar, mas o custo biol\u00f3gico \u00e9 real. A barreira protetora do organismo fica vulner\u00e1vel a v\u00edrus e bact\u00e9rias que circulam com mais facilidade em ambientes fechados. Substituir os ado\u00e7antes artificiais por op\u00e7\u00f5es naturais como a canela ajuda a preservar o vigor do sistema imunol\u00f3gico.<\/p>\n\n\n\n<figure class=\"wp-block-image size-full\"><img decoding=\"async\" width=\"1280\" height=\"720\" src=\"https:\/\/www.correiobraziliense.com.br\/cbradar\/wp-content\/uploads\/2026\/04\/Gemini_Generated_Image_fk9pomfk9pomfk9p-1-1.png\" alt=\"As bebidas consumidas no inverno que podem atrapalhar as defesas do organismo\" class=\"wp-image-233730\" srcset=\"https:\/\/www.correiobraziliense.com.br\/cbradar\/wp-content\/uploads\/2026\/04\/Gemini_Generated_Image_fk9pomfk9pomfk9p-1-1.png 1280w, https:\/\/www.correiobraziliense.com.br\/cbradar\/wp-content\/uploads\/2026\/04\/Gemini_Generated_Image_fk9pomfk9pomfk9p-1-1-300x169.png 300w, https:\/\/www.correiobraziliense.com.br\/cbradar\/wp-content\/uploads\/2026\/04\/Gemini_Generated_Image_fk9pomfk9pomfk9p-1-1-768x432.png 768w, https:\/\/www.correiobraziliense.com.br\/cbradar\/wp-content\/uploads\/2026\/04\/Gemini_Generated_Image_fk9pomfk9pomfk9p-1-1-750x422.png 750w, https:\/\/www.correiobraziliense.com.br\/cbradar\/wp-content\/uploads\/2026\/04\/Gemini_Generated_Image_fk9pomfk9pomfk9p-1-1-1140x641.png 1140w\" sizes=\"(max-width: 1280px) 100vw, 1280px\" \/><figcaption class=\"wp-element-caption\">Bebidas quentes comuns no frio podem reduzir a imunidade se consumidas em excesso<\/figcaption><\/figure>\n\n\n\n<h2 class=\"wp-block-heading\">Qual \u00e9 o papel do \u00e1lcool na fragilidade do organismo durante o inverno?<\/h2>\n\n\n\n<p>O consumo de vinho e bebidas destiladas aumenta significativamente quando as temperaturas caem, muitas vezes sob o pretexto de aquecer. No entanto, o \u00e1lcool promove a desidrata\u00e7\u00e3o das mucosas respirat\u00f3rias, que s\u00e3o a primeira linha de defesa contra resfriados e gripes. Esse ressecamento facilita a entrada de agentes patog\u00eanicos no corpo, aumentando o risco de infec\u00e7\u00f5es constantes.<\/p>\n\n\n\n<p>Al\u00e9m da quest\u00e3o f\u00edsica direta, as bebidas alco\u00f3licas prejudicam a qualidade do sono profundo, per\u00edodo em que o corpo se regenera. Um descanso interrompido impede que as prote\u00ednas reguladoras do sistema imune sejam produzidas em n\u00edveis adequados para proteger a sa\u00fade. Priorizar o consumo moderado e intercalar com \u00e1gua \u00e9 essencial para manter o equil\u00edbrio durante as noites frias.<\/p>\n\n\n\n<h2 class=\"wp-block-heading\">Quais componentes devem ser evitados para proteger as defesas naturais?<\/h2>\n\n\n\n<p>Muitas misturas instant\u00e2neas vendidas como solu\u00e7\u00f5es r\u00e1pidas para o frio carregam aditivos qu\u00edmicos e conservantes que sobrecarregam o f\u00edgado. Quando o organismo foca em processar subst\u00e2ncias artificiais complexas, a aten\u00e7\u00e3o voltada para a manuten\u00e7\u00e3o da barreira imunol\u00f3gica pode ser desviada consideravelmente. Escolher ingredientes frescos e naturais \u00e9 a melhor maneira de fortalecer a resist\u00eancia biol\u00f3gica interna.<\/p>\n\n\n\n<p>Os principais itens que podem prejudicar a imunidade s\u00e3o:<\/p>\n\n\n\n<ul class=\"wp-block-list\">\n<li>Cremes de leite vegetais ricos em gordura trans.<\/li>\n\n\n\n<li>Xaropes de milho com alto teor de frutose.<\/li>\n\n\n\n<li>Corantes artificiais presentes em p\u00f3s para preparo.<\/li>\n\n\n\n<li>Quantidades excessivas de cafe\u00edna em ch\u00e1s pretos.<\/li>\n<\/ul>\n\n\n\n<h2 class=\"wp-block-heading\">Como o consumo excessivo de cafe\u00edna interfere na sa\u00fade sazonal?<\/h2>\n\n\n\n<p>Embora uma x\u00edcara de caf\u00e9 ajude a despertar nos dias nublados, o excesso de cafe\u00edna pode elevar os n\u00edveis de cortisol. Esse horm\u00f4nio, quando presente em grandes quantidades, atua como um supressor natural da atividade das c\u00e9lulas de defesa do corpo humano. Manter o equil\u00edbrio no consumo \u00e9 vital para evitar que o organismo fique exposto a doen\u00e7as oportunistas.<\/p>\n\n\n\n<p>A cafe\u00edna em excesso tamb\u00e9m pode causar desidrata\u00e7\u00e3o leve, o que afeta a fluidez das secre\u00e7\u00f5es que protegem os pulm\u00f5es e garganta. Quando essas defesas f\u00edsicas n\u00e3o operam corretamente, o caminho fica livre para microrganismos causadores de tosses e inflama\u00e7\u00f5es severas. Optar por infus\u00f5es de ervas sem estimulantes garante o aquecimento necess\u00e1rio sem prejudicar o descanso vital.<\/p>\n\n\n\n<figure class=\"wp-block-image size-full\"><img decoding=\"async\" width=\"1280\" height=\"720\" src=\"https:\/\/www.correiobraziliense.com.br\/cbradar\/wp-content\/uploads\/2026\/04\/Gemini_Generated_Image_rbb7b8rbb7b8rbb7-1-1.png\" alt=\"As bebidas consumidas no inverno que podem atrapalhar as defesas do organismo\" class=\"wp-image-233731\" srcset=\"https:\/\/www.correiobraziliense.com.br\/cbradar\/wp-content\/uploads\/2026\/04\/Gemini_Generated_Image_rbb7b8rbb7b8rbb7-1-1.png 1280w, https:\/\/www.correiobraziliense.com.br\/cbradar\/wp-content\/uploads\/2026\/04\/Gemini_Generated_Image_rbb7b8rbb7b8rbb7-1-1-300x169.png 300w, https:\/\/www.correiobraziliense.com.br\/cbradar\/wp-content\/uploads\/2026\/04\/Gemini_Generated_Image_rbb7b8rbb7b8rbb7-1-1-768x432.png 768w, https:\/\/www.correiobraziliense.com.br\/cbradar\/wp-content\/uploads\/2026\/04\/Gemini_Generated_Image_rbb7b8rbb7b8rbb7-1-1-750x422.png 750w, https:\/\/www.correiobraziliense.com.br\/cbradar\/wp-content\/uploads\/2026\/04\/Gemini_Generated_Image_rbb7b8rbb7b8rbb7-1-1-1140x641.png 1140w\" sizes=\"(max-width: 1280px) 100vw, 1280px\" \/><figcaption class=\"wp-element-caption\">Bebidas quentes comuns no frio podem reduzir a imunidade se consumidas em excesso<\/figcaption><\/figure>\n\n\n\n<p>Leia tamb\u00e9m: <a href=\"https:\/\/www.correiobraziliense.com.br\/cbradar\/aumentar-o-consumo-de-fibras-melhora-muito-o-intestino-mas-o-efeito-real-so-aparece-se-a-ingestao-vier-acompanhada-de-agua-ao-longo-do-dia\/\" target=\"_blank\" rel=\"noreferrer noopener\">Aumentar o consumo de fibras melhora muito o intestino, mas o efeito real s\u00f3 aparece se a ingest\u00e3o vier acompanhada de \u00e1gua ao longo do dia<\/a><\/p>\n\n\n\n<h2 class=\"wp-block-heading\">Onde encontrar informa\u00e7\u00f5es confi\u00e1veis sobre nutri\u00e7\u00e3o e imunidade?<\/h2>\n\n\n\n<p>Buscar conhecimento em fontes oficiais \u00e9 o passo principal para quem deseja cuidar da sa\u00fade de forma consciente e duradoura. Existem par\u00e2metros internacionais que definem as melhores pr\u00e1ticas para manter o organismo fortalecido contra as baixas temperaturas e ventos gelados. Estar bem informado ajuda a fazer escolhas que promovam a vitalidade f\u00edsica e mental durante todo o ano.<\/p>\n\n\n\n<p>Para obter detalhes t\u00e9cnicos sobre como as subst\u00e2ncias interferem no sistema imune, as diretrizes da <strong><a href=\"https:\/\/www.who.int\/news-room\/fact-sheets\/detail\/healthy-diet\" target=\"_blank\" rel=\"noreferrer noopener\">World Health Organization<\/a><\/strong> oferecem uma base s\u00f3lida e segura. Seguir essas recomenda\u00e7\u00f5es mundiais garante que a sua rotina seja equilibrada e focada na prote\u00e7\u00e3o real contra desgastes f\u00edsicos. Valorizar a ci\u00eancia \u00e9 fundamental para viver com muita disposi\u00e7\u00e3o.<\/p>\n","protected":false},"excerpt":{"rendered":"<p>Muitas pessoas buscam conforto em x\u00edcaras quentes durante os dias mais frios para aquecer o corpo e a alma. No entanto, algumas escolhas l\u00edquidas frequentes podem comprometer silenciosamente a capacidade de prote\u00e7\u00e3o natural contra doen\u00e7as sazonais t\u00edpicas desta \u00e9poca. Equilibrar o prazer dessas misturas com a necessidade de manter a imunidade alta \u00e9 fundamental para [&hellip;]<\/p>\n","protected":false},"author":21,"featured_media":233726,"comment_status":"open","ping_status":"open","sticky":false,"template":"","format":"standard","meta":{"_yoast_wpseo_focuskw":"bebidas quentes imunidade","_yoast_wpseo_title":"","_yoast_wpseo_metadesc":"Bebidas quentes comuns no frio podem afetar a imunidade sem perceber, exigindo escolhas mais equilibradas para manter a sa\u00fade","jnews-multi-image_gallery":[],"jnews_single_post":{"format":"standard"},"jnews_primary_category":[],"jnews_social_meta":[],"jnews_override_counter":[],"footnotes":""},"categories":[119],"tags":[281,5839,18328,2643],"class_list":["post-233719","post","type-post","status-publish","format-standard","has-post-thumbnail","hentry","category-bem-estar","tag-alimentacao","tag-bebidas","tag-defesas","tag-organismo"],"yoast_head":"<!-- This site is optimized with the Yoast SEO plugin v24.6 - https:\/\/yoast.com\/wordpress\/plugins\/seo\/ -->\n<title>As bebidas consumidas no inverno que podem atrapalhar as defesas do organismo - Correio Braziliense - Radar<\/title>\n<meta name=\"description\" content=\"Bebidas quentes comuns no frio podem afetar a imunidade sem perceber, exigindo escolhas mais equilibradas para manter a sa\u00fade\" \/>\n<meta name=\"robots\" content=\"index, follow, max-snippet:-1, max-image-preview:large, max-video-preview:-1\" \/>\n<link rel=\"canonical\" href=\"https:\/\/www.correiobraziliense.com.br\/cbradar\/as-bebidas-consumidas-no-inverno-que-podem-atrapalhar-as-defesas-do-organismo\/\" \/>\n<meta property=\"og:locale\" content=\"pt_BR\" \/>\n<meta property=\"og:type\" content=\"article\" \/>\n<meta property=\"og:title\" content=\"As bebidas consumidas no inverno que podem atrapalhar as defesas do organismo - Correio Braziliense - Radar\" \/>\n<meta property=\"og:description\" content=\"Bebidas quentes comuns no frio podem afetar a imunidade sem perceber, exigindo escolhas mais equilibradas para manter a sa\u00fade\" \/>\n<meta property=\"og:url\" content=\"https:\/\/www.correiobraziliense.com.br\/cbradar\/as-bebidas-consumidas-no-inverno-que-podem-atrapalhar-as-defesas-do-organismo\/\" \/>\n<meta property=\"og:site_name\" content=\"Correio Braziliense - Radar\" \/>\n<meta property=\"article:published_time\" content=\"2026-04-29T18:45:00+00:00\" \/>\n<meta property=\"og:image\" content=\"https:\/\/www.correiobraziliense.com.br\/cbradar\/wp-content\/uploads\/2026\/04\/Gemini_Generated_Image_260jhy260jhy260j-1-1.png\" \/>\n\t<meta property=\"og:image:width\" content=\"1280\" \/>\n\t<meta property=\"og:image:height\" content=\"720\" \/>\n\t<meta property=\"og:image:type\" content=\"image\/png\" \/>\n<meta name=\"author\" content=\"Patrick Silva\" \/>\n<meta name=\"twitter:card\" content=\"summary_large_image\" \/>\n<meta name=\"twitter:label1\" content=\"Escrito por\" \/>\n\t<meta name=\"twitter:data1\" content=\"Patrick Silva\" \/>\n\t<meta name=\"twitter:label2\" content=\"Est. tempo de leitura\" \/>\n\t<meta name=\"twitter:data2\" content=\"5 minutos\" \/>\n<!-- \/ Yoast SEO plugin. -->","yoast_head_json":{"title":"As bebidas consumidas no inverno que podem atrapalhar as defesas do organismo - Correio Braziliense - Radar","description":"Bebidas quentes comuns no frio podem afetar a imunidade sem perceber, exigindo escolhas mais equilibradas para manter a sa\u00fade","robots":{"index":"index","follow":"follow","max-snippet":"max-snippet:-1","max-image-preview":"max-image-preview:large","max-video-preview":"max-video-preview:-1"},"canonical":"https:\/\/www.correiobraziliense.com.br\/cbradar\/as-bebidas-consumidas-no-inverno-que-podem-atrapalhar-as-defesas-do-organismo\/","og_locale":"pt_BR","og_type":"article","og_title":"As bebidas consumidas no inverno que podem atrapalhar as defesas do organismo - Correio Braziliense - Radar","og_description":"Bebidas quentes comuns no frio podem afetar a imunidade sem perceber, exigindo escolhas mais equilibradas para manter a sa\u00fade","og_url":"https:\/\/www.correiobraziliense.com.br\/cbradar\/as-bebidas-consumidas-no-inverno-que-podem-atrapalhar-as-defesas-do-organismo\/","og_site_name":"Correio Braziliense - Radar","article_published_time":"2026-04-29T18:45:00+00:00","og_image":[{"width":1280,"height":720,"url":"https:\/\/www.correiobraziliense.com.br\/cbradar\/wp-content\/uploads\/2026\/04\/Gemini_Generated_Image_260jhy260jhy260j-1-1.png","type":"image\/png"}],"author":"Patrick Silva","twitter_card":"summary_large_image","twitter_misc":{"Escrito por":"Patrick Silva","Est. tempo de leitura":"5 minutos"},"schema":{"@context":"https:\/\/schema.org","@graph":[{"@type":"WebPage","@id":"https:\/\/www.correiobraziliense.com.br\/cbradar\/as-bebidas-consumidas-no-inverno-que-podem-atrapalhar-as-defesas-do-organismo\/","url":"https:\/\/www.correiobraziliense.com.br\/cbradar\/as-bebidas-consumidas-no-inverno-que-podem-atrapalhar-as-defesas-do-organismo\/","name":"As bebidas consumidas no inverno que podem atrapalhar as defesas do organismo - Correio Braziliense - Radar","isPartOf":{"@id":"https:\/\/www.correiobraziliense.com.br\/cbradar\/#website"},"primaryImageOfPage":{"@id":"https:\/\/www.correiobraziliense.com.br\/cbradar\/as-bebidas-consumidas-no-inverno-que-podem-atrapalhar-as-defesas-do-organismo\/#primaryimage"},"image":{"@id":"https:\/\/www.correiobraziliense.com.br\/cbradar\/as-bebidas-consumidas-no-inverno-que-podem-atrapalhar-as-defesas-do-organismo\/#primaryimage"},"thumbnailUrl":"https:\/\/www.correiobraziliense.com.br\/cbradar\/wp-content\/uploads\/2026\/04\/Gemini_Generated_Image_260jhy260jhy260j-1-1.png","datePublished":"2026-04-29T18:45:00+00:00","author":{"@id":"https:\/\/www.correiobraziliense.com.br\/cbradar\/#\/schema\/person\/5440b72be9c7eb74f446c846479dc4da"},"description":"Bebidas quentes comuns no frio podem afetar a imunidade sem perceber, exigindo escolhas mais equilibradas para manter a sa\u00fade","breadcrumb":{"@id":"https:\/\/www.correiobraziliense.com.br\/cbradar\/as-bebidas-consumidas-no-inverno-que-podem-atrapalhar-as-defesas-do-organismo\/#breadcrumb"},"inLanguage":"pt-BR","potentialAction":[{"@type":"ReadAction","target":["https:\/\/www.correiobraziliense.com.br\/cbradar\/as-bebidas-consumidas-no-inverno-que-podem-atrapalhar-as-defesas-do-organismo\/"]}]},{"@type":"ImageObject","inLanguage":"pt-BR","@id":"https:\/\/www.correiobraziliense.com.br\/cbradar\/as-bebidas-consumidas-no-inverno-que-podem-atrapalhar-as-defesas-do-organismo\/#primaryimage","url":"https:\/\/www.correiobraziliense.com.br\/cbradar\/wp-content\/uploads\/2026\/04\/Gemini_Generated_Image_260jhy260jhy260j-1-1.png","contentUrl":"https:\/\/www.correiobraziliense.com.br\/cbradar\/wp-content\/uploads\/2026\/04\/Gemini_Generated_Image_260jhy260jhy260j-1-1.png","width":1280,"height":720,"caption":"Bebidas quentes comuns no frio podem reduzir a imunidade se consumidas em excesso"},{"@type":"BreadcrumbList","@id":"https:\/\/www.correiobraziliense.com.br\/cbradar\/as-bebidas-consumidas-no-inverno-que-podem-atrapalhar-as-defesas-do-organismo\/#breadcrumb","itemListElement":[{"@type":"ListItem","position":1,"name":"In\u00edcio","item":"https:\/\/www.correiobraziliense.com.br\/cbradar\/"},{"@type":"ListItem","position":2,"name":"As bebidas consumidas no inverno que podem atrapalhar as defesas do organismo"}]},{"@type":"WebSite","@id":"https:\/\/www.correiobraziliense.com.br\/cbradar\/#website","url":"https:\/\/www.correiobraziliense.com.br\/cbradar\/","name":"Correio Braziliense - Radar","description":"Acompanhe as \u00faltimas not\u00edcias e fique bem informado sobre tudo o que acontece no Brasil e no mundo.","potentialAction":[{"@type":"SearchAction","target":{"@type":"EntryPoint","urlTemplate":"https:\/\/www.correiobraziliense.com.br\/cbradar\/?s={search_term_string}"},"query-input":{"@type":"PropertyValueSpecification","valueRequired":true,"valueName":"search_term_string"}}],"inLanguage":"pt-BR"},{"@type":"Person","@id":"https:\/\/www.correiobraziliense.com.br\/cbradar\/#\/schema\/person\/5440b72be9c7eb74f446c846479dc4da","name":"Patrick Silva","image":{"@type":"ImageObject","inLanguage":"pt-BR","@id":"https:\/\/www.correiobraziliense.com.br\/cbradar\/#\/schema\/person\/image\/","url":"https:\/\/secure.gravatar.com\/avatar\/944109df296fc087785c9715fd5f80b2?s=96&d=mm&r=g","contentUrl":"https:\/\/secure.gravatar.com\/avatar\/944109df296fc087785c9715fd5f80b2?s=96&d=mm&r=g","caption":"Patrick Silva"},"sameAs":["https:\/\/www.correiobraziliense.com.br\/cbradar\/"],"url":"https:\/\/www.correiobraziliense.com.br\/cbradar\/author\/patrick-silva\/"}]}},"_links":{"self":[{"href":"https:\/\/www.correiobraziliense.com.br\/cbradar\/wp-json\/wp\/v2\/posts\/233719","targetHints":{"allow":["GET"]}}],"collection":[{"href":"https:\/\/www.correiobraziliense.com.br\/cbradar\/wp-json\/wp\/v2\/posts"}],"about":[{"href":"https:\/\/www.correiobraziliense.com.br\/cbradar\/wp-json\/wp\/v2\/types\/post"}],"author":[{"embeddable":true,"href":"https:\/\/www.correiobraziliense.com.br\/cbradar\/wp-json\/wp\/v2\/users\/21"}],"replies":[{"embeddable":true,"href":"https:\/\/www.correiobraziliense.com.br\/cbradar\/wp-json\/wp\/v2\/comments?post=233719"}],"version-history":[{"count":1,"href":"https:\/\/www.correiobraziliense.com.br\/cbradar\/wp-json\/wp\/v2\/posts\/233719\/revisions"}],"predecessor-version":[{"id":233732,"href":"https:\/\/www.correiobraziliense.com.br\/cbradar\/wp-json\/wp\/v2\/posts\/233719\/revisions\/233732"}],"wp:featuredmedia":[{"embeddable":true,"href":"https:\/\/www.correiobraziliense.com.br\/cbradar\/wp-json\/wp\/v2\/media\/233726"}],"wp:attachment":[{"href":"https:\/\/www.correiobraziliense.com.br\/cbradar\/wp-json\/wp\/v2\/media?parent=233719"}],"wp:term":[{"taxonomy":"category","embeddable":true,"href":"https:\/\/www.correiobraziliense.com.br\/cbradar\/wp-json\/wp\/v2\/categories?post=233719"},{"taxonomy":"post_tag","embeddable":true,"href":"https:\/\/www.correiobraziliense.com.br\/cbradar\/wp-json\/wp\/v2\/tags?post=233719"}],"curies":[{"name":"wp","href":"https:\/\/api.w.org\/{rel}","templated":true}]}}