{"id":233729,"date":"2026-04-29T18:35:00","date_gmt":"2026-04-29T21:35:00","guid":{"rendered":"https:\/\/www.correiobraziliense.com.br\/cbradar\/?p=233729"},"modified":"2026-04-28T13:23:14","modified_gmt":"2026-04-28T16:23:14","slug":"os-alimentos-ultraprocessados-mais-consumidos-no-frio-que-podem-prejudicar-a-imunidade","status":"publish","type":"post","link":"https:\/\/www.correiobraziliense.com.br\/cbradar\/os-alimentos-ultraprocessados-mais-consumidos-no-frio-que-podem-prejudicar-a-imunidade\/","title":{"rendered":"Os alimentos ultraprocessados mais consumidos no frio que podem prejudicar a imunidade"},"content":{"rendered":"\n<p>Durante os meses de baixas temperaturas, o corpo naturalmente busca por alimentos que proporcionem uma sensa\u00e7\u00e3o imediata de conforto e aquecimento interno. No entanto, muitas dessas escolhas envolvem produtos altamente processados que podem comprometer silenciosamente as defesas naturais do organismo. Manter a vigil\u00e2ncia sobre a qualidade nutricional \u00e9 fundamental para garantir uma prote\u00e7\u00e3o biol\u00f3gica eficiente contra doen\u00e7as.<\/p>\n\n\n\n<h2 class=\"wp-block-heading\">Por que os produtos industrializados se tornam mais atraentes durante o frio?<\/h2>\n\n\n\n<p>As baixas temperaturas costumam alterar o comportamento alimentar, levando as pessoas a buscarem itens que ofere\u00e7am energia r\u00e1pida para combater a sensa\u00e7\u00e3o t\u00e9rmica. Muitos desses produtos utilizam sabores artificiais intensos e texturas modificadas para criar um ciclo de consumo que parece satisfat\u00f3rio no curto prazo. Essa busca por praticidade muitas vezes ignora os preju\u00edzos causados pela falta de nutrientes.<\/p>\n\n\n\n<p>Al\u00e9m disso, o ambiente mais fechado e a menor exposi\u00e7\u00e3o solar influenciam o humor, aumentando a procura por subst\u00e2ncias que estimulem o prazer imediato. A ind\u00fastria aliment\u00edcia utiliza conservantes e gorduras espec\u00edficas para manter a croc\u00e2ncia e o sabor desses itens mesmo em condi\u00e7\u00f5es adversas. Compreender esse mecanismo biol\u00f3gico ajuda a evitar o consumo excessivo de subst\u00e2ncias prejudiciais \u00e0 vitalidade.<\/p>\n\n\n\n<figure class=\"wp-block-image size-full\"><img decoding=\"async\" width=\"1280\" height=\"720\" src=\"https:\/\/www.correiobraziliense.com.br\/cbradar\/wp-content\/uploads\/2026\/04\/Gemini_Generated_Image_yd1vdxyd1vdxyd1v-1-1.png\" alt=\"Os alimentos ultraprocessados mais consumidos no frio que podem prejudicar a imunidade\" class=\"wp-image-233735\" srcset=\"https:\/\/www.correiobraziliense.com.br\/cbradar\/wp-content\/uploads\/2026\/04\/Gemini_Generated_Image_yd1vdxyd1vdxyd1v-1-1.png 1280w, https:\/\/www.correiobraziliense.com.br\/cbradar\/wp-content\/uploads\/2026\/04\/Gemini_Generated_Image_yd1vdxyd1vdxyd1v-1-1-300x169.png 300w, https:\/\/www.correiobraziliense.com.br\/cbradar\/wp-content\/uploads\/2026\/04\/Gemini_Generated_Image_yd1vdxyd1vdxyd1v-1-1-768x432.png 768w, https:\/\/www.correiobraziliense.com.br\/cbradar\/wp-content\/uploads\/2026\/04\/Gemini_Generated_Image_yd1vdxyd1vdxyd1v-1-1-750x422.png 750w, https:\/\/www.correiobraziliense.com.br\/cbradar\/wp-content\/uploads\/2026\/04\/Gemini_Generated_Image_yd1vdxyd1vdxyd1v-1-1-1140x641.png 1140w\" sizes=\"(max-width: 1280px) 100vw, 1280px\" \/><figcaption class=\"wp-element-caption\">Alimentos processados no frio podem prejudicar a imunidade e afetar a sa\u00fade se consumidos em excesso<\/figcaption><\/figure>\n\n\n\n<h2 class=\"wp-block-heading\">Como o excesso de a\u00e7\u00facar nos doces industriais afeta o sistema de defesa?<\/h2>\n\n\n\n<p>O consumo elevado de sobremesas prontas e achocolatados provoca um aumento repentino nos n\u00edveis de glicose na corrente sangu\u00ednea de forma constante. Esse excesso gera um estado de inflama\u00e7\u00e3o que dificulta o trabalho das c\u00e9lulas respons\u00e1veis por identificar e combater agentes patog\u00eanicos externos. Quando o metabolismo est\u00e1 sobrecarregado, a resposta imunol\u00f3gica torna-se lenta e menos eficaz contra infec\u00e7\u00f5es.<\/p>\n\n\n\n<p>Esses a\u00e7\u00facares refinados tamb\u00e9m prejudicam a sa\u00fade da flora intestinal, que \u00e9 a base para o funcionamento correto das defesas corporais. Uma microbiota desequilibrada permite que bact\u00e9rias nocivas se multipliquem com maior facilidade, deixando o corpo vulner\u00e1vel aos resfriados t\u00edpicos das esta\u00e7\u00f5es geladas. Priorizar fontes naturais de energia \u00e9 essencial para manter a barreira protetora sempre ativa e forte.<\/p>\n\n\n\n<h2 class=\"wp-block-heading\">Quais s\u00e3o os principais itens processados que devem ser evitados no inverno?<\/h2>\n\n\n\n<p>Muitas op\u00e7\u00f5es r\u00e1pidas que parecem inofensivas carregam uma densidade cal\u00f3rica elevada sem oferecer vitaminas ou minerais importantes para o funcionamento celular. Esses produtos costumam conter gorduras saturadas e s\u00f3dio em excesso, elementos que contribuem para o desgaste do sistema circulat\u00f3rio e respirat\u00f3rio. Identificar esses vil\u00f5es na despensa \u00e9 o primeiro passo para uma rotina alimentar muito mais equilibrada.<\/p>\n\n\n\n<p>As op\u00e7\u00f5es que mais prejudicam o equil\u00edbrio do corpo durante as baixas temperaturas s\u00e3o:<\/p>\n\n\n\n<ul class=\"wp-block-list\">\n<li>Sopas instant\u00e2neas em p\u00f3 com excesso de s\u00f3dio.<\/li>\n\n\n\n<li>Chocolate quente industrializado rico em gordura trans.<\/li>\n\n\n\n<li>Pratos congelados prontos para o micro-ondas.<\/li>\n\n\n\n<li>Biscoitos recheados com alto teor de conservantes.<\/li>\n\n\n\n<li>Margarinas e cremes vegetais altamente modificados.<\/li>\n<\/ul>\n\n\n\n<h2 class=\"wp-block-heading\">Qual \u00e9 a rela\u00e7\u00e3o entre os aditivos alimentares e a inflama\u00e7\u00e3o cr\u00f4nica?<\/h2>\n\n\n\n<p>A presen\u00e7a constante de corantes, aromatizantes e estabilizantes nos alimentos ultraprocessados exige um esfor\u00e7o extra do f\u00edgado para a desintoxica\u00e7\u00e3o. Esse processo cont\u00ednuo mant\u00e9m o organismo em um estado de alerta permanente, o que pode resultar em inflama\u00e7\u00f5es silenciosas nos tecidos. Com o tempo, essa sobrecarga enfraquece a resist\u00eancia natural e favorece o surgimento de alergias severas.<\/p>\n\n\n\n<p>Quando o sistema imunol\u00f3gico est\u00e1 focado em processar subst\u00e2ncias artificiais, ele perde a capacidade de reagir com precis\u00e3o aos desafios do ambiente. Esse desgaste biol\u00f3gico reflete diretamente no n\u00edvel de cansa\u00e7o e na frequ\u00eancia de doen\u00e7as leves que demoram a passar. Optar por ingredientes frescos e prepara\u00e7\u00f5es caseiras ajuda a reduzir esse estresse oxidativo desnecess\u00e1rio para o metabolismo.<\/p>\n\n\n\n<figure class=\"wp-block-image size-full\"><img decoding=\"async\" width=\"1280\" height=\"720\" src=\"https:\/\/www.correiobraziliense.com.br\/cbradar\/wp-content\/uploads\/2026\/04\/Gemini_Generated_Image_6r4rop6r4rop6r4r-1-1.png\" alt=\"Os alimentos ultraprocessados mais consumidos no frio que podem prejudicar a imunidade\" class=\"wp-image-233736\" srcset=\"https:\/\/www.correiobraziliense.com.br\/cbradar\/wp-content\/uploads\/2026\/04\/Gemini_Generated_Image_6r4rop6r4rop6r4r-1-1.png 1280w, https:\/\/www.correiobraziliense.com.br\/cbradar\/wp-content\/uploads\/2026\/04\/Gemini_Generated_Image_6r4rop6r4rop6r4r-1-1-300x169.png 300w, https:\/\/www.correiobraziliense.com.br\/cbradar\/wp-content\/uploads\/2026\/04\/Gemini_Generated_Image_6r4rop6r4rop6r4r-1-1-768x432.png 768w, https:\/\/www.correiobraziliense.com.br\/cbradar\/wp-content\/uploads\/2026\/04\/Gemini_Generated_Image_6r4rop6r4rop6r4r-1-1-750x422.png 750w, https:\/\/www.correiobraziliense.com.br\/cbradar\/wp-content\/uploads\/2026\/04\/Gemini_Generated_Image_6r4rop6r4rop6r4r-1-1-1140x641.png 1140w\" sizes=\"(max-width: 1280px) 100vw, 1280px\" \/><figcaption class=\"wp-element-caption\">Alimentos processados no frio podem prejudicar a imunidade e afetar a sa\u00fade se consumidos em excesso<\/figcaption><\/figure>\n\n\n\n<p>Leia tamb\u00e9m: <a href=\"https:\/\/www.correiobraziliense.com.br\/cbradar\/aumentar-o-consumo-de-fibras-melhora-muito-o-intestino-mas-o-efeito-real-so-aparece-se-a-ingestao-vier-acompanhada-de-agua-ao-longo-do-dia\/\" target=\"_blank\" rel=\"noreferrer noopener\">Aumentar o consumo de fibras melhora muito o intestino, mas o efeito real s\u00f3 aparece se a ingest\u00e3o vier acompanhada de \u00e1gua ao longo do dia<\/a><\/p>\n\n\n\n<h2 class=\"wp-block-heading\">Onde encontrar orienta\u00e7\u00f5es seguras para manter a sa\u00fade durante o inverno?<\/h2>\n\n\n\n<p>Adotar h\u00e1bitos saud\u00e1veis exige acesso a informa\u00e7\u00f5es baseadas em evid\u00eancias cient\u00edficas que promovam o bem-estar de forma duradoura e consciente. Existem par\u00e2metros internacionais que orientam sobre a ingest\u00e3o ideal de nutrientes para fortalecer o organismo contra as amea\u00e7as sazonais. Estar bem informado permite que as escolhas no mercado sejam feitas com foco na longevidade e na disposi\u00e7\u00e3o f\u00edsica.<\/p>\n\n\n\n<p>Para compreender as bases nutricionais que sustentam uma vida protegida, as diretrizes da <strong><a href=\"https:\/\/www.who.int\/news-room\/fact-sheets\/detail\/healthy-diet\" target=\"_blank\" rel=\"noreferrer noopener\">World Health Organization<\/a><\/strong> fornecem um guia t\u00e9cnico indispens\u00e1vel. Seguir essas recomenda\u00e7\u00f5es mundiais garante que a dieta seja equilibrada e capaz de fornecer a energia necess\u00e1ria para enfrentar os dias frios. Investir na qualidade da alimenta\u00e7\u00e3o \u00e9 o caminho para um futuro pleno de sa\u00fade.<\/p>\n","protected":false},"excerpt":{"rendered":"<p>Durante os meses de baixas temperaturas, o corpo naturalmente busca por alimentos que proporcionem uma sensa\u00e7\u00e3o imediata de conforto e aquecimento interno. No entanto, muitas dessas escolhas envolvem produtos altamente processados que podem comprometer silenciosamente as defesas naturais do organismo. Manter a vigil\u00e2ncia sobre a qualidade nutricional \u00e9 fundamental para garantir uma prote\u00e7\u00e3o biol\u00f3gica eficiente [&hellip;]<\/p>\n","protected":false},"author":21,"featured_media":233734,"comment_status":"open","ping_status":"open","sticky":false,"template":"","format":"standard","meta":{"_yoast_wpseo_focuskw":"alimentos processados no inverno","_yoast_wpseo_title":"","_yoast_wpseo_metadesc":"Alimentos processados no frio podem afetar a imunidade e prejudicar a sa\u00fade, exigindo escolhas mais equilibradas no dia a dia","jnews-multi-image_gallery":[],"jnews_single_post":{"format":"standard"},"jnews_primary_category":[],"jnews_social_meta":[],"jnews_override_counter":[],"footnotes":""},"categories":[119],"tags":[281,1423,4835,4052],"class_list":["post-233729","post","type-post","status-publish","format-standard","has-post-thumbnail","hentry","category-bem-estar","tag-alimentacao","tag-alimentos","tag-imunidade","tag-ultraprocessados"],"yoast_head":"<!-- This site is optimized with the Yoast SEO plugin v24.6 - https:\/\/yoast.com\/wordpress\/plugins\/seo\/ -->\n<title>Os alimentos ultraprocessados mais consumidos no frio que podem prejudicar a imunidade - Correio Braziliense - Radar<\/title>\n<meta name=\"description\" content=\"Alimentos processados no frio podem afetar a imunidade e prejudicar a sa\u00fade, exigindo escolhas mais equilibradas no dia a dia\" \/>\n<meta name=\"robots\" content=\"index, follow, max-snippet:-1, max-image-preview:large, max-video-preview:-1\" \/>\n<link rel=\"canonical\" href=\"https:\/\/www.correiobraziliense.com.br\/cbradar\/os-alimentos-ultraprocessados-mais-consumidos-no-frio-que-podem-prejudicar-a-imunidade\/\" \/>\n<meta property=\"og:locale\" content=\"pt_BR\" \/>\n<meta property=\"og:type\" content=\"article\" \/>\n<meta property=\"og:title\" content=\"Os alimentos ultraprocessados mais consumidos no frio que podem prejudicar a imunidade - Correio Braziliense - Radar\" \/>\n<meta property=\"og:description\" content=\"Alimentos processados no frio podem afetar a imunidade e prejudicar a sa\u00fade, exigindo escolhas mais equilibradas no dia a dia\" \/>\n<meta property=\"og:url\" content=\"https:\/\/www.correiobraziliense.com.br\/cbradar\/os-alimentos-ultraprocessados-mais-consumidos-no-frio-que-podem-prejudicar-a-imunidade\/\" \/>\n<meta property=\"og:site_name\" content=\"Correio Braziliense - Radar\" \/>\n<meta property=\"article:published_time\" content=\"2026-04-29T21:35:00+00:00\" \/>\n<meta property=\"og:image\" content=\"https:\/\/www.correiobraziliense.com.br\/cbradar\/wp-content\/uploads\/2026\/04\/Gemini_Generated_Image_9mhlvq9mhlvq9mhl-1-1.png\" \/>\n\t<meta property=\"og:image:width\" content=\"1280\" \/>\n\t<meta property=\"og:image:height\" content=\"720\" \/>\n\t<meta property=\"og:image:type\" content=\"image\/png\" \/>\n<meta name=\"author\" content=\"Patrick Silva\" \/>\n<meta name=\"twitter:card\" content=\"summary_large_image\" \/>\n<meta name=\"twitter:label1\" content=\"Escrito por\" \/>\n\t<meta name=\"twitter:data1\" content=\"Patrick Silva\" \/>\n\t<meta name=\"twitter:label2\" content=\"Est. tempo de leitura\" \/>\n\t<meta name=\"twitter:data2\" content=\"5 minutos\" \/>\n<!-- \/ Yoast SEO plugin. -->","yoast_head_json":{"title":"Os alimentos ultraprocessados mais consumidos no frio que podem prejudicar a imunidade - Correio Braziliense - Radar","description":"Alimentos processados no frio podem afetar a imunidade e prejudicar a sa\u00fade, exigindo escolhas mais equilibradas no dia a dia","robots":{"index":"index","follow":"follow","max-snippet":"max-snippet:-1","max-image-preview":"max-image-preview:large","max-video-preview":"max-video-preview:-1"},"canonical":"https:\/\/www.correiobraziliense.com.br\/cbradar\/os-alimentos-ultraprocessados-mais-consumidos-no-frio-que-podem-prejudicar-a-imunidade\/","og_locale":"pt_BR","og_type":"article","og_title":"Os alimentos ultraprocessados mais consumidos no frio que podem prejudicar a imunidade - Correio Braziliense - Radar","og_description":"Alimentos processados no frio podem afetar a imunidade e prejudicar a sa\u00fade, exigindo escolhas mais equilibradas no dia a dia","og_url":"https:\/\/www.correiobraziliense.com.br\/cbradar\/os-alimentos-ultraprocessados-mais-consumidos-no-frio-que-podem-prejudicar-a-imunidade\/","og_site_name":"Correio Braziliense - Radar","article_published_time":"2026-04-29T21:35:00+00:00","og_image":[{"width":1280,"height":720,"url":"https:\/\/www.correiobraziliense.com.br\/cbradar\/wp-content\/uploads\/2026\/04\/Gemini_Generated_Image_9mhlvq9mhlvq9mhl-1-1.png","type":"image\/png"}],"author":"Patrick Silva","twitter_card":"summary_large_image","twitter_misc":{"Escrito por":"Patrick Silva","Est. tempo de leitura":"5 minutos"},"schema":{"@context":"https:\/\/schema.org","@graph":[{"@type":"WebPage","@id":"https:\/\/www.correiobraziliense.com.br\/cbradar\/os-alimentos-ultraprocessados-mais-consumidos-no-frio-que-podem-prejudicar-a-imunidade\/","url":"https:\/\/www.correiobraziliense.com.br\/cbradar\/os-alimentos-ultraprocessados-mais-consumidos-no-frio-que-podem-prejudicar-a-imunidade\/","name":"Os alimentos ultraprocessados mais consumidos no frio que podem prejudicar a imunidade - Correio Braziliense - Radar","isPartOf":{"@id":"https:\/\/www.correiobraziliense.com.br\/cbradar\/#website"},"primaryImageOfPage":{"@id":"https:\/\/www.correiobraziliense.com.br\/cbradar\/os-alimentos-ultraprocessados-mais-consumidos-no-frio-que-podem-prejudicar-a-imunidade\/#primaryimage"},"image":{"@id":"https:\/\/www.correiobraziliense.com.br\/cbradar\/os-alimentos-ultraprocessados-mais-consumidos-no-frio-que-podem-prejudicar-a-imunidade\/#primaryimage"},"thumbnailUrl":"https:\/\/www.correiobraziliense.com.br\/cbradar\/wp-content\/uploads\/2026\/04\/Gemini_Generated_Image_9mhlvq9mhlvq9mhl-1-1.png","datePublished":"2026-04-29T21:35:00+00:00","author":{"@id":"https:\/\/www.correiobraziliense.com.br\/cbradar\/#\/schema\/person\/5440b72be9c7eb74f446c846479dc4da"},"description":"Alimentos processados no frio podem afetar a imunidade e prejudicar a sa\u00fade, exigindo escolhas mais equilibradas no dia a dia","breadcrumb":{"@id":"https:\/\/www.correiobraziliense.com.br\/cbradar\/os-alimentos-ultraprocessados-mais-consumidos-no-frio-que-podem-prejudicar-a-imunidade\/#breadcrumb"},"inLanguage":"pt-BR","potentialAction":[{"@type":"ReadAction","target":["https:\/\/www.correiobraziliense.com.br\/cbradar\/os-alimentos-ultraprocessados-mais-consumidos-no-frio-que-podem-prejudicar-a-imunidade\/"]}]},{"@type":"ImageObject","inLanguage":"pt-BR","@id":"https:\/\/www.correiobraziliense.com.br\/cbradar\/os-alimentos-ultraprocessados-mais-consumidos-no-frio-que-podem-prejudicar-a-imunidade\/#primaryimage","url":"https:\/\/www.correiobraziliense.com.br\/cbradar\/wp-content\/uploads\/2026\/04\/Gemini_Generated_Image_9mhlvq9mhlvq9mhl-1-1.png","contentUrl":"https:\/\/www.correiobraziliense.com.br\/cbradar\/wp-content\/uploads\/2026\/04\/Gemini_Generated_Image_9mhlvq9mhlvq9mhl-1-1.png","width":1280,"height":720,"caption":"Alimentos processados no frio podem prejudicar a imunidade e afetar a sa\u00fade se consumidos em excesso"},{"@type":"BreadcrumbList","@id":"https:\/\/www.correiobraziliense.com.br\/cbradar\/os-alimentos-ultraprocessados-mais-consumidos-no-frio-que-podem-prejudicar-a-imunidade\/#breadcrumb","itemListElement":[{"@type":"ListItem","position":1,"name":"In\u00edcio","item":"https:\/\/www.correiobraziliense.com.br\/cbradar\/"},{"@type":"ListItem","position":2,"name":"Os alimentos ultraprocessados mais consumidos no frio que podem prejudicar a imunidade"}]},{"@type":"WebSite","@id":"https:\/\/www.correiobraziliense.com.br\/cbradar\/#website","url":"https:\/\/www.correiobraziliense.com.br\/cbradar\/","name":"Correio Braziliense - Radar","description":"Acompanhe as \u00faltimas not\u00edcias e fique bem informado sobre tudo o que acontece no Brasil e no mundo.","potentialAction":[{"@type":"SearchAction","target":{"@type":"EntryPoint","urlTemplate":"https:\/\/www.correiobraziliense.com.br\/cbradar\/?s={search_term_string}"},"query-input":{"@type":"PropertyValueSpecification","valueRequired":true,"valueName":"search_term_string"}}],"inLanguage":"pt-BR"},{"@type":"Person","@id":"https:\/\/www.correiobraziliense.com.br\/cbradar\/#\/schema\/person\/5440b72be9c7eb74f446c846479dc4da","name":"Patrick Silva","image":{"@type":"ImageObject","inLanguage":"pt-BR","@id":"https:\/\/www.correiobraziliense.com.br\/cbradar\/#\/schema\/person\/image\/","url":"https:\/\/secure.gravatar.com\/avatar\/944109df296fc087785c9715fd5f80b2?s=96&d=mm&r=g","contentUrl":"https:\/\/secure.gravatar.com\/avatar\/944109df296fc087785c9715fd5f80b2?s=96&d=mm&r=g","caption":"Patrick Silva"},"sameAs":["https:\/\/www.correiobraziliense.com.br\/cbradar\/"],"url":"https:\/\/www.correiobraziliense.com.br\/cbradar\/author\/patrick-silva\/"}]}},"_links":{"self":[{"href":"https:\/\/www.correiobraziliense.com.br\/cbradar\/wp-json\/wp\/v2\/posts\/233729","targetHints":{"allow":["GET"]}}],"collection":[{"href":"https:\/\/www.correiobraziliense.com.br\/cbradar\/wp-json\/wp\/v2\/posts"}],"about":[{"href":"https:\/\/www.correiobraziliense.com.br\/cbradar\/wp-json\/wp\/v2\/types\/post"}],"author":[{"embeddable":true,"href":"https:\/\/www.correiobraziliense.com.br\/cbradar\/wp-json\/wp\/v2\/users\/21"}],"replies":[{"embeddable":true,"href":"https:\/\/www.correiobraziliense.com.br\/cbradar\/wp-json\/wp\/v2\/comments?post=233729"}],"version-history":[{"count":1,"href":"https:\/\/www.correiobraziliense.com.br\/cbradar\/wp-json\/wp\/v2\/posts\/233729\/revisions"}],"predecessor-version":[{"id":233737,"href":"https:\/\/www.correiobraziliense.com.br\/cbradar\/wp-json\/wp\/v2\/posts\/233729\/revisions\/233737"}],"wp:featuredmedia":[{"embeddable":true,"href":"https:\/\/www.correiobraziliense.com.br\/cbradar\/wp-json\/wp\/v2\/media\/233734"}],"wp:attachment":[{"href":"https:\/\/www.correiobraziliense.com.br\/cbradar\/wp-json\/wp\/v2\/media?parent=233729"}],"wp:term":[{"taxonomy":"category","embeddable":true,"href":"https:\/\/www.correiobraziliense.com.br\/cbradar\/wp-json\/wp\/v2\/categories?post=233729"},{"taxonomy":"post_tag","embeddable":true,"href":"https:\/\/www.correiobraziliense.com.br\/cbradar\/wp-json\/wp\/v2\/tags?post=233729"}],"curies":[{"name":"wp","href":"https:\/\/api.w.org\/{rel}","templated":true}]}}