{"id":233733,"date":"2026-04-29T20:15:00","date_gmt":"2026-04-29T23:15:00","guid":{"rendered":"https:\/\/www.correiobraziliense.com.br\/cbradar\/?p=233733"},"modified":"2026-04-28T13:32:07","modified_gmt":"2026-04-28T16:32:07","slug":"vinho-seco-ou-suave-entenda-qual-opcao-pesa-menos-na-sua-rotina","status":"publish","type":"post","link":"https:\/\/www.correiobraziliense.com.br\/cbradar\/vinho-seco-ou-suave-entenda-qual-opcao-pesa-menos-na-sua-rotina\/","title":{"rendered":"Vinho seco ou suave? Entenda qual op\u00e7\u00e3o pesa menos na sua rotina"},"content":{"rendered":"\n<p>Escolher entre uma ta\u00e7a de vinho seco ou suave envolve considerar o equil\u00edbrio entre o prazer e o bem-estar cotidiano. Muitas pessoas apreciam a bebida sem perceber as diferen\u00e7as significativas na composi\u00e7\u00e3o de cada garrafa comprada. Avaliar como essas op\u00e7\u00f5es interagem com o metabolismo ajuda a manter uma rotina leve e saud\u00e1vel para todos os consumidores.<\/p>\n\n\n\n<h2 class=\"wp-block-heading\">Qual \u00e9 a principal diferen\u00e7a na composi\u00e7\u00e3o dessas bebidas?<\/h2>\n\n\n\n<p>O processo de fermenta\u00e7\u00e3o define o car\u00e1ter final de cada tipo de bebida produzida nas vin\u00edcolas. No vinho seco, o a\u00e7\u00facar natural das uvas \u00e9 quase totalmente transformado em \u00e1lcool pelas leveduras durante o preparo. Essa caracter\u00edstica resulta em uma bebida com menor teor de glicose, sendo ideal para quem monitora o consumo de calorias vazias diariamente.<\/p>\n\n\n\n<p>Por outro lado, a vers\u00e3o suave recebe uma adi\u00e7\u00e3o consider\u00e1vel de a\u00e7\u00facar para suavizar o paladar e mascarar a acidez. Esse incremento torna a bebida mais densa e cal\u00f3rica, o que pode influenciar os n\u00edveis de energia ao longo do dia seguinte. Compreender esses detalhes t\u00e9cnicos permite realizar escolhas conscientes que preservam a harmonia do organismo humano sempre.<\/p>\n\n\n\n<figure class=\"wp-block-image size-full\"><img decoding=\"async\" width=\"1280\" height=\"720\" src=\"https:\/\/www.correiobraziliense.com.br\/cbradar\/wp-content\/uploads\/2026\/04\/Gemini_Generated_Image_47kmr47kmr47kmr4-1-1.png\" alt=\"Vinho seco ou suave? Entenda qual op\u00e7\u00e3o pesa menos na sua rotina\" class=\"wp-image-233740\" srcset=\"https:\/\/www.correiobraziliense.com.br\/cbradar\/wp-content\/uploads\/2026\/04\/Gemini_Generated_Image_47kmr47kmr47kmr4-1-1.png 1280w, https:\/\/www.correiobraziliense.com.br\/cbradar\/wp-content\/uploads\/2026\/04\/Gemini_Generated_Image_47kmr47kmr47kmr4-1-1-300x169.png 300w, https:\/\/www.correiobraziliense.com.br\/cbradar\/wp-content\/uploads\/2026\/04\/Gemini_Generated_Image_47kmr47kmr47kmr4-1-1-768x432.png 768w, https:\/\/www.correiobraziliense.com.br\/cbradar\/wp-content\/uploads\/2026\/04\/Gemini_Generated_Image_47kmr47kmr47kmr4-1-1-750x422.png 750w, https:\/\/www.correiobraziliense.com.br\/cbradar\/wp-content\/uploads\/2026\/04\/Gemini_Generated_Image_47kmr47kmr47kmr4-1-1-1140x641.png 1140w\" sizes=\"(max-width: 1280px) 100vw, 1280px\" \/><figcaption class=\"wp-element-caption\">Vinho seco e suave t\u00eam diferen\u00e7as que impactam a\u00e7\u00facar, calorias e o equil\u00edbrio do organismo<\/figcaption><\/figure>\n\n\n\n<h2 class=\"wp-block-heading\">Como o teor de a\u00e7\u00facar afeta o equil\u00edbrio metab\u00f3lico?<\/h2>\n\n\n\n<p>O consumo frequente de subst\u00e2ncias com alto \u00edndice glic\u00eamico provoca picos de insulina que podem causar cansa\u00e7o e irritabilidade persistente. Optar por bebidas com menor concentra\u00e7\u00e3o de a\u00e7\u00facares ajuda a manter o metabolismo est\u00e1vel e evita o ac\u00famulo desnecess\u00e1rio de gordura corporal. Essa precau\u00e7\u00e3o \u00e9 fundamental para quem deseja manter a disposi\u00e7\u00e3o f\u00edsica elevada durante toda a semana.<\/p>\n\n\n\n<p>Al\u00e9m disso, a presen\u00e7a de aditivos em produtos mais doces pode dificultar o processo natural de desintoxica\u00e7\u00e3o do f\u00edgado. Quando o corpo processa ingredientes puros e fermentados corretamente, a sensa\u00e7\u00e3o de bem-estar torna-se muito mais evidente e duradoura. Priorizar a qualidade e a pureza do l\u00edquido ingerido reflete diretamente na sa\u00fade do sistema circulat\u00f3rio e digestivo geral.<\/p>\n\n\n\n<h2 class=\"wp-block-heading\">Quais s\u00e3o os benef\u00edcios de priorizar a op\u00e7\u00e3o seca?<\/h2>\n\n\n\n<p>Inserir variedades mais secas na rotina alimentar proporciona uma experi\u00eancia sensorial rica sem comprometer as metas de sa\u00fade pessoal. Essas bebidas costumam apresentar uma concentra\u00e7\u00e3o maior de polifen\u00f3is e antioxidantes que protegem as c\u00e9lulas contra o envelhecimento precoce. Manter esse equil\u00edbrio entre sabor e nutri\u00e7\u00e3o ajuda a construir um estilo de vida focado na longevidade e vitalidade.<\/p>\n\n\n\n<p>As principais vantagens de selecionar um r\u00f3tulo com menos a\u00e7\u00facar incluem:<\/p>\n\n\n\n<ul class=\"wp-block-list\">\n<li>Redu\u00e7\u00e3o dr\u00e1stica na ingest\u00e3o de calorias vazias.<\/li>\n\n\n\n<li>Melhora na percep\u00e7\u00e3o dos sabores naturais das uvas.<\/li>\n\n\n\n<li>Menor chance de sentir dores de cabe\u00e7a persistentes.<\/li>\n\n\n\n<li>Estabilidade nos n\u00edveis de a\u00e7\u00facar na corrente sangu\u00ednea.<\/li>\n<\/ul>\n\n\n\n<h2 class=\"wp-block-heading\">De que forma o paladar se adapta \u00e0s mudan\u00e7as?<\/h2>\n\n\n\n<p>O paladar humano \u00e9 extremamente adapt\u00e1vel e pode ser treinado para apreciar nuances mais complexas e sofisticadas. Ao reduzir gradualmente o consumo de bebidas excessivamente doces, as papilas gustativas tornam-se mais sens\u00edveis aos aromas delicados das frutas frescas. Esse processo de reeduca\u00e7\u00e3o alimentar permite que o prazer de comer e beber seja renovado com novas descobertas sensoriais.<\/p>\n\n\n\n<p>Iniciar a transi\u00e7\u00e3o com vinhos que possuem acidez moderada facilita a aceita\u00e7\u00e3o de novos sabores por quem est\u00e1 acostumado ao a\u00e7\u00facar. Com o tempo, a prefer\u00eancia por itens menos processados torna-se um h\u00e1bito natural que reflete uma consci\u00eancia maior sobre a pr\u00f3pria sa\u00fade. Valorizar a jornada de aprendizado \u00e9 essencial para consolidar mudan\u00e7as positivas na vida cotidiana.<\/p>\n\n\n\n<figure class=\"wp-block-image size-full\"><img decoding=\"async\" width=\"1280\" height=\"720\" src=\"https:\/\/www.correiobraziliense.com.br\/cbradar\/wp-content\/uploads\/2026\/04\/Gemini_Generated_Image_ohoibaohoibaohoi-1-1.png\" alt=\"Vinho seco ou suave? Entenda qual op\u00e7\u00e3o pesa menos na sua rotina\" class=\"wp-image-233742\" srcset=\"https:\/\/www.correiobraziliense.com.br\/cbradar\/wp-content\/uploads\/2026\/04\/Gemini_Generated_Image_ohoibaohoibaohoi-1-1.png 1280w, https:\/\/www.correiobraziliense.com.br\/cbradar\/wp-content\/uploads\/2026\/04\/Gemini_Generated_Image_ohoibaohoibaohoi-1-1-300x169.png 300w, https:\/\/www.correiobraziliense.com.br\/cbradar\/wp-content\/uploads\/2026\/04\/Gemini_Generated_Image_ohoibaohoibaohoi-1-1-768x432.png 768w, https:\/\/www.correiobraziliense.com.br\/cbradar\/wp-content\/uploads\/2026\/04\/Gemini_Generated_Image_ohoibaohoibaohoi-1-1-750x422.png 750w, https:\/\/www.correiobraziliense.com.br\/cbradar\/wp-content\/uploads\/2026\/04\/Gemini_Generated_Image_ohoibaohoibaohoi-1-1-1140x641.png 1140w\" sizes=\"(max-width: 1280px) 100vw, 1280px\" \/><figcaption class=\"wp-element-caption\">Vinho seco e suave t\u00eam diferen\u00e7as que impactam a\u00e7\u00facar, calorias e o equil\u00edbrio do organismo<\/figcaption><\/figure>\n\n\n\n<p>Leia tamb\u00e9m: <a href=\"https:\/\/www.correiobraziliense.com.br\/cbradar\/aumentar-o-consumo-de-fibras-melhora-muito-o-intestino-mas-o-efeito-real-so-aparece-se-a-ingestao-vier-acompanhada-de-agua-ao-longo-do-dia\/\" target=\"_blank\" rel=\"noreferrer noopener\">Aumentar o consumo de fibras melhora muito o intestino, mas o efeito real s\u00f3 aparece se a ingest\u00e3o vier acompanhada de \u00e1gua ao longo do dia<\/a><\/p>\n\n\n\n<h2 class=\"wp-block-heading\">Como escolher a melhor op\u00e7\u00e3o para a sua sa\u00fade?<\/h2>\n\n\n\n<p>Analisar os r\u00f3tulos e buscar informa\u00e7\u00f5es sobre a proced\u00eancia das uvas garante uma compra segura e de alta qualidade. Optar por garrafas que respeitem o tempo de matura\u00e7\u00e3o natural assegura que o produto final contenha apenas os elementos essenciais da fruta. Estar atento aos detalhes t\u00e9cnicos da produ\u00e7\u00e3o ajuda a construir uma reserva de vinhos equilibrada e nutritiva.<\/p>\n\n\n\n<p>Seguir par\u00e2metros baseados em evid\u00eancias garante que o consumo moderado traga benef\u00edcios reais para o sistema cardiovascular e mental. Para entender como o \u00e1lcool interage com o metabolismo, as diretrizes da <strong><a href=\"https:\/\/www.who.int\/news-room\/fact-sheets\/detail\/alcohol\" target=\"_blank\" rel=\"noreferrer noopener\">World Health Organization<\/a><\/strong> oferecem suporte t\u00e9cnico indispens\u00e1vel. Priorizar o conhecimento ajuda a viver com energia e total equil\u00edbrio em todos os momentos.<\/p>\n","protected":false},"excerpt":{"rendered":"<p>Escolher entre uma ta\u00e7a de vinho seco ou suave envolve considerar o equil\u00edbrio entre o prazer e o bem-estar cotidiano. Muitas pessoas apreciam a bebida sem perceber as diferen\u00e7as significativas na composi\u00e7\u00e3o de cada garrafa comprada. Avaliar como essas op\u00e7\u00f5es interagem com o metabolismo ajuda a manter uma rotina leve e saud\u00e1vel para todos os [&hellip;]<\/p>\n","protected":false},"author":21,"featured_media":233741,"comment_status":"open","ping_status":"open","sticky":false,"template":"","format":"standard","meta":{"_yoast_wpseo_focuskw":"vinho seco ou suave","_yoast_wpseo_title":"","_yoast_wpseo_metadesc":"Diferen\u00e7as entre vinho seco e suave impactam a\u00e7\u00facar, calorias e bem-estar, influenciando escolhas mais equilibradas no dia a dia","jnews-multi-image_gallery":[],"jnews_single_post":{"format":"standard"},"jnews_primary_category":[],"jnews_social_meta":[],"jnews_override_counter":[],"footnotes":""},"categories":[119],"tags":[281,784,18329,18330],"class_list":["post-233733","post","type-post","status-publish","format-standard","has-post-thumbnail","hentry","category-bem-estar","tag-alimentacao","tag-rotina","tag-vinho-seco","tag-vinho-suave"],"yoast_head":"<!-- This site is optimized with the Yoast SEO plugin v24.6 - https:\/\/yoast.com\/wordpress\/plugins\/seo\/ -->\n<title>Vinho seco ou suave? Entenda qual op\u00e7\u00e3o pesa menos na sua rotina - Correio Braziliense - Radar<\/title>\n<meta name=\"description\" content=\"Diferen\u00e7as entre vinho seco e suave impactam a\u00e7\u00facar, calorias e bem-estar, influenciando escolhas mais equilibradas no dia a dia\" \/>\n<meta name=\"robots\" content=\"index, follow, max-snippet:-1, max-image-preview:large, max-video-preview:-1\" \/>\n<link rel=\"canonical\" href=\"https:\/\/www.correiobraziliense.com.br\/cbradar\/vinho-seco-ou-suave-entenda-qual-opcao-pesa-menos-na-sua-rotina\/\" \/>\n<meta property=\"og:locale\" content=\"pt_BR\" \/>\n<meta property=\"og:type\" content=\"article\" \/>\n<meta property=\"og:title\" content=\"Vinho seco ou suave? Entenda qual op\u00e7\u00e3o pesa menos na sua rotina - Correio Braziliense - Radar\" \/>\n<meta property=\"og:description\" content=\"Diferen\u00e7as entre vinho seco e suave impactam a\u00e7\u00facar, calorias e bem-estar, influenciando escolhas mais equilibradas no dia a dia\" \/>\n<meta property=\"og:url\" content=\"https:\/\/www.correiobraziliense.com.br\/cbradar\/vinho-seco-ou-suave-entenda-qual-opcao-pesa-menos-na-sua-rotina\/\" \/>\n<meta property=\"og:site_name\" content=\"Correio Braziliense - Radar\" \/>\n<meta property=\"article:published_time\" content=\"2026-04-29T23:15:00+00:00\" \/>\n<meta property=\"og:image\" content=\"https:\/\/www.correiobraziliense.com.br\/cbradar\/wp-content\/uploads\/2026\/04\/Gemini_Generated_Image_cca0p2cca0p2cca0-1-1.png\" \/>\n\t<meta property=\"og:image:width\" content=\"1280\" \/>\n\t<meta property=\"og:image:height\" content=\"720\" \/>\n\t<meta property=\"og:image:type\" content=\"image\/png\" \/>\n<meta name=\"author\" content=\"Patrick Silva\" \/>\n<meta name=\"twitter:card\" content=\"summary_large_image\" \/>\n<meta name=\"twitter:label1\" content=\"Escrito por\" \/>\n\t<meta name=\"twitter:data1\" content=\"Patrick Silva\" \/>\n\t<meta name=\"twitter:label2\" content=\"Est. tempo de leitura\" \/>\n\t<meta name=\"twitter:data2\" content=\"5 minutos\" \/>\n<!-- \/ Yoast SEO plugin. -->","yoast_head_json":{"title":"Vinho seco ou suave? Entenda qual op\u00e7\u00e3o pesa menos na sua rotina - Correio Braziliense - Radar","description":"Diferen\u00e7as entre vinho seco e suave impactam a\u00e7\u00facar, calorias e bem-estar, influenciando escolhas mais equilibradas no dia a dia","robots":{"index":"index","follow":"follow","max-snippet":"max-snippet:-1","max-image-preview":"max-image-preview:large","max-video-preview":"max-video-preview:-1"},"canonical":"https:\/\/www.correiobraziliense.com.br\/cbradar\/vinho-seco-ou-suave-entenda-qual-opcao-pesa-menos-na-sua-rotina\/","og_locale":"pt_BR","og_type":"article","og_title":"Vinho seco ou suave? Entenda qual op\u00e7\u00e3o pesa menos na sua rotina - Correio Braziliense - Radar","og_description":"Diferen\u00e7as entre vinho seco e suave impactam a\u00e7\u00facar, calorias e bem-estar, influenciando escolhas mais equilibradas no dia a dia","og_url":"https:\/\/www.correiobraziliense.com.br\/cbradar\/vinho-seco-ou-suave-entenda-qual-opcao-pesa-menos-na-sua-rotina\/","og_site_name":"Correio Braziliense - Radar","article_published_time":"2026-04-29T23:15:00+00:00","og_image":[{"width":1280,"height":720,"url":"https:\/\/www.correiobraziliense.com.br\/cbradar\/wp-content\/uploads\/2026\/04\/Gemini_Generated_Image_cca0p2cca0p2cca0-1-1.png","type":"image\/png"}],"author":"Patrick Silva","twitter_card":"summary_large_image","twitter_misc":{"Escrito por":"Patrick Silva","Est. tempo de leitura":"5 minutos"},"schema":{"@context":"https:\/\/schema.org","@graph":[{"@type":"WebPage","@id":"https:\/\/www.correiobraziliense.com.br\/cbradar\/vinho-seco-ou-suave-entenda-qual-opcao-pesa-menos-na-sua-rotina\/","url":"https:\/\/www.correiobraziliense.com.br\/cbradar\/vinho-seco-ou-suave-entenda-qual-opcao-pesa-menos-na-sua-rotina\/","name":"Vinho seco ou suave? Entenda qual op\u00e7\u00e3o pesa menos na sua rotina - Correio Braziliense - Radar","isPartOf":{"@id":"https:\/\/www.correiobraziliense.com.br\/cbradar\/#website"},"primaryImageOfPage":{"@id":"https:\/\/www.correiobraziliense.com.br\/cbradar\/vinho-seco-ou-suave-entenda-qual-opcao-pesa-menos-na-sua-rotina\/#primaryimage"},"image":{"@id":"https:\/\/www.correiobraziliense.com.br\/cbradar\/vinho-seco-ou-suave-entenda-qual-opcao-pesa-menos-na-sua-rotina\/#primaryimage"},"thumbnailUrl":"https:\/\/www.correiobraziliense.com.br\/cbradar\/wp-content\/uploads\/2026\/04\/Gemini_Generated_Image_cca0p2cca0p2cca0-1-1.png","datePublished":"2026-04-29T23:15:00+00:00","author":{"@id":"https:\/\/www.correiobraziliense.com.br\/cbradar\/#\/schema\/person\/5440b72be9c7eb74f446c846479dc4da"},"description":"Diferen\u00e7as entre vinho seco e suave impactam a\u00e7\u00facar, calorias e bem-estar, influenciando escolhas mais equilibradas no dia a dia","breadcrumb":{"@id":"https:\/\/www.correiobraziliense.com.br\/cbradar\/vinho-seco-ou-suave-entenda-qual-opcao-pesa-menos-na-sua-rotina\/#breadcrumb"},"inLanguage":"pt-BR","potentialAction":[{"@type":"ReadAction","target":["https:\/\/www.correiobraziliense.com.br\/cbradar\/vinho-seco-ou-suave-entenda-qual-opcao-pesa-menos-na-sua-rotina\/"]}]},{"@type":"ImageObject","inLanguage":"pt-BR","@id":"https:\/\/www.correiobraziliense.com.br\/cbradar\/vinho-seco-ou-suave-entenda-qual-opcao-pesa-menos-na-sua-rotina\/#primaryimage","url":"https:\/\/www.correiobraziliense.com.br\/cbradar\/wp-content\/uploads\/2026\/04\/Gemini_Generated_Image_cca0p2cca0p2cca0-1-1.png","contentUrl":"https:\/\/www.correiobraziliense.com.br\/cbradar\/wp-content\/uploads\/2026\/04\/Gemini_Generated_Image_cca0p2cca0p2cca0-1-1.png","width":1280,"height":720,"caption":"Vinho seco e suave t\u00eam diferen\u00e7as que impactam a\u00e7\u00facar, calorias e o equil\u00edbrio do organismo"},{"@type":"BreadcrumbList","@id":"https:\/\/www.correiobraziliense.com.br\/cbradar\/vinho-seco-ou-suave-entenda-qual-opcao-pesa-menos-na-sua-rotina\/#breadcrumb","itemListElement":[{"@type":"ListItem","position":1,"name":"In\u00edcio","item":"https:\/\/www.correiobraziliense.com.br\/cbradar\/"},{"@type":"ListItem","position":2,"name":"Vinho seco ou suave? Entenda qual op\u00e7\u00e3o pesa menos na sua rotina"}]},{"@type":"WebSite","@id":"https:\/\/www.correiobraziliense.com.br\/cbradar\/#website","url":"https:\/\/www.correiobraziliense.com.br\/cbradar\/","name":"Correio Braziliense - Radar","description":"Acompanhe as \u00faltimas not\u00edcias e fique bem informado sobre tudo o que acontece no Brasil e no mundo.","potentialAction":[{"@type":"SearchAction","target":{"@type":"EntryPoint","urlTemplate":"https:\/\/www.correiobraziliense.com.br\/cbradar\/?s={search_term_string}"},"query-input":{"@type":"PropertyValueSpecification","valueRequired":true,"valueName":"search_term_string"}}],"inLanguage":"pt-BR"},{"@type":"Person","@id":"https:\/\/www.correiobraziliense.com.br\/cbradar\/#\/schema\/person\/5440b72be9c7eb74f446c846479dc4da","name":"Patrick Silva","image":{"@type":"ImageObject","inLanguage":"pt-BR","@id":"https:\/\/www.correiobraziliense.com.br\/cbradar\/#\/schema\/person\/image\/","url":"https:\/\/secure.gravatar.com\/avatar\/944109df296fc087785c9715fd5f80b2?s=96&d=mm&r=g","contentUrl":"https:\/\/secure.gravatar.com\/avatar\/944109df296fc087785c9715fd5f80b2?s=96&d=mm&r=g","caption":"Patrick Silva"},"sameAs":["https:\/\/www.correiobraziliense.com.br\/cbradar\/"],"url":"https:\/\/www.correiobraziliense.com.br\/cbradar\/author\/patrick-silva\/"}]}},"_links":{"self":[{"href":"https:\/\/www.correiobraziliense.com.br\/cbradar\/wp-json\/wp\/v2\/posts\/233733","targetHints":{"allow":["GET"]}}],"collection":[{"href":"https:\/\/www.correiobraziliense.com.br\/cbradar\/wp-json\/wp\/v2\/posts"}],"about":[{"href":"https:\/\/www.correiobraziliense.com.br\/cbradar\/wp-json\/wp\/v2\/types\/post"}],"author":[{"embeddable":true,"href":"https:\/\/www.correiobraziliense.com.br\/cbradar\/wp-json\/wp\/v2\/users\/21"}],"replies":[{"embeddable":true,"href":"https:\/\/www.correiobraziliense.com.br\/cbradar\/wp-json\/wp\/v2\/comments?post=233733"}],"version-history":[{"count":1,"href":"https:\/\/www.correiobraziliense.com.br\/cbradar\/wp-json\/wp\/v2\/posts\/233733\/revisions"}],"predecessor-version":[{"id":233743,"href":"https:\/\/www.correiobraziliense.com.br\/cbradar\/wp-json\/wp\/v2\/posts\/233733\/revisions\/233743"}],"wp:featuredmedia":[{"embeddable":true,"href":"https:\/\/www.correiobraziliense.com.br\/cbradar\/wp-json\/wp\/v2\/media\/233741"}],"wp:attachment":[{"href":"https:\/\/www.correiobraziliense.com.br\/cbradar\/wp-json\/wp\/v2\/media?parent=233733"}],"wp:term":[{"taxonomy":"category","embeddable":true,"href":"https:\/\/www.correiobraziliense.com.br\/cbradar\/wp-json\/wp\/v2\/categories?post=233733"},{"taxonomy":"post_tag","embeddable":true,"href":"https:\/\/www.correiobraziliense.com.br\/cbradar\/wp-json\/wp\/v2\/tags?post=233733"}],"curies":[{"name":"wp","href":"https:\/\/api.w.org\/{rel}","templated":true}]}}