{"id":233739,"date":"2026-04-29T03:30:00","date_gmt":"2026-04-29T06:30:00","guid":{"rendered":"https:\/\/www.correiobraziliense.com.br\/cbradar\/?p=233739"},"modified":"2026-04-28T16:18:13","modified_gmt":"2026-04-28T19:18:13","slug":"pessoas-que-preservam-a-firmeza-da-pele-por-mais-tempo-geralmente-evitam-estes-6-costumes-do-dia-a-dia-que-passam-despercebidos","status":"publish","type":"post","link":"https:\/\/www.correiobraziliense.com.br\/cbradar\/pessoas-que-preservam-a-firmeza-da-pele-por-mais-tempo-geralmente-evitam-estes-6-costumes-do-dia-a-dia-que-passam-despercebidos\/","title":{"rendered":"Pessoas que preservam a firmeza da pele por mais tempo geralmente evitam estes 6 costumes do dia a dia que passam despercebidos"},"content":{"rendered":"\n<p>Manter a vitalidade da derme exige uma vigil\u00e2ncia constante sobre as pequenas escolhas realizadas durante a rotina agitada das pessoas. Muitas vezes h\u00e1bitos autom\u00e1ticos aceleram o desgaste das fibras de sustenta\u00e7\u00e3o sem que os preju\u00edzos sejam notados imediatamente. Adotar cuidados simples e preventivos protege a barreira cut\u00e2nea contra danos externos e preserva a elasticidade necess\u00e1ria para uma apar\u00eancia saud\u00e1vel.<\/p>\n\n\n\n<h2 class=\"wp-block-heading\">Como a exposi\u00e7\u00e3o solar indireta contribui para o envelhecimento?<\/h2>\n\n\n\n<p>Muitos acreditam que a prote\u00e7\u00e3o \u00e9 necess\u00e1ria apenas em momentos de lazer ao ar livre sob sol intenso. No entanto a radia\u00e7\u00e3o atravessa vidros de janelas em escrit\u00f3rios e ve\u00edculos atingindo as camadas mais profundas do rosto constantemente. Esse contato cont\u00ednuo degrada o col\u00e1geno e favorece o surgimento de manchas que comprometem a uniformidade da derme ao longo dos meses.<\/p>\n\n\n\n<p>Utilizar filtros solares diariamente mesmo em ambientes fechados \u00e9 uma estrat\u00e9gia fundamental para quem deseja longevidade celular. Essa camada protetora atua como um escudo invis\u00edvel contra os raios ultravioletas que causam flacidez e rugas precoces. Manter essa disciplina ajuda a preservar a firmeza natural da pele e evita gastos excessivos com procedimentos est\u00e9ticos reparadores no futuro pr\u00f3ximo.<\/p>\n\n\n\n<figure class=\"wp-block-image size-full\"><img decoding=\"async\" width=\"1280\" height=\"720\" src=\"https:\/\/www.correiobraziliense.com.br\/cbradar\/wp-content\/uploads\/2026\/04\/Gemini_Generated_Image_jxmun4jxmun4jxmu-1-1.png\" alt=\"Pessoas que preservam a firmeza da pele por mais tempo geralmente evitam estes 6 costumes do dia a dia que passam despercebidos\" class=\"wp-image-233758\" srcset=\"https:\/\/www.correiobraziliense.com.br\/cbradar\/wp-content\/uploads\/2026\/04\/Gemini_Generated_Image_jxmun4jxmun4jxmu-1-1.png 1280w, https:\/\/www.correiobraziliense.com.br\/cbradar\/wp-content\/uploads\/2026\/04\/Gemini_Generated_Image_jxmun4jxmun4jxmu-1-1-300x169.png 300w, https:\/\/www.correiobraziliense.com.br\/cbradar\/wp-content\/uploads\/2026\/04\/Gemini_Generated_Image_jxmun4jxmun4jxmu-1-1-768x432.png 768w, https:\/\/www.correiobraziliense.com.br\/cbradar\/wp-content\/uploads\/2026\/04\/Gemini_Generated_Image_jxmun4jxmun4jxmu-1-1-750x422.png 750w, https:\/\/www.correiobraziliense.com.br\/cbradar\/wp-content\/uploads\/2026\/04\/Gemini_Generated_Image_jxmun4jxmun4jxmu-1-1-1140x641.png 1140w\" sizes=\"(max-width: 1280px) 100vw, 1280px\" \/><figcaption class=\"wp-element-caption\">H\u00e1bitos di\u00e1rios podem acelerar o envelhecimento da pele e afetar sua elasticidade sem perceber<\/figcaption><\/figure>\n\n\n\n<h2 class=\"wp-block-heading\">Qual \u00e9 o efeito do consumo excessivo de a\u00e7\u00facar na derme?<\/h2>\n\n\n\n<p>Ingerir alimentos com alto \u00edndice glic\u00eamico provoca um processo biol\u00f3gico que endurece as fibras de elastina e col\u00e1geno. Essa rea\u00e7\u00e3o qu\u00edmica torna o tecido cut\u00e2neo menos flex\u00edvel e mais suscet\u00edvel ao aparecimento de vincos permanentes e profundos. Reduzir a ingest\u00e3o de doces industriais protege a estrutura interna da face e melhora a sa\u00fade metab\u00f3lica de modo geral.<\/p>\n\n\n\n<p>Quando a alimenta\u00e7\u00e3o \u00e9 equilibrada as c\u00e9lulas conseguem se renovar com maior facilidade e efici\u00eancia durante o per\u00edodo de repouso. Substituir carboidratos refinados por op\u00e7\u00f5es integrais e frutas frescas garante o aporte de vitaminas necess\u00e1rias para a regenera\u00e7\u00e3o profunda. Escolhas nutricionais conscientes refletem diretamente no brilho e na textura suave da pele em todas as idades diferentes.<\/p>\n\n\n\n<h2 class=\"wp-block-heading\">Quais costumes comuns podem ser prejudiciais sem que percebamos?<\/h2>\n\n\n\n<p>Pequenas a\u00e7\u00f5es repetitivas exercem uma influ\u00eancia silenciosa sobre a integridade das camadas superficiais do corpo humano diariamente. Identificar esses v\u00edcios comportamentais permite realizar ajustes finos que interrompem o processo de desgaste acelerado dos tecidos sens\u00edveis. A conscientiza\u00e7\u00e3o sobre como interagimos com o ambiente e com os objetos pessoais \u00e9 o primeiro passo para uma manuten\u00e7\u00e3o est\u00e9tica totalmente eficaz.<\/p>\n\n\n\n<p>Os principais comportamentos que devem ser evitados para proteger a juventude s\u00e3o:<\/p>\n\n\n\n<ul class=\"wp-block-list\">\n<li>Dormir com o rosto pressionado contra o travesseiro.<\/li>\n\n\n\n<li>Esfregar os olhos com for\u00e7a excessiva frequentemente.<\/li>\n\n\n\n<li>Beber pouca \u00e1gua durante a jornada de trabalho.<\/li>\n\n\n\n<li>Utilizar \u00e1gua muito quente durante o banho di\u00e1rio.<\/li>\n\n\n\n<li>Mexer no celular com o pesco\u00e7o muito inclinado.<\/li>\n\n\n\n<li>Ignorar o uso de \u00f3culos de sol adequados.<\/li>\n<\/ul>\n\n\n\n<h2 class=\"wp-block-heading\">De que forma o estresse emocional acelera a perda de vi\u00e7o?<\/h2>\n\n\n\n<p>Situa\u00e7\u00f5es de tens\u00e3o constante elevam os n\u00edveis de horm\u00f4nios que prejudicam a circula\u00e7\u00e3o sangu\u00ednea perif\u00e9rica e a oxigena\u00e7\u00e3o celular. Quando o organismo est\u00e1 em alerta os nutrientes s\u00e3o desviados para \u00f3rg\u00e3os vitais deixando a derme em segundo plano. Essa neglig\u00eancia biol\u00f3gica resulta em uma apar\u00eancia cansada e na perda de brilho natural em pouco tempo.<\/p>\n\n\n\n<p>Encontrar momentos para relaxar atrav\u00e9s de atividades leves como a caminhada ou a leitura ajuda a equilibrar o sistema nervoso. Esse controle emocional reduz a produ\u00e7\u00e3o de radicais livres que atacam as c\u00e9lulas saud\u00e1veis e causam o envelhecimento precoce. Manter a mente calma reflete em um semblante muito mais descansado e na preserva\u00e7\u00e3o da elasticidade cut\u00e2nea por anos.<\/p>\n\n\n\n<figure class=\"wp-block-image size-full\"><img decoding=\"async\" width=\"1280\" height=\"720\" src=\"https:\/\/www.correiobraziliense.com.br\/cbradar\/wp-content\/uploads\/2026\/04\/Gemini_Generated_Image_55bveg55bveg55bv-1-1.png\" alt=\"Pessoas que preservam a firmeza da pele por mais tempo geralmente evitam estes 6 costumes do dia a dia que passam despercebidos\" class=\"wp-image-233759\" srcset=\"https:\/\/www.correiobraziliense.com.br\/cbradar\/wp-content\/uploads\/2026\/04\/Gemini_Generated_Image_55bveg55bveg55bv-1-1.png 1280w, https:\/\/www.correiobraziliense.com.br\/cbradar\/wp-content\/uploads\/2026\/04\/Gemini_Generated_Image_55bveg55bveg55bv-1-1-300x169.png 300w, https:\/\/www.correiobraziliense.com.br\/cbradar\/wp-content\/uploads\/2026\/04\/Gemini_Generated_Image_55bveg55bveg55bv-1-1-768x432.png 768w, https:\/\/www.correiobraziliense.com.br\/cbradar\/wp-content\/uploads\/2026\/04\/Gemini_Generated_Image_55bveg55bveg55bv-1-1-750x422.png 750w, https:\/\/www.correiobraziliense.com.br\/cbradar\/wp-content\/uploads\/2026\/04\/Gemini_Generated_Image_55bveg55bveg55bv-1-1-1140x641.png 1140w\" sizes=\"(max-width: 1280px) 100vw, 1280px\" \/><figcaption class=\"wp-element-caption\">H\u00e1bitos di\u00e1rios podem acelerar o envelhecimento da pele e afetar sua elasticidade sem perceber<\/figcaption><\/figure>\n\n\n\n<p>Leia tamb\u00e9m: <a href=\"https:\/\/www.correiobraziliense.com.br\/cbradar\/aumentar-o-consumo-de-fibras-melhora-muito-o-intestino-mas-o-efeito-real-so-aparece-se-a-ingestao-vier-acompanhada-de-agua-ao-longo-do-dia\/\" target=\"_blank\" rel=\"noreferrer noopener\">Aumentar o consumo de fibras melhora muito o intestino, mas o efeito real s\u00f3 aparece se a ingest\u00e3o vier acompanhada de \u00e1gua ao longo do dia<\/a><\/p>\n\n\n\n<h2 class=\"wp-block-heading\">Como a polui\u00e7\u00e3o ambiental interfere na longevidade da pele?<\/h2>\n\n\n\n<p>Part\u00edculas microsc\u00f3picas presentes no ar das cidades grandes depositam subst\u00e2ncias t\u00f3xicas que obstruem os poros e geram inflama\u00e7\u00f5es. Essa camada de sujeira invis\u00edvel impede a transpira\u00e7\u00e3o correta e facilita a degrada\u00e7\u00e3o das prote\u00ednas que mant\u00eam o rosto firme. Realizar uma higieniza\u00e7\u00e3o cuidadosa ao final do dia \u00e9 vital para remover esses agentes agressores e restaurar a vitalidade.<\/p>\n\n\n\n<p>Consultar as orienta\u00e7\u00f5es da <strong><a href=\"https:\/\/www.aad.org\/public\/everyday-care\/skin-care-basics\" target=\"_blank\" rel=\"noreferrer noopener\">American Academy of Dermatolog<\/a><\/strong> oferece suporte t\u00e9cnico para criar uma barreira protetora eficiente e duradoura. Seguir par\u00e2metros cient\u00edficos garante que os cuidados di\u00e1rios sejam realmente proveitosos para o fortalecimento da derme contra o clima. Priorizar a prote\u00e7\u00e3o ambiental \u00e9 um investimento necess\u00e1rio para quem deseja envelhecer com sa\u00fade e beleza constante.<\/p>\n","protected":false},"excerpt":{"rendered":"<p>Manter a vitalidade da derme exige uma vigil\u00e2ncia constante sobre as pequenas escolhas realizadas durante a rotina agitada das pessoas. Muitas vezes h\u00e1bitos autom\u00e1ticos aceleram o desgaste das fibras de sustenta\u00e7\u00e3o sem que os preju\u00edzos sejam notados imediatamente. Adotar cuidados simples e preventivos protege a barreira cut\u00e2nea contra danos externos e preserva a elasticidade necess\u00e1ria [&hellip;]<\/p>\n","protected":false},"author":21,"featured_media":233757,"comment_status":"open","ping_status":"open","sticky":false,"template":"","format":"standard","meta":{"_yoast_wpseo_focuskw":"h\u00e1bitos que envelhecem a pele","_yoast_wpseo_title":"","_yoast_wpseo_metadesc":"H\u00e1bitos di\u00e1rios influenciam o envelhecimento da pele e podem acelerar a perda de elasticidade sem que os sinais sejam percebidos","jnews-multi-image_gallery":[],"jnews_single_post":{"format":"standard"},"jnews_primary_category":[],"jnews_social_meta":[],"jnews_override_counter":[],"footnotes":""},"categories":[119],"post_tag":[],"class_list":["post-233739","post","type-post","status-publish","format-standard","has-post-thumbnail","hentry","category-bem-estar"],"yoast_head":"<!-- This site is optimized with the Yoast SEO plugin v24.6 - https:\/\/yoast.com\/wordpress\/plugins\/seo\/ -->\n<title>Pessoas que preservam a firmeza da pele por mais tempo geralmente evitam estes 6 costumes do dia a dia que passam despercebidos - Correio Braziliense - Radar<\/title>\n<meta name=\"description\" content=\"H\u00e1bitos di\u00e1rios influenciam o envelhecimento da pele e podem acelerar a perda de elasticidade sem que os sinais sejam percebidos\" \/>\n<meta name=\"robots\" content=\"index, follow, max-snippet:-1, max-image-preview:large, max-video-preview:-1\" \/>\n<link rel=\"canonical\" href=\"https:\/\/www.correiobraziliense.com.br\/cbradar\/pessoas-que-preservam-a-firmeza-da-pele-por-mais-tempo-geralmente-evitam-estes-6-costumes-do-dia-a-dia-que-passam-despercebidos\/\" \/>\n<meta property=\"og:locale\" content=\"pt_BR\" \/>\n<meta property=\"og:type\" content=\"article\" \/>\n<meta property=\"og:title\" content=\"Pessoas que preservam a firmeza da pele por mais tempo geralmente evitam estes 6 costumes do dia a dia que passam despercebidos - Correio Braziliense - Radar\" \/>\n<meta property=\"og:description\" content=\"H\u00e1bitos di\u00e1rios influenciam o envelhecimento da pele e podem acelerar a perda de elasticidade sem que os sinais sejam percebidos\" \/>\n<meta property=\"og:url\" content=\"https:\/\/www.correiobraziliense.com.br\/cbradar\/pessoas-que-preservam-a-firmeza-da-pele-por-mais-tempo-geralmente-evitam-estes-6-costumes-do-dia-a-dia-que-passam-despercebidos\/\" \/>\n<meta property=\"og:site_name\" content=\"Correio Braziliense - Radar\" \/>\n<meta property=\"article:published_time\" content=\"2026-04-29T06:30:00+00:00\" \/>\n<meta property=\"og:image\" content=\"https:\/\/www.correiobraziliense.com.br\/cbradar\/wp-content\/uploads\/2026\/04\/Gemini_Generated_Image_udkl6wudkl6wudkl-1-1.png\" \/>\n\t<meta property=\"og:image:width\" content=\"1280\" \/>\n\t<meta property=\"og:image:height\" content=\"720\" \/>\n\t<meta property=\"og:image:type\" content=\"image\/png\" \/>\n<meta name=\"author\" content=\"Patrick Silva\" \/>\n<meta name=\"twitter:card\" content=\"summary_large_image\" \/>\n<meta name=\"twitter:label1\" content=\"Escrito por\" \/>\n\t<meta name=\"twitter:data1\" content=\"Patrick Silva\" \/>\n\t<meta name=\"twitter:label2\" content=\"Est. tempo de leitura\" \/>\n\t<meta name=\"twitter:data2\" content=\"5 minutos\" \/>\n<!-- \/ Yoast SEO plugin. -->","yoast_head_json":{"title":"Pessoas que preservam a firmeza da pele por mais tempo geralmente evitam estes 6 costumes do dia a dia que passam despercebidos - Correio Braziliense - Radar","description":"H\u00e1bitos di\u00e1rios influenciam o envelhecimento da pele e podem acelerar a perda de elasticidade sem que os sinais sejam percebidos","robots":{"index":"index","follow":"follow","max-snippet":"max-snippet:-1","max-image-preview":"max-image-preview:large","max-video-preview":"max-video-preview:-1"},"canonical":"https:\/\/www.correiobraziliense.com.br\/cbradar\/pessoas-que-preservam-a-firmeza-da-pele-por-mais-tempo-geralmente-evitam-estes-6-costumes-do-dia-a-dia-que-passam-despercebidos\/","og_locale":"pt_BR","og_type":"article","og_title":"Pessoas que preservam a firmeza da pele por mais tempo geralmente evitam estes 6 costumes do dia a dia que passam despercebidos - Correio Braziliense - Radar","og_description":"H\u00e1bitos di\u00e1rios influenciam o envelhecimento da pele e podem acelerar a perda de elasticidade sem que os sinais sejam percebidos","og_url":"https:\/\/www.correiobraziliense.com.br\/cbradar\/pessoas-que-preservam-a-firmeza-da-pele-por-mais-tempo-geralmente-evitam-estes-6-costumes-do-dia-a-dia-que-passam-despercebidos\/","og_site_name":"Correio Braziliense - Radar","article_published_time":"2026-04-29T06:30:00+00:00","og_image":[{"width":1280,"height":720,"url":"https:\/\/www.correiobraziliense.com.br\/cbradar\/wp-content\/uploads\/2026\/04\/Gemini_Generated_Image_udkl6wudkl6wudkl-1-1.png","type":"image\/png"}],"author":"Patrick Silva","twitter_card":"summary_large_image","twitter_misc":{"Escrito por":"Patrick Silva","Est. tempo de leitura":"5 minutos"},"schema":{"@context":"https:\/\/schema.org","@graph":[{"@type":"WebPage","@id":"https:\/\/www.correiobraziliense.com.br\/cbradar\/pessoas-que-preservam-a-firmeza-da-pele-por-mais-tempo-geralmente-evitam-estes-6-costumes-do-dia-a-dia-que-passam-despercebidos\/","url":"https:\/\/www.correiobraziliense.com.br\/cbradar\/pessoas-que-preservam-a-firmeza-da-pele-por-mais-tempo-geralmente-evitam-estes-6-costumes-do-dia-a-dia-que-passam-despercebidos\/","name":"Pessoas que preservam a firmeza da pele por mais tempo geralmente evitam estes 6 costumes do dia a dia que passam despercebidos - Correio Braziliense - Radar","isPartOf":{"@id":"https:\/\/www.correiobraziliense.com.br\/cbradar\/#website"},"primaryImageOfPage":{"@id":"https:\/\/www.correiobraziliense.com.br\/cbradar\/pessoas-que-preservam-a-firmeza-da-pele-por-mais-tempo-geralmente-evitam-estes-6-costumes-do-dia-a-dia-que-passam-despercebidos\/#primaryimage"},"image":{"@id":"https:\/\/www.correiobraziliense.com.br\/cbradar\/pessoas-que-preservam-a-firmeza-da-pele-por-mais-tempo-geralmente-evitam-estes-6-costumes-do-dia-a-dia-que-passam-despercebidos\/#primaryimage"},"thumbnailUrl":"https:\/\/www.correiobraziliense.com.br\/cbradar\/wp-content\/uploads\/2026\/04\/Gemini_Generated_Image_udkl6wudkl6wudkl-1-1.png","datePublished":"2026-04-29T06:30:00+00:00","author":{"@id":"https:\/\/www.correiobraziliense.com.br\/cbradar\/#\/schema\/person\/5440b72be9c7eb74f446c846479dc4da"},"description":"H\u00e1bitos di\u00e1rios influenciam o envelhecimento da pele e podem acelerar a perda de elasticidade sem que os sinais sejam percebidos","breadcrumb":{"@id":"https:\/\/www.correiobraziliense.com.br\/cbradar\/pessoas-que-preservam-a-firmeza-da-pele-por-mais-tempo-geralmente-evitam-estes-6-costumes-do-dia-a-dia-que-passam-despercebidos\/#breadcrumb"},"inLanguage":"pt-BR","potentialAction":[{"@type":"ReadAction","target":["https:\/\/www.correiobraziliense.com.br\/cbradar\/pessoas-que-preservam-a-firmeza-da-pele-por-mais-tempo-geralmente-evitam-estes-6-costumes-do-dia-a-dia-que-passam-despercebidos\/"]}]},{"@type":"ImageObject","inLanguage":"pt-BR","@id":"https:\/\/www.correiobraziliense.com.br\/cbradar\/pessoas-que-preservam-a-firmeza-da-pele-por-mais-tempo-geralmente-evitam-estes-6-costumes-do-dia-a-dia-que-passam-despercebidos\/#primaryimage","url":"https:\/\/www.correiobraziliense.com.br\/cbradar\/wp-content\/uploads\/2026\/04\/Gemini_Generated_Image_udkl6wudkl6wudkl-1-1.png","contentUrl":"https:\/\/www.correiobraziliense.com.br\/cbradar\/wp-content\/uploads\/2026\/04\/Gemini_Generated_Image_udkl6wudkl6wudkl-1-1.png","width":1280,"height":720,"caption":"H\u00e1bitos di\u00e1rios podem acelerar o envelhecimento da pele e afetar sua elasticidade sem perceber"},{"@type":"BreadcrumbList","@id":"https:\/\/www.correiobraziliense.com.br\/cbradar\/pessoas-que-preservam-a-firmeza-da-pele-por-mais-tempo-geralmente-evitam-estes-6-costumes-do-dia-a-dia-que-passam-despercebidos\/#breadcrumb","itemListElement":[{"@type":"ListItem","position":1,"name":"In\u00edcio","item":"https:\/\/www.correiobraziliense.com.br\/cbradar\/"},{"@type":"ListItem","position":2,"name":"Pessoas que preservam a firmeza da pele por mais tempo geralmente evitam estes 6 costumes do dia a dia que passam despercebidos"}]},{"@type":"WebSite","@id":"https:\/\/www.correiobraziliense.com.br\/cbradar\/#website","url":"https:\/\/www.correiobraziliense.com.br\/cbradar\/","name":"Correio Braziliense - Radar","description":"Acompanhe as \u00faltimas not\u00edcias e fique bem informado sobre tudo o que acontece no Brasil e no mundo.","potentialAction":[{"@type":"SearchAction","target":{"@type":"EntryPoint","urlTemplate":"https:\/\/www.correiobraziliense.com.br\/cbradar\/?s={search_term_string}"},"query-input":{"@type":"PropertyValueSpecification","valueRequired":true,"valueName":"search_term_string"}}],"inLanguage":"pt-BR"},{"@type":"Person","@id":"https:\/\/www.correiobraziliense.com.br\/cbradar\/#\/schema\/person\/5440b72be9c7eb74f446c846479dc4da","name":"Patrick Silva","image":{"@type":"ImageObject","inLanguage":"pt-BR","@id":"https:\/\/www.correiobraziliense.com.br\/cbradar\/#\/schema\/person\/image\/","url":"https:\/\/secure.gravatar.com\/avatar\/944109df296fc087785c9715fd5f80b2?s=96&d=mm&r=g","contentUrl":"https:\/\/secure.gravatar.com\/avatar\/944109df296fc087785c9715fd5f80b2?s=96&d=mm&r=g","caption":"Patrick Silva"},"sameAs":["https:\/\/www.correiobraziliense.com.br\/cbradar\/"],"url":"https:\/\/www.correiobraziliense.com.br\/cbradar\/author\/patrick-silva\/"}]}},"_links":{"self":[{"href":"https:\/\/www.correiobraziliense.com.br\/cbradar\/wp-json\/wp\/v2\/posts\/233739","targetHints":{"allow":["GET"]}}],"collection":[{"href":"https:\/\/www.correiobraziliense.com.br\/cbradar\/wp-json\/wp\/v2\/posts"}],"about":[{"href":"https:\/\/www.correiobraziliense.com.br\/cbradar\/wp-json\/wp\/v2\/types\/post"}],"author":[{"embeddable":true,"href":"https:\/\/www.correiobraziliense.com.br\/cbradar\/wp-json\/wp\/v2\/users\/21"}],"replies":[{"embeddable":true,"href":"https:\/\/www.correiobraziliense.com.br\/cbradar\/wp-json\/wp\/v2\/comments?post=233739"}],"version-history":[{"count":1,"href":"https:\/\/www.correiobraziliense.com.br\/cbradar\/wp-json\/wp\/v2\/posts\/233739\/revisions"}],"predecessor-version":[{"id":233761,"href":"https:\/\/www.correiobraziliense.com.br\/cbradar\/wp-json\/wp\/v2\/posts\/233739\/revisions\/233761"}],"wp:featuredmedia":[{"embeddable":true,"href":"https:\/\/www.correiobraziliense.com.br\/cbradar\/wp-json\/wp\/v2\/media\/233757"}],"wp:attachment":[{"href":"https:\/\/www.correiobraziliense.com.br\/cbradar\/wp-json\/wp\/v2\/media?parent=233739"}],"wp:term":[{"taxonomy":"category","embeddable":true,"href":"https:\/\/www.correiobraziliense.com.br\/cbradar\/wp-json\/wp\/v2\/categories?post=233739"},{"taxonomy":"post_tag","embeddable":true,"href":"https:\/\/www.correiobraziliense.com.br\/cbradar\/wp-json\/wp\/v2\/post_tag?post=233739"}],"curies":[{"name":"wp","href":"https:\/\/api.w.org\/{rel}","templated":true}]}}