{"id":233810,"date":"2026-04-30T10:15:00","date_gmt":"2026-04-30T13:15:00","guid":{"rendered":"https:\/\/www.correiobraziliense.com.br\/cbradar\/?p=233810"},"modified":"2026-04-29T15:02:58","modified_gmt":"2026-04-29T18:02:58","slug":"a-nova-tendencia-para-fazer-churrasco-na-varanda-sem-fumaca-nem-bagunca-e-mais-pratica-e-ideal-para-apartamentos","status":"publish","type":"post","link":"https:\/\/www.correiobraziliense.com.br\/cbradar\/a-nova-tendencia-para-fazer-churrasco-na-varanda-sem-fumaca-nem-bagunca-e-mais-pratica-e-ideal-para-apartamentos\/","title":{"rendered":"A nova tend\u00eancia para fazer churrasco na varanda sem fuma\u00e7a nem bagun\u00e7a: \u00e9 mais pr\u00e1tica e ideal para apartamentos"},"content":{"rendered":"\n<p>Por que a ideia de um <strong>churrasco sem fuma\u00e7a<\/strong> na varanda deixou de ser um sonho distante para quem vive em apartamento? A resposta est\u00e1 na evolu\u00e7\u00e3o das churrasqueiras port\u00e1teis, que usam tecnologia para eliminar a fuma\u00e7a e a sujeira do carv\u00e3o, permitindo grelhar carnes em espa\u00e7os pequenos sem incomodar os vizinhos.<\/p>\n\n\n\n<h2 class=\"wp-block-heading\">Por que as churrasqueiras sem fuma\u00e7a viraram tend\u00eancia em apartamentos?<\/h2>\n\n\n\n<p>O desejo de fazer um churrasco em casa nunca desapareceu, mas a vida em apartamento sempre imp\u00f4s limites: falta de espa\u00e7o, regras de condom\u00ednio e, principalmente, a fuma\u00e7a. A <strong>churrasqueira port\u00e1til<\/strong> el\u00e9trica resolveu esse problema de uma vez. Com um design compacto e tecnologia de aquecimento limpo, ela transformou varandas e sacadas em verdadeiras \u00e1reas gourmet.<\/p>\n\n\n\n<p>Al\u00e9m disso, a busca por praticidade no dia a dia acelerou essa tend\u00eancia. Ningu\u00e9m quer perder tempo acendendo carv\u00e3o ou lidando com cinzas. A limpeza r\u00e1pida e a facilidade de guardar o equipamento ap\u00f3s o uso tornaram a experi\u00eancia do churrasco t\u00e3o simples quanto cozinhar no fog\u00e3o.<\/p>\n\n\n<div class=\"wp-block-image\">\n<figure class=\"aligncenter size-full\"><img decoding=\"async\" width=\"1280\" height=\"720\" src=\"https:\/\/www.correiobraziliense.com.br\/cbradar\/wp-content\/uploads\/2026\/04\/IMAGEM_720p_1777408543162.jpg\" alt=\"A tend\u00eancia das churrasqueiras el\u00e9tricas sem fuma\u00e7a como solu\u00e7\u00e3o pr\u00e1tica para apartamentos\" class=\"wp-image-233812\" srcset=\"https:\/\/www.correiobraziliense.com.br\/cbradar\/wp-content\/uploads\/2026\/04\/IMAGEM_720p_1777408543162.jpg 1280w, https:\/\/www.correiobraziliense.com.br\/cbradar\/wp-content\/uploads\/2026\/04\/IMAGEM_720p_1777408543162-300x169.jpg 300w, https:\/\/www.correiobraziliense.com.br\/cbradar\/wp-content\/uploads\/2026\/04\/IMAGEM_720p_1777408543162-768x432.jpg 768w, https:\/\/www.correiobraziliense.com.br\/cbradar\/wp-content\/uploads\/2026\/04\/IMAGEM_720p_1777408543162-750x422.jpg 750w, https:\/\/www.correiobraziliense.com.br\/cbradar\/wp-content\/uploads\/2026\/04\/IMAGEM_720p_1777408543162-1140x641.jpg 1140w\" sizes=\"(max-width: 1280px) 100vw, 1280px\" \/><figcaption class=\"wp-element-caption\">A tend\u00eancia das churrasqueiras el\u00e9tricas sem fuma\u00e7a como solu\u00e7\u00e3o pr\u00e1tica para apartamentos<\/figcaption><\/figure><\/div>\n\n\n<h2 class=\"wp-block-heading\">Como a tecnologia elimina a fuma\u00e7a durante o preparo?<\/h2>\n\n\n\n<p>O segredo est\u00e1 no design engenhoso que impede a gordura de queimar. Nas churrasqueiras tradicionais, a gordura pinga diretamente sobre a brasa, gerando fuma\u00e7a intensa. J\u00e1 nos modelos sem fuma\u00e7a, os elementos de aquecimento ficam nas laterais e uma bandeja com \u00e1gua fica posicionada abaixo da grelha.<\/p>\n\n\n\n<p>Quando a gordura cai, ela \u00e9 resfriada imediatamente pela \u00e1gua, sem chance de produzir fuma\u00e7a. Isso significa que voc\u00ea pode grelhar sua picanha na varanda sem disparar o alarme de inc\u00eandio e sem espalhar cheiro pelo pr\u00e9dio todo.<\/p>\n\n\n\n<p>Confira as principais tecnologias por tr\u00e1s desse sistema:<\/p>\n\n\n\n<ul class=\"wp-block-list\">\n<li><strong>Queimadores laterais<\/strong>: aquecem a carne sem contato direto com a chama, distribuindo o calor de forma uniforme.<\/li>\n\n\n\n<li><strong>Bandeja coletora com \u00e1gua<\/strong>: resfria a gordura instantaneamente, evitando a forma\u00e7\u00e3o de fuma\u00e7a e odores desagrad\u00e1veis.<\/li>\n\n\n\n<li><strong>Superf\u00edcie antiaderente<\/strong>: facilita a limpeza e evita que res\u00edduos grudem na grelha, agilizando o p\u00f3s-churrasco.<\/li>\n<\/ul>\n\n\n\n<p>Leia tamb\u00e9m: <a href=\"https:\/\/www.correiobraziliense.com.br\/cbradar\/a-psicologia-aponta-que-adultos-que-evitam-conflitos-nao-sao-mais-maduros-mas-aprenderam-na-infancia-que-expressar-emocoes-gerava-punicao\/\" target=\"_blank\" rel=\"noreferrer noopener\">A psicologia aponta que adultos que evitam conflitos n\u00e3o s\u00e3o mais maduros, mas aprenderam na inf\u00e2ncia que expressar emo\u00e7\u00f5es gerava puni\u00e7\u00e3o<\/a><\/p>\n\n\n\n<h2 class=\"wp-block-heading\">Quais s\u00e3o os tipos de churrasqueira ideais para varanda?<\/h2>\n\n\n\n<p>A variedade de modelos no mercado pode confundir, mas a escolha certa depende do espa\u00e7o dispon\u00edvel e do tipo de preparo que voc\u00ea deseja. As vers\u00f5es el\u00e9tricas dominam o segmento de apartamentos, mas as churrasqueiras a g\u00e1s tamb\u00e9m aparecem como alternativa para varandas maiores.<\/p>\n\n\n\n<p>As op\u00e7\u00f5es mais recomendadas se dividem em:<\/p>\n\n\n\n<ul class=\"wp-block-list\">\n<li><strong>Churrasqueira el\u00e9trica de bancada<\/strong>: compacta, port\u00e1til, com pot\u00eancia entre <strong>1.800W e 2.000W<\/strong>. Ideal para varandas pequenas e casais, ocupa pouco espa\u00e7o e pode ser guardada no arm\u00e1rio.<\/li>\n\n\n\n<li><strong>Churrasqueira el\u00e9trica com pedestal<\/strong>: tem estrutura pr\u00f3pria e grelha maior, perfeita para fam\u00edlias de tr\u00eas a quatro pessoas. Alguns modelos trazem controle de temperatura ajust\u00e1vel.<\/li>\n\n\n\n<li><strong>Grill el\u00e9trico multifuncional<\/strong>: vai al\u00e9m do churrasco, funcionando tamb\u00e9m como air fryer, forno e desidratador. Uma escolha vers\u00e1til para quem quer um eletrodom\u00e9stico completo.<\/li>\n<\/ul>\n\n\n\n<h2 class=\"wp-block-heading\">As regras do condom\u00ednio permitem esse tipo de equipamento?<\/h2>\n\n\n\n<p>Essa \u00e9 uma d\u00favida comum entre os moradores de apartamento. A boa not\u00edcia \u00e9 que, de forma geral, <strong>a legisla\u00e7\u00e3o brasileira n\u00e3o pro\u00edbe<\/strong> o uso de churrasqueiras na varanda. Contudo, cada condom\u00ednio tem autonomia para criar suas pr\u00f3prias regras na <strong>Conven\u00e7\u00e3o do Condom\u00ednio<\/strong>, e \u00e9 ali que podem aparecer restri\u00e7\u00f5es espec\u00edficas.<\/p>\n\n\n\n<p>O grande diferencial das churrasqueiras sem fuma\u00e7a \u00e9 que elas <strong>eliminam justamente o principal motivo das proibi\u00e7\u00f5es<\/strong>: o inc\u00f4modo causado pela fuma\u00e7a e pelo cheiro forte. Sem emiss\u00e3o vis\u00edvel, a chance de gerar reclama\u00e7\u00f5es de vizinhos despenca, o que torna esses equipamentos uma alternativa bem mais aceita em assembleias e regulamentos internos.<\/p>\n\n\n<div class=\"wp-block-image\">\n<figure class=\"aligncenter size-full\"><img decoding=\"async\" width=\"1280\" height=\"720\" src=\"https:\/\/www.correiobraziliense.com.br\/cbradar\/wp-content\/uploads\/2026\/04\/IMAGEM_720p_1777408541205.jpg\" alt=\"A tend\u00eancia das churrasqueiras el\u00e9tricas sem fuma\u00e7a como solu\u00e7\u00e3o pr\u00e1tica para apartamentos\" class=\"wp-image-233811\" srcset=\"https:\/\/www.correiobraziliense.com.br\/cbradar\/wp-content\/uploads\/2026\/04\/IMAGEM_720p_1777408541205.jpg 1280w, https:\/\/www.correiobraziliense.com.br\/cbradar\/wp-content\/uploads\/2026\/04\/IMAGEM_720p_1777408541205-300x169.jpg 300w, https:\/\/www.correiobraziliense.com.br\/cbradar\/wp-content\/uploads\/2026\/04\/IMAGEM_720p_1777408541205-768x432.jpg 768w, https:\/\/www.correiobraziliense.com.br\/cbradar\/wp-content\/uploads\/2026\/04\/IMAGEM_720p_1777408541205-750x422.jpg 750w, https:\/\/www.correiobraziliense.com.br\/cbradar\/wp-content\/uploads\/2026\/04\/IMAGEM_720p_1777408541205-1140x641.jpg 1140w\" sizes=\"(max-width: 1280px) 100vw, 1280px\" \/><figcaption class=\"wp-element-caption\">A tend\u00eancia das churrasqueiras el\u00e9tricas sem fuma\u00e7a como solu\u00e7\u00e3o pr\u00e1tica para apartamentos<\/figcaption><\/figure><\/div>\n\n\n<h2 class=\"wp-block-heading\">Vale a pena investir em uma churrasqueira sem fuma\u00e7a?<\/h2>\n\n\n\n<p>Para quem mora em apartamento e sente falta do churrasco de fim de semana, o investimento se paga logo nas primeiras utiliza\u00e7\u00f5es. Os pre\u00e7os variam bastante: \u00e9 poss\u00edvel encontrar modelos de entrada a partir de <strong>R$ 94<\/strong>, enquanto op\u00e7\u00f5es mais completas e sofisticadas podem ultrapassar os <strong>R$ 3.000<\/strong>.<\/p>\n\n\n\n<p>O retorno, no entanto, n\u00e3o se mede apenas em economia. A liberdade de fazer um churrasco a qualquer momento, sem depender de \u00e1reas comuns do pr\u00e9dio, e a certeza de n\u00e3o incomodar os vizinhos s\u00e3o ganhos que transformam a rotina de quem adora grelhar. Antes de comprar, avalie o tamanho da sua varanda, a pot\u00eancia do aparelho e, claro, as regras internas do seu condom\u00ednio.<\/p>\n","protected":false},"excerpt":{"rendered":"<p>Por que a ideia de um churrasco sem fuma\u00e7a na varanda deixou de ser um sonho distante para quem vive em apartamento? A resposta est\u00e1 na evolu\u00e7\u00e3o das churrasqueiras port\u00e1teis, que usam tecnologia para eliminar a fuma\u00e7a e a sujeira do carv\u00e3o, permitindo grelhar carnes em espa\u00e7os pequenos sem incomodar os vizinhos. Por que as [&hellip;]<\/p>\n","protected":false},"author":11,"featured_media":234341,"comment_status":"open","ping_status":"open","sticky":false,"template":"","format":"standard","meta":{"_yoast_wpseo_focuskw":"churrasco sem fuma\u00e7a varanda","_yoast_wpseo_title":"","_yoast_wpseo_metadesc":"J\u00e1 imaginou fazer um churrasco na varanda do apartamento sem fuma\u00e7a e sem bagun\u00e7a? Descubra a nova tend\u00eancia que est\u00e1 conquistando os brasileiros.","jnews-multi-image_gallery":[],"jnews_single_post":{"format":"standard"},"jnews_primary_category":[],"jnews_social_meta":[],"jnews_override_counter":[],"footnotes":""},"categories":[143],"tags":[4467,8152,18334,13125],"class_list":["post-233810","post","type-post","status-publish","format-standard","has-post-thumbnail","hentry","category-casa-e-decoracao","tag-apartamento","tag-churrasco","tag-sem-fumaca","tag-varanda"],"yoast_head":"<!-- This site is optimized with the Yoast SEO plugin v24.6 - https:\/\/yoast.com\/wordpress\/plugins\/seo\/ -->\n<title>A nova tend\u00eancia para fazer churrasco na varanda sem fuma\u00e7a nem bagun\u00e7a: \u00e9 mais pr\u00e1tica e ideal para apartamentos - Correio Braziliense - Radar<\/title>\n<meta name=\"description\" content=\"J\u00e1 imaginou fazer um churrasco na varanda do apartamento sem fuma\u00e7a e sem bagun\u00e7a? Descubra a nova tend\u00eancia que est\u00e1 conquistando os brasileiros.\" \/>\n<meta name=\"robots\" content=\"index, follow, max-snippet:-1, max-image-preview:large, max-video-preview:-1\" \/>\n<link rel=\"canonical\" href=\"https:\/\/www.correiobraziliense.com.br\/cbradar\/a-nova-tendencia-para-fazer-churrasco-na-varanda-sem-fumaca-nem-bagunca-e-mais-pratica-e-ideal-para-apartamentos\/\" \/>\n<meta property=\"og:locale\" content=\"pt_BR\" \/>\n<meta property=\"og:type\" content=\"article\" \/>\n<meta property=\"og:title\" content=\"A nova tend\u00eancia para fazer churrasco na varanda sem fuma\u00e7a nem bagun\u00e7a: \u00e9 mais pr\u00e1tica e ideal para apartamentos - Correio Braziliense - Radar\" \/>\n<meta property=\"og:description\" content=\"J\u00e1 imaginou fazer um churrasco na varanda do apartamento sem fuma\u00e7a e sem bagun\u00e7a? Descubra a nova tend\u00eancia que est\u00e1 conquistando os brasileiros.\" \/>\n<meta property=\"og:url\" content=\"https:\/\/www.correiobraziliense.com.br\/cbradar\/a-nova-tendencia-para-fazer-churrasco-na-varanda-sem-fumaca-nem-bagunca-e-mais-pratica-e-ideal-para-apartamentos\/\" \/>\n<meta property=\"og:site_name\" content=\"Correio Braziliense - Radar\" \/>\n<meta property=\"article:published_time\" content=\"2026-04-30T13:15:00+00:00\" \/>\n<meta property=\"og:image\" content=\"https:\/\/www.correiobraziliense.com.br\/cbradar\/wp-content\/uploads\/2026\/04\/Churrasqueira_eletrica_grelhando\u2026_202604291501.jpg\" \/>\n\t<meta property=\"og:image:width\" content=\"1280\" \/>\n\t<meta property=\"og:image:height\" content=\"720\" \/>\n\t<meta property=\"og:image:type\" content=\"image\/jpeg\" \/>\n<meta name=\"author\" content=\"Paulo Custodio\" \/>\n<meta name=\"twitter:card\" content=\"summary_large_image\" \/>\n<meta name=\"twitter:label1\" content=\"Escrito por\" \/>\n\t<meta name=\"twitter:data1\" content=\"Paulo Custodio\" \/>\n\t<meta name=\"twitter:label2\" content=\"Est. tempo de leitura\" \/>\n\t<meta name=\"twitter:data2\" content=\"5 minutos\" \/>\n<!-- \/ Yoast SEO plugin. -->","yoast_head_json":{"title":"A nova tend\u00eancia para fazer churrasco na varanda sem fuma\u00e7a nem bagun\u00e7a: \u00e9 mais pr\u00e1tica e ideal para apartamentos - Correio Braziliense - Radar","description":"J\u00e1 imaginou fazer um churrasco na varanda do apartamento sem fuma\u00e7a e sem bagun\u00e7a? Descubra a nova tend\u00eancia que est\u00e1 conquistando os brasileiros.","robots":{"index":"index","follow":"follow","max-snippet":"max-snippet:-1","max-image-preview":"max-image-preview:large","max-video-preview":"max-video-preview:-1"},"canonical":"https:\/\/www.correiobraziliense.com.br\/cbradar\/a-nova-tendencia-para-fazer-churrasco-na-varanda-sem-fumaca-nem-bagunca-e-mais-pratica-e-ideal-para-apartamentos\/","og_locale":"pt_BR","og_type":"article","og_title":"A nova tend\u00eancia para fazer churrasco na varanda sem fuma\u00e7a nem bagun\u00e7a: \u00e9 mais pr\u00e1tica e ideal para apartamentos - Correio Braziliense - Radar","og_description":"J\u00e1 imaginou fazer um churrasco na varanda do apartamento sem fuma\u00e7a e sem bagun\u00e7a? Descubra a nova tend\u00eancia que est\u00e1 conquistando os brasileiros.","og_url":"https:\/\/www.correiobraziliense.com.br\/cbradar\/a-nova-tendencia-para-fazer-churrasco-na-varanda-sem-fumaca-nem-bagunca-e-mais-pratica-e-ideal-para-apartamentos\/","og_site_name":"Correio Braziliense - Radar","article_published_time":"2026-04-30T13:15:00+00:00","og_image":[{"width":1280,"height":720,"url":"https:\/\/www.correiobraziliense.com.br\/cbradar\/wp-content\/uploads\/2026\/04\/Churrasqueira_eletrica_grelhando\u2026_202604291501.jpg","type":"image\/jpeg"}],"author":"Paulo Custodio","twitter_card":"summary_large_image","twitter_misc":{"Escrito por":"Paulo Custodio","Est. tempo de leitura":"5 minutos"},"schema":{"@context":"https:\/\/schema.org","@graph":[{"@type":"WebPage","@id":"https:\/\/www.correiobraziliense.com.br\/cbradar\/a-nova-tendencia-para-fazer-churrasco-na-varanda-sem-fumaca-nem-bagunca-e-mais-pratica-e-ideal-para-apartamentos\/","url":"https:\/\/www.correiobraziliense.com.br\/cbradar\/a-nova-tendencia-para-fazer-churrasco-na-varanda-sem-fumaca-nem-bagunca-e-mais-pratica-e-ideal-para-apartamentos\/","name":"A nova tend\u00eancia para fazer churrasco na varanda sem fuma\u00e7a nem bagun\u00e7a: \u00e9 mais pr\u00e1tica e ideal para apartamentos - Correio Braziliense - Radar","isPartOf":{"@id":"https:\/\/www.correiobraziliense.com.br\/cbradar\/#website"},"primaryImageOfPage":{"@id":"https:\/\/www.correiobraziliense.com.br\/cbradar\/a-nova-tendencia-para-fazer-churrasco-na-varanda-sem-fumaca-nem-bagunca-e-mais-pratica-e-ideal-para-apartamentos\/#primaryimage"},"image":{"@id":"https:\/\/www.correiobraziliense.com.br\/cbradar\/a-nova-tendencia-para-fazer-churrasco-na-varanda-sem-fumaca-nem-bagunca-e-mais-pratica-e-ideal-para-apartamentos\/#primaryimage"},"thumbnailUrl":"https:\/\/www.correiobraziliense.com.br\/cbradar\/wp-content\/uploads\/2026\/04\/Churrasqueira_eletrica_grelhando\u2026_202604291501.jpg","datePublished":"2026-04-30T13:15:00+00:00","author":{"@id":"https:\/\/www.correiobraziliense.com.br\/cbradar\/#\/schema\/person\/4cec7857301a9a1a2ef249893cd908d3"},"description":"J\u00e1 imaginou fazer um churrasco na varanda do apartamento sem fuma\u00e7a e sem bagun\u00e7a? Descubra a nova tend\u00eancia que est\u00e1 conquistando os brasileiros.","breadcrumb":{"@id":"https:\/\/www.correiobraziliense.com.br\/cbradar\/a-nova-tendencia-para-fazer-churrasco-na-varanda-sem-fumaca-nem-bagunca-e-mais-pratica-e-ideal-para-apartamentos\/#breadcrumb"},"inLanguage":"pt-BR","potentialAction":[{"@type":"ReadAction","target":["https:\/\/www.correiobraziliense.com.br\/cbradar\/a-nova-tendencia-para-fazer-churrasco-na-varanda-sem-fumaca-nem-bagunca-e-mais-pratica-e-ideal-para-apartamentos\/"]}]},{"@type":"ImageObject","inLanguage":"pt-BR","@id":"https:\/\/www.correiobraziliense.com.br\/cbradar\/a-nova-tendencia-para-fazer-churrasco-na-varanda-sem-fumaca-nem-bagunca-e-mais-pratica-e-ideal-para-apartamentos\/#primaryimage","url":"https:\/\/www.correiobraziliense.com.br\/cbradar\/wp-content\/uploads\/2026\/04\/Churrasqueira_eletrica_grelhando\u2026_202604291501.jpg","contentUrl":"https:\/\/www.correiobraziliense.com.br\/cbradar\/wp-content\/uploads\/2026\/04\/Churrasqueira_eletrica_grelhando\u2026_202604291501.jpg","width":1280,"height":720,"caption":"A nova tend\u00eancia para fazer churrasco \u00e9 ideal para uso em varandas de apartamentos"},{"@type":"BreadcrumbList","@id":"https:\/\/www.correiobraziliense.com.br\/cbradar\/a-nova-tendencia-para-fazer-churrasco-na-varanda-sem-fumaca-nem-bagunca-e-mais-pratica-e-ideal-para-apartamentos\/#breadcrumb","itemListElement":[{"@type":"ListItem","position":1,"name":"In\u00edcio","item":"https:\/\/www.correiobraziliense.com.br\/cbradar\/"},{"@type":"ListItem","position":2,"name":"A nova tend\u00eancia para fazer churrasco na varanda sem fuma\u00e7a nem bagun\u00e7a: \u00e9 mais pr\u00e1tica e ideal para apartamentos"}]},{"@type":"WebSite","@id":"https:\/\/www.correiobraziliense.com.br\/cbradar\/#website","url":"https:\/\/www.correiobraziliense.com.br\/cbradar\/","name":"Correio Braziliense - Radar","description":"Acompanhe as \u00faltimas not\u00edcias e fique bem informado sobre tudo o que acontece no Brasil e no mundo.","potentialAction":[{"@type":"SearchAction","target":{"@type":"EntryPoint","urlTemplate":"https:\/\/www.correiobraziliense.com.br\/cbradar\/?s={search_term_string}"},"query-input":{"@type":"PropertyValueSpecification","valueRequired":true,"valueName":"search_term_string"}}],"inLanguage":"pt-BR"},{"@type":"Person","@id":"https:\/\/www.correiobraziliense.com.br\/cbradar\/#\/schema\/person\/4cec7857301a9a1a2ef249893cd908d3","name":"Paulo Custodio","image":{"@type":"ImageObject","inLanguage":"pt-BR","@id":"https:\/\/www.correiobraziliense.com.br\/cbradar\/#\/schema\/person\/image\/","url":"https:\/\/secure.gravatar.com\/avatar\/bcd67168d1534e8fcf4f45c726a87cea?s=96&d=mm&r=g","contentUrl":"https:\/\/secure.gravatar.com\/avatar\/bcd67168d1534e8fcf4f45c726a87cea?s=96&d=mm&r=g","caption":"Paulo Custodio"},"sameAs":["https:\/\/www.correiobraziliense.com.br\/cbradar"],"url":"https:\/\/www.correiobraziliense.com.br\/cbradar\/author\/paulomyth\/"}]}},"_links":{"self":[{"href":"https:\/\/www.correiobraziliense.com.br\/cbradar\/wp-json\/wp\/v2\/posts\/233810","targetHints":{"allow":["GET"]}}],"collection":[{"href":"https:\/\/www.correiobraziliense.com.br\/cbradar\/wp-json\/wp\/v2\/posts"}],"about":[{"href":"https:\/\/www.correiobraziliense.com.br\/cbradar\/wp-json\/wp\/v2\/types\/post"}],"author":[{"embeddable":true,"href":"https:\/\/www.correiobraziliense.com.br\/cbradar\/wp-json\/wp\/v2\/users\/11"}],"replies":[{"embeddable":true,"href":"https:\/\/www.correiobraziliense.com.br\/cbradar\/wp-json\/wp\/v2\/comments?post=233810"}],"version-history":[{"count":1,"href":"https:\/\/www.correiobraziliense.com.br\/cbradar\/wp-json\/wp\/v2\/posts\/233810\/revisions"}],"predecessor-version":[{"id":233813,"href":"https:\/\/www.correiobraziliense.com.br\/cbradar\/wp-json\/wp\/v2\/posts\/233810\/revisions\/233813"}],"wp:featuredmedia":[{"embeddable":true,"href":"https:\/\/www.correiobraziliense.com.br\/cbradar\/wp-json\/wp\/v2\/media\/234341"}],"wp:attachment":[{"href":"https:\/\/www.correiobraziliense.com.br\/cbradar\/wp-json\/wp\/v2\/media?parent=233810"}],"wp:term":[{"taxonomy":"category","embeddable":true,"href":"https:\/\/www.correiobraziliense.com.br\/cbradar\/wp-json\/wp\/v2\/categories?post=233810"},{"taxonomy":"post_tag","embeddable":true,"href":"https:\/\/www.correiobraziliense.com.br\/cbradar\/wp-json\/wp\/v2\/tags?post=233810"}],"curies":[{"name":"wp","href":"https:\/\/api.w.org\/{rel}","templated":true}]}}