{"id":233814,"date":"2026-04-30T13:25:00","date_gmt":"2026-04-30T16:25:00","guid":{"rendered":"https:\/\/www.correiobraziliense.com.br\/cbradar\/?p=233814"},"modified":"2026-04-29T14:59:16","modified_gmt":"2026-04-29T17:59:16","slug":"a-nova-tendencia-para-assar-carne-em-casa-sem-brasas-nem-espera-longa-ajuda-quem-quer-praticidade-sem-abrir-mao-do-sabor","status":"publish","type":"post","link":"https:\/\/www.correiobraziliense.com.br\/cbradar\/a-nova-tendencia-para-assar-carne-em-casa-sem-brasas-nem-espera-longa-ajuda-quem-quer-praticidade-sem-abrir-mao-do-sabor\/","title":{"rendered":"A nova tend\u00eancia para assar carne em casa sem brasas nem espera longa: ajuda quem quer praticidade sem abrir m\u00e3o do sabor"},"content":{"rendered":"\n<p>A vontade de <strong>assar carne em casa sem brasas<\/strong> esbarra no medo de comer um bife ressecado feito na <strong>grelha el\u00e9trica<\/strong>? Hoje, a tecnologia de calor infravermelho avan\u00e7ou de forma dr\u00e1stica e permite selar a prote\u00edna mantendo todo o suco natural em poucos minutos.<\/p>\n\n\n\n<h2 class=\"wp-block-heading\">Como os equipamentos modernos conseguem simular o calor do fogo?<\/h2>\n\n\n\n<p>O segredo da nova gera\u00e7\u00e3o de eletrodom\u00e9sticos reside nas resist\u00eancias de alta pot\u00eancia t\u00e9rmica. As grelhas atuais de marcas renomadas atingem temperaturas superiores a <strong>250 graus<\/strong> em pouqu\u00edssimos minutos. Esse calor extremo sela a superf\u00edcie do corte de forma imediata e ret\u00e9m os l\u00edquidos internamente.<\/p>\n\n\n\n<p>Essa carameliza\u00e7\u00e3o r\u00e1pida recebe o nome cient\u00edfico de <strong><a href=\"https:\/\/pt.wikipedia.org\/wiki\/Rea%C3%A7%C3%A3o_de_Maillard\" target=\"_blank\" rel=\"noreferrer noopener\">rea\u00e7\u00e3o de Maillard<\/a><\/strong>. O processo qu\u00edmico altera as mol\u00e9culas de amino\u00e1cidos e a\u00e7\u00facares sob alt\u00edssimas temperaturas na superf\u00edcie da pe\u00e7a. O resultado visual e biol\u00f3gico \u00e9 aquela crosta dourada extremamente saborosa que agrada ao paladar mais exigente.<\/p>\n\n\n<div class=\"wp-block-image\">\n<figure class=\"aligncenter size-full\"><img decoding=\"async\" width=\"1280\" height=\"720\" src=\"https:\/\/www.correiobraziliense.com.br\/cbradar\/wp-content\/uploads\/2026\/04\/IMAGEM_720p_1777408840565.jpg\" alt=\"Os benef\u00edcios e o funcionamento das grelhas el\u00e9tricas\" class=\"wp-image-233815\" srcset=\"https:\/\/www.correiobraziliense.com.br\/cbradar\/wp-content\/uploads\/2026\/04\/IMAGEM_720p_1777408840565.jpg 1280w, https:\/\/www.correiobraziliense.com.br\/cbradar\/wp-content\/uploads\/2026\/04\/IMAGEM_720p_1777408840565-300x169.jpg 300w, https:\/\/www.correiobraziliense.com.br\/cbradar\/wp-content\/uploads\/2026\/04\/IMAGEM_720p_1777408840565-768x432.jpg 768w, https:\/\/www.correiobraziliense.com.br\/cbradar\/wp-content\/uploads\/2026\/04\/IMAGEM_720p_1777408840565-750x422.jpg 750w, https:\/\/www.correiobraziliense.com.br\/cbradar\/wp-content\/uploads\/2026\/04\/IMAGEM_720p_1777408840565-1140x641.jpg 1140w\" sizes=\"(max-width: 1280px) 100vw, 1280px\" \/><figcaption class=\"wp-element-caption\">Os benef\u00edcios e o funcionamento das grelhas el\u00e9tricas<\/figcaption><\/figure><\/div>\n\n\n<h2 class=\"wp-block-heading\">Quais s\u00e3o as vantagens diretas de assar carne em casa sem brasas?<\/h2>\n\n\n\n<p>A aus\u00eancia completa de fuma\u00e7a escura lidera os grandes motivos para a troca de m\u00e9todo tradicional. As gorduras derretidas n\u00e3o pingam diretamente sobre o fogo aberto da estrutura. Os equipamentos modernos possuem bandejas coletoras com \u00e1gua na base inferior que impedem a queima de res\u00edduos.<\/p>\n\n\n\n<p>A enorme agilidade tamb\u00e9m atrai milhares de moradores de apartamentos compactos urbanos. Voc\u00ea simplesmente liga o aparelho na tomada e inicia o cozimento intenso quase instantaneamente. N\u00e3o existe a necessidade exaustiva de gastar horas controlando o carv\u00e3o ou limpando cinzas densas espalhadas pela varanda inteira.<\/p>\n\n\n\n<p>Leia tamb\u00e9m: <a href=\"https:\/\/www.correiobraziliense.com.br\/cbradar\/a-psicologia-aponta-que-adultos-que-evitam-conflitos-nao-sao-mais-maduros-mas-aprenderam-na-infancia-que-expressar-emocoes-gerava-punicao\/\" target=\"_blank\" rel=\"noreferrer noopener\">A psicologia aponta que adultos que evitam conflitos n\u00e3o s\u00e3o mais maduros, mas aprenderam na inf\u00e2ncia que expressar emo\u00e7\u00f5es gerava puni\u00e7\u00e3o<\/a><\/p>\n\n\n\n<h2 class=\"wp-block-heading\">Como escolher a melhor m\u00e1quina t\u00e9rmica para a sua cozinha?<\/h2>\n\n\n\n<p>O mercado de utilidades dom\u00e9sticas oferece op\u00e7\u00f5es muito variadas para quem deseja modernizar o almo\u00e7o de domingo. \u00c9 estritamente necess\u00e1rio avaliar a pot\u00eancia do motor interno e a facilidade de remo\u00e7\u00e3o das chapas superiores para a limpeza pesada na pia. Aparelhos robustos entregam melhores texturas.<\/p>\n\n\n\n<p>Avaliar o espa\u00e7o \u00fatil da bancada da sua cozinha ajuda bastante na decis\u00e3o de compra inteligente. Anote os fatores priorit\u00e1rios antes de passar o cart\u00e3o:<\/p>\n\n\n\n<ul class=\"wp-block-list\">\n<li><strong>Pot\u00eancia de pico:<\/strong> Modelos acima de <strong>1500W<\/strong> garantem selagem profissional perfeita sem cozinhar a prote\u00edna na pr\u00f3pria \u00e1gua.<\/li>\n\n\n\n<li><strong>Material da grelha:<\/strong> O ferro fundido pesado mant\u00e9m o calor de forma uniforme e suporta atritos constantes da esp\u00e1tula.<\/li>\n\n\n\n<li><strong>Controle t\u00e9rmico:<\/strong> Termostatos ajust\u00e1veis e independentes evitam que a pe\u00e7a nobre queime por fora e fique crua internamente.<\/li>\n<\/ul>\n\n\n\n<h2 class=\"wp-block-heading\">O sabor da prote\u00edna feita na eletricidade \u00e9 id\u00eantico ao do carv\u00e3o?<\/h2>\n\n\n\n<p>O gosto r\u00fastico e caracter\u00edstico de defumado gerado pela fuma\u00e7a da lenha n\u00e3o existe no formato puramente el\u00e9trico. No entanto, a excel\u00eancia pr\u00e9via do corte garante uma experi\u00eancia primorosa. <\/p>\n\n\n\n<p>Para contornar brilhantemente a falta do toque defumado caipira tradicional, muitos cozinheiros habilidosos aplicam fuma\u00e7a l\u00edquida pura ou sal de parrilla levemente aromatizado. Esses pequenos truques acess\u00edveis elevam o perfil de sabor da receita caseira e entregam um resultado arom\u00e1tico espetacular em poucos minutos de chapa.<\/p>\n\n\n<div class=\"wp-block-image\">\n<figure class=\"aligncenter size-full\"><img decoding=\"async\" width=\"1280\" height=\"720\" src=\"https:\/\/www.correiobraziliense.com.br\/cbradar\/wp-content\/uploads\/2026\/04\/IMAGEM_720p_1777408829136.jpg\" alt=\"Os benef\u00edcios e o funcionamento das grelhas el\u00e9tricas\" class=\"wp-image-233816\" srcset=\"https:\/\/www.correiobraziliense.com.br\/cbradar\/wp-content\/uploads\/2026\/04\/IMAGEM_720p_1777408829136.jpg 1280w, https:\/\/www.correiobraziliense.com.br\/cbradar\/wp-content\/uploads\/2026\/04\/IMAGEM_720p_1777408829136-300x169.jpg 300w, https:\/\/www.correiobraziliense.com.br\/cbradar\/wp-content\/uploads\/2026\/04\/IMAGEM_720p_1777408829136-768x432.jpg 768w, https:\/\/www.correiobraziliense.com.br\/cbradar\/wp-content\/uploads\/2026\/04\/IMAGEM_720p_1777408829136-750x422.jpg 750w, https:\/\/www.correiobraziliense.com.br\/cbradar\/wp-content\/uploads\/2026\/04\/IMAGEM_720p_1777408829136-1140x641.jpg 1140w\" sizes=\"(max-width: 1280px) 100vw, 1280px\" \/><figcaption class=\"wp-element-caption\">Os benef\u00edcios e o funcionamento das grelhas el\u00e9tricas<\/figcaption><\/figure><\/div>\n\n\n<h2 class=\"wp-block-heading\">Vale a pena investir na tecnologia para o consumo rotineiro?<\/h2>\n\n\n\n<p>Substituir o preparo cl\u00e1ssico pela via tecnol\u00f3gica limpa traz enormes ganhos de tempo livre e higiene. Voc\u00ea consegue finalizar rapidamente um corte bovino premium em plena ter\u00e7a-feira \u00e0 noite sem gerar caos na cozinha. O custo da energia el\u00e9trica compensa totalmente a economia cont\u00ednua com sacos pesados de carv\u00e3o vegetal.<\/p>\n\n\n\n<p>Essa alternativa eficiente democratiza o acesso di\u00e1rio ao bom preparo de alimentos nutritivos em \u00e1reas residenciais restritas. Quem mora em apartamentos pequenos consegue degustar uma prote\u00edna de alta qualidade com esfor\u00e7o f\u00edsico m\u00ednimo. O longo ritual do final de semana ganha um aliado extremamente pr\u00e1tico para os dias \u00fateis corridos.<\/p>\n","protected":false},"excerpt":{"rendered":"<p>A vontade de assar carne em casa sem brasas esbarra no medo de comer um bife ressecado feito na grelha el\u00e9trica? Hoje, a tecnologia de calor infravermelho avan\u00e7ou de forma dr\u00e1stica e permite selar a prote\u00edna mantendo todo o suco natural em poucos minutos. Como os equipamentos modernos conseguem simular o calor do fogo? O [&hellip;]<\/p>\n","protected":false},"author":11,"featured_media":234339,"comment_status":"open","ping_status":"open","sticky":false,"template":"","format":"standard","meta":{"_yoast_wpseo_focuskw":"assar carne em casa sem brasas","_yoast_wpseo_title":"","_yoast_wpseo_metadesc":"O medo da fuma\u00e7a no apartamento afasta o corte premium do seu jantar? Avalie como a alta tecnologia t\u00e9rmica sela prote\u00ednas perfeitamente em poucos minutos.","jnews-multi-image_gallery":[],"jnews_single_post":{"format":"standard"},"jnews_primary_category":[],"jnews_social_meta":[],"jnews_override_counter":[],"footnotes":""},"categories":[143],"tags":[4467,8152,9708,2193],"class_list":["post-233814","post","type-post","status-publish","format-standard","has-post-thumbnail","hentry","category-casa-e-decoracao","tag-apartamento","tag-churrasco","tag-grelha","tag-praticidade"],"yoast_head":"<!-- This site is optimized with the Yoast SEO plugin v24.6 - https:\/\/yoast.com\/wordpress\/plugins\/seo\/ -->\n<title>A nova tend\u00eancia para assar carne em casa sem brasas nem espera longa: ajuda quem quer praticidade sem abrir m\u00e3o do sabor - Correio Braziliense - Radar<\/title>\n<meta name=\"description\" content=\"O medo da fuma\u00e7a no apartamento afasta o corte premium do seu jantar? Avalie como a alta tecnologia t\u00e9rmica sela prote\u00ednas perfeitamente em poucos minutos.\" \/>\n<meta name=\"robots\" content=\"index, follow, max-snippet:-1, max-image-preview:large, max-video-preview:-1\" \/>\n<link rel=\"canonical\" href=\"https:\/\/www.correiobraziliense.com.br\/cbradar\/a-nova-tendencia-para-assar-carne-em-casa-sem-brasas-nem-espera-longa-ajuda-quem-quer-praticidade-sem-abrir-mao-do-sabor\/\" \/>\n<meta property=\"og:locale\" content=\"pt_BR\" \/>\n<meta property=\"og:type\" content=\"article\" \/>\n<meta property=\"og:title\" content=\"A nova tend\u00eancia para assar carne em casa sem brasas nem espera longa: ajuda quem quer praticidade sem abrir m\u00e3o do sabor - Correio Braziliense - Radar\" \/>\n<meta property=\"og:description\" content=\"O medo da fuma\u00e7a no apartamento afasta o corte premium do seu jantar? Avalie como a alta tecnologia t\u00e9rmica sela prote\u00ednas perfeitamente em poucos minutos.\" \/>\n<meta property=\"og:url\" content=\"https:\/\/www.correiobraziliense.com.br\/cbradar\/a-nova-tendencia-para-assar-carne-em-casa-sem-brasas-nem-espera-longa-ajuda-quem-quer-praticidade-sem-abrir-mao-do-sabor\/\" \/>\n<meta property=\"og:site_name\" content=\"Correio Braziliense - Radar\" \/>\n<meta property=\"article:published_time\" content=\"2026-04-30T16:25:00+00:00\" \/>\n<meta property=\"og:image\" content=\"https:\/\/www.correiobraziliense.com.br\/cbradar\/wp-content\/uploads\/2026\/04\/Prato_com_carne_assada_mesa_202604291456.jpg\" \/>\n\t<meta property=\"og:image:width\" content=\"1280\" \/>\n\t<meta property=\"og:image:height\" content=\"720\" \/>\n\t<meta property=\"og:image:type\" content=\"image\/jpeg\" \/>\n<meta name=\"author\" content=\"Paulo Custodio\" \/>\n<meta name=\"twitter:card\" content=\"summary_large_image\" \/>\n<meta name=\"twitter:label1\" content=\"Escrito por\" \/>\n\t<meta name=\"twitter:data1\" content=\"Paulo Custodio\" \/>\n\t<meta name=\"twitter:label2\" content=\"Est. tempo de leitura\" \/>\n\t<meta name=\"twitter:data2\" content=\"5 minutos\" \/>\n<!-- \/ Yoast SEO plugin. -->","yoast_head_json":{"title":"A nova tend\u00eancia para assar carne em casa sem brasas nem espera longa: ajuda quem quer praticidade sem abrir m\u00e3o do sabor - Correio Braziliense - Radar","description":"O medo da fuma\u00e7a no apartamento afasta o corte premium do seu jantar? Avalie como a alta tecnologia t\u00e9rmica sela prote\u00ednas perfeitamente em poucos minutos.","robots":{"index":"index","follow":"follow","max-snippet":"max-snippet:-1","max-image-preview":"max-image-preview:large","max-video-preview":"max-video-preview:-1"},"canonical":"https:\/\/www.correiobraziliense.com.br\/cbradar\/a-nova-tendencia-para-assar-carne-em-casa-sem-brasas-nem-espera-longa-ajuda-quem-quer-praticidade-sem-abrir-mao-do-sabor\/","og_locale":"pt_BR","og_type":"article","og_title":"A nova tend\u00eancia para assar carne em casa sem brasas nem espera longa: ajuda quem quer praticidade sem abrir m\u00e3o do sabor - Correio Braziliense - Radar","og_description":"O medo da fuma\u00e7a no apartamento afasta o corte premium do seu jantar? Avalie como a alta tecnologia t\u00e9rmica sela prote\u00ednas perfeitamente em poucos minutos.","og_url":"https:\/\/www.correiobraziliense.com.br\/cbradar\/a-nova-tendencia-para-assar-carne-em-casa-sem-brasas-nem-espera-longa-ajuda-quem-quer-praticidade-sem-abrir-mao-do-sabor\/","og_site_name":"Correio Braziliense - Radar","article_published_time":"2026-04-30T16:25:00+00:00","og_image":[{"width":1280,"height":720,"url":"https:\/\/www.correiobraziliense.com.br\/cbradar\/wp-content\/uploads\/2026\/04\/Prato_com_carne_assada_mesa_202604291456.jpg","type":"image\/jpeg"}],"author":"Paulo Custodio","twitter_card":"summary_large_image","twitter_misc":{"Escrito por":"Paulo Custodio","Est. tempo de leitura":"5 minutos"},"schema":{"@context":"https:\/\/schema.org","@graph":[{"@type":"WebPage","@id":"https:\/\/www.correiobraziliense.com.br\/cbradar\/a-nova-tendencia-para-assar-carne-em-casa-sem-brasas-nem-espera-longa-ajuda-quem-quer-praticidade-sem-abrir-mao-do-sabor\/","url":"https:\/\/www.correiobraziliense.com.br\/cbradar\/a-nova-tendencia-para-assar-carne-em-casa-sem-brasas-nem-espera-longa-ajuda-quem-quer-praticidade-sem-abrir-mao-do-sabor\/","name":"A nova tend\u00eancia para assar carne em casa sem brasas nem espera longa: ajuda quem quer praticidade sem abrir m\u00e3o do sabor - Correio Braziliense - Radar","isPartOf":{"@id":"https:\/\/www.correiobraziliense.com.br\/cbradar\/#website"},"primaryImageOfPage":{"@id":"https:\/\/www.correiobraziliense.com.br\/cbradar\/a-nova-tendencia-para-assar-carne-em-casa-sem-brasas-nem-espera-longa-ajuda-quem-quer-praticidade-sem-abrir-mao-do-sabor\/#primaryimage"},"image":{"@id":"https:\/\/www.correiobraziliense.com.br\/cbradar\/a-nova-tendencia-para-assar-carne-em-casa-sem-brasas-nem-espera-longa-ajuda-quem-quer-praticidade-sem-abrir-mao-do-sabor\/#primaryimage"},"thumbnailUrl":"https:\/\/www.correiobraziliense.com.br\/cbradar\/wp-content\/uploads\/2026\/04\/Prato_com_carne_assada_mesa_202604291456.jpg","datePublished":"2026-04-30T16:25:00+00:00","author":{"@id":"https:\/\/www.correiobraziliense.com.br\/cbradar\/#\/schema\/person\/4cec7857301a9a1a2ef249893cd908d3"},"description":"O medo da fuma\u00e7a no apartamento afasta o corte premium do seu jantar? Avalie como a alta tecnologia t\u00e9rmica sela prote\u00ednas perfeitamente em poucos minutos.","breadcrumb":{"@id":"https:\/\/www.correiobraziliense.com.br\/cbradar\/a-nova-tendencia-para-assar-carne-em-casa-sem-brasas-nem-espera-longa-ajuda-quem-quer-praticidade-sem-abrir-mao-do-sabor\/#breadcrumb"},"inLanguage":"pt-BR","potentialAction":[{"@type":"ReadAction","target":["https:\/\/www.correiobraziliense.com.br\/cbradar\/a-nova-tendencia-para-assar-carne-em-casa-sem-brasas-nem-espera-longa-ajuda-quem-quer-praticidade-sem-abrir-mao-do-sabor\/"]}]},{"@type":"ImageObject","inLanguage":"pt-BR","@id":"https:\/\/www.correiobraziliense.com.br\/cbradar\/a-nova-tendencia-para-assar-carne-em-casa-sem-brasas-nem-espera-longa-ajuda-quem-quer-praticidade-sem-abrir-mao-do-sabor\/#primaryimage","url":"https:\/\/www.correiobraziliense.com.br\/cbradar\/wp-content\/uploads\/2026\/04\/Prato_com_carne_assada_mesa_202604291456.jpg","contentUrl":"https:\/\/www.correiobraziliense.com.br\/cbradar\/wp-content\/uploads\/2026\/04\/Prato_com_carne_assada_mesa_202604291456.jpg","width":1280,"height":720,"caption":"Assar carne \u00e9 mais f\u00e1cil com esta nova tend\u00eancia"},{"@type":"BreadcrumbList","@id":"https:\/\/www.correiobraziliense.com.br\/cbradar\/a-nova-tendencia-para-assar-carne-em-casa-sem-brasas-nem-espera-longa-ajuda-quem-quer-praticidade-sem-abrir-mao-do-sabor\/#breadcrumb","itemListElement":[{"@type":"ListItem","position":1,"name":"In\u00edcio","item":"https:\/\/www.correiobraziliense.com.br\/cbradar\/"},{"@type":"ListItem","position":2,"name":"A nova tend\u00eancia para assar carne em casa sem brasas nem espera longa: ajuda quem quer praticidade sem abrir m\u00e3o do sabor"}]},{"@type":"WebSite","@id":"https:\/\/www.correiobraziliense.com.br\/cbradar\/#website","url":"https:\/\/www.correiobraziliense.com.br\/cbradar\/","name":"Correio Braziliense - Radar","description":"Acompanhe as \u00faltimas not\u00edcias e fique bem informado sobre tudo o que acontece no Brasil e no mundo.","potentialAction":[{"@type":"SearchAction","target":{"@type":"EntryPoint","urlTemplate":"https:\/\/www.correiobraziliense.com.br\/cbradar\/?s={search_term_string}"},"query-input":{"@type":"PropertyValueSpecification","valueRequired":true,"valueName":"search_term_string"}}],"inLanguage":"pt-BR"},{"@type":"Person","@id":"https:\/\/www.correiobraziliense.com.br\/cbradar\/#\/schema\/person\/4cec7857301a9a1a2ef249893cd908d3","name":"Paulo Custodio","image":{"@type":"ImageObject","inLanguage":"pt-BR","@id":"https:\/\/www.correiobraziliense.com.br\/cbradar\/#\/schema\/person\/image\/","url":"https:\/\/secure.gravatar.com\/avatar\/bcd67168d1534e8fcf4f45c726a87cea?s=96&d=mm&r=g","contentUrl":"https:\/\/secure.gravatar.com\/avatar\/bcd67168d1534e8fcf4f45c726a87cea?s=96&d=mm&r=g","caption":"Paulo Custodio"},"sameAs":["https:\/\/www.correiobraziliense.com.br\/cbradar"],"url":"https:\/\/www.correiobraziliense.com.br\/cbradar\/author\/paulomyth\/"}]}},"_links":{"self":[{"href":"https:\/\/www.correiobraziliense.com.br\/cbradar\/wp-json\/wp\/v2\/posts\/233814","targetHints":{"allow":["GET"]}}],"collection":[{"href":"https:\/\/www.correiobraziliense.com.br\/cbradar\/wp-json\/wp\/v2\/posts"}],"about":[{"href":"https:\/\/www.correiobraziliense.com.br\/cbradar\/wp-json\/wp\/v2\/types\/post"}],"author":[{"embeddable":true,"href":"https:\/\/www.correiobraziliense.com.br\/cbradar\/wp-json\/wp\/v2\/users\/11"}],"replies":[{"embeddable":true,"href":"https:\/\/www.correiobraziliense.com.br\/cbradar\/wp-json\/wp\/v2\/comments?post=233814"}],"version-history":[{"count":1,"href":"https:\/\/www.correiobraziliense.com.br\/cbradar\/wp-json\/wp\/v2\/posts\/233814\/revisions"}],"predecessor-version":[{"id":233817,"href":"https:\/\/www.correiobraziliense.com.br\/cbradar\/wp-json\/wp\/v2\/posts\/233814\/revisions\/233817"}],"wp:featuredmedia":[{"embeddable":true,"href":"https:\/\/www.correiobraziliense.com.br\/cbradar\/wp-json\/wp\/v2\/media\/234339"}],"wp:attachment":[{"href":"https:\/\/www.correiobraziliense.com.br\/cbradar\/wp-json\/wp\/v2\/media?parent=233814"}],"wp:term":[{"taxonomy":"category","embeddable":true,"href":"https:\/\/www.correiobraziliense.com.br\/cbradar\/wp-json\/wp\/v2\/categories?post=233814"},{"taxonomy":"post_tag","embeddable":true,"href":"https:\/\/www.correiobraziliense.com.br\/cbradar\/wp-json\/wp\/v2\/tags?post=233814"}],"curies":[{"name":"wp","href":"https:\/\/api.w.org\/{rel}","templated":true}]}}