{"id":233818,"date":"2026-04-30T16:55:00","date_gmt":"2026-04-30T19:55:00","guid":{"rendered":"https:\/\/www.correiobraziliense.com.br\/cbradar\/?p=233818"},"modified":"2026-04-29T14:57:57","modified_gmt":"2026-04-29T17:57:57","slug":"adeus-aos-muros-pesados-a-solucao-com-vidro-canelado-e-estrutura-metalica-que-deixa-a-fachada-mais-leve-e-elegante","status":"publish","type":"post","link":"https:\/\/www.correiobraziliense.com.br\/cbradar\/adeus-aos-muros-pesados-a-solucao-com-vidro-canelado-e-estrutura-metalica-que-deixa-a-fachada-mais-leve-e-elegante\/","title":{"rendered":"Adeus aos muros pesados: a solu\u00e7\u00e3o com vidro canelado e estrutura met\u00e1lica que deixa a fachada mais leve e elegante"},"content":{"rendered":"\n<p>Por que projetos residenciais est\u00e3o trocando paredes maci\u00e7as por pain\u00e9is de <strong>vidro canelado<\/strong> com estrutura met\u00e1lica? A resposta est\u00e1 na combina\u00e7\u00e3o certa entre leveza visual, privacidade e um toque contempor\u00e2neo que transforma qualquer fachada em um elemento marcante da casa, sem bloquear a entrada de luz natural.<\/p>\n\n\n\n<h2 class=\"wp-block-heading\">O que torna o vidro canelado uma solu\u00e7\u00e3o mais leve e elegante?<\/h2>\n\n\n\n<p>O vidro canelado \u00e9 um vidro texturizado com ranhuras verticais que criam um efeito ondulado. Essa textura, tamb\u00e9m conhecida como <strong>fluted glass<\/strong>, difunde a luz e suaviza as formas externas, gerando uma apar\u00eancia sofisticada e contempor\u00e2nea.<\/p>\n\n\n\n<p>Visualmente, ele &#8220;quebra&#8221; a rigidez de uma parede comum. A sensa\u00e7\u00e3o de peso some. A fachada ganha movimento, profundidade e um ar de requinte que remete tanto ao estilo <strong>modernista<\/strong> quanto ao <strong>cl\u00e1ssico<\/strong>, adaptando-se a diferentes propostas arquitet\u00f4nicas.<\/p>\n\n\n<div class=\"wp-block-image\">\n<figure class=\"aligncenter size-full\"><img decoding=\"async\" width=\"1280\" height=\"720\" src=\"https:\/\/www.correiobraziliense.com.br\/cbradar\/wp-content\/uploads\/2026\/04\/IMAGEM_720p_1777409033537.jpg\" alt=\"A tend\u00eancia do uso de vidro canelado com estrutura met\u00e1lica em fachadas\" class=\"wp-image-233819\" srcset=\"https:\/\/www.correiobraziliense.com.br\/cbradar\/wp-content\/uploads\/2026\/04\/IMAGEM_720p_1777409033537.jpg 1280w, https:\/\/www.correiobraziliense.com.br\/cbradar\/wp-content\/uploads\/2026\/04\/IMAGEM_720p_1777409033537-300x169.jpg 300w, https:\/\/www.correiobraziliense.com.br\/cbradar\/wp-content\/uploads\/2026\/04\/IMAGEM_720p_1777409033537-768x432.jpg 768w, https:\/\/www.correiobraziliense.com.br\/cbradar\/wp-content\/uploads\/2026\/04\/IMAGEM_720p_1777409033537-750x422.jpg 750w, https:\/\/www.correiobraziliense.com.br\/cbradar\/wp-content\/uploads\/2026\/04\/IMAGEM_720p_1777409033537-1140x641.jpg 1140w\" sizes=\"(max-width: 1280px) 100vw, 1280px\" \/><figcaption class=\"wp-element-caption\">A tend\u00eancia do uso de vidro canelado com estrutura met\u00e1lica em fachadas<\/figcaption><\/figure><\/div>\n\n\n<h2 class=\"wp-block-heading\">Por que a estrutura met\u00e1lica \u00e9 essencial para fachadas modernas?<\/h2>\n\n\n\n<p>A estrutura met\u00e1lica \u00e9 a parceira ideal do vidro canelado. Ela permite criar grandes panos de vidro com perfis finos, ampliando a sensa\u00e7\u00e3o de transpar\u00eancia e integrando o interior com o exterior. O metal confere rigidez estrutural sem pesar.<\/p>\n\n\n\n<p>A estrutura met\u00e1lica recuada e os pain\u00e9is de vidro curvo eliminaram a necessidade de montantes verticais, gerando uma fachada praticamente sem interrup\u00e7\u00f5es visuais.<\/p>\n\n\n\n<h2 class=\"wp-block-heading\">Como o vidro canelado mant\u00e9m a privacidade sem bloquear a luz?<\/h2>\n\n\n\n<p>A m\u00e1gica acontece gra\u00e7as \u00e0s ranhuras verticais, que distorcem a imagem de quem est\u00e1 do lado de fora. Isso garante <strong>privacidade<\/strong> sem perder a luminosidade natural, uma vantagem e tanto para varandas, salas e at\u00e9 dormit\u00f3rios com face para a rua.<\/p>\n\n\n\n<p>Al\u00e9m de filtrar o olhar externo, o vidro canelado contribui para o <strong>controle ac\u00fastico<\/strong> quando usado em vers\u00f5es laminadas. \u00c9 uma escolha inteligente para quem quer unir est\u00e9tica, conforto e funcionalidade num \u00fanico material de fechamento.<\/p>\n\n\n\n<p>Leia tamb\u00e9m: <a href=\"https:\/\/www.correiobraziliense.com.br\/cbradar\/a-psicologia-aponta-que-adultos-que-evitam-conflitos-nao-sao-mais-maduros-mas-aprenderam-na-infancia-que-expressar-emocoes-gerava-punicao\/\" target=\"_blank\" rel=\"noreferrer noopener\">A psicologia aponta que adultos que evitam conflitos n\u00e3o s\u00e3o mais maduros, mas aprenderam na inf\u00e2ncia que expressar emo\u00e7\u00f5es gerava puni\u00e7\u00e3o<\/a><\/p>\n\n\n\n<h2 class=\"wp-block-heading\">Quais os principais cuidados ao instalar vidro canelado na fachada?<\/h2>\n\n\n\n<p>Antes de tudo, \u00e9 fundamental escolher vidros <strong>temperados<\/strong> ou <strong>laminados<\/strong> para garantir seguran\u00e7a e resist\u00eancia mec\u00e2nica. O vidro canelado comum, de 4 mm, \u00e9 fr\u00e1gil demais para fachadas. A t\u00eampera ou lamina\u00e7\u00e3o evita acidentes e atende \u00e0s normas t\u00e9cnicas.<\/p>\n\n\n\n<p>A fixa\u00e7\u00e3o tamb\u00e9m merece aten\u00e7\u00e3o. A estrutura met\u00e1lica deve ser dimensionada por um profissional para suportar o peso dos pain\u00e9is e a a\u00e7\u00e3o do vento. Um projeto bem detalhado evita infiltra\u00e7\u00f5es, trincas e futuras dores de cabe\u00e7a.<\/p>\n\n\n\n<p>Confira as etapas essenciais de um projeto seguro:<\/p>\n\n\n\n<ul class=\"wp-block-list\">\n<li><strong>Escolher vidro temperado ou laminado<\/strong> de espessura compat\u00edvel com o v\u00e3o.<\/li>\n\n\n\n<li><strong>Dimensionar a estrutura met\u00e1lica<\/strong> com aux\u00edlio de engenheiro ou arquiteto.<\/li>\n\n\n\n<li><strong>Prever juntas de dilata\u00e7\u00e3o e veda\u00e7\u00e3o<\/strong> para evitar trincas e infiltra\u00e7\u00f5es.<\/li>\n\n\n\n<li><strong>Contratar instaladores especializados<\/strong> para garantir o encaixe perfeito das pe\u00e7as.<\/li>\n<\/ul>\n\n\n<div class=\"wp-block-image\">\n<figure class=\"aligncenter size-full\"><img decoding=\"async\" width=\"1280\" height=\"720\" src=\"https:\/\/www.correiobraziliense.com.br\/cbradar\/wp-content\/uploads\/2026\/04\/IMAGEM_720p_1777409031812.jpg\" alt=\"A tend\u00eancia do uso de vidro canelado com estrutura met\u00e1lica em fachadas\" class=\"wp-image-233820\" srcset=\"https:\/\/www.correiobraziliense.com.br\/cbradar\/wp-content\/uploads\/2026\/04\/IMAGEM_720p_1777409031812.jpg 1280w, https:\/\/www.correiobraziliense.com.br\/cbradar\/wp-content\/uploads\/2026\/04\/IMAGEM_720p_1777409031812-300x169.jpg 300w, https:\/\/www.correiobraziliense.com.br\/cbradar\/wp-content\/uploads\/2026\/04\/IMAGEM_720p_1777409031812-768x432.jpg 768w, https:\/\/www.correiobraziliense.com.br\/cbradar\/wp-content\/uploads\/2026\/04\/IMAGEM_720p_1777409031812-750x422.jpg 750w, https:\/\/www.correiobraziliense.com.br\/cbradar\/wp-content\/uploads\/2026\/04\/IMAGEM_720p_1777409031812-1140x641.jpg 1140w\" sizes=\"(max-width: 1280px) 100vw, 1280px\" \/><figcaption class=\"wp-element-caption\">A tend\u00eancia do uso de vidro canelado com estrutura met\u00e1lica em fachadas<\/figcaption><\/figure><\/div>\n\n\n<h2 class=\"wp-block-heading\">Vale a pena investir na combina\u00e7\u00e3o de vidro canelado e estrutura met\u00e1lica?<\/h2>\n\n\n\n<p>Se a ideia \u00e9 abandonar a apar\u00eancia de muro pesado e ganhar uma fachada arejada e elegante, a resposta \u00e9 sim. O investimento inicial costuma ser maior que o de uma alvenaria comum, mas o resultado visual e a valoriza\u00e7\u00e3o do im\u00f3vel compensam cada centavo.<\/p>\n\n\n\n<p>A dupla vidro canelado e estrutura met\u00e1lica oferece o melhor dos dois mundos: a poesia da luz filtrada pelas ranhuras e a firmeza do metal que sustenta o conjunto. \u00c9 uma tend\u00eancia que veio para ficar, unindo personalidade e praticidade em cada fachada.<\/p>\n","protected":false},"excerpt":{"rendered":"<p>Por que projetos residenciais est\u00e3o trocando paredes maci\u00e7as por pain\u00e9is de vidro canelado com estrutura met\u00e1lica? A resposta est\u00e1 na combina\u00e7\u00e3o certa entre leveza visual, privacidade e um toque contempor\u00e2neo que transforma qualquer fachada em um elemento marcante da casa, sem bloquear a entrada de luz natural. O que torna o vidro canelado uma solu\u00e7\u00e3o [&hellip;]<\/p>\n","protected":false},"author":11,"featured_media":234338,"comment_status":"open","ping_status":"open","sticky":false,"template":"","format":"standard","meta":{"_yoast_wpseo_focuskw":"vidro canelado estrutura met\u00e1lica fachada","_yoast_wpseo_title":"","_yoast_wpseo_metadesc":"J\u00e1 pensou em ter uma fachada que filtra a luz, garante privacidade e ainda deixa a casa com um visual leve e sofisticado?","jnews-multi-image_gallery":[],"jnews_single_post":{"format":"standard"},"jnews_primary_category":[],"jnews_social_meta":[],"jnews_override_counter":[],"footnotes":""},"categories":[143],"tags":[15047,18336,18337,18335],"class_list":["post-233818","post","type-post","status-publish","format-standard","has-post-thumbnail","hentry","category-casa-e-decoracao","tag-elegancia","tag-estrutura-metalica","tag-fachada-leve","tag-vidro-canelado"],"yoast_head":"<!-- This site is optimized with the Yoast SEO plugin v24.6 - https:\/\/yoast.com\/wordpress\/plugins\/seo\/ -->\n<title>Adeus aos muros pesados: a solu\u00e7\u00e3o com vidro canelado e estrutura met\u00e1lica que deixa a fachada mais leve e elegante - Correio Braziliense - Radar<\/title>\n<meta name=\"description\" content=\"J\u00e1 pensou em ter uma fachada que filtra a luz, garante privacidade e ainda deixa a casa com um visual leve e sofisticado?\" \/>\n<meta name=\"robots\" content=\"index, follow, max-snippet:-1, max-image-preview:large, max-video-preview:-1\" \/>\n<link rel=\"canonical\" href=\"https:\/\/www.correiobraziliense.com.br\/cbradar\/adeus-aos-muros-pesados-a-solucao-com-vidro-canelado-e-estrutura-metalica-que-deixa-a-fachada-mais-leve-e-elegante\/\" \/>\n<meta property=\"og:locale\" content=\"pt_BR\" \/>\n<meta property=\"og:type\" content=\"article\" \/>\n<meta property=\"og:title\" content=\"Adeus aos muros pesados: a solu\u00e7\u00e3o com vidro canelado e estrutura met\u00e1lica que deixa a fachada mais leve e elegante - Correio Braziliense - Radar\" \/>\n<meta property=\"og:description\" content=\"J\u00e1 pensou em ter uma fachada que filtra a luz, garante privacidade e ainda deixa a casa com um visual leve e sofisticado?\" \/>\n<meta property=\"og:url\" content=\"https:\/\/www.correiobraziliense.com.br\/cbradar\/adeus-aos-muros-pesados-a-solucao-com-vidro-canelado-e-estrutura-metalica-que-deixa-a-fachada-mais-leve-e-elegante\/\" \/>\n<meta property=\"og:site_name\" content=\"Correio Braziliense - Radar\" \/>\n<meta property=\"article:published_time\" content=\"2026-04-30T19:55:00+00:00\" \/>\n<meta property=\"og:image\" content=\"https:\/\/www.correiobraziliense.com.br\/cbradar\/wp-content\/uploads\/2026\/04\/Casa_com_muro_vidro_202604291456.jpg\" \/>\n\t<meta property=\"og:image:width\" content=\"1280\" \/>\n\t<meta property=\"og:image:height\" content=\"720\" \/>\n\t<meta property=\"og:image:type\" content=\"image\/jpeg\" \/>\n<meta name=\"author\" content=\"Paulo Custodio\" \/>\n<meta name=\"twitter:card\" content=\"summary_large_image\" \/>\n<meta name=\"twitter:label1\" content=\"Escrito por\" \/>\n\t<meta name=\"twitter:data1\" content=\"Paulo Custodio\" \/>\n\t<meta name=\"twitter:label2\" content=\"Est. tempo de leitura\" \/>\n\t<meta name=\"twitter:data2\" content=\"4 minutos\" \/>\n<!-- \/ Yoast SEO plugin. -->","yoast_head_json":{"title":"Adeus aos muros pesados: a solu\u00e7\u00e3o com vidro canelado e estrutura met\u00e1lica que deixa a fachada mais leve e elegante - Correio Braziliense - Radar","description":"J\u00e1 pensou em ter uma fachada que filtra a luz, garante privacidade e ainda deixa a casa com um visual leve e sofisticado?","robots":{"index":"index","follow":"follow","max-snippet":"max-snippet:-1","max-image-preview":"max-image-preview:large","max-video-preview":"max-video-preview:-1"},"canonical":"https:\/\/www.correiobraziliense.com.br\/cbradar\/adeus-aos-muros-pesados-a-solucao-com-vidro-canelado-e-estrutura-metalica-que-deixa-a-fachada-mais-leve-e-elegante\/","og_locale":"pt_BR","og_type":"article","og_title":"Adeus aos muros pesados: a solu\u00e7\u00e3o com vidro canelado e estrutura met\u00e1lica que deixa a fachada mais leve e elegante - Correio Braziliense - Radar","og_description":"J\u00e1 pensou em ter uma fachada que filtra a luz, garante privacidade e ainda deixa a casa com um visual leve e sofisticado?","og_url":"https:\/\/www.correiobraziliense.com.br\/cbradar\/adeus-aos-muros-pesados-a-solucao-com-vidro-canelado-e-estrutura-metalica-que-deixa-a-fachada-mais-leve-e-elegante\/","og_site_name":"Correio Braziliense - Radar","article_published_time":"2026-04-30T19:55:00+00:00","og_image":[{"width":1280,"height":720,"url":"https:\/\/www.correiobraziliense.com.br\/cbradar\/wp-content\/uploads\/2026\/04\/Casa_com_muro_vidro_202604291456.jpg","type":"image\/jpeg"}],"author":"Paulo Custodio","twitter_card":"summary_large_image","twitter_misc":{"Escrito por":"Paulo Custodio","Est. tempo de leitura":"4 minutos"},"schema":{"@context":"https:\/\/schema.org","@graph":[{"@type":"WebPage","@id":"https:\/\/www.correiobraziliense.com.br\/cbradar\/adeus-aos-muros-pesados-a-solucao-com-vidro-canelado-e-estrutura-metalica-que-deixa-a-fachada-mais-leve-e-elegante\/","url":"https:\/\/www.correiobraziliense.com.br\/cbradar\/adeus-aos-muros-pesados-a-solucao-com-vidro-canelado-e-estrutura-metalica-que-deixa-a-fachada-mais-leve-e-elegante\/","name":"Adeus aos muros pesados: a solu\u00e7\u00e3o com vidro canelado e estrutura met\u00e1lica que deixa a fachada mais leve e elegante - Correio Braziliense - Radar","isPartOf":{"@id":"https:\/\/www.correiobraziliense.com.br\/cbradar\/#website"},"primaryImageOfPage":{"@id":"https:\/\/www.correiobraziliense.com.br\/cbradar\/adeus-aos-muros-pesados-a-solucao-com-vidro-canelado-e-estrutura-metalica-que-deixa-a-fachada-mais-leve-e-elegante\/#primaryimage"},"image":{"@id":"https:\/\/www.correiobraziliense.com.br\/cbradar\/adeus-aos-muros-pesados-a-solucao-com-vidro-canelado-e-estrutura-metalica-que-deixa-a-fachada-mais-leve-e-elegante\/#primaryimage"},"thumbnailUrl":"https:\/\/www.correiobraziliense.com.br\/cbradar\/wp-content\/uploads\/2026\/04\/Casa_com_muro_vidro_202604291456.jpg","datePublished":"2026-04-30T19:55:00+00:00","author":{"@id":"https:\/\/www.correiobraziliense.com.br\/cbradar\/#\/schema\/person\/4cec7857301a9a1a2ef249893cd908d3"},"description":"J\u00e1 pensou em ter uma fachada que filtra a luz, garante privacidade e ainda deixa a casa com um visual leve e sofisticado?","breadcrumb":{"@id":"https:\/\/www.correiobraziliense.com.br\/cbradar\/adeus-aos-muros-pesados-a-solucao-com-vidro-canelado-e-estrutura-metalica-que-deixa-a-fachada-mais-leve-e-elegante\/#breadcrumb"},"inLanguage":"pt-BR","potentialAction":[{"@type":"ReadAction","target":["https:\/\/www.correiobraziliense.com.br\/cbradar\/adeus-aos-muros-pesados-a-solucao-com-vidro-canelado-e-estrutura-metalica-que-deixa-a-fachada-mais-leve-e-elegante\/"]}]},{"@type":"ImageObject","inLanguage":"pt-BR","@id":"https:\/\/www.correiobraziliense.com.br\/cbradar\/adeus-aos-muros-pesados-a-solucao-com-vidro-canelado-e-estrutura-metalica-que-deixa-a-fachada-mais-leve-e-elegante\/#primaryimage","url":"https:\/\/www.correiobraziliense.com.br\/cbradar\/wp-content\/uploads\/2026\/04\/Casa_com_muro_vidro_202604291456.jpg","contentUrl":"https:\/\/www.correiobraziliense.com.br\/cbradar\/wp-content\/uploads\/2026\/04\/Casa_com_muro_vidro_202604291456.jpg","width":1280,"height":720,"caption":"O vidro canelado permite luz sem exposi\u00e7\u00e3o total"},{"@type":"BreadcrumbList","@id":"https:\/\/www.correiobraziliense.com.br\/cbradar\/adeus-aos-muros-pesados-a-solucao-com-vidro-canelado-e-estrutura-metalica-que-deixa-a-fachada-mais-leve-e-elegante\/#breadcrumb","itemListElement":[{"@type":"ListItem","position":1,"name":"In\u00edcio","item":"https:\/\/www.correiobraziliense.com.br\/cbradar\/"},{"@type":"ListItem","position":2,"name":"Adeus aos muros pesados: a solu\u00e7\u00e3o com vidro canelado e estrutura met\u00e1lica que deixa a fachada mais leve e elegante"}]},{"@type":"WebSite","@id":"https:\/\/www.correiobraziliense.com.br\/cbradar\/#website","url":"https:\/\/www.correiobraziliense.com.br\/cbradar\/","name":"Correio Braziliense - Radar","description":"Acompanhe as \u00faltimas not\u00edcias e fique bem informado sobre tudo o que acontece no Brasil e no mundo.","potentialAction":[{"@type":"SearchAction","target":{"@type":"EntryPoint","urlTemplate":"https:\/\/www.correiobraziliense.com.br\/cbradar\/?s={search_term_string}"},"query-input":{"@type":"PropertyValueSpecification","valueRequired":true,"valueName":"search_term_string"}}],"inLanguage":"pt-BR"},{"@type":"Person","@id":"https:\/\/www.correiobraziliense.com.br\/cbradar\/#\/schema\/person\/4cec7857301a9a1a2ef249893cd908d3","name":"Paulo Custodio","image":{"@type":"ImageObject","inLanguage":"pt-BR","@id":"https:\/\/www.correiobraziliense.com.br\/cbradar\/#\/schema\/person\/image\/","url":"https:\/\/secure.gravatar.com\/avatar\/bcd67168d1534e8fcf4f45c726a87cea?s=96&d=mm&r=g","contentUrl":"https:\/\/secure.gravatar.com\/avatar\/bcd67168d1534e8fcf4f45c726a87cea?s=96&d=mm&r=g","caption":"Paulo Custodio"},"sameAs":["https:\/\/www.correiobraziliense.com.br\/cbradar"],"url":"https:\/\/www.correiobraziliense.com.br\/cbradar\/author\/paulomyth\/"}]}},"_links":{"self":[{"href":"https:\/\/www.correiobraziliense.com.br\/cbradar\/wp-json\/wp\/v2\/posts\/233818","targetHints":{"allow":["GET"]}}],"collection":[{"href":"https:\/\/www.correiobraziliense.com.br\/cbradar\/wp-json\/wp\/v2\/posts"}],"about":[{"href":"https:\/\/www.correiobraziliense.com.br\/cbradar\/wp-json\/wp\/v2\/types\/post"}],"author":[{"embeddable":true,"href":"https:\/\/www.correiobraziliense.com.br\/cbradar\/wp-json\/wp\/v2\/users\/11"}],"replies":[{"embeddable":true,"href":"https:\/\/www.correiobraziliense.com.br\/cbradar\/wp-json\/wp\/v2\/comments?post=233818"}],"version-history":[{"count":1,"href":"https:\/\/www.correiobraziliense.com.br\/cbradar\/wp-json\/wp\/v2\/posts\/233818\/revisions"}],"predecessor-version":[{"id":233821,"href":"https:\/\/www.correiobraziliense.com.br\/cbradar\/wp-json\/wp\/v2\/posts\/233818\/revisions\/233821"}],"wp:featuredmedia":[{"embeddable":true,"href":"https:\/\/www.correiobraziliense.com.br\/cbradar\/wp-json\/wp\/v2\/media\/234338"}],"wp:attachment":[{"href":"https:\/\/www.correiobraziliense.com.br\/cbradar\/wp-json\/wp\/v2\/media?parent=233818"}],"wp:term":[{"taxonomy":"category","embeddable":true,"href":"https:\/\/www.correiobraziliense.com.br\/cbradar\/wp-json\/wp\/v2\/categories?post=233818"},{"taxonomy":"post_tag","embeddable":true,"href":"https:\/\/www.correiobraziliense.com.br\/cbradar\/wp-json\/wp\/v2\/tags?post=233818"}],"curies":[{"name":"wp","href":"https:\/\/api.w.org\/{rel}","templated":true}]}}