{"id":233822,"date":"2026-04-30T20:55:00","date_gmt":"2026-04-30T23:55:00","guid":{"rendered":"https:\/\/www.correiobraziliense.com.br\/cbradar\/?p=233822"},"modified":"2026-04-29T14:52:08","modified_gmt":"2026-04-29T17:52:08","slug":"adeus-aos-portoes-fechados-a-alternativa-com-ripado-metalico-e-vidro-de-seguranca-que-valoriza-a-entrada-da-casa","status":"publish","type":"post","link":"https:\/\/www.correiobraziliense.com.br\/cbradar\/adeus-aos-portoes-fechados-a-alternativa-com-ripado-metalico-e-vidro-de-seguranca-que-valoriza-a-entrada-da-casa\/","title":{"rendered":"Adeus aos port\u00f5es fechados: a alternativa com ripado met\u00e1lico e vidro de seguran\u00e7a que valoriza a entrada da casa"},"content":{"rendered":"\n<p>Ocultar a casa atr\u00e1s de um muro de concreto custa a beleza da sua obra? Substituir port\u00f5es comuns por um <strong>ripado met\u00e1lico e vidro<\/strong> revoluciona o visual externo. A passagem de luz natural e a vis\u00e3o estrat\u00e9gica valorizam o im\u00f3vel e bloqueiam invas\u00f5es com efici\u00eancia.<\/p>\n\n\n\n<h2 class=\"wp-block-heading\">Por que o design aberto domina os projetos residenciais atuais?<\/h2>\n\n\n\n<p>A transi\u00e7\u00e3o visual inovadora elimina a inc\u00f4moda sensa\u00e7\u00e3o claustrof\u00f3bica de fortaleza prisional nas cidades. O uso estrutural do alum\u00ednio pintado, perfeitamente alinhado a pain\u00e9is completamente transparentes, cria uma conex\u00e3o muito leve entre a rua movimentada e a \u00e1rea interna de lazer.<\/p>\n\n\n\n<p>Essa fluidez est\u00e9tica amplia a percep\u00e7\u00e3o do tamanho do terreno e destaca fortemente o paisagismo do jardim frontal. Especialistas em est\u00e9tica urbana recomendam fachadas vazadas justamente para promover a vigil\u00e2ncia passiva do bairro. A integra\u00e7\u00e3o visual natural desestimula a\u00e7\u00f5es furtivas e vandalismo.<\/p>\n\n\n<div class=\"wp-block-image\">\n<figure class=\"aligncenter size-full\"><img decoding=\"async\" width=\"1280\" height=\"720\" src=\"https:\/\/www.correiobraziliense.com.br\/cbradar\/wp-content\/uploads\/2026\/04\/IMAGEM_720p_1777409342181.jpg\" alt=\"Os benef\u00edcios est\u00e9ticos e a durabilidade dos port\u00f5es com ripado met\u00e1lico\" class=\"wp-image-233824\" srcset=\"https:\/\/www.correiobraziliense.com.br\/cbradar\/wp-content\/uploads\/2026\/04\/IMAGEM_720p_1777409342181.jpg 1280w, https:\/\/www.correiobraziliense.com.br\/cbradar\/wp-content\/uploads\/2026\/04\/IMAGEM_720p_1777409342181-300x169.jpg 300w, https:\/\/www.correiobraziliense.com.br\/cbradar\/wp-content\/uploads\/2026\/04\/IMAGEM_720p_1777409342181-768x432.jpg 768w, https:\/\/www.correiobraziliense.com.br\/cbradar\/wp-content\/uploads\/2026\/04\/IMAGEM_720p_1777409342181-750x422.jpg 750w, https:\/\/www.correiobraziliense.com.br\/cbradar\/wp-content\/uploads\/2026\/04\/IMAGEM_720p_1777409342181-1140x641.jpg 1140w\" sizes=\"(max-width: 1280px) 100vw, 1280px\" \/><figcaption class=\"wp-element-caption\">Os benef\u00edcios est\u00e9ticos e a durabilidade dos port\u00f5es com ripado met\u00e1lico<\/figcaption><\/figure><\/div>\n\n\n<h2 class=\"wp-block-heading\">Como essa estrutura garante a resist\u00eancia contra invas\u00f5es?<\/h2>\n\n\n\n<p>Muitas pessoas temem a fragilidade de materiais transl\u00facidos na fachada principal. A aplica\u00e7\u00e3o t\u00e9cnica de pain\u00e9is de <strong><a href=\"https:\/\/pt.wikipedia.org\/wiki\/Vidro_temperado\" target=\"_blank\" rel=\"noreferrer noopener\">vidro temperado<\/a><\/strong> ou laminado de alta espessura elimina totalmente qualquer risco de ruptura simples. O material moderno suporta pancadas diretas muito severas.<\/p>\n\n\n\n<p>As barras grossas de metal tubular formam uma grade robusta e absolutamente intranspon\u00edvel. A instala\u00e7\u00e3o de trancas magn\u00e9ticas ocultas e dobradi\u00e7as de a\u00e7o refor\u00e7adas torna o conjunto t\u00e3o impenetr\u00e1vel quanto um muro denso de alvenaria. A base f\u00edsica permanece totalmente r\u00edgida sob press\u00e3o.<\/p>\n\n\n\n<h2 class=\"wp-block-heading\">Quais s\u00e3o as vantagens diretas na ilumina\u00e7\u00e3o da propriedade?<\/h2>\n\n\n\n<p>A fachada fechada tradicional bloqueia o sol matinal e escurece a entrada principal de forma dr\u00e1stica. A combina\u00e7\u00e3o de l\u00e2minas met\u00e1licas levemente espa\u00e7adas permite que os raios solares quentes invadam a varanda durante todas as esta\u00e7\u00f5es do ano. Essa luz natural reduz a umidade agressiva.<\/p>\n\n\n\n<p>O clima arejado di\u00e1rio evita o ac\u00famulo de mofo perigoso nas paredes perto da garagem. A economia real na conta de energia el\u00e9trica reflete rapidamente no or\u00e7amento final do m\u00eas. Voc\u00ea deixa de acender luzes artificiais durante a tarde nas vastas \u00e1reas externas frontais.<\/p>\n\n\n\n<h2 class=\"wp-block-heading\">O que avaliar antes de instalar o sistema na sua casa?<\/h2>\n\n\n\n<p>O planejamento da transi\u00e7\u00e3o exige o apoio t\u00e9cnico de um serralheiro qualificado e um projeto arquitet\u00f4nico bem dimensionado. <\/p>\n\n\n\n<p>Avaliar minuciosamente as op\u00e7\u00f5es de acabamento dispon\u00edveis dita o sucesso est\u00e9tico e funcional da sua obra completa. Considere os seguintes pontos t\u00e9cnicos de seguran\u00e7a e rotina:<\/p>\n\n\n\n<ul class=\"wp-block-list\">\n<li><strong>N\u00edvel de opacidade:<\/strong> Pel\u00edculas foscas aplicadas dificultam a vis\u00e3o de pessoas curiosas na cal\u00e7ada sem impedir a passagem cont\u00ednua de sol.<\/li>\n\n\n\n<li><strong>Tratamento anticorrosivo:<\/strong> A pintura eletrost\u00e1tica protege o alum\u00ednio intensamente contra a agressiva chuva \u00e1cida urbana e a forte maresia.<\/li>\n\n\n\n<li><strong>Abertura dos v\u00e3os:<\/strong> Espa\u00e7os milim\u00e9tricos muito reduzidos entre as ripas verticais evitam totalmente a entrada de pequenos animais de rua.<\/li>\n<\/ul>\n\n\n\n<p>Leia tamb\u00e9m: <a href=\"https:\/\/www.correiobraziliense.com.br\/cbradar\/a-psicologia-aponta-que-adultos-que-evitam-conflitos-nao-sao-mais-maduros-mas-aprenderam-na-infancia-que-expressar-emocoes-gerava-punicao\/\" target=\"_blank\" rel=\"noreferrer noopener\">A psicologia aponta que adultos que evitam conflitos n\u00e3o s\u00e3o mais maduros, mas aprenderam na inf\u00e2ncia que expressar emo\u00e7\u00f5es gerava puni\u00e7\u00e3o<\/a><\/p>\n\n\n\n<h2 class=\"wp-block-heading\">Qual o impacto financeiro na valoriza\u00e7\u00e3o do seu im\u00f3vel?<\/h2>\n\n\n\n<p>Corretores experientes do exigente mercado imobili\u00e1rio relatam que a primeira impress\u00e3o visual altera drasticamente o valor comercial de uma resid\u00eancia. Fachadas atualizadas com materiais de alto padr\u00e3o transmitem uma sensa\u00e7\u00e3o imediata de profundo cuidado. O comprador sente seguran\u00e7a antes mesmo de entrar.<\/p>\n\n\n\n<p>O r\u00e1pido retorno financeiro sobre o investimento na troca da fachada chega a superar o valor inicial gasto na obra. A facilidade de venda aumenta de forma exponencial quando o visual externo agrada aos novos compradores. Essa pequena reforma pontual valoriza rapidamente qualquer patrim\u00f4nio estagnado.<\/p>\n\n\n<div class=\"wp-block-image\">\n<figure class=\"aligncenter size-full\"><img decoding=\"async\" width=\"1280\" height=\"720\" src=\"https:\/\/www.correiobraziliense.com.br\/cbradar\/wp-content\/uploads\/2026\/04\/IMAGEM_720p_1777409359441.jpg\" alt=\"Os benef\u00edcios est\u00e9ticos e a durabilidade dos port\u00f5es com ripado met\u00e1lico\" class=\"wp-image-233823\" srcset=\"https:\/\/www.correiobraziliense.com.br\/cbradar\/wp-content\/uploads\/2026\/04\/IMAGEM_720p_1777409359441.jpg 1280w, https:\/\/www.correiobraziliense.com.br\/cbradar\/wp-content\/uploads\/2026\/04\/IMAGEM_720p_1777409359441-300x169.jpg 300w, https:\/\/www.correiobraziliense.com.br\/cbradar\/wp-content\/uploads\/2026\/04\/IMAGEM_720p_1777409359441-768x432.jpg 768w, https:\/\/www.correiobraziliense.com.br\/cbradar\/wp-content\/uploads\/2026\/04\/IMAGEM_720p_1777409359441-750x422.jpg 750w, https:\/\/www.correiobraziliense.com.br\/cbradar\/wp-content\/uploads\/2026\/04\/IMAGEM_720p_1777409359441-1140x641.jpg 1140w\" sizes=\"(max-width: 1280px) 100vw, 1280px\" \/><figcaption class=\"wp-element-caption\">Os benef\u00edcios est\u00e9ticos e a durabilidade dos port\u00f5es com ripado met\u00e1lico<\/figcaption><\/figure><\/div>\n\n\n<h2 class=\"wp-block-heading\">A manuten\u00e7\u00e3o mensal do equipamento pesa no or\u00e7amento dom\u00e9stico?<\/h2>\n\n\n\n<p>O mito do pesado trabalho de limpeza excessivo assusta muitos compradores mal informados sobre a tecnologia atual. O metal de boa proced\u00eancia necessita apenas de uma lavagem b\u00e1sica com \u00e1gua comum e sab\u00e3o neutro duas vezes por semestre. A superf\u00edcie lisa impede ac\u00famulo constante de poeira.<\/p>\n\n\n\n<p>O material aplicado jamais exige lixamento anual exaustivo ou repintura pesada frequente como a madeira pura. A higieniza\u00e7\u00e3o das longas faces transl\u00facidas segue exatamente a mesma rotina r\u00e1pida de uma janela residencial comum. O im\u00f3vel ganha uma moderniza\u00e7\u00e3o requintada de maneira muito pr\u00e1tica e eficiente.<\/p>\n","protected":false},"excerpt":{"rendered":"<p>Ocultar a casa atr\u00e1s de um muro de concreto custa a beleza da sua obra? Substituir port\u00f5es comuns por um ripado met\u00e1lico e vidro revoluciona o visual externo. A passagem de luz natural e a vis\u00e3o estrat\u00e9gica valorizam o im\u00f3vel e bloqueiam invas\u00f5es com efici\u00eancia. Por que o design aberto domina os projetos residenciais atuais? [&hellip;]<\/p>\n","protected":false},"author":11,"featured_media":234335,"comment_status":"open","ping_status":"open","sticky":false,"template":"","format":"standard","meta":{"_yoast_wpseo_focuskw":"ripado met\u00e1lico e vidro","_yoast_wpseo_title":"","_yoast_wpseo_metadesc":"A fachada opaca esconde a beleza do seu projeto residencial. Avalie como a uni\u00e3o do metal com a transpar\u00eancia une design sofisticado e prote\u00e7\u00e3o total.","jnews-multi-image_gallery":[],"jnews_single_post":{"format":"standard"},"jnews_primary_category":[],"jnews_social_meta":[],"jnews_override_counter":[],"footnotes":""},"categories":[143],"tags":[549,6314,18338,467],"class_list":["post-233822","post","type-post","status-publish","format-standard","has-post-thumbnail","hentry","category-casa-e-decoracao","tag-arquitetura","tag-design","tag-fachadas","tag-seguranca"],"yoast_head":"<!-- This site is optimized with the Yoast SEO plugin v24.6 - https:\/\/yoast.com\/wordpress\/plugins\/seo\/ -->\n<title>Adeus aos port\u00f5es fechados: a alternativa com ripado met\u00e1lico e vidro de seguran\u00e7a que valoriza a entrada da casa - Correio Braziliense - Radar<\/title>\n<meta name=\"description\" content=\"A fachada opaca esconde a beleza do seu projeto residencial. Avalie como a uni\u00e3o do metal com a transpar\u00eancia une design sofisticado e prote\u00e7\u00e3o total.\" \/>\n<meta name=\"robots\" content=\"index, follow, max-snippet:-1, max-image-preview:large, max-video-preview:-1\" \/>\n<link rel=\"canonical\" href=\"https:\/\/www.correiobraziliense.com.br\/cbradar\/adeus-aos-portoes-fechados-a-alternativa-com-ripado-metalico-e-vidro-de-seguranca-que-valoriza-a-entrada-da-casa\/\" \/>\n<meta property=\"og:locale\" content=\"pt_BR\" \/>\n<meta property=\"og:type\" content=\"article\" \/>\n<meta property=\"og:title\" content=\"Adeus aos port\u00f5es fechados: a alternativa com ripado met\u00e1lico e vidro de seguran\u00e7a que valoriza a entrada da casa - Correio Braziliense - Radar\" \/>\n<meta property=\"og:description\" content=\"A fachada opaca esconde a beleza do seu projeto residencial. Avalie como a uni\u00e3o do metal com a transpar\u00eancia une design sofisticado e prote\u00e7\u00e3o total.\" \/>\n<meta property=\"og:url\" content=\"https:\/\/www.correiobraziliense.com.br\/cbradar\/adeus-aos-portoes-fechados-a-alternativa-com-ripado-metalico-e-vidro-de-seguranca-que-valoriza-a-entrada-da-casa\/\" \/>\n<meta property=\"og:site_name\" content=\"Correio Braziliense - Radar\" \/>\n<meta property=\"article:published_time\" content=\"2026-04-30T23:55:00+00:00\" \/>\n<meta property=\"og:image\" content=\"https:\/\/www.correiobraziliense.com.br\/cbradar\/wp-content\/uploads\/2026\/04\/Portao_residencial_com_ripado_me\u2026_202604291449.jpg\" \/>\n\t<meta property=\"og:image:width\" content=\"1280\" \/>\n\t<meta property=\"og:image:height\" content=\"720\" \/>\n\t<meta property=\"og:image:type\" content=\"image\/jpeg\" \/>\n<meta name=\"author\" content=\"Paulo Custodio\" \/>\n<meta name=\"twitter:card\" content=\"summary_large_image\" \/>\n<meta name=\"twitter:label1\" content=\"Escrito por\" \/>\n\t<meta name=\"twitter:data1\" content=\"Paulo Custodio\" \/>\n\t<meta name=\"twitter:label2\" content=\"Est. tempo de leitura\" \/>\n\t<meta name=\"twitter:data2\" content=\"5 minutos\" \/>\n<!-- \/ Yoast SEO plugin. -->","yoast_head_json":{"title":"Adeus aos port\u00f5es fechados: a alternativa com ripado met\u00e1lico e vidro de seguran\u00e7a que valoriza a entrada da casa - Correio Braziliense - Radar","description":"A fachada opaca esconde a beleza do seu projeto residencial. Avalie como a uni\u00e3o do metal com a transpar\u00eancia une design sofisticado e prote\u00e7\u00e3o total.","robots":{"index":"index","follow":"follow","max-snippet":"max-snippet:-1","max-image-preview":"max-image-preview:large","max-video-preview":"max-video-preview:-1"},"canonical":"https:\/\/www.correiobraziliense.com.br\/cbradar\/adeus-aos-portoes-fechados-a-alternativa-com-ripado-metalico-e-vidro-de-seguranca-que-valoriza-a-entrada-da-casa\/","og_locale":"pt_BR","og_type":"article","og_title":"Adeus aos port\u00f5es fechados: a alternativa com ripado met\u00e1lico e vidro de seguran\u00e7a que valoriza a entrada da casa - Correio Braziliense - Radar","og_description":"A fachada opaca esconde a beleza do seu projeto residencial. Avalie como a uni\u00e3o do metal com a transpar\u00eancia une design sofisticado e prote\u00e7\u00e3o total.","og_url":"https:\/\/www.correiobraziliense.com.br\/cbradar\/adeus-aos-portoes-fechados-a-alternativa-com-ripado-metalico-e-vidro-de-seguranca-que-valoriza-a-entrada-da-casa\/","og_site_name":"Correio Braziliense - Radar","article_published_time":"2026-04-30T23:55:00+00:00","og_image":[{"width":1280,"height":720,"url":"https:\/\/www.correiobraziliense.com.br\/cbradar\/wp-content\/uploads\/2026\/04\/Portao_residencial_com_ripado_me\u2026_202604291449.jpg","type":"image\/jpeg"}],"author":"Paulo Custodio","twitter_card":"summary_large_image","twitter_misc":{"Escrito por":"Paulo Custodio","Est. tempo de leitura":"5 minutos"},"schema":{"@context":"https:\/\/schema.org","@graph":[{"@type":"WebPage","@id":"https:\/\/www.correiobraziliense.com.br\/cbradar\/adeus-aos-portoes-fechados-a-alternativa-com-ripado-metalico-e-vidro-de-seguranca-que-valoriza-a-entrada-da-casa\/","url":"https:\/\/www.correiobraziliense.com.br\/cbradar\/adeus-aos-portoes-fechados-a-alternativa-com-ripado-metalico-e-vidro-de-seguranca-que-valoriza-a-entrada-da-casa\/","name":"Adeus aos port\u00f5es fechados: a alternativa com ripado met\u00e1lico e vidro de seguran\u00e7a que valoriza a entrada da casa - Correio Braziliense - Radar","isPartOf":{"@id":"https:\/\/www.correiobraziliense.com.br\/cbradar\/#website"},"primaryImageOfPage":{"@id":"https:\/\/www.correiobraziliense.com.br\/cbradar\/adeus-aos-portoes-fechados-a-alternativa-com-ripado-metalico-e-vidro-de-seguranca-que-valoriza-a-entrada-da-casa\/#primaryimage"},"image":{"@id":"https:\/\/www.correiobraziliense.com.br\/cbradar\/adeus-aos-portoes-fechados-a-alternativa-com-ripado-metalico-e-vidro-de-seguranca-que-valoriza-a-entrada-da-casa\/#primaryimage"},"thumbnailUrl":"https:\/\/www.correiobraziliense.com.br\/cbradar\/wp-content\/uploads\/2026\/04\/Portao_residencial_com_ripado_me\u2026_202604291449.jpg","datePublished":"2026-04-30T23:55:00+00:00","author":{"@id":"https:\/\/www.correiobraziliense.com.br\/cbradar\/#\/schema\/person\/4cec7857301a9a1a2ef249893cd908d3"},"description":"A fachada opaca esconde a beleza do seu projeto residencial. Avalie como a uni\u00e3o do metal com a transpar\u00eancia une design sofisticado e prote\u00e7\u00e3o total.","breadcrumb":{"@id":"https:\/\/www.correiobraziliense.com.br\/cbradar\/adeus-aos-portoes-fechados-a-alternativa-com-ripado-metalico-e-vidro-de-seguranca-que-valoriza-a-entrada-da-casa\/#breadcrumb"},"inLanguage":"pt-BR","potentialAction":[{"@type":"ReadAction","target":["https:\/\/www.correiobraziliense.com.br\/cbradar\/adeus-aos-portoes-fechados-a-alternativa-com-ripado-metalico-e-vidro-de-seguranca-que-valoriza-a-entrada-da-casa\/"]}]},{"@type":"ImageObject","inLanguage":"pt-BR","@id":"https:\/\/www.correiobraziliense.com.br\/cbradar\/adeus-aos-portoes-fechados-a-alternativa-com-ripado-metalico-e-vidro-de-seguranca-que-valoriza-a-entrada-da-casa\/#primaryimage","url":"https:\/\/www.correiobraziliense.com.br\/cbradar\/wp-content\/uploads\/2026\/04\/Portao_residencial_com_ripado_me\u2026_202604291449.jpg","contentUrl":"https:\/\/www.correiobraziliense.com.br\/cbradar\/wp-content\/uploads\/2026\/04\/Portao_residencial_com_ripado_me\u2026_202604291449.jpg","width":1280,"height":720,"caption":"O ripado met\u00e1lico permite ventila\u00e7\u00e3o e entrada de luz"},{"@type":"BreadcrumbList","@id":"https:\/\/www.correiobraziliense.com.br\/cbradar\/adeus-aos-portoes-fechados-a-alternativa-com-ripado-metalico-e-vidro-de-seguranca-que-valoriza-a-entrada-da-casa\/#breadcrumb","itemListElement":[{"@type":"ListItem","position":1,"name":"In\u00edcio","item":"https:\/\/www.correiobraziliense.com.br\/cbradar\/"},{"@type":"ListItem","position":2,"name":"Adeus aos port\u00f5es fechados: a alternativa com ripado met\u00e1lico e vidro de seguran\u00e7a que valoriza a entrada da casa"}]},{"@type":"WebSite","@id":"https:\/\/www.correiobraziliense.com.br\/cbradar\/#website","url":"https:\/\/www.correiobraziliense.com.br\/cbradar\/","name":"Correio Braziliense - Radar","description":"Acompanhe as \u00faltimas not\u00edcias e fique bem informado sobre tudo o que acontece no Brasil e no mundo.","potentialAction":[{"@type":"SearchAction","target":{"@type":"EntryPoint","urlTemplate":"https:\/\/www.correiobraziliense.com.br\/cbradar\/?s={search_term_string}"},"query-input":{"@type":"PropertyValueSpecification","valueRequired":true,"valueName":"search_term_string"}}],"inLanguage":"pt-BR"},{"@type":"Person","@id":"https:\/\/www.correiobraziliense.com.br\/cbradar\/#\/schema\/person\/4cec7857301a9a1a2ef249893cd908d3","name":"Paulo Custodio","image":{"@type":"ImageObject","inLanguage":"pt-BR","@id":"https:\/\/www.correiobraziliense.com.br\/cbradar\/#\/schema\/person\/image\/","url":"https:\/\/secure.gravatar.com\/avatar\/bcd67168d1534e8fcf4f45c726a87cea?s=96&d=mm&r=g","contentUrl":"https:\/\/secure.gravatar.com\/avatar\/bcd67168d1534e8fcf4f45c726a87cea?s=96&d=mm&r=g","caption":"Paulo Custodio"},"sameAs":["https:\/\/www.correiobraziliense.com.br\/cbradar"],"url":"https:\/\/www.correiobraziliense.com.br\/cbradar\/author\/paulomyth\/"}]}},"_links":{"self":[{"href":"https:\/\/www.correiobraziliense.com.br\/cbradar\/wp-json\/wp\/v2\/posts\/233822","targetHints":{"allow":["GET"]}}],"collection":[{"href":"https:\/\/www.correiobraziliense.com.br\/cbradar\/wp-json\/wp\/v2\/posts"}],"about":[{"href":"https:\/\/www.correiobraziliense.com.br\/cbradar\/wp-json\/wp\/v2\/types\/post"}],"author":[{"embeddable":true,"href":"https:\/\/www.correiobraziliense.com.br\/cbradar\/wp-json\/wp\/v2\/users\/11"}],"replies":[{"embeddable":true,"href":"https:\/\/www.correiobraziliense.com.br\/cbradar\/wp-json\/wp\/v2\/comments?post=233822"}],"version-history":[{"count":1,"href":"https:\/\/www.correiobraziliense.com.br\/cbradar\/wp-json\/wp\/v2\/posts\/233822\/revisions"}],"predecessor-version":[{"id":233825,"href":"https:\/\/www.correiobraziliense.com.br\/cbradar\/wp-json\/wp\/v2\/posts\/233822\/revisions\/233825"}],"wp:featuredmedia":[{"embeddable":true,"href":"https:\/\/www.correiobraziliense.com.br\/cbradar\/wp-json\/wp\/v2\/media\/234335"}],"wp:attachment":[{"href":"https:\/\/www.correiobraziliense.com.br\/cbradar\/wp-json\/wp\/v2\/media?parent=233822"}],"wp:term":[{"taxonomy":"category","embeddable":true,"href":"https:\/\/www.correiobraziliense.com.br\/cbradar\/wp-json\/wp\/v2\/categories?post=233822"},{"taxonomy":"post_tag","embeddable":true,"href":"https:\/\/www.correiobraziliense.com.br\/cbradar\/wp-json\/wp\/v2\/tags?post=233822"}],"curies":[{"name":"wp","href":"https:\/\/api.w.org\/{rel}","templated":true}]}}