{"id":233830,"date":"2026-04-30T12:25:00","date_gmt":"2026-04-30T15:25:00","guid":{"rendered":"https:\/\/www.correiobraziliense.com.br\/cbradar\/?p=233830"},"modified":"2026-04-29T15:01:55","modified_gmt":"2026-04-29T18:01:55","slug":"quanta-proteina-por-refeicao-realmente-ajuda-no-ganho-de-massa-muscular-segundo-a-idade-e-o-tipo-de-treino","status":"publish","type":"post","link":"https:\/\/www.correiobraziliense.com.br\/cbradar\/quanta-proteina-por-refeicao-realmente-ajuda-no-ganho-de-massa-muscular-segundo-a-idade-e-o-tipo-de-treino\/","title":{"rendered":"Quanta prote\u00edna por refei\u00e7\u00e3o realmente ajuda no ganho de massa muscular, segundo a idade e o tipo de treino"},"content":{"rendered":"\n<p>Saber exatamente <strong>quanta prote\u00edna por refei\u00e7\u00e3o<\/strong> o seu corpo absorve altera drasticamente os seus ganhos de massa muscular? O sistema masculino processa um teto restrito de apenas 30 gramas de amino\u00e1cidos por ciclo, exigindo doses divididas para evitar perdas.<\/p>\n\n\n\n<h2 class=\"wp-block-heading\">Como a s\u00edntese muscular reage ap\u00f3s o treinamento de for\u00e7a?<\/h2>\n\n\n\n<p>O est\u00edmulo mec\u00e2nico severo do treinamento com pesos rompe milhares de fibras microsc\u00f3picas do tecido. O corpo masculino inicia um processo agressivo de reparo, exigindo blocos construtores imediatos de alta qualidade para fechar essas microles\u00f5es de forma r\u00e1pida e eficiente.<\/p>\n\n\n\n<p>Esse mecanismo biol\u00f3gico complexo recebe o nome cient\u00edfico de <strong><a href=\"https:\/\/pt.wikipedia.org\/wiki\/Hipertrofia_muscular\" target=\"_blank\" rel=\"noreferrer noopener\">hipertrofia muscular<\/a><\/strong>. A qualidade nutricional do macronutriente ingerido logo ap\u00f3s o grande desgaste f\u00edsico dita a velocidade da recupera\u00e7\u00e3o celular e garante o aumento real do volume das estruturas corporais.<\/p>\n\n\n<div class=\"wp-block-image\">\n<figure class=\"aligncenter size-full\"><img decoding=\"async\" width=\"1280\" height=\"720\" src=\"https:\/\/www.correiobraziliense.com.br\/cbradar\/wp-content\/uploads\/2026\/04\/IMAGEM_720p_1777410162661.jpg\" alt=\"Como uma caminhada leve ap\u00f3s o estudo favorece a consolida\u00e7\u00e3o da mem\u00f3ria\" class=\"wp-image-233831\" srcset=\"https:\/\/www.correiobraziliense.com.br\/cbradar\/wp-content\/uploads\/2026\/04\/IMAGEM_720p_1777410162661.jpg 1280w, https:\/\/www.correiobraziliense.com.br\/cbradar\/wp-content\/uploads\/2026\/04\/IMAGEM_720p_1777410162661-300x169.jpg 300w, https:\/\/www.correiobraziliense.com.br\/cbradar\/wp-content\/uploads\/2026\/04\/IMAGEM_720p_1777410162661-768x432.jpg 768w, https:\/\/www.correiobraziliense.com.br\/cbradar\/wp-content\/uploads\/2026\/04\/IMAGEM_720p_1777410162661-750x422.jpg 750w, https:\/\/www.correiobraziliense.com.br\/cbradar\/wp-content\/uploads\/2026\/04\/IMAGEM_720p_1777410162661-1140x641.jpg 1140w\" sizes=\"(max-width: 1280px) 100vw, 1280px\" \/><figcaption class=\"wp-element-caption\">Os limites biol\u00f3gicos de absor\u00e7\u00e3o de macronutrientes <\/figcaption><\/figure><\/div>\n\n\n<h2 class=\"wp-block-heading\">Quanta prote\u00edna por refei\u00e7\u00e3o os adultos precisam ingerir?<\/h2>\n\n\n\n<p><a href=\"https:\/\/www.healthline.com\/nutrition\/eat-after-workout#:~:text=Key%20takeaways,more%20about%20nutrition%20after%20workouts.\" target=\"_blank\" rel=\"noreferrer noopener\">Nutricionistas esportivos experientes<\/a> recomendam uma ingest\u00e3o altamente fracionada ao longo de todo o seu dia. Doses precisas entre <strong>20 e 40 gramas<\/strong> por prato maximizam o est\u00edmulo direto do crescimento tecidual em homens adultos absolutamente saud\u00e1veis e ativos.<\/p>\n\n\n\n<p>Ingerir quantidades exageradas superiores a esse teto biol\u00f3gico n\u00e3o gera vantagens est\u00e9ticas ou funcionais adicionais. O f\u00edgado oxida o imenso excesso de amino\u00e1cidos para gerar energia secund\u00e1ria ou simplesmente elimina os preciosos res\u00edduos metab\u00f3licos atrav\u00e9s do seu sistema excretor urin\u00e1rio.<\/p>\n\n\n\n<p>No v\u00eddeo a seguir, o perfil do <strong>Dr Juliano Teles,<\/strong> com mais de 4 milh\u00f5es de inscritos, fala um pouco sobre o assunto:<\/p>\n\n\n\n<iframe loading=\"lazy\" width=\"342\" height=\"608\" src=\"https:\/\/www.youtube.com\/embed\/vWnV0BRWM7I\" title=\"Quanta prote\u00edna voc\u00ea realmente precisa por dia?\" frameborder=\"0\" allow=\"accelerometer; autoplay; clipboard-write; encrypted-media; gyroscope; picture-in-picture; web-share\" referrerpolicy=\"strict-origin-when-cross-origin\" allowfullscreen><\/iframe>\n\n\n\n<h2 class=\"wp-block-heading\">A idade avan\u00e7ada exige adapta\u00e7\u00f5es profundas no prato di\u00e1rio?<\/h2>\n\n\n\n<p>O envelhecimento natural reduz gradativamente a sensibilidade do corpo masculino aos nutrientes consumidos. Indiv\u00edduos saud\u00e1veis acima dos 60 anos sofrem constantemente com a resist\u00eancia anab\u00f3lica e precisam de est\u00edmulos nutricionais muito mais potentes para evitar a perda da massa magra.<\/p>\n\n\n\n<p>Homens mais velhos necessitam de refei\u00e7\u00f5es densas com at\u00e9 <strong>40 gramas<\/strong> de macronutrientes puros. Esse volume exato ajuda a ativar os mesmos receptores celulares de crescimento que um jovem de vinte anos ativa com doses alimentares muito menores e acess\u00edveis.<\/p>\n\n\n\n<p>Leia tamb\u00e9m: <a href=\"https:\/\/www.correiobraziliense.com.br\/cbradar\/a-psicologia-aponta-que-adultos-que-evitam-conflitos-nao-sao-mais-maduros-mas-aprenderam-na-infancia-que-expressar-emocoes-gerava-punicao\/\" target=\"_blank\" rel=\"noreferrer noopener\">A psicologia aponta que adultos que evitam conflitos n\u00e3o s\u00e3o mais maduros, mas aprenderam na inf\u00e2ncia que expressar emo\u00e7\u00f5es gerava puni\u00e7\u00e3o<\/a><\/p>\n\n\n\n<h3 class=\"wp-block-heading\">Como a perda de tecido afeta a autonomia e a rotina?<\/h3>\n\n\n\n<p>A sarcopenia avan\u00e7a de forma totalmente silenciosa e destr\u00f3i a for\u00e7a estrutural dos ossos e tend\u00f5es de suporte. Ajustar a dieta com exatid\u00e3o matem\u00e1tica retarda esse enfraquecimento cont\u00ednuo e devolve a capacidade de realizar atividades di\u00e1rias intensas sem fadiga articular.<\/p>\n\n\n\n<h2 class=\"wp-block-heading\">O tipo de treino altera a demanda biol\u00f3gica imediata?<\/h2>\n\n\n\n<p>O esfor\u00e7o intenso exigido em esportes de impacto ou lutas pesadas gera um gasto cal\u00f3rico massivo di\u00e1rio. Praticantes ass\u00edduos de artes marciais necessitam de uma base energ\u00e9tica celular totalmente diferente de quem busca apenas o crescimento est\u00e9tico isolado do m\u00fasculo.<\/p>\n\n\n\n<p>Ajustar o card\u00e1pio rigorosamente para a real intensidade do exerc\u00edcio f\u00edsico ajuda na manuten\u00e7\u00e3o vital do peso. Considere as seguintes demandas biol\u00f3gicas absolutas:<\/p>\n\n\n\n<ul class=\"wp-block-list\">\n<li><strong>Levantamento de peso:<\/strong> Exige fra\u00e7\u00f5es ricas em leucina pura para a repara\u00e7\u00e3o densa das grandes fibras rasgadas intensamente durante o esfor\u00e7o.<\/li>\n\n\n\n<li><strong>Lutas e resist\u00eancia:<\/strong> Demanda uma r\u00e1pida reposi\u00e7\u00e3o de glicog\u00eanio associada a uma dosagem exata e moderada de macronutrientes para manter a agilidade.<\/li>\n\n\n\n<li><strong>Rotina sedent\u00e1ria:<\/strong> A <strong><a href=\"https:\/\/www.who.int\/pt\" target=\"_blank\" rel=\"noreferrer noopener\">Organiza\u00e7\u00e3o Mundial da Sa\u00fade (OMS)<\/a><\/strong> estabelece apenas 0,8 gramas por quilo corporal para a rigorosa manuten\u00e7\u00e3o vital dos \u00f3rg\u00e3os.<\/li>\n<\/ul>\n\n\n<div class=\"wp-block-image\">\n<figure class=\"aligncenter size-full\"><img decoding=\"async\" width=\"1280\" height=\"720\" src=\"https:\/\/www.correiobraziliense.com.br\/cbradar\/wp-content\/uploads\/2026\/04\/IMAGEM_720p_1777410160581.jpg\" alt=\"Os limites biol\u00f3gicos de absor\u00e7\u00e3o de macronutrientes \" class=\"wp-image-233832\" srcset=\"https:\/\/www.correiobraziliense.com.br\/cbradar\/wp-content\/uploads\/2026\/04\/IMAGEM_720p_1777410160581.jpg 1280w, https:\/\/www.correiobraziliense.com.br\/cbradar\/wp-content\/uploads\/2026\/04\/IMAGEM_720p_1777410160581-300x169.jpg 300w, https:\/\/www.correiobraziliense.com.br\/cbradar\/wp-content\/uploads\/2026\/04\/IMAGEM_720p_1777410160581-768x432.jpg 768w, https:\/\/www.correiobraziliense.com.br\/cbradar\/wp-content\/uploads\/2026\/04\/IMAGEM_720p_1777410160581-750x422.jpg 750w, https:\/\/www.correiobraziliense.com.br\/cbradar\/wp-content\/uploads\/2026\/04\/IMAGEM_720p_1777410160581-1140x641.jpg 1140w\" sizes=\"(max-width: 1280px) 100vw, 1280px\" \/><figcaption class=\"wp-element-caption\">Os limites biol\u00f3gicos de absor\u00e7\u00e3o de macronutrientes <\/figcaption><\/figure><\/div>\n\n\n<h2 class=\"wp-block-heading\">Vale a pena concentrar toda a ingest\u00e3o no per\u00edodo noturno?<\/h2>\n\n\n\n<p>In\u00fameras pessoas erram ao consumir um volume alimentar gigantesco e pesado apenas no per\u00edodo do jantar. O sistema digestivo humano n\u00e3o armazena estoques de amino\u00e1cidos para um uso futuro da mesma forma fisiol\u00f3gica que estoca as perigosas mol\u00e9culas de gordura corporal.<\/p>\n\n\n\n<p>Dividir a sua meta di\u00e1ria de forma rigorosa em quatro ou cinco por\u00e7\u00f5es iguais mant\u00e9m a s\u00edntese sempre ativa e ininterrupta. Esse cuidado nutricional protege a sua estrutura f\u00edsica, sendo prudente realizar avalia\u00e7\u00f5es cl\u00ednicas peri\u00f3dicas para garantir uma adequa\u00e7\u00e3o metab\u00f3lica realmente segura.<\/p>\n","protected":false},"excerpt":{"rendered":"<p>Saber exatamente quanta prote\u00edna por refei\u00e7\u00e3o o seu corpo absorve altera drasticamente os seus ganhos de massa muscular? O sistema masculino processa um teto restrito de apenas 30 gramas de amino\u00e1cidos por ciclo, exigindo doses divididas para evitar perdas. Como a s\u00edntese muscular reage ap\u00f3s o treinamento de for\u00e7a? O est\u00edmulo mec\u00e2nico severo do treinamento [&hellip;]<\/p>\n","protected":false},"author":11,"featured_media":234340,"comment_status":"open","ping_status":"open","sticky":false,"template":"","format":"standard","meta":{"_yoast_wpseo_focuskw":"caminhar ap\u00f3s estudo mem\u00f3ria","_yoast_wpseo_title":"","_yoast_wpseo_metadesc":"Ser\u00e1 que uma simples caminhada depois de estudar pode turbinar sua mem\u00f3ria? Especialistas revelam o que acontece no c\u00e9rebro e como usar esse h\u00e1bito a seu favor.","jnews-multi-image_gallery":[],"jnews_single_post":{"format":"standard"},"jnews_primary_category":[],"jnews_social_meta":[],"jnews_override_counter":[],"footnotes":""},"categories":[119],"tags":[2724,698,1907,1616],"class_list":["post-233830","post","type-post","status-publish","format-standard","has-post-thumbnail","hentry","category-bem-estar","tag-caminhada","tag-cerebro","tag-estudo","tag-memoria"],"yoast_head":"<!-- This site is optimized with the Yoast SEO plugin v24.6 - https:\/\/yoast.com\/wordpress\/plugins\/seo\/ -->\n<title>Quanta prote\u00edna por refei\u00e7\u00e3o realmente ajuda no ganho de massa muscular, segundo a idade e o tipo de treino - Correio Braziliense - Radar<\/title>\n<meta name=\"description\" content=\"Ser\u00e1 que uma simples caminhada depois de estudar pode turbinar sua mem\u00f3ria? Especialistas revelam o que acontece no c\u00e9rebro e como usar esse h\u00e1bito a seu favor.\" \/>\n<meta name=\"robots\" content=\"index, follow, max-snippet:-1, max-image-preview:large, max-video-preview:-1\" \/>\n<link rel=\"canonical\" href=\"https:\/\/www.correiobraziliense.com.br\/cbradar\/quanta-proteina-por-refeicao-realmente-ajuda-no-ganho-de-massa-muscular-segundo-a-idade-e-o-tipo-de-treino\/\" \/>\n<meta property=\"og:locale\" content=\"pt_BR\" \/>\n<meta property=\"og:type\" content=\"article\" \/>\n<meta property=\"og:title\" content=\"Quanta prote\u00edna por refei\u00e7\u00e3o realmente ajuda no ganho de massa muscular, segundo a idade e o tipo de treino - Correio Braziliense - Radar\" \/>\n<meta property=\"og:description\" content=\"Ser\u00e1 que uma simples caminhada depois de estudar pode turbinar sua mem\u00f3ria? Especialistas revelam o que acontece no c\u00e9rebro e como usar esse h\u00e1bito a seu favor.\" \/>\n<meta property=\"og:url\" content=\"https:\/\/www.correiobraziliense.com.br\/cbradar\/quanta-proteina-por-refeicao-realmente-ajuda-no-ganho-de-massa-muscular-segundo-a-idade-e-o-tipo-de-treino\/\" \/>\n<meta property=\"og:site_name\" content=\"Correio Braziliense - Radar\" \/>\n<meta property=\"article:published_time\" content=\"2026-04-30T15:25:00+00:00\" \/>\n<meta property=\"og:image\" content=\"https:\/\/www.correiobraziliense.com.br\/cbradar\/wp-content\/uploads\/2026\/04\/Person_looking_in_mirror_202604291459.jpg\" \/>\n\t<meta property=\"og:image:width\" content=\"1280\" \/>\n\t<meta property=\"og:image:height\" content=\"720\" \/>\n\t<meta property=\"og:image:type\" content=\"image\/jpeg\" \/>\n<meta name=\"author\" content=\"Paulo Custodio\" \/>\n<meta name=\"twitter:card\" content=\"summary_large_image\" \/>\n<meta name=\"twitter:label1\" content=\"Escrito por\" \/>\n\t<meta name=\"twitter:data1\" content=\"Paulo Custodio\" \/>\n\t<meta name=\"twitter:label2\" content=\"Est. tempo de leitura\" \/>\n\t<meta name=\"twitter:data2\" content=\"4 minutos\" \/>\n<!-- \/ Yoast SEO plugin. -->","yoast_head_json":{"title":"Quanta prote\u00edna por refei\u00e7\u00e3o realmente ajuda no ganho de massa muscular, segundo a idade e o tipo de treino - Correio Braziliense - Radar","description":"Ser\u00e1 que uma simples caminhada depois de estudar pode turbinar sua mem\u00f3ria? Especialistas revelam o que acontece no c\u00e9rebro e como usar esse h\u00e1bito a seu favor.","robots":{"index":"index","follow":"follow","max-snippet":"max-snippet:-1","max-image-preview":"max-image-preview:large","max-video-preview":"max-video-preview:-1"},"canonical":"https:\/\/www.correiobraziliense.com.br\/cbradar\/quanta-proteina-por-refeicao-realmente-ajuda-no-ganho-de-massa-muscular-segundo-a-idade-e-o-tipo-de-treino\/","og_locale":"pt_BR","og_type":"article","og_title":"Quanta prote\u00edna por refei\u00e7\u00e3o realmente ajuda no ganho de massa muscular, segundo a idade e o tipo de treino - Correio Braziliense - Radar","og_description":"Ser\u00e1 que uma simples caminhada depois de estudar pode turbinar sua mem\u00f3ria? Especialistas revelam o que acontece no c\u00e9rebro e como usar esse h\u00e1bito a seu favor.","og_url":"https:\/\/www.correiobraziliense.com.br\/cbradar\/quanta-proteina-por-refeicao-realmente-ajuda-no-ganho-de-massa-muscular-segundo-a-idade-e-o-tipo-de-treino\/","og_site_name":"Correio Braziliense - Radar","article_published_time":"2026-04-30T15:25:00+00:00","og_image":[{"width":1280,"height":720,"url":"https:\/\/www.correiobraziliense.com.br\/cbradar\/wp-content\/uploads\/2026\/04\/Person_looking_in_mirror_202604291459.jpg","type":"image\/jpeg"}],"author":"Paulo Custodio","twitter_card":"summary_large_image","twitter_misc":{"Escrito por":"Paulo Custodio","Est. tempo de leitura":"4 minutos"},"schema":{"@context":"https:\/\/schema.org","@graph":[{"@type":"WebPage","@id":"https:\/\/www.correiobraziliense.com.br\/cbradar\/quanta-proteina-por-refeicao-realmente-ajuda-no-ganho-de-massa-muscular-segundo-a-idade-e-o-tipo-de-treino\/","url":"https:\/\/www.correiobraziliense.com.br\/cbradar\/quanta-proteina-por-refeicao-realmente-ajuda-no-ganho-de-massa-muscular-segundo-a-idade-e-o-tipo-de-treino\/","name":"Quanta prote\u00edna por refei\u00e7\u00e3o realmente ajuda no ganho de massa muscular, segundo a idade e o tipo de treino - Correio Braziliense - Radar","isPartOf":{"@id":"https:\/\/www.correiobraziliense.com.br\/cbradar\/#website"},"primaryImageOfPage":{"@id":"https:\/\/www.correiobraziliense.com.br\/cbradar\/quanta-proteina-por-refeicao-realmente-ajuda-no-ganho-de-massa-muscular-segundo-a-idade-e-o-tipo-de-treino\/#primaryimage"},"image":{"@id":"https:\/\/www.correiobraziliense.com.br\/cbradar\/quanta-proteina-por-refeicao-realmente-ajuda-no-ganho-de-massa-muscular-segundo-a-idade-e-o-tipo-de-treino\/#primaryimage"},"thumbnailUrl":"https:\/\/www.correiobraziliense.com.br\/cbradar\/wp-content\/uploads\/2026\/04\/Person_looking_in_mirror_202604291459.jpg","datePublished":"2026-04-30T15:25:00+00:00","author":{"@id":"https:\/\/www.correiobraziliense.com.br\/cbradar\/#\/schema\/person\/4cec7857301a9a1a2ef249893cd908d3"},"description":"Ser\u00e1 que uma simples caminhada depois de estudar pode turbinar sua mem\u00f3ria? Especialistas revelam o que acontece no c\u00e9rebro e como usar esse h\u00e1bito a seu favor.","breadcrumb":{"@id":"https:\/\/www.correiobraziliense.com.br\/cbradar\/quanta-proteina-por-refeicao-realmente-ajuda-no-ganho-de-massa-muscular-segundo-a-idade-e-o-tipo-de-treino\/#breadcrumb"},"inLanguage":"pt-BR","potentialAction":[{"@type":"ReadAction","target":["https:\/\/www.correiobraziliense.com.br\/cbradar\/quanta-proteina-por-refeicao-realmente-ajuda-no-ganho-de-massa-muscular-segundo-a-idade-e-o-tipo-de-treino\/"]}]},{"@type":"ImageObject","inLanguage":"pt-BR","@id":"https:\/\/www.correiobraziliense.com.br\/cbradar\/quanta-proteina-por-refeicao-realmente-ajuda-no-ganho-de-massa-muscular-segundo-a-idade-e-o-tipo-de-treino\/#primaryimage","url":"https:\/\/www.correiobraziliense.com.br\/cbradar\/wp-content\/uploads\/2026\/04\/Person_looking_in_mirror_202604291459.jpg","contentUrl":"https:\/\/www.correiobraziliense.com.br\/cbradar\/wp-content\/uploads\/2026\/04\/Person_looking_in_mirror_202604291459.jpg","width":1280,"height":720,"caption":"A quantidade de prote\u00edna por refei\u00e7\u00e3o varia conforme o peso corporal"},{"@type":"BreadcrumbList","@id":"https:\/\/www.correiobraziliense.com.br\/cbradar\/quanta-proteina-por-refeicao-realmente-ajuda-no-ganho-de-massa-muscular-segundo-a-idade-e-o-tipo-de-treino\/#breadcrumb","itemListElement":[{"@type":"ListItem","position":1,"name":"In\u00edcio","item":"https:\/\/www.correiobraziliense.com.br\/cbradar\/"},{"@type":"ListItem","position":2,"name":"Quanta prote\u00edna por refei\u00e7\u00e3o realmente ajuda no ganho de massa muscular, segundo a idade e o tipo de treino"}]},{"@type":"WebSite","@id":"https:\/\/www.correiobraziliense.com.br\/cbradar\/#website","url":"https:\/\/www.correiobraziliense.com.br\/cbradar\/","name":"Correio Braziliense - Radar","description":"Acompanhe as \u00faltimas not\u00edcias e fique bem informado sobre tudo o que acontece no Brasil e no mundo.","potentialAction":[{"@type":"SearchAction","target":{"@type":"EntryPoint","urlTemplate":"https:\/\/www.correiobraziliense.com.br\/cbradar\/?s={search_term_string}"},"query-input":{"@type":"PropertyValueSpecification","valueRequired":true,"valueName":"search_term_string"}}],"inLanguage":"pt-BR"},{"@type":"Person","@id":"https:\/\/www.correiobraziliense.com.br\/cbradar\/#\/schema\/person\/4cec7857301a9a1a2ef249893cd908d3","name":"Paulo Custodio","image":{"@type":"ImageObject","inLanguage":"pt-BR","@id":"https:\/\/www.correiobraziliense.com.br\/cbradar\/#\/schema\/person\/image\/","url":"https:\/\/secure.gravatar.com\/avatar\/bcd67168d1534e8fcf4f45c726a87cea?s=96&d=mm&r=g","contentUrl":"https:\/\/secure.gravatar.com\/avatar\/bcd67168d1534e8fcf4f45c726a87cea?s=96&d=mm&r=g","caption":"Paulo Custodio"},"sameAs":["https:\/\/www.correiobraziliense.com.br\/cbradar"],"url":"https:\/\/www.correiobraziliense.com.br\/cbradar\/author\/paulomyth\/"}]}},"_links":{"self":[{"href":"https:\/\/www.correiobraziliense.com.br\/cbradar\/wp-json\/wp\/v2\/posts\/233830","targetHints":{"allow":["GET"]}}],"collection":[{"href":"https:\/\/www.correiobraziliense.com.br\/cbradar\/wp-json\/wp\/v2\/posts"}],"about":[{"href":"https:\/\/www.correiobraziliense.com.br\/cbradar\/wp-json\/wp\/v2\/types\/post"}],"author":[{"embeddable":true,"href":"https:\/\/www.correiobraziliense.com.br\/cbradar\/wp-json\/wp\/v2\/users\/11"}],"replies":[{"embeddable":true,"href":"https:\/\/www.correiobraziliense.com.br\/cbradar\/wp-json\/wp\/v2\/comments?post=233830"}],"version-history":[{"count":2,"href":"https:\/\/www.correiobraziliense.com.br\/cbradar\/wp-json\/wp\/v2\/posts\/233830\/revisions"}],"predecessor-version":[{"id":233834,"href":"https:\/\/www.correiobraziliense.com.br\/cbradar\/wp-json\/wp\/v2\/posts\/233830\/revisions\/233834"}],"wp:featuredmedia":[{"embeddable":true,"href":"https:\/\/www.correiobraziliense.com.br\/cbradar\/wp-json\/wp\/v2\/media\/234340"}],"wp:attachment":[{"href":"https:\/\/www.correiobraziliense.com.br\/cbradar\/wp-json\/wp\/v2\/media?parent=233830"}],"wp:term":[{"taxonomy":"category","embeddable":true,"href":"https:\/\/www.correiobraziliense.com.br\/cbradar\/wp-json\/wp\/v2\/categories?post=233830"},{"taxonomy":"post_tag","embeddable":true,"href":"https:\/\/www.correiobraziliense.com.br\/cbradar\/wp-json\/wp\/v2\/tags?post=233830"}],"curies":[{"name":"wp","href":"https:\/\/api.w.org\/{rel}","templated":true}]}}