{"id":233835,"date":"2026-04-30T16:05:00","date_gmt":"2026-04-30T19:05:00","guid":{"rendered":"https:\/\/www.correiobraziliense.com.br\/cbradar\/?p=233835"},"modified":"2026-04-29T14:58:11","modified_gmt":"2026-04-29T17:58:11","slug":"os-especialistas-explicam-caminhar-alguns-minutos-apos-o-estudo-pode-ajudar-o-cerebro-a-fixar-melhor-novas-informacoes","status":"publish","type":"post","link":"https:\/\/www.correiobraziliense.com.br\/cbradar\/os-especialistas-explicam-caminhar-alguns-minutos-apos-o-estudo-pode-ajudar-o-cerebro-a-fixar-melhor-novas-informacoes\/","title":{"rendered":"Os especialistas explicam: caminhar alguns minutos ap\u00f3s o estudo pode ajudar o c\u00e9rebro a fixar melhor novas informa\u00e7\u00f5es"},"content":{"rendered":"\n<p>Quem nunca passou horas debru\u00e7ado sobre os livros e sentiu que o conte\u00fado simplesmente evaporou da cabe\u00e7a no dia seguinte? Uma atitude simples e sem custo, como fazer uma <strong>caminhada ap\u00f3s o estudo<\/strong>, est\u00e1 entre as recomenda\u00e7\u00f5es mais respaldadas pela neuroci\u00eancia para driblar esse esquecimento. <\/p>\n\n\n\n<h2 class=\"wp-block-heading\">Por que caminhar ap\u00f3s estudar ajuda na fixa\u00e7\u00e3o da mem\u00f3ria?<\/h2>\n\n\n\n<p>O c\u00e9rebro n\u00e3o grava tudo o que aprendemos de uma s\u00f3 vez. As informa\u00e7\u00f5es rec\u00e9m\u2011adquiridas passam por um processo chamado <strong>consolida\u00e7\u00e3o da mem\u00f3ria<\/strong>, que as estabiliza e as transfere para o armazenamento de longo prazo. \u00c9 exatamente nessa janela que o exerc\u00edcio leve atua como um catalisador.<\/p>\n\n\n\n<p>Durante uma caminhada, o corpo libera mol\u00e9culas como a <strong>dopamina<\/strong>, a <strong>noradrenalina<\/strong> e o <strong>BDNF<\/strong> (fator neurotr\u00f3fico derivado do c\u00e9rebro), todas com papel direto na plasticidade cerebral e no fortalecimento das conex\u00f5es entre neur\u00f4nios. Esse coquetel qu\u00edmico natural acelera a consolida\u00e7\u00e3o e torna a lembran\u00e7a mais resistente ao esquecimento.<\/p>\n\n\n<div class=\"wp-block-image\">\n<figure class=\"aligncenter size-full\"><img decoding=\"async\" width=\"1280\" height=\"720\" src=\"https:\/\/www.correiobraziliense.com.br\/cbradar\/wp-content\/uploads\/2026\/04\/IMAGEM_720p_1777410863993.jpg\" alt=\"Como uma caminhada leve ap\u00f3s o estudo favorece a consolida\u00e7\u00e3o da mem\u00f3ria\" class=\"wp-image-233837\" srcset=\"https:\/\/www.correiobraziliense.com.br\/cbradar\/wp-content\/uploads\/2026\/04\/IMAGEM_720p_1777410863993.jpg 1280w, https:\/\/www.correiobraziliense.com.br\/cbradar\/wp-content\/uploads\/2026\/04\/IMAGEM_720p_1777410863993-300x169.jpg 300w, https:\/\/www.correiobraziliense.com.br\/cbradar\/wp-content\/uploads\/2026\/04\/IMAGEM_720p_1777410863993-768x432.jpg 768w, https:\/\/www.correiobraziliense.com.br\/cbradar\/wp-content\/uploads\/2026\/04\/IMAGEM_720p_1777410863993-750x422.jpg 750w, https:\/\/www.correiobraziliense.com.br\/cbradar\/wp-content\/uploads\/2026\/04\/IMAGEM_720p_1777410863993-1140x641.jpg 1140w\" sizes=\"(max-width: 1280px) 100vw, 1280px\" \/><figcaption class=\"wp-element-caption\">Como uma caminhada leve ap\u00f3s o estudo favorece a consolida\u00e7\u00e3o da mem\u00f3ria<\/figcaption><\/figure><\/div>\n\n\n<h2 class=\"wp-block-heading\">O que acontece dentro do c\u00e9rebro quando caminhamos depois de aprender?<\/h2>\n\n\n\n<p>A resposta est\u00e1 numa estrutura profunda do c\u00e9rebro chamada <strong>hipocampo<\/strong>, essencial para a <a href=\"https:\/\/pt.wikipedia.org\/wiki\/Mem%C3%B3ria\" target=\"_blank\" rel=\"noreferrer noopener\">mem\u00f3ria<\/a> declarativa (aquela que guarda fatos e eventos). Ap\u00f3s o exerc\u00edcio aer\u00f3bico, o hipocampo emite pequenos surtos de atividade el\u00e9trica que ajudam a reorganizar e fixar o conte\u00fado estudado.<\/p>\n\n\n\n<p>Pesquisas com imageamento cerebral mostram que, depois de uma caminhada leve, a comunica\u00e7\u00e3o entre o hipocampo e \u00e1reas do c\u00f3rtex fica mais intensa e sincronizada. \u00c9 como se o exerc\u00edcio desse o comando para o c\u00e9rebro embalar a informa\u00e7\u00e3o e guard\u00e1\u2011la na prateleira certa.<\/p>\n\n\n\n<p>Leia tamb\u00e9m: <a href=\"https:\/\/www.correiobraziliense.com.br\/cbradar\/a-psicologia-aponta-que-adultos-que-evitam-conflitos-nao-sao-mais-maduros-mas-aprenderam-na-infancia-que-expressar-emocoes-gerava-punicao\/\" target=\"_blank\" rel=\"noreferrer noopener\">A psicologia aponta que adultos que evitam conflitos n\u00e3o s\u00e3o mais maduros, mas aprenderam na inf\u00e2ncia que expressar emo\u00e7\u00f5es gerava puni\u00e7\u00e3o<\/a><\/p>\n\n\n\n<h2 class=\"wp-block-heading\">Qual \u00e9 a dura\u00e7\u00e3o ideal da caminhada para potencializar o aprendizado?<\/h2>\n\n\n\n<p>N\u00e3o \u00e9 preciso correr uma maratona. Os experimentos mais consistentes indicam que <strong>de 5 a 10 minutos<\/strong> de exerc\u00edcio leve j\u00e1 s\u00e3o suficientes para melhorar significativamente a reten\u00e7\u00e3o de informa\u00e7\u00f5es. Os benef\u00edcios aparecem tanto em testes de mem\u00f3ria realizados logo ap\u00f3s a atividade quanto em avalia\u00e7\u00f5es feitas 24 horas depois.<\/p>\n\n\n\n<p>Outro achado relevante \u00e9 que a intensidade leve a moderada \u00e9 a mais indicada. O esfor\u00e7o m\u00e1ximo logo ap\u00f3s estudar pode competir com os recursos que o c\u00e9rebro precisa para consolidar o conte\u00fado. Por isso, uma volta no quarteir\u00e3o em ritmo confort\u00e1vel costuma ser a dose ideal.<\/p>\n\n\n\n<p>Confira os principais pontos sobre dura\u00e7\u00e3o e intensidade:<\/p>\n\n\n\n<ul class=\"wp-block-list\">\n<li><strong>5 a 10 minutos<\/strong> de exerc\u00edcio leve j\u00e1 ativam os mecanismos de consolida\u00e7\u00e3o.<\/li>\n\n\n\n<li><strong>Caminhada ou bicicleta ergom\u00e9trica<\/strong> s\u00e3o as modalidades mais estudadas e pr\u00e1ticas.<\/li>\n\n\n\n<li><strong>Evitar esfor\u00e7o m\u00e1ximo<\/strong> logo ap\u00f3s estudar, pois o cansa\u00e7o extremo pode atrapalhar.<\/li>\n<\/ul>\n\n\n<div class=\"wp-block-image\">\n<figure class=\"aligncenter size-full\"><img decoding=\"async\" width=\"1280\" height=\"720\" src=\"https:\/\/www.correiobraziliense.com.br\/cbradar\/wp-content\/uploads\/2026\/04\/IMAGEM_720p_1777410840098.jpg\" alt=\"Como uma caminhada leve ap\u00f3s o estudo favorece a consolida\u00e7\u00e3o da mem\u00f3ria\" class=\"wp-image-233838\" srcset=\"https:\/\/www.correiobraziliense.com.br\/cbradar\/wp-content\/uploads\/2026\/04\/IMAGEM_720p_1777410840098.jpg 1280w, https:\/\/www.correiobraziliense.com.br\/cbradar\/wp-content\/uploads\/2026\/04\/IMAGEM_720p_1777410840098-300x169.jpg 300w, https:\/\/www.correiobraziliense.com.br\/cbradar\/wp-content\/uploads\/2026\/04\/IMAGEM_720p_1777410840098-768x432.jpg 768w, https:\/\/www.correiobraziliense.com.br\/cbradar\/wp-content\/uploads\/2026\/04\/IMAGEM_720p_1777410840098-750x422.jpg 750w, https:\/\/www.correiobraziliense.com.br\/cbradar\/wp-content\/uploads\/2026\/04\/IMAGEM_720p_1777410840098-1140x641.jpg 1140w\" sizes=\"(max-width: 1280px) 100vw, 1280px\" \/><figcaption class=\"wp-element-caption\">Como uma caminhada leve ap\u00f3s o estudo favorece a consolida\u00e7\u00e3o da mem\u00f3ria<\/figcaption><\/figure><\/div>\n\n\n<h2 class=\"wp-block-heading\">\u00c9 melhor caminhar imediatamente ou esperar algumas horas?<\/h2>\n\n\n\n<p>As duas estrat\u00e9gias funcionam, mas por caminhos diferentes. Fazer uma caminhada <strong>imediatamente<\/strong> ap\u00f3s o estudo ativa os processos de consolida\u00e7\u00e3o e protege a mem\u00f3ria de interfer\u00eancias. J\u00e1 um exerc\u00edcio realizado <strong>cerca de 4 horas depois<\/strong> da aprendizagem pode turbinar ainda mais a fixa\u00e7\u00e3o, conforme demonstraram pesquisas publicadas em peri\u00f3dicos de neuroci\u00eancia.<\/p>\n\n\n\n<p>Na pr\u00e1tica, os especialistas sugerem que o ideal \u00e9 encaixar a caminhada conforme a rotina permitir. Se o tempo for curto, sair para andar logo depois de fechar o livro j\u00e1 traz benef\u00edcios. Se houver flexibilidade, intercalar o estudo com uma pausa ativa e depois fazer outra caminhada ao fim do dia pode combinar os dois efeitos.<\/p>\n\n\n\n<h2 class=\"wp-block-heading\">Todo mundo se beneficia igualmente desse efeito?<\/h2>\n\n\n\n<p>As pesquisas mostram que os benef\u00edcios da caminhada p\u00f3s\u2011estudo s\u00e3o consistentes, embora diferen\u00e7as individuais existam. Um estudo publicado na base <strong><a href=\"https:\/\/pubmed.ncbi.nlm.nih.gov\/28890918\/\" target=\"_blank\" rel=\"noreferrer noopener\">PubMed<\/a> <\/strong>observou que mulheres que fizeram apenas 5 minutos de exerc\u00edcio leve imediatamente ap\u00f3s aprender pares de palavras tiveram uma recorda\u00e7\u00e3o superior em compara\u00e7\u00e3o com o grupo que permaneceu em repouso. O mesmo efeito, por\u00e9m, n\u00e3o foi registrado entre os participantes homens nos mesmos experimentos.<\/p>\n\n\n\n<p>O que j\u00e1 se sabe com seguran\u00e7a \u00e9 que idade, n\u00edvel de condicionamento f\u00edsico e qualidade do sono interferem na magnitude do efeito. Pessoas que mant\u00eam uma rotina regular de atividade f\u00edsica tendem a colher resultados ainda mais expressivos, pois o c\u00e9rebro delas j\u00e1 est\u00e1 mais responsivo aos est\u00edmulos do exerc\u00edcio.<\/p>\n\n\n\n<p>No v\u00eddeo a seguir, o perfil do <strong>Paulo Jubilut<\/strong>, com mais de 3,7 milh\u00f5es de inscritos, fala um pouco sobre o assunto:<\/p>\n\n\n\n<iframe loading=\"lazy\" width=\"492\" height=\"875\" src=\"https:\/\/www.youtube.com\/embed\/i803oeE_KeU\" title=\"Como seu c\u00e9rebro funciona melhor: CAMINHANDO ou SENTADO?\" frameborder=\"0\" allow=\"accelerometer; autoplay; clipboard-write; encrypted-media; gyroscope; picture-in-picture; web-share\" referrerpolicy=\"strict-origin-when-cross-origin\" allowfullscreen><\/iframe>\n\n\n\n<h2 class=\"wp-block-heading\">Como incluir a caminhada na rotina de estudos de forma pr\u00e1tica?<\/h2>\n\n\n\n<p>A beleza dessa estrat\u00e9gia est\u00e1 na simplicidade. Basta cal\u00e7ar um t\u00eanis, caminhar ao redor do quarteir\u00e3o por 10 minutos e voltar para a mesa. Quem estuda em casa pode aproveitar a varanda, o corredor do pr\u00e9dio ou at\u00e9 mesmo uma volta no quarteir\u00e3o. Quem estuda em bibliotecas ou cafeterias pode fazer uma pausa ativa antes de seguir para o pr\u00f3ximo t\u00f3pico.<\/p>\n\n\n\n<p>O importante \u00e9 transformar a caminhada num h\u00e1bito t\u00e3o natural quanto revisar as anota\u00e7\u00f5es. O c\u00e9rebro entende a repeti\u00e7\u00e3o: quando a atividade f\u00edsica aparece sempre depois do estudo, ele passa a se preparar melhor para consolidar o conte\u00fado. Mexer o corpo por alguns minutos \u00e9, tamb\u00e9m, uma forma poderosa de mexer o c\u00e9rebro.<\/p>\n","protected":false},"excerpt":{"rendered":"<p>Quem nunca passou horas debru\u00e7ado sobre os livros e sentiu que o conte\u00fado simplesmente evaporou da cabe\u00e7a no dia seguinte? Uma atitude simples e sem custo, como fazer uma caminhada ap\u00f3s o estudo, est\u00e1 entre as recomenda\u00e7\u00f5es mais respaldadas pela neuroci\u00eancia para driblar esse esquecimento. Por que caminhar ap\u00f3s estudar ajuda na fixa\u00e7\u00e3o da mem\u00f3ria? [&hellip;]<\/p>\n","protected":false},"author":11,"featured_media":234337,"comment_status":"open","ping_status":"open","sticky":false,"template":"","format":"standard","meta":{"_yoast_wpseo_focuskw":"caminhar ap\u00f3s estudo mem\u00f3ria","_yoast_wpseo_title":"","_yoast_wpseo_metadesc":"Ser\u00e1 que uma simples caminhada depois de estudar pode turbinar sua mem\u00f3ria? Especialistas revelam o que acontece no c\u00e9rebro e como usar esse h\u00e1bito a seu favor.","jnews-multi-image_gallery":[],"jnews_single_post":{"format":"standard"},"jnews_primary_category":[],"jnews_social_meta":[],"jnews_override_counter":[],"footnotes":""},"categories":[119],"tags":[2724,698,1907,1616],"class_list":["post-233835","post","type-post","status-publish","format-standard","has-post-thumbnail","hentry","category-bem-estar","tag-caminhada","tag-cerebro","tag-estudo","tag-memoria"],"yoast_head":"<!-- This site is optimized with the Yoast SEO plugin v24.6 - https:\/\/yoast.com\/wordpress\/plugins\/seo\/ -->\n<title>Os especialistas explicam: caminhar alguns minutos ap\u00f3s o estudo pode ajudar o c\u00e9rebro a fixar melhor novas informa\u00e7\u00f5es - Correio Braziliense - Radar<\/title>\n<meta name=\"description\" content=\"Ser\u00e1 que uma simples caminhada depois de estudar pode turbinar sua mem\u00f3ria? Especialistas revelam o que acontece no c\u00e9rebro e como usar esse h\u00e1bito a seu favor.\" \/>\n<meta name=\"robots\" content=\"index, follow, max-snippet:-1, max-image-preview:large, max-video-preview:-1\" \/>\n<link rel=\"canonical\" href=\"https:\/\/www.correiobraziliense.com.br\/cbradar\/os-especialistas-explicam-caminhar-alguns-minutos-apos-o-estudo-pode-ajudar-o-cerebro-a-fixar-melhor-novas-informacoes\/\" \/>\n<meta property=\"og:locale\" content=\"pt_BR\" \/>\n<meta property=\"og:type\" content=\"article\" \/>\n<meta property=\"og:title\" content=\"Os especialistas explicam: caminhar alguns minutos ap\u00f3s o estudo pode ajudar o c\u00e9rebro a fixar melhor novas informa\u00e7\u00f5es - Correio Braziliense - Radar\" \/>\n<meta property=\"og:description\" content=\"Ser\u00e1 que uma simples caminhada depois de estudar pode turbinar sua mem\u00f3ria? Especialistas revelam o que acontece no c\u00e9rebro e como usar esse h\u00e1bito a seu favor.\" \/>\n<meta property=\"og:url\" content=\"https:\/\/www.correiobraziliense.com.br\/cbradar\/os-especialistas-explicam-caminhar-alguns-minutos-apos-o-estudo-pode-ajudar-o-cerebro-a-fixar-melhor-novas-informacoes\/\" \/>\n<meta property=\"og:site_name\" content=\"Correio Braziliense - Radar\" \/>\n<meta property=\"article:published_time\" content=\"2026-04-30T19:05:00+00:00\" \/>\n<meta property=\"og:image\" content=\"https:\/\/www.correiobraziliense.com.br\/cbradar\/wp-content\/uploads\/2026\/04\/Pessoa_caminhando_segurando_caderno_202604291452.jpg\" \/>\n\t<meta property=\"og:image:width\" content=\"1280\" \/>\n\t<meta property=\"og:image:height\" content=\"720\" \/>\n\t<meta property=\"og:image:type\" content=\"image\/jpeg\" \/>\n<meta name=\"author\" content=\"Paulo Custodio\" \/>\n<meta name=\"twitter:card\" content=\"summary_large_image\" \/>\n<meta name=\"twitter:label1\" content=\"Escrito por\" \/>\n\t<meta name=\"twitter:data1\" content=\"Paulo Custodio\" \/>\n\t<meta name=\"twitter:label2\" content=\"Est. tempo de leitura\" \/>\n\t<meta name=\"twitter:data2\" content=\"6 minutos\" \/>\n<!-- \/ Yoast SEO plugin. -->","yoast_head_json":{"title":"Os especialistas explicam: caminhar alguns minutos ap\u00f3s o estudo pode ajudar o c\u00e9rebro a fixar melhor novas informa\u00e7\u00f5es - Correio Braziliense - Radar","description":"Ser\u00e1 que uma simples caminhada depois de estudar pode turbinar sua mem\u00f3ria? Especialistas revelam o que acontece no c\u00e9rebro e como usar esse h\u00e1bito a seu favor.","robots":{"index":"index","follow":"follow","max-snippet":"max-snippet:-1","max-image-preview":"max-image-preview:large","max-video-preview":"max-video-preview:-1"},"canonical":"https:\/\/www.correiobraziliense.com.br\/cbradar\/os-especialistas-explicam-caminhar-alguns-minutos-apos-o-estudo-pode-ajudar-o-cerebro-a-fixar-melhor-novas-informacoes\/","og_locale":"pt_BR","og_type":"article","og_title":"Os especialistas explicam: caminhar alguns minutos ap\u00f3s o estudo pode ajudar o c\u00e9rebro a fixar melhor novas informa\u00e7\u00f5es - Correio Braziliense - Radar","og_description":"Ser\u00e1 que uma simples caminhada depois de estudar pode turbinar sua mem\u00f3ria? Especialistas revelam o que acontece no c\u00e9rebro e como usar esse h\u00e1bito a seu favor.","og_url":"https:\/\/www.correiobraziliense.com.br\/cbradar\/os-especialistas-explicam-caminhar-alguns-minutos-apos-o-estudo-pode-ajudar-o-cerebro-a-fixar-melhor-novas-informacoes\/","og_site_name":"Correio Braziliense - Radar","article_published_time":"2026-04-30T19:05:00+00:00","og_image":[{"width":1280,"height":720,"url":"https:\/\/www.correiobraziliense.com.br\/cbradar\/wp-content\/uploads\/2026\/04\/Pessoa_caminhando_segurando_caderno_202604291452.jpg","type":"image\/jpeg"}],"author":"Paulo Custodio","twitter_card":"summary_large_image","twitter_misc":{"Escrito por":"Paulo Custodio","Est. tempo de leitura":"6 minutos"},"schema":{"@context":"https:\/\/schema.org","@graph":[{"@type":"WebPage","@id":"https:\/\/www.correiobraziliense.com.br\/cbradar\/os-especialistas-explicam-caminhar-alguns-minutos-apos-o-estudo-pode-ajudar-o-cerebro-a-fixar-melhor-novas-informacoes\/","url":"https:\/\/www.correiobraziliense.com.br\/cbradar\/os-especialistas-explicam-caminhar-alguns-minutos-apos-o-estudo-pode-ajudar-o-cerebro-a-fixar-melhor-novas-informacoes\/","name":"Os especialistas explicam: caminhar alguns minutos ap\u00f3s o estudo pode ajudar o c\u00e9rebro a fixar melhor novas informa\u00e7\u00f5es - Correio Braziliense - Radar","isPartOf":{"@id":"https:\/\/www.correiobraziliense.com.br\/cbradar\/#website"},"primaryImageOfPage":{"@id":"https:\/\/www.correiobraziliense.com.br\/cbradar\/os-especialistas-explicam-caminhar-alguns-minutos-apos-o-estudo-pode-ajudar-o-cerebro-a-fixar-melhor-novas-informacoes\/#primaryimage"},"image":{"@id":"https:\/\/www.correiobraziliense.com.br\/cbradar\/os-especialistas-explicam-caminhar-alguns-minutos-apos-o-estudo-pode-ajudar-o-cerebro-a-fixar-melhor-novas-informacoes\/#primaryimage"},"thumbnailUrl":"https:\/\/www.correiobraziliense.com.br\/cbradar\/wp-content\/uploads\/2026\/04\/Pessoa_caminhando_segurando_caderno_202604291452.jpg","datePublished":"2026-04-30T19:05:00+00:00","author":{"@id":"https:\/\/www.correiobraziliense.com.br\/cbradar\/#\/schema\/person\/4cec7857301a9a1a2ef249893cd908d3"},"description":"Ser\u00e1 que uma simples caminhada depois de estudar pode turbinar sua mem\u00f3ria? Especialistas revelam o que acontece no c\u00e9rebro e como usar esse h\u00e1bito a seu favor.","breadcrumb":{"@id":"https:\/\/www.correiobraziliense.com.br\/cbradar\/os-especialistas-explicam-caminhar-alguns-minutos-apos-o-estudo-pode-ajudar-o-cerebro-a-fixar-melhor-novas-informacoes\/#breadcrumb"},"inLanguage":"pt-BR","potentialAction":[{"@type":"ReadAction","target":["https:\/\/www.correiobraziliense.com.br\/cbradar\/os-especialistas-explicam-caminhar-alguns-minutos-apos-o-estudo-pode-ajudar-o-cerebro-a-fixar-melhor-novas-informacoes\/"]}]},{"@type":"ImageObject","inLanguage":"pt-BR","@id":"https:\/\/www.correiobraziliense.com.br\/cbradar\/os-especialistas-explicam-caminhar-alguns-minutos-apos-o-estudo-pode-ajudar-o-cerebro-a-fixar-melhor-novas-informacoes\/#primaryimage","url":"https:\/\/www.correiobraziliense.com.br\/cbradar\/wp-content\/uploads\/2026\/04\/Pessoa_caminhando_segurando_caderno_202604291452.jpg","contentUrl":"https:\/\/www.correiobraziliense.com.br\/cbradar\/wp-content\/uploads\/2026\/04\/Pessoa_caminhando_segurando_caderno_202604291452.jpg","width":1280,"height":720,"caption":"Caminhar ap\u00f3s estudar pode ajudar na reten\u00e7\u00e3o de informa\u00e7\u00f5es"},{"@type":"BreadcrumbList","@id":"https:\/\/www.correiobraziliense.com.br\/cbradar\/os-especialistas-explicam-caminhar-alguns-minutos-apos-o-estudo-pode-ajudar-o-cerebro-a-fixar-melhor-novas-informacoes\/#breadcrumb","itemListElement":[{"@type":"ListItem","position":1,"name":"In\u00edcio","item":"https:\/\/www.correiobraziliense.com.br\/cbradar\/"},{"@type":"ListItem","position":2,"name":"Os especialistas explicam: caminhar alguns minutos ap\u00f3s o estudo pode ajudar o c\u00e9rebro a fixar melhor novas informa\u00e7\u00f5es"}]},{"@type":"WebSite","@id":"https:\/\/www.correiobraziliense.com.br\/cbradar\/#website","url":"https:\/\/www.correiobraziliense.com.br\/cbradar\/","name":"Correio Braziliense - Radar","description":"Acompanhe as \u00faltimas not\u00edcias e fique bem informado sobre tudo o que acontece no Brasil e no mundo.","potentialAction":[{"@type":"SearchAction","target":{"@type":"EntryPoint","urlTemplate":"https:\/\/www.correiobraziliense.com.br\/cbradar\/?s={search_term_string}"},"query-input":{"@type":"PropertyValueSpecification","valueRequired":true,"valueName":"search_term_string"}}],"inLanguage":"pt-BR"},{"@type":"Person","@id":"https:\/\/www.correiobraziliense.com.br\/cbradar\/#\/schema\/person\/4cec7857301a9a1a2ef249893cd908d3","name":"Paulo Custodio","image":{"@type":"ImageObject","inLanguage":"pt-BR","@id":"https:\/\/www.correiobraziliense.com.br\/cbradar\/#\/schema\/person\/image\/","url":"https:\/\/secure.gravatar.com\/avatar\/bcd67168d1534e8fcf4f45c726a87cea?s=96&d=mm&r=g","contentUrl":"https:\/\/secure.gravatar.com\/avatar\/bcd67168d1534e8fcf4f45c726a87cea?s=96&d=mm&r=g","caption":"Paulo Custodio"},"sameAs":["https:\/\/www.correiobraziliense.com.br\/cbradar"],"url":"https:\/\/www.correiobraziliense.com.br\/cbradar\/author\/paulomyth\/"}]}},"_links":{"self":[{"href":"https:\/\/www.correiobraziliense.com.br\/cbradar\/wp-json\/wp\/v2\/posts\/233835","targetHints":{"allow":["GET"]}}],"collection":[{"href":"https:\/\/www.correiobraziliense.com.br\/cbradar\/wp-json\/wp\/v2\/posts"}],"about":[{"href":"https:\/\/www.correiobraziliense.com.br\/cbradar\/wp-json\/wp\/v2\/types\/post"}],"author":[{"embeddable":true,"href":"https:\/\/www.correiobraziliense.com.br\/cbradar\/wp-json\/wp\/v2\/users\/11"}],"replies":[{"embeddable":true,"href":"https:\/\/www.correiobraziliense.com.br\/cbradar\/wp-json\/wp\/v2\/comments?post=233835"}],"version-history":[{"count":1,"href":"https:\/\/www.correiobraziliense.com.br\/cbradar\/wp-json\/wp\/v2\/posts\/233835\/revisions"}],"predecessor-version":[{"id":233839,"href":"https:\/\/www.correiobraziliense.com.br\/cbradar\/wp-json\/wp\/v2\/posts\/233835\/revisions\/233839"}],"wp:featuredmedia":[{"embeddable":true,"href":"https:\/\/www.correiobraziliense.com.br\/cbradar\/wp-json\/wp\/v2\/media\/234337"}],"wp:attachment":[{"href":"https:\/\/www.correiobraziliense.com.br\/cbradar\/wp-json\/wp\/v2\/media?parent=233835"}],"wp:term":[{"taxonomy":"category","embeddable":true,"href":"https:\/\/www.correiobraziliense.com.br\/cbradar\/wp-json\/wp\/v2\/categories?post=233835"},{"taxonomy":"post_tag","embeddable":true,"href":"https:\/\/www.correiobraziliense.com.br\/cbradar\/wp-json\/wp\/v2\/tags?post=233835"}],"curies":[{"name":"wp","href":"https:\/\/api.w.org\/{rel}","templated":true}]}}