{"id":233846,"date":"2026-04-30T07:05:00","date_gmt":"2026-04-30T10:05:00","guid":{"rendered":"https:\/\/www.correiobraziliense.com.br\/cbradar\/?p=233846"},"modified":"2026-04-29T15:51:38","modified_gmt":"2026-04-29T18:51:38","slug":"os-livros-que-mais-ajudam-criancas-a-criar-gosto-pela-leitura-desde-cedo","status":"publish","type":"post","link":"https:\/\/www.correiobraziliense.com.br\/cbradar\/os-livros-que-mais-ajudam-criancas-a-criar-gosto-pela-leitura-desde-cedo\/","title":{"rendered":"Os livros que mais ajudam crian\u00e7as a criar gosto pela leitura desde cedo"},"content":{"rendered":"\n<p>A forma\u00e7\u00e3o de um pequeno leitor depende diretamente do contato com narrativas que estimulem a fantasia e a curiosidade sobre o mundo ao redor. Escolher obras que unam ilustra\u00e7\u00f5es cativantes a textos r\u00edtmicos \u00e9 a estrat\u00e9gia mais eficaz para transformar o ato de ler em uma brincadeira prazerosa e aguardada diariamente.<\/p>\n\n\n\n<h2 class=\"wp-block-heading\">O impacto do l\u00fadico na forma\u00e7\u00e3o do h\u00e1bito liter\u00e1rio infantil<\/h2>\n\n\n\n<p>A introdu\u00e7\u00e3o de cl\u00e1ssicos da <strong>literatura infantil<\/strong> permite que a crian\u00e7a desenvolva a capacidade de abstra\u00e7\u00e3o e melhore significativamente a sua express\u00e3o verbal e escrita. O uso de <strong>livros interativos<\/strong> funciona como uma porta de entrada para o conhecimento, onde o pequeno deixa de ser apenas um espectador para se tornar um explorador de novas linguagens e cen\u00e1rios.<\/p>\n\n\n<div class=\"wp-block-image\">\n<figure class=\"aligncenter size-full\"><img decoding=\"async\" width=\"1280\" height=\"720\" src=\"https:\/\/www.correiobraziliense.com.br\/cbradar\/wp-content\/uploads\/2026\/04\/pequeno-principe.jpg\" alt=\"\" class=\"wp-image-233847\" srcset=\"https:\/\/www.correiobraziliense.com.br\/cbradar\/wp-content\/uploads\/2026\/04\/pequeno-principe.jpg 1280w, https:\/\/www.correiobraziliense.com.br\/cbradar\/wp-content\/uploads\/2026\/04\/pequeno-principe-300x169.jpg 300w, https:\/\/www.correiobraziliense.com.br\/cbradar\/wp-content\/uploads\/2026\/04\/pequeno-principe-768x432.jpg 768w, https:\/\/www.correiobraziliense.com.br\/cbradar\/wp-content\/uploads\/2026\/04\/pequeno-principe-750x422.jpg 750w, https:\/\/www.correiobraziliense.com.br\/cbradar\/wp-content\/uploads\/2026\/04\/pequeno-principe-1140x641.jpg 1140w\" sizes=\"(max-width: 1280px) 100vw, 1280px\" \/><figcaption class=\"wp-element-caption\">A obra de Antoine de Saint-Exup\u00e9ry continua sendo um dos maiores pilares para despertar o interesse dos jovens leitores <\/figcaption><\/figure><\/div>\n\n\n<p>Dica pr\u00e1tica: ao ler para uma crian\u00e7a, mude o tom de voz para cada personagem e fa\u00e7a pausas dram\u00e1ticas para aumentar o <strong>engajamento emocional<\/strong>. Essa t\u00e9cnica simples mant\u00e9m a aten\u00e7\u00e3o focada e ajuda na compreens\u00e3o de nuances sentimentais, tornando a experi\u00eancia de <strong>incentivo \u00e0 leitura<\/strong> muito mais rica e inesquec\u00edvel para o desenvolvimento cognitivo precoce.<\/p>\n\n\n\n<h2 class=\"wp-block-heading\">O Pequeno Pr\u00edncipe e a descoberta de valores universais<\/h2>\n\n\n\n<p>A obra de <strong>Antoine de Saint-Exup\u00e9ry<\/strong> continua sendo um dos maiores pilares para despertar o interesse dos jovens leitores devido \u00e0 sua linguagem po\u00e9tica e profunda. <strong>O Pequeno Pr\u00edncipe<\/strong> aborda temas como amizade e responsabilidade de uma forma que ressoa tanto com o imagin\u00e1rio infantil quanto com a sensibilidade dos adultos que acompanham a leitura.<\/p>\n\n\n\n<p>Atrav\u00e9s das met\u00e1foras presentes na jornada do personagem pelos asteroides, a crian\u00e7a come\u00e7a a questionar o mundo e a desenvolver o <strong>pensamento cr\u00edtico<\/strong> desde cedo. O livro \u00e9 ideal para ser lido em conjunto, permitindo pausas para discuss\u00f5es sobre o que \u00e9 essencial para os olhos, fortalecendo a <strong>alfabetiza\u00e7\u00e3o emocional<\/strong> e o v\u00ednculo afetivo durante o processo educativo.<\/p>\n\n\n\n<h2 class=\"wp-block-heading\">A criatividade sem limites em Ou Isto ou Aquilo<\/h2>\n\n\n\n<p>A poesia de <strong>Cec\u00edlia Meireles<\/strong> no livro <strong>Ou Isto ou Aquilo<\/strong> \u00e9 uma ferramenta extraordin\u00e1ria para trabalhar a sonoridade e o ritmo das palavras com os pequenos. As rimas l\u00fadicas e os dilemas infantis apresentados nos versos ajudam na memoriza\u00e7\u00e3o e no reconhecimento de fonemas, facilitando o processo de <strong>alfabetiza\u00e7\u00e3o<\/strong> de maneira leve e musical.<\/p>\n\n\n\n<p>A leitura desses poemas estimula a crian\u00e7a a perceber a beleza nas escolhas cotidianas e a brincar com a estrutura da l\u00edngua, perdendo o medo de errar. Manter este livro acess\u00edvel no <strong>Brasil<\/strong> em bibliotecas escolares ou dom\u00e9sticas garante que o contato com a alta literatura aconte\u00e7a de forma org\u00e2nica, cultivando um <strong>gosto pela leitura<\/strong> que perdurar\u00e1 por toda a vida.<\/p>\n\n\n<div class=\"wp-block-image\">\n<figure class=\"aligncenter size-full\"><img decoding=\"async\" width=\"1280\" height=\"720\" src=\"https:\/\/www.correiobraziliense.com.br\/cbradar\/wp-content\/uploads\/2026\/04\/crianca-lendo_1777421092818.jpg\" alt=\"\" class=\"wp-image-233848\" srcset=\"https:\/\/www.correiobraziliense.com.br\/cbradar\/wp-content\/uploads\/2026\/04\/crianca-lendo_1777421092818.jpg 1280w, https:\/\/www.correiobraziliense.com.br\/cbradar\/wp-content\/uploads\/2026\/04\/crianca-lendo_1777421092818-300x169.jpg 300w, https:\/\/www.correiobraziliense.com.br\/cbradar\/wp-content\/uploads\/2026\/04\/crianca-lendo_1777421092818-768x432.jpg 768w, https:\/\/www.correiobraziliense.com.br\/cbradar\/wp-content\/uploads\/2026\/04\/crianca-lendo_1777421092818-750x422.jpg 750w, https:\/\/www.correiobraziliense.com.br\/cbradar\/wp-content\/uploads\/2026\/04\/crianca-lendo_1777421092818-1140x641.jpg 1140w\" sizes=\"(max-width: 1280px) 100vw, 1280px\" \/><figcaption class=\"wp-element-caption\">Existem t\u00edtulos espec\u00edficos que possuem o poder magn\u00e9tico de prender a aten\u00e7\u00e3o mesmo das crian\u00e7as &#8211; Cr\u00e9ditos: depositphotos.com \/ Nastyaofly<\/figcaption><\/figure><\/div>\n\n\n<h2 class=\"wp-block-heading\">O Menino Maluquinho e a identifica\u00e7\u00e3o com o cotidiano<\/h2>\n\n\n\n<p>A obra ic\u00f4nica de <strong>Ziraldo<\/strong>, <strong>O Menino Maluquinho<\/strong>, destaca-se por apresentar um protagonista com o qual as crian\u00e7as se identificam imediatamente por sua energia e alegria. O formato que mistura texto e ilustra\u00e7\u00f5es din\u00e2micas \u00e9 ideal para quem est\u00e1 come\u00e7ando a ler sozinho, pois a <strong>narrativa visual<\/strong> auxilia na interpreta\u00e7\u00e3o de contextos e piadas.<\/p>\n\n\n\n<p>Este livro ensina que a inf\u00e2ncia deve ser celebrada e que a leitura \u00e9 o meio perfeito para registrar e viver grandes mem\u00f3rias com os amigos e a fam\u00edlia. A popularidade do personagem facilita o <strong>interesse liter\u00e1rio<\/strong>, j\u00e1 que a crian\u00e7a pode encontrar o Maluquinho em diferentes m\u00eddias, criando um ecossistema de entretenimento que sempre retorna para as p\u00e1ginas do livro original.<\/p>\n\n\n\n<h2 class=\"wp-block-heading\">Sugest\u00f5es de leitura para despertar a paix\u00e3o pelos livros<\/h2>\n\n\n\n<p>Existem t\u00edtulos espec\u00edficos que possuem o poder magn\u00e9tico de prender a aten\u00e7\u00e3o mesmo das crian\u00e7as mais inquietas ou dispersas. Oferecer uma variedade de g\u00eaneros, desde a aventura at\u00e9 o mist\u00e9rio, permite que o pequeno descubra qual tipo de narrativa mais combina com sua personalidade e com seus interesses individuais no momento.<\/p>\n\n\n\n<link href=\"https:\/\/fonts.googleapis.com\/css2?family=Inter:wght@400;600;700;800&#038;display=swap\" rel=\"stylesheet\">\n<style>\n\/* Prote\u00e7\u00e3o contra inje\u00e7\u00e3o do \"Veja Tamb\u00e9m\" (JNews inline related posts) *\/\n.rdp-pontos-wrapper .jnews_inline_related_post_wrapper,\n.rdp-pontos-wrapper .jnews_inline_related_post,\n.rdp-pontos-wrapper .jeg_postblock,\n.rdp-pontos-wrapper [class*=\"jnews_inline\"],\n.rdp-pontos-wrapper [class*=\"jeg_postblock\"],\n.rdp-pontos-wrapper [class*=\"jeg_block\"] {\n  display: none !important;\n  height: 0 !important;\n  max-height: 0 !important;\n  overflow: hidden !important;\n  visibility: hidden !important;\n  margin: 0 !important;\n  padding: 0 !important;\n  border: none !important;\n  font-size: 0 !important;\n  line-height: 0 !important;\n}\n.rdp-pontos-wrapper {\n  max-width: 100%;\n  margin: 32px 0;\n  background: #F8F9FA;\n  border: 1px solid #E0E0E0;\n  border-radius: 12px;\n  padding: 28px 28px 20px;\n  font-family: 'Inter', sans-serif;\n  box-shadow: 0 4px 20px rgba(47,195,238,0.12);\n  overflow: hidden;\n  contain: layout style;\n  isolation: isolate;\n  position: relative;\n  z-index: 1;\n}\n.rdp-pontos-wrapper > *:not(.rdp-pontos-title):not(.rdp-pontos-grid) {\n  display: none !important;\n  height: 0 !important;\n  overflow: hidden !important;\n  margin: 0 !important;\n  padding: 0 !important;\n  border: none !important;\n}\n.rdp-pontos-title {\n  font-family: 'Inter', sans-serif;\n  font-size: 20px;\n  font-weight: 800;\n  color: #1A1A1A;\n  margin: 0 0 20px 0;\n  line-height: 1.3;\n  text-align: center;\n}\n.rdp-pontos-grid {\n  display: grid;\n  grid-template-columns: repeat(3, 1fr);\n  gap: 18px;\n}\n.rdp-pontos-item {\n  background: #FFFFFF;\n  border: 1px solid #E0E0E0;\n  border-top: 3px solid #2FC3EE;\n  border-radius: 10px;\n  padding: 22px 20px;\n  box-shadow: 0 2px 10px rgba(47,195,238,0.10);\n  transition: box-shadow 0.3s ease, border-color 0.3s ease;\n  text-align: center;\n}\n.rdp-pontos-item:hover {\n  box-shadow: 0 4px 20px rgba(47,195,238,0.22);\n  border-color: #2FC3EE;\n}\n.rdp-pontos-emoji {\n  font-size: 32px;\n  line-height: 1;\n  margin-bottom: 12px;\n  display: block;\n  text-align: center;\n}\n.rdp-pontos-item-title {\n  font-size: 15px;\n  font-weight: 700;\n  color: #1A1A1A;\n  margin-bottom: 8px;\n  line-height: 1.3;\n}\n.rdp-pontos-item-desc {\n  font-size: 14px;\n  color: #333333;\n  line-height: 1.6;\n  margin: 0;\n}\n@media (max-width: 768px) {\n  .rdp-pontos-wrapper {\n    padding: 20px 16px 14px;\n  }\n  .rdp-pontos-grid {\n    grid-template-columns: 1fr;\n    gap: 14px;\n  }\n  .rdp-pontos-title {\n    font-size: 18px;\n  }\n}\n<\/style>\n\n<div class=\"rdp-pontos-wrapper\">\n  <div class=\"rdp-pontos-title\">Destaques da Literatura Infantil<\/div>\n  <div class=\"rdp-pontos-grid\">\n    <div class=\"rdp-pontos-item\">\n      <span class=\"rdp-pontos-emoji\">\ud83d\udc79<\/span>\n      <div class=\"rdp-pontos-item-title\">Onde Vivem os Monstros<\/div>\n      <p class=\"rdp-pontos-item-desc\">A obra de Maurice Sendak auxilia a crian\u00e7a a lidar com emo\u00e7\u00f5es e o controle da raiva por meio da fantasia.<\/p>\n    <\/div>\n    <div class=\"rdp-pontos-item\">\n      <span class=\"rdp-pontos-emoji\">\ud83c\udf92<\/span>\n      <div class=\"rdp-pontos-item-title\">A Bolsa Amarela<\/div>\n      <p class=\"rdp-pontos-item-desc\">O cl\u00e1ssico de Lygia Bojunga encoraja a autonomia e a explora\u00e7\u00e3o dos desejos internos em leitores em crescimento.<\/p>\n    <\/div>\n    <div class=\"rdp-pontos-item\">\n      <span class=\"rdp-pontos-emoji\">\ud83d\udc67<\/span>\n      <div class=\"rdp-pontos-item-title\">Reina\u00e7\u00f5es de Narizinho<\/div>\n      <p class=\"rdp-pontos-item-desc\">Monteiro Lobato introduz o folclore nacional e personagens ic\u00f4nicos que fundamentam a cultura brasileira.<\/p>\n    <\/div>\n  <\/div>\n<\/div>\n<div style=\"clear:both;height:0;overflow:hidden;\"><\/div>\n\n\n\n<p>Ao variar o cat\u00e1logo dispon\u00edvel em casa, os pais evitam que a leitura se torne uma obriga\u00e7\u00e3o escolar cansativa e a mant\u00eam como uma atividade de lazer. Explorar livrarias e bibliotecas em <strong>S\u00e3o Paulo<\/strong> ou em qualquer cidade \u00e9 um passeio cultural que refor\u00e7a a import\u00e2ncia social dos livros, mostrando que as hist\u00f3rias est\u00e3o em todos os lugares ao nosso redor.<\/p>\n\n\n\n<h2 class=\"wp-block-heading\">Transforme a leitura em uma heran\u00e7a para a vida toda<\/h2>\n\n\n\n<p>O segredo para criar o h\u00e1bito de ler n\u00e3o est\u00e1 na quantidade de p\u00e1ginas, mas na const\u00e2ncia e na qualidade do tempo dedicado a essa pr\u00e1tica. Proporcionar um ambiente acolhedor e silencioso, longe das telas de celulares e tablets, permite que a <strong>imagina\u00e7\u00e3o infantil<\/strong> voe alto e encontre nos livros os melhores amigos para todas as horas da jornada.<\/p>\n\n\n\n<p>Lembre-se que cada crian\u00e7a tem seu pr\u00f3prio ritmo de descoberta e que o papel do adulto \u00e9 ser o guia nesse vasto universo de palavras e sonhos. Ao investir na <strong>literatura infantil<\/strong> de qualidade, voc\u00ea est\u00e1 entregando as chaves de um mundo infinito de possibilidades, garantindo que o futuro seja repleto de conhecimento, empatia e muita criatividade.<\/p>\n","protected":false},"excerpt":{"rendered":"<p>A forma\u00e7\u00e3o de um pequeno leitor depende diretamente do contato com narrativas que estimulem a fantasia e a curiosidade sobre o mundo ao redor. Escolher obras que unam ilustra\u00e7\u00f5es cativantes a textos r\u00edtmicos \u00e9 a estrat\u00e9gia mais eficaz para transformar o ato de ler em uma brincadeira prazerosa e aguardada diariamente. O impacto do l\u00fadico [&hellip;]<\/p>\n","protected":false},"author":9,"featured_media":234365,"comment_status":"open","ping_status":"open","sticky":false,"template":"","format":"standard","meta":{"_yoast_wpseo_focuskw":"leitura na inf\u00e2ncia","_yoast_wpseo_title":"","_yoast_wpseo_metadesc":"A leitura na inf\u00e2ncia fortalece o aprendizado, a criatividade e o desenvolvimento emocional das crian\u00e7as desde cedo.","jnews-multi-image_gallery":[],"jnews_single_post":{"format":"standard"},"jnews_primary_category":[],"jnews_social_meta":[],"jnews_override_counter":[],"footnotes":""},"categories":[112],"tags":[18346,520,18345],"class_list":["post-233846","post","type-post","status-publish","format-standard","has-post-thumbnail","hentry","category-curiosidades","tag-leitura-na-infancia","tag-livros","tag-livros-infantis"],"yoast_head":"<!-- This site is optimized with the Yoast SEO plugin v24.6 - https:\/\/yoast.com\/wordpress\/plugins\/seo\/ -->\n<title>Os livros que mais ajudam crian\u00e7as a criar gosto pela leitura desde cedo - Correio Braziliense - Radar<\/title>\n<meta name=\"description\" content=\"A leitura na inf\u00e2ncia fortalece o aprendizado, a criatividade e o desenvolvimento emocional das crian\u00e7as desde cedo.\" \/>\n<meta name=\"robots\" content=\"index, follow, max-snippet:-1, max-image-preview:large, max-video-preview:-1\" \/>\n<link rel=\"canonical\" href=\"https:\/\/www.correiobraziliense.com.br\/cbradar\/os-livros-que-mais-ajudam-criancas-a-criar-gosto-pela-leitura-desde-cedo\/\" \/>\n<meta property=\"og:locale\" content=\"pt_BR\" \/>\n<meta property=\"og:type\" content=\"article\" \/>\n<meta property=\"og:title\" content=\"Os livros que mais ajudam crian\u00e7as a criar gosto pela leitura desde cedo - Correio Braziliense - Radar\" \/>\n<meta property=\"og:description\" content=\"A leitura na inf\u00e2ncia fortalece o aprendizado, a criatividade e o desenvolvimento emocional das crian\u00e7as desde cedo.\" \/>\n<meta property=\"og:url\" content=\"https:\/\/www.correiobraziliense.com.br\/cbradar\/os-livros-que-mais-ajudam-criancas-a-criar-gosto-pela-leitura-desde-cedo\/\" \/>\n<meta property=\"og:site_name\" content=\"Correio Braziliense - Radar\" \/>\n<meta property=\"article:published_time\" content=\"2026-04-30T10:05:00+00:00\" \/>\n<meta property=\"og:image\" content=\"https:\/\/www.correiobraziliense.com.br\/cbradar\/wp-content\/uploads\/2026\/04\/Crianca_lendo_livro_em_portugues_202604291549.jpg\" \/>\n\t<meta property=\"og:image:width\" content=\"1280\" \/>\n\t<meta property=\"og:image:height\" content=\"720\" \/>\n\t<meta property=\"og:image:type\" content=\"image\/jpeg\" \/>\n<meta name=\"author\" content=\"Daniely Cardoso\" \/>\n<meta name=\"twitter:card\" content=\"summary_large_image\" \/>\n<meta name=\"twitter:label1\" content=\"Escrito por\" \/>\n\t<meta name=\"twitter:data1\" content=\"Daniely Cardoso\" \/>\n\t<meta name=\"twitter:label2\" content=\"Est. tempo de leitura\" \/>\n\t<meta name=\"twitter:data2\" content=\"6 minutos\" \/>\n<!-- \/ Yoast SEO plugin. -->","yoast_head_json":{"title":"Os livros que mais ajudam crian\u00e7as a criar gosto pela leitura desde cedo - Correio Braziliense - Radar","description":"A leitura na inf\u00e2ncia fortalece o aprendizado, a criatividade e o desenvolvimento emocional das crian\u00e7as desde cedo.","robots":{"index":"index","follow":"follow","max-snippet":"max-snippet:-1","max-image-preview":"max-image-preview:large","max-video-preview":"max-video-preview:-1"},"canonical":"https:\/\/www.correiobraziliense.com.br\/cbradar\/os-livros-que-mais-ajudam-criancas-a-criar-gosto-pela-leitura-desde-cedo\/","og_locale":"pt_BR","og_type":"article","og_title":"Os livros que mais ajudam crian\u00e7as a criar gosto pela leitura desde cedo - Correio Braziliense - Radar","og_description":"A leitura na inf\u00e2ncia fortalece o aprendizado, a criatividade e o desenvolvimento emocional das crian\u00e7as desde cedo.","og_url":"https:\/\/www.correiobraziliense.com.br\/cbradar\/os-livros-que-mais-ajudam-criancas-a-criar-gosto-pela-leitura-desde-cedo\/","og_site_name":"Correio Braziliense - Radar","article_published_time":"2026-04-30T10:05:00+00:00","og_image":[{"width":1280,"height":720,"url":"https:\/\/www.correiobraziliense.com.br\/cbradar\/wp-content\/uploads\/2026\/04\/Crianca_lendo_livro_em_portugues_202604291549.jpg","type":"image\/jpeg"}],"author":"Daniely Cardoso","twitter_card":"summary_large_image","twitter_misc":{"Escrito por":"Daniely Cardoso","Est. tempo de leitura":"6 minutos"},"schema":{"@context":"https:\/\/schema.org","@graph":[{"@type":"WebPage","@id":"https:\/\/www.correiobraziliense.com.br\/cbradar\/os-livros-que-mais-ajudam-criancas-a-criar-gosto-pela-leitura-desde-cedo\/","url":"https:\/\/www.correiobraziliense.com.br\/cbradar\/os-livros-que-mais-ajudam-criancas-a-criar-gosto-pela-leitura-desde-cedo\/","name":"Os livros que mais ajudam crian\u00e7as a criar gosto pela leitura desde cedo - Correio Braziliense - Radar","isPartOf":{"@id":"https:\/\/www.correiobraziliense.com.br\/cbradar\/#website"},"primaryImageOfPage":{"@id":"https:\/\/www.correiobraziliense.com.br\/cbradar\/os-livros-que-mais-ajudam-criancas-a-criar-gosto-pela-leitura-desde-cedo\/#primaryimage"},"image":{"@id":"https:\/\/www.correiobraziliense.com.br\/cbradar\/os-livros-que-mais-ajudam-criancas-a-criar-gosto-pela-leitura-desde-cedo\/#primaryimage"},"thumbnailUrl":"https:\/\/www.correiobraziliense.com.br\/cbradar\/wp-content\/uploads\/2026\/04\/Crianca_lendo_livro_em_portugues_202604291549.jpg","datePublished":"2026-04-30T10:05:00+00:00","author":{"@id":"https:\/\/www.correiobraziliense.com.br\/cbradar\/#\/schema\/person\/7356666e12ec0ee53f348ee5db227032"},"description":"A leitura na inf\u00e2ncia fortalece o aprendizado, a criatividade e o desenvolvimento emocional das crian\u00e7as desde cedo.","breadcrumb":{"@id":"https:\/\/www.correiobraziliense.com.br\/cbradar\/os-livros-que-mais-ajudam-criancas-a-criar-gosto-pela-leitura-desde-cedo\/#breadcrumb"},"inLanguage":"pt-BR","potentialAction":[{"@type":"ReadAction","target":["https:\/\/www.correiobraziliense.com.br\/cbradar\/os-livros-que-mais-ajudam-criancas-a-criar-gosto-pela-leitura-desde-cedo\/"]}]},{"@type":"ImageObject","inLanguage":"pt-BR","@id":"https:\/\/www.correiobraziliense.com.br\/cbradar\/os-livros-que-mais-ajudam-criancas-a-criar-gosto-pela-leitura-desde-cedo\/#primaryimage","url":"https:\/\/www.correiobraziliense.com.br\/cbradar\/wp-content\/uploads\/2026\/04\/Crianca_lendo_livro_em_portugues_202604291549.jpg","contentUrl":"https:\/\/www.correiobraziliense.com.br\/cbradar\/wp-content\/uploads\/2026\/04\/Crianca_lendo_livro_em_portugues_202604291549.jpg","width":1280,"height":720,"caption":"Livros ilustrados facilitam o interesse inicial pela leitura"},{"@type":"BreadcrumbList","@id":"https:\/\/www.correiobraziliense.com.br\/cbradar\/os-livros-que-mais-ajudam-criancas-a-criar-gosto-pela-leitura-desde-cedo\/#breadcrumb","itemListElement":[{"@type":"ListItem","position":1,"name":"In\u00edcio","item":"https:\/\/www.correiobraziliense.com.br\/cbradar\/"},{"@type":"ListItem","position":2,"name":"Os livros que mais ajudam crian\u00e7as a criar gosto pela leitura desde cedo"}]},{"@type":"WebSite","@id":"https:\/\/www.correiobraziliense.com.br\/cbradar\/#website","url":"https:\/\/www.correiobraziliense.com.br\/cbradar\/","name":"Correio Braziliense - Radar","description":"Acompanhe as \u00faltimas not\u00edcias e fique bem informado sobre tudo o que acontece no Brasil e no mundo.","potentialAction":[{"@type":"SearchAction","target":{"@type":"EntryPoint","urlTemplate":"https:\/\/www.correiobraziliense.com.br\/cbradar\/?s={search_term_string}"},"query-input":{"@type":"PropertyValueSpecification","valueRequired":true,"valueName":"search_term_string"}}],"inLanguage":"pt-BR"},{"@type":"Person","@id":"https:\/\/www.correiobraziliense.com.br\/cbradar\/#\/schema\/person\/7356666e12ec0ee53f348ee5db227032","name":"Daniely Cardoso","image":{"@type":"ImageObject","inLanguage":"pt-BR","@id":"https:\/\/www.correiobraziliense.com.br\/cbradar\/#\/schema\/person\/image\/","url":"https:\/\/secure.gravatar.com\/avatar\/4b80ddbd124d1f071b626d52d62e5dff?s=96&d=mm&r=g","contentUrl":"https:\/\/secure.gravatar.com\/avatar\/4b80ddbd124d1f071b626d52d62e5dff?s=96&d=mm&r=g","caption":"Daniely Cardoso"},"description":"Redatora nos portais CB Radar e EM Foco, formada pela Universidade Federal de Goi\u00e1s, em Goi\u00e2nia. Apaixonada por comunica\u00e7\u00e3o, arte, decora\u00e7\u00e3o e tend\u00eancias, atuo na produ\u00e7\u00e3o de conte\u00fados envolventes sobre curiosidades, moda, beleza e paisagismo, sempre com um olhar atento \u00e0s novidades do momento.","sameAs":["https:\/\/www.correiobraziliense.com.br\/cbradar"],"url":"https:\/\/www.correiobraziliense.com.br\/cbradar\/author\/danielymyth\/"}]}},"_links":{"self":[{"href":"https:\/\/www.correiobraziliense.com.br\/cbradar\/wp-json\/wp\/v2\/posts\/233846","targetHints":{"allow":["GET"]}}],"collection":[{"href":"https:\/\/www.correiobraziliense.com.br\/cbradar\/wp-json\/wp\/v2\/posts"}],"about":[{"href":"https:\/\/www.correiobraziliense.com.br\/cbradar\/wp-json\/wp\/v2\/types\/post"}],"author":[{"embeddable":true,"href":"https:\/\/www.correiobraziliense.com.br\/cbradar\/wp-json\/wp\/v2\/users\/9"}],"replies":[{"embeddable":true,"href":"https:\/\/www.correiobraziliense.com.br\/cbradar\/wp-json\/wp\/v2\/comments?post=233846"}],"version-history":[{"count":1,"href":"https:\/\/www.correiobraziliense.com.br\/cbradar\/wp-json\/wp\/v2\/posts\/233846\/revisions"}],"predecessor-version":[{"id":233849,"href":"https:\/\/www.correiobraziliense.com.br\/cbradar\/wp-json\/wp\/v2\/posts\/233846\/revisions\/233849"}],"wp:featuredmedia":[{"embeddable":true,"href":"https:\/\/www.correiobraziliense.com.br\/cbradar\/wp-json\/wp\/v2\/media\/234365"}],"wp:attachment":[{"href":"https:\/\/www.correiobraziliense.com.br\/cbradar\/wp-json\/wp\/v2\/media?parent=233846"}],"wp:term":[{"taxonomy":"category","embeddable":true,"href":"https:\/\/www.correiobraziliense.com.br\/cbradar\/wp-json\/wp\/v2\/categories?post=233846"},{"taxonomy":"post_tag","embeddable":true,"href":"https:\/\/www.correiobraziliense.com.br\/cbradar\/wp-json\/wp\/v2\/tags?post=233846"}],"curies":[{"name":"wp","href":"https:\/\/api.w.org\/{rel}","templated":true}]}}