{"id":233914,"date":"2026-04-30T19:45:00","date_gmt":"2026-04-30T22:45:00","guid":{"rendered":"https:\/\/www.correiobraziliense.com.br\/cbradar\/?p=233914"},"modified":"2026-04-29T15:19:25","modified_gmt":"2026-04-29T18:19:25","slug":"os-livros-que-professores-indicam-para-despertar-pensamento-critico-em-sala-de-aula","status":"publish","type":"post","link":"https:\/\/www.correiobraziliense.com.br\/cbradar\/os-livros-que-professores-indicam-para-despertar-pensamento-critico-em-sala-de-aula\/","title":{"rendered":"Os livros que professores indicam para despertar pensamento cr\u00edtico em sala de aula"},"content":{"rendered":"\n<p>A habilidade de analisar informa\u00e7\u00f5es de forma independente e questionar a realidade \u00e9 uma das compet\u00eancias mais valiosas que a educa\u00e7\u00e3o moderna pode oferecer aos estudantes. Professores buscam obras que desafiem o senso comum e incentivem o <strong>pensamento cr\u00edtico<\/strong>, preparando os jovens para interpretar a complexidade da sociedade contempor\u00e2nea com maior clareza e autonomia intelectual.<\/p>\n\n\n\n<h2 class=\"wp-block-heading\">Pedagogia do Oprimido e a liberta\u00e7\u00e3o pelo conhecimento<\/h2>\n\n\n\n<p>A obra m\u00e1xima de <strong>Paulo Freire<\/strong>, <strong>Pedagogia do Oprimido<\/strong>, \u00e9 frequentemente citada em escolas e universidades do <strong>Brasil<\/strong> como base para o desenvolvimento da consci\u00eancia social. O livro prop\u00f5e que a educa\u00e7\u00e3o deve ser um ato de coragem, onde o aluno deixa de ser um recept\u00e1culo de informa\u00e7\u00f5es para se tornar um sujeito ativo na <strong>transforma\u00e7\u00e3o da realidade<\/strong>.<\/p>\n\n\n\n<p>Ao utilizar os conceitos freireanos em sala de aula, o educador estimula o di\u00e1logo horizontal e a an\u00e1lise das estruturas de poder que moldam o cotidiano. Essa abordagem fortalece a <strong>cidadania ativa<\/strong>, fazendo com que o estudante compreenda que o conhecimento \u00e9 uma ferramenta pol\u00edtica capaz de romper ciclos de passividade e gerar mudan\u00e7as significativas em sua comunidade e no pa\u00eds.<\/p>\n\n\n<div class=\"wp-block-image\">\n<figure class=\"aligncenter size-full\"><img decoding=\"async\" width=\"1280\" height=\"720\" src=\"https:\/\/www.correiobraziliense.com.br\/cbradar\/wp-content\/uploads\/2026\/04\/livros-2.jpg\" alt=\"\" class=\"wp-image-233919\" srcset=\"https:\/\/www.correiobraziliense.com.br\/cbradar\/wp-content\/uploads\/2026\/04\/livros-2.jpg 1280w, https:\/\/www.correiobraziliense.com.br\/cbradar\/wp-content\/uploads\/2026\/04\/livros-2-300x169.jpg 300w, https:\/\/www.correiobraziliense.com.br\/cbradar\/wp-content\/uploads\/2026\/04\/livros-2-768x432.jpg 768w, https:\/\/www.correiobraziliense.com.br\/cbradar\/wp-content\/uploads\/2026\/04\/livros-2-750x422.jpg 750w, https:\/\/www.correiobraziliense.com.br\/cbradar\/wp-content\/uploads\/2026\/04\/livros-2-1140x641.jpg 1140w\" sizes=\"(max-width: 1280px) 100vw, 1280px\" \/><figcaption class=\"wp-element-caption\">Ao utilizar os conceitos freireanos em sala de aula, o educador estimula o di\u00e1logo horizontal e a an\u00e1lise das estruturas de poder<\/figcaption><\/figure><\/div>\n\n\n<p>Leia tamb\u00e9m: <a href=\"https:\/\/www.correiobraziliense.com.br\/cbradar\/?p=231207\" target=\"_blank\" rel=\"noreferrer noopener\">Crian\u00e7as que convivem com av\u00f3s desenvolvem habilidades importantes que v\u00e3o al\u00e9m da sala de aula<\/a><\/p>\n\n\n\n<h2 class=\"wp-block-heading\">O Mundo Assombrado pelos Dem\u00f4nios e o m\u00e9todo cient\u00edfico<\/h2>\n\n\n\n<p>Escrito pelo astr\u00f4nomo <strong>Carl Sagan<\/strong>, o livro <strong>O Mundo Assombrado pelos Dem\u00f4nios<\/strong> \u00e9 uma defesa apaixonada do ceticismo e da ci\u00eancia contra a pseudoci\u00eancia e a desinforma\u00e7\u00e3o. Professores indicam esta obra para ensinar a import\u00e2ncia da <strong>evid\u00eancia l\u00f3gica<\/strong>, munindo os alunos com o famoso &#8220;kit de detec\u00e7\u00e3o de mentiras&#8221; proposto pelo autor para avaliar discursos p\u00fablicos.<\/p>\n\n\n\n<p>Dica de ouro: aplique os exerc\u00edcios de l\u00f3gica de <strong>Sagan<\/strong> para analisar not\u00edcias atuais e publica\u00e7\u00f5es em redes sociais durante o hor\u00e1rio letivo. Esse tipo de atividade pr\u00e1tica fixa o conceito de <strong>alfabetiza\u00e7\u00e3o cient\u00edfica<\/strong>, permitindo que o jovem identifique fal\u00e1cias argumentativas e construa uma vis\u00e3o de mundo baseada em fatos verific\u00e1veis e no questionamento saud\u00e1vel de dogmas inquestion\u00e1veis.<\/p>\n\n\n\n<h2 class=\"wp-block-heading\">A Revolu\u00e7\u00e3o dos Bichos e a an\u00e1lise de sistemas pol\u00edticos<\/h2>\n\n\n\n<p>A cl\u00e1ssica f\u00e1bula de <strong>George Orwell<\/strong>, <strong>A Revolu\u00e7\u00e3o dos Bichos<\/strong>, permanece como uma das portas de entrada mais eficazes para discutir sociologia e hist\u00f3ria com adolescentes. Atrav\u00e9s da narrativa sobre animais que tomam o controle de uma fazenda, o livro ilustra de forma clara como o <strong>discurso ret\u00f3rico<\/strong> pode ser manipulado para justificar desigualdades e a manuten\u00e7\u00e3o do poder absoluto.<\/p>\n\n\n\n<link href=\"https:\/\/fonts.googleapis.com\/css2?family=Inter:wght@400;600;700;800&#038;display=swap\" rel=\"stylesheet\">\n<style>\n\/* Prote\u00e7\u00e3o contra inje\u00e7\u00e3o do \"Veja Tamb\u00e9m\" (JNews inline related posts) *\/\n.rdp-pontos-wrapper .jnews_inline_related_post_wrapper,\n.rdp-pontos-wrapper .jnews_inline_related_post,\n.rdp-pontos-wrapper .jeg_postblock,\n.rdp-pontos-wrapper [class*=\"jnews_inline\"],\n.rdp-pontos-wrapper [class*=\"jeg_postblock\"],\n.rdp-pontos-wrapper [class*=\"jeg_block\"] {\n  display: none !important;\n  height: 0 !important;\n  max-height: 0 !important;\n  overflow: hidden !important;\n  visibility: hidden !important;\n  margin: 0 !important;\n  padding: 0 !important;\n  border: none !important;\n  font-size: 0 !important;\n  line-height: 0 !important;\n}\n.rdp-pontos-wrapper {\n  max-width: 100%;\n  margin: 32px 0;\n  background: #F8F9FA;\n  border: 1px solid #E0E0E0;\n  border-radius: 12px;\n  padding: 28px 28px 20px;\n  font-family: 'Inter', sans-serif;\n  box-shadow: 0 4px 20px rgba(47,195,238,0.12);\n  overflow: hidden;\n  contain: layout style;\n  isolation: isolate;\n  position: relative;\n  z-index: 1;\n}\n.rdp-pontos-wrapper > *:not(.rdp-pontos-title):not(.rdp-pontos-grid) {\n  display: none !important;\n  height: 0 !important;\n  overflow: hidden !important;\n  margin: 0 !important;\n  padding: 0 !important;\n  border: none !important;\n}\n.rdp-pontos-title {\n  font-family: 'Inter', sans-serif;\n  font-size: 20px;\n  font-weight: 800;\n  color: #1A1A1A;\n  margin: 0 0 20px 0;\n  line-height: 1.3;\n  text-align: center;\n}\n.rdp-pontos-grid {\n  display: grid;\n  grid-template-columns: repeat(3, 1fr);\n  gap: 18px;\n}\n.rdp-pontos-item {\n  background: #FFFFFF;\n  border: 1px solid #E0E0E0;\n  border-top: 3px solid #2FC3EE;\n  border-radius: 10px;\n  padding: 22px 20px;\n  box-shadow: 0 2px 10px rgba(47,195,238,0.10);\n  transition: box-shadow 0.3s ease, border-color 0.3s ease;\n  text-align: center;\n}\n.rdp-pontos-item:hover {\n  box-shadow: 0 4px 20px rgba(47,195,238,0.22);\n  border-color: #2FC3EE;\n}\n.rdp-pontos-emoji {\n  font-size: 32px;\n  line-height: 1;\n  margin-bottom: 12px;\n  display: block;\n  text-align: center;\n}\n.rdp-pontos-item-title {\n  font-size: 15px;\n  font-weight: 700;\n  color: #1A1A1A;\n  margin-bottom: 8px;\n  line-height: 1.3;\n}\n.rdp-pontos-item-desc {\n  font-size: 14px;\n  color: #333333;\n  line-height: 1.6;\n  margin: 0;\n}\n@media (max-width: 768px) {\n  .rdp-pontos-wrapper {\n    padding: 20px 16px 14px;\n  }\n  .rdp-pontos-grid {\n    grid-template-columns: 1fr;\n    gap: 14px;\n  }\n  .rdp-pontos-title {\n    font-size: 18px;\n  }\n}\n<\/style>\n\n<div class=\"rdp-pontos-wrapper\">\n  <div class=\"rdp-pontos-title\">Leituras para Pensamento Cr\u00edtico e Sociedade<\/div>\n  <div class=\"rdp-pontos-grid\">\n    <div class=\"rdp-pontos-item\">\n      <span class=\"rdp-pontos-emoji\">\ud83e\uddec<\/span>\n      <div class=\"rdp-pontos-item-title\">Admir\u00e1vel Mundo Novo<\/div>\n      <p class=\"rdp-pontos-item-desc\">Aldous Huxley prop\u00f5e debates sobre \u00e9tica, tecnologia e o pre\u00e7o da estabilidade em troca da liberdade.<\/p>\n    <\/div>\n    <div class=\"rdp-pontos-item\">\n      <span class=\"rdp-pontos-emoji\">\ud83c\udf0d<\/span>\n      <div class=\"rdp-pontos-item-title\">Sapiens<\/div>\n      <p class=\"rdp-pontos-item-desc\">Yuval Noah Harari ajuda a questionar as constru\u00e7\u00f5es culturais e as &#8220;ordens imaginadas&#8221; da vida humana.<\/p>\n    <\/div>\n    <div class=\"rdp-pontos-item\">\n      <span class=\"rdp-pontos-emoji\">\u2640\ufe0f<\/span>\n      <div class=\"rdp-pontos-item-title\">O Segundo Sexo<\/div>\n      <p class=\"rdp-pontos-item-desc\">Simone de Beauvoir \u00e9 essencial para refletir sobre g\u00eanero e as constru\u00e7\u00f5es hist\u00f3ricas da identidade feminina.<\/p>\n    <\/div>\n    <div class=\"rdp-pontos-item\">\n      <span class=\"rdp-pontos-emoji\">\ud83d\uddf3\ufe0f<\/span>\n      <div class=\"rdp-pontos-item-title\">Como as Democracias Morrem<\/div>\n      <p class=\"rdp-pontos-item-desc\">Levitsky e Ziblatt oferecem ferramentas para entender a fragilidade das institui\u00e7\u00f5es pol\u00edticas atuais.<\/p>\n    <\/div>\n    <div class=\"rdp-pontos-item\">\n      <span class=\"rdp-pontos-emoji\">\ud83d\udc41\ufe0f<\/span>\n      <div class=\"rdp-pontos-item-title\">Vigiar e Punir<\/div>\n      <p class=\"rdp-pontos-item-desc\">Michel Foucault instiga o debate sobre controle social e a estrutura das institui\u00e7\u00f5es disciplinares modernas.<\/p>\n    <\/div>\n  <\/div>\n<\/div>\n<div style=\"clear:both;height:0;overflow:hidden;\"><\/div>\n\n\n\n<p>Aten\u00e7\u00e3o especial deve ser dada ao momento de debate ap\u00f3s a leitura, onde o professor atua como mediador de diferentes pontos de vista sem impor uma verdade \u00fanica. O uso de <strong>literatura dist\u00f3pica<\/strong> e ensaios sociol\u00f3gicos cria um ambiente seguro para o exerc\u00edcio da dial\u00e9tica, transformando a sala de aula em um laborat\u00f3rio de ideias onde a <strong>argumenta\u00e7\u00e3o fundamentada<\/strong> \u00e9 a principal regra de conviv\u00eancia.<\/p>\n\n\n\n<h2 class=\"wp-block-heading\">A constru\u00e7\u00e3o da autonomia intelectual atrav\u00e9s da leitura densa<\/h2>\n\n\n\n<p>Apresentar livros que exigem esfor\u00e7o interpretativo \u00e9 o caminho para que o aluno desenvolva a resili\u00eancia mental necess\u00e1ria para lidar com dilemas \u00e9ticos complexos. A <strong>curadoria pedag\u00f3gica<\/strong> deve priorizar autores que ofere\u00e7am m\u00faltiplas camadas de leitura, permitindo que o estudante exercite a sensibilidade e a l\u00f3gica de maneira integrada e constante ao longo de todo o ano acad\u00eamico.<\/p>\n\n\n\n<p>Essa pr\u00e1tica pedag\u00f3gica reduz a vulnerabilidade dos jovens a discursos extremistas e simplistas, promovendo uma cultura de toler\u00e2ncia baseada na compreens\u00e3o das diferen\u00e7as. O <strong>pensamento anal\u00edtico<\/strong> torna-se, assim, uma prote\u00e7\u00e3o contra a manipula\u00e7\u00e3o emocional, garantindo que o indiv\u00edduo seja capaz de tomar decis\u00f5es conscientes e \u00e9ticas em sua vida pessoal e profissional no futuro pr\u00f3ximo.<\/p>\n\n\n<div class=\"wp-block-image\">\n<figure class=\"aligncenter size-full\"><img decoding=\"async\" width=\"1280\" height=\"720\" src=\"https:\/\/www.correiobraziliense.com.br\/cbradar\/wp-content\/uploads\/2026\/04\/estudar.jpg\" alt=\"\" class=\"wp-image-228652\" srcset=\"https:\/\/www.correiobraziliense.com.br\/cbradar\/wp-content\/uploads\/2026\/04\/estudar.jpg 1280w, https:\/\/www.correiobraziliense.com.br\/cbradar\/wp-content\/uploads\/2026\/04\/estudar-300x169.jpg 300w, https:\/\/www.correiobraziliense.com.br\/cbradar\/wp-content\/uploads\/2026\/04\/estudar-768x432.jpg 768w, https:\/\/www.correiobraziliense.com.br\/cbradar\/wp-content\/uploads\/2026\/04\/estudar-750x422.jpg 750w, https:\/\/www.correiobraziliense.com.br\/cbradar\/wp-content\/uploads\/2026\/04\/estudar-1140x641.jpg 1140w\" sizes=\"(max-width: 1280px) 100vw, 1280px\" \/><figcaption class=\"wp-element-caption\">Lutar contra essa queda natural exige um cronograma que respeite os intervalos biol\u00f3gicos de descanso<\/figcaption><\/figure><\/div>\n\n\n<h2 class=\"wp-block-heading\">Incentive o questionamento como base do aprendizado cont\u00ednuo<\/h2>\n\n\n\n<p>O sucesso de uma educa\u00e7\u00e3o voltada para o questionamento \u00e9 percebido quando o aluno come\u00e7a a levar as reflex\u00f5es da sala de aula para o seu c\u00edrculo familiar e social. Ao recomendar estas obras, o professor planta sementes de d\u00favida met\u00f3dica que florescer\u00e3o em uma postura de <strong>protagonismo social<\/strong>, essencial para a manuten\u00e7\u00e3o de uma sociedade democr\u00e1tica, justa e intelectualmente vibrante.<\/p>\n\n\n\n<p>Continue explorando novos autores e temas que desafiem a zona de conforto dos estudantes, mantendo viva a chama da curiosidade que \u00e9 o motor de todo grande progresso humano. A <strong>independ\u00eancia de pensamento<\/strong> \u00e9 o maior legado que um mentor pode deixar, assegurando que o aprendizado nunca termine com a entrega do diploma, mas se torne uma busca permanente pela verdade e pela justi\u00e7a.<\/p>\n","protected":false},"excerpt":{"rendered":"<p>A habilidade de analisar informa\u00e7\u00f5es de forma independente e questionar a realidade \u00e9 uma das compet\u00eancias mais valiosas que a educa\u00e7\u00e3o moderna pode oferecer aos estudantes. Professores buscam obras que desafiem o senso comum e incentivem o pensamento cr\u00edtico, preparando os jovens para interpretar a complexidade da sociedade contempor\u00e2nea com maior clareza e autonomia intelectual. [&hellip;]<\/p>\n","protected":false},"author":9,"featured_media":234350,"comment_status":"open","ping_status":"open","sticky":false,"template":"","format":"standard","meta":{"_yoast_wpseo_focuskw":"pensamento cr\u00edtico","_yoast_wpseo_title":"","_yoast_wpseo_metadesc":"Livros que estimulam o pensamento cr\u00edtico ajudam jovens a questionar ideias e compreender melhor a sociedade atual.","jnews-multi-image_gallery":[],"jnews_single_post":{"format":"standard"},"jnews_primary_category":[],"jnews_social_meta":[],"jnews_override_counter":[],"footnotes":""},"categories":[112],"tags":[520,6221,244],"class_list":["post-233914","post","type-post","status-publish","format-standard","has-post-thumbnail","hentry","category-curiosidades","tag-livros","tag-pensamento-critico","tag-professores"],"yoast_head":"<!-- This site is optimized with the Yoast SEO plugin v24.6 - https:\/\/yoast.com\/wordpress\/plugins\/seo\/ -->\n<title>Os livros que professores indicam para despertar pensamento cr\u00edtico em sala de aula - Correio Braziliense - Radar<\/title>\n<meta name=\"description\" content=\"Livros que estimulam o pensamento cr\u00edtico ajudam jovens a questionar ideias e compreender melhor a sociedade atual.\" \/>\n<meta name=\"robots\" content=\"index, follow, max-snippet:-1, max-image-preview:large, max-video-preview:-1\" \/>\n<link rel=\"canonical\" href=\"https:\/\/www.correiobraziliense.com.br\/cbradar\/os-livros-que-professores-indicam-para-despertar-pensamento-critico-em-sala-de-aula\/\" \/>\n<meta property=\"og:locale\" content=\"pt_BR\" \/>\n<meta property=\"og:type\" content=\"article\" \/>\n<meta property=\"og:title\" content=\"Os livros que professores indicam para despertar pensamento cr\u00edtico em sala de aula - Correio Braziliense - Radar\" \/>\n<meta property=\"og:description\" content=\"Livros que estimulam o pensamento cr\u00edtico ajudam jovens a questionar ideias e compreender melhor a sociedade atual.\" \/>\n<meta property=\"og:url\" content=\"https:\/\/www.correiobraziliense.com.br\/cbradar\/os-livros-que-professores-indicam-para-despertar-pensamento-critico-em-sala-de-aula\/\" \/>\n<meta property=\"og:site_name\" content=\"Correio Braziliense - Radar\" \/>\n<meta property=\"article:published_time\" content=\"2026-04-30T22:45:00+00:00\" \/>\n<meta property=\"og:image\" content=\"https:\/\/www.correiobraziliense.com.br\/cbradar\/wp-content\/uploads\/2026\/04\/Alunos_debatendo_em_sala_de_202604291517.jpg\" \/>\n\t<meta property=\"og:image:width\" content=\"1280\" \/>\n\t<meta property=\"og:image:height\" content=\"720\" \/>\n\t<meta property=\"og:image:type\" content=\"image\/jpeg\" \/>\n<meta name=\"author\" content=\"Daniely Cardoso\" \/>\n<meta name=\"twitter:card\" content=\"summary_large_image\" \/>\n<meta name=\"twitter:label1\" content=\"Escrito por\" \/>\n\t<meta name=\"twitter:data1\" content=\"Daniely Cardoso\" \/>\n\t<meta name=\"twitter:label2\" content=\"Est. tempo de leitura\" \/>\n\t<meta name=\"twitter:data2\" content=\"6 minutos\" \/>\n<!-- \/ Yoast SEO plugin. -->","yoast_head_json":{"title":"Os livros que professores indicam para despertar pensamento cr\u00edtico em sala de aula - Correio Braziliense - Radar","description":"Livros que estimulam o pensamento cr\u00edtico ajudam jovens a questionar ideias e compreender melhor a sociedade atual.","robots":{"index":"index","follow":"follow","max-snippet":"max-snippet:-1","max-image-preview":"max-image-preview:large","max-video-preview":"max-video-preview:-1"},"canonical":"https:\/\/www.correiobraziliense.com.br\/cbradar\/os-livros-que-professores-indicam-para-despertar-pensamento-critico-em-sala-de-aula\/","og_locale":"pt_BR","og_type":"article","og_title":"Os livros que professores indicam para despertar pensamento cr\u00edtico em sala de aula - Correio Braziliense - Radar","og_description":"Livros que estimulam o pensamento cr\u00edtico ajudam jovens a questionar ideias e compreender melhor a sociedade atual.","og_url":"https:\/\/www.correiobraziliense.com.br\/cbradar\/os-livros-que-professores-indicam-para-despertar-pensamento-critico-em-sala-de-aula\/","og_site_name":"Correio Braziliense - Radar","article_published_time":"2026-04-30T22:45:00+00:00","og_image":[{"width":1280,"height":720,"url":"https:\/\/www.correiobraziliense.com.br\/cbradar\/wp-content\/uploads\/2026\/04\/Alunos_debatendo_em_sala_de_202604291517.jpg","type":"image\/jpeg"}],"author":"Daniely Cardoso","twitter_card":"summary_large_image","twitter_misc":{"Escrito por":"Daniely Cardoso","Est. tempo de leitura":"6 minutos"},"schema":{"@context":"https:\/\/schema.org","@graph":[{"@type":"WebPage","@id":"https:\/\/www.correiobraziliense.com.br\/cbradar\/os-livros-que-professores-indicam-para-despertar-pensamento-critico-em-sala-de-aula\/","url":"https:\/\/www.correiobraziliense.com.br\/cbradar\/os-livros-que-professores-indicam-para-despertar-pensamento-critico-em-sala-de-aula\/","name":"Os livros que professores indicam para despertar pensamento cr\u00edtico em sala de aula - Correio Braziliense - Radar","isPartOf":{"@id":"https:\/\/www.correiobraziliense.com.br\/cbradar\/#website"},"primaryImageOfPage":{"@id":"https:\/\/www.correiobraziliense.com.br\/cbradar\/os-livros-que-professores-indicam-para-despertar-pensamento-critico-em-sala-de-aula\/#primaryimage"},"image":{"@id":"https:\/\/www.correiobraziliense.com.br\/cbradar\/os-livros-que-professores-indicam-para-despertar-pensamento-critico-em-sala-de-aula\/#primaryimage"},"thumbnailUrl":"https:\/\/www.correiobraziliense.com.br\/cbradar\/wp-content\/uploads\/2026\/04\/Alunos_debatendo_em_sala_de_202604291517.jpg","datePublished":"2026-04-30T22:45:00+00:00","author":{"@id":"https:\/\/www.correiobraziliense.com.br\/cbradar\/#\/schema\/person\/7356666e12ec0ee53f348ee5db227032"},"description":"Livros que estimulam o pensamento cr\u00edtico ajudam jovens a questionar ideias e compreender melhor a sociedade atual.","breadcrumb":{"@id":"https:\/\/www.correiobraziliense.com.br\/cbradar\/os-livros-que-professores-indicam-para-despertar-pensamento-critico-em-sala-de-aula\/#breadcrumb"},"inLanguage":"pt-BR","potentialAction":[{"@type":"ReadAction","target":["https:\/\/www.correiobraziliense.com.br\/cbradar\/os-livros-que-professores-indicam-para-despertar-pensamento-critico-em-sala-de-aula\/"]}]},{"@type":"ImageObject","inLanguage":"pt-BR","@id":"https:\/\/www.correiobraziliense.com.br\/cbradar\/os-livros-que-professores-indicam-para-despertar-pensamento-critico-em-sala-de-aula\/#primaryimage","url":"https:\/\/www.correiobraziliense.com.br\/cbradar\/wp-content\/uploads\/2026\/04\/Alunos_debatendo_em_sala_de_202604291517.jpg","contentUrl":"https:\/\/www.correiobraziliense.com.br\/cbradar\/wp-content\/uploads\/2026\/04\/Alunos_debatendo_em_sala_de_202604291517.jpg","width":1280,"height":720,"caption":"O contato com diferentes perspectivas amplia o pensamento cr\u00edtico"},{"@type":"BreadcrumbList","@id":"https:\/\/www.correiobraziliense.com.br\/cbradar\/os-livros-que-professores-indicam-para-despertar-pensamento-critico-em-sala-de-aula\/#breadcrumb","itemListElement":[{"@type":"ListItem","position":1,"name":"In\u00edcio","item":"https:\/\/www.correiobraziliense.com.br\/cbradar\/"},{"@type":"ListItem","position":2,"name":"Os livros que professores indicam para despertar pensamento cr\u00edtico em sala de aula"}]},{"@type":"WebSite","@id":"https:\/\/www.correiobraziliense.com.br\/cbradar\/#website","url":"https:\/\/www.correiobraziliense.com.br\/cbradar\/","name":"Correio Braziliense - Radar","description":"Acompanhe as \u00faltimas not\u00edcias e fique bem informado sobre tudo o que acontece no Brasil e no mundo.","potentialAction":[{"@type":"SearchAction","target":{"@type":"EntryPoint","urlTemplate":"https:\/\/www.correiobraziliense.com.br\/cbradar\/?s={search_term_string}"},"query-input":{"@type":"PropertyValueSpecification","valueRequired":true,"valueName":"search_term_string"}}],"inLanguage":"pt-BR"},{"@type":"Person","@id":"https:\/\/www.correiobraziliense.com.br\/cbradar\/#\/schema\/person\/7356666e12ec0ee53f348ee5db227032","name":"Daniely Cardoso","image":{"@type":"ImageObject","inLanguage":"pt-BR","@id":"https:\/\/www.correiobraziliense.com.br\/cbradar\/#\/schema\/person\/image\/","url":"https:\/\/secure.gravatar.com\/avatar\/4b80ddbd124d1f071b626d52d62e5dff?s=96&d=mm&r=g","contentUrl":"https:\/\/secure.gravatar.com\/avatar\/4b80ddbd124d1f071b626d52d62e5dff?s=96&d=mm&r=g","caption":"Daniely Cardoso"},"description":"Redatora nos portais CB Radar e EM Foco, formada pela Universidade Federal de Goi\u00e1s, em Goi\u00e2nia. Apaixonada por comunica\u00e7\u00e3o, arte, decora\u00e7\u00e3o e tend\u00eancias, atuo na produ\u00e7\u00e3o de conte\u00fados envolventes sobre curiosidades, moda, beleza e paisagismo, sempre com um olhar atento \u00e0s novidades do momento.","sameAs":["https:\/\/www.correiobraziliense.com.br\/cbradar"],"url":"https:\/\/www.correiobraziliense.com.br\/cbradar\/author\/danielymyth\/"}]}},"_links":{"self":[{"href":"https:\/\/www.correiobraziliense.com.br\/cbradar\/wp-json\/wp\/v2\/posts\/233914","targetHints":{"allow":["GET"]}}],"collection":[{"href":"https:\/\/www.correiobraziliense.com.br\/cbradar\/wp-json\/wp\/v2\/posts"}],"about":[{"href":"https:\/\/www.correiobraziliense.com.br\/cbradar\/wp-json\/wp\/v2\/types\/post"}],"author":[{"embeddable":true,"href":"https:\/\/www.correiobraziliense.com.br\/cbradar\/wp-json\/wp\/v2\/users\/9"}],"replies":[{"embeddable":true,"href":"https:\/\/www.correiobraziliense.com.br\/cbradar\/wp-json\/wp\/v2\/comments?post=233914"}],"version-history":[{"count":2,"href":"https:\/\/www.correiobraziliense.com.br\/cbradar\/wp-json\/wp\/v2\/posts\/233914\/revisions"}],"predecessor-version":[{"id":233921,"href":"https:\/\/www.correiobraziliense.com.br\/cbradar\/wp-json\/wp\/v2\/posts\/233914\/revisions\/233921"}],"wp:featuredmedia":[{"embeddable":true,"href":"https:\/\/www.correiobraziliense.com.br\/cbradar\/wp-json\/wp\/v2\/media\/234350"}],"wp:attachment":[{"href":"https:\/\/www.correiobraziliense.com.br\/cbradar\/wp-json\/wp\/v2\/media?parent=233914"}],"wp:term":[{"taxonomy":"category","embeddable":true,"href":"https:\/\/www.correiobraziliense.com.br\/cbradar\/wp-json\/wp\/v2\/categories?post=233914"},{"taxonomy":"post_tag","embeddable":true,"href":"https:\/\/www.correiobraziliense.com.br\/cbradar\/wp-json\/wp\/v2\/tags?post=233914"}],"curies":[{"name":"wp","href":"https:\/\/api.w.org\/{rel}","templated":true}]}}