{"id":233925,"date":"2026-04-30T08:15:00","date_gmt":"2026-04-30T11:15:00","guid":{"rendered":"https:\/\/www.correiobraziliense.com.br\/cbradar\/?p=233925"},"modified":"2026-04-29T15:51:07","modified_gmt":"2026-04-29T18:51:07","slug":"as-3-racas-de-caes-mais-calmas-para-quem-quer-tranquilidade-em-casa-segundo-especialistas","status":"publish","type":"post","link":"https:\/\/www.correiobraziliense.com.br\/cbradar\/as-3-racas-de-caes-mais-calmas-para-quem-quer-tranquilidade-em-casa-segundo-especialistas\/","title":{"rendered":"As 3 ra\u00e7as de c\u00e3es mais calmas para quem quer tranquilidade em casa, segundo especialistas"},"content":{"rendered":"\n<p>Encontrar o companheiro ideal para um ambiente sereno exige aten\u00e7\u00e3o ao temperamento gen\u00e9tico de cada animal e ao n\u00edvel de energia que ele demanda no cotidiano. Especialistas em comportamento canino afirmam que a escolha da <strong>ra\u00e7a de cachorro<\/strong> correta pode transformar a din\u00e2mica do lar, proporcionando momentos de relaxamento e companhia silenciosa para os tutores.<\/p>\n\n\n\n<h2 class=\"wp-block-heading\">O Shih Tzu e a adapta\u00e7\u00e3o perfeita aos espa\u00e7os internos<\/h2>\n\n\n\n<p>O <strong>Shih Tzu<\/strong> \u00e9 amplamente reconhecido como um dos c\u00e3es mais d\u00f3ceis e tranquilos para se viver em apartamentos ou resid\u00eancias menores. Com um baixo n\u00edvel de exig\u00eancia por exerc\u00edcios f\u00edsicos intensos, este animal prefere o conforto do sof\u00e1 ao lado de seus donos, demonstrando uma <strong>personalidade afetuosa<\/strong> que raramente apresenta tra\u00e7os de agressividade ou agita\u00e7\u00e3o excessiva.<\/p>\n\n\n\n<p>Sua natureza independente permite que ele lide bem com per\u00edodos curtos de solid\u00e3o, desde que receba o carinho necess\u00e1rio quando a fam\u00edlia est\u00e1 presente. Manter uma rotina de cuidados com a pelagem e oferecer brinquedos de est\u00edmulo mental garante que o <strong>Shih Tzu<\/strong> permane\u00e7a equilibrado, tornando-se o guardi\u00e3o perfeito para quem valoriza o sil\u00eancio e a paz dom\u00e9stica no dia a dia.<\/p>\n\n\n<div class=\"wp-block-image\">\n<figure class=\"aligncenter size-full\"><img decoding=\"async\" width=\"1280\" height=\"720\" src=\"https:\/\/www.correiobraziliense.com.br\/cbradar\/wp-content\/uploads\/2026\/04\/Shih-Tzu.jpg\" alt=\"\" class=\"wp-image-228636\" srcset=\"https:\/\/www.correiobraziliense.com.br\/cbradar\/wp-content\/uploads\/2026\/04\/Shih-Tzu.jpg 1280w, https:\/\/www.correiobraziliense.com.br\/cbradar\/wp-content\/uploads\/2026\/04\/Shih-Tzu-300x169.jpg 300w, https:\/\/www.correiobraziliense.com.br\/cbradar\/wp-content\/uploads\/2026\/04\/Shih-Tzu-768x432.jpg 768w, https:\/\/www.correiobraziliense.com.br\/cbradar\/wp-content\/uploads\/2026\/04\/Shih-Tzu-750x422.jpg 750w, https:\/\/www.correiobraziliense.com.br\/cbradar\/wp-content\/uploads\/2026\/04\/Shih-Tzu-1140x641.jpg 1140w\" sizes=\"(max-width: 1280px) 100vw, 1280px\" \/><figcaption class=\"wp-element-caption\">Outra ra\u00e7a que domina os condom\u00ednios brasileiros \u00e9 o Shih Tzu, conhecido por ser um &#8220;c\u00e3o de colo&#8221; <\/figcaption><\/figure><\/div>\n\n\n<h2 class=\"wp-block-heading\">Basset Hound e o magnetismo do descanso profundo<\/h2>\n\n\n\n<p>Conhecido mundialmente por suas orelhas longas e olhar melanc\u00f3lico, o <strong>Basset Hound<\/strong> personifica o conceito de &#8220;cachorro de pregui\u00e7a&#8221;. Apesar de sua origem como ca\u00e7ador, essa ra\u00e7a desenvolveu um <strong>comportamento sedent\u00e1rio<\/strong> em ambientes familiares, sendo extremamente paciente com crian\u00e7as e outros animais, o que evita conflitos ou correrias desnecess\u00e1rias dentro de casa.<\/p>\n\n\n\n<p>Dica de ouro: embora sejam calmos, esses c\u00e3es precisam de caminhadas curtas e lentas para evitar o sobrepeso, respeitando sempre o ritmo desacelerado da ra\u00e7a. A lealdade do <strong>Basset Hound<\/strong> se manifesta atrav\u00e9s de uma presen\u00e7a constante e silenciosa, ideal para escritores, idosos ou pessoas que trabalham em regime de home office e precisam de <strong>foco e concentra\u00e7\u00e3o<\/strong> total em suas tarefas.<\/p>\n\n\n\n<h2 class=\"wp-block-heading\">Golden Retriever e a estabilidade emocional em grandes portes<\/h2>\n\n\n\n<p>Embora muitos associem c\u00e3es grandes \u00e0 bagun\u00e7a, o <strong>Golden Retriever<\/strong> \u00e9 um exemplo cl\u00e1ssico de equil\u00edbrio quando atinge a maturidade. Sua intelig\u00eancia superior permite que ele compreenda rapidamente as regras da casa, adaptando sua energia ao ambiente para oferecer uma <strong>conviv\u00eancia harmoniosa<\/strong> e extremamente segura para todos os membros da fam\u00edlia, inclusive beb\u00eas.<\/p>\n\n\n<div class=\"wp-block-image\">\n<figure class=\"aligncenter size-full\"><img decoding=\"async\" width=\"1280\" height=\"720\" src=\"https:\/\/www.correiobraziliense.com.br\/cbradar\/wp-content\/uploads\/2026\/04\/raca-de-caes.jpg\" alt=\"\" class=\"wp-image-233926\" srcset=\"https:\/\/www.correiobraziliense.com.br\/cbradar\/wp-content\/uploads\/2026\/04\/raca-de-caes.jpg 1280w, https:\/\/www.correiobraziliense.com.br\/cbradar\/wp-content\/uploads\/2026\/04\/raca-de-caes-300x169.jpg 300w, https:\/\/www.correiobraziliense.com.br\/cbradar\/wp-content\/uploads\/2026\/04\/raca-de-caes-768x432.jpg 768w, https:\/\/www.correiobraziliense.com.br\/cbradar\/wp-content\/uploads\/2026\/04\/raca-de-caes-750x422.jpg 750w, https:\/\/www.correiobraziliense.com.br\/cbradar\/wp-content\/uploads\/2026\/04\/raca-de-caes-1140x641.jpg 1140w\" sizes=\"(max-width: 1280px) 100vw, 1280px\" \/><figcaption class=\"wp-element-caption\">Aten\u00e7\u00e3o especial deve ser dada \u00e0 fase de filhote<\/figcaption><\/figure><\/div>\n\n\n<p>Aten\u00e7\u00e3o especial deve ser dada \u00e0 fase de filhote, que costuma ser mais ativa em todas as ra\u00e7as citadas antes de alcan\u00e7arem o <strong>temperamento adulto<\/strong> definitivo. Investir em adestramento positivo desde as primeiras semanas de vida ajuda a moldar um animal educado, que entende os limites do espa\u00e7o f\u00edsico e respeita os momentos de descanso coletivo, fortalecendo a <strong>conex\u00e3o entre tutor e pet<\/strong> de forma saud\u00e1vel.<\/p>\n\n\n\n<h2 class=\"wp-block-heading\">Como manter a serenidade do animal no ambiente dom\u00e9stico<\/h2>\n\n\n\n<p>A calma de um c\u00e3o \u00e9 influenciada n\u00e3o apenas pela sua gen\u00e9tica, mas tamb\u00e9m pelo est\u00edmulo ambiental que ele recebe dos seres humanos com quem convive. Evitar gritos, movimentos bruscos e sons muito altos ajuda a manter o <strong>equil\u00edbrio psicol\u00f3gico<\/strong> do c\u00e3o, prevenindo crises de ansiedade que poderiam gerar comportamentos destrutivos ou latidos constantes por estresse acumulado.<\/p>\n\n\n\n<p>Proporcionar uma alimenta\u00e7\u00e3o de alta qualidade e visitas regulares ao veterin\u00e1rio garante que o animal n\u00e3o sinta dores ou desconfortos que possam alterar seu humor natural. Um c\u00e3o saud\u00e1vel \u00e9, por defini\u00e7\u00e3o, um animal mais relaxado e propenso a aproveitar a <strong>tranquilidade do lar<\/strong>, retribuindo o cuidado com uma fidelidade incondicional e muitos momentos de ternura e carinho genu\u00edno.<\/p>\n\n\n\n<p>Para aprofundar no tema, separamos esse v\u00eddeo do canal <a href=\"https:\/\/www.youtube.com\/@PeritoAnimal\" target=\"_blank\" rel=\"noreferrer noopener\">PeritoAnimal<\/a> mostrando mais ra\u00e7as de c\u00e3es tranquilas:<\/p>\n\n\n\n<figure class=\"wp-block-embed is-type-video is-provider-youtube wp-block-embed-youtube wp-embed-aspect-16-9 wp-has-aspect-ratio\"><div class=\"wp-block-embed__wrapper\">\n<div class=\"jeg_video_container jeg_video_content\"><iframe loading=\"lazy\" title=\"10 RA\u00c7AS CALMAS DE CACHORROS e suas caracter\u00edsticas\" width=\"500\" height=\"281\" src=\"https:\/\/www.youtube.com\/embed\/wjZFI8i8Zdw?feature=oembed\" frameborder=\"0\" allow=\"accelerometer; autoplay; clipboard-write; encrypted-media; gyroscope; picture-in-picture; web-share\" referrerpolicy=\"strict-origin-when-cross-origin\" allowfullscreen><\/iframe><\/div>\n<\/div><\/figure>\n\n\n\n<h2 class=\"wp-block-heading\">Escolha a ra\u00e7a que melhor se conecta ao seu estilo de vida<\/h2>\n\n\n\n<p>Optar por uma das ra\u00e7as mais calmas \u00e9 o primeiro passo para garantir que a chegada de um novo membro n\u00e3o interrompa a paz que voc\u00ea j\u00e1 conquistou em sua rotina. Ao respeitar as caracter\u00edsticas individuais de cada c\u00e3o, voc\u00ea cria um ambiente onde a <strong>prosperidade emocional<\/strong> de ambos floresce, transformando sua casa em um verdadeiro ref\u00fagio contra o caos do mundo exterior.<\/p>\n\n\n\n<p>Lembre-se que cada animal \u00e9 \u00fanico e, mesmo dentro das ra\u00e7as mais tranquilas, existem varia\u00e7\u00f5es de personalidade que devem ser observadas com paci\u00eancia e amor. Mantenha seu cora\u00e7\u00e3o aberto para entender a linguagem silenciosa do seu pet e voc\u00ea descobrir\u00e1 que a <strong>felicidade canina<\/strong> reside, muitas vezes, na simplicidade de um sono tranquilo ao p\u00e9 da sua poltrona favorita.<\/p>\n","protected":false},"excerpt":{"rendered":"<p>Encontrar o companheiro ideal para um ambiente sereno exige aten\u00e7\u00e3o ao temperamento gen\u00e9tico de cada animal e ao n\u00edvel de energia que ele demanda no cotidiano. Especialistas em comportamento canino afirmam que a escolha da ra\u00e7a de cachorro correta pode transformar a din\u00e2mica do lar, proporcionando momentos de relaxamento e companhia silenciosa para os tutores. [&hellip;]<\/p>\n","protected":false},"author":9,"featured_media":234367,"comment_status":"open","ping_status":"open","sticky":false,"template":"","format":"standard","meta":{"_yoast_wpseo_focuskw":"ra\u00e7as de c\u00e3es calmas","_yoast_wpseo_title":"","_yoast_wpseo_metadesc":"Ra\u00e7as de cachorro mais calmas ajudam a manter um ambiente tranquilo e equilibrado dentro de casa.","jnews-multi-image_gallery":[],"jnews_single_post":{"format":"standard"},"jnews_primary_category":[],"jnews_social_meta":[],"jnews_override_counter":[],"footnotes":""},"categories":[112],"tags":[6008,1008,18352],"class_list":["post-233925","post","type-post","status-publish","format-standard","has-post-thumbnail","hentry","category-curiosidades","tag-caes","tag-pets","tag-racas-de-caes-calmas"],"yoast_head":"<!-- This site is optimized with the Yoast SEO plugin v24.6 - https:\/\/yoast.com\/wordpress\/plugins\/seo\/ -->\n<title>As 3 ra\u00e7as de c\u00e3es mais calmas para quem quer tranquilidade em casa, segundo especialistas - Correio Braziliense - Radar<\/title>\n<meta name=\"description\" content=\"Ra\u00e7as de cachorro mais calmas ajudam a manter um ambiente tranquilo e equilibrado dentro de casa.\" \/>\n<meta name=\"robots\" content=\"index, follow, max-snippet:-1, max-image-preview:large, max-video-preview:-1\" \/>\n<link rel=\"canonical\" href=\"https:\/\/www.correiobraziliense.com.br\/cbradar\/as-3-racas-de-caes-mais-calmas-para-quem-quer-tranquilidade-em-casa-segundo-especialistas\/\" \/>\n<meta property=\"og:locale\" content=\"pt_BR\" \/>\n<meta property=\"og:type\" content=\"article\" \/>\n<meta property=\"og:title\" content=\"As 3 ra\u00e7as de c\u00e3es mais calmas para quem quer tranquilidade em casa, segundo especialistas - Correio Braziliense - Radar\" \/>\n<meta property=\"og:description\" content=\"Ra\u00e7as de cachorro mais calmas ajudam a manter um ambiente tranquilo e equilibrado dentro de casa.\" \/>\n<meta property=\"og:url\" content=\"https:\/\/www.correiobraziliense.com.br\/cbradar\/as-3-racas-de-caes-mais-calmas-para-quem-quer-tranquilidade-em-casa-segundo-especialistas\/\" \/>\n<meta property=\"og:site_name\" content=\"Correio Braziliense - Radar\" \/>\n<meta property=\"article:published_time\" content=\"2026-04-30T11:15:00+00:00\" \/>\n<meta property=\"og:image\" content=\"https:\/\/www.correiobraziliense.com.br\/cbradar\/wp-content\/uploads\/2026\/04\/Cachorro_deitado_em_sala_202604291541.jpg\" \/>\n\t<meta property=\"og:image:width\" content=\"1280\" \/>\n\t<meta property=\"og:image:height\" content=\"720\" \/>\n\t<meta property=\"og:image:type\" content=\"image\/jpeg\" \/>\n<meta name=\"author\" content=\"Daniely Cardoso\" \/>\n<meta name=\"twitter:card\" content=\"summary_large_image\" \/>\n<meta name=\"twitter:label1\" content=\"Escrito por\" \/>\n\t<meta name=\"twitter:data1\" content=\"Daniely Cardoso\" \/>\n\t<meta name=\"twitter:label2\" content=\"Est. tempo de leitura\" \/>\n\t<meta name=\"twitter:data2\" content=\"5 minutos\" \/>\n<!-- \/ Yoast SEO plugin. -->","yoast_head_json":{"title":"As 3 ra\u00e7as de c\u00e3es mais calmas para quem quer tranquilidade em casa, segundo especialistas - Correio Braziliense - Radar","description":"Ra\u00e7as de cachorro mais calmas ajudam a manter um ambiente tranquilo e equilibrado dentro de casa.","robots":{"index":"index","follow":"follow","max-snippet":"max-snippet:-1","max-image-preview":"max-image-preview:large","max-video-preview":"max-video-preview:-1"},"canonical":"https:\/\/www.correiobraziliense.com.br\/cbradar\/as-3-racas-de-caes-mais-calmas-para-quem-quer-tranquilidade-em-casa-segundo-especialistas\/","og_locale":"pt_BR","og_type":"article","og_title":"As 3 ra\u00e7as de c\u00e3es mais calmas para quem quer tranquilidade em casa, segundo especialistas - Correio Braziliense - Radar","og_description":"Ra\u00e7as de cachorro mais calmas ajudam a manter um ambiente tranquilo e equilibrado dentro de casa.","og_url":"https:\/\/www.correiobraziliense.com.br\/cbradar\/as-3-racas-de-caes-mais-calmas-para-quem-quer-tranquilidade-em-casa-segundo-especialistas\/","og_site_name":"Correio Braziliense - Radar","article_published_time":"2026-04-30T11:15:00+00:00","og_image":[{"width":1280,"height":720,"url":"https:\/\/www.correiobraziliense.com.br\/cbradar\/wp-content\/uploads\/2026\/04\/Cachorro_deitado_em_sala_202604291541.jpg","type":"image\/jpeg"}],"author":"Daniely Cardoso","twitter_card":"summary_large_image","twitter_misc":{"Escrito por":"Daniely Cardoso","Est. tempo de leitura":"5 minutos"},"schema":{"@context":"https:\/\/schema.org","@graph":[{"@type":"WebPage","@id":"https:\/\/www.correiobraziliense.com.br\/cbradar\/as-3-racas-de-caes-mais-calmas-para-quem-quer-tranquilidade-em-casa-segundo-especialistas\/","url":"https:\/\/www.correiobraziliense.com.br\/cbradar\/as-3-racas-de-caes-mais-calmas-para-quem-quer-tranquilidade-em-casa-segundo-especialistas\/","name":"As 3 ra\u00e7as de c\u00e3es mais calmas para quem quer tranquilidade em casa, segundo especialistas - Correio Braziliense - Radar","isPartOf":{"@id":"https:\/\/www.correiobraziliense.com.br\/cbradar\/#website"},"primaryImageOfPage":{"@id":"https:\/\/www.correiobraziliense.com.br\/cbradar\/as-3-racas-de-caes-mais-calmas-para-quem-quer-tranquilidade-em-casa-segundo-especialistas\/#primaryimage"},"image":{"@id":"https:\/\/www.correiobraziliense.com.br\/cbradar\/as-3-racas-de-caes-mais-calmas-para-quem-quer-tranquilidade-em-casa-segundo-especialistas\/#primaryimage"},"thumbnailUrl":"https:\/\/www.correiobraziliense.com.br\/cbradar\/wp-content\/uploads\/2026\/04\/Cachorro_deitado_em_sala_202604291541.jpg","datePublished":"2026-04-30T11:15:00+00:00","author":{"@id":"https:\/\/www.correiobraziliense.com.br\/cbradar\/#\/schema\/person\/7356666e12ec0ee53f348ee5db227032"},"description":"Ra\u00e7as de cachorro mais calmas ajudam a manter um ambiente tranquilo e equilibrado dentro de casa.","breadcrumb":{"@id":"https:\/\/www.correiobraziliense.com.br\/cbradar\/as-3-racas-de-caes-mais-calmas-para-quem-quer-tranquilidade-em-casa-segundo-especialistas\/#breadcrumb"},"inLanguage":"pt-BR","potentialAction":[{"@type":"ReadAction","target":["https:\/\/www.correiobraziliense.com.br\/cbradar\/as-3-racas-de-caes-mais-calmas-para-quem-quer-tranquilidade-em-casa-segundo-especialistas\/"]}]},{"@type":"ImageObject","inLanguage":"pt-BR","@id":"https:\/\/www.correiobraziliense.com.br\/cbradar\/as-3-racas-de-caes-mais-calmas-para-quem-quer-tranquilidade-em-casa-segundo-especialistas\/#primaryimage","url":"https:\/\/www.correiobraziliense.com.br\/cbradar\/wp-content\/uploads\/2026\/04\/Cachorro_deitado_em_sala_202604291541.jpg","contentUrl":"https:\/\/www.correiobraziliense.com.br\/cbradar\/wp-content\/uploads\/2026\/04\/Cachorro_deitado_em_sala_202604291541.jpg","width":1280,"height":720,"caption":"Algumas ra\u00e7as s\u00e3o conhecidas por comportamento mais tranquilo"},{"@type":"BreadcrumbList","@id":"https:\/\/www.correiobraziliense.com.br\/cbradar\/as-3-racas-de-caes-mais-calmas-para-quem-quer-tranquilidade-em-casa-segundo-especialistas\/#breadcrumb","itemListElement":[{"@type":"ListItem","position":1,"name":"In\u00edcio","item":"https:\/\/www.correiobraziliense.com.br\/cbradar\/"},{"@type":"ListItem","position":2,"name":"As 3 ra\u00e7as de c\u00e3es mais calmas para quem quer tranquilidade em casa, segundo especialistas"}]},{"@type":"WebSite","@id":"https:\/\/www.correiobraziliense.com.br\/cbradar\/#website","url":"https:\/\/www.correiobraziliense.com.br\/cbradar\/","name":"Correio Braziliense - Radar","description":"Acompanhe as \u00faltimas not\u00edcias e fique bem informado sobre tudo o que acontece no Brasil e no mundo.","potentialAction":[{"@type":"SearchAction","target":{"@type":"EntryPoint","urlTemplate":"https:\/\/www.correiobraziliense.com.br\/cbradar\/?s={search_term_string}"},"query-input":{"@type":"PropertyValueSpecification","valueRequired":true,"valueName":"search_term_string"}}],"inLanguage":"pt-BR"},{"@type":"Person","@id":"https:\/\/www.correiobraziliense.com.br\/cbradar\/#\/schema\/person\/7356666e12ec0ee53f348ee5db227032","name":"Daniely Cardoso","image":{"@type":"ImageObject","inLanguage":"pt-BR","@id":"https:\/\/www.correiobraziliense.com.br\/cbradar\/#\/schema\/person\/image\/","url":"https:\/\/secure.gravatar.com\/avatar\/4b80ddbd124d1f071b626d52d62e5dff?s=96&d=mm&r=g","contentUrl":"https:\/\/secure.gravatar.com\/avatar\/4b80ddbd124d1f071b626d52d62e5dff?s=96&d=mm&r=g","caption":"Daniely Cardoso"},"description":"Redatora nos portais CB Radar e EM Foco, formada pela Universidade Federal de Goi\u00e1s, em Goi\u00e2nia. Apaixonada por comunica\u00e7\u00e3o, arte, decora\u00e7\u00e3o e tend\u00eancias, atuo na produ\u00e7\u00e3o de conte\u00fados envolventes sobre curiosidades, moda, beleza e paisagismo, sempre com um olhar atento \u00e0s novidades do momento.","sameAs":["https:\/\/www.correiobraziliense.com.br\/cbradar"],"url":"https:\/\/www.correiobraziliense.com.br\/cbradar\/author\/danielymyth\/"}]}},"_links":{"self":[{"href":"https:\/\/www.correiobraziliense.com.br\/cbradar\/wp-json\/wp\/v2\/posts\/233925","targetHints":{"allow":["GET"]}}],"collection":[{"href":"https:\/\/www.correiobraziliense.com.br\/cbradar\/wp-json\/wp\/v2\/posts"}],"about":[{"href":"https:\/\/www.correiobraziliense.com.br\/cbradar\/wp-json\/wp\/v2\/types\/post"}],"author":[{"embeddable":true,"href":"https:\/\/www.correiobraziliense.com.br\/cbradar\/wp-json\/wp\/v2\/users\/9"}],"replies":[{"embeddable":true,"href":"https:\/\/www.correiobraziliense.com.br\/cbradar\/wp-json\/wp\/v2\/comments?post=233925"}],"version-history":[{"count":1,"href":"https:\/\/www.correiobraziliense.com.br\/cbradar\/wp-json\/wp\/v2\/posts\/233925\/revisions"}],"predecessor-version":[{"id":233927,"href":"https:\/\/www.correiobraziliense.com.br\/cbradar\/wp-json\/wp\/v2\/posts\/233925\/revisions\/233927"}],"wp:featuredmedia":[{"embeddable":true,"href":"https:\/\/www.correiobraziliense.com.br\/cbradar\/wp-json\/wp\/v2\/media\/234367"}],"wp:attachment":[{"href":"https:\/\/www.correiobraziliense.com.br\/cbradar\/wp-json\/wp\/v2\/media?parent=233925"}],"wp:term":[{"taxonomy":"category","embeddable":true,"href":"https:\/\/www.correiobraziliense.com.br\/cbradar\/wp-json\/wp\/v2\/categories?post=233925"},{"taxonomy":"post_tag","embeddable":true,"href":"https:\/\/www.correiobraziliense.com.br\/cbradar\/wp-json\/wp\/v2\/tags?post=233925"}],"curies":[{"name":"wp","href":"https:\/\/api.w.org\/{rel}","templated":true}]}}