{"id":233929,"date":"2026-04-30T10:45:00","date_gmt":"2026-04-30T13:45:00","guid":{"rendered":"https:\/\/www.correiobraziliense.com.br\/cbradar\/?p=233929"},"modified":"2026-04-29T15:36:03","modified_gmt":"2026-04-29T18:36:03","slug":"quem-busca-um-cachorro-calmo-para-casa-costuma-se-interessar-por-estas-3-racas","status":"publish","type":"post","link":"https:\/\/www.correiobraziliense.com.br\/cbradar\/quem-busca-um-cachorro-calmo-para-casa-costuma-se-interessar-por-estas-3-racas\/","title":{"rendered":"Quem busca um cachorro calmo para casa costuma se interessar por estas 3 ra\u00e7as"},"content":{"rendered":"\n<p>Encontrar o companheiro perfeito exige entender como o temperamento animal se adapta ao ritmo da rotina dom\u00e9stica moderna. Muitas fam\u00edlias buscam animais que apreciam o descanso e possuem baixa reatividade, transformando o ambiente em um espa\u00e7o de conviv\u00eancia harmoniosa e relaxante para todos os moradores.<\/p>\n\n\n\n<h2 class=\"wp-block-heading\">Perfil do cachorro calmo para viver em ambientes fechados<\/h2>\n\n\n\n<p>Um <strong>cachorro calmo para casa<\/strong> n\u00e3o \u00e9 apenas aquele que dorme muito, mas sim o animal que apresenta <strong>estabilidade emocional<\/strong> diante de barulhos e movimenta\u00e7\u00f5es comuns. Essas ra\u00e7as costumam ter um gasto energ\u00e9tico moderado, sentindo-se plenamente satisfeitas com caminhadas curtas e momentos de intera\u00e7\u00e3o tranquila com seus tutores.<\/p>\n\n\n\n<p>A escolha correta evita comportamentos destrutivos e garante que o <strong>bem-estar animal<\/strong> seja preservado mesmo em metr\u00f3poles como <strong>S\u00e3o Paulo<\/strong> ou <strong>Nova York<\/strong>. Priorizar linhagens conhecidas pela <strong>docilidade<\/strong> facilita a adapta\u00e7\u00e3o em locais onde o sil\u00eancio e a organiza\u00e7\u00e3o s\u00e3o fundamentais para a boa vizinhan\u00e7a.<\/p>\n\n\n<div class=\"wp-block-image\">\n<figure class=\"aligncenter size-full\"><img decoding=\"async\" width=\"1280\" height=\"720\" src=\"https:\/\/www.correiobraziliense.com.br\/cbradar\/wp-content\/uploads\/2026\/04\/Pug-_1776822782140.jpg\" alt=\"\" class=\"wp-image-229818\" srcset=\"https:\/\/www.correiobraziliense.com.br\/cbradar\/wp-content\/uploads\/2026\/04\/Pug-_1776822782140.jpg 1280w, https:\/\/www.correiobraziliense.com.br\/cbradar\/wp-content\/uploads\/2026\/04\/Pug-_1776822782140-300x169.jpg 300w, https:\/\/www.correiobraziliense.com.br\/cbradar\/wp-content\/uploads\/2026\/04\/Pug-_1776822782140-768x432.jpg 768w, https:\/\/www.correiobraziliense.com.br\/cbradar\/wp-content\/uploads\/2026\/04\/Pug-_1776822782140-750x422.jpg 750w, https:\/\/www.correiobraziliense.com.br\/cbradar\/wp-content\/uploads\/2026\/04\/Pug-_1776822782140-1140x641.jpg 1140w\" sizes=\"(max-width: 1280px) 100vw, 1280px\" \/><figcaption class=\"wp-element-caption\">O Pug \u00e9 frequentemente lembrado como um companheiro de apartamento que aprecia a proximidade constante sem exigir horas de caminhada intensa &#8211; Cr\u00e9ditos: depositphotos.com \/ AndrewLozovyi<\/figcaption><\/figure><\/div>\n\n\n<h2 class=\"wp-block-heading\">O charme e a tranquilidade do Pug no cotidiano<\/h2>\n\n\n\n<p>O <strong>Pug<\/strong> \u00e9 amplamente reconhecido como um dos melhores c\u00e3es de companhia devido ao seu n\u00edvel de atividade reduzido e <strong>natureza afetuosa<\/strong>. Por ser uma ra\u00e7a braquicef\u00e1lica, ele naturalmente prefere ambientes climatizados e evita esfor\u00e7os f\u00edsicos intensos, tornando-se o parceiro ideal para quem passa muito tempo lendo ou assistindo televis\u00e3o.<\/p>\n\n\n\n<p>Sua personalidade equilibrada permite que ele conviva bem com crian\u00e7as e outros animais de estima\u00e7\u00e3o sem gerar conflitos por territ\u00f3rio. <em>Ponto de aten\u00e7\u00e3o<\/em>: mantenha o peso do seu pequeno amigo sob controle, pois a obesidade pode transformar a calma natural em letargia prejudicial \u00e0 sa\u00fade respirat\u00f3ria do animal.<\/p>\n\n\n\n<h2 class=\"wp-block-heading\">Por que o Shih Tzu \u00e9 a escolha favorita das fam\u00edlias<\/h2>\n\n\n\n<p>Origin\u00e1rio do <strong>T\u00edbet<\/strong>, o <strong>Shih Tzu<\/strong> foi desenvolvido para ser um c\u00e3o de colo, o que explica sua incr\u00edvel capacidade de permanecer relaxado por longas horas. Esta ra\u00e7a raramente late sem motivo e demonstra uma <strong>paci\u00eancia admir\u00e1vel<\/strong>, adaptando-se com facilidade tanto a casas espa\u00e7osas quanto a quitinetes compactas.<\/p>\n\n\n<div class=\"wp-block-image\">\n<figure class=\"aligncenter size-full\"><img decoding=\"async\" width=\"1280\" height=\"720\" src=\"https:\/\/www.correiobraziliense.com.br\/cbradar\/wp-content\/uploads\/2026\/04\/Shih-Tzu.jpg\" alt=\"\" class=\"wp-image-228636\" srcset=\"https:\/\/www.correiobraziliense.com.br\/cbradar\/wp-content\/uploads\/2026\/04\/Shih-Tzu.jpg 1280w, https:\/\/www.correiobraziliense.com.br\/cbradar\/wp-content\/uploads\/2026\/04\/Shih-Tzu-300x169.jpg 300w, https:\/\/www.correiobraziliense.com.br\/cbradar\/wp-content\/uploads\/2026\/04\/Shih-Tzu-768x432.jpg 768w, https:\/\/www.correiobraziliense.com.br\/cbradar\/wp-content\/uploads\/2026\/04\/Shih-Tzu-750x422.jpg 750w, https:\/\/www.correiobraziliense.com.br\/cbradar\/wp-content\/uploads\/2026\/04\/Shih-Tzu-1140x641.jpg 1140w\" sizes=\"(max-width: 1280px) 100vw, 1280px\" \/><figcaption class=\"wp-element-caption\">Outra ra\u00e7a que domina os condom\u00ednios brasileiros \u00e9 o Shih Tzu, conhecido por ser um &#8220;c\u00e3o de colo&#8221; <\/figcaption><\/figure><\/div>\n\n\n<p>Diferente de ra\u00e7as de ca\u00e7a, este c\u00e3o foca sua energia na intera\u00e7\u00e3o social m\u00ednima e no monitoramento sereno do ambiente familiar. Se voc\u00ea valoriza uma rotina sem sobressaltos, investir na escova\u00e7\u00e3o di\u00e1ria deste pet pode se tornar um ritual de relaxamento m\u00fatuo extremamente ben\u00e9fico para a sa\u00fade mental do tutor.<\/p>\n\n\n\n<h2 class=\"wp-block-heading\">Cavalier King Charles Spaniel e o equil\u00edbrio emocional<\/h2>\n\n\n\n<p>O <strong>Cavalier King Charles Spaniel<\/strong> combina a eleg\u00e2ncia da nobreza do <strong>Reino Unido<\/strong> com um temperamento extremamente d\u00f3cil e adapt\u00e1vel. Ele possui a habilidade \u00fanica de espelhar o estilo de vida do dono, agindo de forma atl\u00e9tica ao ar livre, mas mantendo-se <strong>absolutamente tranquilo<\/strong> dentro de quatro paredes.<\/p>\n\n\n\n<ul class=\"wp-block-list\">\n<li><strong>Baixa tend\u00eancia a latidos<\/strong> excessivos durante o dia;<\/li>\n\n\n\n<li>Necessidade moderada de exerc\u00edcios f\u00edsicos di\u00e1rios;<\/li>\n\n\n\n<li>Grande facilidade de <strong>adestramento positivo<\/strong>;<\/li>\n\n\n\n<li>Comportamento amig\u00e1vel com visitas e desconhecidos;<\/li>\n\n\n\n<li>Porte ideal para transporte e viagens frequentes.<\/li>\n<\/ul>\n\n\n\n<p>Essa versatilidade faz com que a ra\u00e7a seja recomendada por especialistas em comportamento canino para quem busca um primeiro animal de estima\u00e7\u00e3o. Entender as necessidades espec\u00edficas de sa\u00fade card\u00edaca da ra\u00e7a ajuda a garantir que essa companhia silenciosa permane\u00e7a ao seu lado com qualidade de vida por muitos anos.<\/p>\n\n\n\n<p>Se voc\u00ea gosta de curiosidades, separamos esse v\u00eddeo do canal <a href=\"https:\/\/www.youtube.com\/@PeritoAnimal\" target=\"_blank\" rel=\"noreferrer noopener\">PeritoAnimal<\/a> falando mais sobre o Cavalier King:<\/p>\n\n\n\n<figure class=\"wp-block-embed is-type-video is-provider-youtube wp-block-embed-youtube wp-embed-aspect-16-9 wp-has-aspect-ratio\"><div class=\"wp-block-embed__wrapper\">\n<div class=\"jeg_video_container jeg_video_content\"><iframe loading=\"lazy\" title=\"CAVALIER KING CHARLES SPANIEL - Tudo sobre a ra\u00e7a!\" width=\"500\" height=\"281\" src=\"https:\/\/www.youtube.com\/embed\/E0GcQE5l8Iw?feature=oembed\" frameborder=\"0\" allow=\"accelerometer; autoplay; clipboard-write; encrypted-media; gyroscope; picture-in-picture; web-share\" referrerpolicy=\"strict-origin-when-cross-origin\" allowfullscreen><\/iframe><\/div>\n<\/div><\/figure>\n\n\n\n<h2 class=\"wp-block-heading\">Como escolher o pet ideal para seu estilo de vida<\/h2>\n\n\n\n<p>A decis\u00e3o final deve considerar n\u00e3o apenas a est\u00e9tica, mas a compatibilidade entre a <strong>energia da ra\u00e7a<\/strong> e o tempo dispon\u00edvel para dedica\u00e7\u00e3o. Mesmo os c\u00e3es mais tranquilos exigem <strong>enriquecimento ambiental<\/strong> para que a calmaria n\u00e3o se transforme em t\u00e9dio, garantindo que o animal mantenha suas fun\u00e7\u00f5es cognitivas sempre ativas.<\/p>\n\n\n\n<p>Ao optar por uma dessas linhagens, o tutor investe em uma conviv\u00eancia pac\u00edfica que reduz o estresse di\u00e1rio e promove a uni\u00e3o familiar. Pesquise criadores respons\u00e1veis ou abrigos que conhe\u00e7am o hist\u00f3rico do animal para assegurar que o novo membro da fam\u00edlia traga exatamente a paz que sua casa precisa.<\/p>\n","protected":false},"excerpt":{"rendered":"<p>Encontrar o companheiro perfeito exige entender como o temperamento animal se adapta ao ritmo da rotina dom\u00e9stica moderna. Muitas fam\u00edlias buscam animais que apreciam o descanso e possuem baixa reatividade, transformando o ambiente em um espa\u00e7o de conviv\u00eancia harmoniosa e relaxante para todos os moradores. Perfil do cachorro calmo para viver em ambientes fechados Um [&hellip;]<\/p>\n","protected":false},"author":9,"featured_media":234361,"comment_status":"open","ping_status":"open","sticky":false,"template":"","format":"standard","meta":{"_yoast_wpseo_focuskw":"c\u00e3es tranquilos","_yoast_wpseo_title":"","_yoast_wpseo_metadesc":"Ra\u00e7as de cachorro calmas s\u00e3o ideais para quem busca tranquilidade, conviv\u00eancia leve e equil\u00edbrio no ambiente dom\u00e9stico.","jnews-multi-image_gallery":[],"jnews_single_post":{"format":"standard"},"jnews_primary_category":[],"jnews_social_meta":[],"jnews_override_counter":[],"footnotes":""},"categories":[112],"tags":[378,17945,18099],"class_list":["post-233929","post","type-post","status-publish","format-standard","has-post-thumbnail","hentry","category-curiosidades","tag-cachorro","tag-cachorro-tranquilo","tag-raca-de-caes"],"yoast_head":"<!-- This site is optimized with the Yoast SEO plugin v24.6 - https:\/\/yoast.com\/wordpress\/plugins\/seo\/ -->\n<title>Quem busca um cachorro calmo para casa costuma se interessar por estas 3 ra\u00e7as - Correio Braziliense - Radar<\/title>\n<meta name=\"description\" content=\"Ra\u00e7as de cachorro calmas s\u00e3o ideais para quem busca tranquilidade, conviv\u00eancia leve e equil\u00edbrio no ambiente dom\u00e9stico.\" \/>\n<meta name=\"robots\" content=\"index, follow, max-snippet:-1, max-image-preview:large, max-video-preview:-1\" \/>\n<link rel=\"canonical\" href=\"https:\/\/www.correiobraziliense.com.br\/cbradar\/quem-busca-um-cachorro-calmo-para-casa-costuma-se-interessar-por-estas-3-racas\/\" \/>\n<meta property=\"og:locale\" content=\"pt_BR\" \/>\n<meta property=\"og:type\" content=\"article\" \/>\n<meta property=\"og:title\" content=\"Quem busca um cachorro calmo para casa costuma se interessar por estas 3 ra\u00e7as - Correio Braziliense - Radar\" \/>\n<meta property=\"og:description\" content=\"Ra\u00e7as de cachorro calmas s\u00e3o ideais para quem busca tranquilidade, conviv\u00eancia leve e equil\u00edbrio no ambiente dom\u00e9stico.\" \/>\n<meta property=\"og:url\" content=\"https:\/\/www.correiobraziliense.com.br\/cbradar\/quem-busca-um-cachorro-calmo-para-casa-costuma-se-interessar-por-estas-3-racas\/\" \/>\n<meta property=\"og:site_name\" content=\"Correio Braziliense - Radar\" \/>\n<meta property=\"article:published_time\" content=\"2026-04-30T13:45:00+00:00\" \/>\n<meta property=\"og:image\" content=\"https:\/\/www.correiobraziliense.com.br\/cbradar\/wp-content\/uploads\/2026\/04\/Cachorro_deitado_em_sala_202604291534.jpg\" \/>\n\t<meta property=\"og:image:width\" content=\"1280\" \/>\n\t<meta property=\"og:image:height\" content=\"720\" \/>\n\t<meta property=\"og:image:type\" content=\"image\/jpeg\" \/>\n<meta name=\"author\" content=\"Daniely Cardoso\" \/>\n<meta name=\"twitter:card\" content=\"summary_large_image\" \/>\n<meta name=\"twitter:label1\" content=\"Escrito por\" \/>\n\t<meta name=\"twitter:data1\" content=\"Daniely Cardoso\" \/>\n\t<meta name=\"twitter:label2\" content=\"Est. tempo de leitura\" \/>\n\t<meta name=\"twitter:data2\" content=\"5 minutos\" \/>\n<!-- \/ Yoast SEO plugin. -->","yoast_head_json":{"title":"Quem busca um cachorro calmo para casa costuma se interessar por estas 3 ra\u00e7as - Correio Braziliense - Radar","description":"Ra\u00e7as de cachorro calmas s\u00e3o ideais para quem busca tranquilidade, conviv\u00eancia leve e equil\u00edbrio no ambiente dom\u00e9stico.","robots":{"index":"index","follow":"follow","max-snippet":"max-snippet:-1","max-image-preview":"max-image-preview:large","max-video-preview":"max-video-preview:-1"},"canonical":"https:\/\/www.correiobraziliense.com.br\/cbradar\/quem-busca-um-cachorro-calmo-para-casa-costuma-se-interessar-por-estas-3-racas\/","og_locale":"pt_BR","og_type":"article","og_title":"Quem busca um cachorro calmo para casa costuma se interessar por estas 3 ra\u00e7as - Correio Braziliense - Radar","og_description":"Ra\u00e7as de cachorro calmas s\u00e3o ideais para quem busca tranquilidade, conviv\u00eancia leve e equil\u00edbrio no ambiente dom\u00e9stico.","og_url":"https:\/\/www.correiobraziliense.com.br\/cbradar\/quem-busca-um-cachorro-calmo-para-casa-costuma-se-interessar-por-estas-3-racas\/","og_site_name":"Correio Braziliense - Radar","article_published_time":"2026-04-30T13:45:00+00:00","og_image":[{"width":1280,"height":720,"url":"https:\/\/www.correiobraziliense.com.br\/cbradar\/wp-content\/uploads\/2026\/04\/Cachorro_deitado_em_sala_202604291534.jpg","type":"image\/jpeg"}],"author":"Daniely Cardoso","twitter_card":"summary_large_image","twitter_misc":{"Escrito por":"Daniely Cardoso","Est. tempo de leitura":"5 minutos"},"schema":{"@context":"https:\/\/schema.org","@graph":[{"@type":"WebPage","@id":"https:\/\/www.correiobraziliense.com.br\/cbradar\/quem-busca-um-cachorro-calmo-para-casa-costuma-se-interessar-por-estas-3-racas\/","url":"https:\/\/www.correiobraziliense.com.br\/cbradar\/quem-busca-um-cachorro-calmo-para-casa-costuma-se-interessar-por-estas-3-racas\/","name":"Quem busca um cachorro calmo para casa costuma se interessar por estas 3 ra\u00e7as - Correio Braziliense - Radar","isPartOf":{"@id":"https:\/\/www.correiobraziliense.com.br\/cbradar\/#website"},"primaryImageOfPage":{"@id":"https:\/\/www.correiobraziliense.com.br\/cbradar\/quem-busca-um-cachorro-calmo-para-casa-costuma-se-interessar-por-estas-3-racas\/#primaryimage"},"image":{"@id":"https:\/\/www.correiobraziliense.com.br\/cbradar\/quem-busca-um-cachorro-calmo-para-casa-costuma-se-interessar-por-estas-3-racas\/#primaryimage"},"thumbnailUrl":"https:\/\/www.correiobraziliense.com.br\/cbradar\/wp-content\/uploads\/2026\/04\/Cachorro_deitado_em_sala_202604291534.jpg","datePublished":"2026-04-30T13:45:00+00:00","author":{"@id":"https:\/\/www.correiobraziliense.com.br\/cbradar\/#\/schema\/person\/7356666e12ec0ee53f348ee5db227032"},"description":"Ra\u00e7as de cachorro calmas s\u00e3o ideais para quem busca tranquilidade, conviv\u00eancia leve e equil\u00edbrio no ambiente dom\u00e9stico.","breadcrumb":{"@id":"https:\/\/www.correiobraziliense.com.br\/cbradar\/quem-busca-um-cachorro-calmo-para-casa-costuma-se-interessar-por-estas-3-racas\/#breadcrumb"},"inLanguage":"pt-BR","potentialAction":[{"@type":"ReadAction","target":["https:\/\/www.correiobraziliense.com.br\/cbradar\/quem-busca-um-cachorro-calmo-para-casa-costuma-se-interessar-por-estas-3-racas\/"]}]},{"@type":"ImageObject","inLanguage":"pt-BR","@id":"https:\/\/www.correiobraziliense.com.br\/cbradar\/quem-busca-um-cachorro-calmo-para-casa-costuma-se-interessar-por-estas-3-racas\/#primaryimage","url":"https:\/\/www.correiobraziliense.com.br\/cbradar\/wp-content\/uploads\/2026\/04\/Cachorro_deitado_em_sala_202604291534.jpg","contentUrl":"https:\/\/www.correiobraziliense.com.br\/cbradar\/wp-content\/uploads\/2026\/04\/Cachorro_deitado_em_sala_202604291534.jpg","width":1280,"height":720,"caption":"Algumas ra\u00e7as de c\u00e3es s\u00e3o naturalmente mais calmas"},{"@type":"BreadcrumbList","@id":"https:\/\/www.correiobraziliense.com.br\/cbradar\/quem-busca-um-cachorro-calmo-para-casa-costuma-se-interessar-por-estas-3-racas\/#breadcrumb","itemListElement":[{"@type":"ListItem","position":1,"name":"In\u00edcio","item":"https:\/\/www.correiobraziliense.com.br\/cbradar\/"},{"@type":"ListItem","position":2,"name":"Quem busca um cachorro calmo para casa costuma se interessar por estas 3 ra\u00e7as"}]},{"@type":"WebSite","@id":"https:\/\/www.correiobraziliense.com.br\/cbradar\/#website","url":"https:\/\/www.correiobraziliense.com.br\/cbradar\/","name":"Correio Braziliense - Radar","description":"Acompanhe as \u00faltimas not\u00edcias e fique bem informado sobre tudo o que acontece no Brasil e no mundo.","potentialAction":[{"@type":"SearchAction","target":{"@type":"EntryPoint","urlTemplate":"https:\/\/www.correiobraziliense.com.br\/cbradar\/?s={search_term_string}"},"query-input":{"@type":"PropertyValueSpecification","valueRequired":true,"valueName":"search_term_string"}}],"inLanguage":"pt-BR"},{"@type":"Person","@id":"https:\/\/www.correiobraziliense.com.br\/cbradar\/#\/schema\/person\/7356666e12ec0ee53f348ee5db227032","name":"Daniely Cardoso","image":{"@type":"ImageObject","inLanguage":"pt-BR","@id":"https:\/\/www.correiobraziliense.com.br\/cbradar\/#\/schema\/person\/image\/","url":"https:\/\/secure.gravatar.com\/avatar\/4b80ddbd124d1f071b626d52d62e5dff?s=96&d=mm&r=g","contentUrl":"https:\/\/secure.gravatar.com\/avatar\/4b80ddbd124d1f071b626d52d62e5dff?s=96&d=mm&r=g","caption":"Daniely Cardoso"},"description":"Redatora nos portais CB Radar e EM Foco, formada pela Universidade Federal de Goi\u00e1s, em Goi\u00e2nia. Apaixonada por comunica\u00e7\u00e3o, arte, decora\u00e7\u00e3o e tend\u00eancias, atuo na produ\u00e7\u00e3o de conte\u00fados envolventes sobre curiosidades, moda, beleza e paisagismo, sempre com um olhar atento \u00e0s novidades do momento.","sameAs":["https:\/\/www.correiobraziliense.com.br\/cbradar"],"url":"https:\/\/www.correiobraziliense.com.br\/cbradar\/author\/danielymyth\/"}]}},"_links":{"self":[{"href":"https:\/\/www.correiobraziliense.com.br\/cbradar\/wp-json\/wp\/v2\/posts\/233929","targetHints":{"allow":["GET"]}}],"collection":[{"href":"https:\/\/www.correiobraziliense.com.br\/cbradar\/wp-json\/wp\/v2\/posts"}],"about":[{"href":"https:\/\/www.correiobraziliense.com.br\/cbradar\/wp-json\/wp\/v2\/types\/post"}],"author":[{"embeddable":true,"href":"https:\/\/www.correiobraziliense.com.br\/cbradar\/wp-json\/wp\/v2\/users\/9"}],"replies":[{"embeddable":true,"href":"https:\/\/www.correiobraziliense.com.br\/cbradar\/wp-json\/wp\/v2\/comments?post=233929"}],"version-history":[{"count":1,"href":"https:\/\/www.correiobraziliense.com.br\/cbradar\/wp-json\/wp\/v2\/posts\/233929\/revisions"}],"predecessor-version":[{"id":233930,"href":"https:\/\/www.correiobraziliense.com.br\/cbradar\/wp-json\/wp\/v2\/posts\/233929\/revisions\/233930"}],"wp:featuredmedia":[{"embeddable":true,"href":"https:\/\/www.correiobraziliense.com.br\/cbradar\/wp-json\/wp\/v2\/media\/234361"}],"wp:attachment":[{"href":"https:\/\/www.correiobraziliense.com.br\/cbradar\/wp-json\/wp\/v2\/media?parent=233929"}],"wp:term":[{"taxonomy":"category","embeddable":true,"href":"https:\/\/www.correiobraziliense.com.br\/cbradar\/wp-json\/wp\/v2\/categories?post=233929"},{"taxonomy":"post_tag","embeddable":true,"href":"https:\/\/www.correiobraziliense.com.br\/cbradar\/wp-json\/wp\/v2\/tags?post=233929"}],"curies":[{"name":"wp","href":"https:\/\/api.w.org\/{rel}","templated":true}]}}