{"id":233933,"date":"2026-05-01T10:15:00","date_gmt":"2026-05-01T13:15:00","guid":{"rendered":"https:\/\/www.correiobraziliense.com.br\/cbradar\/?p=233933"},"modified":"2026-04-30T22:39:21","modified_gmt":"2026-05-01T01:39:21","slug":"a-planta-resistente-que-purifica-o-ar-e-pode-ser-cultivada-em-qualquer-cantinho-da-sua-casa","status":"publish","type":"post","link":"https:\/\/www.correiobraziliense.com.br\/cbradar\/a-planta-resistente-que-purifica-o-ar-e-pode-ser-cultivada-em-qualquer-cantinho-da-sua-casa\/","title":{"rendered":"A planta resistente que purifica o ar e pode ser cultivada em qualquer cantinho da sua casa"},"content":{"rendered":"\n<p>Como a <strong>Espada-de-S\u00e3o-Jorge<\/strong> sobrevive semanas na escurid\u00e3o e funciona como a <strong>planta resistente que purifica o ar<\/strong> do quarto? A esp\u00e9cie absorve pesados gases nocivos na madrugada e exige pouco esfor\u00e7o h\u00eddrico, tornando-se absolutamente ideal para a intensa rotina do homem moderno.<\/p>\n\n\n\n<h2 class=\"wp-block-heading\">Por que essa esp\u00e9cie vegetal sobrevive t\u00e3o bem em ambientes internos fechados?<\/h2>\n\n\n\n<p>O segredo biol\u00f3gico da extrema durabilidade dessa espessa folhagem reside na sua forte heran\u00e7a gen\u00e9tica origin\u00e1ria de regi\u00f5es absurdamente secas. A planta desenvolveu um potente sistema radicular denso que armazena grandes volumes de umidade, suportando perfeitamente longos per\u00edodos de severa estiagem.<\/p>\n\n\n\n<p>A estrutura celular grossa tamb\u00e9m bloqueia a r\u00e1pida perda de \u00e1gua pelas finas pontas. Esse mecanismo fisiol\u00f3gico inteligente permite que o vaso permane\u00e7a esteticamente impec\u00e1vel, mesmo quando voc\u00ea passa longas noites focado em erguer os seus pesados projetos digitais de tr\u00e1fego org\u00e2nico sem realizar regas.<\/p>\n\n\n<div class=\"wp-block-image\">\n<figure class=\"aligncenter size-full\"><img decoding=\"async\" width=\"1280\" height=\"720\" src=\"https:\/\/www.correiobraziliense.com.br\/cbradar\/wp-content\/uploads\/2026\/04\/IMAGEM_720p_1777433652126.jpg\" alt=\"As vantagens biol\u00f3gicas e de design do cultivo interno dessa robusta folhagem\" class=\"wp-image-233937\" srcset=\"https:\/\/www.correiobraziliense.com.br\/cbradar\/wp-content\/uploads\/2026\/04\/IMAGEM_720p_1777433652126.jpg 1280w, https:\/\/www.correiobraziliense.com.br\/cbradar\/wp-content\/uploads\/2026\/04\/IMAGEM_720p_1777433652126-300x169.jpg 300w, https:\/\/www.correiobraziliense.com.br\/cbradar\/wp-content\/uploads\/2026\/04\/IMAGEM_720p_1777433652126-768x432.jpg 768w, https:\/\/www.correiobraziliense.com.br\/cbradar\/wp-content\/uploads\/2026\/04\/IMAGEM_720p_1777433652126-750x422.jpg 750w, https:\/\/www.correiobraziliense.com.br\/cbradar\/wp-content\/uploads\/2026\/04\/IMAGEM_720p_1777433652126-1140x641.jpg 1140w\" sizes=\"(max-width: 1280px) 100vw, 1280px\" \/><figcaption class=\"wp-element-caption\">As vantagens biol\u00f3gicas e de design do cultivo interno dessa robusta folhagem<\/figcaption><\/figure><\/div>\n\n\n<h3 class=\"wp-block-heading\">O impacto direto da baixa exig\u00eancia de intensa luz solar<\/h3>\n\n\n\n<p>Ao contr\u00e1rio da imensa maioria das esp\u00e9cies puramente ornamentais, esse robusto organismo biol\u00f3gico processa os poucos feixes luminosos dispon\u00edveis de maneira muito formid\u00e1vel. Essa adapta\u00e7\u00e3o evolutiva viabiliza o cultivo altamente saud\u00e1vel at\u00e9 mesmo naqueles cantos escuros pr\u00f3ximos aos estreitos corredores do apartamento.<\/p>\n\n\n\n<h2 class=\"wp-block-heading\">Como ocorre o complexo processo de filtragem de toxinas noturnas?<\/h2>\n\n\n\n<p>A bot\u00e2nica tradicional opera liberando o precioso oxig\u00eanio apenas na presen\u00e7a abundante da luz solar matutina. Contudo, essa variedade espec\u00edfica utiliza um fascinante metabolismo reverso, abrindo os seus min\u00fasculos poros estom\u00e1ticos exclusivamente durante a noite fria para capturar part\u00edculas prejudiciais flutuantes.<\/p>\n\n\n\n<p>Um rigoroso estudo cont\u00ednuo de qualidade ambiental desenvolvido pelos experientes t\u00e9cnicos da <strong><a href=\"https:\/\/ntrs.nasa.gov\/citations\/19930073077\" target=\"_blank\" rel=\"noreferrer noopener\">National Aeronautics and Space Administration (NASA)<\/a><\/strong> atesta essa enorme capacidade de filtragem aut\u00f4noma. A r\u00edgida folha suga agressivos componentes qu\u00edmicos vol\u00e1teis e devolve um ar absurdamente leve aos seus pulm\u00f5es cansados.<\/p>\n\n\n\n<p>Leia tamb\u00e9m: <a href=\"https:\/\/www.correiobraziliense.com.br\/cbradar\/a-psicologia-aponta-que-adultos-que-evitam-conflitos-nao-sao-mais-maduros-mas-aprenderam-na-infancia-que-expressar-emocoes-gerava-punicao\/\" target=\"_blank\" rel=\"noreferrer noopener\">A psicologia aponta que adultos que evitam conflitos n\u00e3o s\u00e3o mais maduros, mas aprenderam na inf\u00e2ncia que expressar emo\u00e7\u00f5es gerava puni\u00e7\u00e3o<\/a><\/p>\n\n\n\n<h2 class=\"wp-block-heading\">Quais os cuidados b\u00e1sicos obrigat\u00f3rios para garantir o crescimento estrutural?<\/h2>\n\n\n\n<p>Manter a folhagem esteticamente imponente e perfeitamente ereta exige muito mais paci\u00eancia e restri\u00e7\u00e3o h\u00eddrica do que a aten\u00e7\u00e3o motora di\u00e1ria. O constante afogamento das ra\u00edzes densas representa a principal causa biol\u00f3gica do r\u00e1pido apodrecimento letal dessa valiosa esp\u00e9cie altamente resiliente.<\/p>\n\n\n\n<p>O pesado substrato inserido no fundo do recipiente precisa apresentar uma drenagem extremamente acelerada para eliminar facilmente os velhos l\u00edquidos acumulados. Siga rigorosamente os tr\u00eas pilares essenciais de manejo para preservar a integridade total do seu limpo cultivo urbano:<\/p>\n\n\n\n<ul class=\"wp-block-list\">\n<li><strong>Rega super espa\u00e7ada:<\/strong> Coloque \u00e1gua limpa apenas quando a grossa terra estiver completamente ressecada, num intervalo m\u00e9dio seguro de longos quinze dias corridos.<\/li>\n\n\n\n<li><strong>Luminosidade altamente adapt\u00e1vel:<\/strong> Posicione o pesado recipiente fosco tanto em \u00e1reas de penumbra espessa da sala quanto na varanda sob fort\u00edssima irradia\u00e7\u00e3o luminosa direta.<\/li>\n\n\n\n<li><strong>Limpeza superficial t\u00e1tica:<\/strong> Passe um pano levemente \u00famido nas folhas longas bimestralmente para remover o denso p\u00f3 acumulado e abrir os entupidos poros org\u00e2nicos.<\/li>\n<\/ul>\n\n\n\n<h2 class=\"wp-block-heading\">Onde posicionar as folhas estrategicamente para compor o visual do ambiente?<\/h2>\n\n\n\n<p>O formato rigorosamente vertical e afiado da popular <strong><a href=\"https:\/\/pt.wikipedia.org\/wiki\/Sansevieria_trifasciata\" target=\"_blank\" rel=\"noreferrer noopener\">Espada-de-S\u00e3o-Jorge<\/a><\/strong> entrega uma est\u00e9tica natural bastante brutalista e muito sofisticada. Essa firme linha reta verde cria um not\u00e1vel e masculino contraste arquitet\u00f4nico contra grandes m\u00f3veis quadrados pesados constru\u00eddos em tons amadeirados muito escuros.<\/p>\n\n\n\n<p>Grandes especialistas recomendam a pontual utiliza\u00e7\u00e3o de largos vasos redondos de puro cimento cru acomodados diretamente no ch\u00e3o do seu movimentado escrit\u00f3rio. O crescimento estritamente reto para o alto ocupa um espa\u00e7o lateral \u00ednfimo, encaixando com absurda perfei\u00e7\u00e3o naqueles estreitos v\u00e3os abandonados sob a televis\u00e3o.<\/p>\n\n\n<div class=\"wp-block-image\">\n<figure class=\"aligncenter size-full\"><img decoding=\"async\" width=\"1280\" height=\"720\" src=\"https:\/\/www.correiobraziliense.com.br\/cbradar\/wp-content\/uploads\/2026\/04\/IMAGEM_720p_1777433656907.jpg\" alt=\"As vantagens biol\u00f3gicas e de design do cultivo interno dessa robusta folhagem\" class=\"wp-image-233938\" srcset=\"https:\/\/www.correiobraziliense.com.br\/cbradar\/wp-content\/uploads\/2026\/04\/IMAGEM_720p_1777433656907.jpg 1280w, https:\/\/www.correiobraziliense.com.br\/cbradar\/wp-content\/uploads\/2026\/04\/IMAGEM_720p_1777433656907-300x169.jpg 300w, https:\/\/www.correiobraziliense.com.br\/cbradar\/wp-content\/uploads\/2026\/04\/IMAGEM_720p_1777433656907-768x432.jpg 768w, https:\/\/www.correiobraziliense.com.br\/cbradar\/wp-content\/uploads\/2026\/04\/IMAGEM_720p_1777433656907-750x422.jpg 750w, https:\/\/www.correiobraziliense.com.br\/cbradar\/wp-content\/uploads\/2026\/04\/IMAGEM_720p_1777433656907-1140x641.jpg 1140w\" sizes=\"(max-width: 1280px) 100vw, 1280px\" \/><figcaption class=\"wp-element-caption\">As vantagens biol\u00f3gicas e de design do cultivo interno dessa robusta folhagem<\/figcaption><\/figure><\/div>\n\n\n<h3 class=\"wp-block-heading\">A r\u00e1pida propaga\u00e7\u00e3o aut\u00f4noma utilizando simples estacas cortadas<\/h3>\n\n\n\n<p>Multiplicar a marcante e imponente presen\u00e7a dessa verdadeira maravilha biol\u00f3gica n\u00e3o consome sequer um real do seu planejado or\u00e7amento financeiro mensal. O cir\u00fargico corte limpo de uma larga ponta madura enterrada em um solo frouxo enra\u00edza agressivamente e gera fortes brotos novos muito rapidamente.<\/p>\n\n\n\n<h2 class=\"wp-block-heading\">Vale a pena manter esse r\u00edgido cultivo se voc\u00ea possui animais soltos?<\/h2>\n\n\n\n<p>A ineg\u00e1vel e r\u00fastica beleza dessa conhecida folhagem pontiaguda oculta um razo\u00e1vel n\u00edvel de toxicidade qu\u00edmica defensiva interna que exige uma precau\u00e7\u00e3o cir\u00fargica do dono cuidadoso. A ingest\u00e3o acidental das afiadas fibras gera fort\u00edssima irrita\u00e7\u00e3o estomacal instant\u00e2nea nos felinos inquietos e em diversos c\u00e3es pequenos.<\/p>\n\n\n\n<p>O frio planejamento espacial resolve totalmente esse inc\u00f4modo risco toxicol\u00f3gico natural dentro das agitadas e movimentadas resid\u00eancias modernas. Levantar o pesado e brilhante ornamento bot\u00e2nico para o seguro topo de firmes estantes altas anula permanentemente qualquer chance de p\u00e9ssimos acidentes e mant\u00e9m o forte design impec\u00e1vel.<\/p>\n","protected":false},"excerpt":{"rendered":"<p>Como a Espada-de-S\u00e3o-Jorge sobrevive semanas na escurid\u00e3o e funciona como a planta resistente que purifica o ar do quarto? A esp\u00e9cie absorve pesados gases nocivos na madrugada e exige pouco esfor\u00e7o h\u00eddrico, tornando-se absolutamente ideal para a intensa rotina do homem moderno. Por que essa esp\u00e9cie vegetal sobrevive t\u00e3o bem em ambientes internos fechados? O [&hellip;]<\/p>\n","protected":false},"author":11,"featured_media":235100,"comment_status":"open","ping_status":"open","sticky":false,"template":"","format":"standard","meta":{"_yoast_wpseo_focuskw":"planta resistente que purifica o ar","_yoast_wpseo_title":"","_yoast_wpseo_metadesc":"O ar abafado e viciado prejudica o seu valioso descanso noturno? Avalie como uma folhagem vertical r\u00edgida remove toxinas enquanto voc\u00ea dorme profundamente.","jnews-multi-image_gallery":[],"jnews_single_post":{"format":"standard"},"jnews_primary_category":[],"jnews_social_meta":[],"jnews_override_counter":[],"footnotes":""},"categories":[143],"tags":[18354,887,917,6773],"class_list":["post-233933","post","type-post","status-publish","format-standard","has-post-thumbnail","hentry","category-casa-e-decoracao","tag-botanica","tag-casa","tag-decoracao","tag-purificacao"],"yoast_head":"<!-- This site is optimized with the Yoast SEO plugin v24.6 - https:\/\/yoast.com\/wordpress\/plugins\/seo\/ -->\n<title>A planta resistente que purifica o ar e pode ser cultivada em qualquer cantinho da sua casa - Correio Braziliense - Radar<\/title>\n<meta name=\"description\" content=\"O ar abafado e viciado prejudica o seu valioso descanso noturno? Avalie como uma folhagem vertical r\u00edgida remove toxinas enquanto voc\u00ea dorme profundamente.\" \/>\n<meta name=\"robots\" content=\"index, follow, max-snippet:-1, max-image-preview:large, max-video-preview:-1\" \/>\n<link rel=\"canonical\" href=\"https:\/\/www.correiobraziliense.com.br\/cbradar\/a-planta-resistente-que-purifica-o-ar-e-pode-ser-cultivada-em-qualquer-cantinho-da-sua-casa\/\" \/>\n<meta property=\"og:locale\" content=\"pt_BR\" \/>\n<meta property=\"og:type\" content=\"article\" \/>\n<meta property=\"og:title\" content=\"A planta resistente que purifica o ar e pode ser cultivada em qualquer cantinho da sua casa - Correio Braziliense - Radar\" \/>\n<meta property=\"og:description\" content=\"O ar abafado e viciado prejudica o seu valioso descanso noturno? Avalie como uma folhagem vertical r\u00edgida remove toxinas enquanto voc\u00ea dorme profundamente.\" \/>\n<meta property=\"og:url\" content=\"https:\/\/www.correiobraziliense.com.br\/cbradar\/a-planta-resistente-que-purifica-o-ar-e-pode-ser-cultivada-em-qualquer-cantinho-da-sua-casa\/\" \/>\n<meta property=\"og:site_name\" content=\"Correio Braziliense - Radar\" \/>\n<meta property=\"article:published_time\" content=\"2026-05-01T13:15:00+00:00\" \/>\n<meta property=\"og:image\" content=\"https:\/\/www.correiobraziliense.com.br\/cbradar\/wp-content\/uploads\/2026\/05\/IMAGEM_720p_1777599541665.jpg\" \/>\n\t<meta property=\"og:image:width\" content=\"1280\" \/>\n\t<meta property=\"og:image:height\" content=\"720\" \/>\n\t<meta property=\"og:image:type\" content=\"image\/jpeg\" \/>\n<meta name=\"author\" content=\"Paulo Custodio\" \/>\n<meta name=\"twitter:card\" content=\"summary_large_image\" \/>\n<meta name=\"twitter:label1\" content=\"Escrito por\" \/>\n\t<meta name=\"twitter:data1\" content=\"Paulo Custodio\" \/>\n\t<meta name=\"twitter:label2\" content=\"Est. tempo de leitura\" \/>\n\t<meta name=\"twitter:data2\" content=\"5 minutos\" \/>\n<!-- \/ Yoast SEO plugin. -->","yoast_head_json":{"title":"A planta resistente que purifica o ar e pode ser cultivada em qualquer cantinho da sua casa - Correio Braziliense - Radar","description":"O ar abafado e viciado prejudica o seu valioso descanso noturno? Avalie como uma folhagem vertical r\u00edgida remove toxinas enquanto voc\u00ea dorme profundamente.","robots":{"index":"index","follow":"follow","max-snippet":"max-snippet:-1","max-image-preview":"max-image-preview:large","max-video-preview":"max-video-preview:-1"},"canonical":"https:\/\/www.correiobraziliense.com.br\/cbradar\/a-planta-resistente-que-purifica-o-ar-e-pode-ser-cultivada-em-qualquer-cantinho-da-sua-casa\/","og_locale":"pt_BR","og_type":"article","og_title":"A planta resistente que purifica o ar e pode ser cultivada em qualquer cantinho da sua casa - Correio Braziliense - Radar","og_description":"O ar abafado e viciado prejudica o seu valioso descanso noturno? Avalie como uma folhagem vertical r\u00edgida remove toxinas enquanto voc\u00ea dorme profundamente.","og_url":"https:\/\/www.correiobraziliense.com.br\/cbradar\/a-planta-resistente-que-purifica-o-ar-e-pode-ser-cultivada-em-qualquer-cantinho-da-sua-casa\/","og_site_name":"Correio Braziliense - Radar","article_published_time":"2026-05-01T13:15:00+00:00","og_image":[{"width":1280,"height":720,"url":"https:\/\/www.correiobraziliense.com.br\/cbradar\/wp-content\/uploads\/2026\/05\/IMAGEM_720p_1777599541665.jpg","type":"image\/jpeg"}],"author":"Paulo Custodio","twitter_card":"summary_large_image","twitter_misc":{"Escrito por":"Paulo Custodio","Est. tempo de leitura":"5 minutos"},"schema":{"@context":"https:\/\/schema.org","@graph":[{"@type":"WebPage","@id":"https:\/\/www.correiobraziliense.com.br\/cbradar\/a-planta-resistente-que-purifica-o-ar-e-pode-ser-cultivada-em-qualquer-cantinho-da-sua-casa\/","url":"https:\/\/www.correiobraziliense.com.br\/cbradar\/a-planta-resistente-que-purifica-o-ar-e-pode-ser-cultivada-em-qualquer-cantinho-da-sua-casa\/","name":"A planta resistente que purifica o ar e pode ser cultivada em qualquer cantinho da sua casa - Correio Braziliense - Radar","isPartOf":{"@id":"https:\/\/www.correiobraziliense.com.br\/cbradar\/#website"},"primaryImageOfPage":{"@id":"https:\/\/www.correiobraziliense.com.br\/cbradar\/a-planta-resistente-que-purifica-o-ar-e-pode-ser-cultivada-em-qualquer-cantinho-da-sua-casa\/#primaryimage"},"image":{"@id":"https:\/\/www.correiobraziliense.com.br\/cbradar\/a-planta-resistente-que-purifica-o-ar-e-pode-ser-cultivada-em-qualquer-cantinho-da-sua-casa\/#primaryimage"},"thumbnailUrl":"https:\/\/www.correiobraziliense.com.br\/cbradar\/wp-content\/uploads\/2026\/05\/IMAGEM_720p_1777599541665.jpg","datePublished":"2026-05-01T13:15:00+00:00","author":{"@id":"https:\/\/www.correiobraziliense.com.br\/cbradar\/#\/schema\/person\/4cec7857301a9a1a2ef249893cd908d3"},"description":"O ar abafado e viciado prejudica o seu valioso descanso noturno? Avalie como uma folhagem vertical r\u00edgida remove toxinas enquanto voc\u00ea dorme profundamente.","breadcrumb":{"@id":"https:\/\/www.correiobraziliense.com.br\/cbradar\/a-planta-resistente-que-purifica-o-ar-e-pode-ser-cultivada-em-qualquer-cantinho-da-sua-casa\/#breadcrumb"},"inLanguage":"pt-BR","potentialAction":[{"@type":"ReadAction","target":["https:\/\/www.correiobraziliense.com.br\/cbradar\/a-planta-resistente-que-purifica-o-ar-e-pode-ser-cultivada-em-qualquer-cantinho-da-sua-casa\/"]}]},{"@type":"ImageObject","inLanguage":"pt-BR","@id":"https:\/\/www.correiobraziliense.com.br\/cbradar\/a-planta-resistente-que-purifica-o-ar-e-pode-ser-cultivada-em-qualquer-cantinho-da-sua-casa\/#primaryimage","url":"https:\/\/www.correiobraziliense.com.br\/cbradar\/wp-content\/uploads\/2026\/05\/IMAGEM_720p_1777599541665.jpg","contentUrl":"https:\/\/www.correiobraziliense.com.br\/cbradar\/wp-content\/uploads\/2026\/05\/IMAGEM_720p_1777599541665.jpg","width":1280,"height":720,"caption":"As vantagens biol\u00f3gicas e de design do cultivo interno dessa robusta folhagem"},{"@type":"BreadcrumbList","@id":"https:\/\/www.correiobraziliense.com.br\/cbradar\/a-planta-resistente-que-purifica-o-ar-e-pode-ser-cultivada-em-qualquer-cantinho-da-sua-casa\/#breadcrumb","itemListElement":[{"@type":"ListItem","position":1,"name":"In\u00edcio","item":"https:\/\/www.correiobraziliense.com.br\/cbradar\/"},{"@type":"ListItem","position":2,"name":"A planta resistente que purifica o ar e pode ser cultivada em qualquer cantinho da sua casa"}]},{"@type":"WebSite","@id":"https:\/\/www.correiobraziliense.com.br\/cbradar\/#website","url":"https:\/\/www.correiobraziliense.com.br\/cbradar\/","name":"Correio Braziliense - Radar","description":"Acompanhe as \u00faltimas not\u00edcias e fique bem informado sobre tudo o que acontece no Brasil e no mundo.","potentialAction":[{"@type":"SearchAction","target":{"@type":"EntryPoint","urlTemplate":"https:\/\/www.correiobraziliense.com.br\/cbradar\/?s={search_term_string}"},"query-input":{"@type":"PropertyValueSpecification","valueRequired":true,"valueName":"search_term_string"}}],"inLanguage":"pt-BR"},{"@type":"Person","@id":"https:\/\/www.correiobraziliense.com.br\/cbradar\/#\/schema\/person\/4cec7857301a9a1a2ef249893cd908d3","name":"Paulo Custodio","image":{"@type":"ImageObject","inLanguage":"pt-BR","@id":"https:\/\/www.correiobraziliense.com.br\/cbradar\/#\/schema\/person\/image\/","url":"https:\/\/secure.gravatar.com\/avatar\/bcd67168d1534e8fcf4f45c726a87cea?s=96&d=mm&r=g","contentUrl":"https:\/\/secure.gravatar.com\/avatar\/bcd67168d1534e8fcf4f45c726a87cea?s=96&d=mm&r=g","caption":"Paulo Custodio"},"sameAs":["https:\/\/www.correiobraziliense.com.br\/cbradar"],"url":"https:\/\/www.correiobraziliense.com.br\/cbradar\/author\/paulomyth\/"}]}},"_links":{"self":[{"href":"https:\/\/www.correiobraziliense.com.br\/cbradar\/wp-json\/wp\/v2\/posts\/233933","targetHints":{"allow":["GET"]}}],"collection":[{"href":"https:\/\/www.correiobraziliense.com.br\/cbradar\/wp-json\/wp\/v2\/posts"}],"about":[{"href":"https:\/\/www.correiobraziliense.com.br\/cbradar\/wp-json\/wp\/v2\/types\/post"}],"author":[{"embeddable":true,"href":"https:\/\/www.correiobraziliense.com.br\/cbradar\/wp-json\/wp\/v2\/users\/11"}],"replies":[{"embeddable":true,"href":"https:\/\/www.correiobraziliense.com.br\/cbradar\/wp-json\/wp\/v2\/comments?post=233933"}],"version-history":[{"count":1,"href":"https:\/\/www.correiobraziliense.com.br\/cbradar\/wp-json\/wp\/v2\/posts\/233933\/revisions"}],"predecessor-version":[{"id":233939,"href":"https:\/\/www.correiobraziliense.com.br\/cbradar\/wp-json\/wp\/v2\/posts\/233933\/revisions\/233939"}],"wp:featuredmedia":[{"embeddable":true,"href":"https:\/\/www.correiobraziliense.com.br\/cbradar\/wp-json\/wp\/v2\/media\/235100"}],"wp:attachment":[{"href":"https:\/\/www.correiobraziliense.com.br\/cbradar\/wp-json\/wp\/v2\/media?parent=233933"}],"wp:term":[{"taxonomy":"category","embeddable":true,"href":"https:\/\/www.correiobraziliense.com.br\/cbradar\/wp-json\/wp\/v2\/categories?post=233933"},{"taxonomy":"post_tag","embeddable":true,"href":"https:\/\/www.correiobraziliense.com.br\/cbradar\/wp-json\/wp\/v2\/tags?post=233933"}],"curies":[{"name":"wp","href":"https:\/\/api.w.org\/{rel}","templated":true}]}}