{"id":233935,"date":"2026-04-30T16:35:00","date_gmt":"2026-04-30T19:35:00","guid":{"rendered":"https:\/\/www.correiobraziliense.com.br\/cbradar\/?p=233935"},"modified":"2026-04-29T15:27:36","modified_gmt":"2026-04-29T18:27:36","slug":"racas-de-caes-que-tem-menos-cheiro-e-costumam-ser-mais-faceis-de-manter-limpas-em-casa","status":"publish","type":"post","link":"https:\/\/www.correiobraziliense.com.br\/cbradar\/racas-de-caes-que-tem-menos-cheiro-e-costumam-ser-mais-faceis-de-manter-limpas-em-casa\/","title":{"rendered":"Ra\u00e7as de c\u00e3es que t\u00eam menos cheiro e costumam ser mais f\u00e1ceis de manter limpas em casa"},"content":{"rendered":"\n<p>Manter a higiene dom\u00e9stica impec\u00e1vel \u00e9 um dos maiores desafios para quem decide compartilhar a rotina com um animal de estima\u00e7\u00e3o. Felizmente, algumas linhagens gen\u00e9ticas possuem caracter\u00edsticas espec\u00edficas na pelagem e na pele que minimizam o odor caracter\u00edstico e facilitam a limpeza di\u00e1ria do ambiente familiar.<\/p>\n\n\n\n<h2 class=\"wp-block-heading\">O segredo das ra\u00e7as que n\u00e3o exalam odores fortes<\/h2>\n\n\n\n<p>O famoso &#8220;cheiro de cachorro&#8221; est\u00e1 geralmente ligado \u00e0 produ\u00e7\u00e3o de \u00f3leos naturais na derme e \u00e0 reten\u00e7\u00e3o de umidade em pelos densos ou subpelos lanosos. Um <strong>cachorro com pouco cheiro<\/strong> costuma possuir uma pelagem que n\u00e3o acumula detritos com facilidade, permitindo que o tutor mantenha a casa fresca com menos esfor\u00e7o e uma frequ\u00eancia de banhos reduzida.<\/p>\n\n\n\n<p>Al\u00e9m da gen\u00e9tica, a facilidade de manuten\u00e7\u00e3o est\u00e1 ligada \u00e0 aus\u00eancia de dobras excessivas na pele, que s\u00e3o locais prop\u00edcios para a prolifera\u00e7\u00e3o de fungos e bact\u00e9rias. Optar por animais com <strong>pelagem hipoalerg\u00eanica<\/strong> ou de camada \u00fanica \u00e9 a estrat\u00e9gia mais inteligente para quem prioriza a praticidade sem abrir m\u00e3o da companhia de um amigo fiel e carinhoso.<\/p>\n\n\n<div class=\"wp-block-image\">\n<figure class=\"aligncenter size-full\"><img decoding=\"async\" width=\"1280\" height=\"720\" src=\"https:\/\/www.correiobraziliense.com.br\/cbradar\/wp-content\/uploads\/2026\/04\/Basenji-.jpg\" alt=\"\" class=\"wp-image-233945\" srcset=\"https:\/\/www.correiobraziliense.com.br\/cbradar\/wp-content\/uploads\/2026\/04\/Basenji-.jpg 1280w, https:\/\/www.correiobraziliense.com.br\/cbradar\/wp-content\/uploads\/2026\/04\/Basenji--300x169.jpg 300w, https:\/\/www.correiobraziliense.com.br\/cbradar\/wp-content\/uploads\/2026\/04\/Basenji--768x432.jpg 768w, https:\/\/www.correiobraziliense.com.br\/cbradar\/wp-content\/uploads\/2026\/04\/Basenji--750x422.jpg 750w, https:\/\/www.correiobraziliense.com.br\/cbradar\/wp-content\/uploads\/2026\/04\/Basenji--1140x641.jpg 1140w\" sizes=\"(max-width: 1280px) 100vw, 1280px\" \/><figcaption class=\"wp-element-caption\">Origin\u00e1rio da \u00c1frica, o Basenji \u00e9 frequentemente citado como a ra\u00e7a mais limpa do mundo devido ao seu comportamento peculiar <\/figcaption><\/figure><\/div>\n\n\n<h2 class=\"wp-block-heading\">Basenji e a fama de c\u00e3o higi\u00eanico como um gato<\/h2>\n\n\n\n<p>Origin\u00e1rio da <strong>\u00c1frica<\/strong>, o <strong>Basenji<\/strong> \u00e9 frequentemente citado como a ra\u00e7a mais limpa do mundo devido ao seu comportamento peculiar de se lamber para remover sujeiras. Ele possui um pelo muito curto e fino que n\u00e3o ret\u00e9m poeira, resultando em uma aus\u00eancia quase total do odor t\u00edpico que incomoda propriet\u00e1rios de im\u00f3veis menores ou menos ventilados.<\/p>\n\n\n\n<p>Sua personalidade independente e silenciosa \u2014 j\u00e1 que ele n\u00e3o late da forma convencional \u2014 torna-o perfeito para quem busca um animal discreto e de <strong>baixa manuten\u00e7\u00e3o<\/strong>. <strong>Dica r\u00e1pida<\/strong>: como eles se limpam sozinhos, uma simples passagem de pano \u00famido ap\u00f3s os passeios costuma ser suficiente para manter o brilho do pelo e a limpeza das patas.<\/p>\n\n\n\n<h2 class=\"wp-block-heading\">A praticidade do Poodle na rotina de limpeza dom\u00e9stica<\/h2>\n\n\n\n<p>O <strong>Poodle<\/strong> \u00e9 uma das escolhas mais vers\u00e1teis do <strong>Brasil<\/strong> e do mundo por n\u00e3o trocar de pelo, o que evita que sof\u00e1s e tapetes fiquem cobertos de fios mortos. Por possuir uma pelagem cacheada que cresce continuamente, os res\u00edduos de pele ficam presos nos fios em vez de ca\u00edrem no ch\u00e3o, facilitando a higieniza\u00e7\u00e3o do <strong>piso e m\u00f3veis<\/strong> da resid\u00eancia.<\/p>\n\n\n\n<p>Essa caracter\u00edstica faz com que ele seja considerado uma das melhores ra\u00e7as para pessoas com rinite ou alergias respirat\u00f3rias severas. <strong>Ponto de aten\u00e7\u00e3o<\/strong>: embora o cheiro seja m\u00ednimo, \u00e9 essencial manter a tosa regular para evitar n\u00f3s que podem esconder sujeiras, garantindo que o seu <strong>pet cheiroso<\/strong> continue sendo um exemplo de asseio e sa\u00fade.<\/p>\n\n\n<div class=\"wp-block-image\">\n<figure class=\"aligncenter size-full\"><img decoding=\"async\" width=\"1280\" height=\"720\" src=\"https:\/\/www.correiobraziliense.com.br\/cbradar\/wp-content\/uploads\/2026\/04\/poodle.jpg\" alt=\"\" class=\"wp-image-228638\" srcset=\"https:\/\/www.correiobraziliense.com.br\/cbradar\/wp-content\/uploads\/2026\/04\/poodle.jpg 1280w, https:\/\/www.correiobraziliense.com.br\/cbradar\/wp-content\/uploads\/2026\/04\/poodle-300x169.jpg 300w, https:\/\/www.correiobraziliense.com.br\/cbradar\/wp-content\/uploads\/2026\/04\/poodle-768x432.jpg 768w, https:\/\/www.correiobraziliense.com.br\/cbradar\/wp-content\/uploads\/2026\/04\/poodle-750x422.jpg 750w, https:\/\/www.correiobraziliense.com.br\/cbradar\/wp-content\/uploads\/2026\/04\/poodle-1140x641.jpg 1140w\" sizes=\"(max-width: 1280px) 100vw, 1280px\" \/><figcaption class=\"wp-element-caption\">O Poodle \u00e9 amplamente reconhecido como uma das ra\u00e7as mais limpas para se ter em ambientes fechados<\/figcaption><\/figure><\/div>\n\n\n<h2 class=\"wp-block-heading\">Whippet e a eleg\u00e2ncia da pelagem autolimpante<\/h2>\n\n\n\n<p>O <strong>Whippet<\/strong> \u00e9 um velocista nato que possui uma pele fina e pelos extremamente curtos, o que impede a absor\u00e7\u00e3o de gordura cut\u00e2nea e o desenvolvimento de mau cheiro. Esta ra\u00e7a \u00e9 conhecida por ser &#8220;muda&#8221; em termos de odor, sendo capaz de passar longos per\u00edodos entre os banhos sem apresentar qualquer desconforto olfativo para os moradores da casa.<\/p>\n\n\n\n<ul class=\"wp-block-list\">\n<li><strong>Secagem r\u00e1pida<\/strong> ap\u00f3s chuvas ou banhos dom\u00e9sticos simples;<\/li>\n\n\n\n<li>Aus\u00eancia de <strong>subpelo<\/strong>, o que reduz drasticamente a queda de fios;<\/li>\n\n\n\n<li>Natureza tranquila que evita bagun\u00e7as e sujeiras pesadas no interior do lar;<\/li>\n\n\n\n<li>Facilidade para identificar e remover parasitas externos rapidamente;<\/li>\n\n\n\n<li>Comportamento d\u00f3cil que facilita o manuseio durante a higiene das orelhas.<\/li>\n<\/ul>\n\n\n\n<p>A simplicidade de cuidar de um c\u00e3o deste porte atrai quem vive em <strong>apartamentos modernos<\/strong> onde a otimiza\u00e7\u00e3o do tempo \u00e9 fundamental. Sua estrutura f\u00edsica aerodin\u00e2mica n\u00e3o apenas ajuda na velocidade, mas tamb\u00e9m garante que ele n\u00e3o &#8220;traga a rua para dentro de casa&#8221; ap\u00f3s uma caminhada no parque ou na cal\u00e7ada.<\/p>\n\n\n\n<p>Para aprofundar no assunto, separamos esse v\u00eddeo do canal <a href=\"https:\/\/www.youtube.com\/@PeritoAnimal\" target=\"_blank\" rel=\"noreferrer noopener\">PeritoAnimal<\/a> falando mais sobre a ra\u00e7a Whippet:<\/p>\n\n\n\n<figure class=\"wp-block-embed is-type-video is-provider-youtube wp-block-embed-youtube wp-embed-aspect-16-9 wp-has-aspect-ratio\"><div class=\"wp-block-embed__wrapper\">\n<div class=\"jeg_video_container jeg_video_content\"><iframe loading=\"lazy\" title=\"WHIPPET \ud83d\udc36 | Caracter\u00edsticas, Cuidados e Sa\u00fade \ud83d\udc3e\" width=\"500\" height=\"281\" src=\"https:\/\/www.youtube.com\/embed\/g3IYW_hmh_c?feature=oembed\" frameborder=\"0\" allow=\"accelerometer; autoplay; clipboard-write; encrypted-media; gyroscope; picture-in-picture; web-share\" referrerpolicy=\"strict-origin-when-cross-origin\" allowfullscreen><\/iframe><\/div>\n<\/div><\/figure>\n\n\n\n<h2 class=\"wp-block-heading\">Como prolongar a sensa\u00e7\u00e3o de limpeza do seu animal<\/h2>\n\n\n\n<p>Mesmo escolhendo ra\u00e7as como o <strong>Malt\u00eas<\/strong> ou o <strong>Schnauzer<\/strong>, a alimenta\u00e7\u00e3o de alta qualidade desempenha um papel crucial na redu\u00e7\u00e3o do h\u00e1lito forte e dos odores corporais. O uso de produtos espec\u00edficos para <strong>higiene a seco<\/strong> pode ser um grande aliado em semanas chuvosas, mantendo a pelagem perfumada sem a necessidade de molhar o animal completamente.<\/p>\n\n\n\n<p>Ao investir em uma dessas ra\u00e7as, voc\u00ea foca mais no lazer e menos na limpeza pesada, promovendo uma conviv\u00eancia leve e prazerosa. Procure sempre manter as caminhas e utens\u00edlios do animal limpos, pois muitas vezes o cheiro atribu\u00eddo ao c\u00e3o vem, na verdade, de acess\u00f3rios que n\u00e3o recebem a devida higieniza\u00e7\u00e3o semanal.<\/p>\n","protected":false},"excerpt":{"rendered":"<p>Manter a higiene dom\u00e9stica impec\u00e1vel \u00e9 um dos maiores desafios para quem decide compartilhar a rotina com um animal de estima\u00e7\u00e3o. Felizmente, algumas linhagens gen\u00e9ticas possuem caracter\u00edsticas espec\u00edficas na pelagem e na pele que minimizam o odor caracter\u00edstico e facilitam a limpeza di\u00e1ria do ambiente familiar. O segredo das ra\u00e7as que n\u00e3o exalam odores fortes [&hellip;]<\/p>\n","protected":false},"author":9,"featured_media":234354,"comment_status":"open","ping_status":"open","sticky":false,"template":"","format":"standard","meta":{"_yoast_wpseo_focuskw":"c\u00e3o higi\u00eanico","_yoast_wpseo_title":"","_yoast_wpseo_metadesc":"Ra\u00e7as de cachorro com pouco cheiro ajudam a manter a casa limpa e facilitam a rotina de cuidados no dia a dia.","jnews-multi-image_gallery":[],"jnews_single_post":{"format":"standard"},"jnews_primary_category":[],"jnews_social_meta":[],"jnews_override_counter":[],"footnotes":""},"categories":[112],"tags":[18355,8073],"class_list":["post-233935","post","type-post","status-publish","format-standard","has-post-thumbnail","hentry","category-curiosidades","tag-cao-higienico","tag-racas-de-caes"],"yoast_head":"<!-- This site is optimized with the Yoast SEO plugin v24.6 - https:\/\/yoast.com\/wordpress\/plugins\/seo\/ -->\n<title>Ra\u00e7as de c\u00e3es que t\u00eam menos cheiro e costumam ser mais f\u00e1ceis de manter limpas em casa - Correio Braziliense - Radar<\/title>\n<meta name=\"description\" content=\"Ra\u00e7as de cachorro com pouco cheiro ajudam a manter a casa limpa e facilitam a rotina de cuidados no dia a dia.\" \/>\n<meta name=\"robots\" content=\"index, follow, max-snippet:-1, max-image-preview:large, max-video-preview:-1\" \/>\n<link rel=\"canonical\" href=\"https:\/\/www.correiobraziliense.com.br\/cbradar\/racas-de-caes-que-tem-menos-cheiro-e-costumam-ser-mais-faceis-de-manter-limpas-em-casa\/\" \/>\n<meta property=\"og:locale\" content=\"pt_BR\" \/>\n<meta property=\"og:type\" content=\"article\" \/>\n<meta property=\"og:title\" content=\"Ra\u00e7as de c\u00e3es que t\u00eam menos cheiro e costumam ser mais f\u00e1ceis de manter limpas em casa - Correio Braziliense - Radar\" \/>\n<meta property=\"og:description\" content=\"Ra\u00e7as de cachorro com pouco cheiro ajudam a manter a casa limpa e facilitam a rotina de cuidados no dia a dia.\" \/>\n<meta property=\"og:url\" content=\"https:\/\/www.correiobraziliense.com.br\/cbradar\/racas-de-caes-que-tem-menos-cheiro-e-costumam-ser-mais-faceis-de-manter-limpas-em-casa\/\" \/>\n<meta property=\"og:site_name\" content=\"Correio Braziliense - Radar\" \/>\n<meta property=\"article:published_time\" content=\"2026-04-30T19:35:00+00:00\" \/>\n<meta property=\"og:image\" content=\"https:\/\/www.correiobraziliense.com.br\/cbradar\/wp-content\/uploads\/2026\/04\/Cachorro_deitado_em_piso_claro_202604291522.jpg\" \/>\n\t<meta property=\"og:image:width\" content=\"1280\" \/>\n\t<meta property=\"og:image:height\" content=\"720\" \/>\n\t<meta property=\"og:image:type\" content=\"image\/jpeg\" \/>\n<meta name=\"author\" content=\"Daniely Cardoso\" \/>\n<meta name=\"twitter:card\" content=\"summary_large_image\" \/>\n<meta name=\"twitter:label1\" content=\"Escrito por\" \/>\n\t<meta name=\"twitter:data1\" content=\"Daniely Cardoso\" \/>\n\t<meta name=\"twitter:label2\" content=\"Est. tempo de leitura\" \/>\n\t<meta name=\"twitter:data2\" content=\"5 minutos\" \/>\n<!-- \/ Yoast SEO plugin. -->","yoast_head_json":{"title":"Ra\u00e7as de c\u00e3es que t\u00eam menos cheiro e costumam ser mais f\u00e1ceis de manter limpas em casa - Correio Braziliense - Radar","description":"Ra\u00e7as de cachorro com pouco cheiro ajudam a manter a casa limpa e facilitam a rotina de cuidados no dia a dia.","robots":{"index":"index","follow":"follow","max-snippet":"max-snippet:-1","max-image-preview":"max-image-preview:large","max-video-preview":"max-video-preview:-1"},"canonical":"https:\/\/www.correiobraziliense.com.br\/cbradar\/racas-de-caes-que-tem-menos-cheiro-e-costumam-ser-mais-faceis-de-manter-limpas-em-casa\/","og_locale":"pt_BR","og_type":"article","og_title":"Ra\u00e7as de c\u00e3es que t\u00eam menos cheiro e costumam ser mais f\u00e1ceis de manter limpas em casa - Correio Braziliense - Radar","og_description":"Ra\u00e7as de cachorro com pouco cheiro ajudam a manter a casa limpa e facilitam a rotina de cuidados no dia a dia.","og_url":"https:\/\/www.correiobraziliense.com.br\/cbradar\/racas-de-caes-que-tem-menos-cheiro-e-costumam-ser-mais-faceis-de-manter-limpas-em-casa\/","og_site_name":"Correio Braziliense - Radar","article_published_time":"2026-04-30T19:35:00+00:00","og_image":[{"width":1280,"height":720,"url":"https:\/\/www.correiobraziliense.com.br\/cbradar\/wp-content\/uploads\/2026\/04\/Cachorro_deitado_em_piso_claro_202604291522.jpg","type":"image\/jpeg"}],"author":"Daniely Cardoso","twitter_card":"summary_large_image","twitter_misc":{"Escrito por":"Daniely Cardoso","Est. tempo de leitura":"5 minutos"},"schema":{"@context":"https:\/\/schema.org","@graph":[{"@type":"WebPage","@id":"https:\/\/www.correiobraziliense.com.br\/cbradar\/racas-de-caes-que-tem-menos-cheiro-e-costumam-ser-mais-faceis-de-manter-limpas-em-casa\/","url":"https:\/\/www.correiobraziliense.com.br\/cbradar\/racas-de-caes-que-tem-menos-cheiro-e-costumam-ser-mais-faceis-de-manter-limpas-em-casa\/","name":"Ra\u00e7as de c\u00e3es que t\u00eam menos cheiro e costumam ser mais f\u00e1ceis de manter limpas em casa - Correio Braziliense - Radar","isPartOf":{"@id":"https:\/\/www.correiobraziliense.com.br\/cbradar\/#website"},"primaryImageOfPage":{"@id":"https:\/\/www.correiobraziliense.com.br\/cbradar\/racas-de-caes-que-tem-menos-cheiro-e-costumam-ser-mais-faceis-de-manter-limpas-em-casa\/#primaryimage"},"image":{"@id":"https:\/\/www.correiobraziliense.com.br\/cbradar\/racas-de-caes-que-tem-menos-cheiro-e-costumam-ser-mais-faceis-de-manter-limpas-em-casa\/#primaryimage"},"thumbnailUrl":"https:\/\/www.correiobraziliense.com.br\/cbradar\/wp-content\/uploads\/2026\/04\/Cachorro_deitado_em_piso_claro_202604291522.jpg","datePublished":"2026-04-30T19:35:00+00:00","author":{"@id":"https:\/\/www.correiobraziliense.com.br\/cbradar\/#\/schema\/person\/7356666e12ec0ee53f348ee5db227032"},"description":"Ra\u00e7as de cachorro com pouco cheiro ajudam a manter a casa limpa e facilitam a rotina de cuidados no dia a dia.","breadcrumb":{"@id":"https:\/\/www.correiobraziliense.com.br\/cbradar\/racas-de-caes-que-tem-menos-cheiro-e-costumam-ser-mais-faceis-de-manter-limpas-em-casa\/#breadcrumb"},"inLanguage":"pt-BR","potentialAction":[{"@type":"ReadAction","target":["https:\/\/www.correiobraziliense.com.br\/cbradar\/racas-de-caes-que-tem-menos-cheiro-e-costumam-ser-mais-faceis-de-manter-limpas-em-casa\/"]}]},{"@type":"ImageObject","inLanguage":"pt-BR","@id":"https:\/\/www.correiobraziliense.com.br\/cbradar\/racas-de-caes-que-tem-menos-cheiro-e-costumam-ser-mais-faceis-de-manter-limpas-em-casa\/#primaryimage","url":"https:\/\/www.correiobraziliense.com.br\/cbradar\/wp-content\/uploads\/2026\/04\/Cachorro_deitado_em_piso_claro_202604291522.jpg","contentUrl":"https:\/\/www.correiobraziliense.com.br\/cbradar\/wp-content\/uploads\/2026\/04\/Cachorro_deitado_em_piso_claro_202604291522.jpg","width":1280,"height":720,"caption":"Ra\u00e7as de pelagem curta costumam acumular menos sujeira"},{"@type":"BreadcrumbList","@id":"https:\/\/www.correiobraziliense.com.br\/cbradar\/racas-de-caes-que-tem-menos-cheiro-e-costumam-ser-mais-faceis-de-manter-limpas-em-casa\/#breadcrumb","itemListElement":[{"@type":"ListItem","position":1,"name":"In\u00edcio","item":"https:\/\/www.correiobraziliense.com.br\/cbradar\/"},{"@type":"ListItem","position":2,"name":"Ra\u00e7as de c\u00e3es que t\u00eam menos cheiro e costumam ser mais f\u00e1ceis de manter limpas em casa"}]},{"@type":"WebSite","@id":"https:\/\/www.correiobraziliense.com.br\/cbradar\/#website","url":"https:\/\/www.correiobraziliense.com.br\/cbradar\/","name":"Correio Braziliense - Radar","description":"Acompanhe as \u00faltimas not\u00edcias e fique bem informado sobre tudo o que acontece no Brasil e no mundo.","potentialAction":[{"@type":"SearchAction","target":{"@type":"EntryPoint","urlTemplate":"https:\/\/www.correiobraziliense.com.br\/cbradar\/?s={search_term_string}"},"query-input":{"@type":"PropertyValueSpecification","valueRequired":true,"valueName":"search_term_string"}}],"inLanguage":"pt-BR"},{"@type":"Person","@id":"https:\/\/www.correiobraziliense.com.br\/cbradar\/#\/schema\/person\/7356666e12ec0ee53f348ee5db227032","name":"Daniely Cardoso","image":{"@type":"ImageObject","inLanguage":"pt-BR","@id":"https:\/\/www.correiobraziliense.com.br\/cbradar\/#\/schema\/person\/image\/","url":"https:\/\/secure.gravatar.com\/avatar\/4b80ddbd124d1f071b626d52d62e5dff?s=96&d=mm&r=g","contentUrl":"https:\/\/secure.gravatar.com\/avatar\/4b80ddbd124d1f071b626d52d62e5dff?s=96&d=mm&r=g","caption":"Daniely Cardoso"},"description":"Redatora nos portais CB Radar e EM Foco, formada pela Universidade Federal de Goi\u00e1s, em Goi\u00e2nia. Apaixonada por comunica\u00e7\u00e3o, arte, decora\u00e7\u00e3o e tend\u00eancias, atuo na produ\u00e7\u00e3o de conte\u00fados envolventes sobre curiosidades, moda, beleza e paisagismo, sempre com um olhar atento \u00e0s novidades do momento.","sameAs":["https:\/\/www.correiobraziliense.com.br\/cbradar"],"url":"https:\/\/www.correiobraziliense.com.br\/cbradar\/author\/danielymyth\/"}]}},"_links":{"self":[{"href":"https:\/\/www.correiobraziliense.com.br\/cbradar\/wp-json\/wp\/v2\/posts\/233935","targetHints":{"allow":["GET"]}}],"collection":[{"href":"https:\/\/www.correiobraziliense.com.br\/cbradar\/wp-json\/wp\/v2\/posts"}],"about":[{"href":"https:\/\/www.correiobraziliense.com.br\/cbradar\/wp-json\/wp\/v2\/types\/post"}],"author":[{"embeddable":true,"href":"https:\/\/www.correiobraziliense.com.br\/cbradar\/wp-json\/wp\/v2\/users\/9"}],"replies":[{"embeddable":true,"href":"https:\/\/www.correiobraziliense.com.br\/cbradar\/wp-json\/wp\/v2\/comments?post=233935"}],"version-history":[{"count":2,"href":"https:\/\/www.correiobraziliense.com.br\/cbradar\/wp-json\/wp\/v2\/posts\/233935\/revisions"}],"predecessor-version":[{"id":233953,"href":"https:\/\/www.correiobraziliense.com.br\/cbradar\/wp-json\/wp\/v2\/posts\/233935\/revisions\/233953"}],"wp:featuredmedia":[{"embeddable":true,"href":"https:\/\/www.correiobraziliense.com.br\/cbradar\/wp-json\/wp\/v2\/media\/234354"}],"wp:attachment":[{"href":"https:\/\/www.correiobraziliense.com.br\/cbradar\/wp-json\/wp\/v2\/media?parent=233935"}],"wp:term":[{"taxonomy":"category","embeddable":true,"href":"https:\/\/www.correiobraziliense.com.br\/cbradar\/wp-json\/wp\/v2\/categories?post=233935"},{"taxonomy":"post_tag","embeddable":true,"href":"https:\/\/www.correiobraziliense.com.br\/cbradar\/wp-json\/wp\/v2\/tags?post=233935"}],"curies":[{"name":"wp","href":"https:\/\/api.w.org\/{rel}","templated":true}]}}