{"id":233940,"date":"2026-04-30T00:30:00","date_gmt":"2026-04-30T03:30:00","guid":{"rendered":"https:\/\/www.correiobraziliense.com.br\/cbradar\/?p=233940"},"modified":"2026-04-29T18:08:33","modified_gmt":"2026-04-29T21:08:33","slug":"pais-da-geracao-z-e-millennial-tem-acesso-a-mais-conteudo-sobre-sono-infantil-do-que-qualquer-geracao-anterior-mas-continuam-relatando-exaustao-extrema-e-culpa-diaria-e-a-ligacao-entre-essas-duas-co","status":"publish","type":"post","link":"https:\/\/www.correiobraziliense.com.br\/cbradar\/pais-da-geracao-z-e-millennial-tem-acesso-a-mais-conteudo-sobre-sono-infantil-do-que-qualquer-geracao-anterior-mas-continuam-relatando-exaustao-extrema-e-culpa-diaria-e-a-ligacao-entre-essas-duas-co\/","title":{"rendered":"Pais da gera\u00e7\u00e3o Z e millennial t\u00eam acesso a mais conte\u00fado sobre sono infantil do que qualquer gera\u00e7\u00e3o anterior, mas continuam relatando exaust\u00e3o extrema e culpa di\u00e1ria, e a liga\u00e7\u00e3o entre essas duas coisas passa pelo excesso de regra disfar\u00e7ado de cuidado"},"content":{"rendered":"\n<p>A sobrecarga de informa\u00e7\u00f5es sobre o sono dos beb\u00eas transformou o descanso em uma fonte de ansiedade constante para as fam\u00edlias modernas. Embora o acesso ao conhecimento seja vasto, a press\u00e3o por seguir normas r\u00edgidas gera um ciclo de cansa\u00e7o profundo e frustra\u00e7\u00e3o. \u00c9 essencial repensar como o excesso de orienta\u00e7\u00f5es impacta a sa\u00fade mental.<\/p>\n\n\n\n<h2 class=\"wp-block-heading\">Como o excesso de informa\u00e7\u00e3o se tornou um peso invis\u00edvel?<\/h2>\n\n\n\n<p>Pais contempor\u00e2neos lidam com uma enxurrada de diretrizes digitais que prometem solu\u00e7\u00f5es milagrosas para as noites mal dormidas das crian\u00e7as. Esse bombardeio de regras cria uma vigil\u00e2ncia constante sobre cada movimento do beb\u00ea no ber\u00e7o, impedindo o relaxamento real dos cuidadores. A tentativa de controlar o incontrol\u00e1vel resulta em uma fadiga cognitiva que esgota a energia mental necess\u00e1ria diariamente.<\/p>\n\n\n\n<p>Quando o cuidado se transforma em uma lista intermin\u00e1vel de tarefas burocr\u00e1ticas, o v\u00ednculo afetivo espont\u00e2neo acaba ficando em segundo plano. A obsess\u00e3o por janelas de sono e hor\u00e1rios matem\u00e1ticos ignora a biologia individual de cada ser humano em desenvolvimento. Essa estrutura r\u00edgida \u00e9 muitas vezes vendida como afeto, mas na pr\u00e1tica funciona como um mecanismo gerador de estresse constante.<\/p>\n\n\n\n<figure class=\"wp-block-image size-full\"><img decoding=\"async\" width=\"1280\" height=\"720\" src=\"https:\/\/www.correiobraziliense.com.br\/cbradar\/wp-content\/uploads\/2026\/04\/Gemini_Generated_Image_utkutcutkutcutku-1-1.png\" alt=\"Pais da gera\u00e7\u00e3o Z e millennial t\u00eam acesso a mais conte\u00fado sobre sono infantil do que qualquer gera\u00e7\u00e3o anterior, mas continuam relatando exaust\u00e3o extrema e culpa di\u00e1ria, e a liga\u00e7\u00e3o entre essas duas coisas passa pelo excesso de regra disfar\u00e7ado de cuidado\" class=\"wp-image-233947\" srcset=\"https:\/\/www.correiobraziliense.com.br\/cbradar\/wp-content\/uploads\/2026\/04\/Gemini_Generated_Image_utkutcutkutcutku-1-1.png 1280w, https:\/\/www.correiobraziliense.com.br\/cbradar\/wp-content\/uploads\/2026\/04\/Gemini_Generated_Image_utkutcutkutcutku-1-1-300x169.png 300w, https:\/\/www.correiobraziliense.com.br\/cbradar\/wp-content\/uploads\/2026\/04\/Gemini_Generated_Image_utkutcutkutcutku-1-1-768x432.png 768w, https:\/\/www.correiobraziliense.com.br\/cbradar\/wp-content\/uploads\/2026\/04\/Gemini_Generated_Image_utkutcutkutcutku-1-1-750x422.png 750w, https:\/\/www.correiobraziliense.com.br\/cbradar\/wp-content\/uploads\/2026\/04\/Gemini_Generated_Image_utkutcutkutcutku-1-1-1140x641.png 1140w\" sizes=\"(max-width: 1280px) 100vw, 1280px\" \/><figcaption class=\"wp-element-caption\">Excesso de regras sobre sono do beb\u00ea pode gerar ansiedade nos pais<\/figcaption><\/figure>\n\n\n\n<h2 class=\"wp-block-heading\">Por que a culpa se tornou a sombra da parentalidade moderna?<\/h2>\n\n\n\n<p>A compara\u00e7\u00e3o constante nas redes sociais faz com que os pais sintam que qualquer desvio das normas \u00e9 uma falha pessoal. O sentimento de culpa surge quando a realidade biol\u00f3gica do beb\u00ea n\u00e3o se encaixa nos padr\u00f5es perfeitos exibidos nos v\u00eddeos educativos. Esse peso emocional consome as \u00faltimas reservas de disposi\u00e7\u00e3o de quem j\u00e1 enfrenta priva\u00e7\u00e3o de sono severa e prolongada hoje.<\/p>\n\n\n\n<p>A exaust\u00e3o extrema n\u00e3o \u00e9 apenas f\u00edsica, mas alimentada pela sensa\u00e7\u00e3o persistente de que o esfor\u00e7o nunca \u00e9 suficiente para o sucesso. A cultura do desempenho invadiu os quartos das crian\u00e7as, transformando o descanso em uma meta a ser atingida com precis\u00e3o cir\u00fargica. \u00c9 preciso acolher a imperfei\u00e7\u00e3o para interromper esse ciclo de sofrimento e <strong>resgatar a tranquilidade familiar<\/strong> necess\u00e1ria.<\/p>\n\n\n\n<h2 class=\"wp-block-heading\">Como filtrar as regras para priorizar a sa\u00fade real?<\/h2>\n\n\n\n<p>Diferenciar o que \u00e9 ci\u00eancia comprovada do que \u00e9 apenas marketing de produtividade \u00e9 vital para manter a sanidade dos cuidadores. Muitas das exig\u00eancias impostas atualmente n\u00e3o possuem embasamento m\u00e9dico s\u00f3lido, servindo apenas para alimentar o mercado de consultorias especializadas. <strong>Priorizar o bem-estar coletivo<\/strong> da casa deve ser sempre o guia principal para tomar qualquer decis\u00e3o importante na rotina. <\/p>\n\n\n\n<p><strong>Analise agora os elementos fundamentais para criar um ecossistema de prote\u00e7\u00e3o e aprendizado constante:<\/strong><\/p>\n\n\n\n<ul class=\"wp-block-list\">\n<li>Respeito aos ritmos biol\u00f3gicos individuais da crian\u00e7a.<\/li>\n\n\n\n<li>Redu\u00e7\u00e3o do tempo de tela para os pais.<\/li>\n\n\n\n<li>Cria\u00e7\u00e3o de uma rede de apoio presencial s\u00f3lida.<\/li>\n\n\n\n<li>Valida\u00e7\u00e3o dos sentimentos de cansa\u00e7o sem qualquer julgamento.<\/li>\n\n\n\n<li>Ajuste de expectativas realistas sobre o comportamento infantil.<\/li>\n<\/ul>\n\n\n\n<h2 class=\"wp-block-heading\">Qual a import\u00e2ncia de ouvir o pr\u00f3prio instinto parental?<\/h2>\n\n\n\n<p>Confiar na pr\u00f3pria percep\u00e7\u00e3o sobre as necessidades do <strong><a href=\"https:\/\/www.correiobraziliense.com.br\/cbradar\/muita-gente-nao-percebe-que-quem-ve-os-filhos-saindo-de-casa-sente-dois-vazios-ao-mesmo-tempo-o-da-rotina-que-mudou-e-o-da-versao-de-si-que-existia-para-cuidar-deles-todos-os-dias\/\" target=\"_blank\" rel=\"noreferrer noopener\">filho <\/a><\/strong>fortalece a autoconfian\u00e7a e diminui a depend\u00eancia excessiva de tutoriais externos. O instinto, aliado ao bom senso, costuma oferecer respostas mais precisas do que f\u00f3rmulas gen\u00e9ricas aplicadas a milhares de fam\u00edlias diferentes. \u00c9 um processo de aprendizado m\u00fatuo onde a observa\u00e7\u00e3o direta vale muito mais do que manuais t\u00e9cnicos frios hoje.<\/p>\n\n\n\n<p>Retomar o controle da rotina dom\u00e9stica exige coragem para ignorar as tend\u00eancias passageiras que prometem solu\u00e7\u00f5es r\u00e1pidas e milagrosas. A seguran\u00e7a emocional do beb\u00ea est\u00e1 diretamente ligada \u00e0 calma que os pais conseguem transmitir durante os momentos de vig\u00edlia. Quando os adultos est\u00e3o tranquilos, a crian\u00e7a sente que o ambiente \u00e9 seguro para o repouso natural ocorrer sem press\u00f5es externas.<\/p>\n\n\n\n<figure class=\"wp-block-image size-full\"><img decoding=\"async\" width=\"1280\" height=\"720\" src=\"https:\/\/www.correiobraziliense.com.br\/cbradar\/wp-content\/uploads\/2026\/04\/Gemini_Generated_Image_40np4r40np4r40np-1-1.png\" alt=\"Pais da gera\u00e7\u00e3o Z e millennial t\u00eam acesso a mais conte\u00fado sobre sono infantil do que qualquer gera\u00e7\u00e3o anterior, mas continuam relatando exaust\u00e3o extrema e culpa di\u00e1ria, e a liga\u00e7\u00e3o entre essas duas coisas passa pelo excesso de regra disfar\u00e7ado de cuidado\" class=\"wp-image-233948\" srcset=\"https:\/\/www.correiobraziliense.com.br\/cbradar\/wp-content\/uploads\/2026\/04\/Gemini_Generated_Image_40np4r40np4r40np-1-1.png 1280w, https:\/\/www.correiobraziliense.com.br\/cbradar\/wp-content\/uploads\/2026\/04\/Gemini_Generated_Image_40np4r40np4r40np-1-1-300x169.png 300w, https:\/\/www.correiobraziliense.com.br\/cbradar\/wp-content\/uploads\/2026\/04\/Gemini_Generated_Image_40np4r40np4r40np-1-1-768x432.png 768w, https:\/\/www.correiobraziliense.com.br\/cbradar\/wp-content\/uploads\/2026\/04\/Gemini_Generated_Image_40np4r40np4r40np-1-1-750x422.png 750w, https:\/\/www.correiobraziliense.com.br\/cbradar\/wp-content\/uploads\/2026\/04\/Gemini_Generated_Image_40np4r40np4r40np-1-1-1140x641.png 1140w\" sizes=\"(max-width: 1280px) 100vw, 1280px\" \/><figcaption class=\"wp-element-caption\">Excesso de regras sobre sono do beb\u00ea pode gerar ansiedade nos pais<\/figcaption><\/figure>\n\n\n\n<h2 class=\"wp-block-heading\">O que as diretrizes globais recomendam sobre o descanso seguro?<\/h2>\n\n\n\n<p>Institui\u00e7\u00f5es renomadas focam na preven\u00e7\u00e3o de riscos e no desenvolvimento saud\u00e1vel, evitando a imposi\u00e7\u00e3o de treinamentos r\u00edgidos de comportamento noturno. A prioridade deve ser sempre a seguran\u00e7a f\u00edsica e a higiene b\u00e1sica do ambiente onde o pequeno dorme todas as noites. Seguir orienta\u00e7\u00f5es baseadas em evid\u00eancias protege a sa\u00fade f\u00edsica da crian\u00e7a sem sacrificar a sa\u00fade mental dos pais hoje.<\/p>\n\n\n\n<p>Entender as normas fundamentais \u00e9 o passo decisivo para eliminar o ru\u00eddo desnecess\u00e1rio criado pelo excesso de regras informais na internet. Para consultar recomenda\u00e7\u00f5es oficiais sobre um ambiente de repouso protegido e adequado, acesse as diretrizes da <a target=\"_blank\" rel=\"noreferrer noopener\" href=\"https:\/\/www.healthychildren.org\/English\/ages-stages\/baby\/sleep\/Pages\/A-Parents-Guide-to-Safe-Sleep.aspx\"><strong>Academia Americana de Pediatria<\/strong> sobre o sono seguro<\/a>. Informar-se por fontes de autoridade \u00e9 <strong>essencial para combater a exaust\u00e3o<\/strong> e a inseguran\u00e7a di\u00e1ria.<\/p>\n","protected":false},"excerpt":{"rendered":"<p>A sobrecarga de informa\u00e7\u00f5es sobre o sono dos beb\u00eas transformou o descanso em uma fonte de ansiedade constante para as fam\u00edlias modernas. Embora o acesso ao conhecimento seja vasto, a press\u00e3o por seguir normas r\u00edgidas gera um ciclo de cansa\u00e7o profundo e frustra\u00e7\u00e3o. \u00c9 essencial repensar como o excesso de orienta\u00e7\u00f5es impacta a sa\u00fade mental. [&hellip;]<\/p>\n","protected":false},"author":21,"featured_media":233944,"comment_status":"open","ping_status":"open","sticky":false,"template":"","format":"standard","meta":{"_yoast_wpseo_focuskw":"sono do beb\u00ea excesso de informa\u00e7\u00e3o pais","_yoast_wpseo_title":"","_yoast_wpseo_metadesc":"Excesso de regras sobre o sono do beb\u00ea pode gerar ansiedade. Filtrar orienta\u00e7\u00f5es ajuda a preservar a sa\u00fade mental da fam\u00edlia.","jnews-multi-image_gallery":[],"jnews_single_post":{"format":"standard"},"jnews_primary_category":[],"jnews_social_meta":[],"jnews_override_counter":[],"footnotes":""},"categories":[112],"tags":[],"class_list":["post-233940","post","type-post","status-publish","format-standard","has-post-thumbnail","hentry","category-curiosidades"],"yoast_head":"<!-- This site is optimized with the Yoast SEO plugin v24.6 - https:\/\/yoast.com\/wordpress\/plugins\/seo\/ -->\n<title>Pais da gera\u00e7\u00e3o Z e millennial t\u00eam acesso a mais conte\u00fado sobre sono infantil do que qualquer gera\u00e7\u00e3o anterior, mas continuam relatando exaust\u00e3o extrema e culpa di\u00e1ria, e a liga\u00e7\u00e3o entre essas duas coisas passa pelo excesso de regra disfar\u00e7ado de cuidado - Correio Braziliense - Radar<\/title>\n<meta name=\"description\" content=\"Excesso de regras sobre o sono do beb\u00ea pode gerar ansiedade. Filtrar orienta\u00e7\u00f5es ajuda a preservar a sa\u00fade mental da fam\u00edlia.\" \/>\n<meta name=\"robots\" content=\"index, follow, max-snippet:-1, max-image-preview:large, max-video-preview:-1\" \/>\n<link rel=\"canonical\" href=\"https:\/\/www.correiobraziliense.com.br\/cbradar\/pais-da-geracao-z-e-millennial-tem-acesso-a-mais-conteudo-sobre-sono-infantil-do-que-qualquer-geracao-anterior-mas-continuam-relatando-exaustao-extrema-e-culpa-diaria-e-a-ligacao-entre-essas-duas-co\/\" \/>\n<meta property=\"og:locale\" content=\"pt_BR\" \/>\n<meta property=\"og:type\" content=\"article\" \/>\n<meta property=\"og:title\" content=\"Pais da gera\u00e7\u00e3o Z e millennial t\u00eam acesso a mais conte\u00fado sobre sono infantil do que qualquer gera\u00e7\u00e3o anterior, mas continuam relatando exaust\u00e3o extrema e culpa di\u00e1ria, e a liga\u00e7\u00e3o entre essas duas coisas passa pelo excesso de regra disfar\u00e7ado de cuidado - Correio Braziliense - Radar\" \/>\n<meta property=\"og:description\" content=\"Excesso de regras sobre o sono do beb\u00ea pode gerar ansiedade. Filtrar orienta\u00e7\u00f5es ajuda a preservar a sa\u00fade mental da fam\u00edlia.\" \/>\n<meta property=\"og:url\" content=\"https:\/\/www.correiobraziliense.com.br\/cbradar\/pais-da-geracao-z-e-millennial-tem-acesso-a-mais-conteudo-sobre-sono-infantil-do-que-qualquer-geracao-anterior-mas-continuam-relatando-exaustao-extrema-e-culpa-diaria-e-a-ligacao-entre-essas-duas-co\/\" \/>\n<meta property=\"og:site_name\" content=\"Correio Braziliense - Radar\" \/>\n<meta property=\"article:published_time\" content=\"2026-04-30T03:30:00+00:00\" \/>\n<meta property=\"og:image\" content=\"https:\/\/www.correiobraziliense.com.br\/cbradar\/wp-content\/uploads\/2026\/04\/Gemini_Generated_Image_majo41majo41majo-1-1.png\" \/>\n\t<meta property=\"og:image:width\" content=\"1280\" \/>\n\t<meta property=\"og:image:height\" content=\"720\" \/>\n\t<meta property=\"og:image:type\" content=\"image\/png\" \/>\n<meta name=\"author\" content=\"Patrick Silva\" \/>\n<meta name=\"twitter:card\" content=\"summary_large_image\" \/>\n<meta name=\"twitter:label1\" content=\"Escrito por\" \/>\n\t<meta name=\"twitter:data1\" content=\"Patrick Silva\" \/>\n\t<meta name=\"twitter:label2\" content=\"Est. tempo de leitura\" \/>\n\t<meta name=\"twitter:data2\" content=\"5 minutos\" \/>\n<!-- \/ Yoast SEO plugin. -->","yoast_head_json":{"title":"Pais da gera\u00e7\u00e3o Z e millennial t\u00eam acesso a mais conte\u00fado sobre sono infantil do que qualquer gera\u00e7\u00e3o anterior, mas continuam relatando exaust\u00e3o extrema e culpa di\u00e1ria, e a liga\u00e7\u00e3o entre essas duas coisas passa pelo excesso de regra disfar\u00e7ado de cuidado - Correio Braziliense - Radar","description":"Excesso de regras sobre o sono do beb\u00ea pode gerar ansiedade. Filtrar orienta\u00e7\u00f5es ajuda a preservar a sa\u00fade mental da fam\u00edlia.","robots":{"index":"index","follow":"follow","max-snippet":"max-snippet:-1","max-image-preview":"max-image-preview:large","max-video-preview":"max-video-preview:-1"},"canonical":"https:\/\/www.correiobraziliense.com.br\/cbradar\/pais-da-geracao-z-e-millennial-tem-acesso-a-mais-conteudo-sobre-sono-infantil-do-que-qualquer-geracao-anterior-mas-continuam-relatando-exaustao-extrema-e-culpa-diaria-e-a-ligacao-entre-essas-duas-co\/","og_locale":"pt_BR","og_type":"article","og_title":"Pais da gera\u00e7\u00e3o Z e millennial t\u00eam acesso a mais conte\u00fado sobre sono infantil do que qualquer gera\u00e7\u00e3o anterior, mas continuam relatando exaust\u00e3o extrema e culpa di\u00e1ria, e a liga\u00e7\u00e3o entre essas duas coisas passa pelo excesso de regra disfar\u00e7ado de cuidado - Correio Braziliense - Radar","og_description":"Excesso de regras sobre o sono do beb\u00ea pode gerar ansiedade. Filtrar orienta\u00e7\u00f5es ajuda a preservar a sa\u00fade mental da fam\u00edlia.","og_url":"https:\/\/www.correiobraziliense.com.br\/cbradar\/pais-da-geracao-z-e-millennial-tem-acesso-a-mais-conteudo-sobre-sono-infantil-do-que-qualquer-geracao-anterior-mas-continuam-relatando-exaustao-extrema-e-culpa-diaria-e-a-ligacao-entre-essas-duas-co\/","og_site_name":"Correio Braziliense - Radar","article_published_time":"2026-04-30T03:30:00+00:00","og_image":[{"width":1280,"height":720,"url":"https:\/\/www.correiobraziliense.com.br\/cbradar\/wp-content\/uploads\/2026\/04\/Gemini_Generated_Image_majo41majo41majo-1-1.png","type":"image\/png"}],"author":"Patrick Silva","twitter_card":"summary_large_image","twitter_misc":{"Escrito por":"Patrick Silva","Est. tempo de leitura":"5 minutos"},"schema":{"@context":"https:\/\/schema.org","@graph":[{"@type":"WebPage","@id":"https:\/\/www.correiobraziliense.com.br\/cbradar\/pais-da-geracao-z-e-millennial-tem-acesso-a-mais-conteudo-sobre-sono-infantil-do-que-qualquer-geracao-anterior-mas-continuam-relatando-exaustao-extrema-e-culpa-diaria-e-a-ligacao-entre-essas-duas-co\/","url":"https:\/\/www.correiobraziliense.com.br\/cbradar\/pais-da-geracao-z-e-millennial-tem-acesso-a-mais-conteudo-sobre-sono-infantil-do-que-qualquer-geracao-anterior-mas-continuam-relatando-exaustao-extrema-e-culpa-diaria-e-a-ligacao-entre-essas-duas-co\/","name":"Pais da gera\u00e7\u00e3o Z e millennial t\u00eam acesso a mais conte\u00fado sobre sono infantil do que qualquer gera\u00e7\u00e3o anterior, mas continuam relatando exaust\u00e3o extrema e culpa di\u00e1ria, e a liga\u00e7\u00e3o entre essas duas coisas passa pelo excesso de regra disfar\u00e7ado de cuidado - Correio Braziliense - Radar","isPartOf":{"@id":"https:\/\/www.correiobraziliense.com.br\/cbradar\/#website"},"primaryImageOfPage":{"@id":"https:\/\/www.correiobraziliense.com.br\/cbradar\/pais-da-geracao-z-e-millennial-tem-acesso-a-mais-conteudo-sobre-sono-infantil-do-que-qualquer-geracao-anterior-mas-continuam-relatando-exaustao-extrema-e-culpa-diaria-e-a-ligacao-entre-essas-duas-co\/#primaryimage"},"image":{"@id":"https:\/\/www.correiobraziliense.com.br\/cbradar\/pais-da-geracao-z-e-millennial-tem-acesso-a-mais-conteudo-sobre-sono-infantil-do-que-qualquer-geracao-anterior-mas-continuam-relatando-exaustao-extrema-e-culpa-diaria-e-a-ligacao-entre-essas-duas-co\/#primaryimage"},"thumbnailUrl":"https:\/\/www.correiobraziliense.com.br\/cbradar\/wp-content\/uploads\/2026\/04\/Gemini_Generated_Image_majo41majo41majo-1-1.png","datePublished":"2026-04-30T03:30:00+00:00","author":{"@id":"https:\/\/www.correiobraziliense.com.br\/cbradar\/#\/schema\/person\/5440b72be9c7eb74f446c846479dc4da"},"description":"Excesso de regras sobre o sono do beb\u00ea pode gerar ansiedade. Filtrar orienta\u00e7\u00f5es ajuda a preservar a sa\u00fade mental da fam\u00edlia.","breadcrumb":{"@id":"https:\/\/www.correiobraziliense.com.br\/cbradar\/pais-da-geracao-z-e-millennial-tem-acesso-a-mais-conteudo-sobre-sono-infantil-do-que-qualquer-geracao-anterior-mas-continuam-relatando-exaustao-extrema-e-culpa-diaria-e-a-ligacao-entre-essas-duas-co\/#breadcrumb"},"inLanguage":"pt-BR","potentialAction":[{"@type":"ReadAction","target":["https:\/\/www.correiobraziliense.com.br\/cbradar\/pais-da-geracao-z-e-millennial-tem-acesso-a-mais-conteudo-sobre-sono-infantil-do-que-qualquer-geracao-anterior-mas-continuam-relatando-exaustao-extrema-e-culpa-diaria-e-a-ligacao-entre-essas-duas-co\/"]}]},{"@type":"ImageObject","inLanguage":"pt-BR","@id":"https:\/\/www.correiobraziliense.com.br\/cbradar\/pais-da-geracao-z-e-millennial-tem-acesso-a-mais-conteudo-sobre-sono-infantil-do-que-qualquer-geracao-anterior-mas-continuam-relatando-exaustao-extrema-e-culpa-diaria-e-a-ligacao-entre-essas-duas-co\/#primaryimage","url":"https:\/\/www.correiobraziliense.com.br\/cbradar\/wp-content\/uploads\/2026\/04\/Gemini_Generated_Image_majo41majo41majo-1-1.png","contentUrl":"https:\/\/www.correiobraziliense.com.br\/cbradar\/wp-content\/uploads\/2026\/04\/Gemini_Generated_Image_majo41majo41majo-1-1.png","width":1280,"height":720,"caption":"Excesso de regras sobre sono do beb\u00ea pode gerar ansiedade nos pais"},{"@type":"BreadcrumbList","@id":"https:\/\/www.correiobraziliense.com.br\/cbradar\/pais-da-geracao-z-e-millennial-tem-acesso-a-mais-conteudo-sobre-sono-infantil-do-que-qualquer-geracao-anterior-mas-continuam-relatando-exaustao-extrema-e-culpa-diaria-e-a-ligacao-entre-essas-duas-co\/#breadcrumb","itemListElement":[{"@type":"ListItem","position":1,"name":"In\u00edcio","item":"https:\/\/www.correiobraziliense.com.br\/cbradar\/"},{"@type":"ListItem","position":2,"name":"Pais da gera\u00e7\u00e3o Z e millennial t\u00eam acesso a mais conte\u00fado sobre sono infantil do que qualquer gera\u00e7\u00e3o anterior, mas continuam relatando exaust\u00e3o extrema e culpa di\u00e1ria, e a liga\u00e7\u00e3o entre essas duas coisas passa pelo excesso de regra disfar\u00e7ado de cuidado"}]},{"@type":"WebSite","@id":"https:\/\/www.correiobraziliense.com.br\/cbradar\/#website","url":"https:\/\/www.correiobraziliense.com.br\/cbradar\/","name":"Correio Braziliense - Radar","description":"Acompanhe as \u00faltimas not\u00edcias e fique bem informado sobre tudo o que acontece no Brasil e no mundo.","potentialAction":[{"@type":"SearchAction","target":{"@type":"EntryPoint","urlTemplate":"https:\/\/www.correiobraziliense.com.br\/cbradar\/?s={search_term_string}"},"query-input":{"@type":"PropertyValueSpecification","valueRequired":true,"valueName":"search_term_string"}}],"inLanguage":"pt-BR"},{"@type":"Person","@id":"https:\/\/www.correiobraziliense.com.br\/cbradar\/#\/schema\/person\/5440b72be9c7eb74f446c846479dc4da","name":"Patrick Silva","image":{"@type":"ImageObject","inLanguage":"pt-BR","@id":"https:\/\/www.correiobraziliense.com.br\/cbradar\/#\/schema\/person\/image\/","url":"https:\/\/secure.gravatar.com\/avatar\/944109df296fc087785c9715fd5f80b2?s=96&d=mm&r=g","contentUrl":"https:\/\/secure.gravatar.com\/avatar\/944109df296fc087785c9715fd5f80b2?s=96&d=mm&r=g","caption":"Patrick Silva"},"sameAs":["https:\/\/www.correiobraziliense.com.br\/cbradar\/"],"url":"https:\/\/www.correiobraziliense.com.br\/cbradar\/author\/patrick-silva\/"}]}},"_links":{"self":[{"href":"https:\/\/www.correiobraziliense.com.br\/cbradar\/wp-json\/wp\/v2\/posts\/233940","targetHints":{"allow":["GET"]}}],"collection":[{"href":"https:\/\/www.correiobraziliense.com.br\/cbradar\/wp-json\/wp\/v2\/posts"}],"about":[{"href":"https:\/\/www.correiobraziliense.com.br\/cbradar\/wp-json\/wp\/v2\/types\/post"}],"author":[{"embeddable":true,"href":"https:\/\/www.correiobraziliense.com.br\/cbradar\/wp-json\/wp\/v2\/users\/21"}],"replies":[{"embeddable":true,"href":"https:\/\/www.correiobraziliense.com.br\/cbradar\/wp-json\/wp\/v2\/comments?post=233940"}],"version-history":[{"count":4,"href":"https:\/\/www.correiobraziliense.com.br\/cbradar\/wp-json\/wp\/v2\/posts\/233940\/revisions"}],"predecessor-version":[{"id":233951,"href":"https:\/\/www.correiobraziliense.com.br\/cbradar\/wp-json\/wp\/v2\/posts\/233940\/revisions\/233951"}],"wp:featuredmedia":[{"embeddable":true,"href":"https:\/\/www.correiobraziliense.com.br\/cbradar\/wp-json\/wp\/v2\/media\/233944"}],"wp:attachment":[{"href":"https:\/\/www.correiobraziliense.com.br\/cbradar\/wp-json\/wp\/v2\/media?parent=233940"}],"wp:term":[{"taxonomy":"category","embeddable":true,"href":"https:\/\/www.correiobraziliense.com.br\/cbradar\/wp-json\/wp\/v2\/categories?post=233940"},{"taxonomy":"post_tag","embeddable":true,"href":"https:\/\/www.correiobraziliense.com.br\/cbradar\/wp-json\/wp\/v2\/tags?post=233940"}],"curies":[{"name":"wp","href":"https:\/\/api.w.org\/{rel}","templated":true}]}}