{"id":233952,"date":"2026-04-30T02:00:00","date_gmt":"2026-04-30T05:00:00","guid":{"rendered":"https:\/\/www.correiobraziliense.com.br\/cbradar\/?p=233952"},"modified":"2026-04-29T18:11:03","modified_gmt":"2026-04-29T21:11:03","slug":"pais-expostos-a-mais-conteudos-sobre-criacao-respeitosa-regulacao-emocional-e-disciplina-positiva-do-que-qualquer-geracao-anterior-ainda-relatam-explosoes-de-culpa-depois-de-perder-a-paciencia-com-os","status":"publish","type":"post","link":"https:\/\/www.correiobraziliense.com.br\/cbradar\/pais-expostos-a-mais-conteudos-sobre-criacao-respeitosa-regulacao-emocional-e-disciplina-positiva-do-que-qualquer-geracao-anterior-ainda-relatam-explosoes-de-culpa-depois-de-perder-a-paciencia-com-os\/","title":{"rendered":"Pais expostos a mais conte\u00fados sobre cria\u00e7\u00e3o respeitosa, regula\u00e7\u00e3o emocional e disciplina positiva do que qualquer gera\u00e7\u00e3o anterior ainda relatam explos\u00f5es de culpa depois de perder a paci\u00eancia com os filhos, e essa contradi\u00e7\u00e3o mostra como conhecer a teoria n\u00e3o impede o colapso de quem est\u00e1 exausto"},"content":{"rendered":"\n<p>Muitos pais modernos consomem diariamente conte\u00fados sobre disciplina positiva e regula\u00e7\u00e3o emocional, buscando oferecer uma cria\u00e7\u00e3o mais consciente aos filhos. No entanto, o acesso ilimitado \u00e0 teoria n\u00e3o elimina o esgotamento f\u00edsico e mental causado pela rotina exaustiva. Essa sobrecarga gera um ciclo de frustra\u00e7\u00e3o e culpa quando o autocontrole inevitavelmente falha.<\/p>\n\n\n\n<h2 class=\"wp-block-heading\">Por que a teoria nem sempre salva o momento da crise?<\/h2>\n\n\n\n<p>Saber como agir teoricamente diante de uma pirra\u00e7a \u00e9 bem diferente de manter a calma ap\u00f3s uma noite maldormida e horas de trabalho estressante. O c\u00e9rebro humano, quando operando sob estresse cr\u00f4nico, prioriza rea\u00e7\u00f5es instintivas de sobreviv\u00eancia em vez de respostas racionais aprendidas em manuais. Por isso, a exaust\u00e3o anula temporariamente a capacidade de aplicar m\u00e9todos pedag\u00f3gicos modernos.<\/p>\n\n\n\n<p>A press\u00e3o para ser um cuidador perfeito cria uma expectativa irreal que ignora as necessidades humanas b\u00e1sicas dos pr\u00f3prios adultos. Quando os limites f\u00edsicos s\u00e3o atingidos, a paci\u00eancia se esgota e as explos\u00f5es ocorrem como uma v\u00e1lvula de escape para o sistema nervoso sobrecarregado. Reconhecer que o <strong>cansa\u00e7o extremo \u00e9 um impedimento biol\u00f3gico<\/strong> ajuda a reduzir a autocr\u00edtica severa.<\/p>\n\n\n\n<figure class=\"wp-block-image size-full\"><img decoding=\"async\" width=\"1280\" height=\"720\" src=\"https:\/\/www.correiobraziliense.com.br\/cbradar\/wp-content\/uploads\/2026\/04\/Gemini_Generated_Image_hupgyshupgyshupg-1-1.png\" alt=\"Pais expostos a mais conte\u00fados sobre cria\u00e7\u00e3o respeitosa, regula\u00e7\u00e3o emocional e disciplina positiva do que qualquer gera\u00e7\u00e3o anterior ainda relatam explos\u00f5es de culpa depois de perder a paci\u00eancia com os filhos, e essa contradi\u00e7\u00e3o mostra como conhecer a teoria n\u00e3o impede o colapso de quem est\u00e1 exausto\" class=\"wp-image-233961\" srcset=\"https:\/\/www.correiobraziliense.com.br\/cbradar\/wp-content\/uploads\/2026\/04\/Gemini_Generated_Image_hupgyshupgyshupg-1-1.png 1280w, https:\/\/www.correiobraziliense.com.br\/cbradar\/wp-content\/uploads\/2026\/04\/Gemini_Generated_Image_hupgyshupgyshupg-1-1-300x169.png 300w, https:\/\/www.correiobraziliense.com.br\/cbradar\/wp-content\/uploads\/2026\/04\/Gemini_Generated_Image_hupgyshupgyshupg-1-1-768x432.png 768w, https:\/\/www.correiobraziliense.com.br\/cbradar\/wp-content\/uploads\/2026\/04\/Gemini_Generated_Image_hupgyshupgyshupg-1-1-750x422.png 750w, https:\/\/www.correiobraziliense.com.br\/cbradar\/wp-content\/uploads\/2026\/04\/Gemini_Generated_Image_hupgyshupgyshupg-1-1-1140x641.png 1140w\" sizes=\"(max-width: 1280px) 100vw, 1280px\" \/><figcaption class=\"wp-element-caption\">Cansa\u00e7o dos pais impacta paci\u00eancia e afeta a cria\u00e7\u00e3o dos filhos<\/figcaption><\/figure>\n\n\n\n<h2 class=\"wp-block-heading\">Como o excesso de informa\u00e7\u00e3o alimenta o ciclo da culpa?<\/h2>\n\n\n\n<p>O consumo constante de v\u00eddeos e textos sobre cria\u00e7\u00e3o respeitosa pode, ironicamente, aumentar o sentimento de inadequa\u00e7\u00e3o dos <strong><a href=\"https:\/\/www.correiobraziliense.com.br\/cbradar\/muita-gente-nao-percebe-que-quem-ve-os-filhos-saindo-de-casa-sente-dois-vazios-ao-mesmo-tempo-o-da-rotina-que-mudou-e-o-da-versao-de-si-que-existia-para-cuidar-deles-todos-os-dias\/\" target=\"_blank\" rel=\"noreferrer noopener\">pais <\/a><\/strong>millennials ao comparar sua rotina real com os exemplos ideais das redes sociais. Muitos sentem que falham ao n\u00e3o manter a serenidade absoluta. Essa compara\u00e7\u00e3o constante gera uma ansiedade que consome a energia necess\u00e1ria para o autocuidado emocional b\u00e1sico.<\/p>\n\n\n\n<p>A culpa atua como um dreno emocional, tornando a recupera\u00e7\u00e3o do equil\u00edbrio muito mais lenta e dif\u00edcil ap\u00f3s um conflito familiar. Em vez de focar na repara\u00e7\u00e3o do v\u00ednculo, o adulto gasta recursos mentais punindo a si mesmo pelo erro cometido. Abandonar a busca pela perfei\u00e7\u00e3o \u00e9 um <strong>passo fundamental para desenvolver uma parentalidade mais real<\/strong> e sustent\u00e1vel diariamente.<\/p>\n\n\n\n<h2 class=\"wp-block-heading\">Quais estrat\u00e9gias ajudam a manter a sanidade mental?<\/h2>\n\n\n\n<p>Para evitar o colapso, \u00e9 preciso estabelecer prioridades que incluam o descanso do cuidador como um item inegoci\u00e1vel da rotina. Delegar tarefas e aceitar ajuda de redes de apoio externas permite que o sistema nervoso tenha momentos de descompress\u00e3o essenciais. <\/p>\n\n\n\n<p><strong>Analise agora os elementos fundamentais para criar um ecossistema de prote\u00e7\u00e3o e aprendizado constante para toda a fam\u00edlia:<\/strong><\/p>\n\n\n\n<ul class=\"wp-block-list\">\n<li>Pr\u00e1tica do autocuidado sem sentimentos de culpa.<\/li>\n\n\n\n<li>Estabelecimento de limites claros entre trabalho e casa.<\/li>\n\n\n\n<li>Redu\u00e7\u00e3o do consumo de conte\u00fados parentais t\u00f3xicos.<\/li>\n\n\n\n<li>Valoriza\u00e7\u00e3o de pequenos momentos de sil\u00eancio di\u00e1rio.<\/li>\n\n\n\n<li>Foco na conex\u00e3o real em vez da perfei\u00e7\u00e3o.<\/li>\n<\/ul>\n\n\n\n<h2 class=\"wp-block-heading\">Como lidar com as explos\u00f5es de forma construtiva?<\/h2>\n\n\n\n<p>Quando o colapso ocorre, o passo mais importante \u00e9 a repara\u00e7\u00e3o sincera do v\u00ednculo afetivo com a crian\u00e7a envolvida. Pedir desculpas e explicar que o cansa\u00e7o causou a rea\u00e7\u00e3o exagerada ensina sobre humanidade e responsabilidade emocional na pr\u00e1tica. Esse gesto fortalece a confian\u00e7a m\u00fatua e demonstra que erros podem ser corrigidos com di\u00e1logo franco e honestidade.<\/p>\n\n\n\n<p>Aprender com esses epis\u00f3dios permite identificar os gatilhos espec\u00edficos que levam \u00e0 perda da paci\u00eancia no ambiente dom\u00e9stico. Ajustar as expectativas sobre o comportamento infantil reduz a carga de estresse e facilita a manuten\u00e7\u00e3o da harmonia familiar prolongada. O foco deve ser sempre o <strong>progresso emocional cont\u00ednuo e n\u00e3o o alcance de um estado impec\u00e1vel<\/strong> e ut\u00f3pico.<\/p>\n\n\n\n<figure class=\"wp-block-image size-full\"><img decoding=\"async\" width=\"1280\" height=\"720\" src=\"https:\/\/www.correiobraziliense.com.br\/cbradar\/wp-content\/uploads\/2026\/04\/Gemini_Generated_Image_toysdetoysdetoys-1-1.png\" alt=\"Pais expostos a mais conte\u00fados sobre cria\u00e7\u00e3o respeitosa, regula\u00e7\u00e3o emocional e disciplina positiva do que qualquer gera\u00e7\u00e3o anterior ainda relatam explos\u00f5es de culpa depois de perder a paci\u00eancia com os filhos, e essa contradi\u00e7\u00e3o mostra como conhecer a teoria n\u00e3o impede o colapso de quem est\u00e1 exausto\" class=\"wp-image-233960\" srcset=\"https:\/\/www.correiobraziliense.com.br\/cbradar\/wp-content\/uploads\/2026\/04\/Gemini_Generated_Image_toysdetoysdetoys-1-1.png 1280w, https:\/\/www.correiobraziliense.com.br\/cbradar\/wp-content\/uploads\/2026\/04\/Gemini_Generated_Image_toysdetoysdetoys-1-1-300x169.png 300w, https:\/\/www.correiobraziliense.com.br\/cbradar\/wp-content\/uploads\/2026\/04\/Gemini_Generated_Image_toysdetoysdetoys-1-1-768x432.png 768w, https:\/\/www.correiobraziliense.com.br\/cbradar\/wp-content\/uploads\/2026\/04\/Gemini_Generated_Image_toysdetoysdetoys-1-1-750x422.png 750w, https:\/\/www.correiobraziliense.com.br\/cbradar\/wp-content\/uploads\/2026\/04\/Gemini_Generated_Image_toysdetoysdetoys-1-1-1140x641.png 1140w\" sizes=\"(max-width: 1280px) 100vw, 1280px\" \/><figcaption class=\"wp-element-caption\">Cansa\u00e7o dos pais impacta paci\u00eancia e afeta a cria\u00e7\u00e3o dos filhos<\/figcaption><\/figure>\n\n\n\n<h2 class=\"wp-block-heading\">Quais as evid\u00eancias sobre o esgotamento dos pais modernos?<\/h2>\n\n\n\n<p>Estudos sobre sa\u00fade mental indicam que o excesso de informa\u00e7\u00f5es contradit\u00f3rias contribui para o aumento do burnout parental em sociedades competitivas. A necessidade de atender a padr\u00f5es de excel\u00eancia em todas as \u00e1reas da vida sobrecarrega a capacidade adaptativa do sistema nervoso adulto. Priorizar o descanso \u00e9 a <strong>estrat\u00e9gia mais eficaz para manter a funcionalidade afetiva<\/strong> equilibrada.<\/p>\n\n\n\n<p>Para entender como a ci\u00eancia aborda o cansa\u00e7o dos cuidadores, \u00e9 essencial consultar documentos t\u00e9cnicos de organiza\u00e7\u00f5es de refer\u00eancia mundial. A <strong>American Psychological Association<\/strong> oferece diretrizes valiosas para lidar com o estresse cr\u00f4nico e proteger a sa\u00fade mental de toda a fam\u00edlia hoje. Veja as orienta\u00e7\u00f5es da <a href=\"https:\/\/www.apa.org\/monitor\/2021\/10\/cover-parental-burnout\" target=\"_blank\" rel=\"noreferrer noopener\">APA sobre burnout parental<\/a> para encontrar suporte especializado e necess\u00e1rio.<\/p>\n","protected":false},"excerpt":{"rendered":"<p>Muitos pais modernos consomem diariamente conte\u00fados sobre disciplina positiva e regula\u00e7\u00e3o emocional, buscando oferecer uma cria\u00e7\u00e3o mais consciente aos filhos. No entanto, o acesso ilimitado \u00e0 teoria n\u00e3o elimina o esgotamento f\u00edsico e mental causado pela rotina exaustiva. Essa sobrecarga gera um ciclo de frustra\u00e7\u00e3o e culpa quando o autocontrole inevitavelmente falha. Por que a [&hellip;]<\/p>\n","protected":false},"author":21,"featured_media":233955,"comment_status":"open","ping_status":"open","sticky":false,"template":"","format":"standard","meta":{"_yoast_wpseo_focuskw":"cansa\u00e7o dos pais afeta cria\u00e7\u00e3o dos filhos","_yoast_wpseo_title":"","_yoast_wpseo_metadesc":"Excesso de teoria sobre cria\u00e7\u00e3o pode gerar frustra\u00e7\u00e3o nos pais. O cansa\u00e7o real dificulta aplicar tudo no dia a dia familiar.","jnews-multi-image_gallery":[],"jnews_single_post":{"format":"standard"},"jnews_primary_category":[],"jnews_social_meta":[],"jnews_override_counter":[],"footnotes":""},"categories":[112],"tags":[],"class_list":["post-233952","post","type-post","status-publish","format-standard","has-post-thumbnail","hentry","category-curiosidades"],"yoast_head":"<!-- This site is optimized with the Yoast SEO plugin v24.6 - https:\/\/yoast.com\/wordpress\/plugins\/seo\/ -->\n<title>Pais expostos a mais conte\u00fados sobre cria\u00e7\u00e3o respeitosa, regula\u00e7\u00e3o emocional e disciplina positiva do que qualquer gera\u00e7\u00e3o anterior ainda relatam explos\u00f5es de culpa depois de perder a paci\u00eancia com os filhos, e essa contradi\u00e7\u00e3o mostra como conhecer a teoria n\u00e3o impede o colapso de quem est\u00e1 exausto - Correio Braziliense - Radar<\/title>\n<meta name=\"description\" content=\"Excesso de teoria sobre cria\u00e7\u00e3o pode gerar frustra\u00e7\u00e3o nos pais. O cansa\u00e7o real dificulta aplicar tudo no dia a dia familiar.\" \/>\n<meta name=\"robots\" content=\"index, follow, max-snippet:-1, max-image-preview:large, max-video-preview:-1\" \/>\n<link rel=\"canonical\" href=\"https:\/\/www.correiobraziliense.com.br\/cbradar\/pais-expostos-a-mais-conteudos-sobre-criacao-respeitosa-regulacao-emocional-e-disciplina-positiva-do-que-qualquer-geracao-anterior-ainda-relatam-explosoes-de-culpa-depois-de-perder-a-paciencia-com-os\/\" \/>\n<meta property=\"og:locale\" content=\"pt_BR\" \/>\n<meta property=\"og:type\" content=\"article\" \/>\n<meta property=\"og:title\" content=\"Pais expostos a mais conte\u00fados sobre cria\u00e7\u00e3o respeitosa, regula\u00e7\u00e3o emocional e disciplina positiva do que qualquer gera\u00e7\u00e3o anterior ainda relatam explos\u00f5es de culpa depois de perder a paci\u00eancia com os filhos, e essa contradi\u00e7\u00e3o mostra como conhecer a teoria n\u00e3o impede o colapso de quem est\u00e1 exausto - Correio Braziliense - Radar\" \/>\n<meta property=\"og:description\" content=\"Excesso de teoria sobre cria\u00e7\u00e3o pode gerar frustra\u00e7\u00e3o nos pais. O cansa\u00e7o real dificulta aplicar tudo no dia a dia familiar.\" \/>\n<meta property=\"og:url\" content=\"https:\/\/www.correiobraziliense.com.br\/cbradar\/pais-expostos-a-mais-conteudos-sobre-criacao-respeitosa-regulacao-emocional-e-disciplina-positiva-do-que-qualquer-geracao-anterior-ainda-relatam-explosoes-de-culpa-depois-de-perder-a-paciencia-com-os\/\" \/>\n<meta property=\"og:site_name\" content=\"Correio Braziliense - Radar\" \/>\n<meta property=\"article:published_time\" content=\"2026-04-30T05:00:00+00:00\" \/>\n<meta property=\"og:image\" content=\"https:\/\/www.correiobraziliense.com.br\/cbradar\/wp-content\/uploads\/2026\/04\/Gemini_Generated_Image_sk4zqtsk4zqtsk4z-1-1.png\" \/>\n\t<meta property=\"og:image:width\" content=\"1280\" \/>\n\t<meta property=\"og:image:height\" content=\"720\" \/>\n\t<meta property=\"og:image:type\" content=\"image\/png\" \/>\n<meta name=\"author\" content=\"Patrick Silva\" \/>\n<meta name=\"twitter:card\" content=\"summary_large_image\" \/>\n<meta name=\"twitter:label1\" content=\"Escrito por\" \/>\n\t<meta name=\"twitter:data1\" content=\"Patrick Silva\" \/>\n\t<meta name=\"twitter:label2\" content=\"Est. tempo de leitura\" \/>\n\t<meta name=\"twitter:data2\" content=\"5 minutos\" \/>\n<!-- \/ Yoast SEO plugin. -->","yoast_head_json":{"title":"Pais expostos a mais conte\u00fados sobre cria\u00e7\u00e3o respeitosa, regula\u00e7\u00e3o emocional e disciplina positiva do que qualquer gera\u00e7\u00e3o anterior ainda relatam explos\u00f5es de culpa depois de perder a paci\u00eancia com os filhos, e essa contradi\u00e7\u00e3o mostra como conhecer a teoria n\u00e3o impede o colapso de quem est\u00e1 exausto - Correio Braziliense - Radar","description":"Excesso de teoria sobre cria\u00e7\u00e3o pode gerar frustra\u00e7\u00e3o nos pais. O cansa\u00e7o real dificulta aplicar tudo no dia a dia familiar.","robots":{"index":"index","follow":"follow","max-snippet":"max-snippet:-1","max-image-preview":"max-image-preview:large","max-video-preview":"max-video-preview:-1"},"canonical":"https:\/\/www.correiobraziliense.com.br\/cbradar\/pais-expostos-a-mais-conteudos-sobre-criacao-respeitosa-regulacao-emocional-e-disciplina-positiva-do-que-qualquer-geracao-anterior-ainda-relatam-explosoes-de-culpa-depois-de-perder-a-paciencia-com-os\/","og_locale":"pt_BR","og_type":"article","og_title":"Pais expostos a mais conte\u00fados sobre cria\u00e7\u00e3o respeitosa, regula\u00e7\u00e3o emocional e disciplina positiva do que qualquer gera\u00e7\u00e3o anterior ainda relatam explos\u00f5es de culpa depois de perder a paci\u00eancia com os filhos, e essa contradi\u00e7\u00e3o mostra como conhecer a teoria n\u00e3o impede o colapso de quem est\u00e1 exausto - Correio Braziliense - Radar","og_description":"Excesso de teoria sobre cria\u00e7\u00e3o pode gerar frustra\u00e7\u00e3o nos pais. O cansa\u00e7o real dificulta aplicar tudo no dia a dia familiar.","og_url":"https:\/\/www.correiobraziliense.com.br\/cbradar\/pais-expostos-a-mais-conteudos-sobre-criacao-respeitosa-regulacao-emocional-e-disciplina-positiva-do-que-qualquer-geracao-anterior-ainda-relatam-explosoes-de-culpa-depois-de-perder-a-paciencia-com-os\/","og_site_name":"Correio Braziliense - Radar","article_published_time":"2026-04-30T05:00:00+00:00","og_image":[{"width":1280,"height":720,"url":"https:\/\/www.correiobraziliense.com.br\/cbradar\/wp-content\/uploads\/2026\/04\/Gemini_Generated_Image_sk4zqtsk4zqtsk4z-1-1.png","type":"image\/png"}],"author":"Patrick Silva","twitter_card":"summary_large_image","twitter_misc":{"Escrito por":"Patrick Silva","Est. tempo de leitura":"5 minutos"},"schema":{"@context":"https:\/\/schema.org","@graph":[{"@type":"WebPage","@id":"https:\/\/www.correiobraziliense.com.br\/cbradar\/pais-expostos-a-mais-conteudos-sobre-criacao-respeitosa-regulacao-emocional-e-disciplina-positiva-do-que-qualquer-geracao-anterior-ainda-relatam-explosoes-de-culpa-depois-de-perder-a-paciencia-com-os\/","url":"https:\/\/www.correiobraziliense.com.br\/cbradar\/pais-expostos-a-mais-conteudos-sobre-criacao-respeitosa-regulacao-emocional-e-disciplina-positiva-do-que-qualquer-geracao-anterior-ainda-relatam-explosoes-de-culpa-depois-de-perder-a-paciencia-com-os\/","name":"Pais expostos a mais conte\u00fados sobre cria\u00e7\u00e3o respeitosa, regula\u00e7\u00e3o emocional e disciplina positiva do que qualquer gera\u00e7\u00e3o anterior ainda relatam explos\u00f5es de culpa depois de perder a paci\u00eancia com os filhos, e essa contradi\u00e7\u00e3o mostra como conhecer a teoria n\u00e3o impede o colapso de quem est\u00e1 exausto - Correio Braziliense - Radar","isPartOf":{"@id":"https:\/\/www.correiobraziliense.com.br\/cbradar\/#website"},"primaryImageOfPage":{"@id":"https:\/\/www.correiobraziliense.com.br\/cbradar\/pais-expostos-a-mais-conteudos-sobre-criacao-respeitosa-regulacao-emocional-e-disciplina-positiva-do-que-qualquer-geracao-anterior-ainda-relatam-explosoes-de-culpa-depois-de-perder-a-paciencia-com-os\/#primaryimage"},"image":{"@id":"https:\/\/www.correiobraziliense.com.br\/cbradar\/pais-expostos-a-mais-conteudos-sobre-criacao-respeitosa-regulacao-emocional-e-disciplina-positiva-do-que-qualquer-geracao-anterior-ainda-relatam-explosoes-de-culpa-depois-de-perder-a-paciencia-com-os\/#primaryimage"},"thumbnailUrl":"https:\/\/www.correiobraziliense.com.br\/cbradar\/wp-content\/uploads\/2026\/04\/Gemini_Generated_Image_sk4zqtsk4zqtsk4z-1-1.png","datePublished":"2026-04-30T05:00:00+00:00","author":{"@id":"https:\/\/www.correiobraziliense.com.br\/cbradar\/#\/schema\/person\/5440b72be9c7eb74f446c846479dc4da"},"description":"Excesso de teoria sobre cria\u00e7\u00e3o pode gerar frustra\u00e7\u00e3o nos pais. O cansa\u00e7o real dificulta aplicar tudo no dia a dia familiar.","breadcrumb":{"@id":"https:\/\/www.correiobraziliense.com.br\/cbradar\/pais-expostos-a-mais-conteudos-sobre-criacao-respeitosa-regulacao-emocional-e-disciplina-positiva-do-que-qualquer-geracao-anterior-ainda-relatam-explosoes-de-culpa-depois-de-perder-a-paciencia-com-os\/#breadcrumb"},"inLanguage":"pt-BR","potentialAction":[{"@type":"ReadAction","target":["https:\/\/www.correiobraziliense.com.br\/cbradar\/pais-expostos-a-mais-conteudos-sobre-criacao-respeitosa-regulacao-emocional-e-disciplina-positiva-do-que-qualquer-geracao-anterior-ainda-relatam-explosoes-de-culpa-depois-de-perder-a-paciencia-com-os\/"]}]},{"@type":"ImageObject","inLanguage":"pt-BR","@id":"https:\/\/www.correiobraziliense.com.br\/cbradar\/pais-expostos-a-mais-conteudos-sobre-criacao-respeitosa-regulacao-emocional-e-disciplina-positiva-do-que-qualquer-geracao-anterior-ainda-relatam-explosoes-de-culpa-depois-de-perder-a-paciencia-com-os\/#primaryimage","url":"https:\/\/www.correiobraziliense.com.br\/cbradar\/wp-content\/uploads\/2026\/04\/Gemini_Generated_Image_sk4zqtsk4zqtsk4z-1-1.png","contentUrl":"https:\/\/www.correiobraziliense.com.br\/cbradar\/wp-content\/uploads\/2026\/04\/Gemini_Generated_Image_sk4zqtsk4zqtsk4z-1-1.png","width":1280,"height":720,"caption":"Cansa\u00e7o dos pais impacta paci\u00eancia e afeta a cria\u00e7\u00e3o dos filhos"},{"@type":"BreadcrumbList","@id":"https:\/\/www.correiobraziliense.com.br\/cbradar\/pais-expostos-a-mais-conteudos-sobre-criacao-respeitosa-regulacao-emocional-e-disciplina-positiva-do-que-qualquer-geracao-anterior-ainda-relatam-explosoes-de-culpa-depois-de-perder-a-paciencia-com-os\/#breadcrumb","itemListElement":[{"@type":"ListItem","position":1,"name":"In\u00edcio","item":"https:\/\/www.correiobraziliense.com.br\/cbradar\/"},{"@type":"ListItem","position":2,"name":"Pais expostos a mais conte\u00fados sobre cria\u00e7\u00e3o respeitosa, regula\u00e7\u00e3o emocional e disciplina positiva do que qualquer gera\u00e7\u00e3o anterior ainda relatam explos\u00f5es de culpa depois de perder a paci\u00eancia com os filhos, e essa contradi\u00e7\u00e3o mostra como conhecer a teoria n\u00e3o impede o colapso de quem est\u00e1 exausto"}]},{"@type":"WebSite","@id":"https:\/\/www.correiobraziliense.com.br\/cbradar\/#website","url":"https:\/\/www.correiobraziliense.com.br\/cbradar\/","name":"Correio Braziliense - Radar","description":"Acompanhe as \u00faltimas not\u00edcias e fique bem informado sobre tudo o que acontece no Brasil e no mundo.","potentialAction":[{"@type":"SearchAction","target":{"@type":"EntryPoint","urlTemplate":"https:\/\/www.correiobraziliense.com.br\/cbradar\/?s={search_term_string}"},"query-input":{"@type":"PropertyValueSpecification","valueRequired":true,"valueName":"search_term_string"}}],"inLanguage":"pt-BR"},{"@type":"Person","@id":"https:\/\/www.correiobraziliense.com.br\/cbradar\/#\/schema\/person\/5440b72be9c7eb74f446c846479dc4da","name":"Patrick Silva","image":{"@type":"ImageObject","inLanguage":"pt-BR","@id":"https:\/\/www.correiobraziliense.com.br\/cbradar\/#\/schema\/person\/image\/","url":"https:\/\/secure.gravatar.com\/avatar\/944109df296fc087785c9715fd5f80b2?s=96&d=mm&r=g","contentUrl":"https:\/\/secure.gravatar.com\/avatar\/944109df296fc087785c9715fd5f80b2?s=96&d=mm&r=g","caption":"Patrick Silva"},"sameAs":["https:\/\/www.correiobraziliense.com.br\/cbradar\/"],"url":"https:\/\/www.correiobraziliense.com.br\/cbradar\/author\/patrick-silva\/"}]}},"_links":{"self":[{"href":"https:\/\/www.correiobraziliense.com.br\/cbradar\/wp-json\/wp\/v2\/posts\/233952","targetHints":{"allow":["GET"]}}],"collection":[{"href":"https:\/\/www.correiobraziliense.com.br\/cbradar\/wp-json\/wp\/v2\/posts"}],"about":[{"href":"https:\/\/www.correiobraziliense.com.br\/cbradar\/wp-json\/wp\/v2\/types\/post"}],"author":[{"embeddable":true,"href":"https:\/\/www.correiobraziliense.com.br\/cbradar\/wp-json\/wp\/v2\/users\/21"}],"replies":[{"embeddable":true,"href":"https:\/\/www.correiobraziliense.com.br\/cbradar\/wp-json\/wp\/v2\/comments?post=233952"}],"version-history":[{"count":5,"href":"https:\/\/www.correiobraziliense.com.br\/cbradar\/wp-json\/wp\/v2\/posts\/233952\/revisions"}],"predecessor-version":[{"id":233962,"href":"https:\/\/www.correiobraziliense.com.br\/cbradar\/wp-json\/wp\/v2\/posts\/233952\/revisions\/233962"}],"wp:featuredmedia":[{"embeddable":true,"href":"https:\/\/www.correiobraziliense.com.br\/cbradar\/wp-json\/wp\/v2\/media\/233955"}],"wp:attachment":[{"href":"https:\/\/www.correiobraziliense.com.br\/cbradar\/wp-json\/wp\/v2\/media?parent=233952"}],"wp:term":[{"taxonomy":"category","embeddable":true,"href":"https:\/\/www.correiobraziliense.com.br\/cbradar\/wp-json\/wp\/v2\/categories?post=233952"},{"taxonomy":"post_tag","embeddable":true,"href":"https:\/\/www.correiobraziliense.com.br\/cbradar\/wp-json\/wp\/v2\/tags?post=233952"}],"curies":[{"name":"wp","href":"https:\/\/api.w.org\/{rel}","templated":true}]}}