{"id":233957,"date":"2026-04-30T17:45:00","date_gmt":"2026-04-30T20:45:00","guid":{"rendered":"https:\/\/www.correiobraziliense.com.br\/cbradar\/?p=233957"},"modified":"2026-04-29T15:27:08","modified_gmt":"2026-04-29T18:27:08","slug":"nem-todo-cachorro-deixa-cheiro-forte-e-estas-racas-ajudam-a-provar-isso","status":"publish","type":"post","link":"https:\/\/www.correiobraziliense.com.br\/cbradar\/nem-todo-cachorro-deixa-cheiro-forte-e-estas-racas-ajudam-a-provar-isso\/","title":{"rendered":"Nem todo cachorro deixa cheiro forte, e estas ra\u00e7as ajudam a provar isso"},"content":{"rendered":"\n<p>Manter a casa limpa e perfumada \u00e9 um desafio comum para quem convive com pets, mas certas caracter\u00edsticas biol\u00f3gicas tornam alguns animais naturalmente mais discretos no odor. Existem linhagens espec\u00edficas que possuem uma pelagem diferenciada e gl\u00e2ndulas seb\u00e1ceas menos ativas, o que reduz drasticamente aquele aroma caracter\u00edstico de <strong>cachorro<\/strong> molhado no ambiente.<\/p>\n\n\n\n<h2 class=\"wp-block-heading\">Por que alguns c\u00e3es possuem odor corporal reduzido<\/h2>\n\n\n\n<p>A gen\u00e9tica desempenha um papel fundamental na produ\u00e7\u00e3o de \u00f3leos naturais da pele, sendo que o <strong>Basenji<\/strong> se destaca por sua pelagem curta e extremamente limpa. Essa ra\u00e7a africana \u00e9 conhecida por se lamber constantemente, de forma semelhante aos felinos, o que impede o ac\u00famulo de detritos e gordura que geram o <strong>mau cheiro<\/strong> t\u00edpico em outras esp\u00e9cies.<\/p>\n\n\n\n<p>Al\u00e9m da baixa produ\u00e7\u00e3o seb\u00e1cea, a aus\u00eancia de subpelo denso em algumas ra\u00e7as facilita a ventila\u00e7\u00e3o da derme, evitando a prolifera\u00e7\u00e3o de fungos e bact\u00e9rias. Optar por um c\u00e3o com esse perfil biol\u00f3gico \u00e9 uma estrat\u00e9gia inteligente para quem reside em apartamentos ou locais com pouca circula\u00e7\u00e3o de ar, garantindo uma conviv\u00eancia mais harm\u00f4nica sem a necessidade de banhos excessivos no <strong>pet<\/strong>.<\/p>\n\n\n<div class=\"wp-block-image\">\n<figure class=\"aligncenter size-full\"><img decoding=\"async\" width=\"1280\" height=\"720\" src=\"https:\/\/www.correiobraziliense.com.br\/cbradar\/wp-content\/uploads\/2026\/04\/poodle.jpg\" alt=\"\" class=\"wp-image-228638\" srcset=\"https:\/\/www.correiobraziliense.com.br\/cbradar\/wp-content\/uploads\/2026\/04\/poodle.jpg 1280w, https:\/\/www.correiobraziliense.com.br\/cbradar\/wp-content\/uploads\/2026\/04\/poodle-300x169.jpg 300w, https:\/\/www.correiobraziliense.com.br\/cbradar\/wp-content\/uploads\/2026\/04\/poodle-768x432.jpg 768w, https:\/\/www.correiobraziliense.com.br\/cbradar\/wp-content\/uploads\/2026\/04\/poodle-750x422.jpg 750w, https:\/\/www.correiobraziliense.com.br\/cbradar\/wp-content\/uploads\/2026\/04\/poodle-1140x641.jpg 1140w\" sizes=\"(max-width: 1280px) 100vw, 1280px\" \/><figcaption class=\"wp-element-caption\">O Poodle \u00e9 amplamente reconhecido como uma das ra\u00e7as mais limpas para se ter em ambientes fechados<\/figcaption><\/figure><\/div>\n\n\n<p>Leia tamb\u00e9m: <a href=\"https:\/\/www.correiobraziliense.com.br\/cbradar\/racas-de-caes-protetores-que-defendem-a-casa-sem-latir-o-tempo-todo\/\" target=\"_blank\" rel=\"noreferrer noopener\">Ra\u00e7as de c\u00e3es protetores que defendem a casa sem latir o tempo todo<\/a><\/p>\n\n\n\n<h2 class=\"wp-block-heading\">O segredo da pelagem hipoalerg\u00eanica do Poodle<\/h2>\n\n\n\n<p>O <strong>Poodle<\/strong> \u00e9 frequentemente citado como a melhor escolha para quem busca um animal com <strong>pouco cheiro<\/strong> e baixa descama\u00e7\u00e3o de pele. Como seus pelos crescem continuamente e n\u00e3o caem no ambiente, as part\u00edculas de odor ficam presas na estrutura encaracolada, sendo removidas facilmente durante a escova\u00e7\u00e3o regular ou a tosa profissional.<\/p>\n\n\n\n<p>Muitas pessoas acreditam que apenas o banho resolve o problema, mas a alimenta\u00e7\u00e3o de alta qualidade influencia diretamente na sa\u00fade da pele dessas <strong>ra\u00e7as higi\u00eanicas<\/strong>. Invista em ra\u00e7\u00f5es ricas em \u00f4mega 3 e 6 para fortalecer a barreira cut\u00e2nea do seu companheiro e manter o brilho do pelo sem aumentar a oleosidade natural da derme.<\/p>\n\n\n\n<h2 class=\"wp-block-heading\">Dicas pr\u00e1ticas para manter a higiene do ambiente pet<\/h2>\n\n\n\n<p>Mesmo com animais que exalam menos odor, a manuten\u00e7\u00e3o do local onde o c\u00e3o dorme e se alimenta \u00e9 crucial para preservar o frescor da resid\u00eancia. Utilizar produtos de limpeza enzim\u00e1ticos ajuda a eliminar qualquer resqu\u00edcio de urina ou saliva que possa interferir na percep\u00e7\u00e3o do <strong>cheiro ambiente<\/strong>, protegendo m\u00f3veis e tapetes de manchas indesejadas.<\/p>\n\n\n\n<ul class=\"wp-block-list\">\n<li>Lave as camas e mantas do <strong>cachorro<\/strong> quinzenalmente com sab\u00e3o neutro.<\/li>\n\n\n\n<li>Mantenha as orelhas do <strong>Basenji<\/strong> sempre limpas para evitar otites odor\u00edferas.<\/li>\n\n\n\n<li>Escove o <strong>Poodle<\/strong> diariamente para remover pelos mortos e sujeiras superficiais.<\/li>\n\n\n\n<li>Utilize tapetes higi\u00eanicos de alta absor\u00e7\u00e3o para evitar o contato das patas com a urina.<\/li>\n<\/ul>\n\n\n<div class=\"wp-block-image\">\n<figure class=\"aligncenter size-full\"><img decoding=\"async\" width=\"1280\" height=\"720\" src=\"https:\/\/www.correiobraziliense.com.br\/cbradar\/wp-content\/uploads\/2026\/04\/Basenji-1.jpg\" alt=\"\" class=\"wp-image-233970\" srcset=\"https:\/\/www.correiobraziliense.com.br\/cbradar\/wp-content\/uploads\/2026\/04\/Basenji-1.jpg 1280w, https:\/\/www.correiobraziliense.com.br\/cbradar\/wp-content\/uploads\/2026\/04\/Basenji-1-300x169.jpg 300w, https:\/\/www.correiobraziliense.com.br\/cbradar\/wp-content\/uploads\/2026\/04\/Basenji-1-768x432.jpg 768w, https:\/\/www.correiobraziliense.com.br\/cbradar\/wp-content\/uploads\/2026\/04\/Basenji-1-750x422.jpg 750w, https:\/\/www.correiobraziliense.com.br\/cbradar\/wp-content\/uploads\/2026\/04\/Basenji-1-1140x641.jpg 1140w\" sizes=\"(max-width: 1280px) 100vw, 1280px\" \/><figcaption class=\"wp-element-caption\">Mesmo com animais que exalam menos odor, a manuten\u00e7\u00e3o do local onde o c\u00e3o dorme e se alimenta \u00e9 crucial para preservar o frescor da resid\u00eancia<\/figcaption><\/figure><\/div>\n\n\n<p>Pequenos ajustes na rotina de cuidados b\u00e1sicos potencializam as caracter\u00edsticas naturais dessas ra\u00e7as, transformando a experi\u00eancia de ter um animal de estima\u00e7\u00e3o em algo muito mais pr\u00e1tico e agrad\u00e1vel. Experimente trocar os tecidos das capas de almofada por materiais sint\u00e9ticos, que absorvem menos part\u00edculas de poeira e pelos, facilitando a limpeza semanal da sua <strong>casa<\/strong>.<\/p>\n\n\n\n<h2 class=\"wp-block-heading\">Como escolher a melhor ra\u00e7a para viver em apartamento<\/h2>\n\n\n\n<p>A escolha entre um <strong>Basenji<\/strong> ou um <strong>Poodle<\/strong> deve considerar n\u00e3o apenas o odor, mas tamb\u00e9m o n\u00edvel de energia e a capacidade de adapta\u00e7\u00e3o do animal ao espa\u00e7o dispon\u00edvel. Enquanto o primeiro \u00e9 extremamente silencioso e independente, o segundo demanda mais est\u00edmulos mentais e intera\u00e7\u00e3o constante com os tutores para evitar o estresse e a ansiedade de separa\u00e7\u00e3o na <strong>Fran\u00e7a<\/strong> ou em qualquer lugar.<\/p>\n\n\n\n<p>Avalie se a sua rotina permite dedicar tempo \u00e0 escova\u00e7\u00e3o e se o temperamento do animal est\u00e1 alinhado com o seu estilo de vida antes de finalizar a ado\u00e7\u00e3o. Consultar um especialista em comportamento animal pode revelar nuances sobre a <strong>sa\u00fade canina<\/strong> que ajudam a prever como o pet se comportar\u00e1 em ambientes fechados ao longo dos anos.<\/p>\n\n\n\n<p>Para aprofundar no tema, separamos esse v\u00eddeo do canal <a href=\"https:\/\/www.youtube.com\/@PeritoAnimal\" target=\"_blank\" rel=\"noreferrer noopener\">PeritoAnimal<\/a> mostrando mais algumas ra\u00e7as de cachorros:<\/p>\n\n\n\n<figure class=\"wp-block-embed is-type-video is-provider-youtube wp-block-embed-youtube wp-embed-aspect-16-9 wp-has-aspect-ratio\"><div class=\"wp-block-embed__wrapper\">\n<div class=\"jeg_video_container jeg_video_content\"><iframe loading=\"lazy\" title=\"10 RA\u00c7AS de CACHORROS que N\u00c3O T\u00caM CHEIRO \ud83d\udc36\ud83d\udc3e\" width=\"500\" height=\"281\" src=\"https:\/\/www.youtube.com\/embed\/FcGwMr3CeZA?feature=oembed\" frameborder=\"0\" allow=\"accelerometer; autoplay; clipboard-write; encrypted-media; gyroscope; picture-in-picture; web-share\" referrerpolicy=\"strict-origin-when-cross-origin\" allowfullscreen><\/iframe><\/div>\n<\/div><\/figure>\n\n\n\n<h2 class=\"wp-block-heading\">Benef\u00edcios de conviver com animais que possuem pouca oleosidade cut\u00e2nea<\/h2>\n\n\n\n<p>Ter um c\u00e3o que n\u00e3o exala odores fortes reduz significativamente o tempo gasto com limpezas profundas e melhora a qualidade do ar para pessoas com sensibilidade olfativa. A <strong>baixa manuten\u00e7\u00e3o<\/strong> caracter\u00edstica dessas ra\u00e7as permite que os tutores foquem mais em atividades de lazer e conex\u00e3o emocional com o animal, em vez de se preocuparem constantemente com o aspecto visual da pelagem.<\/p>\n\n\n\n<p>Essa vantagem biol\u00f3gica reflete diretamente na economia com produtos est\u00e9ticos e idas frequentes ao pet shop, tornando a posse respons\u00e1vel muito mais sustent\u00e1vel financeiramente. Explore as diversas varia\u00e7\u00f5es de tamanho e cores que essas ra\u00e7as oferecem para encontrar o parceiro ideal que trar\u00e1 alegria para sua fam\u00edlia sem comprometer o conforto olfativo do seu lar.<\/p>\n","protected":false},"excerpt":{"rendered":"<p>Manter a casa limpa e perfumada \u00e9 um desafio comum para quem convive com pets, mas certas caracter\u00edsticas biol\u00f3gicas tornam alguns animais naturalmente mais discretos no odor. Existem linhagens espec\u00edficas que possuem uma pelagem diferenciada e gl\u00e2ndulas seb\u00e1ceas menos ativas, o que reduz drasticamente aquele aroma caracter\u00edstico de cachorro molhado no ambiente. Por que alguns [&hellip;]<\/p>\n","protected":false},"author":9,"featured_media":234353,"comment_status":"open","ping_status":"open","sticky":false,"template":"","format":"standard","meta":{"_yoast_wpseo_focuskw":"c\u00e3es sem cheiro","_yoast_wpseo_title":"","_yoast_wpseo_metadesc":"Ra\u00e7as com pouco odor ajudam a manter a casa limpa e tornam a rotina com pets mais pr\u00e1tica e confort\u00e1vel.","jnews-multi-image_gallery":[],"jnews_single_post":{"format":"standard"},"jnews_primary_category":[],"jnews_social_meta":[],"jnews_override_counter":[],"footnotes":""},"categories":[112],"tags":[18358,8073],"class_list":["post-233957","post","type-post","status-publish","format-standard","has-post-thumbnail","hentry","category-curiosidades","tag-caes-limpos","tag-racas-de-caes"],"yoast_head":"<!-- This site is optimized with the Yoast SEO plugin v24.6 - https:\/\/yoast.com\/wordpress\/plugins\/seo\/ -->\n<title>Nem todo cachorro deixa cheiro forte, e estas ra\u00e7as ajudam a provar isso - Correio Braziliense - Radar<\/title>\n<meta name=\"description\" content=\"Ra\u00e7as com pouco odor ajudam a manter a casa limpa e tornam a rotina com pets mais pr\u00e1tica e confort\u00e1vel.\" \/>\n<meta name=\"robots\" content=\"index, follow, max-snippet:-1, max-image-preview:large, max-video-preview:-1\" \/>\n<link rel=\"canonical\" href=\"https:\/\/www.correiobraziliense.com.br\/cbradar\/nem-todo-cachorro-deixa-cheiro-forte-e-estas-racas-ajudam-a-provar-isso\/\" \/>\n<meta property=\"og:locale\" content=\"pt_BR\" \/>\n<meta property=\"og:type\" content=\"article\" \/>\n<meta property=\"og:title\" content=\"Nem todo cachorro deixa cheiro forte, e estas ra\u00e7as ajudam a provar isso - Correio Braziliense - Radar\" \/>\n<meta property=\"og:description\" content=\"Ra\u00e7as com pouco odor ajudam a manter a casa limpa e tornam a rotina com pets mais pr\u00e1tica e confort\u00e1vel.\" \/>\n<meta property=\"og:url\" content=\"https:\/\/www.correiobraziliense.com.br\/cbradar\/nem-todo-cachorro-deixa-cheiro-forte-e-estas-racas-ajudam-a-provar-isso\/\" \/>\n<meta property=\"og:site_name\" content=\"Correio Braziliense - Radar\" \/>\n<meta property=\"article:published_time\" content=\"2026-04-30T20:45:00+00:00\" \/>\n<meta property=\"og:image\" content=\"https:\/\/www.correiobraziliense.com.br\/cbradar\/wp-content\/uploads\/2026\/04\/Cachorro_deitado_em_sala_limpa_202604291522.jpg\" \/>\n\t<meta property=\"og:image:width\" content=\"1280\" \/>\n\t<meta property=\"og:image:height\" content=\"720\" \/>\n\t<meta property=\"og:image:type\" content=\"image\/jpeg\" \/>\n<meta name=\"author\" content=\"Daniely Cardoso\" \/>\n<meta name=\"twitter:card\" content=\"summary_large_image\" \/>\n<meta name=\"twitter:label1\" content=\"Escrito por\" \/>\n\t<meta name=\"twitter:data1\" content=\"Daniely Cardoso\" \/>\n\t<meta name=\"twitter:label2\" content=\"Est. tempo de leitura\" \/>\n\t<meta name=\"twitter:data2\" content=\"5 minutos\" \/>\n<!-- \/ Yoast SEO plugin. -->","yoast_head_json":{"title":"Nem todo cachorro deixa cheiro forte, e estas ra\u00e7as ajudam a provar isso - Correio Braziliense - Radar","description":"Ra\u00e7as com pouco odor ajudam a manter a casa limpa e tornam a rotina com pets mais pr\u00e1tica e confort\u00e1vel.","robots":{"index":"index","follow":"follow","max-snippet":"max-snippet:-1","max-image-preview":"max-image-preview:large","max-video-preview":"max-video-preview:-1"},"canonical":"https:\/\/www.correiobraziliense.com.br\/cbradar\/nem-todo-cachorro-deixa-cheiro-forte-e-estas-racas-ajudam-a-provar-isso\/","og_locale":"pt_BR","og_type":"article","og_title":"Nem todo cachorro deixa cheiro forte, e estas ra\u00e7as ajudam a provar isso - Correio Braziliense - Radar","og_description":"Ra\u00e7as com pouco odor ajudam a manter a casa limpa e tornam a rotina com pets mais pr\u00e1tica e confort\u00e1vel.","og_url":"https:\/\/www.correiobraziliense.com.br\/cbradar\/nem-todo-cachorro-deixa-cheiro-forte-e-estas-racas-ajudam-a-provar-isso\/","og_site_name":"Correio Braziliense - Radar","article_published_time":"2026-04-30T20:45:00+00:00","og_image":[{"width":1280,"height":720,"url":"https:\/\/www.correiobraziliense.com.br\/cbradar\/wp-content\/uploads\/2026\/04\/Cachorro_deitado_em_sala_limpa_202604291522.jpg","type":"image\/jpeg"}],"author":"Daniely Cardoso","twitter_card":"summary_large_image","twitter_misc":{"Escrito por":"Daniely Cardoso","Est. tempo de leitura":"5 minutos"},"schema":{"@context":"https:\/\/schema.org","@graph":[{"@type":"WebPage","@id":"https:\/\/www.correiobraziliense.com.br\/cbradar\/nem-todo-cachorro-deixa-cheiro-forte-e-estas-racas-ajudam-a-provar-isso\/","url":"https:\/\/www.correiobraziliense.com.br\/cbradar\/nem-todo-cachorro-deixa-cheiro-forte-e-estas-racas-ajudam-a-provar-isso\/","name":"Nem todo cachorro deixa cheiro forte, e estas ra\u00e7as ajudam a provar isso - Correio Braziliense - Radar","isPartOf":{"@id":"https:\/\/www.correiobraziliense.com.br\/cbradar\/#website"},"primaryImageOfPage":{"@id":"https:\/\/www.correiobraziliense.com.br\/cbradar\/nem-todo-cachorro-deixa-cheiro-forte-e-estas-racas-ajudam-a-provar-isso\/#primaryimage"},"image":{"@id":"https:\/\/www.correiobraziliense.com.br\/cbradar\/nem-todo-cachorro-deixa-cheiro-forte-e-estas-racas-ajudam-a-provar-isso\/#primaryimage"},"thumbnailUrl":"https:\/\/www.correiobraziliense.com.br\/cbradar\/wp-content\/uploads\/2026\/04\/Cachorro_deitado_em_sala_limpa_202604291522.jpg","datePublished":"2026-04-30T20:45:00+00:00","author":{"@id":"https:\/\/www.correiobraziliense.com.br\/cbradar\/#\/schema\/person\/7356666e12ec0ee53f348ee5db227032"},"description":"Ra\u00e7as com pouco odor ajudam a manter a casa limpa e tornam a rotina com pets mais pr\u00e1tica e confort\u00e1vel.","breadcrumb":{"@id":"https:\/\/www.correiobraziliense.com.br\/cbradar\/nem-todo-cachorro-deixa-cheiro-forte-e-estas-racas-ajudam-a-provar-isso\/#breadcrumb"},"inLanguage":"pt-BR","potentialAction":[{"@type":"ReadAction","target":["https:\/\/www.correiobraziliense.com.br\/cbradar\/nem-todo-cachorro-deixa-cheiro-forte-e-estas-racas-ajudam-a-provar-isso\/"]}]},{"@type":"ImageObject","inLanguage":"pt-BR","@id":"https:\/\/www.correiobraziliense.com.br\/cbradar\/nem-todo-cachorro-deixa-cheiro-forte-e-estas-racas-ajudam-a-provar-isso\/#primaryimage","url":"https:\/\/www.correiobraziliense.com.br\/cbradar\/wp-content\/uploads\/2026\/04\/Cachorro_deitado_em_sala_limpa_202604291522.jpg","contentUrl":"https:\/\/www.correiobraziliense.com.br\/cbradar\/wp-content\/uploads\/2026\/04\/Cachorro_deitado_em_sala_limpa_202604291522.jpg","width":1280,"height":720,"caption":"Algumas ra\u00e7as produzem menos oleosidade na pele"},{"@type":"BreadcrumbList","@id":"https:\/\/www.correiobraziliense.com.br\/cbradar\/nem-todo-cachorro-deixa-cheiro-forte-e-estas-racas-ajudam-a-provar-isso\/#breadcrumb","itemListElement":[{"@type":"ListItem","position":1,"name":"In\u00edcio","item":"https:\/\/www.correiobraziliense.com.br\/cbradar\/"},{"@type":"ListItem","position":2,"name":"Nem todo cachorro deixa cheiro forte, e estas ra\u00e7as ajudam a provar isso"}]},{"@type":"WebSite","@id":"https:\/\/www.correiobraziliense.com.br\/cbradar\/#website","url":"https:\/\/www.correiobraziliense.com.br\/cbradar\/","name":"Correio Braziliense - Radar","description":"Acompanhe as \u00faltimas not\u00edcias e fique bem informado sobre tudo o que acontece no Brasil e no mundo.","potentialAction":[{"@type":"SearchAction","target":{"@type":"EntryPoint","urlTemplate":"https:\/\/www.correiobraziliense.com.br\/cbradar\/?s={search_term_string}"},"query-input":{"@type":"PropertyValueSpecification","valueRequired":true,"valueName":"search_term_string"}}],"inLanguage":"pt-BR"},{"@type":"Person","@id":"https:\/\/www.correiobraziliense.com.br\/cbradar\/#\/schema\/person\/7356666e12ec0ee53f348ee5db227032","name":"Daniely Cardoso","image":{"@type":"ImageObject","inLanguage":"pt-BR","@id":"https:\/\/www.correiobraziliense.com.br\/cbradar\/#\/schema\/person\/image\/","url":"https:\/\/secure.gravatar.com\/avatar\/4b80ddbd124d1f071b626d52d62e5dff?s=96&d=mm&r=g","contentUrl":"https:\/\/secure.gravatar.com\/avatar\/4b80ddbd124d1f071b626d52d62e5dff?s=96&d=mm&r=g","caption":"Daniely Cardoso"},"description":"Redatora nos portais CB Radar e EM Foco, formada pela Universidade Federal de Goi\u00e1s, em Goi\u00e2nia. Apaixonada por comunica\u00e7\u00e3o, arte, decora\u00e7\u00e3o e tend\u00eancias, atuo na produ\u00e7\u00e3o de conte\u00fados envolventes sobre curiosidades, moda, beleza e paisagismo, sempre com um olhar atento \u00e0s novidades do momento.","sameAs":["https:\/\/www.correiobraziliense.com.br\/cbradar"],"url":"https:\/\/www.correiobraziliense.com.br\/cbradar\/author\/danielymyth\/"}]}},"_links":{"self":[{"href":"https:\/\/www.correiobraziliense.com.br\/cbradar\/wp-json\/wp\/v2\/posts\/233957","targetHints":{"allow":["GET"]}}],"collection":[{"href":"https:\/\/www.correiobraziliense.com.br\/cbradar\/wp-json\/wp\/v2\/posts"}],"about":[{"href":"https:\/\/www.correiobraziliense.com.br\/cbradar\/wp-json\/wp\/v2\/types\/post"}],"author":[{"embeddable":true,"href":"https:\/\/www.correiobraziliense.com.br\/cbradar\/wp-json\/wp\/v2\/users\/9"}],"replies":[{"embeddable":true,"href":"https:\/\/www.correiobraziliense.com.br\/cbradar\/wp-json\/wp\/v2\/comments?post=233957"}],"version-history":[{"count":3,"href":"https:\/\/www.correiobraziliense.com.br\/cbradar\/wp-json\/wp\/v2\/posts\/233957\/revisions"}],"predecessor-version":[{"id":233972,"href":"https:\/\/www.correiobraziliense.com.br\/cbradar\/wp-json\/wp\/v2\/posts\/233957\/revisions\/233972"}],"wp:featuredmedia":[{"embeddable":true,"href":"https:\/\/www.correiobraziliense.com.br\/cbradar\/wp-json\/wp\/v2\/media\/234353"}],"wp:attachment":[{"href":"https:\/\/www.correiobraziliense.com.br\/cbradar\/wp-json\/wp\/v2\/media?parent=233957"}],"wp:term":[{"taxonomy":"category","embeddable":true,"href":"https:\/\/www.correiobraziliense.com.br\/cbradar\/wp-json\/wp\/v2\/categories?post=233957"},{"taxonomy":"post_tag","embeddable":true,"href":"https:\/\/www.correiobraziliense.com.br\/cbradar\/wp-json\/wp\/v2\/tags?post=233957"}],"curies":[{"name":"wp","href":"https:\/\/api.w.org\/{rel}","templated":true}]}}