{"id":233963,"date":"2026-04-30T03:30:00","date_gmt":"2026-04-30T06:30:00","guid":{"rendered":"https:\/\/www.correiobraziliense.com.br\/cbradar\/?p=233963"},"modified":"2026-04-29T18:11:18","modified_gmt":"2026-04-29T21:11:18","slug":"familias-modernas-tem-mais-acesso-do-que-nunca-a-pesquisas-sobre-tempo-de-tela-atencao-e-saude-mental-infantil-mas-vivem-mais-conflitos-dentro-de-casa-por-causa-do-celular-e-do-tablet-e-o-ponto-cen","status":"publish","type":"post","link":"https:\/\/www.correiobraziliense.com.br\/cbradar\/familias-modernas-tem-mais-acesso-do-que-nunca-a-pesquisas-sobre-tempo-de-tela-atencao-e-saude-mental-infantil-mas-vivem-mais-conflitos-dentro-de-casa-por-causa-do-celular-e-do-tablet-e-o-ponto-cen\/","title":{"rendered":"Fam\u00edlias modernas t\u00eam mais acesso do que nunca a pesquisas sobre tempo de tela, aten\u00e7\u00e3o e sa\u00fade mental infantil, mas vivem mais conflitos dentro de casa por causa do celular e do tablet, e o ponto central dessa contradi\u00e7\u00e3o est\u00e1 no abismo entre saber a recomenda\u00e7\u00e3o e conseguir aplic\u00e1-la no mundo real"},"content":{"rendered":"\n<p>O acesso facilitado a estudos cient\u00edficos sobre os impactos do uso de eletr\u00f4nicos na inf\u00e2ncia n\u00e3o eliminou os conflitos dom\u00e9sticos contempor\u00e2neos. Pais e cuidadores enfrentam diariamente o desafio de equilibrar orienta\u00e7\u00f5es te\u00f3ricas r\u00edgidas com as demandas exaustivas de uma rotina profissional e pessoal intensa. Essa lacuna entre o saber e o fazer gera ang\u00fastia.<\/p>\n\n\n\n<h2 class=\"wp-block-heading\">Por que as recomenda\u00e7\u00f5es t\u00e9cnicas parecem imposs\u00edveis na rotina real?<\/h2>\n\n\n\n<p>As diretrizes oficiais frequentemente ignoram a complexidade da vida moderna, onde os dispositivos digitais funcionam como ferramentas de trabalho e entretenimento simult\u00e2neos. Quando a exaust\u00e3o atinge os adultos, o tablet surge como um recurso imediato para garantir alguns minutos de sil\u00eancio necess\u00e1rios. Essa depend\u00eancia circunstancial cria um conflito \u00e9tico profundo entre a prote\u00e7\u00e3o ideal e a sobreviv\u00eancia pr\u00e1tica no cotidiano.<\/p>\n\n\n\n<p>Muitas vezes, a falta de uma rede de apoio presencial obriga as fam\u00edlias a utilizarem a tecnologia como uma bab\u00e1 eletr\u00f4nica improvisada. Sem alternativas vi\u00e1veis para o lazer ou supervis\u00e3o constante, as telas preenchem lacunas sociais que a vida urbana moderna deixou abertas. Esse cen\u00e1rio transforma o uso do celular em uma <strong>necessidade log\u00edstica dif\u00edcil de contornar<\/strong> sem o suporte adequado.<\/p>\n\n\n\n<figure class=\"wp-block-image size-full\"><img decoding=\"async\" width=\"1280\" height=\"720\" src=\"https:\/\/www.correiobraziliense.com.br\/cbradar\/wp-content\/uploads\/2026\/04\/Gemini_Generated_Image_dbw5sfdbw5sfdbw5-1-1.png\" alt=\"Fam\u00edlias modernas t\u00eam mais acesso do que nunca a pesquisas sobre tempo de tela, aten\u00e7\u00e3o e sa\u00fade mental infantil, mas vivem mais conflitos dentro de casa por causa do celular e do tablet, e o ponto central dessa contradi\u00e7\u00e3o est\u00e1 no abismo entre saber a recomenda\u00e7\u00e3o e conseguir aplic\u00e1-la no mundo real\" class=\"wp-image-234252\" srcset=\"https:\/\/www.correiobraziliense.com.br\/cbradar\/wp-content\/uploads\/2026\/04\/Gemini_Generated_Image_dbw5sfdbw5sfdbw5-1-1.png 1280w, https:\/\/www.correiobraziliense.com.br\/cbradar\/wp-content\/uploads\/2026\/04\/Gemini_Generated_Image_dbw5sfdbw5sfdbw5-1-1-300x169.png 300w, https:\/\/www.correiobraziliense.com.br\/cbradar\/wp-content\/uploads\/2026\/04\/Gemini_Generated_Image_dbw5sfdbw5sfdbw5-1-1-768x432.png 768w, https:\/\/www.correiobraziliense.com.br\/cbradar\/wp-content\/uploads\/2026\/04\/Gemini_Generated_Image_dbw5sfdbw5sfdbw5-1-1-750x422.png 750w, https:\/\/www.correiobraziliense.com.br\/cbradar\/wp-content\/uploads\/2026\/04\/Gemini_Generated_Image_dbw5sfdbw5sfdbw5-1-1-1140x641.png 1140w\" sizes=\"(max-width: 1280px) 100vw, 1280px\" \/><figcaption class=\"wp-element-caption\">Equilibrar o uso de telas na inf\u00e2ncia \u00e9 desafio na rotina das fam\u00edlias<\/figcaption><\/figure>\n\n\n\n<h2 class=\"wp-block-heading\">De que maneira o uso excessivo fragmenta a aten\u00e7\u00e3o familiar?<\/h2>\n\n\n\n<p>A presen\u00e7a constante de notifica\u00e7\u00f5es e sons eletr\u00f4nicos interrompe o fluxo de comunica\u00e7\u00e3o direta entre pais e <a href=\"https:\/\/www.correiobraziliense.com.br\/cbradar\/a-frase-mais-comum-entre-filhos-adultos-que-aprenderam-a-se-calar-cedo-nao-e-meus-pais-nao-me-ouviam-e-deixa-depois-eu-vejo-isso-e-ela-revela-como-muita-gente-co\/\" target=\"_blank\" rel=\"noreferrer noopener\">filhos <\/a>durante as refei\u00e7\u00f5es. Esse estado de aten\u00e7\u00e3o dividida impede a conex\u00e3o emocional profunda e gera sentimentos de neglig\u00eancia m\u00fatua dentro do ambiente dom\u00e9stico. A tecnologia, que deveria aproximar, acaba construindo barreiras invis\u00edveis que dificultam a compreens\u00e3o das necessidades b\u00e1sicas e afetivas di\u00e1rias.<\/p>\n\n\n\n<p>Quando as crian\u00e7as protestam pela falta de aten\u00e7\u00e3o, a rea\u00e7\u00e3o comum dos adultos \u00e9 oferecer o dispositivo para acalmar os \u00e2nimos exaltados. Esse ciclo vicioso fortalece a depend\u00eancia digital e diminui a toler\u00e2ncia \u00e0 frustra\u00e7\u00e3o necess\u00e1ria para o desenvolvimento saud\u00e1vel do car\u00e1ter. O ambiente familiar torna-se um campo de batalha onde a <strong>disputa pela aten\u00e7\u00e3o humana \u00e9 constante<\/strong> e exaustiva.<\/p>\n\n\n\n<h2 class=\"wp-block-heading\">Quais comportamentos indicam que o limite digital foi ultrapassado?<\/h2>\n\n\n\n<p>Identificar o momento em que a tecnologia deixa de ser \u00fatil e passa a ser prejudicial exige observa\u00e7\u00e3o atenta dos sinais emocionais. Mudan\u00e7as bruscas de humor, dificuldades de concentra\u00e7\u00e3o e isolamento social s\u00e3o alertas importantes que n\u00e3o devem ser ignorados pelos respons\u00e1veis. \u00c9 fundamental estabelecer marcos claros para garantir que a sa\u00fade mental de todos os membros da fam\u00edlia seja preservada. <\/p>\n\n\n\n<p><strong>Analise agora os pontos cruciais para implementar mudan\u00e7as significativas e duradouras no seu cotidiano:<\/strong><\/p>\n\n\n\n<ul class=\"wp-block-list\">\n<li>Estabelecimento de zonas livres de tecnologia na casa.<\/li>\n\n\n\n<li>Defini\u00e7\u00e3o de hor\u00e1rios fixos para desconex\u00e3o total di\u00e1ria.<\/li>\n\n\n\n<li>Incentivo a atividades manuais e brincadeiras ao ar livre.<\/li>\n\n\n\n<li>Substitui\u00e7\u00e3o de telas por leitura conjunta antes do sono.<\/li>\n\n\n\n<li>Monitoramento ativo dos conte\u00fados consumidos pelas crian\u00e7as pequenas.<\/li>\n<\/ul>\n\n\n\n<h2 class=\"wp-block-heading\">Existe um caminho para o equil\u00edbrio sem a carga da culpa?<\/h2>\n\n\n\n<p>Reduzir a press\u00e3o por uma perfei\u00e7\u00e3o inating\u00edvel \u00e9 o primeiro passo para encontrar uma rela\u00e7\u00e3o mais saud\u00e1vel com os dispositivos m\u00f3veis. Em vez de banir totalmente as telas, os pais podem focar na media\u00e7\u00e3o ativa e no consumo consciente de conte\u00fados educativos de qualidade. Essa abordagem transforma a tecnologia em uma aliada, diminuindo o peso da <strong>autoexig\u00eancia excessiva e punitiva<\/strong> rotineira.<\/p>\n\n\n\n<p>Promover di\u00e1logos abertos sobre os riscos e benef\u00edcios do mundo digital ajuda a criar cidad\u00e3os mais conscientes e resilientes emocionalmente. Quando a fam\u00edlia entende o prop\u00f3sito do limite, a resist\u00eancia diminui e a coopera\u00e7\u00e3o aumenta naturalmente durante o processo de transi\u00e7\u00e3o. O segredo reside na <strong>const\u00e2ncia das pequenas atitudes positivas<\/strong> tomadas em conjunto para fortalecer o v\u00ednculo afetivo real e duradouro.<\/p>\n\n\n\n<figure class=\"wp-block-image size-full\"><img decoding=\"async\" width=\"1280\" height=\"720\" src=\"https:\/\/www.correiobraziliense.com.br\/cbradar\/wp-content\/uploads\/2026\/04\/Gemini_Generated_Image_o4la5wo4la5wo4la-1-1.png\" alt=\"Fam\u00edlias modernas t\u00eam mais acesso do que nunca a pesquisas sobre tempo de tela, aten\u00e7\u00e3o e sa\u00fade mental infantil, mas vivem mais conflitos dentro de casa por causa do celular e do tablet, e o ponto central dessa contradi\u00e7\u00e3o est\u00e1 no abismo entre saber a recomenda\u00e7\u00e3o e conseguir aplic\u00e1-la no mundo real\" class=\"wp-image-234254\" srcset=\"https:\/\/www.correiobraziliense.com.br\/cbradar\/wp-content\/uploads\/2026\/04\/Gemini_Generated_Image_o4la5wo4la5wo4la-1-1.png 1280w, https:\/\/www.correiobraziliense.com.br\/cbradar\/wp-content\/uploads\/2026\/04\/Gemini_Generated_Image_o4la5wo4la5wo4la-1-1-300x169.png 300w, https:\/\/www.correiobraziliense.com.br\/cbradar\/wp-content\/uploads\/2026\/04\/Gemini_Generated_Image_o4la5wo4la5wo4la-1-1-768x432.png 768w, https:\/\/www.correiobraziliense.com.br\/cbradar\/wp-content\/uploads\/2026\/04\/Gemini_Generated_Image_o4la5wo4la5wo4la-1-1-750x422.png 750w, https:\/\/www.correiobraziliense.com.br\/cbradar\/wp-content\/uploads\/2026\/04\/Gemini_Generated_Image_o4la5wo4la5wo4la-1-1-1140x641.png 1140w\" sizes=\"(max-width: 1280px) 100vw, 1280px\" \/><figcaption class=\"wp-element-caption\">Equilibrar o uso de telas na inf\u00e2ncia \u00e9 desafio na rotina das fam\u00edlias<\/figcaption><\/figure>\n\n\n\n<h2 class=\"wp-block-heading\">Como as organiza\u00e7\u00f5es de sa\u00fade orientam o uso de telas?<\/h2>\n\n\n\n<p>A <strong>Organiza\u00e7\u00e3o Mundial da Sa\u00fade<\/strong> oferece diretrizes espec\u00edficas para diferentes faixas et\u00e1rias, focando na import\u00e2ncia da atividade f\u00edsica e do sono. Para crian\u00e7as menores de dois anos, a recomenda\u00e7\u00e3o \u00e9 o sedentarismo zero diante de telas, priorizando o desenvolvimento motor e sensorial pleno. Seguir esses par\u00e2metros cient\u00edficos protege o sistema neurol\u00f3gico infantil durante fases cr\u00edticas de matura\u00e7\u00e3o e crescimento acelerado e cont\u00ednuo.<\/p>\n\n\n\n<p>As fam\u00edlias que buscam aplicar essas normas devem procurar estrat\u00e9gias de implementa\u00e7\u00e3o gradual que respeitem a realidade da casa. Para conferir detalhes t\u00e9cnicos sobre os limites recomendados e impactos na sa\u00fade, acesse o guia oficial da <strong><a target=\"_blank\" rel=\"noreferrer noopener\" href=\"https:\/\/www.who.int\/news\/item\/24-04-2019-to-grow-up-healthy-children-need-to-sit-less-and-play-more\">OMS sobre tempo de tela<\/a><\/strong>. Priorizar essas informa\u00e7\u00f5es oficiais \u00e9 a <strong>estrat\u00e9gia mais eficaz para garantir o bem-estar<\/strong> de todas hoje.<\/p>\n","protected":false},"excerpt":{"rendered":"<p>O acesso facilitado a estudos cient\u00edficos sobre os impactos do uso de eletr\u00f4nicos na inf\u00e2ncia n\u00e3o eliminou os conflitos dom\u00e9sticos contempor\u00e2neos. Pais e cuidadores enfrentam diariamente o desafio de equilibrar orienta\u00e7\u00f5es te\u00f3ricas r\u00edgidas com as demandas exaustivas de uma rotina profissional e pessoal intensa. Essa lacuna entre o saber e o fazer gera ang\u00fastia. Por [&hellip;]<\/p>\n","protected":false},"author":21,"featured_media":233964,"comment_status":"open","ping_status":"open","sticky":false,"template":"","format":"standard","meta":{"_yoast_wpseo_focuskw":"uso de telas na inf\u00e2ncia como equilibrar","_yoast_wpseo_title":"","_yoast_wpseo_metadesc":"Uso de telas na inf\u00e2ncia gera conflitos entre teoria e rotina. Equilibrar limites exige adapta\u00e7\u00e3o \u00e0 realidade das fam\u00edlias.","jnews-multi-image_gallery":[],"jnews_single_post":{"format":"standard"},"jnews_primary_category":[],"jnews_social_meta":[],"jnews_override_counter":[],"footnotes":""},"categories":[112],"tags":[],"class_list":["post-233963","post","type-post","status-publish","format-standard","has-post-thumbnail","hentry","category-curiosidades"],"yoast_head":"<!-- This site is optimized with the Yoast SEO plugin v24.6 - https:\/\/yoast.com\/wordpress\/plugins\/seo\/ -->\n<title>Fam\u00edlias modernas t\u00eam mais acesso do que nunca a pesquisas sobre tempo de tela, aten\u00e7\u00e3o e sa\u00fade mental infantil, mas vivem mais conflitos dentro de casa por causa do celular e do tablet, e o ponto central dessa contradi\u00e7\u00e3o est\u00e1 no abismo entre saber a recomenda\u00e7\u00e3o e conseguir aplic\u00e1-la no mundo real - Correio Braziliense - Radar<\/title>\n<meta name=\"description\" content=\"Uso de telas na inf\u00e2ncia gera conflitos entre teoria e rotina. Equilibrar limites exige adapta\u00e7\u00e3o \u00e0 realidade das fam\u00edlias.\" \/>\n<meta name=\"robots\" content=\"index, follow, max-snippet:-1, max-image-preview:large, max-video-preview:-1\" \/>\n<link rel=\"canonical\" href=\"https:\/\/www.correiobraziliense.com.br\/cbradar\/familias-modernas-tem-mais-acesso-do-que-nunca-a-pesquisas-sobre-tempo-de-tela-atencao-e-saude-mental-infantil-mas-vivem-mais-conflitos-dentro-de-casa-por-causa-do-celular-e-do-tablet-e-o-ponto-cen\/\" \/>\n<meta property=\"og:locale\" content=\"pt_BR\" \/>\n<meta property=\"og:type\" content=\"article\" \/>\n<meta property=\"og:title\" content=\"Fam\u00edlias modernas t\u00eam mais acesso do que nunca a pesquisas sobre tempo de tela, aten\u00e7\u00e3o e sa\u00fade mental infantil, mas vivem mais conflitos dentro de casa por causa do celular e do tablet, e o ponto central dessa contradi\u00e7\u00e3o est\u00e1 no abismo entre saber a recomenda\u00e7\u00e3o e conseguir aplic\u00e1-la no mundo real - Correio Braziliense - Radar\" \/>\n<meta property=\"og:description\" content=\"Uso de telas na inf\u00e2ncia gera conflitos entre teoria e rotina. Equilibrar limites exige adapta\u00e7\u00e3o \u00e0 realidade das fam\u00edlias.\" \/>\n<meta property=\"og:url\" content=\"https:\/\/www.correiobraziliense.com.br\/cbradar\/familias-modernas-tem-mais-acesso-do-que-nunca-a-pesquisas-sobre-tempo-de-tela-atencao-e-saude-mental-infantil-mas-vivem-mais-conflitos-dentro-de-casa-por-causa-do-celular-e-do-tablet-e-o-ponto-cen\/\" \/>\n<meta property=\"og:site_name\" content=\"Correio Braziliense - Radar\" \/>\n<meta property=\"article:published_time\" content=\"2026-04-30T06:30:00+00:00\" \/>\n<meta property=\"og:image\" content=\"https:\/\/www.correiobraziliense.com.br\/cbradar\/wp-content\/uploads\/2026\/04\/Gemini_Generated_Image_pjk09rpjk09rpjk0-1-1.png\" \/>\n\t<meta property=\"og:image:width\" content=\"1280\" \/>\n\t<meta property=\"og:image:height\" content=\"720\" \/>\n\t<meta property=\"og:image:type\" content=\"image\/png\" \/>\n<meta name=\"author\" content=\"Patrick Silva\" \/>\n<meta name=\"twitter:card\" content=\"summary_large_image\" \/>\n<meta name=\"twitter:label1\" content=\"Escrito por\" \/>\n\t<meta name=\"twitter:data1\" content=\"Patrick Silva\" \/>\n\t<meta name=\"twitter:label2\" content=\"Est. tempo de leitura\" \/>\n\t<meta name=\"twitter:data2\" content=\"5 minutos\" \/>\n<!-- \/ Yoast SEO plugin. -->","yoast_head_json":{"title":"Fam\u00edlias modernas t\u00eam mais acesso do que nunca a pesquisas sobre tempo de tela, aten\u00e7\u00e3o e sa\u00fade mental infantil, mas vivem mais conflitos dentro de casa por causa do celular e do tablet, e o ponto central dessa contradi\u00e7\u00e3o est\u00e1 no abismo entre saber a recomenda\u00e7\u00e3o e conseguir aplic\u00e1-la no mundo real - Correio Braziliense - Radar","description":"Uso de telas na inf\u00e2ncia gera conflitos entre teoria e rotina. Equilibrar limites exige adapta\u00e7\u00e3o \u00e0 realidade das fam\u00edlias.","robots":{"index":"index","follow":"follow","max-snippet":"max-snippet:-1","max-image-preview":"max-image-preview:large","max-video-preview":"max-video-preview:-1"},"canonical":"https:\/\/www.correiobraziliense.com.br\/cbradar\/familias-modernas-tem-mais-acesso-do-que-nunca-a-pesquisas-sobre-tempo-de-tela-atencao-e-saude-mental-infantil-mas-vivem-mais-conflitos-dentro-de-casa-por-causa-do-celular-e-do-tablet-e-o-ponto-cen\/","og_locale":"pt_BR","og_type":"article","og_title":"Fam\u00edlias modernas t\u00eam mais acesso do que nunca a pesquisas sobre tempo de tela, aten\u00e7\u00e3o e sa\u00fade mental infantil, mas vivem mais conflitos dentro de casa por causa do celular e do tablet, e o ponto central dessa contradi\u00e7\u00e3o est\u00e1 no abismo entre saber a recomenda\u00e7\u00e3o e conseguir aplic\u00e1-la no mundo real - Correio Braziliense - Radar","og_description":"Uso de telas na inf\u00e2ncia gera conflitos entre teoria e rotina. Equilibrar limites exige adapta\u00e7\u00e3o \u00e0 realidade das fam\u00edlias.","og_url":"https:\/\/www.correiobraziliense.com.br\/cbradar\/familias-modernas-tem-mais-acesso-do-que-nunca-a-pesquisas-sobre-tempo-de-tela-atencao-e-saude-mental-infantil-mas-vivem-mais-conflitos-dentro-de-casa-por-causa-do-celular-e-do-tablet-e-o-ponto-cen\/","og_site_name":"Correio Braziliense - Radar","article_published_time":"2026-04-30T06:30:00+00:00","og_image":[{"width":1280,"height":720,"url":"https:\/\/www.correiobraziliense.com.br\/cbradar\/wp-content\/uploads\/2026\/04\/Gemini_Generated_Image_pjk09rpjk09rpjk0-1-1.png","type":"image\/png"}],"author":"Patrick Silva","twitter_card":"summary_large_image","twitter_misc":{"Escrito por":"Patrick Silva","Est. tempo de leitura":"5 minutos"},"schema":{"@context":"https:\/\/schema.org","@graph":[{"@type":"WebPage","@id":"https:\/\/www.correiobraziliense.com.br\/cbradar\/familias-modernas-tem-mais-acesso-do-que-nunca-a-pesquisas-sobre-tempo-de-tela-atencao-e-saude-mental-infantil-mas-vivem-mais-conflitos-dentro-de-casa-por-causa-do-celular-e-do-tablet-e-o-ponto-cen\/","url":"https:\/\/www.correiobraziliense.com.br\/cbradar\/familias-modernas-tem-mais-acesso-do-que-nunca-a-pesquisas-sobre-tempo-de-tela-atencao-e-saude-mental-infantil-mas-vivem-mais-conflitos-dentro-de-casa-por-causa-do-celular-e-do-tablet-e-o-ponto-cen\/","name":"Fam\u00edlias modernas t\u00eam mais acesso do que nunca a pesquisas sobre tempo de tela, aten\u00e7\u00e3o e sa\u00fade mental infantil, mas vivem mais conflitos dentro de casa por causa do celular e do tablet, e o ponto central dessa contradi\u00e7\u00e3o est\u00e1 no abismo entre saber a recomenda\u00e7\u00e3o e conseguir aplic\u00e1-la no mundo real - Correio Braziliense - Radar","isPartOf":{"@id":"https:\/\/www.correiobraziliense.com.br\/cbradar\/#website"},"primaryImageOfPage":{"@id":"https:\/\/www.correiobraziliense.com.br\/cbradar\/familias-modernas-tem-mais-acesso-do-que-nunca-a-pesquisas-sobre-tempo-de-tela-atencao-e-saude-mental-infantil-mas-vivem-mais-conflitos-dentro-de-casa-por-causa-do-celular-e-do-tablet-e-o-ponto-cen\/#primaryimage"},"image":{"@id":"https:\/\/www.correiobraziliense.com.br\/cbradar\/familias-modernas-tem-mais-acesso-do-que-nunca-a-pesquisas-sobre-tempo-de-tela-atencao-e-saude-mental-infantil-mas-vivem-mais-conflitos-dentro-de-casa-por-causa-do-celular-e-do-tablet-e-o-ponto-cen\/#primaryimage"},"thumbnailUrl":"https:\/\/www.correiobraziliense.com.br\/cbradar\/wp-content\/uploads\/2026\/04\/Gemini_Generated_Image_pjk09rpjk09rpjk0-1-1.png","datePublished":"2026-04-30T06:30:00+00:00","author":{"@id":"https:\/\/www.correiobraziliense.com.br\/cbradar\/#\/schema\/person\/5440b72be9c7eb74f446c846479dc4da"},"description":"Uso de telas na inf\u00e2ncia gera conflitos entre teoria e rotina. Equilibrar limites exige adapta\u00e7\u00e3o \u00e0 realidade das fam\u00edlias.","breadcrumb":{"@id":"https:\/\/www.correiobraziliense.com.br\/cbradar\/familias-modernas-tem-mais-acesso-do-que-nunca-a-pesquisas-sobre-tempo-de-tela-atencao-e-saude-mental-infantil-mas-vivem-mais-conflitos-dentro-de-casa-por-causa-do-celular-e-do-tablet-e-o-ponto-cen\/#breadcrumb"},"inLanguage":"pt-BR","potentialAction":[{"@type":"ReadAction","target":["https:\/\/www.correiobraziliense.com.br\/cbradar\/familias-modernas-tem-mais-acesso-do-que-nunca-a-pesquisas-sobre-tempo-de-tela-atencao-e-saude-mental-infantil-mas-vivem-mais-conflitos-dentro-de-casa-por-causa-do-celular-e-do-tablet-e-o-ponto-cen\/"]}]},{"@type":"ImageObject","inLanguage":"pt-BR","@id":"https:\/\/www.correiobraziliense.com.br\/cbradar\/familias-modernas-tem-mais-acesso-do-que-nunca-a-pesquisas-sobre-tempo-de-tela-atencao-e-saude-mental-infantil-mas-vivem-mais-conflitos-dentro-de-casa-por-causa-do-celular-e-do-tablet-e-o-ponto-cen\/#primaryimage","url":"https:\/\/www.correiobraziliense.com.br\/cbradar\/wp-content\/uploads\/2026\/04\/Gemini_Generated_Image_pjk09rpjk09rpjk0-1-1.png","contentUrl":"https:\/\/www.correiobraziliense.com.br\/cbradar\/wp-content\/uploads\/2026\/04\/Gemini_Generated_Image_pjk09rpjk09rpjk0-1-1.png","width":1280,"height":720,"caption":"Equilibrar o uso de telas na inf\u00e2ncia \u00e9 desafio na rotina das fam\u00edlias"},{"@type":"BreadcrumbList","@id":"https:\/\/www.correiobraziliense.com.br\/cbradar\/familias-modernas-tem-mais-acesso-do-que-nunca-a-pesquisas-sobre-tempo-de-tela-atencao-e-saude-mental-infantil-mas-vivem-mais-conflitos-dentro-de-casa-por-causa-do-celular-e-do-tablet-e-o-ponto-cen\/#breadcrumb","itemListElement":[{"@type":"ListItem","position":1,"name":"In\u00edcio","item":"https:\/\/www.correiobraziliense.com.br\/cbradar\/"},{"@type":"ListItem","position":2,"name":"Fam\u00edlias modernas t\u00eam mais acesso do que nunca a pesquisas sobre tempo de tela, aten\u00e7\u00e3o e sa\u00fade mental infantil, mas vivem mais conflitos dentro de casa por causa do celular e do tablet, e o ponto central dessa contradi\u00e7\u00e3o est\u00e1 no abismo entre saber a recomenda\u00e7\u00e3o e conseguir aplic\u00e1-la no mundo real"}]},{"@type":"WebSite","@id":"https:\/\/www.correiobraziliense.com.br\/cbradar\/#website","url":"https:\/\/www.correiobraziliense.com.br\/cbradar\/","name":"Correio Braziliense - Radar","description":"Acompanhe as \u00faltimas not\u00edcias e fique bem informado sobre tudo o que acontece no Brasil e no mundo.","potentialAction":[{"@type":"SearchAction","target":{"@type":"EntryPoint","urlTemplate":"https:\/\/www.correiobraziliense.com.br\/cbradar\/?s={search_term_string}"},"query-input":{"@type":"PropertyValueSpecification","valueRequired":true,"valueName":"search_term_string"}}],"inLanguage":"pt-BR"},{"@type":"Person","@id":"https:\/\/www.correiobraziliense.com.br\/cbradar\/#\/schema\/person\/5440b72be9c7eb74f446c846479dc4da","name":"Patrick Silva","image":{"@type":"ImageObject","inLanguage":"pt-BR","@id":"https:\/\/www.correiobraziliense.com.br\/cbradar\/#\/schema\/person\/image\/","url":"https:\/\/secure.gravatar.com\/avatar\/944109df296fc087785c9715fd5f80b2?s=96&d=mm&r=g","contentUrl":"https:\/\/secure.gravatar.com\/avatar\/944109df296fc087785c9715fd5f80b2?s=96&d=mm&r=g","caption":"Patrick Silva"},"sameAs":["https:\/\/www.correiobraziliense.com.br\/cbradar\/"],"url":"https:\/\/www.correiobraziliense.com.br\/cbradar\/author\/patrick-silva\/"}]}},"_links":{"self":[{"href":"https:\/\/www.correiobraziliense.com.br\/cbradar\/wp-json\/wp\/v2\/posts\/233963","targetHints":{"allow":["GET"]}}],"collection":[{"href":"https:\/\/www.correiobraziliense.com.br\/cbradar\/wp-json\/wp\/v2\/posts"}],"about":[{"href":"https:\/\/www.correiobraziliense.com.br\/cbradar\/wp-json\/wp\/v2\/types\/post"}],"author":[{"embeddable":true,"href":"https:\/\/www.correiobraziliense.com.br\/cbradar\/wp-json\/wp\/v2\/users\/21"}],"replies":[{"embeddable":true,"href":"https:\/\/www.correiobraziliense.com.br\/cbradar\/wp-json\/wp\/v2\/comments?post=233963"}],"version-history":[{"count":5,"href":"https:\/\/www.correiobraziliense.com.br\/cbradar\/wp-json\/wp\/v2\/posts\/233963\/revisions"}],"predecessor-version":[{"id":234258,"href":"https:\/\/www.correiobraziliense.com.br\/cbradar\/wp-json\/wp\/v2\/posts\/233963\/revisions\/234258"}],"wp:featuredmedia":[{"embeddable":true,"href":"https:\/\/www.correiobraziliense.com.br\/cbradar\/wp-json\/wp\/v2\/media\/233964"}],"wp:attachment":[{"href":"https:\/\/www.correiobraziliense.com.br\/cbradar\/wp-json\/wp\/v2\/media?parent=233963"}],"wp:term":[{"taxonomy":"category","embeddable":true,"href":"https:\/\/www.correiobraziliense.com.br\/cbradar\/wp-json\/wp\/v2\/categories?post=233963"},{"taxonomy":"post_tag","embeddable":true,"href":"https:\/\/www.correiobraziliense.com.br\/cbradar\/wp-json\/wp\/v2\/tags?post=233963"}],"curies":[{"name":"wp","href":"https:\/\/api.w.org\/{rel}","templated":true}]}}