{"id":233969,"date":"2026-04-30T06:15:00","date_gmt":"2026-04-30T09:15:00","guid":{"rendered":"https:\/\/www.correiobraziliense.com.br\/cbradar\/?p=233969"},"modified":"2026-04-29T15:51:57","modified_gmt":"2026-04-29T18:51:57","slug":"esses-3-signos-se-destacam-na-comunicacao-e-revelam-por-que-algumas-pessoas-falam-com-tanta-facilidade","status":"publish","type":"post","link":"https:\/\/www.correiobraziliense.com.br\/cbradar\/esses-3-signos-se-destacam-na-comunicacao-e-revelam-por-que-algumas-pessoas-falam-com-tanta-facilidade\/","title":{"rendered":"Esses 3 signos se destacam na comunica\u00e7\u00e3o e revelam por que algumas pessoas falam com tanta facilidade"},"content":{"rendered":"\n<p>A habilidade de articular pensamentos e conectar pessoas de forma natural n\u00e3o \u00e9 apenas um talento nato, mas uma caracter\u00edstica vibrante do elemento ar na astrologia. Os nativos de <strong>G\u00eameos<\/strong>, <strong>Libra<\/strong> e <strong>Aqu\u00e1rio<\/strong> possuem uma agilidade mental que transforma o di\u00e1logo em uma ferramenta poderosa de influ\u00eancia e compreens\u00e3o do mundo ao redor.<\/p>\n\n\n\n<h2 class=\"wp-block-heading\">A versatilidade mental de G\u00eameos na troca de informa\u00e7\u00f5es<\/h2>\n\n\n\n<p>O signo de <strong>G\u00eameos<\/strong> \u00e9 regido por <strong>Merc\u00fario<\/strong>, o planeta da comunica\u00e7\u00e3o, o que confere a esses indiv\u00edduos uma curiosidade insaci\u00e1vel e uma capacidade de adapta\u00e7\u00e3o impressionante. Eles conseguem transitar entre diferentes assuntos com extrema facilidade, funcionando como verdadeiras pontes que levam dados e novidades para todos os seus c\u00edrculos sociais de forma din\u00e2mica.<\/p>\n\n\n\n<p>Essa rapidez de racioc\u00ednio permite que o geminiano simplifique conceitos complexos, tornando a conversa acess\u00edvel e envolvente para qualquer tipo de p\u00fablico. Se voc\u00ea busca melhorar seu networking, observar como um nativo deste signo utiliza o <strong>humor<\/strong> e a <strong>curiosidade<\/strong> para quebrar o gelo pode ser uma li\u00e7\u00e3o pr\u00e1tica valiosa para sua vida profissional.<\/p>\n\n\n<div class=\"wp-block-image\">\n<figure class=\"aligncenter size-full\"><img decoding=\"async\" width=\"1280\" height=\"720\" src=\"https:\/\/www.correiobraziliense.com.br\/cbradar\/wp-content\/uploads\/2026\/04\/zodiac_1777435985587.jpg\" alt=\"\" class=\"wp-image-233973\" srcset=\"https:\/\/www.correiobraziliense.com.br\/cbradar\/wp-content\/uploads\/2026\/04\/zodiac_1777435985587.jpg 1280w, https:\/\/www.correiobraziliense.com.br\/cbradar\/wp-content\/uploads\/2026\/04\/zodiac_1777435985587-300x169.jpg 300w, https:\/\/www.correiobraziliense.com.br\/cbradar\/wp-content\/uploads\/2026\/04\/zodiac_1777435985587-768x432.jpg 768w, https:\/\/www.correiobraziliense.com.br\/cbradar\/wp-content\/uploads\/2026\/04\/zodiac_1777435985587-750x422.jpg 750w, https:\/\/www.correiobraziliense.com.br\/cbradar\/wp-content\/uploads\/2026\/04\/zodiac_1777435985587-1140x641.jpg 1140w\" sizes=\"(max-width: 1280px) 100vw, 1280px\" \/><figcaption class=\"wp-element-caption\">Essa rapidez de racioc\u00ednio permite que o geminiano simplifique conceitos complexos &#8211; Cr\u00e9ditos: depositphotos.com \/ sarayut<\/figcaption><\/figure><\/div>\n\n\n<p>Leia tamb\u00e9m: <a href=\"https:\/\/www.correiobraziliense.com.br\/cbradar\/3-signos-que-nao-gostam-de-dividir-atencao-e-acabam-sendo-os-mais-ciumentos\/\" target=\"_blank\" rel=\"noreferrer noopener\">3 signos que n\u00e3o gostam de dividir aten\u00e7\u00e3o e acabam sendo os mais ciumentos<\/a><\/p>\n\n\n\n<h2 class=\"wp-block-heading\">Libra e a diplomacia como ferramenta de conex\u00e3o social<\/h2>\n\n\n\n<p>Diferente da agita\u00e7\u00e3o geminiana, o signo de <strong>Libra<\/strong> utiliza a comunica\u00e7\u00e3o para buscar o equil\u00edbrio e a harmonia nas rela\u00e7\u00f5es interpessoais. Regidos por <strong>V\u00eanus<\/strong>, os librianos possuem um charme diplom\u00e1tico que os torna mestres na arte de ouvir e mediar conflitos, garantindo que todos os lados de uma quest\u00e3o sejam devidamente considerados.<\/p>\n\n\n\n<p>A facilidade de fala em <strong>Libra<\/strong> vem do desejo genu\u00edno de coopera\u00e7\u00e3o, utilizando palavras gentis e uma ret\u00f3rica polida para conquistar a confian\u00e7a das pessoas. Manter o <strong>contato visual<\/strong> e praticar a <strong>escuta ativa<\/strong> s\u00e3o t\u00e1ticas que esses nativos dominam, transformando intera\u00e7\u00f5es simples em la\u00e7os duradouros de amizade e parceria comercial.<\/p>\n\n\n\n<h2 class=\"wp-block-heading\">Aqu\u00e1rio e a vis\u00e3o vanguardista na transmiss\u00e3o de ideias<\/h2>\n\n\n\n<p>O signo de <strong>Aqu\u00e1rio<\/strong> encara a comunica\u00e7\u00e3o de uma perspectiva coletiva e inovadora, focando em ideias que possam transformar a sociedade ou o futuro. Por serem regidos por <strong>Urano<\/strong>, os aquarianos costumam ter um discurso original e disruptivo, muitas vezes antecipando tend\u00eancias e conceitos que a maioria das pessoas ainda n\u00e3o conseguiu processar totalmente.<\/p>\n\n\n\n<link href=\"https:\/\/fonts.googleapis.com\/css2?family=Inter:wght@400;600;700;800&#038;display=swap\" rel=\"stylesheet\">\n<style>\n\/* Prote\u00e7\u00e3o contra inje\u00e7\u00e3o do \"Veja Tamb\u00e9m\" (JNews inline related posts) *\/\n.rdp-pontos-wrapper .jnews_inline_related_post_wrapper,\n.rdp-pontos-wrapper .jnews_inline_related_post,\n.rdp-pontos-wrapper .jeg_postblock,\n.rdp-pontos-wrapper [class*=\"jnews_inline\"],\n.rdp-pontos-wrapper [class*=\"jeg_postblock\"],\n.rdp-pontos-wrapper [class*=\"jeg_block\"] {\n  display: none !important;\n  height: 0 !important;\n  max-height: 0 !important;\n  overflow: hidden !important;\n  visibility: hidden !important;\n  margin: 0 !important;\n  padding: 0 !important;\n  border: none !important;\n  font-size: 0 !important;\n  line-height: 0 !important;\n}\n.rdp-pontos-wrapper {\n  max-width: 100%;\n  margin: 32px 0;\n  background: #F8F9FA;\n  border: 1px solid #E0E0E0;\n  border-radius: 12px;\n  padding: 28px 28px 20px;\n  font-family: 'Inter', sans-serif;\n  box-shadow: 0 4px 20px rgba(47,195,238,0.12);\n  overflow: hidden;\n  contain: layout style;\n  isolation: isolate;\n  position: relative;\n  z-index: 1;\n}\n.rdp-pontos-wrapper > *:not(.rdp-pontos-title):not(.rdp-pontos-grid) {\n  display: none !important;\n  height: 0 !important;\n  overflow: hidden !important;\n  margin: 0 !important;\n  padding: 0 !important;\n  border: none !important;\n}\n.rdp-pontos-title {\n  font-family: 'Inter', sans-serif;\n  font-size: 20px;\n  font-weight: 800;\n  color: #1A1A1A;\n  margin: 0 0 20px 0;\n  line-height: 1.3;\n  text-align: center;\n}\n.rdp-pontos-grid {\n  display: grid;\n  grid-template-columns: repeat(2, 1fr);\n  gap: 18px;\n}\n.rdp-pontos-item {\n  background: #FFFFFF;\n  border: 1px solid #E0E0E0;\n  border-top: 3px solid #2FC3EE;\n  border-radius: 10px;\n  padding: 22px 20px;\n  box-shadow: 0 2px 10px rgba(47,195,238,0.10);\n  transition: box-shadow 0.3s ease, border-color 0.3s ease;\n  text-align: center;\n}\n.rdp-pontos-item:hover {\n  box-shadow: 0 4px 20px rgba(47,195,238,0.22);\n  border-color: #2FC3EE;\n}\n.rdp-pontos-emoji {\n  font-size: 32px;\n  line-height: 1;\n  margin-bottom: 12px;\n  display: block;\n  text-align: center;\n}\n.rdp-pontos-item-title {\n  font-size: 15px;\n  font-weight: 700;\n  color: #1A1A1A;\n  margin-bottom: 8px;\n  line-height: 1.3;\n}\n.rdp-pontos-item-desc {\n  font-size: 14px;\n  color: #333333;\n  line-height: 1.6;\n  margin: 0;\n}\n@media (max-width: 768px) {\n  .rdp-pontos-wrapper {\n    padding: 20px 16px 14px;\n  }\n  .rdp-pontos-grid {\n    grid-template-columns: 1fr;\n    gap: 14px;\n  }\n  .rdp-pontos-title {\n    font-size: 18px;\n  }\n}\n<\/style>\n\n<div class=\"rdp-pontos-wrapper\">\n  <div class=\"rdp-pontos-title\">Diretrizes para Impacto e Autenticidade<\/div>\n  <div class=\"rdp-pontos-grid\">\n    <div class=\"rdp-pontos-item\">\n      <span class=\"rdp-pontos-emoji\">\ud83e\udde0<\/span>\n      <div class=\"rdp-pontos-item-title\">Est\u00edmulo Intelectual<\/div>\n      <p class=\"rdp-pontos-item-desc\">Foque em temas que estimulem o intelecto e desenvolvam uma vis\u00e3o estrat\u00e9gica de futuro.<\/p>\n    <\/div>\n    <div class=\"rdp-pontos-item\">\n      <span class=\"rdp-pontos-emoji\">\u2728<\/span>\n      <div class=\"rdp-pontos-item-title\">Priorize a Autenticidade<\/div>\n      <p class=\"rdp-pontos-item-desc\">Seja verdadeiro consigo mesmo em vez de seguir roteiros sociais prontos ou expectativas alheias.<\/p>\n    <\/div>\n    <div class=\"rdp-pontos-item\">\n      <span class=\"rdp-pontos-emoji\">\ud83d\udcf1<\/span>\n      <div class=\"rdp-pontos-item-title\">Voz Ampliada<\/div>\n      <p class=\"rdp-pontos-item-desc\">Utilize a tecnologia e as redes sociais como ferramentas para ampliar o alcance da sua voz e ideias.<\/p>\n    <\/div>\n    <div class=\"rdp-pontos-item\">\n      <span class=\"rdp-pontos-emoji\">\u2696\ufe0f<\/span>\n      <div class=\"rdp-pontos-item-title\">Causas Coletivas<\/div>\n      <p class=\"rdp-pontos-item-desc\">Defenda pautas coletivas utilizando argumentos l\u00f3gicos, bem estruturados e fundamentados.<\/p>\n    <\/div>\n  <\/div>\n<\/div>\n<div style=\"clear:both;height:0;overflow:hidden;\"><\/div>\n\n\n\n<p>A fala de um aquariano \u00e9 direta e racional, evitando rodeios emocionais para garantir que a mensagem principal seja transmitida com clareza absoluta. Essa objetividade aliada ao <strong>pensamento cr\u00edtico<\/strong> faz com que eles se destaquem em debates e palestras, influenciando grandes grupos atrav\u00e9s da l\u00f3gica e da originalidade de seus pontos de vista.<\/p>\n\n\n\n<h2 class=\"wp-block-heading\">Por que os signos de ar possuem tanta facilidade com as palavras<\/h2>\n\n\n\n<p>O elemento ar governa o intelecto, a respira\u00e7\u00e3o e o movimento das ideias, o que explica por que <strong>G\u00eameos<\/strong>, <strong>Libra<\/strong> e <strong>Aqu\u00e1rio<\/strong> sentem uma necessidade quase f\u00edsica de se expressar. Para esses signos, a vida acontece primeiro no plano mental, e a fala \u00e9 o ve\u00edculo que permite materializar seus pensamentos e desejos no mundo real.<\/p>\n\n\n\n<p>Essa predisposi\u00e7\u00e3o astrol\u00f3gica facilita o aprendizado de novos idiomas e a atua\u00e7\u00e3o em carreiras ligadas ao jornalismo, marketing e educa\u00e7\u00e3o, onde a <strong>flu\u00eancia verbal<\/strong> \u00e9 essencial. Entender como esses arqu\u00e9tipos funcionam ajuda a identificar seus pr\u00f3prios pontos fortes na hora de se apresentar em p\u00fablico ou negociar projetos importantes na <strong>Am\u00e9rica Latina<\/strong>.<\/p>\n\n\n<div class=\"wp-block-image\">\n<figure class=\"aligncenter size-full\"><img decoding=\"async\" width=\"1280\" height=\"720\" src=\"https:\/\/www.correiobraziliense.com.br\/cbradar\/wp-content\/uploads\/2026\/04\/signo-Virgem-_1777345644229.jpg\" alt=\"\" class=\"wp-image-233353\" srcset=\"https:\/\/www.correiobraziliense.com.br\/cbradar\/wp-content\/uploads\/2026\/04\/signo-Virgem-_1777345644229.jpg 1280w, https:\/\/www.correiobraziliense.com.br\/cbradar\/wp-content\/uploads\/2026\/04\/signo-Virgem-_1777345644229-300x169.jpg 300w, https:\/\/www.correiobraziliense.com.br\/cbradar\/wp-content\/uploads\/2026\/04\/signo-Virgem-_1777345644229-768x432.jpg 768w, https:\/\/www.correiobraziliense.com.br\/cbradar\/wp-content\/uploads\/2026\/04\/signo-Virgem-_1777345644229-750x422.jpg 750w, https:\/\/www.correiobraziliense.com.br\/cbradar\/wp-content\/uploads\/2026\/04\/signo-Virgem-_1777345644229-1140x641.jpg 1140w\" sizes=\"(max-width: 1280px) 100vw, 1280px\" \/><figcaption class=\"wp-element-caption\">A for\u00e7a deste signo reside na disciplina inabal\u00e1vel e na paci\u00eancia para revisar cada etapa do caminho quantas vezes forem necess\u00e1rias  &#8211; Cr\u00e9ditos: depositphotos.com \/ asadiqova<\/figcaption><\/figure><\/div>\n\n\n<h2 class=\"wp-block-heading\">A maestria da fala como diferencial no sucesso pessoal<\/h2>\n\n\n\n<p>Dominar a arte da conversa\u00e7\u00e3o \u00e9 o que permite que esses tr\u00eas signos naveguem por crises e oportunidades com uma vantagem competitiva n\u00edtida em rela\u00e7\u00e3o aos outros elementos. A <strong>intelig\u00eancia social<\/strong> demonstrada pelo trio de ar serve como um guia para qualquer pessoa que deseje aprimorar sua presen\u00e7a e carisma em ambientes formais ou descontra\u00eddos.<\/p>\n\n\n\n<p>Desenvolver as habilidades de <strong>G\u00eameos<\/strong>, <strong>Libra<\/strong> e <strong>Aqu\u00e1rio<\/strong> requer pr\u00e1tica constante e abertura para o novo, permitindo que a troca de informa\u00e7\u00f5es flua sem barreiras ou preconceitos. Ao adotar uma postura mais comunicativa e mentalmente flex\u00edvel, voc\u00ea abre portas para novas conex\u00f5es que podem transformar radicalmente sua trajet\u00f3ria pessoal e profissional nos pr\u00f3ximos anos.<\/p>\n\n\n\n<p><\/p>\n","protected":false},"excerpt":{"rendered":"<p>A habilidade de articular pensamentos e conectar pessoas de forma natural n\u00e3o \u00e9 apenas um talento nato, mas uma caracter\u00edstica vibrante do elemento ar na astrologia. Os nativos de G\u00eameos, Libra e Aqu\u00e1rio possuem uma agilidade mental que transforma o di\u00e1logo em uma ferramenta poderosa de influ\u00eancia e compreens\u00e3o do mundo ao redor. A versatilidade [&hellip;]<\/p>\n","protected":false},"author":9,"featured_media":234364,"comment_status":"open","ping_status":"open","sticky":false,"template":"","format":"standard","meta":{"_yoast_wpseo_focuskw":"signo comunicativo","_yoast_wpseo_title":"","_yoast_wpseo_metadesc":"Signos com facilidade de comunica\u00e7\u00e3o se destacam ao criar conex\u00f5es, influenciar pessoas e se expressar com clareza.","jnews-multi-image_gallery":[],"jnews_single_post":{"format":"standard"},"jnews_primary_category":[],"jnews_social_meta":[],"jnews_override_counter":[],"footnotes":""},"categories":[112],"tags":[18359,1929],"class_list":["post-233969","post","type-post","status-publish","format-standard","has-post-thumbnail","hentry","category-curiosidades","tag-signo-comunicativo","tag-signos"],"yoast_head":"<!-- This site is optimized with the Yoast SEO plugin v24.6 - https:\/\/yoast.com\/wordpress\/plugins\/seo\/ -->\n<title>Esses 3 signos se destacam na comunica\u00e7\u00e3o e revelam por que algumas pessoas falam com tanta facilidade - Correio Braziliense - Radar<\/title>\n<meta name=\"description\" content=\"Signos com facilidade de comunica\u00e7\u00e3o se destacam ao criar conex\u00f5es, influenciar pessoas e se expressar com clareza.\" \/>\n<meta name=\"robots\" content=\"index, follow, max-snippet:-1, max-image-preview:large, max-video-preview:-1\" \/>\n<link rel=\"canonical\" href=\"https:\/\/www.correiobraziliense.com.br\/cbradar\/esses-3-signos-se-destacam-na-comunicacao-e-revelam-por-que-algumas-pessoas-falam-com-tanta-facilidade\/\" \/>\n<meta property=\"og:locale\" content=\"pt_BR\" \/>\n<meta property=\"og:type\" content=\"article\" \/>\n<meta property=\"og:title\" content=\"Esses 3 signos se destacam na comunica\u00e7\u00e3o e revelam por que algumas pessoas falam com tanta facilidade - Correio Braziliense - Radar\" \/>\n<meta property=\"og:description\" content=\"Signos com facilidade de comunica\u00e7\u00e3o se destacam ao criar conex\u00f5es, influenciar pessoas e se expressar com clareza.\" \/>\n<meta property=\"og:url\" content=\"https:\/\/www.correiobraziliense.com.br\/cbradar\/esses-3-signos-se-destacam-na-comunicacao-e-revelam-por-que-algumas-pessoas-falam-com-tanta-facilidade\/\" \/>\n<meta property=\"og:site_name\" content=\"Correio Braziliense - Radar\" \/>\n<meta property=\"article:published_time\" content=\"2026-04-30T09:15:00+00:00\" \/>\n<meta property=\"og:image\" content=\"https:\/\/www.correiobraziliense.com.br\/cbradar\/wp-content\/uploads\/2026\/04\/Brazilian_presenting_work_with_c\u2026_202604291546.jpg\" \/>\n\t<meta property=\"og:image:width\" content=\"1280\" \/>\n\t<meta property=\"og:image:height\" content=\"720\" \/>\n\t<meta property=\"og:image:type\" content=\"image\/jpeg\" \/>\n<meta name=\"author\" content=\"Daniely Cardoso\" \/>\n<meta name=\"twitter:card\" content=\"summary_large_image\" \/>\n<meta name=\"twitter:label1\" content=\"Escrito por\" \/>\n\t<meta name=\"twitter:data1\" content=\"Daniely Cardoso\" \/>\n\t<meta name=\"twitter:label2\" content=\"Est. tempo de leitura\" \/>\n\t<meta name=\"twitter:data2\" content=\"5 minutos\" \/>\n<!-- \/ Yoast SEO plugin. -->","yoast_head_json":{"title":"Esses 3 signos se destacam na comunica\u00e7\u00e3o e revelam por que algumas pessoas falam com tanta facilidade - Correio Braziliense - Radar","description":"Signos com facilidade de comunica\u00e7\u00e3o se destacam ao criar conex\u00f5es, influenciar pessoas e se expressar com clareza.","robots":{"index":"index","follow":"follow","max-snippet":"max-snippet:-1","max-image-preview":"max-image-preview:large","max-video-preview":"max-video-preview:-1"},"canonical":"https:\/\/www.correiobraziliense.com.br\/cbradar\/esses-3-signos-se-destacam-na-comunicacao-e-revelam-por-que-algumas-pessoas-falam-com-tanta-facilidade\/","og_locale":"pt_BR","og_type":"article","og_title":"Esses 3 signos se destacam na comunica\u00e7\u00e3o e revelam por que algumas pessoas falam com tanta facilidade - Correio Braziliense - Radar","og_description":"Signos com facilidade de comunica\u00e7\u00e3o se destacam ao criar conex\u00f5es, influenciar pessoas e se expressar com clareza.","og_url":"https:\/\/www.correiobraziliense.com.br\/cbradar\/esses-3-signos-se-destacam-na-comunicacao-e-revelam-por-que-algumas-pessoas-falam-com-tanta-facilidade\/","og_site_name":"Correio Braziliense - Radar","article_published_time":"2026-04-30T09:15:00+00:00","og_image":[{"width":1280,"height":720,"url":"https:\/\/www.correiobraziliense.com.br\/cbradar\/wp-content\/uploads\/2026\/04\/Brazilian_presenting_work_with_c\u2026_202604291546.jpg","type":"image\/jpeg"}],"author":"Daniely Cardoso","twitter_card":"summary_large_image","twitter_misc":{"Escrito por":"Daniely Cardoso","Est. tempo de leitura":"5 minutos"},"schema":{"@context":"https:\/\/schema.org","@graph":[{"@type":"WebPage","@id":"https:\/\/www.correiobraziliense.com.br\/cbradar\/esses-3-signos-se-destacam-na-comunicacao-e-revelam-por-que-algumas-pessoas-falam-com-tanta-facilidade\/","url":"https:\/\/www.correiobraziliense.com.br\/cbradar\/esses-3-signos-se-destacam-na-comunicacao-e-revelam-por-que-algumas-pessoas-falam-com-tanta-facilidade\/","name":"Esses 3 signos se destacam na comunica\u00e7\u00e3o e revelam por que algumas pessoas falam com tanta facilidade - Correio Braziliense - Radar","isPartOf":{"@id":"https:\/\/www.correiobraziliense.com.br\/cbradar\/#website"},"primaryImageOfPage":{"@id":"https:\/\/www.correiobraziliense.com.br\/cbradar\/esses-3-signos-se-destacam-na-comunicacao-e-revelam-por-que-algumas-pessoas-falam-com-tanta-facilidade\/#primaryimage"},"image":{"@id":"https:\/\/www.correiobraziliense.com.br\/cbradar\/esses-3-signos-se-destacam-na-comunicacao-e-revelam-por-que-algumas-pessoas-falam-com-tanta-facilidade\/#primaryimage"},"thumbnailUrl":"https:\/\/www.correiobraziliense.com.br\/cbradar\/wp-content\/uploads\/2026\/04\/Brazilian_presenting_work_with_c\u2026_202604291546.jpg","datePublished":"2026-04-30T09:15:00+00:00","author":{"@id":"https:\/\/www.correiobraziliense.com.br\/cbradar\/#\/schema\/person\/7356666e12ec0ee53f348ee5db227032"},"description":"Signos com facilidade de comunica\u00e7\u00e3o se destacam ao criar conex\u00f5es, influenciar pessoas e se expressar com clareza.","breadcrumb":{"@id":"https:\/\/www.correiobraziliense.com.br\/cbradar\/esses-3-signos-se-destacam-na-comunicacao-e-revelam-por-que-algumas-pessoas-falam-com-tanta-facilidade\/#breadcrumb"},"inLanguage":"pt-BR","potentialAction":[{"@type":"ReadAction","target":["https:\/\/www.correiobraziliense.com.br\/cbradar\/esses-3-signos-se-destacam-na-comunicacao-e-revelam-por-que-algumas-pessoas-falam-com-tanta-facilidade\/"]}]},{"@type":"ImageObject","inLanguage":"pt-BR","@id":"https:\/\/www.correiobraziliense.com.br\/cbradar\/esses-3-signos-se-destacam-na-comunicacao-e-revelam-por-que-algumas-pessoas-falam-com-tanta-facilidade\/#primaryimage","url":"https:\/\/www.correiobraziliense.com.br\/cbradar\/wp-content\/uploads\/2026\/04\/Brazilian_presenting_work_with_c\u2026_202604291546.jpg","contentUrl":"https:\/\/www.correiobraziliense.com.br\/cbradar\/wp-content\/uploads\/2026\/04\/Brazilian_presenting_work_with_c\u2026_202604291546.jpg","width":1280,"height":720,"caption":"Alguns signos s\u00e3o conhecidos pela facilidade em se comunicar"},{"@type":"BreadcrumbList","@id":"https:\/\/www.correiobraziliense.com.br\/cbradar\/esses-3-signos-se-destacam-na-comunicacao-e-revelam-por-que-algumas-pessoas-falam-com-tanta-facilidade\/#breadcrumb","itemListElement":[{"@type":"ListItem","position":1,"name":"In\u00edcio","item":"https:\/\/www.correiobraziliense.com.br\/cbradar\/"},{"@type":"ListItem","position":2,"name":"Esses 3 signos se destacam na comunica\u00e7\u00e3o e revelam por que algumas pessoas falam com tanta facilidade"}]},{"@type":"WebSite","@id":"https:\/\/www.correiobraziliense.com.br\/cbradar\/#website","url":"https:\/\/www.correiobraziliense.com.br\/cbradar\/","name":"Correio Braziliense - Radar","description":"Acompanhe as \u00faltimas not\u00edcias e fique bem informado sobre tudo o que acontece no Brasil e no mundo.","potentialAction":[{"@type":"SearchAction","target":{"@type":"EntryPoint","urlTemplate":"https:\/\/www.correiobraziliense.com.br\/cbradar\/?s={search_term_string}"},"query-input":{"@type":"PropertyValueSpecification","valueRequired":true,"valueName":"search_term_string"}}],"inLanguage":"pt-BR"},{"@type":"Person","@id":"https:\/\/www.correiobraziliense.com.br\/cbradar\/#\/schema\/person\/7356666e12ec0ee53f348ee5db227032","name":"Daniely Cardoso","image":{"@type":"ImageObject","inLanguage":"pt-BR","@id":"https:\/\/www.correiobraziliense.com.br\/cbradar\/#\/schema\/person\/image\/","url":"https:\/\/secure.gravatar.com\/avatar\/4b80ddbd124d1f071b626d52d62e5dff?s=96&d=mm&r=g","contentUrl":"https:\/\/secure.gravatar.com\/avatar\/4b80ddbd124d1f071b626d52d62e5dff?s=96&d=mm&r=g","caption":"Daniely Cardoso"},"description":"Redatora nos portais CB Radar e EM Foco, formada pela Universidade Federal de Goi\u00e1s, em Goi\u00e2nia. Apaixonada por comunica\u00e7\u00e3o, arte, decora\u00e7\u00e3o e tend\u00eancias, atuo na produ\u00e7\u00e3o de conte\u00fados envolventes sobre curiosidades, moda, beleza e paisagismo, sempre com um olhar atento \u00e0s novidades do momento.","sameAs":["https:\/\/www.correiobraziliense.com.br\/cbradar"],"url":"https:\/\/www.correiobraziliense.com.br\/cbradar\/author\/danielymyth\/"}]}},"_links":{"self":[{"href":"https:\/\/www.correiobraziliense.com.br\/cbradar\/wp-json\/wp\/v2\/posts\/233969","targetHints":{"allow":["GET"]}}],"collection":[{"href":"https:\/\/www.correiobraziliense.com.br\/cbradar\/wp-json\/wp\/v2\/posts"}],"about":[{"href":"https:\/\/www.correiobraziliense.com.br\/cbradar\/wp-json\/wp\/v2\/types\/post"}],"author":[{"embeddable":true,"href":"https:\/\/www.correiobraziliense.com.br\/cbradar\/wp-json\/wp\/v2\/users\/9"}],"replies":[{"embeddable":true,"href":"https:\/\/www.correiobraziliense.com.br\/cbradar\/wp-json\/wp\/v2\/comments?post=233969"}],"version-history":[{"count":1,"href":"https:\/\/www.correiobraziliense.com.br\/cbradar\/wp-json\/wp\/v2\/posts\/233969\/revisions"}],"predecessor-version":[{"id":233974,"href":"https:\/\/www.correiobraziliense.com.br\/cbradar\/wp-json\/wp\/v2\/posts\/233969\/revisions\/233974"}],"wp:featuredmedia":[{"embeddable":true,"href":"https:\/\/www.correiobraziliense.com.br\/cbradar\/wp-json\/wp\/v2\/media\/234364"}],"wp:attachment":[{"href":"https:\/\/www.correiobraziliense.com.br\/cbradar\/wp-json\/wp\/v2\/media?parent=233969"}],"wp:term":[{"taxonomy":"category","embeddable":true,"href":"https:\/\/www.correiobraziliense.com.br\/cbradar\/wp-json\/wp\/v2\/categories?post=233969"},{"taxonomy":"post_tag","embeddable":true,"href":"https:\/\/www.correiobraziliense.com.br\/cbradar\/wp-json\/wp\/v2\/tags?post=233969"}],"curies":[{"name":"wp","href":"https:\/\/api.w.org\/{rel}","templated":true}]}}