{"id":233987,"date":"2026-04-30T08:05:00","date_gmt":"2026-04-30T11:05:00","guid":{"rendered":"https:\/\/www.correiobraziliense.com.br\/cbradar\/?p=233987"},"modified":"2026-04-29T15:51:25","modified_gmt":"2026-04-29T18:51:25","slug":"os-tons-de-esmalte-que-vao-dominar-o-inverno-e-deixar-suas-maos-mais-sofisticadas","status":"publish","type":"post","link":"https:\/\/www.correiobraziliense.com.br\/cbradar\/os-tons-de-esmalte-que-vao-dominar-o-inverno-e-deixar-suas-maos-mais-sofisticadas\/","title":{"rendered":"Os tons de esmalte que v\u00e3o dominar o inverno e deixar suas m\u00e3os mais sofisticadas"},"content":{"rendered":"\n<p>A chegada das temperaturas baixas transforma n\u00e3o apenas o guarda-roupa, mas tamb\u00e9m as escolhas de beleza que definem a eleg\u00e2ncia feminina na esta\u00e7\u00e3o. Os <strong>esmaltes inverno<\/strong> ganham destaque por suas pigmenta\u00e7\u00f5es profundas e acabamentos luxuosos, que conferem um ar de mist\u00e9rio e refinamento imediato \u00e0s m\u00e3os de quem busca um visual impec\u00e1vel.<\/p>\n\n\n\n<h2 class=\"wp-block-heading\">O poder do vinho profundo na sofistica\u00e7\u00e3o invernal<\/h2>\n\n\n\n<p>O tom <strong>bord\u00f4<\/strong> ou vinho intenso continua sendo o protagonista absoluto quando o assunto \u00e9 eleg\u00e2ncia cl\u00e1ssica para os dias frios. Essa cor transmite uma imagem de seriedade e poder, harmonizando perfeitamente com casacos de l\u00e3 e acess\u00f3rios dourados, que s\u00e3o tend\u00eancia constante em cidades como <strong>Paris<\/strong> ou <strong>Londres<\/strong> durante o \u00e1pice do inverno.<\/p>\n\n\n\n<p>Al\u00e9m de ser visualmente atraente, o esmalte escuro ajuda a disfar\u00e7ar imperfei\u00e7\u00f5es na superf\u00edcie das unhas, proporcionando uma apar\u00eancia de <strong>m\u00e3os bem cuidadas<\/strong> por mais tempo. Para garantir um acabamento profissional, invista em uma camada generosa de extra brilho, que intensifica a profundidade do pigmento e protege a cor contra o descascamento precoce causado pelo uso de luvas.<\/p>\n\n\n<div class=\"wp-block-image\">\n<figure class=\"aligncenter size-full\"><img decoding=\"async\" width=\"1280\" height=\"720\" src=\"https:\/\/www.correiobraziliense.com.br\/cbradar\/wp-content\/uploads\/2026\/04\/esmalte-cor-vinho-1.jpg\" alt=\"\" class=\"wp-image-233988\" srcset=\"https:\/\/www.correiobraziliense.com.br\/cbradar\/wp-content\/uploads\/2026\/04\/esmalte-cor-vinho-1.jpg 1280w, https:\/\/www.correiobraziliense.com.br\/cbradar\/wp-content\/uploads\/2026\/04\/esmalte-cor-vinho-1-300x169.jpg 300w, https:\/\/www.correiobraziliense.com.br\/cbradar\/wp-content\/uploads\/2026\/04\/esmalte-cor-vinho-1-768x432.jpg 768w, https:\/\/www.correiobraziliense.com.br\/cbradar\/wp-content\/uploads\/2026\/04\/esmalte-cor-vinho-1-750x422.jpg 750w, https:\/\/www.correiobraziliense.com.br\/cbradar\/wp-content\/uploads\/2026\/04\/esmalte-cor-vinho-1-1140x641.jpg 1140w\" sizes=\"(max-width: 1280px) 100vw, 1280px\" \/><figcaption class=\"wp-element-caption\">O tom bord\u00f4 ou vinho intenso continua sendo o protagonista absoluto quando o assunto \u00e9 eleg\u00e2ncia <\/figcaption><\/figure><\/div>\n\n\n<h2 class=\"wp-block-heading\">A modernidade do cinza grafite e tons terrosos<\/h2>\n\n\n\n<p>Para quem deseja fugir do \u00f3bvio, o <strong>cinza grafite<\/strong> surge como uma alternativa contempor\u00e2nea e extremamente vers\u00e1til para o ambiente de trabalho e eventos noturnos. Esta tonalidade neutra, por\u00e9m marcante, comunica uma personalidade urbana e minimalista, sendo a escolha ideal para combinar com an\u00e9is de prata e looks monocrom\u00e1ticos que dominam a moda na <strong>Alemanha<\/strong>.<\/p>\n\n\n\n<p>Outra aposta certeira para a temporada s\u00e3o os tons de <strong>marrom chocolate<\/strong>, que evocam aconchego e naturalidade com um toque de luxo silencioso. Essas cores terrosas s\u00e3o excelentes para criar um contraste suave com a pele, mantendo a <strong>sofistica\u00e7\u00e3o<\/strong> sem a necessidade de recorrer a cores vibrantes que muitas vezes n\u00e3o harmonizam com a paleta s\u00f3bria t\u00edpica do inverno europeu.<\/p>\n\n\n\n<h2 class=\"wp-block-heading\">O charme atemporal do verde militar e esmeralda fechado<\/h2>\n\n\n\n<p>O <strong>verde escuro<\/strong>, especialmente nas varia\u00e7\u00f5es floresta ou militar, consolidou-se como um novo neutro que adiciona um ponto de cor estrat\u00e9gico sem perder a discri\u00e7\u00e3o. Essa cor \u00e9 perfeita para mulheres que possuem um estilo criativo, mas que n\u00e3o abrem m\u00e3o da <strong>eleg\u00e2ncia<\/strong> necess\u00e1ria para transitar em ambientes formais, mantendo as unhas sempre alinhadas \u00e0s tend\u00eancias globais.<\/p>\n\n\n\n<ul class=\"wp-block-list\">\n<li>Aplique duas camadas finas para evitar bolhas e garantir uma secagem r\u00e1pida.<\/li>\n\n\n\n<li>Hidrate as cut\u00edculas diariamente com \u00f3leos espec\u00edficos para evitar o ressecamento do frio.<\/li>\n\n\n\n<li>Combine a cor do esmalte com a subtonalidade da sua pele para um efeito mais harm\u00f4nico.<\/li>\n\n\n\n<li>Use bases fortalecedoras antes da esmalta\u00e7\u00e3o para proteger a queratina natural das unhas.<\/li>\n<\/ul>\n\n\n\n<figure class=\"wp-block-embed is-type-rich is-provider-pinterest wp-block-embed-pinterest\"><div class=\"wp-block-embed__wrapper\">\n<iframe loading=\"lazy\" title=\" \" src=\"https:\/\/assets.pinterest.com\/ext\/embed.html?id=134615476356612495&#038;src=oembed\" height=\"749\" width=\"450\" frameborder=\"0\" scrolling=\"no\" ><\/iframe>\n<\/div><\/figure>\n\n\n\n<p>A escolha do acabamento tamb\u00e9m influencia no resultado final, sendo que o efeito cremoso ainda supera o cintilante no quesito <strong>luxo visual<\/strong>. Experimentar diferentes formatos de unha, como o amendoado ou o quadrado suave, pode potencializar a beleza dessas cores, tornando suas m\u00e3os um acess\u00f3rio de destaque em qualquer composi\u00e7\u00e3o de inverno mais elaborada.<\/p>\n\n\n\n<h2 class=\"wp-block-heading\">Como manter a durabilidade do esmalte no clima frio<\/h2>\n\n\n\n<p>A durabilidade da esmalta\u00e7\u00e3o no inverno pode ser comprometida pelo ressecamento da pele e pelo contato frequente com \u00e1gua quente, que tende a levantar as bordas do produto. Para evitar esse problema, a <strong>finaliza\u00e7\u00e3o selante<\/strong> \u00e9 indispens\u00e1vel, criando uma barreira f\u00edsica que impede a entrada de umidade e mant\u00e9m o brilho espelhado caracter\u00edstico de uma manicure de alto padr\u00e3o.<\/p>\n\n\n\n<p>Manter as m\u00e3os hidratadas n\u00e3o \u00e9 apenas uma quest\u00e3o de sa\u00fade, mas um truque de estilo que faz com que qualquer cor de <strong>esmalte sofisticado<\/strong> ganhe mais vida e destaque. Cremes \u00e0 base de ureia ou manteiga de karit\u00e9 s\u00e3o os melhores aliados para prevenir o aspecto esbranqui\u00e7ado da derme, garantindo que a textura da pele acompanhe o refinamento das unhas pintadas.<\/p>\n\n\n\n<h2 class=\"wp-block-heading\">Tons neutros e escuros definem a est\u00e9tica da esta\u00e7\u00e3o<\/h2>\n\n\n\n<p>A transi\u00e7\u00e3o para os tons invernais reflete um desejo de introspec\u00e7\u00e3o e classe, onde o menos \u00e9 frequentemente mais no universo da beleza das m\u00e3os. Cores como o <strong>preto fosco<\/strong> ou o azul marinho profundo tamb\u00e9m aparecem como op\u00e7\u00f5es para quem n\u00e3o tem medo de ousar, mantendo sempre o rigor est\u00e9tico que a esta\u00e7\u00e3o exige para um visual completo e bem estruturado.<\/p>\n\n\n\n<p>Escolher o esmalte certo \u00e9 o detalhe final que une todos os elementos do seu estilo pessoal, transmitindo cuidado e aten\u00e7\u00e3o aos m\u00ednimos detalhes da sua imagem. Ao adotar essas sugest\u00f5es de cores, voc\u00ea garante que suas m\u00e3os estejam sempre prontas para qualquer ocasi\u00e3o, refletindo uma <strong>presen\u00e7a elegante<\/strong> e atualizada com as maiores refer\u00eancias de moda internacionais para o per\u00edodo de frio.<\/p>\n\n\n<div class=\"wp-block-image\">\n<figure class=\"aligncenter size-full\"><img decoding=\"async\" width=\"1280\" height=\"720\" src=\"https:\/\/www.correiobraziliense.com.br\/cbradar\/wp-content\/uploads\/2026\/03\/unha-amendoada.jpg\" alt=\"\" class=\"wp-image-213922\" srcset=\"https:\/\/www.correiobraziliense.com.br\/cbradar\/wp-content\/uploads\/2026\/03\/unha-amendoada.jpg 1280w, https:\/\/www.correiobraziliense.com.br\/cbradar\/wp-content\/uploads\/2026\/03\/unha-amendoada-300x169.jpg 300w, https:\/\/www.correiobraziliense.com.br\/cbradar\/wp-content\/uploads\/2026\/03\/unha-amendoada-768x432.jpg 768w, https:\/\/www.correiobraziliense.com.br\/cbradar\/wp-content\/uploads\/2026\/03\/unha-amendoada-750x422.jpg 750w, https:\/\/www.correiobraziliense.com.br\/cbradar\/wp-content\/uploads\/2026\/03\/unha-amendoada-1140x641.jpg 1140w\" sizes=\"(max-width: 1280px) 100vw, 1280px\" \/><figcaption class=\"wp-element-caption\">A transi\u00e7\u00e3o para os tons invernais reflete um desejo de introspec\u00e7\u00e3o e classe<\/figcaption><\/figure><\/div>\n\n\n<h2 class=\"wp-block-heading\">A versatilidade das unhas escuras no look cotidiano<\/h2>\n\n\n\n<p>Os tons escuros possuem a vantagem \u00fanica de combinar com praticamente qualquer cor de roupa, facilitando a rotina de quem possui uma agenda atribulada e precisa estar sempre apresent\u00e1vel. A <strong>sofistica\u00e7\u00e3o<\/strong> de um esmalte bem aplicado \u00e9 capaz de elevar at\u00e9 o visual mais b\u00e1sico, como jeans e tric\u00f4, transformando-o em uma produ\u00e7\u00e3o pensada e cheia de estilo para o dia a dia.<\/p>\n\n\n\n<p>N\u00e3o tenha receio de testar varia\u00e7\u00f5es dentro da mesma paleta de cores para descobrir qual tom de vinho ou cinza melhor se adapta ao seu estilo de vida e prefer\u00eancias. A moda de inverno \u00e9 um convite ao <strong>requinte<\/strong>, e suas unhas s\u00e3o o ponto de partida ideal para expressar sua personalidade com confian\u00e7a e beleza durante toda a temporada de baixas temperaturas.<\/p>\n","protected":false},"excerpt":{"rendered":"<p>A chegada das temperaturas baixas transforma n\u00e3o apenas o guarda-roupa, mas tamb\u00e9m as escolhas de beleza que definem a eleg\u00e2ncia feminina na esta\u00e7\u00e3o. Os esmaltes inverno ganham destaque por suas pigmenta\u00e7\u00f5es profundas e acabamentos luxuosos, que conferem um ar de mist\u00e9rio e refinamento imediato \u00e0s m\u00e3os de quem busca um visual impec\u00e1vel. O poder do [&hellip;]<\/p>\n","protected":false},"author":9,"featured_media":234368,"comment_status":"open","ping_status":"open","sticky":false,"template":"","format":"standard","meta":{"_yoast_wpseo_focuskw":"tons de esmalte","_yoast_wpseo_title":"","_yoast_wpseo_metadesc":"Veja as cores de esmalte que s\u00e3o tend\u00eancia no inverno e deixam suas unhas mais elegantes, sofisticadas e modernas em qualquer ocasi\u00e3o.","jnews-multi-image_gallery":[],"jnews_single_post":{"format":"standard"},"jnews_primary_category":[],"jnews_social_meta":[],"jnews_override_counter":[],"footnotes":""},"categories":[124],"tags":[1102,18365,18366],"class_list":["post-233987","post","type-post","status-publish","format-standard","has-post-thumbnail","hentry","category-beleza","tag-inverno","tag-tons-de-esmalte","tag-tons-terrosos"],"yoast_head":"<!-- This site is optimized with the Yoast SEO plugin v24.6 - https:\/\/yoast.com\/wordpress\/plugins\/seo\/ -->\n<title>Os tons de esmalte que v\u00e3o dominar o inverno e deixar suas m\u00e3os mais sofisticadas - Correio Braziliense - Radar<\/title>\n<meta name=\"description\" content=\"Veja as cores de esmalte que s\u00e3o tend\u00eancia no inverno e deixam suas unhas mais elegantes, sofisticadas e modernas em qualquer ocasi\u00e3o.\" \/>\n<meta name=\"robots\" content=\"index, follow, max-snippet:-1, max-image-preview:large, max-video-preview:-1\" \/>\n<link rel=\"canonical\" href=\"https:\/\/www.correiobraziliense.com.br\/cbradar\/os-tons-de-esmalte-que-vao-dominar-o-inverno-e-deixar-suas-maos-mais-sofisticadas\/\" \/>\n<meta property=\"og:locale\" content=\"pt_BR\" \/>\n<meta property=\"og:type\" content=\"article\" \/>\n<meta property=\"og:title\" content=\"Os tons de esmalte que v\u00e3o dominar o inverno e deixar suas m\u00e3os mais sofisticadas - Correio Braziliense - Radar\" \/>\n<meta property=\"og:description\" content=\"Veja as cores de esmalte que s\u00e3o tend\u00eancia no inverno e deixam suas unhas mais elegantes, sofisticadas e modernas em qualquer ocasi\u00e3o.\" \/>\n<meta property=\"og:url\" content=\"https:\/\/www.correiobraziliense.com.br\/cbradar\/os-tons-de-esmalte-que-vao-dominar-o-inverno-e-deixar-suas-maos-mais-sofisticadas\/\" \/>\n<meta property=\"og:site_name\" content=\"Correio Braziliense - Radar\" \/>\n<meta property=\"article:published_time\" content=\"2026-04-30T11:05:00+00:00\" \/>\n<meta property=\"og:image\" content=\"https:\/\/www.correiobraziliense.com.br\/cbradar\/wp-content\/uploads\/2026\/04\/Womans_hands_winter_clothes_202604291545.jpg\" \/>\n\t<meta property=\"og:image:width\" content=\"1280\" \/>\n\t<meta property=\"og:image:height\" content=\"720\" \/>\n\t<meta property=\"og:image:type\" content=\"image\/jpeg\" \/>\n<meta name=\"author\" content=\"Daniely Cardoso\" \/>\n<meta name=\"twitter:card\" content=\"summary_large_image\" \/>\n<meta name=\"twitter:label1\" content=\"Escrito por\" \/>\n\t<meta name=\"twitter:data1\" content=\"Daniely Cardoso\" \/>\n\t<meta name=\"twitter:label2\" content=\"Est. tempo de leitura\" \/>\n\t<meta name=\"twitter:data2\" content=\"6 minutos\" \/>\n<!-- \/ Yoast SEO plugin. -->","yoast_head_json":{"title":"Os tons de esmalte que v\u00e3o dominar o inverno e deixar suas m\u00e3os mais sofisticadas - Correio Braziliense - Radar","description":"Veja as cores de esmalte que s\u00e3o tend\u00eancia no inverno e deixam suas unhas mais elegantes, sofisticadas e modernas em qualquer ocasi\u00e3o.","robots":{"index":"index","follow":"follow","max-snippet":"max-snippet:-1","max-image-preview":"max-image-preview:large","max-video-preview":"max-video-preview:-1"},"canonical":"https:\/\/www.correiobraziliense.com.br\/cbradar\/os-tons-de-esmalte-que-vao-dominar-o-inverno-e-deixar-suas-maos-mais-sofisticadas\/","og_locale":"pt_BR","og_type":"article","og_title":"Os tons de esmalte que v\u00e3o dominar o inverno e deixar suas m\u00e3os mais sofisticadas - Correio Braziliense - Radar","og_description":"Veja as cores de esmalte que s\u00e3o tend\u00eancia no inverno e deixam suas unhas mais elegantes, sofisticadas e modernas em qualquer ocasi\u00e3o.","og_url":"https:\/\/www.correiobraziliense.com.br\/cbradar\/os-tons-de-esmalte-que-vao-dominar-o-inverno-e-deixar-suas-maos-mais-sofisticadas\/","og_site_name":"Correio Braziliense - Radar","article_published_time":"2026-04-30T11:05:00+00:00","og_image":[{"width":1280,"height":720,"url":"https:\/\/www.correiobraziliense.com.br\/cbradar\/wp-content\/uploads\/2026\/04\/Womans_hands_winter_clothes_202604291545.jpg","type":"image\/jpeg"}],"author":"Daniely Cardoso","twitter_card":"summary_large_image","twitter_misc":{"Escrito por":"Daniely Cardoso","Est. tempo de leitura":"6 minutos"},"schema":{"@context":"https:\/\/schema.org","@graph":[{"@type":"WebPage","@id":"https:\/\/www.correiobraziliense.com.br\/cbradar\/os-tons-de-esmalte-que-vao-dominar-o-inverno-e-deixar-suas-maos-mais-sofisticadas\/","url":"https:\/\/www.correiobraziliense.com.br\/cbradar\/os-tons-de-esmalte-que-vao-dominar-o-inverno-e-deixar-suas-maos-mais-sofisticadas\/","name":"Os tons de esmalte que v\u00e3o dominar o inverno e deixar suas m\u00e3os mais sofisticadas - Correio Braziliense - Radar","isPartOf":{"@id":"https:\/\/www.correiobraziliense.com.br\/cbradar\/#website"},"primaryImageOfPage":{"@id":"https:\/\/www.correiobraziliense.com.br\/cbradar\/os-tons-de-esmalte-que-vao-dominar-o-inverno-e-deixar-suas-maos-mais-sofisticadas\/#primaryimage"},"image":{"@id":"https:\/\/www.correiobraziliense.com.br\/cbradar\/os-tons-de-esmalte-que-vao-dominar-o-inverno-e-deixar-suas-maos-mais-sofisticadas\/#primaryimage"},"thumbnailUrl":"https:\/\/www.correiobraziliense.com.br\/cbradar\/wp-content\/uploads\/2026\/04\/Womans_hands_winter_clothes_202604291545.jpg","datePublished":"2026-04-30T11:05:00+00:00","author":{"@id":"https:\/\/www.correiobraziliense.com.br\/cbradar\/#\/schema\/person\/7356666e12ec0ee53f348ee5db227032"},"description":"Veja as cores de esmalte que s\u00e3o tend\u00eancia no inverno e deixam suas unhas mais elegantes, sofisticadas e modernas em qualquer ocasi\u00e3o.","breadcrumb":{"@id":"https:\/\/www.correiobraziliense.com.br\/cbradar\/os-tons-de-esmalte-que-vao-dominar-o-inverno-e-deixar-suas-maos-mais-sofisticadas\/#breadcrumb"},"inLanguage":"pt-BR","potentialAction":[{"@type":"ReadAction","target":["https:\/\/www.correiobraziliense.com.br\/cbradar\/os-tons-de-esmalte-que-vao-dominar-o-inverno-e-deixar-suas-maos-mais-sofisticadas\/"]}]},{"@type":"ImageObject","inLanguage":"pt-BR","@id":"https:\/\/www.correiobraziliense.com.br\/cbradar\/os-tons-de-esmalte-que-vao-dominar-o-inverno-e-deixar-suas-maos-mais-sofisticadas\/#primaryimage","url":"https:\/\/www.correiobraziliense.com.br\/cbradar\/wp-content\/uploads\/2026\/04\/Womans_hands_winter_clothes_202604291545.jpg","contentUrl":"https:\/\/www.correiobraziliense.com.br\/cbradar\/wp-content\/uploads\/2026\/04\/Womans_hands_winter_clothes_202604291545.jpg","width":1280,"height":720,"caption":"Tons escuros s\u00e3o tend\u00eancia forte no inverno"},{"@type":"BreadcrumbList","@id":"https:\/\/www.correiobraziliense.com.br\/cbradar\/os-tons-de-esmalte-que-vao-dominar-o-inverno-e-deixar-suas-maos-mais-sofisticadas\/#breadcrumb","itemListElement":[{"@type":"ListItem","position":1,"name":"In\u00edcio","item":"https:\/\/www.correiobraziliense.com.br\/cbradar\/"},{"@type":"ListItem","position":2,"name":"Os tons de esmalte que v\u00e3o dominar o inverno e deixar suas m\u00e3os mais sofisticadas"}]},{"@type":"WebSite","@id":"https:\/\/www.correiobraziliense.com.br\/cbradar\/#website","url":"https:\/\/www.correiobraziliense.com.br\/cbradar\/","name":"Correio Braziliense - Radar","description":"Acompanhe as \u00faltimas not\u00edcias e fique bem informado sobre tudo o que acontece no Brasil e no mundo.","potentialAction":[{"@type":"SearchAction","target":{"@type":"EntryPoint","urlTemplate":"https:\/\/www.correiobraziliense.com.br\/cbradar\/?s={search_term_string}"},"query-input":{"@type":"PropertyValueSpecification","valueRequired":true,"valueName":"search_term_string"}}],"inLanguage":"pt-BR"},{"@type":"Person","@id":"https:\/\/www.correiobraziliense.com.br\/cbradar\/#\/schema\/person\/7356666e12ec0ee53f348ee5db227032","name":"Daniely Cardoso","image":{"@type":"ImageObject","inLanguage":"pt-BR","@id":"https:\/\/www.correiobraziliense.com.br\/cbradar\/#\/schema\/person\/image\/","url":"https:\/\/secure.gravatar.com\/avatar\/4b80ddbd124d1f071b626d52d62e5dff?s=96&d=mm&r=g","contentUrl":"https:\/\/secure.gravatar.com\/avatar\/4b80ddbd124d1f071b626d52d62e5dff?s=96&d=mm&r=g","caption":"Daniely Cardoso"},"description":"Redatora nos portais CB Radar e EM Foco, formada pela Universidade Federal de Goi\u00e1s, em Goi\u00e2nia. Apaixonada por comunica\u00e7\u00e3o, arte, decora\u00e7\u00e3o e tend\u00eancias, atuo na produ\u00e7\u00e3o de conte\u00fados envolventes sobre curiosidades, moda, beleza e paisagismo, sempre com um olhar atento \u00e0s novidades do momento.","sameAs":["https:\/\/www.correiobraziliense.com.br\/cbradar"],"url":"https:\/\/www.correiobraziliense.com.br\/cbradar\/author\/danielymyth\/"}]}},"_links":{"self":[{"href":"https:\/\/www.correiobraziliense.com.br\/cbradar\/wp-json\/wp\/v2\/posts\/233987","targetHints":{"allow":["GET"]}}],"collection":[{"href":"https:\/\/www.correiobraziliense.com.br\/cbradar\/wp-json\/wp\/v2\/posts"}],"about":[{"href":"https:\/\/www.correiobraziliense.com.br\/cbradar\/wp-json\/wp\/v2\/types\/post"}],"author":[{"embeddable":true,"href":"https:\/\/www.correiobraziliense.com.br\/cbradar\/wp-json\/wp\/v2\/users\/9"}],"replies":[{"embeddable":true,"href":"https:\/\/www.correiobraziliense.com.br\/cbradar\/wp-json\/wp\/v2\/comments?post=233987"}],"version-history":[{"count":1,"href":"https:\/\/www.correiobraziliense.com.br\/cbradar\/wp-json\/wp\/v2\/posts\/233987\/revisions"}],"predecessor-version":[{"id":233989,"href":"https:\/\/www.correiobraziliense.com.br\/cbradar\/wp-json\/wp\/v2\/posts\/233987\/revisions\/233989"}],"wp:featuredmedia":[{"embeddable":true,"href":"https:\/\/www.correiobraziliense.com.br\/cbradar\/wp-json\/wp\/v2\/media\/234368"}],"wp:attachment":[{"href":"https:\/\/www.correiobraziliense.com.br\/cbradar\/wp-json\/wp\/v2\/media?parent=233987"}],"wp:term":[{"taxonomy":"category","embeddable":true,"href":"https:\/\/www.correiobraziliense.com.br\/cbradar\/wp-json\/wp\/v2\/categories?post=233987"},{"taxonomy":"post_tag","embeddable":true,"href":"https:\/\/www.correiobraziliense.com.br\/cbradar\/wp-json\/wp\/v2\/tags?post=233987"}],"curies":[{"name":"wp","href":"https:\/\/api.w.org\/{rel}","templated":true}]}}