{"id":233990,"date":"2026-04-30T09:25:00","date_gmt":"2026-04-30T12:25:00","guid":{"rendered":"https:\/\/www.correiobraziliense.com.br\/cbradar\/?p=233990"},"modified":"2026-04-29T15:41:24","modified_gmt":"2026-04-29T18:41:24","slug":"os-cortes-de-cabelo-que-vao-dominar-o-inverno-e-deixar-seu-rosto-mais-harmonioso","status":"publish","type":"post","link":"https:\/\/www.correiobraziliense.com.br\/cbradar\/os-cortes-de-cabelo-que-vao-dominar-o-inverno-e-deixar-seu-rosto-mais-harmonioso\/","title":{"rendered":"Os cortes de cabelo que v\u00e3o dominar o inverno e deixar seu rosto mais harmonioso"},"content":{"rendered":"\n<p>A chegada da esta\u00e7\u00e3o mais fria do ano \u00e9 o momento ideal para renovar o visual e investir em molduras que valorizem os tra\u00e7os faciais com eleg\u00e2ncia. Os <strong>cortes inverno<\/strong> ganham for\u00e7a por utilizarem o volume natural dos fios a favor da <strong>harmoniza\u00e7\u00e3o facial<\/strong>, permitindo que o rosto ganhe destaque mesmo com o uso de golas altas e cachec\u00f3is pesados.<\/p>\n\n\n\n<h2 class=\"wp-block-heading\">O retorno triunfal do Butterfly Cut para volume controlado<\/h2>\n\n\n\n<p>O <strong>Butterfly Cut<\/strong>, ou corte borboleta, consolidou-se como a escolha preferida de quem busca movimento e leveza sem abrir m\u00e3o do comprimento. Esse estilo utiliza camadas curtas no topo da cabe\u00e7a que se misturam a camadas mais longas, criando um efeito de <strong>moldura natural<\/strong> que suaviza linhas de express\u00e3o e valoriza as ma\u00e7\u00e3s do rosto de forma imediata.<\/p>\n\n\n\n<p>Este corte \u00e9 especialmente eficaz para equilibrar rostos redondos ou quadrados, pois o volume lateral ajuda a alongar a silhueta visual. Para manter a sofistica\u00e7\u00e3o na <strong>It\u00e1lia<\/strong> ou em qualquer clima temperado, a dica \u00e9 utilizar produtos finalizadores que combatam o frizz causado pela umidade do inverno, garantindo que as camadas permane\u00e7am definidas e brilhantes ao longo do dia.<\/p>\n\n\n<div class=\"wp-block-image\">\n<figure class=\"aligncenter size-full\"><img decoding=\"async\" width=\"1280\" height=\"720\" src=\"https:\/\/www.correiobraziliense.com.br\/cbradar\/wp-content\/uploads\/2026\/04\/Butterfly-Cut-.jpg\" alt=\"\" class=\"wp-image-233991\" srcset=\"https:\/\/www.correiobraziliense.com.br\/cbradar\/wp-content\/uploads\/2026\/04\/Butterfly-Cut-.jpg 1280w, https:\/\/www.correiobraziliense.com.br\/cbradar\/wp-content\/uploads\/2026\/04\/Butterfly-Cut--300x169.jpg 300w, https:\/\/www.correiobraziliense.com.br\/cbradar\/wp-content\/uploads\/2026\/04\/Butterfly-Cut--768x432.jpg 768w, https:\/\/www.correiobraziliense.com.br\/cbradar\/wp-content\/uploads\/2026\/04\/Butterfly-Cut--750x422.jpg 750w, https:\/\/www.correiobraziliense.com.br\/cbradar\/wp-content\/uploads\/2026\/04\/Butterfly-Cut--1140x641.jpg 1140w\" sizes=\"(max-width: 1280px) 100vw, 1280px\" \/><figcaption class=\"wp-element-caption\">O Butterfly Cut, ou corte borboleta, consolidou-se como a escolha preferida de quem busca movimento e leveza sem abrir m\u00e3o do comprimento<\/figcaption><\/figure><\/div>\n\n\n<p>Leia tamb\u00e9m: <a href=\"https:\/\/www.correiobraziliense.com.br\/cbradar\/4-cortes-de-cabelo-curto-que-ajudam-a-dar-mais-corpo-aos-fios-ralos-e-sem-volume\/\" target=\"_blank\" rel=\"noreferrer noopener\">4 cortes de cabelo curto que ajudam a dar mais corpo aos fios ralos e sem volume<\/a><\/p>\n\n\n\n<h2 class=\"wp-block-heading\">Curtain Bangs e a versatilidade das franjas cortina<\/h2>\n\n\n\n<p>As <strong>Curtain Bangs<\/strong> continuam sendo a solu\u00e7\u00e3o mais pr\u00e1tica para quem deseja mudar o visual sem uma transforma\u00e7\u00e3o radical na estrutura dos fios. Por serem divididas ao meio e levemente alongadas nas laterais, essas franjas criam uma transi\u00e7\u00e3o suave que disfar\u00e7a testas largas e real\u00e7a o olhar, proporcionando uma <strong>harmonia est\u00e9tica<\/strong> que combina com qualquer tipo de cabelo.<\/p>\n\n\n\n<p>A grande vantagem deste estilo no inverno \u00e9 a facilidade de estiliza\u00e7\u00e3o, j\u00e1 que ele se adapta bem tanto ao cabelo solto quanto aos penteados presos que fazemos para proteger o pesco\u00e7o do frio. Mantenha a franja sempre aparada para evitar que ela perca o formato original, utilizando uma <strong>escova redonda<\/strong> durante a secagem para garantir aquele caimento cl\u00e1ssico e volumoso das passarelas de <strong>Paris<\/strong>.<\/p>\n\n\n\n<h2 class=\"wp-block-heading\">O Blunt Bob como s\u00edmbolo de sofistica\u00e7\u00e3o minimalista<\/h2>\n\n\n\n<p>Para quem prefere os fios curtos, o <strong>Blunt Bob<\/strong> com base reta \u00e9 o corte que exala modernidade e eleg\u00e2ncia absoluta para a temporada de 2026. Este corte, geralmente na altura da mand\u00edbula, cria uma linha horizontal que define o maxilar, sendo uma excelente op\u00e7\u00e3o de <strong>visagismo<\/strong> para quem possui o rosto em formato de cora\u00e7\u00e3o ou oval.<\/p>\n\n\n\n<ul class=\"wp-block-list\">\n<li>Use protetor t\u00e9rmico antes de utilizar o secador para evitar o ressecamento excessivo.<\/li>\n\n\n\n<li>Aplique \u00f3leos finalizadores nas pontas para manter a <strong>base reta<\/strong> sempre selada.<\/li>\n\n\n\n<li>Evite lavar o cabelo com \u00e1gua muito quente para n\u00e3o retirar a oleosidade natural.<\/li>\n\n\n\n<li>Fa\u00e7a hidrata\u00e7\u00f5es semanais para compensar o ressecamento t\u00edpico do ar gelado.<\/li>\n<\/ul>\n\n\n\n<figure class=\"wp-block-embed is-type-rich is-provider-pinterest wp-block-embed-pinterest\"><div class=\"wp-block-embed__wrapper\">\n<iframe loading=\"lazy\" title=\"Blunt Bob Haircuts 2025: 20 Ideas for the Perfect Blunt Bob Hair\" src=\"https:\/\/assets.pinterest.com\/ext\/embed.html?id=731131320791035588&#038;src=oembed\" height=\"899\" width=\"450\" frameborder=\"0\" scrolling=\"no\" ><\/iframe>\n<\/div><\/figure>\n\n\n\n<p>O acabamento polido deste corte exige uma manuten\u00e7\u00e3o frequente das pontas, mas o resultado compensa pela facilidade em combinar com looks estruturados e maquiagens mais marcantes. A <strong>texturiza\u00e7\u00e3o<\/strong> \u00e9 a chave para variar o estilo, permitindo que o Blunt Bob transite de um visual extremamente liso e s\u00e9rio para ondas despojadas que trazem jovialidade e frescor ao inverno.<\/p>\n\n\n\n<h2 class=\"wp-block-heading\">Long Bob acobreado une cor e corte para brilho intenso<\/h2>\n\n\n\n<p>O <strong>Long Bob<\/strong> permanece como um cl\u00e1ssico imbat\u00edvel pela sua capacidade de se adaptar a diferentes texturas, mas ganha um novo f\u00f4lego quando aliado a tons quentes como o mel ou acobreado. Essa combina\u00e7\u00e3o \u00e9 perfeita para o inverno, pois as cores quentes devolvem o vi\u00e7o \u00e0 pele que costuma ficar mais p\u00e1lida no frio, potencializando a <strong>harmonia crom\u00e1tica<\/strong> de todo o conjunto visual.<\/p>\n\n\n\n<p>A inclina\u00e7\u00e3o sutil na parte frontal do Long Bob ajuda a afinar o rosto, enquanto o comprimento m\u00e9dio oferece seguran\u00e7a para quem ainda tem receio de cortar muito curto. \u00c9 uma escolha segura e atemporal para mulheres que ocupam cargos de lideran\u00e7a ou que circulam em ambientes formais, transmitindo uma imagem de <strong>credibilidade<\/strong> e extremo bom gosto em qualquer ocasi\u00e3o da vida moderna.<\/p>\n\n\n<div class=\"wp-block-image\">\n<figure class=\"aligncenter size-full\"><img decoding=\"async\" width=\"1280\" height=\"720\" src=\"https:\/\/www.correiobraziliense.com.br\/cbradar\/wp-content\/uploads\/2026\/04\/long-bob.jpg\" alt=\"\" class=\"wp-image-233992\" srcset=\"https:\/\/www.correiobraziliense.com.br\/cbradar\/wp-content\/uploads\/2026\/04\/long-bob.jpg 1280w, https:\/\/www.correiobraziliense.com.br\/cbradar\/wp-content\/uploads\/2026\/04\/long-bob-300x169.jpg 300w, https:\/\/www.correiobraziliense.com.br\/cbradar\/wp-content\/uploads\/2026\/04\/long-bob-768x432.jpg 768w, https:\/\/www.correiobraziliense.com.br\/cbradar\/wp-content\/uploads\/2026\/04\/long-bob-750x422.jpg 750w, https:\/\/www.correiobraziliense.com.br\/cbradar\/wp-content\/uploads\/2026\/04\/long-bob-1140x641.jpg 1140w\" sizes=\"(max-width: 1280px) 100vw, 1280px\" \/><figcaption class=\"wp-element-caption\">O Long Bob permanece como um cl\u00e1ssico imbat\u00edvel pela sua capacidade de se adaptar a diferentes texturas<\/figcaption><\/figure><\/div>\n\n\n<h2 class=\"wp-block-heading\">Cuidados espec\u00edficos para manter o corte impec\u00e1vel no frio<\/h2>\n\n\n\n<p>Manter a sa\u00fade capilar no inverno \u00e9 fundamental para que o corte escolhido mantenha sua forma e balan\u00e7o originais, j\u00e1 que o uso frequente de secadores e chapinhas pode danificar as cut\u00edculas. Investir em um bom <strong>cronograma capilar<\/strong> focado em nutri\u00e7\u00e3o garante que o fio tenha peso e brilho, evitando o efeito &#8220;nuvem&#8221; que pode esconder os detalhes e as camadas do seu novo estilo.<\/p>\n\n\n\n<p>Lembre-se de que um rosto harmonioso depende n\u00e3o apenas do desenho do corte, mas da vitalidade do cabelo como um todo, refletindo seus h\u00e1bitos de cuidado e bem-estar. Escolha o estilo que melhor se conecta com sua personalidade e aproveite as temperaturas baixas para desfilar um visual renovado, cheio de <strong>personalidade<\/strong> e alinhado com as maiores tend\u00eancias de beleza de 2026.<\/p>\n","protected":false},"excerpt":{"rendered":"<p>A chegada da esta\u00e7\u00e3o mais fria do ano \u00e9 o momento ideal para renovar o visual e investir em molduras que valorizem os tra\u00e7os faciais com eleg\u00e2ncia. Os cortes inverno ganham for\u00e7a por utilizarem o volume natural dos fios a favor da harmoniza\u00e7\u00e3o facial, permitindo que o rosto ganhe destaque mesmo com o uso de [&hellip;]<\/p>\n","protected":false},"author":9,"featured_media":234363,"comment_status":"open","ping_status":"open","sticky":false,"template":"","format":"standard","meta":{"_yoast_wpseo_focuskw":"cortes de cabelo","_yoast_wpseo_title":"","_yoast_wpseo_metadesc":"Veja os cortes de cabelo que est\u00e3o em alta no inverno e ajudam a valorizar o rosto com estilo, volume e sofistica\u00e7\u00e3o","jnews-multi-image_gallery":[],"jnews_single_post":{"format":"standard"},"jnews_primary_category":[],"jnews_social_meta":[],"jnews_override_counter":[],"footnotes":""},"categories":[124],"tags":[126,5204,18367],"class_list":["post-233990","post","type-post","status-publish","format-standard","has-post-thumbnail","hentry","category-beleza","tag-cabelo","tag-cortes-de-cabelo","tag-cortes-em-alta"],"yoast_head":"<!-- This site is optimized with the Yoast SEO plugin v24.6 - https:\/\/yoast.com\/wordpress\/plugins\/seo\/ -->\n<title>Os cortes de cabelo que v\u00e3o dominar o inverno e deixar seu rosto mais harmonioso - Correio Braziliense - Radar<\/title>\n<meta name=\"description\" content=\"Veja os cortes de cabelo que est\u00e3o em alta no inverno e ajudam a valorizar o rosto com estilo, volume e sofistica\u00e7\u00e3o\" \/>\n<meta name=\"robots\" content=\"index, follow, max-snippet:-1, max-image-preview:large, max-video-preview:-1\" \/>\n<link rel=\"canonical\" href=\"https:\/\/www.correiobraziliense.com.br\/cbradar\/os-cortes-de-cabelo-que-vao-dominar-o-inverno-e-deixar-seu-rosto-mais-harmonioso\/\" \/>\n<meta property=\"og:locale\" content=\"pt_BR\" \/>\n<meta property=\"og:type\" content=\"article\" \/>\n<meta property=\"og:title\" content=\"Os cortes de cabelo que v\u00e3o dominar o inverno e deixar seu rosto mais harmonioso - Correio Braziliense - Radar\" \/>\n<meta property=\"og:description\" content=\"Veja os cortes de cabelo que est\u00e3o em alta no inverno e ajudam a valorizar o rosto com estilo, volume e sofistica\u00e7\u00e3o\" \/>\n<meta property=\"og:url\" content=\"https:\/\/www.correiobraziliense.com.br\/cbradar\/os-cortes-de-cabelo-que-vao-dominar-o-inverno-e-deixar-seu-rosto-mais-harmonioso\/\" \/>\n<meta property=\"og:site_name\" content=\"Correio Braziliense - Radar\" \/>\n<meta property=\"article:published_time\" content=\"2026-04-30T12:25:00+00:00\" \/>\n<meta property=\"og:image\" content=\"https:\/\/www.correiobraziliense.com.br\/cbradar\/wp-content\/uploads\/2026\/04\/Tesoura_cortando_cabelo_medio_202604291539.jpg\" \/>\n\t<meta property=\"og:image:width\" content=\"1280\" \/>\n\t<meta property=\"og:image:height\" content=\"720\" \/>\n\t<meta property=\"og:image:type\" content=\"image\/jpeg\" \/>\n<meta name=\"author\" content=\"Daniely Cardoso\" \/>\n<meta name=\"twitter:card\" content=\"summary_large_image\" \/>\n<meta name=\"twitter:label1\" content=\"Escrito por\" \/>\n\t<meta name=\"twitter:data1\" content=\"Daniely Cardoso\" \/>\n\t<meta name=\"twitter:label2\" content=\"Est. tempo de leitura\" \/>\n\t<meta name=\"twitter:data2\" content=\"5 minutos\" \/>\n<!-- \/ Yoast SEO plugin. -->","yoast_head_json":{"title":"Os cortes de cabelo que v\u00e3o dominar o inverno e deixar seu rosto mais harmonioso - Correio Braziliense - Radar","description":"Veja os cortes de cabelo que est\u00e3o em alta no inverno e ajudam a valorizar o rosto com estilo, volume e sofistica\u00e7\u00e3o","robots":{"index":"index","follow":"follow","max-snippet":"max-snippet:-1","max-image-preview":"max-image-preview:large","max-video-preview":"max-video-preview:-1"},"canonical":"https:\/\/www.correiobraziliense.com.br\/cbradar\/os-cortes-de-cabelo-que-vao-dominar-o-inverno-e-deixar-seu-rosto-mais-harmonioso\/","og_locale":"pt_BR","og_type":"article","og_title":"Os cortes de cabelo que v\u00e3o dominar o inverno e deixar seu rosto mais harmonioso - Correio Braziliense - Radar","og_description":"Veja os cortes de cabelo que est\u00e3o em alta no inverno e ajudam a valorizar o rosto com estilo, volume e sofistica\u00e7\u00e3o","og_url":"https:\/\/www.correiobraziliense.com.br\/cbradar\/os-cortes-de-cabelo-que-vao-dominar-o-inverno-e-deixar-seu-rosto-mais-harmonioso\/","og_site_name":"Correio Braziliense - Radar","article_published_time":"2026-04-30T12:25:00+00:00","og_image":[{"width":1280,"height":720,"url":"https:\/\/www.correiobraziliense.com.br\/cbradar\/wp-content\/uploads\/2026\/04\/Tesoura_cortando_cabelo_medio_202604291539.jpg","type":"image\/jpeg"}],"author":"Daniely Cardoso","twitter_card":"summary_large_image","twitter_misc":{"Escrito por":"Daniely Cardoso","Est. tempo de leitura":"5 minutos"},"schema":{"@context":"https:\/\/schema.org","@graph":[{"@type":"WebPage","@id":"https:\/\/www.correiobraziliense.com.br\/cbradar\/os-cortes-de-cabelo-que-vao-dominar-o-inverno-e-deixar-seu-rosto-mais-harmonioso\/","url":"https:\/\/www.correiobraziliense.com.br\/cbradar\/os-cortes-de-cabelo-que-vao-dominar-o-inverno-e-deixar-seu-rosto-mais-harmonioso\/","name":"Os cortes de cabelo que v\u00e3o dominar o inverno e deixar seu rosto mais harmonioso - Correio Braziliense - Radar","isPartOf":{"@id":"https:\/\/www.correiobraziliense.com.br\/cbradar\/#website"},"primaryImageOfPage":{"@id":"https:\/\/www.correiobraziliense.com.br\/cbradar\/os-cortes-de-cabelo-que-vao-dominar-o-inverno-e-deixar-seu-rosto-mais-harmonioso\/#primaryimage"},"image":{"@id":"https:\/\/www.correiobraziliense.com.br\/cbradar\/os-cortes-de-cabelo-que-vao-dominar-o-inverno-e-deixar-seu-rosto-mais-harmonioso\/#primaryimage"},"thumbnailUrl":"https:\/\/www.correiobraziliense.com.br\/cbradar\/wp-content\/uploads\/2026\/04\/Tesoura_cortando_cabelo_medio_202604291539.jpg","datePublished":"2026-04-30T12:25:00+00:00","author":{"@id":"https:\/\/www.correiobraziliense.com.br\/cbradar\/#\/schema\/person\/7356666e12ec0ee53f348ee5db227032"},"description":"Veja os cortes de cabelo que est\u00e3o em alta no inverno e ajudam a valorizar o rosto com estilo, volume e sofistica\u00e7\u00e3o","breadcrumb":{"@id":"https:\/\/www.correiobraziliense.com.br\/cbradar\/os-cortes-de-cabelo-que-vao-dominar-o-inverno-e-deixar-seu-rosto-mais-harmonioso\/#breadcrumb"},"inLanguage":"pt-BR","potentialAction":[{"@type":"ReadAction","target":["https:\/\/www.correiobraziliense.com.br\/cbradar\/os-cortes-de-cabelo-que-vao-dominar-o-inverno-e-deixar-seu-rosto-mais-harmonioso\/"]}]},{"@type":"ImageObject","inLanguage":"pt-BR","@id":"https:\/\/www.correiobraziliense.com.br\/cbradar\/os-cortes-de-cabelo-que-vao-dominar-o-inverno-e-deixar-seu-rosto-mais-harmonioso\/#primaryimage","url":"https:\/\/www.correiobraziliense.com.br\/cbradar\/wp-content\/uploads\/2026\/04\/Tesoura_cortando_cabelo_medio_202604291539.jpg","contentUrl":"https:\/\/www.correiobraziliense.com.br\/cbradar\/wp-content\/uploads\/2026\/04\/Tesoura_cortando_cabelo_medio_202604291539.jpg","width":1280,"height":720,"caption":"Escolher o corte certo valoriza os tra\u00e7os faciais"},{"@type":"BreadcrumbList","@id":"https:\/\/www.correiobraziliense.com.br\/cbradar\/os-cortes-de-cabelo-que-vao-dominar-o-inverno-e-deixar-seu-rosto-mais-harmonioso\/#breadcrumb","itemListElement":[{"@type":"ListItem","position":1,"name":"In\u00edcio","item":"https:\/\/www.correiobraziliense.com.br\/cbradar\/"},{"@type":"ListItem","position":2,"name":"Os cortes de cabelo que v\u00e3o dominar o inverno e deixar seu rosto mais harmonioso"}]},{"@type":"WebSite","@id":"https:\/\/www.correiobraziliense.com.br\/cbradar\/#website","url":"https:\/\/www.correiobraziliense.com.br\/cbradar\/","name":"Correio Braziliense - Radar","description":"Acompanhe as \u00faltimas not\u00edcias e fique bem informado sobre tudo o que acontece no Brasil e no mundo.","potentialAction":[{"@type":"SearchAction","target":{"@type":"EntryPoint","urlTemplate":"https:\/\/www.correiobraziliense.com.br\/cbradar\/?s={search_term_string}"},"query-input":{"@type":"PropertyValueSpecification","valueRequired":true,"valueName":"search_term_string"}}],"inLanguage":"pt-BR"},{"@type":"Person","@id":"https:\/\/www.correiobraziliense.com.br\/cbradar\/#\/schema\/person\/7356666e12ec0ee53f348ee5db227032","name":"Daniely Cardoso","image":{"@type":"ImageObject","inLanguage":"pt-BR","@id":"https:\/\/www.correiobraziliense.com.br\/cbradar\/#\/schema\/person\/image\/","url":"https:\/\/secure.gravatar.com\/avatar\/4b80ddbd124d1f071b626d52d62e5dff?s=96&d=mm&r=g","contentUrl":"https:\/\/secure.gravatar.com\/avatar\/4b80ddbd124d1f071b626d52d62e5dff?s=96&d=mm&r=g","caption":"Daniely Cardoso"},"description":"Redatora nos portais CB Radar e EM Foco, formada pela Universidade Federal de Goi\u00e1s, em Goi\u00e2nia. Apaixonada por comunica\u00e7\u00e3o, arte, decora\u00e7\u00e3o e tend\u00eancias, atuo na produ\u00e7\u00e3o de conte\u00fados envolventes sobre curiosidades, moda, beleza e paisagismo, sempre com um olhar atento \u00e0s novidades do momento.","sameAs":["https:\/\/www.correiobraziliense.com.br\/cbradar"],"url":"https:\/\/www.correiobraziliense.com.br\/cbradar\/author\/danielymyth\/"}]}},"_links":{"self":[{"href":"https:\/\/www.correiobraziliense.com.br\/cbradar\/wp-json\/wp\/v2\/posts\/233990","targetHints":{"allow":["GET"]}}],"collection":[{"href":"https:\/\/www.correiobraziliense.com.br\/cbradar\/wp-json\/wp\/v2\/posts"}],"about":[{"href":"https:\/\/www.correiobraziliense.com.br\/cbradar\/wp-json\/wp\/v2\/types\/post"}],"author":[{"embeddable":true,"href":"https:\/\/www.correiobraziliense.com.br\/cbradar\/wp-json\/wp\/v2\/users\/9"}],"replies":[{"embeddable":true,"href":"https:\/\/www.correiobraziliense.com.br\/cbradar\/wp-json\/wp\/v2\/comments?post=233990"}],"version-history":[{"count":1,"href":"https:\/\/www.correiobraziliense.com.br\/cbradar\/wp-json\/wp\/v2\/posts\/233990\/revisions"}],"predecessor-version":[{"id":233993,"href":"https:\/\/www.correiobraziliense.com.br\/cbradar\/wp-json\/wp\/v2\/posts\/233990\/revisions\/233993"}],"wp:featuredmedia":[{"embeddable":true,"href":"https:\/\/www.correiobraziliense.com.br\/cbradar\/wp-json\/wp\/v2\/media\/234363"}],"wp:attachment":[{"href":"https:\/\/www.correiobraziliense.com.br\/cbradar\/wp-json\/wp\/v2\/media?parent=233990"}],"wp:term":[{"taxonomy":"category","embeddable":true,"href":"https:\/\/www.correiobraziliense.com.br\/cbradar\/wp-json\/wp\/v2\/categories?post=233990"},{"taxonomy":"post_tag","embeddable":true,"href":"https:\/\/www.correiobraziliense.com.br\/cbradar\/wp-json\/wp\/v2\/tags?post=233990"}],"curies":[{"name":"wp","href":"https:\/\/api.w.org\/{rel}","templated":true}]}}