{"id":233994,"date":"2026-04-30T10:05:00","date_gmt":"2026-04-30T13:05:00","guid":{"rendered":"https:\/\/www.correiobraziliense.com.br\/cbradar\/?p=233994"},"modified":"2026-04-29T15:41:07","modified_gmt":"2026-04-29T18:41:07","slug":"as-cores-de-batom-que-vao-dominar-os-dias-frios-e-deixar-seu-visual-mais-chique-sem-esforco","status":"publish","type":"post","link":"https:\/\/www.correiobraziliense.com.br\/cbradar\/as-cores-de-batom-que-vao-dominar-os-dias-frios-e-deixar-seu-visual-mais-chique-sem-esforco\/","title":{"rendered":"As cores de batom que v\u00e3o dominar os dias frios e deixar seu visual mais chique sem esfor\u00e7o"},"content":{"rendered":"\n<p>A queda das temperaturas convida a uma maquiagem mais elaborada, onde os l\u00e1bios ganham o protagonismo absoluto para transformar qualquer produ\u00e7\u00e3o b\u00e1sica em algo sofisticado. O <strong>batom inverno<\/strong> \u00e9 a ferramenta mais pr\u00e1tica para quem deseja transmitir eleg\u00e2ncia imediata, utilizando cores que contrastam com a pele e complementam os tecidos pesados t\u00edpicos da esta\u00e7\u00e3o.<\/p>\n\n\n\n<h2 class=\"wp-block-heading\">O cl\u00e1ssico vinho tinto para uma eleg\u00e2ncia absoluta<\/h2>\n\n\n\n<p>O tom <strong>vinho<\/strong>, com subtons que variam do bord\u00f4 ao ameixa, \u00e9 o rei indiscut\u00edvel das tend\u00eancias de beleza nos dias frios de 2026. Essa cor exala uma aura de mist\u00e9rio e poder, sendo capaz de iluminar o rosto mesmo em dias cinzentos, harmonizando perfeitamente com sobretudos e cachec\u00f3is em tons neutros como o bege ou cinza.<\/p>\n\n\n\n<p>Para obter um <strong>visual chique<\/strong>, a aplica\u00e7\u00e3o deve ser precisa, preferencialmente utilizando um l\u00e1pis de boca do mesmo tom para definir o contorno e evitar que o pigmento escorra nas linhas finas. O acabamento acetinado est\u00e1 em alta na <strong>Fran\u00e7a<\/strong>, pois oferece um brilho sutil que traz uma apar\u00eancia de hidrata\u00e7\u00e3o e sa\u00fade aos l\u00e1bios, combatendo o aspecto ressecado causado pelo vento gelado.<\/p>\n\n\n<div class=\"wp-block-image\">\n<figure class=\"aligncenter size-full\"><img decoding=\"async\" width=\"1280\" height=\"720\" src=\"https:\/\/www.correiobraziliense.com.br\/cbradar\/wp-content\/uploads\/2026\/04\/batom-vinho.jpg\" alt=\"\" class=\"wp-image-233995\" srcset=\"https:\/\/www.correiobraziliense.com.br\/cbradar\/wp-content\/uploads\/2026\/04\/batom-vinho.jpg 1280w, https:\/\/www.correiobraziliense.com.br\/cbradar\/wp-content\/uploads\/2026\/04\/batom-vinho-300x169.jpg 300w, https:\/\/www.correiobraziliense.com.br\/cbradar\/wp-content\/uploads\/2026\/04\/batom-vinho-768x432.jpg 768w, https:\/\/www.correiobraziliense.com.br\/cbradar\/wp-content\/uploads\/2026\/04\/batom-vinho-750x422.jpg 750w, https:\/\/www.correiobraziliense.com.br\/cbradar\/wp-content\/uploads\/2026\/04\/batom-vinho-1140x641.jpg 1140w\" sizes=\"(max-width: 1280px) 100vw, 1280px\" \/><figcaption class=\"wp-element-caption\">O tom vinho, com subtons que variam do bord\u00f4 ao ameixa, \u00e9 o rei indiscut\u00edvel das tend\u00eancias de beleza nos dias frios de 2026<\/figcaption><\/figure><\/div>\n\n\n<p>Leia tamb\u00e9m: <a href=\"https:\/\/www.correiobraziliense.com.br\/cbradar\/4-cortes-de-cabelo-curto-que-ajudam-a-dar-mais-corpo-aos-fios-ralos-e-sem-volume\/\" target=\"_blank\" rel=\"noreferrer noopener\">4 cortes de cabelo curto que ajudam a dar mais corpo aos fios ralos e sem volume<\/a><\/p>\n\n\n\n<h2 class=\"wp-block-heading\">Marrom chocolate e a est\u00e9tica do luxo silencioso<\/h2>\n\n\n\n<p>A influ\u00eancia dos anos 90 retorna com for\u00e7a total atrav\u00e9s dos batons <strong>marrom chocolate<\/strong> e caf\u00e9, que se tornaram os novos neutros para quem busca uma sofistica\u00e7\u00e3o moderna. Essa paleta terrosa \u00e9 ideal para criar uma <strong>maquiagem harm\u00f4nica<\/strong>, funcionando como um complemento org\u00e2nico para peles que desejam uma profundidade menos \u00f3bvia do que o tradicional vermelho ou rosa.<\/p>\n\n\n\n<p>Diferente das cores vibrantes, o marrom permite uma transi\u00e7\u00e3o suave do ambiente de trabalho para um jantar sofisticado, mantendo a sobriedade necess\u00e1ria para o cotidiano corporativo. Combine essa cor com uma pele bem iluminada e pouca m\u00e1scara de c\u00edlios para focar toda a aten\u00e7\u00e3o na boca, garantindo um resultado de <strong>maquiagem minimalista<\/strong> que \u00e9 tend\u00eancia absoluta nas passarelas internacionais neste ano.<\/p>\n\n\n\n<h2 class=\"wp-block-heading\">Vermelho fechado e tons de cereja para brilho instant\u00e2neo<\/h2>\n\n\n\n<p>O <strong>vermelho cereja<\/strong> profundo \u00e9 a escolha perfeita para quem n\u00e3o abre m\u00e3o da feminilidade cl\u00e1ssica, mas deseja adaptar a cor para a sobriedade do inverno. Esta tonalidade possui pigmentos azulados que ajudam a clarear visualmente os dentes e trazem uma vibra\u00e7\u00e3o sofisticada para o rosto, sendo a cor favorita de celebridades na <strong>It\u00e1lia<\/strong> durante as semanas de moda.<\/p>\n\n\n\n<ul class=\"wp-block-list\">\n<li>Esfolie os l\u00e1bios suavemente uma vez por semana para remover peles mortas.<\/li>\n\n\n\n<li>Aplique um <strong>balm hidratante<\/strong> dez minutos antes de passar o batom mate.<\/li>\n\n\n\n<li>Use um corretivo ao redor da boca para destacar o desenho do <strong>batom escuro<\/strong>.<\/li>\n\n\n\n<li>Prefira f\u00f3rmulas de longa dura\u00e7\u00e3o para evitar retoques constantes sob o frio.<\/li>\n<\/ul>\n\n\n\n<figure class=\"wp-block-embed is-type-rich is-provider-pinterest wp-block-embed-pinterest\"><div class=\"wp-block-embed__wrapper\">\n<iframe loading=\"lazy\" title=\"Para aqueles dias em que voc\u00ea precisa de um toque extra de glamour, o batom vermelho \u00e9 seu melhor aliado.\ud83d\udc84\ud83e\udee6 \u2728me siga para mais\u2728 . . . #dicasdemaquiagem #makeupvideo #beauty #BATOM #makeup\" src=\"https:\/\/assets.pinterest.com\/ext\/embed.html?id=899101513101652809&#038;src=oembed\" height=\"899\" width=\"450\" frameborder=\"0\" scrolling=\"no\" ><\/iframe>\n<\/div><\/figure>\n\n\n\n<p>A textura matte ainda possui seu lugar de destaque, especialmente pela durabilidade superior em dias de vento e uso de acess\u00f3rios que entram em contato com o rosto. No entanto, o <strong>gloss labial<\/strong> por cima de cores escuras tem surgido como uma t\u00e9cnica estrat\u00e9gica para dar volume e uma apar\u00eancia luxuosa, ideal para eventos noturnos onde o brilho \u00e9 bem-vindo para destacar a composi\u00e7\u00e3o.<\/p>\n\n\n\n<h2 class=\"wp-block-heading\">Como escolher a textura ideal para evitar o ressecamento<\/h2>\n\n\n\n<p>Um dos maiores desafios de usar <strong>cores escuras<\/strong> no inverno \u00e9 a tend\u00eancia de a boca craquelar devido \u00e0 baixa umidade do ar e ao uso de aquecedores em ambientes fechados. Optar por batons que contenham ingredientes como <strong>\u00e1cido hialur\u00f4nico<\/strong> ou manteiga de karit\u00e9 garante que o pigmento deslize suavemente, mantendo a cor uniforme por muito mais tempo sem perder o conforto.<\/p>\n\n\n\n<p>A prepara\u00e7\u00e3o da pele labial \u00e9 t\u00e3o importante quanto a escolha da cor, pois um l\u00e1bio hidratado reflete a luz de forma mais bonita, potencializando a <strong>sofistica\u00e7\u00e3o do visual<\/strong>. Carregar um hidratante labial na bolsa \u00e9 um passo essencial para manter a integridade da cor e garantir que o seu batom favorito continue com aspecto de rec\u00e9m-aplicado, independentemente da temperatura externa.<\/p>\n\n\n<div class=\"wp-block-image\">\n<figure class=\"aligncenter size-full\"><img decoding=\"async\" width=\"1280\" height=\"720\" src=\"https:\/\/www.correiobraziliense.com.br\/cbradar\/wp-content\/uploads\/2026\/03\/pets-40.jpg\" alt=\"\" class=\"wp-image-209641\" srcset=\"https:\/\/www.correiobraziliense.com.br\/cbradar\/wp-content\/uploads\/2026\/03\/pets-40.jpg 1280w, https:\/\/www.correiobraziliense.com.br\/cbradar\/wp-content\/uploads\/2026\/03\/pets-40-300x169.jpg 300w, https:\/\/www.correiobraziliense.com.br\/cbradar\/wp-content\/uploads\/2026\/03\/pets-40-768x432.jpg 768w, https:\/\/www.correiobraziliense.com.br\/cbradar\/wp-content\/uploads\/2026\/03\/pets-40-750x422.jpg 750w, https:\/\/www.correiobraziliense.com.br\/cbradar\/wp-content\/uploads\/2026\/03\/pets-40-1140x641.jpg 1140w\" sizes=\"(max-width: 1280px) 100vw, 1280px\" \/><figcaption class=\"wp-element-caption\">Um batom de longa dura\u00e7\u00e3o \u00e9 pensado para ficar firme nos l\u00e1bios por horas<\/figcaption><\/figure><\/div>\n\n\n<h2 class=\"wp-block-heading\">A versatilidade dos l\u00e1bios escuros em looks monocrom\u00e1ticos<\/h2>\n\n\n\n<p>Utilizar um <strong>batom impactante<\/strong> permite que voc\u00ea economize tempo na escolha dos acess\u00f3rios, j\u00e1 que a cor nos l\u00e1bios funciona como o ponto focal de toda a sua imagem pessoal. Em composi\u00e7\u00f5es monocrom\u00e1ticas de preto ou azul marinho, um batom em tom de <strong>ameixa fechado<\/strong> quebra a monotonia e traz uma dose extra de confian\u00e7a, elevando sua autoestima de forma r\u00e1pida e pr\u00e1tica.<\/p>\n\n\n\n<p>Experimentar diferentes subtons \u00e9 a chave para descobrir qual cor mais favorece sua colora\u00e7\u00e3o pessoal, permitindo que voc\u00ea brinque com a moda de forma estrat\u00e9gica e divertida. O inverno \u00e9 a esta\u00e7\u00e3o da <strong>eleg\u00e2ncia atemporal<\/strong>, e nada representa melhor esse conceito do que l\u00e1bios bem pintados em cores que evocam o calor e a riqueza dos tons invernais mais desejados do momento.<\/p>\n","protected":false},"excerpt":{"rendered":"<p>A queda das temperaturas convida a uma maquiagem mais elaborada, onde os l\u00e1bios ganham o protagonismo absoluto para transformar qualquer produ\u00e7\u00e3o b\u00e1sica em algo sofisticado. O batom inverno \u00e9 a ferramenta mais pr\u00e1tica para quem deseja transmitir eleg\u00e2ncia imediata, utilizando cores que contrastam com a pele e complementam os tecidos pesados t\u00edpicos da esta\u00e7\u00e3o. O [&hellip;]<\/p>\n","protected":false},"author":9,"featured_media":234362,"comment_status":"open","ping_status":"open","sticky":false,"template":"","format":"standard","meta":{"_yoast_wpseo_focuskw":"cores de batom","_yoast_wpseo_title":"","_yoast_wpseo_metadesc":"Batom inverno 2026 destaca tons escuros que valorizam o rosto e deixam a maquiagem elegante mesmo em dias frios.","jnews-multi-image_gallery":[],"jnews_single_post":{"format":"standard"},"jnews_primary_category":[],"jnews_social_meta":[],"jnews_override_counter":[],"footnotes":""},"categories":[124],"tags":[18369,18368],"class_list":["post-233994","post","type-post","status-publish","format-standard","has-post-thumbnail","hentry","category-beleza","tag-batom-inverno","tag-cores-de-batom"],"yoast_head":"<!-- This site is optimized with the Yoast SEO plugin v24.6 - https:\/\/yoast.com\/wordpress\/plugins\/seo\/ -->\n<title>As cores de batom que v\u00e3o dominar os dias frios e deixar seu visual mais chique sem esfor\u00e7o - Correio Braziliense - Radar<\/title>\n<meta name=\"description\" content=\"Batom inverno 2026 destaca tons escuros que valorizam o rosto e deixam a maquiagem elegante mesmo em dias frios.\" \/>\n<meta name=\"robots\" content=\"index, follow, max-snippet:-1, max-image-preview:large, max-video-preview:-1\" \/>\n<link rel=\"canonical\" href=\"https:\/\/www.correiobraziliense.com.br\/cbradar\/as-cores-de-batom-que-vao-dominar-os-dias-frios-e-deixar-seu-visual-mais-chique-sem-esforco\/\" \/>\n<meta property=\"og:locale\" content=\"pt_BR\" \/>\n<meta property=\"og:type\" content=\"article\" \/>\n<meta property=\"og:title\" content=\"As cores de batom que v\u00e3o dominar os dias frios e deixar seu visual mais chique sem esfor\u00e7o - Correio Braziliense - Radar\" \/>\n<meta property=\"og:description\" content=\"Batom inverno 2026 destaca tons escuros que valorizam o rosto e deixam a maquiagem elegante mesmo em dias frios.\" \/>\n<meta property=\"og:url\" content=\"https:\/\/www.correiobraziliense.com.br\/cbradar\/as-cores-de-batom-que-vao-dominar-os-dias-frios-e-deixar-seu-visual-mais-chique-sem-esforco\/\" \/>\n<meta property=\"og:site_name\" content=\"Correio Braziliense - Radar\" \/>\n<meta property=\"article:published_time\" content=\"2026-04-30T13:05:00+00:00\" \/>\n<meta property=\"og:image\" content=\"https:\/\/www.correiobraziliense.com.br\/cbradar\/wp-content\/uploads\/2026\/04\/Mulher_passando_batom_outono_202604291539.jpg\" \/>\n\t<meta property=\"og:image:width\" content=\"1280\" \/>\n\t<meta property=\"og:image:height\" content=\"720\" \/>\n\t<meta property=\"og:image:type\" content=\"image\/jpeg\" \/>\n<meta name=\"author\" content=\"Daniely Cardoso\" \/>\n<meta name=\"twitter:card\" content=\"summary_large_image\" \/>\n<meta name=\"twitter:label1\" content=\"Escrito por\" \/>\n\t<meta name=\"twitter:data1\" content=\"Daniely Cardoso\" \/>\n\t<meta name=\"twitter:label2\" content=\"Est. tempo de leitura\" \/>\n\t<meta name=\"twitter:data2\" content=\"5 minutos\" \/>\n<!-- \/ Yoast SEO plugin. -->","yoast_head_json":{"title":"As cores de batom que v\u00e3o dominar os dias frios e deixar seu visual mais chique sem esfor\u00e7o - Correio Braziliense - Radar","description":"Batom inverno 2026 destaca tons escuros que valorizam o rosto e deixam a maquiagem elegante mesmo em dias frios.","robots":{"index":"index","follow":"follow","max-snippet":"max-snippet:-1","max-image-preview":"max-image-preview:large","max-video-preview":"max-video-preview:-1"},"canonical":"https:\/\/www.correiobraziliense.com.br\/cbradar\/as-cores-de-batom-que-vao-dominar-os-dias-frios-e-deixar-seu-visual-mais-chique-sem-esforco\/","og_locale":"pt_BR","og_type":"article","og_title":"As cores de batom que v\u00e3o dominar os dias frios e deixar seu visual mais chique sem esfor\u00e7o - Correio Braziliense - Radar","og_description":"Batom inverno 2026 destaca tons escuros que valorizam o rosto e deixam a maquiagem elegante mesmo em dias frios.","og_url":"https:\/\/www.correiobraziliense.com.br\/cbradar\/as-cores-de-batom-que-vao-dominar-os-dias-frios-e-deixar-seu-visual-mais-chique-sem-esforco\/","og_site_name":"Correio Braziliense - Radar","article_published_time":"2026-04-30T13:05:00+00:00","og_image":[{"width":1280,"height":720,"url":"https:\/\/www.correiobraziliense.com.br\/cbradar\/wp-content\/uploads\/2026\/04\/Mulher_passando_batom_outono_202604291539.jpg","type":"image\/jpeg"}],"author":"Daniely Cardoso","twitter_card":"summary_large_image","twitter_misc":{"Escrito por":"Daniely Cardoso","Est. tempo de leitura":"5 minutos"},"schema":{"@context":"https:\/\/schema.org","@graph":[{"@type":"WebPage","@id":"https:\/\/www.correiobraziliense.com.br\/cbradar\/as-cores-de-batom-que-vao-dominar-os-dias-frios-e-deixar-seu-visual-mais-chique-sem-esforco\/","url":"https:\/\/www.correiobraziliense.com.br\/cbradar\/as-cores-de-batom-que-vao-dominar-os-dias-frios-e-deixar-seu-visual-mais-chique-sem-esforco\/","name":"As cores de batom que v\u00e3o dominar os dias frios e deixar seu visual mais chique sem esfor\u00e7o - Correio Braziliense - Radar","isPartOf":{"@id":"https:\/\/www.correiobraziliense.com.br\/cbradar\/#website"},"primaryImageOfPage":{"@id":"https:\/\/www.correiobraziliense.com.br\/cbradar\/as-cores-de-batom-que-vao-dominar-os-dias-frios-e-deixar-seu-visual-mais-chique-sem-esforco\/#primaryimage"},"image":{"@id":"https:\/\/www.correiobraziliense.com.br\/cbradar\/as-cores-de-batom-que-vao-dominar-os-dias-frios-e-deixar-seu-visual-mais-chique-sem-esforco\/#primaryimage"},"thumbnailUrl":"https:\/\/www.correiobraziliense.com.br\/cbradar\/wp-content\/uploads\/2026\/04\/Mulher_passando_batom_outono_202604291539.jpg","datePublished":"2026-04-30T13:05:00+00:00","author":{"@id":"https:\/\/www.correiobraziliense.com.br\/cbradar\/#\/schema\/person\/7356666e12ec0ee53f348ee5db227032"},"description":"Batom inverno 2026 destaca tons escuros que valorizam o rosto e deixam a maquiagem elegante mesmo em dias frios.","breadcrumb":{"@id":"https:\/\/www.correiobraziliense.com.br\/cbradar\/as-cores-de-batom-que-vao-dominar-os-dias-frios-e-deixar-seu-visual-mais-chique-sem-esforco\/#breadcrumb"},"inLanguage":"pt-BR","potentialAction":[{"@type":"ReadAction","target":["https:\/\/www.correiobraziliense.com.br\/cbradar\/as-cores-de-batom-que-vao-dominar-os-dias-frios-e-deixar-seu-visual-mais-chique-sem-esforco\/"]}]},{"@type":"ImageObject","inLanguage":"pt-BR","@id":"https:\/\/www.correiobraziliense.com.br\/cbradar\/as-cores-de-batom-que-vao-dominar-os-dias-frios-e-deixar-seu-visual-mais-chique-sem-esforco\/#primaryimage","url":"https:\/\/www.correiobraziliense.com.br\/cbradar\/wp-content\/uploads\/2026\/04\/Mulher_passando_batom_outono_202604291539.jpg","contentUrl":"https:\/\/www.correiobraziliense.com.br\/cbradar\/wp-content\/uploads\/2026\/04\/Mulher_passando_batom_outono_202604291539.jpg","width":1280,"height":720,"caption":"Escolher o tom certo valoriza o visual sem esfor\u00e7o"},{"@type":"BreadcrumbList","@id":"https:\/\/www.correiobraziliense.com.br\/cbradar\/as-cores-de-batom-que-vao-dominar-os-dias-frios-e-deixar-seu-visual-mais-chique-sem-esforco\/#breadcrumb","itemListElement":[{"@type":"ListItem","position":1,"name":"In\u00edcio","item":"https:\/\/www.correiobraziliense.com.br\/cbradar\/"},{"@type":"ListItem","position":2,"name":"As cores de batom que v\u00e3o dominar os dias frios e deixar seu visual mais chique sem esfor\u00e7o"}]},{"@type":"WebSite","@id":"https:\/\/www.correiobraziliense.com.br\/cbradar\/#website","url":"https:\/\/www.correiobraziliense.com.br\/cbradar\/","name":"Correio Braziliense - Radar","description":"Acompanhe as \u00faltimas not\u00edcias e fique bem informado sobre tudo o que acontece no Brasil e no mundo.","potentialAction":[{"@type":"SearchAction","target":{"@type":"EntryPoint","urlTemplate":"https:\/\/www.correiobraziliense.com.br\/cbradar\/?s={search_term_string}"},"query-input":{"@type":"PropertyValueSpecification","valueRequired":true,"valueName":"search_term_string"}}],"inLanguage":"pt-BR"},{"@type":"Person","@id":"https:\/\/www.correiobraziliense.com.br\/cbradar\/#\/schema\/person\/7356666e12ec0ee53f348ee5db227032","name":"Daniely Cardoso","image":{"@type":"ImageObject","inLanguage":"pt-BR","@id":"https:\/\/www.correiobraziliense.com.br\/cbradar\/#\/schema\/person\/image\/","url":"https:\/\/secure.gravatar.com\/avatar\/4b80ddbd124d1f071b626d52d62e5dff?s=96&d=mm&r=g","contentUrl":"https:\/\/secure.gravatar.com\/avatar\/4b80ddbd124d1f071b626d52d62e5dff?s=96&d=mm&r=g","caption":"Daniely Cardoso"},"description":"Redatora nos portais CB Radar e EM Foco, formada pela Universidade Federal de Goi\u00e1s, em Goi\u00e2nia. Apaixonada por comunica\u00e7\u00e3o, arte, decora\u00e7\u00e3o e tend\u00eancias, atuo na produ\u00e7\u00e3o de conte\u00fados envolventes sobre curiosidades, moda, beleza e paisagismo, sempre com um olhar atento \u00e0s novidades do momento.","sameAs":["https:\/\/www.correiobraziliense.com.br\/cbradar"],"url":"https:\/\/www.correiobraziliense.com.br\/cbradar\/author\/danielymyth\/"}]}},"_links":{"self":[{"href":"https:\/\/www.correiobraziliense.com.br\/cbradar\/wp-json\/wp\/v2\/posts\/233994","targetHints":{"allow":["GET"]}}],"collection":[{"href":"https:\/\/www.correiobraziliense.com.br\/cbradar\/wp-json\/wp\/v2\/posts"}],"about":[{"href":"https:\/\/www.correiobraziliense.com.br\/cbradar\/wp-json\/wp\/v2\/types\/post"}],"author":[{"embeddable":true,"href":"https:\/\/www.correiobraziliense.com.br\/cbradar\/wp-json\/wp\/v2\/users\/9"}],"replies":[{"embeddable":true,"href":"https:\/\/www.correiobraziliense.com.br\/cbradar\/wp-json\/wp\/v2\/comments?post=233994"}],"version-history":[{"count":1,"href":"https:\/\/www.correiobraziliense.com.br\/cbradar\/wp-json\/wp\/v2\/posts\/233994\/revisions"}],"predecessor-version":[{"id":233996,"href":"https:\/\/www.correiobraziliense.com.br\/cbradar\/wp-json\/wp\/v2\/posts\/233994\/revisions\/233996"}],"wp:featuredmedia":[{"embeddable":true,"href":"https:\/\/www.correiobraziliense.com.br\/cbradar\/wp-json\/wp\/v2\/media\/234362"}],"wp:attachment":[{"href":"https:\/\/www.correiobraziliense.com.br\/cbradar\/wp-json\/wp\/v2\/media?parent=233994"}],"wp:term":[{"taxonomy":"category","embeddable":true,"href":"https:\/\/www.correiobraziliense.com.br\/cbradar\/wp-json\/wp\/v2\/categories?post=233994"},{"taxonomy":"post_tag","embeddable":true,"href":"https:\/\/www.correiobraziliense.com.br\/cbradar\/wp-json\/wp\/v2\/tags?post=233994"}],"curies":[{"name":"wp","href":"https:\/\/api.w.org\/{rel}","templated":true}]}}