{"id":233997,"date":"2026-04-30T12:55:00","date_gmt":"2026-04-30T15:55:00","guid":{"rendered":"https:\/\/www.correiobraziliense.com.br\/cbradar\/?p=233997"},"modified":"2026-04-29T15:13:49","modified_gmt":"2026-04-29T18:13:49","slug":"as-jaquetas-que-vao-dominar-o-outono-e-deixar-qualquer-look-mais-elegante-instantaneamente","status":"publish","type":"post","link":"https:\/\/www.correiobraziliense.com.br\/cbradar\/as-jaquetas-que-vao-dominar-o-outono-e-deixar-qualquer-look-mais-elegante-instantaneamente\/","title":{"rendered":"As jaquetas que v\u00e3o dominar o outono e deixar qualquer look mais elegante instantaneamente"},"content":{"rendered":"\n<p>A transi\u00e7\u00e3o para as temperaturas amenas exige pe\u00e7as que unam funcionalidade t\u00e9rmica a um design refinado para elevar a est\u00e9tica do dia a dia. As <strong>jaquetas outono<\/strong> surgem como protagonistas da temporada, oferecendo estruturas que transformam composi\u00e7\u00f5es simples em produ\u00e7\u00f5es sofisticadas com apenas uma camada adicional de estilo e <strong>bom gosto<\/strong>.<\/p>\n\n\n\n<h2 class=\"wp-block-heading\">O retorno da jaqueta de couro com modelagem oversized<\/h2>\n\n\n\n<p>A cl\u00e1ssica jaqueta de couro ganha uma nova roupagem neste outono, privilegiando cortes mais amplos e ombros estruturados que remetem \u00e0 moda dos anos 80. Essa pe\u00e7a \u00e9 essencial para quem busca uma <strong>eleg\u00e2ncia urbana<\/strong>, funcionando como o contraste perfeito para vestidos flu\u00eddos ou cal\u00e7as de alfaiataria que dominam as vitrines da <strong>Europa<\/strong> e agora chegam com for\u00e7a ao <strong>Brasil<\/strong>.<\/p>\n\n\n\n<p>Al\u00e9m do tradicional preto, os tons de caf\u00e9 e caramelo aparecem como op\u00e7\u00f5es vers\u00e1teis para criar um <strong>visual monocrom\u00e1tico<\/strong> extremamente chique e atualizado. A durabilidade do material natural garante que o investimento seja duradouro, mantendo a apar\u00eancia de pe\u00e7a nova por muitas temporadas se houver a hidrata\u00e7\u00e3o correta do couro com produtos espec\u00edficos para conserva\u00e7\u00e3o t\u00eaxtil.<\/p>\n\n\n<div class=\"wp-block-image\">\n<figure class=\"aligncenter size-full\"><img decoding=\"async\" width=\"1280\" height=\"720\" src=\"https:\/\/www.correiobraziliense.com.br\/cbradar\/wp-content\/uploads\/2026\/04\/jaqueta-1.jpg\" alt=\"\" class=\"wp-image-234000\" srcset=\"https:\/\/www.correiobraziliense.com.br\/cbradar\/wp-content\/uploads\/2026\/04\/jaqueta-1.jpg 1280w, https:\/\/www.correiobraziliense.com.br\/cbradar\/wp-content\/uploads\/2026\/04\/jaqueta-1-300x169.jpg 300w, https:\/\/www.correiobraziliense.com.br\/cbradar\/wp-content\/uploads\/2026\/04\/jaqueta-1-768x432.jpg 768w, https:\/\/www.correiobraziliense.com.br\/cbradar\/wp-content\/uploads\/2026\/04\/jaqueta-1-750x422.jpg 750w, https:\/\/www.correiobraziliense.com.br\/cbradar\/wp-content\/uploads\/2026\/04\/jaqueta-1-1140x641.jpg 1140w\" sizes=\"(max-width: 1280px) 100vw, 1280px\" \/><figcaption class=\"wp-element-caption\">A cl\u00e1ssica jaqueta de couro ganha uma nova roupagem neste outono, privilegiando cortes mais amplos e ombros estruturados<\/figcaption><\/figure><\/div>\n\n\n<p>Leia tamb\u00e9m: <a href=\"https:\/\/www.correiobraziliense.com.br\/cbradar\/4-cortes-de-cabelo-curto-que-ajudam-a-dar-mais-corpo-aos-fios-ralos-e-sem-volume\/\" target=\"_blank\" rel=\"noreferrer noopener\">4 cortes de cabelo curto que ajudam a dar mais corpo aos fios ralos e sem volume<\/a><\/p>\n\n\n\n<h2 class=\"wp-block-heading\">A sofistica\u00e7\u00e3o atemporal do blazer estruturado de l\u00e3<\/h2>\n\n\n\n<p>Embora muitas vezes confundido com uma pe\u00e7a formal, o blazer de l\u00e3 pesada atua como uma jaqueta de transi\u00e7\u00e3o ideal para manh\u00e3s frias e tardes ensolaradas. Sua estrutura r\u00edgida confere uma <strong>postura imponente<\/strong> e organiza a silhueta, tornando-se a escolha favorita de mulheres que ocupam cargos de lideran\u00e7a e desejam manter a autoridade est\u00e9tica mesmo em momentos de lazer.<\/p>\n\n\n\n<p>Padr\u00f5es como o xadrez pr\u00edncipe de gales ou espinha de peixe adicionam uma camada de textura que enriquece o look sem a necessidade de acess\u00f3rios excessivos. Para um toque de <strong>luxo silencioso<\/strong>, prefira modelos com bot\u00f5es encapados ou em metal escovado, que elevam o status da pe\u00e7a e garantem que voc\u00ea esteja pronta para qualquer reuni\u00e3o de \u00faltima hora com total seguran\u00e7a.<\/p>\n\n\n\n<h2 class=\"wp-block-heading\">Bombers acetinadas e a versatilidade do estilo esportivo luxuoso<\/h2>\n\n\n\n<p>A jaqueta bomber deixou de ser uma pe\u00e7a exclusivamente casual para se tornar um \u00edcone de sofistica\u00e7\u00e3o quando confeccionada em tecidos como seda ou cetim encorpado. Essa varia\u00e7\u00e3o permite que a pe\u00e7a transite entre o dia e a noite com facilidade, trazendo um <strong>brilho sutil<\/strong> que ilumina o rosto e confere uma modernidade imediata \u00e0s combina\u00e7\u00f5es com jeans premium ou saias midi.<\/p>\n\n\n\n<figure class=\"wp-block-embed is-type-rich is-provider-pinterest wp-block-embed-pinterest\"><div class=\"wp-block-embed__wrapper\">\n<iframe loading=\"lazy\" title=\" \" src=\"https:\/\/assets.pinterest.com\/ext\/embed.html?id=351912466728206&#038;src=oembed\" height=\"857\" width=\"450\" frameborder=\"0\" scrolling=\"no\" ><\/iframe>\n<\/div><\/figure>\n\n\n\n<ul class=\"wp-block-list\">\n<li>Escolha modelos com punhos bem acabados para garantir um ajuste perfeito nos bra\u00e7os.<\/li>\n\n\n\n<li>Combine a bomber com sapatos de bico fino para alongar a <strong>silhueta visual<\/strong>.<\/li>\n\n\n\n<li>Utilize cores neutras como o off-white para criar um contraste limpo e sofisticado.<\/li>\n\n\n\n<li>Prefira forros de algod\u00e3o para garantir o conforto t\u00e9rmico sem transpirar excessivamente.<\/li>\n<\/ul>\n\n\n\n<p>O segredo para manter a eleg\u00e2ncia com essa pe\u00e7a \u00e9 o equil\u00edbrio das propor\u00e7\u00f5es, evitando que o volume da jaqueta esconda totalmente as curvas do corpo. A <strong>bomber acetinada<\/strong> \u00e9 a prova de que o conforto pode caminhar junto com o refinamento, sendo uma excelente op\u00e7\u00e3o para viagens internacionais onde a praticidade e o estilo precisam coexistir na mesma mala de m\u00e3o.<\/p>\n\n\n\n<h2 class=\"wp-block-heading\">Jaquetas utilit\u00e1rias com cinto para definir a silhueta<\/h2>\n\n\n\n<p>A tend\u00eancia utilit\u00e1ria ganha um upgrade sofisticado neste outono com a inclus\u00e3o de cintos do pr\u00f3prio tecido que marcam a cintura e criam um efeito ampulheta. Conhecidas como <strong>safari jackets<\/strong> em vers\u00f5es de sarja pesada, essas pe\u00e7as trazem m\u00faltiplos bolsos que, al\u00e9m de funcionais, adicionam um volume estrat\u00e9gico que comunica uma personalidade aventureira e ao mesmo tempo polida.<\/p>\n\n\n\n<p>Ao marcar a cintura, a jaqueta deixa de ser apenas uma prote\u00e7\u00e3o contra o vento e passa a ser o elemento central da <strong>harmoniza\u00e7\u00e3o do look<\/strong>, valorizando todos os tipos de corpos. Essa t\u00e9cnica de estilo \u00e9 amplamente utilizada em cidades como <strong>Nova York<\/strong> para criar produ\u00e7\u00f5es que parecem muito mais elaboradas do que realmente s\u00e3o, otimizando o tempo de escolha no closet matinal.<\/p>\n\n\n<div class=\"wp-block-image\">\n<figure class=\"aligncenter size-full\"><img decoding=\"async\" width=\"1280\" height=\"720\" src=\"https:\/\/www.correiobraziliense.com.br\/cbradar\/wp-content\/uploads\/2026\/04\/jaqueta.jpg\" alt=\"\" class=\"wp-image-233999\" srcset=\"https:\/\/www.correiobraziliense.com.br\/cbradar\/wp-content\/uploads\/2026\/04\/jaqueta.jpg 1280w, https:\/\/www.correiobraziliense.com.br\/cbradar\/wp-content\/uploads\/2026\/04\/jaqueta-300x169.jpg 300w, https:\/\/www.correiobraziliense.com.br\/cbradar\/wp-content\/uploads\/2026\/04\/jaqueta-768x432.jpg 768w, https:\/\/www.correiobraziliense.com.br\/cbradar\/wp-content\/uploads\/2026\/04\/jaqueta-750x422.jpg 750w, https:\/\/www.correiobraziliense.com.br\/cbradar\/wp-content\/uploads\/2026\/04\/jaqueta-1140x641.jpg 1140w\" sizes=\"(max-width: 1280px) 100vw, 1280px\" \/><figcaption class=\"wp-element-caption\">A tend\u00eancia utilit\u00e1ria ganha um upgrade sofisticado neste outono com a inclus\u00e3o de cintos do pr\u00f3prio tecido<\/figcaption><\/figure><\/div>\n\n\n<h2 class=\"wp-block-heading\">Texturas de camur\u00e7a e o toque aveludado da esta\u00e7\u00e3o<\/h2>\n\n\n\n<p>A camur\u00e7a e o suede s\u00e3o materiais que exalam a ess\u00eancia do outono por sua textura macia e visual opaco que absorve a luz de forma elegante. Jaquetas curtas nestes materiais trazem um ar <strong>boho chique<\/strong> que, quando aliado a cores como terracota ou verde militar, resulta em uma composi\u00e7\u00e3o rica em informa\u00e7\u00f5es de moda e extremamente agrad\u00e1vel ao toque.<\/p>\n\n\n\n<p>Por serem materiais que exigem cuidado com a umidade, essas jaquetas s\u00e3o perfeitas para os dias secos da esta\u00e7\u00e3o, garantindo um visual aquecido sem o peso excessivo dos casacos de inverno. A <strong>versatilidade estil\u00edstica<\/strong> da camur\u00e7a permite que ela seja usada tanto com botas pesadas quanto com sapatilhas delicadas, adaptando-se ao seu compromisso com a mesma naturalidade e charme.<\/p>\n","protected":false},"excerpt":{"rendered":"<p>A transi\u00e7\u00e3o para as temperaturas amenas exige pe\u00e7as que unam funcionalidade t\u00e9rmica a um design refinado para elevar a est\u00e9tica do dia a dia. As jaquetas outono surgem como protagonistas da temporada, oferecendo estruturas que transformam composi\u00e7\u00f5es simples em produ\u00e7\u00f5es sofisticadas com apenas uma camada adicional de estilo e bom gosto. O retorno da jaqueta [&hellip;]<\/p>\n","protected":false},"author":9,"featured_media":234342,"comment_status":"open","ping_status":"open","sticky":false,"template":"","format":"standard","meta":{"_yoast_wpseo_focuskw":"jaquetas","_yoast_wpseo_title":"","_yoast_wpseo_metadesc":"Jaquetas de outono 2026 trazem modelos modernos que deixam qualquer look mais elegante e confort\u00e1vel para dias amenos","jnews-multi-image_gallery":[],"jnews_single_post":{"format":"standard"},"jnews_primary_category":[],"jnews_social_meta":[],"jnews_override_counter":[],"footnotes":""},"categories":[124],"tags":[18370,18371,2082],"class_list":["post-233997","post","type-post","status-publish","format-standard","has-post-thumbnail","hentry","category-beleza","tag-jaquetas","tag-look","tag-outono"],"yoast_head":"<!-- This site is optimized with the Yoast SEO plugin v24.6 - https:\/\/yoast.com\/wordpress\/plugins\/seo\/ -->\n<title>As jaquetas que v\u00e3o dominar o outono e deixar qualquer look mais elegante instantaneamente - Correio Braziliense - Radar<\/title>\n<meta name=\"description\" content=\"Jaquetas de outono 2026 trazem modelos modernos que deixam qualquer look mais elegante e confort\u00e1vel para dias amenos\" \/>\n<meta name=\"robots\" content=\"index, follow, max-snippet:-1, max-image-preview:large, max-video-preview:-1\" \/>\n<link rel=\"canonical\" href=\"https:\/\/www.correiobraziliense.com.br\/cbradar\/as-jaquetas-que-vao-dominar-o-outono-e-deixar-qualquer-look-mais-elegante-instantaneamente\/\" \/>\n<meta property=\"og:locale\" content=\"pt_BR\" \/>\n<meta property=\"og:type\" content=\"article\" \/>\n<meta property=\"og:title\" content=\"As jaquetas que v\u00e3o dominar o outono e deixar qualquer look mais elegante instantaneamente - Correio Braziliense - Radar\" \/>\n<meta property=\"og:description\" content=\"Jaquetas de outono 2026 trazem modelos modernos que deixam qualquer look mais elegante e confort\u00e1vel para dias amenos\" \/>\n<meta property=\"og:url\" content=\"https:\/\/www.correiobraziliense.com.br\/cbradar\/as-jaquetas-que-vao-dominar-o-outono-e-deixar-qualquer-look-mais-elegante-instantaneamente\/\" \/>\n<meta property=\"og:site_name\" content=\"Correio Braziliense - Radar\" \/>\n<meta property=\"article:published_time\" content=\"2026-04-30T15:55:00+00:00\" \/>\n<meta property=\"og:image\" content=\"https:\/\/www.correiobraziliense.com.br\/cbradar\/wp-content\/uploads\/2026\/04\/Faca_uma_mulher_brasileira_vestindo_202604291510.jpg\" \/>\n\t<meta property=\"og:image:width\" content=\"1280\" \/>\n\t<meta property=\"og:image:height\" content=\"720\" \/>\n\t<meta property=\"og:image:type\" content=\"image\/jpeg\" \/>\n<meta name=\"author\" content=\"Daniely Cardoso\" \/>\n<meta name=\"twitter:card\" content=\"summary_large_image\" \/>\n<meta name=\"twitter:label1\" content=\"Escrito por\" \/>\n\t<meta name=\"twitter:data1\" content=\"Daniely Cardoso\" \/>\n\t<meta name=\"twitter:label2\" content=\"Est. tempo de leitura\" \/>\n\t<meta name=\"twitter:data2\" content=\"5 minutos\" \/>\n<!-- \/ Yoast SEO plugin. -->","yoast_head_json":{"title":"As jaquetas que v\u00e3o dominar o outono e deixar qualquer look mais elegante instantaneamente - Correio Braziliense - Radar","description":"Jaquetas de outono 2026 trazem modelos modernos que deixam qualquer look mais elegante e confort\u00e1vel para dias amenos","robots":{"index":"index","follow":"follow","max-snippet":"max-snippet:-1","max-image-preview":"max-image-preview:large","max-video-preview":"max-video-preview:-1"},"canonical":"https:\/\/www.correiobraziliense.com.br\/cbradar\/as-jaquetas-que-vao-dominar-o-outono-e-deixar-qualquer-look-mais-elegante-instantaneamente\/","og_locale":"pt_BR","og_type":"article","og_title":"As jaquetas que v\u00e3o dominar o outono e deixar qualquer look mais elegante instantaneamente - Correio Braziliense - Radar","og_description":"Jaquetas de outono 2026 trazem modelos modernos que deixam qualquer look mais elegante e confort\u00e1vel para dias amenos","og_url":"https:\/\/www.correiobraziliense.com.br\/cbradar\/as-jaquetas-que-vao-dominar-o-outono-e-deixar-qualquer-look-mais-elegante-instantaneamente\/","og_site_name":"Correio Braziliense - Radar","article_published_time":"2026-04-30T15:55:00+00:00","og_image":[{"width":1280,"height":720,"url":"https:\/\/www.correiobraziliense.com.br\/cbradar\/wp-content\/uploads\/2026\/04\/Faca_uma_mulher_brasileira_vestindo_202604291510.jpg","type":"image\/jpeg"}],"author":"Daniely Cardoso","twitter_card":"summary_large_image","twitter_misc":{"Escrito por":"Daniely Cardoso","Est. tempo de leitura":"5 minutos"},"schema":{"@context":"https:\/\/schema.org","@graph":[{"@type":"WebPage","@id":"https:\/\/www.correiobraziliense.com.br\/cbradar\/as-jaquetas-que-vao-dominar-o-outono-e-deixar-qualquer-look-mais-elegante-instantaneamente\/","url":"https:\/\/www.correiobraziliense.com.br\/cbradar\/as-jaquetas-que-vao-dominar-o-outono-e-deixar-qualquer-look-mais-elegante-instantaneamente\/","name":"As jaquetas que v\u00e3o dominar o outono e deixar qualquer look mais elegante instantaneamente - Correio Braziliense - Radar","isPartOf":{"@id":"https:\/\/www.correiobraziliense.com.br\/cbradar\/#website"},"primaryImageOfPage":{"@id":"https:\/\/www.correiobraziliense.com.br\/cbradar\/as-jaquetas-que-vao-dominar-o-outono-e-deixar-qualquer-look-mais-elegante-instantaneamente\/#primaryimage"},"image":{"@id":"https:\/\/www.correiobraziliense.com.br\/cbradar\/as-jaquetas-que-vao-dominar-o-outono-e-deixar-qualquer-look-mais-elegante-instantaneamente\/#primaryimage"},"thumbnailUrl":"https:\/\/www.correiobraziliense.com.br\/cbradar\/wp-content\/uploads\/2026\/04\/Faca_uma_mulher_brasileira_vestindo_202604291510.jpg","datePublished":"2026-04-30T15:55:00+00:00","author":{"@id":"https:\/\/www.correiobraziliense.com.br\/cbradar\/#\/schema\/person\/7356666e12ec0ee53f348ee5db227032"},"description":"Jaquetas de outono 2026 trazem modelos modernos que deixam qualquer look mais elegante e confort\u00e1vel para dias amenos","breadcrumb":{"@id":"https:\/\/www.correiobraziliense.com.br\/cbradar\/as-jaquetas-que-vao-dominar-o-outono-e-deixar-qualquer-look-mais-elegante-instantaneamente\/#breadcrumb"},"inLanguage":"pt-BR","potentialAction":[{"@type":"ReadAction","target":["https:\/\/www.correiobraziliense.com.br\/cbradar\/as-jaquetas-que-vao-dominar-o-outono-e-deixar-qualquer-look-mais-elegante-instantaneamente\/"]}]},{"@type":"ImageObject","inLanguage":"pt-BR","@id":"https:\/\/www.correiobraziliense.com.br\/cbradar\/as-jaquetas-que-vao-dominar-o-outono-e-deixar-qualquer-look-mais-elegante-instantaneamente\/#primaryimage","url":"https:\/\/www.correiobraziliense.com.br\/cbradar\/wp-content\/uploads\/2026\/04\/Faca_uma_mulher_brasileira_vestindo_202604291510.jpg","contentUrl":"https:\/\/www.correiobraziliense.com.br\/cbradar\/wp-content\/uploads\/2026\/04\/Faca_uma_mulher_brasileira_vestindo_202604291510.jpg","width":1280,"height":720,"caption":"Modelos em couro voltam com for\u00e7a no outono"},{"@type":"BreadcrumbList","@id":"https:\/\/www.correiobraziliense.com.br\/cbradar\/as-jaquetas-que-vao-dominar-o-outono-e-deixar-qualquer-look-mais-elegante-instantaneamente\/#breadcrumb","itemListElement":[{"@type":"ListItem","position":1,"name":"In\u00edcio","item":"https:\/\/www.correiobraziliense.com.br\/cbradar\/"},{"@type":"ListItem","position":2,"name":"As jaquetas que v\u00e3o dominar o outono e deixar qualquer look mais elegante instantaneamente"}]},{"@type":"WebSite","@id":"https:\/\/www.correiobraziliense.com.br\/cbradar\/#website","url":"https:\/\/www.correiobraziliense.com.br\/cbradar\/","name":"Correio Braziliense - Radar","description":"Acompanhe as \u00faltimas not\u00edcias e fique bem informado sobre tudo o que acontece no Brasil e no mundo.","potentialAction":[{"@type":"SearchAction","target":{"@type":"EntryPoint","urlTemplate":"https:\/\/www.correiobraziliense.com.br\/cbradar\/?s={search_term_string}"},"query-input":{"@type":"PropertyValueSpecification","valueRequired":true,"valueName":"search_term_string"}}],"inLanguage":"pt-BR"},{"@type":"Person","@id":"https:\/\/www.correiobraziliense.com.br\/cbradar\/#\/schema\/person\/7356666e12ec0ee53f348ee5db227032","name":"Daniely Cardoso","image":{"@type":"ImageObject","inLanguage":"pt-BR","@id":"https:\/\/www.correiobraziliense.com.br\/cbradar\/#\/schema\/person\/image\/","url":"https:\/\/secure.gravatar.com\/avatar\/4b80ddbd124d1f071b626d52d62e5dff?s=96&d=mm&r=g","contentUrl":"https:\/\/secure.gravatar.com\/avatar\/4b80ddbd124d1f071b626d52d62e5dff?s=96&d=mm&r=g","caption":"Daniely Cardoso"},"description":"Redatora nos portais CB Radar e EM Foco, formada pela Universidade Federal de Goi\u00e1s, em Goi\u00e2nia. Apaixonada por comunica\u00e7\u00e3o, arte, decora\u00e7\u00e3o e tend\u00eancias, atuo na produ\u00e7\u00e3o de conte\u00fados envolventes sobre curiosidades, moda, beleza e paisagismo, sempre com um olhar atento \u00e0s novidades do momento.","sameAs":["https:\/\/www.correiobraziliense.com.br\/cbradar"],"url":"https:\/\/www.correiobraziliense.com.br\/cbradar\/author\/danielymyth\/"}]}},"_links":{"self":[{"href":"https:\/\/www.correiobraziliense.com.br\/cbradar\/wp-json\/wp\/v2\/posts\/233997","targetHints":{"allow":["GET"]}}],"collection":[{"href":"https:\/\/www.correiobraziliense.com.br\/cbradar\/wp-json\/wp\/v2\/posts"}],"about":[{"href":"https:\/\/www.correiobraziliense.com.br\/cbradar\/wp-json\/wp\/v2\/types\/post"}],"author":[{"embeddable":true,"href":"https:\/\/www.correiobraziliense.com.br\/cbradar\/wp-json\/wp\/v2\/users\/9"}],"replies":[{"embeddable":true,"href":"https:\/\/www.correiobraziliense.com.br\/cbradar\/wp-json\/wp\/v2\/comments?post=233997"}],"version-history":[{"count":1,"href":"https:\/\/www.correiobraziliense.com.br\/cbradar\/wp-json\/wp\/v2\/posts\/233997\/revisions"}],"predecessor-version":[{"id":234001,"href":"https:\/\/www.correiobraziliense.com.br\/cbradar\/wp-json\/wp\/v2\/posts\/233997\/revisions\/234001"}],"wp:featuredmedia":[{"embeddable":true,"href":"https:\/\/www.correiobraziliense.com.br\/cbradar\/wp-json\/wp\/v2\/media\/234342"}],"wp:attachment":[{"href":"https:\/\/www.correiobraziliense.com.br\/cbradar\/wp-json\/wp\/v2\/media?parent=233997"}],"wp:term":[{"taxonomy":"category","embeddable":true,"href":"https:\/\/www.correiobraziliense.com.br\/cbradar\/wp-json\/wp\/v2\/categories?post=233997"},{"taxonomy":"post_tag","embeddable":true,"href":"https:\/\/www.correiobraziliense.com.br\/cbradar\/wp-json\/wp\/v2\/tags?post=233997"}],"curies":[{"name":"wp","href":"https:\/\/api.w.org\/{rel}","templated":true}]}}