{"id":233998,"date":"2026-04-30T13:05:00","date_gmt":"2026-04-30T16:05:00","guid":{"rendered":"https:\/\/www.correiobraziliense.com.br\/cbradar\/?p=233998"},"modified":"2026-04-29T15:14:04","modified_gmt":"2026-04-29T18:14:04","slug":"as-luzes-discretas-que-vao-dominar-o-outono-e-rejuvenescer-seu-visual-de-forma-natural","status":"publish","type":"post","link":"https:\/\/www.correiobraziliense.com.br\/cbradar\/as-luzes-discretas-que-vao-dominar-o-outono-e-rejuvenescer-seu-visual-de-forma-natural\/","title":{"rendered":"As luzes discretas que v\u00e3o dominar o outono e rejuvenescer seu visual de forma natural"},"content":{"rendered":"\n<p>A transi\u00e7\u00e3o para as esta\u00e7\u00f5es mais frias pede uma renova\u00e7\u00e3o na paleta de cores capilares para harmonizar com a luz suave dessa \u00e9poca. Escolher as t\u00e9cnicas certas de <strong>ilumina\u00e7\u00e3o capilar<\/strong> permite um efeito de <strong>rejuvenescimento facial<\/strong> imediato sem a necessidade de mudan\u00e7as radicais ou manuten\u00e7\u00f5es excessivas no sal\u00e3o.<\/p>\n\n\n\n<h2 class=\"wp-block-heading\">Como as luzes sutis transformam a moldura do rosto<\/h2>\n\n\n\n<p>As <strong>luzes discretas<\/strong> funcionam como pontos de claridade estrat\u00e9gica que suavizam as linhas de express\u00e3o e iluminam o olhar de forma elegante. Ao optar por tons que mimetizam o queimado de sol, o <strong>cabelo de outono<\/strong> ganha uma profundidade que valoriza o corte e a textura dos fios.<\/p>\n\n\n\n<p>Essa t\u00e9cnica de <strong>colora\u00e7\u00e3o suave<\/strong> foca em preservar a sa\u00fade da fibra capilar enquanto deposita pigmentos quentes em pontos espec\u00edficos da cabe\u00e7a. Manter a base natural pr\u00f3xima \u00e0 raiz garante que o crescimento seja impercept\u00edvel, promovendo uma praticidade essencial para a mulher moderna que busca sofistica\u00e7\u00e3o.<\/p>\n\n\n<div class=\"wp-block-image\">\n<figure class=\"aligncenter size-full\"><img decoding=\"async\" width=\"1280\" height=\"720\" src=\"https:\/\/www.correiobraziliense.com.br\/cbradar\/wp-content\/uploads\/2026\/03\/Gemini_Generated_Image_nyg29tnyg29tnyg2-1.png\" alt=\"\" class=\"wp-image-212299\" srcset=\"https:\/\/www.correiobraziliense.com.br\/cbradar\/wp-content\/uploads\/2026\/03\/Gemini_Generated_Image_nyg29tnyg29tnyg2-1.png 1280w, https:\/\/www.correiobraziliense.com.br\/cbradar\/wp-content\/uploads\/2026\/03\/Gemini_Generated_Image_nyg29tnyg29tnyg2-1-300x169.png 300w, https:\/\/www.correiobraziliense.com.br\/cbradar\/wp-content\/uploads\/2026\/03\/Gemini_Generated_Image_nyg29tnyg29tnyg2-1-768x432.png 768w, https:\/\/www.correiobraziliense.com.br\/cbradar\/wp-content\/uploads\/2026\/03\/Gemini_Generated_Image_nyg29tnyg29tnyg2-1-750x422.png 750w, https:\/\/www.correiobraziliense.com.br\/cbradar\/wp-content\/uploads\/2026\/03\/Gemini_Generated_Image_nyg29tnyg29tnyg2-1-1140x641.png 1140w\" sizes=\"(max-width: 1280px) 100vw, 1280px\" \/><figcaption class=\"wp-element-caption\">Ele d\u00e1 a sensa\u00e7\u00e3o de volume porque o comprimento m\u00e9dio n\u00e3o pesa tanto quanto cabelos muito longos<\/figcaption><\/figure><\/div>\n\n\n<p>Leia tamb\u00e9m: <a href=\"https:\/\/www.correiobraziliense.com.br\/cbradar\/4-cortes-de-cabelo-curto-que-ajudam-a-dar-mais-corpo-aos-fios-ralos-e-sem-volume\/\" target=\"_blank\" rel=\"noreferrer noopener\">4 cortes de cabelo curto que ajudam a dar mais corpo aos fios ralos e sem volume<\/a><\/p>\n\n\n\n<h2 class=\"wp-block-heading\">Ilumina\u00e7\u00e3o em tom de mel para um brilho quente<\/h2>\n\n\n\n<p>O <strong>Honey Glow<\/strong> \u00e9 uma das apostas principais para quem deseja um toque de calor nos fios durante os meses de baixa temperatura. Essa varia\u00e7\u00e3o de <strong>loiro mel<\/strong> cria um contraste suave com bases castanhas, simulando a luz dourada do entardecer e conferindo um aspecto saud\u00e1vel e vi\u00e7oso ao semblante.<\/p>\n\n\n\n<p>Para obter o melhor resultado, a aplica\u00e7\u00e3o deve ser feita em mechas ultrafinas distribu\u00eddas pelo comprimento, evitando marca\u00e7\u00f5es pesadas perto do couro cabeludo. Esse estilo de <strong>mechas discretas<\/strong> combina perfeitamente com acess\u00f3rios de inverno e roupas em tons terrosos, elevando a est\u00e9tica pessoal com um toque de luxo silencioso.<\/p>\n\n\n\n<h2 class=\"wp-block-heading\">T\u00e9cnica de luzes avel\u00e3 para profundidade e eleg\u00e2ncia<\/h2>\n\n\n\n<p>Outra op\u00e7\u00e3o poderosa para o rejuvenescimento \u00e9 o tom <strong>Avel\u00e3 Tostado<\/strong>, que oferece uma transi\u00e7\u00e3o crom\u00e1tica rica entre o marrom e o bronze. Essa <strong>cor de cabelo<\/strong> \u00e9 ideal para quem possui fios mais escuros e deseja apenas um reflexo que apare\u00e7a conforme o movimento natural do cabelo sob a luz.<\/p>\n\n\n\n<p>A profundidade criada por essa tonalidade ajuda a disfar\u00e7ar os primeiros fios brancos, integrando-os a uma est\u00e9tica proposital e moderna. \u00c9 fundamental investir em um bom cronograma capilar para que o brilho dessas <strong>luzes de outono<\/strong> permane\u00e7a intenso e livre do indesejado aspecto opaco causado pelo vento frio.<\/p>\n\n\n\n<figure class=\"wp-block-embed is-type-rich is-provider-pinterest wp-block-embed-pinterest\"><div class=\"wp-block-embed__wrapper\">\n<iframe loading=\"lazy\" title=\" \" src=\"https:\/\/assets.pinterest.com\/ext\/embed.html?id=2181499816920331&#038;src=oembed\" height=\"665\" width=\"450\" frameborder=\"0\" scrolling=\"no\" ><\/iframe>\n<\/div><\/figure>\n\n\n\n<figure class=\"wp-block-embed is-type-rich is-provider-pinterest wp-block-embed-pinterest\"><div class=\"wp-block-embed__wrapper\">\n<iframe loading=\"lazy\" title=\"O tom perfeito entre o quente e o sofisticado! \u2728 Uma cor sofisticada que real\u00e7a sua beleza natural e deixa qualquer visual mais radiante. \ud83e\udd29  . The perfect tone between warm and sophisticated! \u2728 A sophisticated color that enhances your natural beauty and makes any look more radiant. \ud83e\udd29 . #mechas #morenailuminada #interiorsp #ilumina\u00e7\u00e3o #hair #brunette #balayage #morena #iluminado #litbrunette\" src=\"https:\/\/assets.pinterest.com\/ext\/embed.html?id=3096293491176415&#038;src=oembed\" height=\"899\" width=\"450\" frameborder=\"0\" scrolling=\"no\" ><\/iframe>\n<\/div><\/figure>\n\n\n\n<h2 class=\"wp-block-heading\">Benef\u00edcios de apostar em t\u00e9cnicas de baixa manuten\u00e7\u00e3o<\/h2>\n\n\n\n<p>Optar por <strong>luzes rejuvenescedoras<\/strong> que n\u00e3o exigem retoques mensais \u00e9 uma decis\u00e3o inteligente para preservar a integridade dos fios a longo prazo. Menos exposi\u00e7\u00e3o a processos qu\u00edmicos agressivos significa um cabelo com mais elasticidade, brilho natural e uma apar\u00eancia visivelmente mais jovem e bem cuidada.<\/p>\n\n\n\n<ul class=\"wp-block-list\">\n<li><strong>Efeito Contour<\/strong>: Mechas frontais mais claras que iluminam diretamente o rosto.<\/li>\n\n\n\n<li><strong>Degrad\u00ea Suave<\/strong>: Pontas levemente mais claras para evitar o peso visual de cores s\u00f3lidas.<\/li>\n\n\n\n<li><strong>Baixa Oxida\u00e7\u00e3o<\/strong>: Tons de mel e avel\u00e3 demoram mais para desbotar ou amarelar.<\/li>\n\n\n\n<li><strong>Versatilidade<\/strong>: Cores que combinam com diversos tons de pele e texturas de fio.<\/li>\n<\/ul>\n\n\n\n<p>Um segredo valioso \u00e9 finalizar o penteado com \u00f3leos finalizadores que contenham prote\u00e7\u00e3o t\u00e9rmica, garantindo que a cor permane\u00e7a vibrante por muito mais tempo. Experimentar essas nuances permite que voc\u00ea atravesse a temporada com uma imagem renovada, transmitindo autoconfian\u00e7a atrav\u00e9s de detalhes quase impercept\u00edveis, mas extremamente eficazes.<\/p>\n\n\n<div class=\"wp-block-image\">\n<figure class=\"aligncenter size-full\"><img decoding=\"async\" width=\"1280\" height=\"720\" src=\"https:\/\/www.correiobraziliense.com.br\/cbradar\/wp-content\/uploads\/2026\/04\/luzes-no-cabelo.jpg\" alt=\"\" class=\"wp-image-234002\" srcset=\"https:\/\/www.correiobraziliense.com.br\/cbradar\/wp-content\/uploads\/2026\/04\/luzes-no-cabelo.jpg 1280w, https:\/\/www.correiobraziliense.com.br\/cbradar\/wp-content\/uploads\/2026\/04\/luzes-no-cabelo-300x169.jpg 300w, https:\/\/www.correiobraziliense.com.br\/cbradar\/wp-content\/uploads\/2026\/04\/luzes-no-cabelo-768x432.jpg 768w, https:\/\/www.correiobraziliense.com.br\/cbradar\/wp-content\/uploads\/2026\/04\/luzes-no-cabelo-750x422.jpg 750w, https:\/\/www.correiobraziliense.com.br\/cbradar\/wp-content\/uploads\/2026\/04\/luzes-no-cabelo-1140x641.jpg 1140w\" sizes=\"(max-width: 1280px) 100vw, 1280px\" \/><figcaption class=\"wp-element-caption\">Optar por luzes rejuvenescedoras que n\u00e3o exigem retoques mensais \u00e9 uma decis\u00e3o inteligente<\/figcaption><\/figure><\/div>\n\n\n<h2 class=\"wp-block-heading\">Aposte na naturalidade para uma apar\u00eancia radiante e moderna<\/h2>\n\n\n\n<p>O segredo do <strong>rejuvenescimento capilar<\/strong> no outono reside no equil\u00edbrio entre a cor natural e os reflexos que trazem dimens\u00e3o ao cabelo. Escolher entre o mel ou o avel\u00e3 depende exclusivamente da temperatura da sua pele e da intensidade de brilho que voc\u00ea deseja projetar no seu dia a dia.<\/p>\n\n\n\n<p>Consultar um colorista especializado ajuda a identificar exatamente onde os pontos de luz devem incidir para destacar seus melhores \u00e2ngulos faciais de forma \u00fanica. Priorize sempre a sa\u00fade do fio para que a nova cor seja apenas o complemento de um cabelo forte, brilhante e pronto para qualquer ocasi\u00e3o da temporada.<\/p>\n","protected":false},"excerpt":{"rendered":"<p>A transi\u00e7\u00e3o para as esta\u00e7\u00f5es mais frias pede uma renova\u00e7\u00e3o na paleta de cores capilares para harmonizar com a luz suave dessa \u00e9poca. Escolher as t\u00e9cnicas certas de ilumina\u00e7\u00e3o capilar permite um efeito de rejuvenescimento facial imediato sem a necessidade de mudan\u00e7as radicais ou manuten\u00e7\u00f5es excessivas no sal\u00e3o. Como as luzes sutis transformam a moldura [&hellip;]<\/p>\n","protected":false},"author":9,"featured_media":234343,"comment_status":"open","ping_status":"open","sticky":false,"template":"","format":"standard","meta":{"_yoast_wpseo_focuskw":"Luzes para o cabelo","_yoast_wpseo_title":"","_yoast_wpseo_metadesc":"Luzes suaves para outono 2026 valorizam o rosto e deixam o cabelo com brilho natural sem exigir muita manuten\u00e7\u00e3o,","jnews-multi-image_gallery":[],"jnews_single_post":{"format":"standard"},"jnews_primary_category":[],"jnews_social_meta":[],"jnews_override_counter":[],"footnotes":""},"categories":[124],"tags":[18372,4480,12927],"class_list":["post-233998","post","type-post","status-publish","format-standard","has-post-thumbnail","hentry","category-beleza","tag-cabelo-com-luzes","tag-luzes","tag-visual"],"yoast_head":"<!-- This site is optimized with the Yoast SEO plugin v24.6 - https:\/\/yoast.com\/wordpress\/plugins\/seo\/ -->\n<title>As luzes discretas que v\u00e3o dominar o outono e rejuvenescer seu visual de forma natural - Correio Braziliense - Radar<\/title>\n<meta name=\"description\" content=\"Luzes suaves para outono 2026 valorizam o rosto e deixam o cabelo com brilho natural sem exigir muita manuten\u00e7\u00e3o,\" \/>\n<meta name=\"robots\" content=\"index, follow, max-snippet:-1, max-image-preview:large, max-video-preview:-1\" \/>\n<link rel=\"canonical\" href=\"https:\/\/www.correiobraziliense.com.br\/cbradar\/as-luzes-discretas-que-vao-dominar-o-outono-e-rejuvenescer-seu-visual-de-forma-natural\/\" \/>\n<meta property=\"og:locale\" content=\"pt_BR\" \/>\n<meta property=\"og:type\" content=\"article\" \/>\n<meta property=\"og:title\" content=\"As luzes discretas que v\u00e3o dominar o outono e rejuvenescer seu visual de forma natural - Correio Braziliense - Radar\" \/>\n<meta property=\"og:description\" content=\"Luzes suaves para outono 2026 valorizam o rosto e deixam o cabelo com brilho natural sem exigir muita manuten\u00e7\u00e3o,\" \/>\n<meta property=\"og:url\" content=\"https:\/\/www.correiobraziliense.com.br\/cbradar\/as-luzes-discretas-que-vao-dominar-o-outono-e-rejuvenescer-seu-visual-de-forma-natural\/\" \/>\n<meta property=\"og:site_name\" content=\"Correio Braziliense - Radar\" \/>\n<meta property=\"article:published_time\" content=\"2026-04-30T16:05:00+00:00\" \/>\n<meta property=\"og:image\" content=\"https:\/\/www.correiobraziliense.com.br\/cbradar\/wp-content\/uploads\/2026\/04\/Cabelo_castanho_com_luzes_douradas_202604291511.jpg\" \/>\n\t<meta property=\"og:image:width\" content=\"1280\" \/>\n\t<meta property=\"og:image:height\" content=\"720\" \/>\n\t<meta property=\"og:image:type\" content=\"image\/jpeg\" \/>\n<meta name=\"author\" content=\"Daniely Cardoso\" \/>\n<meta name=\"twitter:card\" content=\"summary_large_image\" \/>\n<meta name=\"twitter:label1\" content=\"Escrito por\" \/>\n\t<meta name=\"twitter:data1\" content=\"Daniely Cardoso\" \/>\n\t<meta name=\"twitter:label2\" content=\"Est. tempo de leitura\" \/>\n\t<meta name=\"twitter:data2\" content=\"5 minutos\" \/>\n<!-- \/ Yoast SEO plugin. -->","yoast_head_json":{"title":"As luzes discretas que v\u00e3o dominar o outono e rejuvenescer seu visual de forma natural - Correio Braziliense - Radar","description":"Luzes suaves para outono 2026 valorizam o rosto e deixam o cabelo com brilho natural sem exigir muita manuten\u00e7\u00e3o,","robots":{"index":"index","follow":"follow","max-snippet":"max-snippet:-1","max-image-preview":"max-image-preview:large","max-video-preview":"max-video-preview:-1"},"canonical":"https:\/\/www.correiobraziliense.com.br\/cbradar\/as-luzes-discretas-que-vao-dominar-o-outono-e-rejuvenescer-seu-visual-de-forma-natural\/","og_locale":"pt_BR","og_type":"article","og_title":"As luzes discretas que v\u00e3o dominar o outono e rejuvenescer seu visual de forma natural - Correio Braziliense - Radar","og_description":"Luzes suaves para outono 2026 valorizam o rosto e deixam o cabelo com brilho natural sem exigir muita manuten\u00e7\u00e3o,","og_url":"https:\/\/www.correiobraziliense.com.br\/cbradar\/as-luzes-discretas-que-vao-dominar-o-outono-e-rejuvenescer-seu-visual-de-forma-natural\/","og_site_name":"Correio Braziliense - Radar","article_published_time":"2026-04-30T16:05:00+00:00","og_image":[{"width":1280,"height":720,"url":"https:\/\/www.correiobraziliense.com.br\/cbradar\/wp-content\/uploads\/2026\/04\/Cabelo_castanho_com_luzes_douradas_202604291511.jpg","type":"image\/jpeg"}],"author":"Daniely Cardoso","twitter_card":"summary_large_image","twitter_misc":{"Escrito por":"Daniely Cardoso","Est. tempo de leitura":"5 minutos"},"schema":{"@context":"https:\/\/schema.org","@graph":[{"@type":"WebPage","@id":"https:\/\/www.correiobraziliense.com.br\/cbradar\/as-luzes-discretas-que-vao-dominar-o-outono-e-rejuvenescer-seu-visual-de-forma-natural\/","url":"https:\/\/www.correiobraziliense.com.br\/cbradar\/as-luzes-discretas-que-vao-dominar-o-outono-e-rejuvenescer-seu-visual-de-forma-natural\/","name":"As luzes discretas que v\u00e3o dominar o outono e rejuvenescer seu visual de forma natural - Correio Braziliense - Radar","isPartOf":{"@id":"https:\/\/www.correiobraziliense.com.br\/cbradar\/#website"},"primaryImageOfPage":{"@id":"https:\/\/www.correiobraziliense.com.br\/cbradar\/as-luzes-discretas-que-vao-dominar-o-outono-e-rejuvenescer-seu-visual-de-forma-natural\/#primaryimage"},"image":{"@id":"https:\/\/www.correiobraziliense.com.br\/cbradar\/as-luzes-discretas-que-vao-dominar-o-outono-e-rejuvenescer-seu-visual-de-forma-natural\/#primaryimage"},"thumbnailUrl":"https:\/\/www.correiobraziliense.com.br\/cbradar\/wp-content\/uploads\/2026\/04\/Cabelo_castanho_com_luzes_douradas_202604291511.jpg","datePublished":"2026-04-30T16:05:00+00:00","author":{"@id":"https:\/\/www.correiobraziliense.com.br\/cbradar\/#\/schema\/person\/7356666e12ec0ee53f348ee5db227032"},"description":"Luzes suaves para outono 2026 valorizam o rosto e deixam o cabelo com brilho natural sem exigir muita manuten\u00e7\u00e3o,","breadcrumb":{"@id":"https:\/\/www.correiobraziliense.com.br\/cbradar\/as-luzes-discretas-que-vao-dominar-o-outono-e-rejuvenescer-seu-visual-de-forma-natural\/#breadcrumb"},"inLanguage":"pt-BR","potentialAction":[{"@type":"ReadAction","target":["https:\/\/www.correiobraziliense.com.br\/cbradar\/as-luzes-discretas-que-vao-dominar-o-outono-e-rejuvenescer-seu-visual-de-forma-natural\/"]}]},{"@type":"ImageObject","inLanguage":"pt-BR","@id":"https:\/\/www.correiobraziliense.com.br\/cbradar\/as-luzes-discretas-que-vao-dominar-o-outono-e-rejuvenescer-seu-visual-de-forma-natural\/#primaryimage","url":"https:\/\/www.correiobraziliense.com.br\/cbradar\/wp-content\/uploads\/2026\/04\/Cabelo_castanho_com_luzes_douradas_202604291511.jpg","contentUrl":"https:\/\/www.correiobraziliense.com.br\/cbradar\/wp-content\/uploads\/2026\/04\/Cabelo_castanho_com_luzes_douradas_202604291511.jpg","width":1280,"height":720,"caption":"Luzes discretas criam efeito natural no cabelo"},{"@type":"BreadcrumbList","@id":"https:\/\/www.correiobraziliense.com.br\/cbradar\/as-luzes-discretas-que-vao-dominar-o-outono-e-rejuvenescer-seu-visual-de-forma-natural\/#breadcrumb","itemListElement":[{"@type":"ListItem","position":1,"name":"In\u00edcio","item":"https:\/\/www.correiobraziliense.com.br\/cbradar\/"},{"@type":"ListItem","position":2,"name":"As luzes discretas que v\u00e3o dominar o outono e rejuvenescer seu visual de forma natural"}]},{"@type":"WebSite","@id":"https:\/\/www.correiobraziliense.com.br\/cbradar\/#website","url":"https:\/\/www.correiobraziliense.com.br\/cbradar\/","name":"Correio Braziliense - Radar","description":"Acompanhe as \u00faltimas not\u00edcias e fique bem informado sobre tudo o que acontece no Brasil e no mundo.","potentialAction":[{"@type":"SearchAction","target":{"@type":"EntryPoint","urlTemplate":"https:\/\/www.correiobraziliense.com.br\/cbradar\/?s={search_term_string}"},"query-input":{"@type":"PropertyValueSpecification","valueRequired":true,"valueName":"search_term_string"}}],"inLanguage":"pt-BR"},{"@type":"Person","@id":"https:\/\/www.correiobraziliense.com.br\/cbradar\/#\/schema\/person\/7356666e12ec0ee53f348ee5db227032","name":"Daniely Cardoso","image":{"@type":"ImageObject","inLanguage":"pt-BR","@id":"https:\/\/www.correiobraziliense.com.br\/cbradar\/#\/schema\/person\/image\/","url":"https:\/\/secure.gravatar.com\/avatar\/4b80ddbd124d1f071b626d52d62e5dff?s=96&d=mm&r=g","contentUrl":"https:\/\/secure.gravatar.com\/avatar\/4b80ddbd124d1f071b626d52d62e5dff?s=96&d=mm&r=g","caption":"Daniely Cardoso"},"description":"Redatora nos portais CB Radar e EM Foco, formada pela Universidade Federal de Goi\u00e1s, em Goi\u00e2nia. Apaixonada por comunica\u00e7\u00e3o, arte, decora\u00e7\u00e3o e tend\u00eancias, atuo na produ\u00e7\u00e3o de conte\u00fados envolventes sobre curiosidades, moda, beleza e paisagismo, sempre com um olhar atento \u00e0s novidades do momento.","sameAs":["https:\/\/www.correiobraziliense.com.br\/cbradar"],"url":"https:\/\/www.correiobraziliense.com.br\/cbradar\/author\/danielymyth\/"}]}},"_links":{"self":[{"href":"https:\/\/www.correiobraziliense.com.br\/cbradar\/wp-json\/wp\/v2\/posts\/233998","targetHints":{"allow":["GET"]}}],"collection":[{"href":"https:\/\/www.correiobraziliense.com.br\/cbradar\/wp-json\/wp\/v2\/posts"}],"about":[{"href":"https:\/\/www.correiobraziliense.com.br\/cbradar\/wp-json\/wp\/v2\/types\/post"}],"author":[{"embeddable":true,"href":"https:\/\/www.correiobraziliense.com.br\/cbradar\/wp-json\/wp\/v2\/users\/9"}],"replies":[{"embeddable":true,"href":"https:\/\/www.correiobraziliense.com.br\/cbradar\/wp-json\/wp\/v2\/comments?post=233998"}],"version-history":[{"count":2,"href":"https:\/\/www.correiobraziliense.com.br\/cbradar\/wp-json\/wp\/v2\/posts\/233998\/revisions"}],"predecessor-version":[{"id":234004,"href":"https:\/\/www.correiobraziliense.com.br\/cbradar\/wp-json\/wp\/v2\/posts\/233998\/revisions\/234004"}],"wp:featuredmedia":[{"embeddable":true,"href":"https:\/\/www.correiobraziliense.com.br\/cbradar\/wp-json\/wp\/v2\/media\/234343"}],"wp:attachment":[{"href":"https:\/\/www.correiobraziliense.com.br\/cbradar\/wp-json\/wp\/v2\/media?parent=233998"}],"wp:term":[{"taxonomy":"category","embeddable":true,"href":"https:\/\/www.correiobraziliense.com.br\/cbradar\/wp-json\/wp\/v2\/categories?post=233998"},{"taxonomy":"post_tag","embeddable":true,"href":"https:\/\/www.correiobraziliense.com.br\/cbradar\/wp-json\/wp\/v2\/tags?post=233998"}],"curies":[{"name":"wp","href":"https:\/\/api.w.org\/{rel}","templated":true}]}}