{"id":234005,"date":"2026-04-29T04:05:00","date_gmt":"2026-04-29T07:05:00","guid":{"rendered":"https:\/\/www.correiobraziliense.com.br\/cbradar\/?p=234005"},"modified":"2026-04-29T07:33:51","modified_gmt":"2026-04-29T10:33:51","slug":"a-capital-da-laranja-surpreende-ao-reunir-a-maior-exportadora-de-suco-do-mundo-e-qualidade-de-vida-que-atrai-moradores","status":"publish","type":"post","link":"https:\/\/www.correiobraziliense.com.br\/cbradar\/a-capital-da-laranja-surpreende-ao-reunir-a-maior-exportadora-de-suco-do-mundo-e-qualidade-de-vida-que-atrai-moradores\/","title":{"rendered":"A \u201cCapital da Laranja\u201d surpreende ao reunir a maior exportadora de suco do mundo e qualidade de vida que atrai moradores"},"content":{"rendered":"\n<p>Em <strong>1926<\/strong>, <strong>M\u00e1rio de Andrade<\/strong> se hospedou na <strong>Fazenda Sapucaia<\/strong> e escreveu <strong>Macuna\u00edma<\/strong> em apenas uma semana. O mesmo sol do interior paulista que inspirou o autor continua presente: intenso, constante e marcante. <strong>Araraquara<\/strong>, conhecida como <strong>Morada do Sol<\/strong> ou <strong>&#8220;Capital da Laranja&#8221;<\/strong>, est\u00e1 a <strong>270 km de S\u00e3o Paulo<\/strong> e combina alto \u00edndice de desenvolvimento humano com ruas arborizadas, economia diversificada e um ritmo t\u00edpico de interior que funciona com efici\u00eancia.<\/p>\n\n\n\n<h2 class=\"wp-block-heading\">Da origem hist\u00f3rica ao protagonismo regional<\/h2>\n\n\n\n<p>Criada em <strong>1817<\/strong> como <strong>Freguesia de S\u00e3o Bento de Araraquara<\/strong>, a cidade se desenvolveu inicialmente com o ciclo do caf\u00e9 no s\u00e9culo XIX e, mais tarde, se reinventou com a for\u00e7a da citricultura no s\u00e9culo XX. Em <strong>1968<\/strong>, <strong>Jos\u00e9 Cutrale Jr.<\/strong> fundou a <strong>Cutrale<\/strong>, que se tornaria uma das maiores exportadoras de suco de laranja do mundo. J\u00e1 a <strong>Lupo<\/strong>, tradicional fabricante de meias no Brasil, tamb\u00e9m nasceu na cidade e hoje atua com uma linha ampliada de vestu\u00e1rio.<\/p>\n\n\n\n<p>De acordo com o <strong>Instituto Brasileiro de Geografia e Estat\u00edstica (IBGE)<\/strong>, <strong>Araraquara<\/strong> \u00e9 classificada como capital regional imediata de <strong>16<\/strong> munic\u00edpios e concentra mais de <strong>500<\/strong> ind\u00fastrias. Sua economia se sustenta na combina\u00e7\u00e3o entre agroind\u00fastria \u2014 com destaque para cana-de-a\u00e7\u00facar e laranja \u2014, al\u00e9m de setores como metalurgia, log\u00edstica e servi\u00e7os, que atendem uma popula\u00e7\u00e3o regional superior a meio milh\u00e3o de pessoas.<\/p>\n\n\n<div class=\"wp-block-image\">\n<figure class=\"aligncenter size-large\"><img decoding=\"async\" src=\"https:\/\/www.tupi.fm\/wp-content\/uploads\/2026\/04\/aaa-2026-04-17T030519.473-1024x576.png\" alt=\"\" class=\"wp-image-2342074\"\/><figcaption class=\"wp-element-caption\">Araraquara \u00e9 capital regional imediata de 16 munic\u00edpios. \/ Cr\u00e9ditos: Wikip\u00e9dia<\/figcaption><\/figure><\/div>\n\n\n<h2 class=\"wp-block-heading\">Como \u00e9 viver na Morada do Sol no dia a dia<\/h2>\n\n\n\n<p>Com cerca de <strong>242 mil habitantes<\/strong>, <strong>Araraquara<\/strong> apresenta um <strong>IDH de 0,815<\/strong>, considerado muito alto pelo <strong>PNUD<\/strong>, com destaque para os \u00edndices de longevidade e educa\u00e7\u00e3o. A cidade tamb\u00e9m figura como a segunda mais segura do Brasil entre munic\u00edpios de <strong>200 a 500 mil habitantes<\/strong>, de acordo com o <strong>Anu\u00e1rio Cidades Mais Seguras 2023<\/strong>, refor\u00e7ando sua reputa\u00e7\u00e3o como um bom lugar para viver.<\/p>\n\n\n\n<p>O cen\u00e1rio urbano \u00e9 marcado por ruas amplas e bem arborizadas, com <strong>oitis<\/strong> centen\u00e1rios formando verdadeiros t\u00faneis verdes que ajudam a amenizar o calor. Regi\u00f5es como <strong>Centro<\/strong>, <strong>Vila Xavier<\/strong> e <strong>Jardim Am\u00e9rica<\/strong> concentram boa infraestrutura, com\u00e9rcio diversificado e espa\u00e7os p\u00fablicos bem cuidados. Al\u00e9m disso, o custo de vida costuma ser considerado acess\u00edvel dentro do padr\u00e3o do interior paulista.<\/p>\n\n\n\n<p>A forte presen\u00e7a acad\u00eamica tamb\u00e9m influencia o cotidiano. Institui\u00e7\u00f5es como a <strong>Unesp<\/strong>, a <strong>Universidade de Araraquara (Uniara)<\/strong>, o <strong>IFSP<\/strong> e a <strong>Fatec<\/strong> contribuem para um ambiente universit\u00e1rio ativo, que movimenta \u00e1reas como sa\u00fade, pesquisa e inova\u00e7\u00e3o. O <strong>Hospital de Cl\u00ednicas<\/strong> se destaca como refer\u00eancia regional no atendimento.<\/p>\n\n\n\n<h2 class=\"wp-block-heading\">O que o morador faz no tempo livre?<\/h2>\n\n\n\n<p>O lazer em Araraquara combina natureza urbana, esporte e patrim\u00f4nio hist\u00f3rico.<\/p>\n\n\n\n<ul class=\"wp-block-list\">\n<li><strong>Parque do Basalto<\/strong>: forma\u00e7\u00e3o geol\u00f3gica rara em meio urbano, com trilhas curtas e mirante para a cidade.<\/li>\n\n\n\n<li><strong>Arena da Fonte Luminosa<\/strong>: est\u00e1dio da <strong>Associa\u00e7\u00e3o Ferrovi\u00e1ria de Esportes<\/strong>, fundada em 1950. Capacidade para 25 mil pessoas e ponto de encontro de gera\u00e7\u00f5es em dia de jogo.<\/li>\n\n\n\n<li><strong>Museu de Arqueologia e Paleontologia (MAPA)<\/strong>: acervo com f\u00f3sseis encontrados na regi\u00e3o. A cidade possui cerca de 36 mil pe\u00e7as arqueol\u00f3gicas catalogadas.<\/li>\n\n\n\n<li><strong>Rua Volunt\u00e1rios da P\u00e1tria (Rua 5)<\/strong>: pavimentada com paralelep\u00edpedos e ladeada por oitis que formam um t\u00fanel verde. Cen\u00e1rio para fotos e caminhadas.<\/li>\n\n\n\n<li><strong>Parque Infantil<\/strong>: grande \u00e1rea verde no cora\u00e7\u00e3o da cidade, com espa\u00e7o para atividades f\u00edsicas e eventos culturais sob a sombra de \u00e1rvores nativas.<\/li>\n\n\n\n<li><strong>Igreja Matriz de S\u00e3o Bento<\/strong>: marco neog\u00f3tico com vitrais no centro hist\u00f3rico.<\/li>\n<\/ul>\n\n\n\n<p>O v\u00eddeo do canal <strong>Cidades do Interior<\/strong> apresenta um panorama detalhado sobre como \u00e9 viver em <strong>Araraquara<\/strong>, no interior de S\u00e3o Paulo, conhecida carinhosamente como a &#8220;Morada do Sol&#8221; e &#8220;Capital da Laranja&#8221;.<\/p>\n\n\n\n<figure class=\"wp-block-embed aligncenter is-type-video is-provider-youtube wp-block-embed-youtube wp-embed-aspect-16-9 wp-has-aspect-ratio\"><div class=\"wp-block-embed__wrapper\">\n<div class=\"jeg_video_container jeg_video_content\"><iframe loading=\"lazy\" title=\"VALE A PENA MORAR EM ARARAQUARA - SP? | DESCUBRA como \u00e9 morar nessa CIDADE DO INTERIOR PAULISTA!\" width=\"500\" height=\"281\" src=\"https:\/\/www.youtube.com\/embed\/aAXIkYvxRTo?feature=oembed\" frameborder=\"0\" allow=\"accelerometer; autoplay; clipboard-write; encrypted-media; gyroscope; picture-in-picture; web-share\" referrerpolicy=\"strict-origin-when-cross-origin\" allowfullscreen><\/iframe><\/div>\n<\/div><\/figure>\n\n\n\n<h2 class=\"wp-block-heading\">O que se come na Morada do Sol?<\/h2>\n\n\n\n<p>A mesa araraquarense mistura tradi\u00e7\u00e3o caipira, heran\u00e7a italiana e a fartura do interior paulista.<\/p>\n\n\n\n<ul class=\"wp-block-list\">\n<li><strong>Leitoa \u00e0 pururuca<\/strong>: servida nos restaurantes do centro e em festas tradicionais.<\/li>\n\n\n\n<li><strong>Frango com polenta<\/strong>: heran\u00e7a italiana presente nos almo\u00e7os de fim de semana.<\/li>\n\n\n\n<li><strong>Suco de laranja fresco<\/strong>: n\u00e3o \u00e9 s\u00f3 exporta\u00e7\u00e3o. A fruta que sustenta a economia aparece na mesa do morador todos os dias.<\/li>\n\n\n\n<li><strong>Boteco P\u00e9 na Cova e bares do centro<\/strong>: vida noturna de interior com cerveja gelada e petiscos de boteco.<\/li>\n<\/ul>\n\n\n\n<p><strong>Leia tamb\u00e9m: <a href=\"https:\/\/www.correiobraziliense.com.br\/cbradar\/a-cidade-de-8-mil-moradores-no-ms-que-esconde-a-maior-cachoeira-do-estado-e-o-maior-rapel-do-pais\/\" target=\"_blank\" rel=\"noreferrer noopener\">A cidade de 8 mil moradores no MS que esconde a maior cachoeira do estado e o maior rapel do pa\u00eds.<\/a><\/strong><\/p>\n\n\n\n<h2 class=\"wp-block-heading\">Quando o clima favorece cada tipo de programa?<\/h2>\n\n\n\n<p>O clima \u00e9 tropical, com ver\u00f5es quentes e chuvosos e invernos secos e amenos. A altitude m\u00e9dia de 664 metros ajuda na ventila\u00e7\u00e3o urbana.<\/p>\n\n\n\n<style>\n  \/* --- CONTAINER BLINDADO (PADR\u00c3O REGISTRADO) --- *\/\n  .clima-grid-final {\n    font-family: -apple-system, BlinkMacSystemFont, \"Segoe UI\", Roboto, Arial, sans-serif !important;\n    width: 100% !important;\n    max-width: 1200px !important;\n    margin: 20px auto !important;\n    display: grid !important;\n    \/* FOR\u00c7A 4 COLUNAS NO DESKTOP *\/\n    grid-template-columns: repeat(4, 1fr) !important; \n    gap: 15px !important;\n    box-sizing: border-box !important;\n  }\n\n  .clima-grid-final * {\n    box-sizing: border-box !important;\n  }\n\n  \/* --- BLINDAGEM CONTRA ADS E PLUGINS INTRUSOS --- *\/\n  .clima-grid-final > :not(.card-clima) {\n    display: none !important;\n    width: 0 !important;\n    height: 0 !important;\n    opacity: 0 !important;\n  }\n\n  \/* --- CARD PRETO B\u00c1SICO (FUNDO BRANCO) --- *\/\n  .card-clima {\n    background: #ffffff !important;\n    border: 1px solid #e0e0e0 !important;\n    border-radius: 20px !important;\n    padding: 20px 10px !important;\n    text-align: center !important;\n    display: flex !important;\n    flex-direction: column !important;\n    align-items: center !important;\n    box-shadow: 0 4px 10px rgba(0, 0, 0, 0.05) !important;\n    min-width: 0 !important; \n    transition: transform 0.2s ease !important;\n    overflow: hidden !important;\n    height: 100% !important;\n  }\n\n  .card-clima:hover {\n    transform: translateY(-5px) !important;\n    border-color: #000000 !important;\n  }\n\n  \/* --- CONTE\u00daDO --- *\/\n  .estacao-nome { \n    font-size: 14px !important; \n    font-weight: 800 !important; \n    color: #000000 !important; \n    text-transform: uppercase !important; \n    margin: 0 0 5px 0 !important; \n  }\n  \n  .estacao-meses { \n    font-size: 10px !important; \n    font-weight: 700 !important; \n    color: #444444 !important; \n    text-transform: uppercase !important; \n    margin-bottom: 15px !important; \n    display: block !important;\n  }\n  \n  .temp-valor { \n    font-size: 24px !important; \n    font-weight: 800 !important; \n    color: #000000 !important; \n    line-height: 1.1 !important; \n    margin: 0 !important;\n  }\n  \n  .temp-label { \n    font-size: 9px !important; \n    font-weight: 600 !important; \n    color: #777777 !important; \n    text-transform: uppercase !important; \n    margin-bottom: 15px !important; \n    display: block !important;\n  }\n  \n  .clima-desc { \n    font-size: 12px !important; \n    line-height: 1.4 !important; \n    color: #333333 !important; \n    margin-bottom: 15px !important; \n    flex-grow: 1 !important; \n  }\n\n  .tag-chuva {\n    background-color: #f5f5f5 !important;\n    border: 1px solid #d0d0d0 !important;\n    color: #000000 !important;\n    padding: 5px 12px !important;\n    border-radius: 20px !important;\n    font-size: 9px !important;\n    font-weight: 800 !important;\n    text-transform: uppercase !important;\n    margin-top: auto !important;\n  }\n\n  \/* --- RESPONSIVIDADE --- *\/\n  @media (max-width: 800px) {\n    .clima-grid-final {\n      grid-template-columns: 1fr !important; \n    }\n    .card-clima {\n      padding: 25px 20px !important;\n    }\n  }\n<\/style>\n\n<div class=\"google-auto-ads-ignore clima-grid-final\">\n  \n  <div class=\"card-clima\">\n    <div class=\"estacao-nome\">\u2600\ufe0f Ver\u00e3o<\/div>\n    <span class=\"estacao-meses\">Dez &#8211; Fev<\/span>\n    <div class=\"temp-valor\">20-32 \u00b0C<\/div>\n    <span class=\"temp-label\">Temperatura<\/span>\n    <div class=\"clima-desc\">O calor intenso convida para aproveitar os <b>parques<\/b> da cidade e se refrescar nas <b>piscinas do complexo esportivo<\/b>.<\/div>\n    <div class=\"tag-chuva\">\ud83c\udf27\ufe0f Chuva Alta<\/div>\n  <\/div>\n\n  <div class=\"card-clima\">\n    <div class=\"estacao-nome\">\ud83c\udf42 Outono<\/div>\n    <span class=\"estacao-meses\">Mar &#8211; Mai<\/span>\n    <div class=\"temp-valor\">16-28 \u00b0C<\/div>\n    <span class=\"temp-label\">Temperatura<\/span>\n    <div class=\"clima-desc\">Com temperaturas mais amenas, \u00e9 a \u00e9poca perfeita para explorar as <b>trilhas no Parque do Basalto<\/b> e contemplar a natureza.<\/div>\n    <div class=\"tag-chuva\">\ud83c\udf26\ufe0f Chuva M\u00e9dia<\/div>\n  <\/div>\n\n  <div class=\"card-clima\">\n    <div class=\"estacao-nome\">\ud83e\udde3 Inverno<\/div>\n    <span class=\"estacao-meses\">Jun &#8211; Ago<\/span>\n    <div class=\"temp-valor\">12-26 \u00b0C<\/div>\n    <span class=\"temp-label\">Temperatura<\/span>\n    <div class=\"clima-desc\">O tempo firme e seco favorece roteiros culturais, como visitas aos <b>museus<\/b> e caminhadas pelo <b>centro hist\u00f3rico<\/b>.<\/div>\n    <div class=\"tag-chuva\">\u2600\ufe0f Chuva Baixa<\/div>\n  <\/div>\n\n  <div class=\"card-clima\">\n    <div class=\"estacao-nome\">\ud83c\udf38 Primavera<\/div>\n    <span class=\"estacao-meses\">Set &#8211; Nov<\/span>\n    <div class=\"temp-valor\">17-30 \u00b0C<\/div>\n    <span class=\"temp-label\">Temperatura<\/span>\n    <div class=\"clima-desc\">A esta\u00e7\u00e3o das flores deixa a <b>Fonte Luminosa<\/b> e as <b>pra\u00e7as<\/b> da cidade ainda mais encantadoras para passeios ao ar livre.<\/div>\n    <div class=\"tag-chuva\">\ud83d\udcc8 Crescente<\/div>\n  <\/div>\n\n<\/div>\n\n\n\n<p><em>Temperaturas aproximadas com base no <a href=\"https:\/\/www.climatempo.com.br\/previsao-do-tempo\/cidade\/397\/araraquara-sp\" target=\"_blank\" rel=\"noreferrer noopener\"><strong>Climatempo<\/strong><\/a>. Condi\u00e7\u00f5es podem variar.<\/em><\/p>\n\n\n<div class=\"wp-block-image\">\n<figure class=\"aligncenter size-large\"><img decoding=\"async\" src=\"https:\/\/www.tupi.fm\/wp-content\/uploads\/2026\/04\/aaa-2026-04-17T030547.567-1024x576.png\" alt=\"\" class=\"wp-image-2342078\"\/><figcaption class=\"wp-element-caption\"> Morada do Sol entrega o que o interior paulista tem de melhor. \/ Cr\u00e9ditos: Wikip\u00e9dia<\/figcaption><\/figure><\/div>\n\n\n<h2 class=\"wp-block-heading\">Como chegar \u00e0 Morada do Sol?<\/h2>\n\n\n\n<p>Araraquara fica a 270 km de S\u00e3o Paulo pela <strong>Rodovia Washington Lu\u00eds (SP-310)<\/strong>, cerca de 3 horas de carro. O <strong>Aeroporto de Araraquara<\/strong> opera voos regionais. A rodovi\u00e1ria tem linhas di\u00e1rias para a capital, <strong>Ribeir\u00e3o Preto<\/strong>, <strong>S\u00e3o Carlos<\/strong> e <strong>Campinas<\/strong>. O aeroporto mais pr\u00f3ximo com voos nacionais \u00e9 o de Ribeir\u00e3o Preto.<\/p>\n\n\n\n<h2 class=\"wp-block-heading\">Uma cidade que faz jus ao apelido<\/h2>\n\n\n\n<p><strong>Araraquara brilha nos n\u00fameros e nas ruas. <\/strong>O IDH de 0,815 n\u00e3o \u00e9 acidente: \u00e9 resultado de universidade forte, ind\u00fastria consolidada, arboriza\u00e7\u00e3o que cobre a cidade inteira e um ritmo de vida que permite caminhar sob oitis centen\u00e1rios sem pressa. A Morada do Sol entrega o que o interior paulista tem de melhor, sem exigir que voc\u00ea abra m\u00e3o de nada que uma cidade grande oferece.<\/p>\n\n\n\n<p>Se voc\u00ea quer morar onde M\u00e1rio de Andrade encontrou inspira\u00e7\u00e3o e o suco de laranja sai da f\u00e1brica ao lado, Araraquara espera com as cal\u00e7adas na sombra e o sol no nome.<\/p>\n","protected":false},"excerpt":{"rendered":"<p>Em 1926, M\u00e1rio de Andrade se hospedou na Fazenda Sapucaia e escreveu Macuna\u00edma em apenas uma semana. O mesmo sol do interior paulista que inspirou o autor continua presente: intenso, constante e marcante. Araraquara, conhecida como Morada do Sol ou &#8220;Capital da Laranja&#8221;, est\u00e1 a 270 km de S\u00e3o Paulo e combina alto \u00edndice de [&hellip;]<\/p>\n","protected":false},"author":8,"featured_media":234009,"comment_status":"open","ping_status":"open","sticky":false,"template":"","format":"standard","meta":{"_yoast_wpseo_focuskw":"Capital da Laranja","_yoast_wpseo_title":"","_yoast_wpseo_metadesc":"Com a maior exportadora de suco do mundo, a \u201cCapital da Laranja\u201d se torna destino de quem busca qualidade de vida","jnews-multi-image_gallery":[],"jnews_single_post":{"format":"standard"},"jnews_primary_category":[],"jnews_social_meta":[],"jnews_override_counter":[],"footnotes":""},"categories":[108,111],"post_tag":[9679,278],"class_list":["post-234005","post","type-post","status-publish","format-standard","has-post-thumbnail","hentry","category-cidades","category-turismo","tag-araraquara","tag-sao-paulo"],"yoast_head":"<!-- This site is optimized with the Yoast SEO plugin v24.6 - https:\/\/yoast.com\/wordpress\/plugins\/seo\/ -->\n<title>A \u201cCapital da Laranja\u201d surpreende ao reunir a maior exportadora de suco do mundo e qualidade de vida que atrai moradores - Correio Braziliense - Radar<\/title>\n<meta name=\"description\" content=\"Com a maior exportadora de suco do mundo, a \u201cCapital da Laranja\u201d se torna destino de quem busca qualidade de vida\" \/>\n<meta name=\"robots\" content=\"index, follow, max-snippet:-1, max-image-preview:large, max-video-preview:-1\" \/>\n<link rel=\"canonical\" href=\"https:\/\/www.correiobraziliense.com.br\/cbradar\/a-capital-da-laranja-surpreende-ao-reunir-a-maior-exportadora-de-suco-do-mundo-e-qualidade-de-vida-que-atrai-moradores\/\" \/>\n<meta property=\"og:locale\" content=\"pt_BR\" \/>\n<meta property=\"og:type\" content=\"article\" \/>\n<meta property=\"og:title\" content=\"A \u201cCapital da Laranja\u201d surpreende ao reunir a maior exportadora de suco do mundo e qualidade de vida que atrai moradores - Correio Braziliense - Radar\" \/>\n<meta property=\"og:description\" content=\"Com a maior exportadora de suco do mundo, a \u201cCapital da Laranja\u201d se torna destino de quem busca qualidade de vida\" \/>\n<meta property=\"og:url\" content=\"https:\/\/www.correiobraziliense.com.br\/cbradar\/a-capital-da-laranja-surpreende-ao-reunir-a-maior-exportadora-de-suco-do-mundo-e-qualidade-de-vida-que-atrai-moradores\/\" \/>\n<meta property=\"og:site_name\" content=\"Correio Braziliense - Radar\" \/>\n<meta property=\"article:published_time\" content=\"2026-04-29T07:05:00+00:00\" \/>\n<meta property=\"article:modified_time\" content=\"2026-04-29T10:33:51+00:00\" \/>\n<meta property=\"og:image\" content=\"https:\/\/www.correiobraziliense.com.br\/cbradar\/wp-content\/uploads\/2026\/04\/aaa-2026-04-29T071036.447.png\" \/>\n\t<meta property=\"og:image:width\" content=\"1280\" \/>\n\t<meta property=\"og:image:height\" content=\"720\" \/>\n\t<meta property=\"og:image:type\" content=\"image\/png\" \/>\n<meta name=\"author\" content=\"Maura Pereira\" \/>\n<meta name=\"twitter:card\" content=\"summary_large_image\" \/>\n<meta name=\"twitter:label1\" content=\"Escrito por\" \/>\n\t<meta name=\"twitter:data1\" content=\"Maura Pereira\" \/>\n\t<meta name=\"twitter:label2\" content=\"Est. tempo de leitura\" \/>\n\t<meta name=\"twitter:data2\" content=\"7 minutos\" \/>\n<!-- \/ Yoast SEO plugin. -->","yoast_head_json":{"title":"A \u201cCapital da Laranja\u201d surpreende ao reunir a maior exportadora de suco do mundo e qualidade de vida que atrai moradores - Correio Braziliense - Radar","description":"Com a maior exportadora de suco do mundo, a \u201cCapital da Laranja\u201d se torna destino de quem busca qualidade de vida","robots":{"index":"index","follow":"follow","max-snippet":"max-snippet:-1","max-image-preview":"max-image-preview:large","max-video-preview":"max-video-preview:-1"},"canonical":"https:\/\/www.correiobraziliense.com.br\/cbradar\/a-capital-da-laranja-surpreende-ao-reunir-a-maior-exportadora-de-suco-do-mundo-e-qualidade-de-vida-que-atrai-moradores\/","og_locale":"pt_BR","og_type":"article","og_title":"A \u201cCapital da Laranja\u201d surpreende ao reunir a maior exportadora de suco do mundo e qualidade de vida que atrai moradores - Correio Braziliense - Radar","og_description":"Com a maior exportadora de suco do mundo, a \u201cCapital da Laranja\u201d se torna destino de quem busca qualidade de vida","og_url":"https:\/\/www.correiobraziliense.com.br\/cbradar\/a-capital-da-laranja-surpreende-ao-reunir-a-maior-exportadora-de-suco-do-mundo-e-qualidade-de-vida-que-atrai-moradores\/","og_site_name":"Correio Braziliense - Radar","article_published_time":"2026-04-29T07:05:00+00:00","article_modified_time":"2026-04-29T10:33:51+00:00","og_image":[{"width":1280,"height":720,"url":"https:\/\/www.correiobraziliense.com.br\/cbradar\/wp-content\/uploads\/2026\/04\/aaa-2026-04-29T071036.447.png","type":"image\/png"}],"author":"Maura Pereira","twitter_card":"summary_large_image","twitter_misc":{"Escrito por":"Maura Pereira","Est. tempo de leitura":"7 minutos"},"schema":{"@context":"https:\/\/schema.org","@graph":[{"@type":"WebPage","@id":"https:\/\/www.correiobraziliense.com.br\/cbradar\/a-capital-da-laranja-surpreende-ao-reunir-a-maior-exportadora-de-suco-do-mundo-e-qualidade-de-vida-que-atrai-moradores\/","url":"https:\/\/www.correiobraziliense.com.br\/cbradar\/a-capital-da-laranja-surpreende-ao-reunir-a-maior-exportadora-de-suco-do-mundo-e-qualidade-de-vida-que-atrai-moradores\/","name":"A \u201cCapital da Laranja\u201d surpreende ao reunir a maior exportadora de suco do mundo e qualidade de vida que atrai moradores - Correio Braziliense - Radar","isPartOf":{"@id":"https:\/\/www.correiobraziliense.com.br\/cbradar\/#website"},"primaryImageOfPage":{"@id":"https:\/\/www.correiobraziliense.com.br\/cbradar\/a-capital-da-laranja-surpreende-ao-reunir-a-maior-exportadora-de-suco-do-mundo-e-qualidade-de-vida-que-atrai-moradores\/#primaryimage"},"image":{"@id":"https:\/\/www.correiobraziliense.com.br\/cbradar\/a-capital-da-laranja-surpreende-ao-reunir-a-maior-exportadora-de-suco-do-mundo-e-qualidade-de-vida-que-atrai-moradores\/#primaryimage"},"thumbnailUrl":"https:\/\/www.correiobraziliense.com.br\/cbradar\/wp-content\/uploads\/2026\/04\/aaa-2026-04-29T071036.447.png","datePublished":"2026-04-29T07:05:00+00:00","dateModified":"2026-04-29T10:33:51+00:00","author":{"@id":"https:\/\/www.correiobraziliense.com.br\/cbradar\/#\/schema\/person\/4053c651a9bfc785afc6f4cbc9032fd3"},"description":"Com a maior exportadora de suco do mundo, a \u201cCapital da Laranja\u201d se torna destino de quem busca qualidade de vida","breadcrumb":{"@id":"https:\/\/www.correiobraziliense.com.br\/cbradar\/a-capital-da-laranja-surpreende-ao-reunir-a-maior-exportadora-de-suco-do-mundo-e-qualidade-de-vida-que-atrai-moradores\/#breadcrumb"},"inLanguage":"pt-BR","potentialAction":[{"@type":"ReadAction","target":["https:\/\/www.correiobraziliense.com.br\/cbradar\/a-capital-da-laranja-surpreende-ao-reunir-a-maior-exportadora-de-suco-do-mundo-e-qualidade-de-vida-que-atrai-moradores\/"]}]},{"@type":"ImageObject","inLanguage":"pt-BR","@id":"https:\/\/www.correiobraziliense.com.br\/cbradar\/a-capital-da-laranja-surpreende-ao-reunir-a-maior-exportadora-de-suco-do-mundo-e-qualidade-de-vida-que-atrai-moradores\/#primaryimage","url":"https:\/\/www.correiobraziliense.com.br\/cbradar\/wp-content\/uploads\/2026\/04\/aaa-2026-04-29T071036.447.png","contentUrl":"https:\/\/www.correiobraziliense.com.br\/cbradar\/wp-content\/uploads\/2026\/04\/aaa-2026-04-29T071036.447.png","width":1280,"height":720,"caption":"Araraquara tem cerca de 242 mil habitantes e um IDH de 0,815, classificado como muito alto. \/ Imagem ilustrativa"},{"@type":"BreadcrumbList","@id":"https:\/\/www.correiobraziliense.com.br\/cbradar\/a-capital-da-laranja-surpreende-ao-reunir-a-maior-exportadora-de-suco-do-mundo-e-qualidade-de-vida-que-atrai-moradores\/#breadcrumb","itemListElement":[{"@type":"ListItem","position":1,"name":"In\u00edcio","item":"https:\/\/www.correiobraziliense.com.br\/cbradar\/"},{"@type":"ListItem","position":2,"name":"A \u201cCapital da Laranja\u201d surpreende ao reunir a maior exportadora de suco do mundo e qualidade de vida que atrai moradores"}]},{"@type":"WebSite","@id":"https:\/\/www.correiobraziliense.com.br\/cbradar\/#website","url":"https:\/\/www.correiobraziliense.com.br\/cbradar\/","name":"Correio Braziliense - Radar","description":"Acompanhe as \u00faltimas not\u00edcias e fique bem informado sobre tudo o que acontece no Brasil e no mundo.","potentialAction":[{"@type":"SearchAction","target":{"@type":"EntryPoint","urlTemplate":"https:\/\/www.correiobraziliense.com.br\/cbradar\/?s={search_term_string}"},"query-input":{"@type":"PropertyValueSpecification","valueRequired":true,"valueName":"search_term_string"}}],"inLanguage":"pt-BR"},{"@type":"Person","@id":"https:\/\/www.correiobraziliense.com.br\/cbradar\/#\/schema\/person\/4053c651a9bfc785afc6f4cbc9032fd3","name":"Maura Pereira","image":{"@type":"ImageObject","inLanguage":"pt-BR","@id":"https:\/\/www.correiobraziliense.com.br\/cbradar\/#\/schema\/person\/image\/","url":"https:\/\/secure.gravatar.com\/avatar\/3effd6bdadfa447f15089c7f7144eaa6?s=96&d=mm&r=g","contentUrl":"https:\/\/secure.gravatar.com\/avatar\/3effd6bdadfa447f15089c7f7144eaa6?s=96&d=mm&r=g","caption":"Maura Pereira"},"sameAs":["https:\/\/www.correiobraziliense.com.br\/"],"url":"https:\/\/www.correiobraziliense.com.br\/cbradar\/author\/mauramyth\/"}]}},"_links":{"self":[{"href":"https:\/\/www.correiobraziliense.com.br\/cbradar\/wp-json\/wp\/v2\/posts\/234005","targetHints":{"allow":["GET"]}}],"collection":[{"href":"https:\/\/www.correiobraziliense.com.br\/cbradar\/wp-json\/wp\/v2\/posts"}],"about":[{"href":"https:\/\/www.correiobraziliense.com.br\/cbradar\/wp-json\/wp\/v2\/types\/post"}],"author":[{"embeddable":true,"href":"https:\/\/www.correiobraziliense.com.br\/cbradar\/wp-json\/wp\/v2\/users\/8"}],"replies":[{"embeddable":true,"href":"https:\/\/www.correiobraziliense.com.br\/cbradar\/wp-json\/wp\/v2\/comments?post=234005"}],"version-history":[{"count":6,"href":"https:\/\/www.correiobraziliense.com.br\/cbradar\/wp-json\/wp\/v2\/posts\/234005\/revisions"}],"predecessor-version":[{"id":234020,"href":"https:\/\/www.correiobraziliense.com.br\/cbradar\/wp-json\/wp\/v2\/posts\/234005\/revisions\/234020"}],"wp:featuredmedia":[{"embeddable":true,"href":"https:\/\/www.correiobraziliense.com.br\/cbradar\/wp-json\/wp\/v2\/media\/234009"}],"wp:attachment":[{"href":"https:\/\/www.correiobraziliense.com.br\/cbradar\/wp-json\/wp\/v2\/media?parent=234005"}],"wp:term":[{"taxonomy":"category","embeddable":true,"href":"https:\/\/www.correiobraziliense.com.br\/cbradar\/wp-json\/wp\/v2\/categories?post=234005"},{"taxonomy":"post_tag","embeddable":true,"href":"https:\/\/www.correiobraziliense.com.br\/cbradar\/wp-json\/wp\/v2\/post_tag?post=234005"}],"curies":[{"name":"wp","href":"https:\/\/api.w.org\/{rel}","templated":true}]}}