{"id":234025,"date":"2026-04-29T07:55:00","date_gmt":"2026-04-29T10:55:00","guid":{"rendered":"https:\/\/www.correiobraziliense.com.br\/cbradar\/?p=234025"},"modified":"2026-04-29T07:42:55","modified_gmt":"2026-04-29T10:42:55","slug":"na-4a-cidade-mais-antiga-do-brasil-uma-praca-unica-esta-chamando-a-atencao-e-ao-ser-patrimonio-mundial-pela-unesco","status":"publish","type":"post","link":"https:\/\/www.correiobraziliense.com.br\/cbradar\/na-4a-cidade-mais-antiga-do-brasil-uma-praca-unica-esta-chamando-a-atencao-e-ao-ser-patrimonio-mundial-pela-unesco\/","title":{"rendered":"Na 4\u00aa cidade mais antiga do Brasil, uma pra\u00e7a \u00fanica est\u00e1 chamando a aten\u00e7\u00e3o e ao ser Patrim\u00f4nio Mundial pela UNESCO"},"content":{"rendered":"\n<p>Fundada em <strong>1590<\/strong>, <strong>S\u00e3o Crist\u00f3v\u00e3o<\/strong> guarda a <a href=\"http:\/\/portal.iphan.gov.br\/pagina\/detalhes\/43\" target=\"_blank\" rel=\"noreferrer noopener\"><strong>Pra\u00e7a S\u00e3o Francisco<\/strong><\/a>, \u00fanico conjunto urbano do Brasil reconhecido como Patrim\u00f4nio Mundial pela <strong>UNESCO<\/strong>. A cidade foi a primeira capital de <strong>Sergipe<\/strong>.<\/p>\n\n\n\n<h2 class=\"wp-block-heading\">Por que S\u00e3o Crist\u00f3v\u00e3o \u00e9 chamada de Cidade M\u00e3e de Sergipe?<\/h2>\n\n\n\n<p><strong>S\u00e3o Crist\u00f3v\u00e3o \u00e9 chamada de Cidade M\u00e3e de Sergipe por sua import\u00e2ncia hist\u00f3rica na forma\u00e7\u00e3o do estado. <\/strong>Foi a primeira capital sergipana e \u00e9 considerada a quarta cidade mais antiga do Brasil, atr\u00e1s apenas de <strong>Salvador<\/strong>, <strong>Rio de Janeiro<\/strong> e <strong>Jo\u00e3o Pessoa.<\/strong> Esse protagonismo atravessa s\u00e9culos e ajuda a explicar o apelido. Durante a invas\u00e3o holandesa, entre 1630 e 1654, o n\u00facleo urbano foi praticamente destru\u00eddo e depois reconstru\u00eddo, recebendo forte influ\u00eancia da arquitetura religiosa.<\/p>\n\n\n\n<p>Esse passado marcante se reflete no centro hist\u00f3rico, que re\u00fane igrejas seculares, conventos e pal\u00e1cios em poucas quadras. Em 1967, todo esse conjunto arquitet\u00f4nico, urban\u00edstico e paisag\u00edstico foi tombado pelo <strong>Instituto do Patrim\u00f4nio Hist\u00f3rico e Art\u00edstico Nacional (IPHAN)<\/strong>, um reconhecimento que veio d\u00e9cadas antes da chancela internacional conquistada em 2010.<\/p>\n\n\n<div class=\"wp-block-image\">\n<figure class=\"aligncenter size-large\"><img decoding=\"async\" width=\"1024\" height=\"576\" src=\"https:\/\/www.correiobraziliense.com.br\/cbradar\/wp-content\/uploads\/2025\/12\/Design-sem-nome-56-1024x576.png\" alt=\"A 4\u00aa cidade mais antiga do Brasil, fundada em 1590, chama aten\u00e7\u00e3o por causar uma aut\u00eantica viagem no tempo\" class=\"wp-image-158311\" srcset=\"https:\/\/www.correiobraziliense.com.br\/cbradar\/wp-content\/uploads\/2025\/12\/Design-sem-nome-56-1024x576.png 1024w, https:\/\/www.correiobraziliense.com.br\/cbradar\/wp-content\/uploads\/2025\/12\/Design-sem-nome-56-300x169.png 300w, https:\/\/www.correiobraziliense.com.br\/cbradar\/wp-content\/uploads\/2025\/12\/Design-sem-nome-56-768x432.png 768w, https:\/\/www.correiobraziliense.com.br\/cbradar\/wp-content\/uploads\/2025\/12\/Design-sem-nome-56-750x422.png 750w, https:\/\/www.correiobraziliense.com.br\/cbradar\/wp-content\/uploads\/2025\/12\/Design-sem-nome-56-1140x641.png 1140w, https:\/\/www.correiobraziliense.com.br\/cbradar\/wp-content\/uploads\/2025\/12\/Design-sem-nome-56.png 1280w\" sizes=\"(max-width: 1024px) 100vw, 1024px\" \/><figcaption class=\"wp-element-caption\">S\u00e3o Crist\u00f3v\u00e3o encanta ao combinar religiosidade, patrim\u00f4nio hist\u00f3rico e sabores t\u00edpicos, oferecendo aos visitantes uma experi\u00eancia cultural completa em Sergipe. \/\/ Cr\u00e9ditos: Wikipedia<\/figcaption><\/figure><\/div>\n\n\n<h2 class=\"wp-block-heading\">O s\u00edmbolo ib\u00e9rico que deu \u00e0 cidade o selo da UNESCO<\/h2>\n\n\n\n<p>A Pra\u00e7a S\u00e3o Francisco foi reconhecida pela <a href=\"https:\/\/whc.unesco.org\/en\/list\/1272\/\" target=\"_blank\" rel=\"noreferrer noopener\"><strong>UNESCO<\/strong><\/a> em 1\u00ba de agosto de 2010 por um motivo raro no mundo. Seu tra\u00e7ado funde o padr\u00e3o urban\u00edstico portugu\u00eas com as normas espanholas das Ordena\u00e7\u00f5es Filipinas, aplicadas durante a Uni\u00e3o Ib\u00e9rica.<\/p>\n\n\n\n<p>Esse per\u00edodo, entre 1580 e 1640, quando as coroas de Portugal e Espanha estiveram unidas, deixou poucas marcas vis\u00edveis no territ\u00f3rio brasileiro. A pra\u00e7a sancristovense \u00e9 um dos testemunhos mais \u00edntegros dessa fus\u00e3o arquitet\u00f4nica em toda a <strong>Am\u00e9rica Latina<\/strong>.<\/p>\n\n\n\n<p>O reconhecimento fez da cidade o 11\u00ba bem cultural brasileiro na lista da <strong>Organiza\u00e7\u00e3o das Na\u00e7\u00f5es Unidas para a Educa\u00e7\u00e3o, a Ci\u00eancia e a Cultura<\/strong>, segundo o <a href=\"https:\/\/www.gov.br\/iphan\/pt-br\/assuntos\/noticias\/praca-sao-francisco-em-sao-cristovao-se-celebra-15-anos-como-patrimonio-mundial-cultural\" target=\"_blank\" rel=\"noreferrer noopener\">IPHAN<\/a>. O quadril\u00e1tero preserva edifica\u00e7\u00f5es dos s\u00e9culos 17, 18 e 19 em um raio de tr\u00eas hectares.<\/p>\n\n\n\n<h2 class=\"wp-block-heading\">O que visitar no centro hist\u00f3rico da Cidade M\u00e3e?<\/h2>\n\n\n\n<p><strong>Tudo pode ser feito a p\u00e9. <\/strong>As principais atra\u00e7\u00f5es ficam no entorno das duas pra\u00e7as centrais, a de S\u00e3o Francisco e a da Matriz.<\/p>\n\n\n\n<ul class=\"wp-block-list\">\n<li><strong>Pra\u00e7a S\u00e3o Francisco<\/strong>: quadril\u00e1tero tombado pela UNESCO, cercado por casar\u00f5es dos s\u00e9culos 17 a 19 e pelo antigo Pal\u00e1cio Provincial.<\/li>\n\n\n\n<li><strong>Museu de Arte Sacra de Sergipe<\/strong>: instalado na Igreja e Convento de S\u00e3o Francisco, considerado um dos acervos sacros mais importantes do pa\u00eds.<\/li>\n\n\n\n<li><strong>Museu Hist\u00f3rico de Sergipe<\/strong>: funciona no antigo Pal\u00e1cio Provincial e re\u00fane pe\u00e7as que contam a forma\u00e7\u00e3o pol\u00edtica do estado.<\/li>\n\n\n\n<li><strong>Memorial Irm\u00e3 Dulce<\/strong>: dentro do Convento do Carmo, lembra a passagem da primeira santa brasileira, que viveu na cidade por um ano e sete meses.<\/li>\n\n\n\n<li><strong>Igreja Nossa Senhora da Vit\u00f3ria<\/strong>: matriz mais antiga de Sergipe, erguida no in\u00edcio do s\u00e9culo 17 e ainda em pleno funcionamento.<\/li>\n\n\n\n<li><strong>Casa dos Saberes e Fazeres<\/strong>: espa\u00e7o dedicado ao artesanato, \u00e0 gastronomia e \u00e0 moda local, na Rua Coronel Erundino Prado.<\/li>\n<\/ul>\n\n\n\n<p><strong>S\u00e3o Crist\u00f3v\u00e3o guarda as ra\u00edzes da quarta cidade mais antiga do pa\u00eds.<\/strong> O v\u00eddeo \u00e9 do canal <strong>Matheus Boa Sorte<\/strong>, com <strong>240 mil inscritos<\/strong>, destacando a arquitetura colonial, a tradi\u00e7\u00e3o da queijadinha e o estu\u00e1rio local.<\/p>\n\n\n\n<figure class=\"wp-block-embed aligncenter is-type-video is-provider-youtube wp-block-embed-youtube wp-embed-aspect-16-9 wp-has-aspect-ratio\"><div class=\"wp-block-embed__wrapper\">\n<div class=\"jeg_video_container jeg_video_content\"><iframe loading=\"lazy\" title=\"4\u00aa cidade mais antiga do Brasil, S\u00e3o Crist\u00f3v\u00e3o foi a primeira capital de Sergipe!\" width=\"500\" height=\"281\" src=\"https:\/\/www.youtube.com\/embed\/2nWwu6eT2s4?feature=oembed\" frameborder=\"0\" allow=\"accelerometer; autoplay; clipboard-write; encrypted-media; gyroscope; picture-in-picture; web-share\" referrerpolicy=\"strict-origin-when-cross-origin\" allowfullscreen><\/iframe><\/div>\n<\/div><\/figure>\n\n\n\n<h2 class=\"wp-block-heading\">Doces conventuais que atravessam dois s\u00e9culos de hist\u00f3ria<\/h2>\n\n\n\n<p>A gastronomia de S\u00e3o Crist\u00f3v\u00e3o carrega tra\u00e7os portugueses adaptados ao clima e aos ingredientes do <strong>Nordeste<\/strong>. Muitas receitas nasceram nos conventos e sobrevivem at\u00e9 hoje.<\/p>\n\n\n\n<ul class=\"wp-block-list\">\n<li><strong>Queijadinha<\/strong>: doce bicenten\u00e1rio feito com coco no lugar do queijo original, \u00e9 tombado como patrim\u00f4nio imaterial de Sergipe.<\/li>\n\n\n\n<li><strong>Casa da Queijada<\/strong>: comandada por Dona Marieta Santos, segue a receita transmitida h\u00e1 gera\u00e7\u00f5es e virou parada obrigat\u00f3ria na Pra\u00e7a da Matriz.<\/li>\n\n\n\n<li><strong>Pisa macio<\/strong>: cacha\u00e7a t\u00edpica com mel, lim\u00e3o, cravo e canela, servida sobretudo durante festas tradicionais da cidade.<\/li>\n\n\n\n<li><strong>Bricelet<\/strong>: biscoito fino de massa crocante, outro patrim\u00f4nio gastron\u00f4mico reconhecido pela prefeitura.<\/li>\n<\/ul>\n\n\n<div class=\"wp-block-image\">\n<figure class=\"aligncenter size-large\"><img decoding=\"async\" width=\"1024\" height=\"576\" src=\"https:\/\/www.correiobraziliense.com.br\/cbradar\/wp-content\/uploads\/2025\/12\/Design-sem-nome-55-1024x576.png\" alt=\"A 4\u00aa cidade mais antiga do Brasil, fundada em 1590, chama aten\u00e7\u00e3o por causar uma aut\u00eantica viagem no tempo\" class=\"wp-image-158312\" srcset=\"https:\/\/www.correiobraziliense.com.br\/cbradar\/wp-content\/uploads\/2025\/12\/Design-sem-nome-55-1024x576.png 1024w, https:\/\/www.correiobraziliense.com.br\/cbradar\/wp-content\/uploads\/2025\/12\/Design-sem-nome-55-300x169.png 300w, https:\/\/www.correiobraziliense.com.br\/cbradar\/wp-content\/uploads\/2025\/12\/Design-sem-nome-55-768x432.png 768w, https:\/\/www.correiobraziliense.com.br\/cbradar\/wp-content\/uploads\/2025\/12\/Design-sem-nome-55-750x422.png 750w, https:\/\/www.correiobraziliense.com.br\/cbradar\/wp-content\/uploads\/2025\/12\/Design-sem-nome-55-1140x641.png 1140w, https:\/\/www.correiobraziliense.com.br\/cbradar\/wp-content\/uploads\/2025\/12\/Design-sem-nome-55.png 1280w\" sizes=\"(max-width: 1024px) 100vw, 1024px\" \/><figcaption class=\"wp-element-caption\">S\u00e3o Crist\u00f3v\u00e3o encanta com ruas de pedra, casario colonial e a Pra\u00e7a S\u00e3o Francisco, onde o tempo parece ter parado em meio a igrejas, museus e serenidade. \/\/ Cr\u00e9ditos: Wikip\u00e9dia<\/figcaption><\/figure><\/div>\n\n\n<h2 class=\"wp-block-heading\">Quando ir e o que esperar do clima sergipano?<\/h2>\n\n\n\n<p><strong>O calor \u00e9 constante o ano todo.<\/strong> A diferen\u00e7a principal est\u00e1 no volume de chuva, que concentra o pico no outono e come\u00e7o do inverno.<\/p>\n\n\n\n<style>\n  \/* --- CONTAINER BLINDADO (PADR\u00c3O REGISTRADO) --- *\/\n  .clima-grid-final {\n    font-family: -apple-system, BlinkMacSystemFont, \"Segoe UI\", Roboto, Arial, sans-serif;\n    width: 100% !important;\n    max-width: 1200px !important;\n    margin: 20px auto !important;\n    display: grid !important;\n    \/* FOR\u00c7A 4 COLUNAS NO DESKTOP *\/\n    grid-template-columns: repeat(4, 1fr) !important; \n    gap: 15px !important;\n    box-sizing: border-box !important;\n  }\n\n  .clima-grid-final * {\n    box-sizing: border-box !important;\n  }\n\n  \/* --- CARD --- *\/\n  .card-clima {\n    background: #ffffff !important;\n    border: 1px solid #e3f2fd !important;\n    border-radius: 20px !important;\n    padding: 20px 10px !important;\n    text-align: center !important;\n    display: flex !important;\n    flex-direction: column !important;\n    align-items: center !important;\n    box-shadow: 0 4px 10px rgba(13, 71, 161, 0.05) !important;\n    min-width: 0 !important; \n    transition: transform 0.2s ease !important;\n  }\n\n  .card-clima:hover {\n    transform: translateY(-5px) !important;\n    border-color: #90caf9 !important;\n  }\n\n  \/* --- CONTE\u00daDO --- *\/\n  .estacao-nome { font-size: 14px !important; font-weight: 800 !important; color: #0d47a1 !important; text-transform: uppercase !important; margin: 0 0 5px 0 !important; }\n  .estacao-meses { font-size: 10px !important; font-weight: 700 !important; color: #1565c0 !important; text-transform: uppercase !important; margin-bottom: 15px !important; display: block !important;}\n  .temp-valor { font-size: 24px !important; font-weight: 800 !important; color: #01579b !important; line-height: 1 !important; margin: 0 !important;}\n  .temp-label { font-size: 9px !important; font-weight: 600 !important; color: #0288d1 !important; text-transform: uppercase !important; margin-bottom: 15px !important; display: block !important;}\n  .clima-desc { font-size: 12px !important; line-height: 1.4 !important; color: #37474f !important; margin-bottom: 15px !important; flex-grow: 1 !important; }\n\n  .tag-chuva {\n    background-color: #e1f5fe !important;\n    border: 1px solid #b3e5fc !important;\n    color: #0d47a1 !important;\n    padding: 5px 12px !important;\n    border-radius: 20px !important;\n    font-size: 9px !important;\n    font-weight: 800 !important;\n    text-transform: uppercase !important;\n    margin-top: auto !important;\n  }\n\n  \/* --- RESPONSIVIDADE --- *\/\n  @media (max-width: 800px) {\n    .clima-grid-final {\n      grid-template-columns: 1fr !important; \n    }\n    .card-clima {\n      padding: 25px 20px !important;\n    }\n  }\n<\/style>\n\n<div class=\"clima-grid-final\">\n  \n  <div class=\"card-clima\">\n    <div class=\"estacao-nome\">\u2600\ufe0f Ver\u00e3o<\/div>\n    <span class=\"estacao-meses\">Dez &#8211; Fev<\/span>\n    <div class=\"temp-valor\">24-31\u00b0C<\/div>\n    <span class=\"temp-label\">Temperatura<\/span>\n    <div class=\"clima-desc\">Clima quente ideal para <b>caminhadas matinais<\/b> e para prestigiar o vibrante <b>Festival de Artes<\/b> local.<\/div>\n    <div class=\"tag-chuva\">\ud83c\udf26\ufe0f Chuva M\u00e9dia<\/div>\n  <\/div>\n\n  <div class=\"card-clima\">\n    <div class=\"estacao-nome\">\ud83c\udf42 Outono<\/div>\n    <span class=\"estacao-meses\">Mar &#8211; Mai<\/span>\n    <div class=\"temp-valor\">23-30\u00b0C<\/div>\n    <span class=\"temp-label\">Temperatura<\/span>\n    <div class=\"clima-desc\">Per\u00edodo de chuvas frequentes, perfeito para visitar <b>museus<\/b> e as bel\u00edssimas <b>igrejas hist\u00f3ricas<\/b>.<\/div>\n    <div class=\"tag-chuva\">\ud83c\udf27\ufe0f Chuva Alta<\/div>\n  <\/div>\n\n  <div class=\"card-clima\">\n    <div class=\"estacao-nome\">\u2744\ufe0f Inverno<\/div>\n    <span class=\"estacao-meses\">Jun &#8211; Ago<\/span>\n    <div class=\"temp-valor\">21-28\u00b0C<\/div>\n    <span class=\"temp-label\">Temperatura<\/span>\n    <div class=\"clima-desc\">Apesar das chuvas, a esta\u00e7\u00e3o convida para deliciosos <b>roteiros gastron\u00f4micos<\/b> em locais aconchegantes.<\/div>\n    <div class=\"tag-chuva\">\ud83c\udf27\ufe0f Chuva Alta<\/div>\n  <\/div>\n\n  <div class=\"card-clima\">\n    <div class=\"estacao-nome\">\ud83c\udf38 Primavera<\/div>\n    <span class=\"estacao-meses\">Set &#8211; Nov<\/span>\n    <div class=\"temp-valor\">22-29\u00b0C<\/div>\n    <span class=\"temp-label\">Temperatura<\/span>\n    <div class=\"clima-desc\">Com tempo firme, \u00e9 a melhor \u00e9poca para <b>passeios pelo centro hist\u00f3rico<\/b> e contemplar a arquitetura.<\/div>\n    <div class=\"tag-chuva\">\u2600\ufe0f Chuva Baixa<\/div>\n  <\/div>\n\n<\/div>\n\n\n\n<p><em>Temperaturas aproximadas com base no <a href=\"https:\/\/www.climatempo.com.br\/previsao-do-tempo\/cidade\/1463\/saocristovao-se\" target=\"_blank\" rel=\"noreferrer noopener\"><strong>Climatempo<\/strong><\/a>. Condi\u00e7\u00f5es podem variar.<\/em><\/p>\n\n\n\n<h2 class=\"wp-block-heading\">O Festival de Artes \u00e9 a melhor \u00e9poca para visitar?<\/h2>\n\n\n\n<p>Para quem busca movimento, sim. O <strong>Festival de Artes de S\u00e3o Crist\u00f3v\u00e3o (FASC)<\/strong> acontece anualmente e transforma o centro hist\u00f3rico em um grande palco a c\u00e9u aberto, com apresenta\u00e7\u00f5es musicais, teatro, dan\u00e7a e feiras gastron\u00f4micas.<\/p>\n\n\n\n<p>O evento costuma ser realizado entre o fim de novembro e o in\u00edcio de dezembro, organizado pela Funda\u00e7\u00e3o Municipal de Cultura e Turismo. As vendas de queijadinha e pisa macio disparam nesses dias, e pousadas da regi\u00e3o se preparam com meses de anteced\u00eancia.<\/p>\n\n\n\n<p><strong>Leia tamb\u00e9m:<a href=\"https:\/\/www.tupi.fm\/entretenimento\/como-cultivar-columeia-crespa-e-manter-a-planta-sempre-cheia-e-com-crescimento-saudavel\/\" target=\"_blank\" rel=\"noreferrer noopener\"> <\/a><a href=\"https:\/\/www.correiobraziliense.com.br\/cbradar\/a-cidade-de-8-mil-moradores-no-ms-que-esconde-a-maior-cachoeira-do-estado-e-o-maior-rapel-do-pais\/\" target=\"_blank\" rel=\"noreferrer noopener\">A cidade de 8 mil moradores no MS que esconde a maior cachoeira do estado e o maior rapel do pa\u00eds.<\/a><\/strong><\/p>\n\n\n\n<h2 class=\"wp-block-heading\">Como chegar a S\u00e3o Crist\u00f3v\u00e3o a partir de Aracaju?<\/h2>\n\n\n\n<p>A cidade fica a cerca de 25 km de <strong>Aracaju<\/strong>, pela rodovia <strong>SE-065<\/strong>, com viagem de carro em torno de 40 minutos. Micro-\u00f4nibus partem diariamente da Rodovi\u00e1ria Velha da capital sergipana e param na pr\u00f3pria Pra\u00e7a de S\u00e3o Francisco.<\/p>\n\n\n\n<iframe src=\"https:\/\/www.google.com\/maps\/embed?pb=!1m18!1m12!1m3!1d15665.322190909044!2d-37.22488173983624!3d-11.013807315901742!2m3!1f0!2f0!3f0!3m2!1i1024!2i768!4f13.1!3m3!1m2!1s0x71aa5f926566dcd%3A0xbf8241ca5e74021f!2zUHJhw6dhIFPDo28gRnJhbmNpc2NvIC0gQ2VudHJvLCBTw6NvIENyaXN0w7N2w6NvIC0gU0UsIDQ5MTAwLTAwMA!5e0!3m2!1spt-BR!2sbr!4v1776515202643!5m2!1spt-BR!2sbr\" width=\"600\" height=\"450\" style=\"border:0;\" allowfullscreen=\"\" loading=\"lazy\" referrerpolicy=\"no-referrer-when-downgrade\"><\/iframe>\n\n\n\n<h2 class=\"wp-block-heading\">A cidade onde o Brasil colonial ainda respira<\/h2>\n\n\n\n<p><strong>Caminhar por S\u00e3o Crist\u00f3v\u00e3o \u00e9 atravessar quatro s\u00e9culos em poucas quadras<\/strong>. A pra\u00e7a, as igrejas e as receitas conventuais comp\u00f5em um conjunto raro, reconhecido pelo mundo e guardado com cuidado pelos moradores.<\/p>\n\n\n\n<p>Voc\u00ea precisa conhecer S\u00e3o Crist\u00f3v\u00e3o e sentir o peso silencioso de pisar em uma das cidades mais antigas do Brasil, a pouco mais de meia hora de Aracaju.<\/p>\n","protected":false},"excerpt":{"rendered":"<p>Fundada em 1590, S\u00e3o Crist\u00f3v\u00e3o guarda a Pra\u00e7a S\u00e3o Francisco, \u00fanico conjunto urbano do Brasil reconhecido como Patrim\u00f4nio Mundial pela UNESCO. A cidade foi a primeira capital de Sergipe. Por que S\u00e3o Crist\u00f3v\u00e3o \u00e9 chamada de Cidade M\u00e3e de Sergipe? S\u00e3o Crist\u00f3v\u00e3o \u00e9 chamada de Cidade M\u00e3e de Sergipe por sua import\u00e2ncia hist\u00f3rica na forma\u00e7\u00e3o [&hellip;]<\/p>\n","protected":false},"author":8,"featured_media":209094,"comment_status":"open","ping_status":"open","sticky":false,"template":"","format":"standard","meta":{"_yoast_wpseo_focuskw":"cidade mais antiga do Brasil","_yoast_wpseo_title":"","_yoast_wpseo_metadesc":"Entre hist\u00f3ria e reconhecimento, a 4\u00aa cidade mais antiga do Brasil abriga uma pra\u00e7a \u00fanica tombada pela UNESCO.","jnews-multi-image_gallery":[],"jnews_single_post":{"format":"standard"},"jnews_primary_category":[],"jnews_social_meta":[],"jnews_override_counter":[],"footnotes":""},"categories":[108,111],"tags":[12948,12947],"class_list":["post-234025","post","type-post","status-publish","format-standard","has-post-thumbnail","hentry","category-cidades","category-turismo","tag-sao-cristovao","tag-sergipe"],"yoast_head":"<!-- This site is optimized with the Yoast SEO plugin v24.6 - https:\/\/yoast.com\/wordpress\/plugins\/seo\/ -->\n<title>Na 4\u00aa cidade mais antiga do Brasil, uma pra\u00e7a \u00fanica est\u00e1 chamando a aten\u00e7\u00e3o e ao ser Patrim\u00f4nio Mundial pela UNESCO - Correio Braziliense - Radar<\/title>\n<meta name=\"description\" content=\"Entre hist\u00f3ria e reconhecimento, a 4\u00aa cidade mais antiga do Brasil abriga uma pra\u00e7a \u00fanica tombada pela UNESCO.\" \/>\n<meta name=\"robots\" content=\"index, follow, max-snippet:-1, max-image-preview:large, max-video-preview:-1\" \/>\n<link rel=\"canonical\" href=\"https:\/\/www.correiobraziliense.com.br\/cbradar\/na-4a-cidade-mais-antiga-do-brasil-uma-praca-unica-esta-chamando-a-atencao-e-ao-ser-patrimonio-mundial-pela-unesco\/\" \/>\n<meta property=\"og:locale\" content=\"pt_BR\" \/>\n<meta property=\"og:type\" content=\"article\" \/>\n<meta property=\"og:title\" content=\"Na 4\u00aa cidade mais antiga do Brasil, uma pra\u00e7a \u00fanica est\u00e1 chamando a aten\u00e7\u00e3o e ao ser Patrim\u00f4nio Mundial pela UNESCO - Correio Braziliense - Radar\" \/>\n<meta property=\"og:description\" content=\"Entre hist\u00f3ria e reconhecimento, a 4\u00aa cidade mais antiga do Brasil abriga uma pra\u00e7a \u00fanica tombada pela UNESCO.\" \/>\n<meta property=\"og:url\" content=\"https:\/\/www.correiobraziliense.com.br\/cbradar\/na-4a-cidade-mais-antiga-do-brasil-uma-praca-unica-esta-chamando-a-atencao-e-ao-ser-patrimonio-mundial-pela-unesco\/\" \/>\n<meta property=\"og:site_name\" content=\"Correio Braziliense - Radar\" \/>\n<meta property=\"article:published_time\" content=\"2026-04-29T10:55:00+00:00\" \/>\n<meta property=\"og:image\" content=\"https:\/\/www.correiobraziliense.com.br\/cbradar\/wp-content\/uploads\/2026\/03\/aaa-25.png\" \/>\n\t<meta property=\"og:image:width\" content=\"1280\" \/>\n\t<meta property=\"og:image:height\" content=\"720\" \/>\n\t<meta property=\"og:image:type\" content=\"image\/png\" \/>\n<meta name=\"author\" content=\"Maura Pereira\" \/>\n<meta name=\"twitter:card\" content=\"summary_large_image\" \/>\n<meta name=\"twitter:label1\" content=\"Escrito por\" \/>\n\t<meta name=\"twitter:data1\" content=\"Maura Pereira\" \/>\n\t<meta name=\"twitter:label2\" content=\"Est. tempo de leitura\" \/>\n\t<meta name=\"twitter:data2\" content=\"7 minutos\" \/>\n<!-- \/ Yoast SEO plugin. -->","yoast_head_json":{"title":"Na 4\u00aa cidade mais antiga do Brasil, uma pra\u00e7a \u00fanica est\u00e1 chamando a aten\u00e7\u00e3o e ao ser Patrim\u00f4nio Mundial pela UNESCO - Correio Braziliense - Radar","description":"Entre hist\u00f3ria e reconhecimento, a 4\u00aa cidade mais antiga do Brasil abriga uma pra\u00e7a \u00fanica tombada pela UNESCO.","robots":{"index":"index","follow":"follow","max-snippet":"max-snippet:-1","max-image-preview":"max-image-preview:large","max-video-preview":"max-video-preview:-1"},"canonical":"https:\/\/www.correiobraziliense.com.br\/cbradar\/na-4a-cidade-mais-antiga-do-brasil-uma-praca-unica-esta-chamando-a-atencao-e-ao-ser-patrimonio-mundial-pela-unesco\/","og_locale":"pt_BR","og_type":"article","og_title":"Na 4\u00aa cidade mais antiga do Brasil, uma pra\u00e7a \u00fanica est\u00e1 chamando a aten\u00e7\u00e3o e ao ser Patrim\u00f4nio Mundial pela UNESCO - Correio Braziliense - Radar","og_description":"Entre hist\u00f3ria e reconhecimento, a 4\u00aa cidade mais antiga do Brasil abriga uma pra\u00e7a \u00fanica tombada pela UNESCO.","og_url":"https:\/\/www.correiobraziliense.com.br\/cbradar\/na-4a-cidade-mais-antiga-do-brasil-uma-praca-unica-esta-chamando-a-atencao-e-ao-ser-patrimonio-mundial-pela-unesco\/","og_site_name":"Correio Braziliense - Radar","article_published_time":"2026-04-29T10:55:00+00:00","og_image":[{"width":1280,"height":720,"url":"https:\/\/www.correiobraziliense.com.br\/cbradar\/wp-content\/uploads\/2026\/03\/aaa-25.png","type":"image\/png"}],"author":"Maura Pereira","twitter_card":"summary_large_image","twitter_misc":{"Escrito por":"Maura Pereira","Est. tempo de leitura":"7 minutos"},"schema":{"@context":"https:\/\/schema.org","@graph":[{"@type":"WebPage","@id":"https:\/\/www.correiobraziliense.com.br\/cbradar\/na-4a-cidade-mais-antiga-do-brasil-uma-praca-unica-esta-chamando-a-atencao-e-ao-ser-patrimonio-mundial-pela-unesco\/","url":"https:\/\/www.correiobraziliense.com.br\/cbradar\/na-4a-cidade-mais-antiga-do-brasil-uma-praca-unica-esta-chamando-a-atencao-e-ao-ser-patrimonio-mundial-pela-unesco\/","name":"Na 4\u00aa cidade mais antiga do Brasil, uma pra\u00e7a \u00fanica est\u00e1 chamando a aten\u00e7\u00e3o e ao ser Patrim\u00f4nio Mundial pela UNESCO - Correio Braziliense - Radar","isPartOf":{"@id":"https:\/\/www.correiobraziliense.com.br\/cbradar\/#website"},"primaryImageOfPage":{"@id":"https:\/\/www.correiobraziliense.com.br\/cbradar\/na-4a-cidade-mais-antiga-do-brasil-uma-praca-unica-esta-chamando-a-atencao-e-ao-ser-patrimonio-mundial-pela-unesco\/#primaryimage"},"image":{"@id":"https:\/\/www.correiobraziliense.com.br\/cbradar\/na-4a-cidade-mais-antiga-do-brasil-uma-praca-unica-esta-chamando-a-atencao-e-ao-ser-patrimonio-mundial-pela-unesco\/#primaryimage"},"thumbnailUrl":"https:\/\/www.correiobraziliense.com.br\/cbradar\/wp-content\/uploads\/2026\/03\/aaa-25.png","datePublished":"2026-04-29T10:55:00+00:00","author":{"@id":"https:\/\/www.correiobraziliense.com.br\/cbradar\/#\/schema\/person\/4053c651a9bfc785afc6f4cbc9032fd3"},"description":"Entre hist\u00f3ria e reconhecimento, a 4\u00aa cidade mais antiga do Brasil abriga uma pra\u00e7a \u00fanica tombada pela UNESCO.","breadcrumb":{"@id":"https:\/\/www.correiobraziliense.com.br\/cbradar\/na-4a-cidade-mais-antiga-do-brasil-uma-praca-unica-esta-chamando-a-atencao-e-ao-ser-patrimonio-mundial-pela-unesco\/#breadcrumb"},"inLanguage":"pt-BR","potentialAction":[{"@type":"ReadAction","target":["https:\/\/www.correiobraziliense.com.br\/cbradar\/na-4a-cidade-mais-antiga-do-brasil-uma-praca-unica-esta-chamando-a-atencao-e-ao-ser-patrimonio-mundial-pela-unesco\/"]}]},{"@type":"ImageObject","inLanguage":"pt-BR","@id":"https:\/\/www.correiobraziliense.com.br\/cbradar\/na-4a-cidade-mais-antiga-do-brasil-uma-praca-unica-esta-chamando-a-atencao-e-ao-ser-patrimonio-mundial-pela-unesco\/#primaryimage","url":"https:\/\/www.correiobraziliense.com.br\/cbradar\/wp-content\/uploads\/2026\/03\/aaa-25.png","contentUrl":"https:\/\/www.correiobraziliense.com.br\/cbradar\/wp-content\/uploads\/2026\/03\/aaa-25.png","width":1280,"height":720,"caption":"Fundada em 1590, S\u00e3o Crist\u00f3v\u00e3o concentra em poucas quadras mais de quatro s\u00e9culos de hist\u00f3ria. \/ Imagem ilustrativa"},{"@type":"BreadcrumbList","@id":"https:\/\/www.correiobraziliense.com.br\/cbradar\/na-4a-cidade-mais-antiga-do-brasil-uma-praca-unica-esta-chamando-a-atencao-e-ao-ser-patrimonio-mundial-pela-unesco\/#breadcrumb","itemListElement":[{"@type":"ListItem","position":1,"name":"In\u00edcio","item":"https:\/\/www.correiobraziliense.com.br\/cbradar\/"},{"@type":"ListItem","position":2,"name":"Na 4\u00aa cidade mais antiga do Brasil, uma pra\u00e7a \u00fanica est\u00e1 chamando a aten\u00e7\u00e3o e ao ser Patrim\u00f4nio Mundial pela UNESCO"}]},{"@type":"WebSite","@id":"https:\/\/www.correiobraziliense.com.br\/cbradar\/#website","url":"https:\/\/www.correiobraziliense.com.br\/cbradar\/","name":"Correio Braziliense - Radar","description":"Acompanhe as \u00faltimas not\u00edcias e fique bem informado sobre tudo o que acontece no Brasil e no mundo.","potentialAction":[{"@type":"SearchAction","target":{"@type":"EntryPoint","urlTemplate":"https:\/\/www.correiobraziliense.com.br\/cbradar\/?s={search_term_string}"},"query-input":{"@type":"PropertyValueSpecification","valueRequired":true,"valueName":"search_term_string"}}],"inLanguage":"pt-BR"},{"@type":"Person","@id":"https:\/\/www.correiobraziliense.com.br\/cbradar\/#\/schema\/person\/4053c651a9bfc785afc6f4cbc9032fd3","name":"Maura Pereira","image":{"@type":"ImageObject","inLanguage":"pt-BR","@id":"https:\/\/www.correiobraziliense.com.br\/cbradar\/#\/schema\/person\/image\/","url":"https:\/\/secure.gravatar.com\/avatar\/3effd6bdadfa447f15089c7f7144eaa6?s=96&d=mm&r=g","contentUrl":"https:\/\/secure.gravatar.com\/avatar\/3effd6bdadfa447f15089c7f7144eaa6?s=96&d=mm&r=g","caption":"Maura Pereira"},"sameAs":["https:\/\/www.correiobraziliense.com.br\/"],"url":"https:\/\/www.correiobraziliense.com.br\/cbradar\/author\/mauramyth\/"}]}},"_links":{"self":[{"href":"https:\/\/www.correiobraziliense.com.br\/cbradar\/wp-json\/wp\/v2\/posts\/234025","targetHints":{"allow":["GET"]}}],"collection":[{"href":"https:\/\/www.correiobraziliense.com.br\/cbradar\/wp-json\/wp\/v2\/posts"}],"about":[{"href":"https:\/\/www.correiobraziliense.com.br\/cbradar\/wp-json\/wp\/v2\/types\/post"}],"author":[{"embeddable":true,"href":"https:\/\/www.correiobraziliense.com.br\/cbradar\/wp-json\/wp\/v2\/users\/8"}],"replies":[{"embeddable":true,"href":"https:\/\/www.correiobraziliense.com.br\/cbradar\/wp-json\/wp\/v2\/comments?post=234025"}],"version-history":[{"count":4,"href":"https:\/\/www.correiobraziliense.com.br\/cbradar\/wp-json\/wp\/v2\/posts\/234025\/revisions"}],"predecessor-version":[{"id":234029,"href":"https:\/\/www.correiobraziliense.com.br\/cbradar\/wp-json\/wp\/v2\/posts\/234025\/revisions\/234029"}],"wp:featuredmedia":[{"embeddable":true,"href":"https:\/\/www.correiobraziliense.com.br\/cbradar\/wp-json\/wp\/v2\/media\/209094"}],"wp:attachment":[{"href":"https:\/\/www.correiobraziliense.com.br\/cbradar\/wp-json\/wp\/v2\/media?parent=234025"}],"wp:term":[{"taxonomy":"category","embeddable":true,"href":"https:\/\/www.correiobraziliense.com.br\/cbradar\/wp-json\/wp\/v2\/categories?post=234025"},{"taxonomy":"post_tag","embeddable":true,"href":"https:\/\/www.correiobraziliense.com.br\/cbradar\/wp-json\/wp\/v2\/tags?post=234025"}],"curies":[{"name":"wp","href":"https:\/\/api.w.org\/{rel}","templated":true}]}}