{"id":234030,"date":"2026-04-29T10:25:00","date_gmt":"2026-04-29T13:25:00","guid":{"rendered":"https:\/\/www.correiobraziliense.com.br\/cbradar\/?p=234030"},"modified":"2026-04-29T08:48:53","modified_gmt":"2026-04-29T11:48:53","slug":"a-cidade-com-o-maior-indice-de-vida-do-brasil-ha-34-anos-cabe-dentro-de-um-bairro-de-sao-paulo-e-surpreende-pela-qualidade-de-vida","status":"publish","type":"post","link":"https:\/\/www.correiobraziliense.com.br\/cbradar\/a-cidade-com-o-maior-indice-de-vida-do-brasil-ha-34-anos-cabe-dentro-de-um-bairro-de-sao-paulo-e-surpreende-pela-qualidade-de-vida\/","title":{"rendered":"A cidade com o maior \u00edndice de vida do Brasil h\u00e1 34 anos cabe dentro de um bairro de S\u00e3o Paulo e surpreende pela qualidade de vida"},"content":{"rendered":"\n<p>Em apenas <strong>15,33 km\u00b2<\/strong>, <strong>S\u00e3o Caetano do Sul<\/strong> re\u00fane o melhor \u00edndice de qualidade de vida do pa\u00eds desde <strong>1991<\/strong>. A cidade do <strong>ABC Paulista<\/strong> tem 100% das ruas asfaltadas e analfabetismo abaixo de 1,5%.<\/p>\n\n\n\n<h2 class=\"wp-block-heading\">Como 28 fam\u00edlias italianas moldaram a cidade mais desenvolvida do pa\u00eds<\/h2>\n\n\n\n<p>A hist\u00f3ria come\u00e7a em <strong>28 de julho de 1877<\/strong>, quando 28 fam\u00edlias vindas da prov\u00edncia de <strong>Treviso<\/strong>, na <strong>It\u00e1lia<\/strong>, desembarcaram no N\u00facleo Colonial instalado pelo Governo Imperial nas terras da antiga <a href=\"https:\/\/www.camarascs.sp.gov.br\/index.php\/historia\" target=\"_blank\" rel=\"noreferrer noopener\"><strong>Fazenda S\u00e3o Caetano<\/strong><\/a>. O terreno pertencia aos frades beneditinos desde o s\u00e9culo XVII e abrigava olarias e planta\u00e7\u00f5es de feij\u00e3o e mandioca.<\/p>\n\n\n\n<p>Os colonos ergueram escolas, oficinas e a Sociedade de M\u00fatuo Socorro Pr\u00edncipe de N\u00e1poli entre a antiga capela e a esta\u00e7\u00e3o da S\u00e3o Paulo Railway. Em <strong>1948<\/strong>, o munic\u00edpio ganhou o sufixo <em>do Sul<\/em> para diferenciar-se de uma cidade hom\u00f4nima em <strong>Pernambuco<\/strong>.<\/p>\n\n\n\n<p>A heran\u00e7a italiana segue presente nos sobrenomes, na devo\u00e7\u00e3o a S\u00e3o Caetano de Thiene e na arquitetura do <strong>Bairro da Funda\u00e7\u00e3o<\/strong>. A <a href=\"https:\/\/www.fpm.org.br\/\" target=\"_blank\" rel=\"noreferrer noopener\"><strong>Funda\u00e7\u00e3o Pr\u00f3-Mem\u00f3ria de S\u00e3o Caetano do Sul<\/strong><\/a> mant\u00e9m acervo com documentos, fotos e exposi\u00e7\u00f5es virtuais sobre as primeiras fam\u00edlias colonizadoras.<\/p>\n\n\n<div class=\"wp-block-image\">\n<figure class=\"aligncenter size-large\"><img decoding=\"async\" width=\"1024\" height=\"576\" src=\"https:\/\/www.correiobraziliense.com.br\/cbradar\/wp-content\/uploads\/2025\/06\/Edicoes-5-1-1024x576.png\" alt=\"Essa cidade de S\u00e3o Paulo se destaca para quem busca vida digna, tranquila e com bem-estar\" class=\"wp-image-51404\" srcset=\"https:\/\/www.correiobraziliense.com.br\/cbradar\/wp-content\/uploads\/2025\/06\/Edicoes-5-1-1024x576.png 1024w, https:\/\/www.correiobraziliense.com.br\/cbradar\/wp-content\/uploads\/2025\/06\/Edicoes-5-1-300x169.png 300w, https:\/\/www.correiobraziliense.com.br\/cbradar\/wp-content\/uploads\/2025\/06\/Edicoes-5-1-768x432.png 768w, https:\/\/www.correiobraziliense.com.br\/cbradar\/wp-content\/uploads\/2025\/06\/Edicoes-5-1-750x422.png 750w, https:\/\/www.correiobraziliense.com.br\/cbradar\/wp-content\/uploads\/2025\/06\/Edicoes-5-1-1140x641.png 1140w, https:\/\/www.correiobraziliense.com.br\/cbradar\/wp-content\/uploads\/2025\/06\/Edicoes-5-1.png 1280w\" sizes=\"(max-width: 1024px) 100vw, 1024px\" \/><figcaption class=\"wp-element-caption\">S\u00e3o Caetano do Sul, SP, destaca-se pelo alto IDH e excelente educa\u00e7\u00e3o p\u00fablica. \/ Reprodu\u00e7\u00e3o: Wikip\u00e9dia<\/figcaption><\/figure><\/div>\n\n\n<h2 class=\"wp-block-heading\">Como \u00e9 o cotidiano na cidade n\u00famero um em qualidade de vida?<\/h2>\n\n\n\n<p>O dia a dia em S\u00e3o Caetano combina servi\u00e7os p\u00fablicos eficientes com escala de bairro. A cidade \u00e9 uma das quatro do <strong>Brasil<\/strong> com 100% de saneamento, segundo a <a href=\"https:\/\/www.saocaetanodosul.sp.gov.br\/noticia\/4560\" target=\"_blank\" rel=\"noreferrer noopener\"><strong>Prefeitura Municipal<\/strong><\/a>: tratamento e coleta de esgoto, abastecimento de \u00e1gua e destina\u00e7\u00e3o de res\u00edduos s\u00f3lidos cobrem toda a popula\u00e7\u00e3o.<\/p>\n\n\n\n<p>A coleta de lixo passa de segunda a s\u00e1bado, sem dias alternados, e a coleta seletiva \u00e9 universal. A rede de sa\u00fade inclui hospitais, UPAs e unidades b\u00e1sicas distribu\u00eddas por bairros, com Programa M\u00e9dico de Fam\u00edlia que leva atendimento preventivo \u00e0s casas. A expectativa de vida supera 78 anos, uma das maiores do pa\u00eds.<\/p>\n\n\n\n<p>Na educa\u00e7\u00e3o, todas as escolas da rede municipal funcionam em tempo integral. A taxa de abandono escolar no ensino m\u00e9dio \u00e9 inferior a 1% e a cidade abriga a Universidade Municipal de S\u00e3o Caetano do Sul (USCS), uma das poucas mantidas integralmente por uma prefeitura no <strong>Brasil<\/strong>.<\/p>\n\n\n\n<p>Este v\u00eddeo do canal &#8220;Curiosidades Regionais&#8221; apresenta as principais caracter\u00edsticas de <strong>S\u00e3o Caetano do Sul<\/strong>, no ABC Paulista, destacando por que ela \u00e9 frequentemente citada como a cidade com a melhor qualidade de vida do Brasil.<\/p>\n\n\n\n<figure class=\"wp-block-embed aligncenter is-type-video is-provider-youtube wp-block-embed-youtube wp-embed-aspect-16-9 wp-has-aspect-ratio\"><div class=\"wp-block-embed__wrapper\">\n<div class=\"jeg_video_container jeg_video_content\"><iframe loading=\"lazy\" title=\"Top 10 Curiosidades sobre S\u00e3o Caetano do Sul - Melhor Qualidade de Vida do Brasil\" width=\"500\" height=\"281\" src=\"https:\/\/www.youtube.com\/embed\/GdOGitTTC7g?feature=oembed\" frameborder=\"0\" allow=\"accelerometer; autoplay; clipboard-write; encrypted-media; gyroscope; picture-in-picture; web-share\" referrerpolicy=\"strict-origin-when-cross-origin\" allowfullscreen><\/iframe><\/div>\n<\/div><\/figure>\n\n\n\n<h2 class=\"wp-block-heading\">Onde os moradores v\u00e3o nos fins de semana<\/h2>\n\n\n\n<p>A cidade compacta concentra parques bem cuidados em poucas quadras. Cada bairro tem ao menos uma \u00e1rea verde aberta cedo, com programa\u00e7\u00e3o fixa de esporte e cultura.<\/p>\n\n\n\n<ul class=\"wp-block-list\">\n<li><strong>Espa\u00e7o Verde Chico Mendes<\/strong>: 140 mil m\u00b2 no bairro Cer\u00e2mica, com lago, sete quadras poliesportivas, palco para shows e feira de artesanato aos fins de semana. Conhecido como Burac\u00e3o da Cer\u00e2mica pelos antigos.<\/li>\n\n\n\n<li><strong>Parque Cidade das Crian\u00e7as<\/strong>: 15 mil m\u00b2 gratuitos com brinquedos, lago de carpas e jardim de plantas arom\u00e1ticas. Sedia o evento Dia de Brincar todo ano.<\/li>\n\n\n\n<li><strong>Parque Catarina Scarparo D&#8217;Agostini<\/strong>: ligado ao Chico Mendes por uma passagem subterr\u00e2nea, tem espelho d&#8217;\u00e1gua, ponte p\u00eansil e palco para espet\u00e1culos.<\/li>\n\n\n\n<li><strong>Teatro Paulo Machado de Carvalho<\/strong>: maior casa de espet\u00e1culos do <strong>Grande ABC<\/strong>, com 1.350 lugares e agenda fixa de musicais e pe\u00e7as.<\/li>\n\n\n\n<li><strong>Bosque do Povo<\/strong>: 27 mil m\u00b2 no bairro S\u00e3o Jos\u00e9, com pista de Cooper de 650 metros, canchas de bocha cobertas e teatro de arena.<\/li>\n<\/ul>\n\n\n\n<h2 class=\"wp-block-heading\">A heran\u00e7a italiana ainda dita o card\u00e1pio das mesas<\/h2>\n\n\n\n<p>A culin\u00e1ria da cidade carrega o sotaque dos colonos vindos do <strong>V\u00eaneto<\/strong>. Cantinas familiares e padarias tradicionais convivem com restaurantes de bairro premiados.<\/p>\n\n\n\n<ul class=\"wp-block-list\">\n<li><strong>Padaria Ben Hur<\/strong>: produz cerca de 8 mil p\u00e3es por dia e \u00e9 refer\u00eancia de caf\u00e9 da manh\u00e3 para v\u00e1rias gera\u00e7\u00f5es de moradores.<\/li>\n\n\n\n<li><strong>La Vicenza Pizzaria<\/strong>: pizzas no estilo paulista herdado das fam\u00edlias italianas, ponto de encontro de fim de semana.<\/li>\n\n\n\n<li><strong>Restaurante 7 Mares<\/strong>: cozinha sofisticada de frutos do mar em meio ao concreto do <strong>ABC<\/strong>.<\/li>\n\n\n\n<li><strong>F\u00e1brica de Chocolates Pan<\/strong>: marca local com loja de f\u00e1brica e ovos de P\u00e1scoa que viraram tradi\u00e7\u00e3o entre moradores.<\/li>\n<\/ul>\n\n\n<div class=\"wp-block-image\">\n<figure class=\"aligncenter size-large\"><img decoding=\"async\" width=\"1024\" height=\"576\" src=\"https:\/\/www.correiobraziliense.com.br\/cbradar\/wp-content\/uploads\/2025\/06\/Edicoes-6-1-1024x576.png\" alt=\"Cidade paulista surpreende e lidera ranking das melhores para viver no Brasil\" class=\"wp-image-51405\" srcset=\"https:\/\/www.correiobraziliense.com.br\/cbradar\/wp-content\/uploads\/2025\/06\/Edicoes-6-1-1024x576.png 1024w, https:\/\/www.correiobraziliense.com.br\/cbradar\/wp-content\/uploads\/2025\/06\/Edicoes-6-1-300x169.png 300w, https:\/\/www.correiobraziliense.com.br\/cbradar\/wp-content\/uploads\/2025\/06\/Edicoes-6-1-768x432.png 768w, https:\/\/www.correiobraziliense.com.br\/cbradar\/wp-content\/uploads\/2025\/06\/Edicoes-6-1-750x422.png 750w, https:\/\/www.correiobraziliense.com.br\/cbradar\/wp-content\/uploads\/2025\/06\/Edicoes-6-1-1140x641.png 1140w, https:\/\/www.correiobraziliense.com.br\/cbradar\/wp-content\/uploads\/2025\/06\/Edicoes-6-1.png 1280w\" sizes=\"(max-width: 1024px) 100vw, 1024px\" \/><figcaption class=\"wp-element-caption\">Funda\u00e7\u00e3o das Artes, S\u00e3o Caetano do Sul \/\/ Reprodu\u00e7\u00e3o: Wikip\u00e9dia<\/figcaption><\/figure><\/div>\n\n\n<p><strong>Leia tamb\u00e9m: <a href=\"https:\/\/www.correiobraziliense.com.br\/cbradar\/a-cidade-de-8-mil-moradores-no-ms-que-esconde-a-maior-cachoeira-do-estado-e-o-maior-rapel-do-pais\/\" target=\"_blank\" rel=\"noreferrer noopener\">A cidade de 8 mil moradores no MS que esconde a maior cachoeira do estado e o maior rapel do pa\u00eds.<\/a><\/strong><\/p>\n\n\n\n<h2 class=\"wp-block-heading\">Quando o clima favorece os passeios pelos parques?<\/h2>\n\n\n\n<p>S\u00e3o Caetano tem clima subtropical \u00famido, com inverno seco e ver\u00e3o chuvoso. As m\u00e9dias acompanham as da Grande <strong>S\u00e3o Paulo<\/strong>, segundo a climatologia de 30 anos.<\/p>\n\n\n\n<style>\n  \/* --- CONTAINER BLINDADO (PADR\u00c3O REGISTRADO) --- *\/\n  .clima-grid-final {\n    font-family: -apple-system, BlinkMacSystemFont, \"Segoe UI\", Roboto, Arial, sans-serif !important;\n    width: 100% !important;\n    max-width: 1200px !important;\n    margin: 20px auto !important;\n    display: grid !important;\n    \/* FOR\u00c7A 4 COLUNAS NO DESKTOP *\/\n    grid-template-columns: repeat(4, 1fr) !important; \n    gap: 15px !important;\n    box-sizing: border-box !important;\n  }\n\n  .clima-grid-final * {\n    box-sizing: border-box !important;\n  }\n\n  \/* --- BLINDAGEM CONTRA ADS E PLUGINS INTRUSOS --- *\/\n  .clima-grid-final > :not(.card-clima) {\n    display: none !important;\n    width: 0 !important;\n    height: 0 !important;\n    opacity: 0 !important;\n  }\n\n  \/* --- CARD PRETO B\u00c1SICO (FUNDO BRANCO) --- *\/\n  .card-clima {\n    background: #ffffff !important;\n    border: 1px solid #e0e0e0 !important;\n    border-radius: 20px !important;\n    padding: 20px 10px !important;\n    text-align: center !important;\n    display: flex !important;\n    flex-direction: column !important;\n    align-items: center !important;\n    box-shadow: 0 4px 10px rgba(0, 0, 0, 0.05) !important;\n    min-width: 0 !important; \n    transition: transform 0.2s ease !important;\n    overflow: hidden !important;\n    height: 100% !important;\n  }\n\n  .card-clima:hover {\n    transform: translateY(-5px) !important;\n    border-color: #000000 !important;\n  }\n\n  \/* --- CONTE\u00daDO --- *\/\n  .estacao-nome { \n    font-size: 14px !important; \n    font-weight: 800 !important; \n    color: #000000 !important; \n    text-transform: uppercase !important; \n    margin: 0 0 5px 0 !important; \n  }\n  \n  .estacao-meses { \n    font-size: 10px !important; \n    font-weight: 700 !important; \n    color: #444444 !important; \n    text-transform: uppercase !important; \n    margin-bottom: 15px !important; \n    display: block !important;\n  }\n  \n  .temp-valor { \n    font-size: 24px !important; \n    font-weight: 800 !important; \n    color: #000000 !important; \n    line-height: 1.1 !important; \n    margin: 0 !important;\n  }\n  \n  .temp-label { \n    font-size: 9px !important; \n    font-weight: 600 !important; \n    color: #777777 !important; \n    text-transform: uppercase !important; \n    margin-bottom: 15px !important; \n    display: block !important;\n  }\n  \n  .clima-desc { \n    font-size: 12px !important; \n    line-height: 1.4 !important; \n    color: #333333 !important; \n    margin-bottom: 15px !important; \n    flex-grow: 1 !important; \n  }\n\n  .tag-chuva {\n    background-color: #f5f5f5 !important;\n    border: 1px solid #d0d0d0 !important;\n    color: #000000 !important;\n    padding: 5px 12px !important;\n    border-radius: 20px !important;\n    font-size: 9px !important;\n    font-weight: 800 !important;\n    text-transform: uppercase !important;\n    margin-top: auto !important;\n  }\n\n  \/* --- RESPONSIVIDADE --- *\/\n  @media (max-width: 800px) {\n    .clima-grid-final {\n      grid-template-columns: 1fr !important; \n    }\n    .card-clima {\n      padding: 25px 20px !important;\n    }\n  }\n<\/style>\n\n<div class=\"google-auto-ads-ignore clima-grid-final\">\n  \n  <div class=\"card-clima\">\n    <div class=\"estacao-nome\">\u2600\ufe0f Ver\u00e3o<\/div>\n    <span class=\"estacao-meses\">Dez &#8211; Fev<\/span>\n    <div class=\"temp-valor\">19-29\u00b0C<\/div>\n    <span class=\"temp-label\">M\u00e9dia<\/span>\n    <div class=\"clima-desc\">Com a chuva alta t\u00edpica da esta\u00e7\u00e3o, aproveite os <b>parques pela manh\u00e3<\/b> para garantir o lazer antes das pancadas isoladas de fim de tarde.<\/div>\n    <div class=\"tag-chuva\">\ud83c\udf26\ufe0f Chuva Alta<\/div>\n  <\/div>\n\n  <div class=\"card-clima\">\n    <div class=\"estacao-nome\">\ud83c\udf42 Outono<\/div>\n    <span class=\"estacao-meses\">Mar &#8211; Mai<\/span>\n    <div class=\"temp-valor\">16-26\u00b0C<\/div>\n    <span class=\"temp-label\">M\u00e9dia<\/span>\n    <div class=\"clima-desc\">O clima ameno \u00e9 um convite para <b>caminhadas<\/b> ao ar livre e para aproveitar a rica programa\u00e7\u00e3o de <b>teatro<\/b> que a cidade oferece.<\/div>\n    <div class=\"tag-chuva\">\ud83c\udf26\ufe0f Chuva M\u00e9dia<\/div>\n  <\/div>\n\n  <div class=\"card-clima\">\n    <div class=\"estacao-nome\">\ud83e\udde3 Inverno<\/div>\n    <span class=\"estacao-meses\">Jun &#8211; Ago<\/span>\n    <div class=\"temp-valor\">11-22\u00b0C<\/div>\n    <span class=\"temp-label\">M\u00e9dia<\/span>\n    <div class=\"clima-desc\">A esta\u00e7\u00e3o seca favorece passeios culturais em <b>museus<\/b> e noites aconchegantes nas tradicionais <b>cantinas<\/b> e restaurantes locais.<\/div>\n    <div class=\"tag-chuva\">\u2600\ufe0f Chuva Baixa<\/div>\n  <\/div>\n\n  <div class=\"card-clima\">\n    <div class=\"estacao-nome\">\ud83c\udf38 Primavera<\/div>\n    <span class=\"estacao-meses\">Set &#8211; Nov<\/span>\n    <div class=\"temp-valor\">15-26\u00b0C<\/div>\n    <span class=\"temp-label\">M\u00e9dia<\/span>\n    <div class=\"clima-desc\">O florescer da cidade \u00e9 perfeito para percorrer a <b>ciclofaixa<\/b> e visitar as <b>feiras<\/b> gastron\u00f4micas e de artesanato ao ar livre.<\/div>\n    <div class=\"tag-chuva\">\ud83d\udcc8 Chuva M\u00e9dia<\/div>\n  <\/div>\n\n<\/div>\n\n\n\n\n<p><em>Temperaturas aproximadas com base no <a href=\"https:\/\/www.climatempo.com.br\/climatologia\/548\/saocaetanodosul-sp\" target=\"_blank\" rel=\"noreferrer noopener\"><strong>Climatempo<\/strong><\/a>. Condi\u00e7\u00f5es podem variar.<\/em><\/p>\n\n\n<div class=\"wp-block-image\">\n<figure class=\"aligncenter size-large\"><img decoding=\"async\" width=\"1024\" height=\"576\" src=\"https:\/\/www.correiobraziliense.com.br\/cbradar\/wp-content\/uploads\/2025\/09\/Design-sem-nome-28-1024x576.png\" alt=\"A cidade de S\u00e3o Paulo inesperada que lidera ranking nacional de qualidade vida digna da Europa\" class=\"wp-image-106342\" srcset=\"https:\/\/www.correiobraziliense.com.br\/cbradar\/wp-content\/uploads\/2025\/09\/Design-sem-nome-28-1024x576.png 1024w, https:\/\/www.correiobraziliense.com.br\/cbradar\/wp-content\/uploads\/2025\/09\/Design-sem-nome-28-300x169.png 300w, https:\/\/www.correiobraziliense.com.br\/cbradar\/wp-content\/uploads\/2025\/09\/Design-sem-nome-28-768x432.png 768w, https:\/\/www.correiobraziliense.com.br\/cbradar\/wp-content\/uploads\/2025\/09\/Design-sem-nome-28-750x422.png 750w, https:\/\/www.correiobraziliense.com.br\/cbradar\/wp-content\/uploads\/2025\/09\/Design-sem-nome-28-1140x641.png 1140w, https:\/\/www.correiobraziliense.com.br\/cbradar\/wp-content\/uploads\/2025\/09\/Design-sem-nome-28.png 1280w\" sizes=\"(max-width: 1024px) 100vw, 1024px\" \/><figcaption class=\"wp-element-caption\">Rotina tranquila, ruas arborizadas e bem-estar fazem de S\u00e3o Caetano do Sul um modelo de cidade moderna. \/\/ Cr\u00e9ditos: YouTube @ACDrone<\/figcaption><\/figure><\/div>\n\n\n<h2 class=\"wp-block-heading\">Como chegar e se locomover na cidade do ABC?<\/h2>\n\n\n\n<p>S\u00e3o Caetano fica a cerca de 12 km do centro de <strong>S\u00e3o Paulo<\/strong>, com acesso pelas vias <strong>Anchieta<\/strong>, <strong>Imigrantes<\/strong> e <strong>Ayrton Senna<\/strong>. A <strong>Linha 10 Turquesa da CPTM<\/strong> tem esta\u00e7\u00e3o no munic\u00edpio, e o Complexo Rodovi\u00e1rio Prefeito Saladino concentra \u00f4nibus metropolitanos. Para quem vem de fora, o <strong>Aeroporto de Congonhas<\/strong> est\u00e1 a aproximadamente 15 km da cidade.<\/p>\n\n\n\n<h2 class=\"wp-block-heading\">Por que tantos paulistanos est\u00e3o se mudando para c\u00e1<\/h2>\n\n\n\n<p><strong>S\u00e3o Caetano do Sul prova que territ\u00f3rio compacto e qualidade de vida caminham juntos. <\/strong>A cidade re\u00fane saneamento integral, educa\u00e7\u00e3o em tempo integral e parques bem cuidados em uma \u00e1rea que cabe num bairro da capital.<\/p>\n\n\n\n<p>Voc\u00ea precisa conhecer S\u00e3o Caetano e entender por que essa pequena cidade italiana segue, h\u00e1 mais de tr\u00eas d\u00e9cadas, no topo do ranking que mede o que importa para morar bem.<\/p>\n","protected":false},"excerpt":{"rendered":"<p>Em apenas 15,33 km\u00b2, S\u00e3o Caetano do Sul re\u00fane o melhor \u00edndice de qualidade de vida do pa\u00eds desde 1991. A cidade do ABC Paulista tem 100% das ruas asfaltadas e analfabetismo abaixo de 1,5%. Como 28 fam\u00edlias italianas moldaram a cidade mais desenvolvida do pa\u00eds A hist\u00f3ria come\u00e7a em 28 de julho de 1877, [&hellip;]<\/p>\n","protected":false},"author":8,"featured_media":217407,"comment_status":"open","ping_status":"open","sticky":false,"template":"","format":"standard","meta":{"_yoast_wpseo_focuskw":"qualidade de vida","_yoast_wpseo_title":"","_yoast_wpseo_metadesc":"H\u00e1 34 anos, liderando o topo da qualidade de vida, essa cidade que cabe dentro de um bairro de S\u00e3o Paulo impressiona quem sonha em viver.","jnews-multi-image_gallery":[],"jnews_single_post":{"format":"standard"},"jnews_primary_category":[],"jnews_social_meta":[],"jnews_override_counter":[],"footnotes":""},"categories":[108,111],"tags":[955,278],"class_list":["post-234030","post","type-post","status-publish","format-standard","has-post-thumbnail","hentry","category-cidades","category-turismo","tag-sao-caetano-do-sul","tag-sao-paulo"],"yoast_head":"<!-- This site is optimized with the Yoast SEO plugin v24.6 - https:\/\/yoast.com\/wordpress\/plugins\/seo\/ -->\n<title>A cidade com o maior \u00edndice de vida do Brasil h\u00e1 34 anos cabe dentro de um bairro de S\u00e3o Paulo e surpreende pela qualidade de vida - Correio Braziliense - Radar<\/title>\n<meta name=\"description\" content=\"H\u00e1 34 anos, liderando o topo da qualidade de vida, essa cidade que cabe dentro de um bairro de S\u00e3o Paulo impressiona quem sonha em viver.\" \/>\n<meta name=\"robots\" content=\"index, follow, max-snippet:-1, max-image-preview:large, max-video-preview:-1\" \/>\n<link rel=\"canonical\" href=\"https:\/\/www.correiobraziliense.com.br\/cbradar\/a-cidade-com-o-maior-indice-de-vida-do-brasil-ha-34-anos-cabe-dentro-de-um-bairro-de-sao-paulo-e-surpreende-pela-qualidade-de-vida\/\" \/>\n<meta property=\"og:locale\" content=\"pt_BR\" \/>\n<meta property=\"og:type\" content=\"article\" \/>\n<meta property=\"og:title\" content=\"A cidade com o maior \u00edndice de vida do Brasil h\u00e1 34 anos cabe dentro de um bairro de S\u00e3o Paulo e surpreende pela qualidade de vida - Correio Braziliense - Radar\" \/>\n<meta property=\"og:description\" content=\"H\u00e1 34 anos, liderando o topo da qualidade de vida, essa cidade que cabe dentro de um bairro de S\u00e3o Paulo impressiona quem sonha em viver.\" \/>\n<meta property=\"og:url\" content=\"https:\/\/www.correiobraziliense.com.br\/cbradar\/a-cidade-com-o-maior-indice-de-vida-do-brasil-ha-34-anos-cabe-dentro-de-um-bairro-de-sao-paulo-e-surpreende-pela-qualidade-de-vida\/\" \/>\n<meta property=\"og:site_name\" content=\"Correio Braziliense - Radar\" \/>\n<meta property=\"article:published_time\" content=\"2026-04-29T13:25:00+00:00\" \/>\n<meta property=\"og:image\" content=\"https:\/\/www.correiobraziliense.com.br\/cbradar\/wp-content\/uploads\/2026\/03\/aaa-2026-03-31T013052.446.png\" \/>\n\t<meta property=\"og:image:width\" content=\"1280\" \/>\n\t<meta property=\"og:image:height\" content=\"720\" \/>\n\t<meta property=\"og:image:type\" content=\"image\/png\" \/>\n<meta name=\"author\" content=\"Maura Pereira\" \/>\n<meta name=\"twitter:card\" content=\"summary_large_image\" \/>\n<meta name=\"twitter:label1\" content=\"Escrito por\" \/>\n\t<meta name=\"twitter:data1\" content=\"Maura Pereira\" \/>\n\t<meta name=\"twitter:label2\" content=\"Est. tempo de leitura\" \/>\n\t<meta name=\"twitter:data2\" content=\"7 minutos\" \/>\n<!-- \/ Yoast SEO plugin. -->","yoast_head_json":{"title":"A cidade com o maior \u00edndice de vida do Brasil h\u00e1 34 anos cabe dentro de um bairro de S\u00e3o Paulo e surpreende pela qualidade de vida - Correio Braziliense - Radar","description":"H\u00e1 34 anos, liderando o topo da qualidade de vida, essa cidade que cabe dentro de um bairro de S\u00e3o Paulo impressiona quem sonha em viver.","robots":{"index":"index","follow":"follow","max-snippet":"max-snippet:-1","max-image-preview":"max-image-preview:large","max-video-preview":"max-video-preview:-1"},"canonical":"https:\/\/www.correiobraziliense.com.br\/cbradar\/a-cidade-com-o-maior-indice-de-vida-do-brasil-ha-34-anos-cabe-dentro-de-um-bairro-de-sao-paulo-e-surpreende-pela-qualidade-de-vida\/","og_locale":"pt_BR","og_type":"article","og_title":"A cidade com o maior \u00edndice de vida do Brasil h\u00e1 34 anos cabe dentro de um bairro de S\u00e3o Paulo e surpreende pela qualidade de vida - Correio Braziliense - Radar","og_description":"H\u00e1 34 anos, liderando o topo da qualidade de vida, essa cidade que cabe dentro de um bairro de S\u00e3o Paulo impressiona quem sonha em viver.","og_url":"https:\/\/www.correiobraziliense.com.br\/cbradar\/a-cidade-com-o-maior-indice-de-vida-do-brasil-ha-34-anos-cabe-dentro-de-um-bairro-de-sao-paulo-e-surpreende-pela-qualidade-de-vida\/","og_site_name":"Correio Braziliense - Radar","article_published_time":"2026-04-29T13:25:00+00:00","og_image":[{"width":1280,"height":720,"url":"https:\/\/www.correiobraziliense.com.br\/cbradar\/wp-content\/uploads\/2026\/03\/aaa-2026-03-31T013052.446.png","type":"image\/png"}],"author":"Maura Pereira","twitter_card":"summary_large_image","twitter_misc":{"Escrito por":"Maura Pereira","Est. tempo de leitura":"7 minutos"},"schema":{"@context":"https:\/\/schema.org","@graph":[{"@type":"WebPage","@id":"https:\/\/www.correiobraziliense.com.br\/cbradar\/a-cidade-com-o-maior-indice-de-vida-do-brasil-ha-34-anos-cabe-dentro-de-um-bairro-de-sao-paulo-e-surpreende-pela-qualidade-de-vida\/","url":"https:\/\/www.correiobraziliense.com.br\/cbradar\/a-cidade-com-o-maior-indice-de-vida-do-brasil-ha-34-anos-cabe-dentro-de-um-bairro-de-sao-paulo-e-surpreende-pela-qualidade-de-vida\/","name":"A cidade com o maior \u00edndice de vida do Brasil h\u00e1 34 anos cabe dentro de um bairro de S\u00e3o Paulo e surpreende pela qualidade de vida - Correio Braziliense - Radar","isPartOf":{"@id":"https:\/\/www.correiobraziliense.com.br\/cbradar\/#website"},"primaryImageOfPage":{"@id":"https:\/\/www.correiobraziliense.com.br\/cbradar\/a-cidade-com-o-maior-indice-de-vida-do-brasil-ha-34-anos-cabe-dentro-de-um-bairro-de-sao-paulo-e-surpreende-pela-qualidade-de-vida\/#primaryimage"},"image":{"@id":"https:\/\/www.correiobraziliense.com.br\/cbradar\/a-cidade-com-o-maior-indice-de-vida-do-brasil-ha-34-anos-cabe-dentro-de-um-bairro-de-sao-paulo-e-surpreende-pela-qualidade-de-vida\/#primaryimage"},"thumbnailUrl":"https:\/\/www.correiobraziliense.com.br\/cbradar\/wp-content\/uploads\/2026\/03\/aaa-2026-03-31T013052.446.png","datePublished":"2026-04-29T13:25:00+00:00","author":{"@id":"https:\/\/www.correiobraziliense.com.br\/cbradar\/#\/schema\/person\/4053c651a9bfc785afc6f4cbc9032fd3"},"description":"H\u00e1 34 anos, liderando o topo da qualidade de vida, essa cidade que cabe dentro de um bairro de S\u00e3o Paulo impressiona quem sonha em viver.","breadcrumb":{"@id":"https:\/\/www.correiobraziliense.com.br\/cbradar\/a-cidade-com-o-maior-indice-de-vida-do-brasil-ha-34-anos-cabe-dentro-de-um-bairro-de-sao-paulo-e-surpreende-pela-qualidade-de-vida\/#breadcrumb"},"inLanguage":"pt-BR","potentialAction":[{"@type":"ReadAction","target":["https:\/\/www.correiobraziliense.com.br\/cbradar\/a-cidade-com-o-maior-indice-de-vida-do-brasil-ha-34-anos-cabe-dentro-de-um-bairro-de-sao-paulo-e-surpreende-pela-qualidade-de-vida\/"]}]},{"@type":"ImageObject","inLanguage":"pt-BR","@id":"https:\/\/www.correiobraziliense.com.br\/cbradar\/a-cidade-com-o-maior-indice-de-vida-do-brasil-ha-34-anos-cabe-dentro-de-um-bairro-de-sao-paulo-e-surpreende-pela-qualidade-de-vida\/#primaryimage","url":"https:\/\/www.correiobraziliense.com.br\/cbradar\/wp-content\/uploads\/2026\/03\/aaa-2026-03-31T013052.446.png","contentUrl":"https:\/\/www.correiobraziliense.com.br\/cbradar\/wp-content\/uploads\/2026\/03\/aaa-2026-03-31T013052.446.png","width":1280,"height":720,"caption":"S\u00e3o Caetano do Sul cabe inteira dentro de um bairro da vizinha S\u00e3o Paulo. \/ Imagem ilustrativa"},{"@type":"BreadcrumbList","@id":"https:\/\/www.correiobraziliense.com.br\/cbradar\/a-cidade-com-o-maior-indice-de-vida-do-brasil-ha-34-anos-cabe-dentro-de-um-bairro-de-sao-paulo-e-surpreende-pela-qualidade-de-vida\/#breadcrumb","itemListElement":[{"@type":"ListItem","position":1,"name":"In\u00edcio","item":"https:\/\/www.correiobraziliense.com.br\/cbradar\/"},{"@type":"ListItem","position":2,"name":"A cidade com o maior \u00edndice de vida do Brasil h\u00e1 34 anos cabe dentro de um bairro de S\u00e3o Paulo e surpreende pela qualidade de vida"}]},{"@type":"WebSite","@id":"https:\/\/www.correiobraziliense.com.br\/cbradar\/#website","url":"https:\/\/www.correiobraziliense.com.br\/cbradar\/","name":"Correio Braziliense - Radar","description":"Acompanhe as \u00faltimas not\u00edcias e fique bem informado sobre tudo o que acontece no Brasil e no mundo.","potentialAction":[{"@type":"SearchAction","target":{"@type":"EntryPoint","urlTemplate":"https:\/\/www.correiobraziliense.com.br\/cbradar\/?s={search_term_string}"},"query-input":{"@type":"PropertyValueSpecification","valueRequired":true,"valueName":"search_term_string"}}],"inLanguage":"pt-BR"},{"@type":"Person","@id":"https:\/\/www.correiobraziliense.com.br\/cbradar\/#\/schema\/person\/4053c651a9bfc785afc6f4cbc9032fd3","name":"Maura Pereira","image":{"@type":"ImageObject","inLanguage":"pt-BR","@id":"https:\/\/www.correiobraziliense.com.br\/cbradar\/#\/schema\/person\/image\/","url":"https:\/\/secure.gravatar.com\/avatar\/3effd6bdadfa447f15089c7f7144eaa6?s=96&d=mm&r=g","contentUrl":"https:\/\/secure.gravatar.com\/avatar\/3effd6bdadfa447f15089c7f7144eaa6?s=96&d=mm&r=g","caption":"Maura Pereira"},"sameAs":["https:\/\/www.correiobraziliense.com.br\/"],"url":"https:\/\/www.correiobraziliense.com.br\/cbradar\/author\/mauramyth\/"}]}},"_links":{"self":[{"href":"https:\/\/www.correiobraziliense.com.br\/cbradar\/wp-json\/wp\/v2\/posts\/234030","targetHints":{"allow":["GET"]}}],"collection":[{"href":"https:\/\/www.correiobraziliense.com.br\/cbradar\/wp-json\/wp\/v2\/posts"}],"about":[{"href":"https:\/\/www.correiobraziliense.com.br\/cbradar\/wp-json\/wp\/v2\/types\/post"}],"author":[{"embeddable":true,"href":"https:\/\/www.correiobraziliense.com.br\/cbradar\/wp-json\/wp\/v2\/users\/8"}],"replies":[{"embeddable":true,"href":"https:\/\/www.correiobraziliense.com.br\/cbradar\/wp-json\/wp\/v2\/comments?post=234030"}],"version-history":[{"count":9,"href":"https:\/\/www.correiobraziliense.com.br\/cbradar\/wp-json\/wp\/v2\/posts\/234030\/revisions"}],"predecessor-version":[{"id":234058,"href":"https:\/\/www.correiobraziliense.com.br\/cbradar\/wp-json\/wp\/v2\/posts\/234030\/revisions\/234058"}],"wp:featuredmedia":[{"embeddable":true,"href":"https:\/\/www.correiobraziliense.com.br\/cbradar\/wp-json\/wp\/v2\/media\/217407"}],"wp:attachment":[{"href":"https:\/\/www.correiobraziliense.com.br\/cbradar\/wp-json\/wp\/v2\/media?parent=234030"}],"wp:term":[{"taxonomy":"category","embeddable":true,"href":"https:\/\/www.correiobraziliense.com.br\/cbradar\/wp-json\/wp\/v2\/categories?post=234030"},{"taxonomy":"post_tag","embeddable":true,"href":"https:\/\/www.correiobraziliense.com.br\/cbradar\/wp-json\/wp\/v2\/tags?post=234030"}],"curies":[{"name":"wp","href":"https:\/\/api.w.org\/{rel}","templated":true}]}}