{"id":234031,"date":"2026-04-29T08:25:00","date_gmt":"2026-04-29T11:25:00","guid":{"rendered":"https:\/\/www.correiobraziliense.com.br\/cbradar\/?p=234031"},"modified":"2026-04-29T08:00:01","modified_gmt":"2026-04-29T11:00:01","slug":"parece-cenario-de-filme-mas-e-no-brasil-onde-fica-a-rua-mais-bonita-do-mundo-com-156-arvores-que-formam-um-tunel-verde-em-uma-capital","status":"publish","type":"post","link":"https:\/\/www.correiobraziliense.com.br\/cbradar\/parece-cenario-de-filme-mas-e-no-brasil-onde-fica-a-rua-mais-bonita-do-mundo-com-156-arvores-que-formam-um-tunel-verde-em-uma-capital\/","title":{"rendered":"Parece cen\u00e1rio de filme, mas \u00e9 no Brasil onde fica a rua mais bonita do mundo, com 156 \u00e1rvores que formam um t\u00fanel verde em uma capital"},"content":{"rendered":"\n<p>No bairro <strong>Independ\u00eancia<\/strong>, no cora\u00e7\u00e3o de <strong>Porto Alegre<\/strong>, uma rua de 500 metros coberta por mais de 150 tipuanas cria um t\u00fanel verde t\u00e3o denso que o sol precisa pedir licen\u00e7a para passar. A <strong>Rua Gon\u00e7alo de Carvalho<\/strong> foi apelidada de &#8220;a rua mais bonita do mundo&#8221; por um bi\u00f3logo portugu\u00eas que viu fotos na internet e n\u00e3o acreditou que aquilo ficava numa capital brasileira. O t\u00edtulo pegou, viralizou e hoje atrai fot\u00f3grafos, casais e urbanistas do mundo inteiro.<\/p>\n\n\n\n<h2 class=\"wp-block-heading\">O apelido que nasceu por acaso e ganhou o mundo<\/h2>\n\n\n\n<p>Em <strong>2008<\/strong>, o bi\u00f3logo portugu\u00eas <strong>Pedro Nuno Teixeira Santos<\/strong> encontrou fotos da <strong>Rua Gon\u00e7alo de Carvalho<\/strong> na internet e a chamou em seu blog de <strong>&#8220;a rua mais bonita do mundo&#8221;<\/strong>. O t\u00edtulo n\u00e3o veio de ranking oficial, mas de um olhar estrangeiro que acabou ganhando for\u00e7a: a repercuss\u00e3o cresceu, foi replicada por jornais internacionais e transformou a via em ponto tur\u00edstico.<\/p>\n\n\n\n<p>Antes disso, em <strong>5 de junho de 2006<\/strong>, <strong>Dia Mundial do Meio Ambiente<\/strong>, o ent\u00e3o prefeito <strong>Jos\u00e9 Foga\u00e7a<\/strong> j\u00e1 havia decretado a rua como <strong>Patrim\u00f4nio Hist\u00f3rico, Cultural, Ecol\u00f3gico e Ambiental de Porto Alegre<\/strong>, sendo a primeira da <strong>Am\u00e9rica Latina<\/strong> com esse reconhecimento. A medida surgiu ap\u00f3s mobiliza\u00e7\u00e3o dos moradores, que impediram a derrubada das \u00e1rvores diante de um projeto de estacionamento.<\/p>\n\n\n<div class=\"wp-block-image\">\n<figure class=\"aligncenter size-full is-resized\"><img decoding=\"async\" width=\"1280\" height=\"720\" src=\"https:\/\/www.correiobraziliense.com.br\/cbradar\/wp-content\/uploads\/2026\/04\/aaa-2026-04-29T074715.354.png\" alt=\"\" class=\"wp-image-234035\" style=\"width:1026px;height:auto\" srcset=\"https:\/\/www.correiobraziliense.com.br\/cbradar\/wp-content\/uploads\/2026\/04\/aaa-2026-04-29T074715.354.png 1280w, https:\/\/www.correiobraziliense.com.br\/cbradar\/wp-content\/uploads\/2026\/04\/aaa-2026-04-29T074715.354-300x169.png 300w, https:\/\/www.correiobraziliense.com.br\/cbradar\/wp-content\/uploads\/2026\/04\/aaa-2026-04-29T074715.354-768x432.png 768w, https:\/\/www.correiobraziliense.com.br\/cbradar\/wp-content\/uploads\/2026\/04\/aaa-2026-04-29T074715.354-750x422.png 750w, https:\/\/www.correiobraziliense.com.br\/cbradar\/wp-content\/uploads\/2026\/04\/aaa-2026-04-29T074715.354-1140x641.png 1140w\" sizes=\"(max-width: 1280px) 100vw, 1280px\" \/><figcaption class=\"wp-element-caption\">O t\u00edtulo n\u00e3o veio de vota\u00e7\u00e3o popular nem de ranking internacional, mas sim de uma onda na internet. \/ Cr\u00e9ditos: Wikip\u00e9dia<\/figcaption><\/figure><\/div>\n\n\n<h2 class=\"wp-block-heading\">Um t\u00fanel verde plantado h\u00e1 quase um s\u00e9culo<\/h2>\n\n\n\n<p>Cerca de <strong>156 \u00e1rvores<\/strong> comp\u00f5em a paisagem da <strong>Rua Gon\u00e7alo de Carvalho<\/strong>, de acordo com levantamento da <strong>Prefeitura de Porto Alegre<\/strong>. A maioria \u00e9 formada por <strong>tipuanas (Tipuana tipu)<\/strong>, al\u00e9m de pitangueiras, chal-chal e figueiras-benjamim. Com copas que chegam a <strong>18 metros<\/strong> de altura, elas criam um arco cont\u00ednuo de vegeta\u00e7\u00e3o que esconde os pr\u00e9dios e forma um microclima pr\u00f3prio.<\/p>\n\n\n\n<p>Essas \u00e1rvores come\u00e7aram a ser plantadas no fim da d\u00e9cada de <strong>1930<\/strong> por trabalhadores de origem alem\u00e3 ligados a uma antiga cervejaria da regi\u00e3o, cujo pr\u00e9dio hoje abriga o <strong>Shopping Total<\/strong>. H\u00e1 vers\u00f5es que apontam tamb\u00e9m a participa\u00e7\u00e3o dos moradores, possivelmente os mesmos funcion\u00e1rios que viviam na rua. O resultado desse esfor\u00e7o coletivo \u00e9 vis\u00edvel at\u00e9 hoje: um corredor verde que se estende por cerca de <strong>500 metros<\/strong> de paralelep\u00edpedos entre as ruas <strong>Ramiro Barcelos<\/strong> e <strong>Santo Ant\u00f4nio<\/strong>.<\/p>\n\n\n\n<p>O v\u00eddeo do canal &#8220;<strong>CHECK-IN<\/strong>&#8221; destaca dois dos pontos tur\u00edsticos mais charmosos de <strong>Porto Alegre<\/strong>: a ic\u00f4nica Rua Gon\u00e7alo de Carvalho e o Cais Embarcadero.<\/p>\n\n\n\n<figure class=\"wp-block-embed aligncenter is-type-video is-provider-youtube wp-block-embed-youtube wp-embed-aspect-16-9 wp-has-aspect-ratio\"><div class=\"wp-block-embed__wrapper\">\n<div class=\"jeg_video_container jeg_video_content\"><iframe loading=\"lazy\" title=\"Porto Alegre | Conhe\u00e7a a Rua Mais Bonita do Mundo e o Cais Embarcadero\" width=\"500\" height=\"281\" src=\"https:\/\/www.youtube.com\/embed\/hdWh67Bu27s?feature=oembed\" frameborder=\"0\" allow=\"accelerometer; autoplay; clipboard-write; encrypted-media; gyroscope; picture-in-picture; web-share\" referrerpolicy=\"strict-origin-when-cross-origin\" allowfullscreen><\/iframe><\/div>\n<\/div><\/figure>\n\n\n\n<h2 class=\"wp-block-heading\">A rua que muda a cada esta\u00e7\u00e3o do ano<\/h2>\n\n\n\n<p><strong>No ver\u00e3o, as copas das tipuanas ficam t\u00e3o densas que a rua vira um corredor de sombra fresca, perfeito para caminhar a 40\u00b0C sem sentir o sol. <\/strong>No outono, folhas amarelas cobrem os paralelep\u00edpedos e criam um tapete dourado que rende fotografias de revista. No inverno, os galhos se abrem e a luz passa entre os troncos, revelando as fachadas neocl\u00e1ssicas dos casar\u00f5es do in\u00edcio do s\u00e9culo XX. Na primavera, a flora\u00e7\u00e3o das tipuanas pinta tudo de amarelo-ouro.<\/p>\n\n\n\n<p>Os paralelep\u00edpedos de granito n\u00e3o s\u00e3o apenas charme: eles auxiliam na drenagem da \u00e1gua da chuva e na irriga\u00e7\u00e3o natural das ra\u00edzes. Essa combina\u00e7\u00e3o de funcionalidade e est\u00e9tica faz da Gon\u00e7alo de Carvalho refer\u00eancia em urbanismo sustent\u00e1vel. Das 156 \u00e1rvores, apenas tr\u00eas apresentam estado fitossanit\u00e1rio considerado ruim, segundo a Secretaria do Meio Ambiente de Porto Alegre.<\/p>\n\n\n<div class=\"wp-block-image\">\n<figure class=\"aligncenter size-large\"><img decoding=\"async\" src=\"https:\/\/www.tupi.fm\/wp-content\/uploads\/2025\/12\/PORTO-ALEGRE_1765646743744-1024x576.jpg\" alt=\"A capital brasileira perfeita para curtir o p\u00f4r do sol com sa\u00fade e educa\u00e7\u00e3o de excel\u00eancia\" class=\"wp-image-2232611\"\/><figcaption class=\"wp-element-caption\">Sinta o pulsar de Porto Alegre! Churrascos quentes, avenidas arborizadas e pampas inspiram alma livre e conex\u00f5es profundas com tradi\u00e7\u00f5es sulistas aut\u00eanticas. \/\/ Cr\u00e9ditos: depositphotos.com \/ geral@alcindodedavid.com<\/figcaption><\/figure><\/div>\n\n\n<h2 class=\"wp-block-heading\">O que mais ver em Porto Alegre al\u00e9m da rua?<\/h2>\n\n\n\n<p>A capital ga\u00facha esconde superlativos que v\u00e3o muito al\u00e9m do t\u00fanel verde.<\/p>\n\n\n\n<ul class=\"wp-block-list\">\n<li><strong>Orla do Gua\u00edba<\/strong>: 72 km de extens\u00e3o revitalizada com pistas de caminhada, ciclovia e restaurantes. O p\u00f4r do sol visto daqui \u00e9 considerado um dos mais bonitos do <strong>Brasil<\/strong>.<\/li>\n\n\n\n<li><strong>Parque Farroupilha (Reden\u00e7\u00e3o)<\/strong>: 37,5 hectares com mais de 10 mil \u00e1rvores, lago com pedalinhos e 38 monumentos. O nome homenageia a liberta\u00e7\u00e3o dos escravos do terceiro distrito da capital em <strong>1884<\/strong>, quatro anos antes da Lei \u00c1urea.<\/li>\n\n\n\n<li><strong>Mercado P\u00fablico<\/strong>: inaugurado em <strong>1869<\/strong>, resistiu a quatro inc\u00eandios. Mais de 100 bancas vendem erva-mate, especiarias e produtos coloniais. O <strong>Gambrinus<\/strong>, restaurante mais antigo do <strong>Rio Grande do Sul<\/strong>, funciona ali desde <strong>1889<\/strong>.<\/li>\n\n\n\n<li><strong>Funda\u00e7\u00e3o Iber\u00ea Camargo<\/strong>: museu projetado por <strong>\u00c1lvaro Siza Vieira<\/strong>, vencedor do Pritzker. O pr\u00e9dio ganhou o <strong>Le\u00e3o de Ouro<\/strong> na Bienal de Veneza.<\/li>\n\n\n\n<li><strong>Feira do Livro<\/strong>: realizada desde <strong>1955<\/strong> na Pra\u00e7a da Alf\u00e2ndega, \u00e9 considerada a maior feira de livros a c\u00e9u aberto das Am\u00e9ricas.<\/li>\n<\/ul>\n\n\n\n<p><strong>Leia tamb\u00e9m: <a href=\"https:\/\/www.correiobraziliense.com.br\/cbradar\/a-cidade-de-8-mil-moradores-no-ms-que-esconde-a-maior-cachoeira-do-estado-e-o-maior-rapel-do-pais\/\" target=\"_blank\" rel=\"noreferrer noopener\">A cidade de 8 mil moradores no MS que esconde a maior cachoeira do estado e o maior rapel do pa\u00eds.<\/a><\/strong><\/p>\n\n\n<div class=\"wp-block-image\">\n<figure class=\"aligncenter size-large\"><img decoding=\"async\" src=\"https:\/\/www.tupi.fm\/wp-content\/uploads\/2025\/12\/PORTO-ALEGRE_1765647069416-1024x576.jpg\" alt=\"Pouca gente sabe, mas a \u201crua mais bonita do mundo\u201d fica em uma cidade brasileira perfeita para viver bem\" class=\"wp-image-2232620\"\/><figcaption class=\"wp-element-caption\">Porto Alegre encanta com Mercado P\u00fablico hist\u00f3rico, Parque Farroupilha e Orla do Gua\u00edba, ideais para explorar cultura ga\u00facha e arquitetura neocl\u00e1ssica vibrante.\u200b \/\/ Cr\u00e9ditos: depositphotos.com \/ alle2009<\/figcaption><\/figure><\/div>\n\n\n<h2 class=\"wp-block-heading\">Quando ir a Porto Alegre e como \u00e9 o clima?<\/h2>\n\n\n\n<p><strong>O clima \u00e9 subtropical \u00famido, com ver\u00f5es quentes e invernos frios para o padr\u00e3o brasileiro. <\/strong>Cada esta\u00e7\u00e3o transforma a cidade e a rua de maneira diferente.<\/p>\n\n\n\n<style>\n  \/* --- CONTAINER BLINDADO (PADR\u00c3O REGISTRADO) --- *\/\n  .clima-grid-final {\n    font-family: -apple-system, BlinkMacSystemFont, \"Segoe UI\", Roboto, Arial, sans-serif !important;\n    width: 100% !important;\n    max-width: 1200px !important;\n    margin: 20px auto !important;\n    display: grid !important;\n    \/* FOR\u00c7A 4 COLUNAS NO DESKTOP *\/\n    grid-template-columns: repeat(4, 1fr) !important; \n    gap: 15px !important;\n    box-sizing: border-box !important;\n  }\n\n  .clima-grid-final * {\n    box-sizing: border-box !important;\n  }\n\n  \/* --- BLINDAGEM CONTRA ADS E PLUGINS INTRUSOS --- *\/\n  .clima-grid-final > :not(.card-clima) {\n    display: none !important;\n    width: 0 !important;\n    height: 0 !important;\n    opacity: 0 !important;\n  }\n\n  \/* --- CARD PRETO B\u00c1SICO (FUNDO BRANCO) --- *\/\n  .card-clima {\n    background: #ffffff !important;\n    border: 1px solid #e0e0e0 !important;\n    border-radius: 20px !important;\n    padding: 20px 10px !important;\n    text-align: center !important;\n    display: flex !important;\n    flex-direction: column !important;\n    align-items: center !important;\n    box-shadow: 0 4px 10px rgba(0, 0, 0, 0.05) !important;\n    min-width: 0 !important; \n    transition: transform 0.2s ease !important;\n    overflow: hidden !important;\n    height: 100% !important;\n  }\n\n  .card-clima:hover {\n    transform: translateY(-5px) !important;\n    border-color: #000000 !important;\n  }\n\n  \/* --- CONTE\u00daDO --- *\/\n  .estacao-nome { \n    font-size: 14px !important; \n    font-weight: 800 !important; \n    color: #000000 !important; \n    text-transform: uppercase !important; \n    margin: 0 0 5px 0 !important; \n  }\n  \n  .estacao-meses { \n    font-size: 10px !important; \n    font-weight: 700 !important; \n    color: #444444 !important; \n    text-transform: uppercase !important; \n    margin-bottom: 15px !important; \n    display: block !important;\n  }\n  \n  .temp-valor { \n    font-size: 24px !important; \n    font-weight: 800 !important; \n    color: #000000 !important; \n    line-height: 1.1 !important; \n    margin: 0 !important;\n  }\n  \n  .temp-label { \n    font-size: 9px !important; \n    font-weight: 600 !important; \n    color: #777777 !important; \n    text-transform: uppercase !important; \n    margin-bottom: 15px !important; \n    display: block !important;\n  }\n  \n  .clima-desc { \n    font-size: 12px !important; \n    line-height: 1.4 !important; \n    color: #333333 !important; \n    margin-bottom: 15px !important; \n    flex-grow: 1 !important; \n  }\n\n  .tag-chuva {\n    background-color: #f5f5f5 !important;\n    border: 1px solid #d0d0d0 !important;\n    color: #000000 !important;\n    padding: 5px 12px !important;\n    border-radius: 20px !important;\n    font-size: 9px !important;\n    font-weight: 800 !important;\n    text-transform: uppercase !important;\n    margin-top: auto !important;\n  }\n\n  \/* --- RESPONSIVIDADE --- *\/\n  @media (max-width: 800px) {\n    .clima-grid-final {\n      grid-template-columns: 1fr !important; \n    }\n    .card-clima {\n      padding: 25px 20px !important;\n    }\n  }\n<\/style>\n\n<div class=\"google-auto-ads-ignore clima-grid-final\">\n  \n  <div class=\"card-clima\">\n    <div class=\"estacao-nome\">\u2600\ufe0f Ver\u00e3o<\/div>\n    <span class=\"estacao-meses\">Dez &#8211; Fev<\/span>\n    <div class=\"temp-valor\">24-31\u00b0C<\/div>\n    <span class=\"temp-label\">Temperatura<\/span>\n    <div class=\"clima-desc\">Clima quente ideal para <b>caminhadas matinais<\/b> e para prestigiar o vibrante <b>Festival de Artes<\/b> local.<\/div>\n    <div class=\"tag-chuva\">\ud83c\udf26\ufe0f Chuva M\u00e9dia<\/div>\n  <\/div>\n\n  <div class=\"card-clima\">\n    <div class=\"estacao-nome\">\ud83c\udf42 Outono<\/div>\n    <span class=\"estacao-meses\">Mar &#8211; Mai<\/span>\n    <div class=\"temp-valor\">23-30\u00b0C<\/div>\n    <span class=\"temp-label\">Temperatura<\/span>\n    <div class=\"clima-desc\">Per\u00edodo de chuvas frequentes, perfeito para visitar <b>museus<\/b> e as bel\u00edssimas <b>igrejas hist\u00f3ricas<\/b>.<\/div>\n    <div class=\"tag-chuva\">\ud83c\udf27\ufe0f Chuva Alta<\/div>\n  <\/div>\n\n  <div class=\"card-clima\">\n    <div class=\"estacao-nome\">\u2744\ufe0f Inverno<\/div>\n    <span class=\"estacao-meses\">Jun &#8211; Ago<\/span>\n    <div class=\"temp-valor\">21-28\u00b0C<\/div>\n    <span class=\"temp-label\">Temperatura<\/span>\n    <div class=\"clima-desc\">Apesar das chuvas, a esta\u00e7\u00e3o convida para deliciosos <b>roteiros gastron\u00f4micos<\/b> em locais aconchegantes.<\/div>\n    <div class=\"tag-chuva\">\ud83c\udf27\ufe0f Chuva Alta<\/div>\n  <\/div>\n\n  <div class=\"card-clima\">\n    <div class=\"estacao-nome\">\ud83c\udf38 Primavera<\/div>\n    <span class=\"estacao-meses\">Set &#8211; Nov<\/span>\n    <div class=\"temp-valor\">22-29\u00b0C<\/div>\n    <span class=\"temp-label\">Temperatura<\/span>\n    <div class=\"clima-desc\">Com tempo firme, \u00e9 a melhor \u00e9poca para <b>passeios pelo centro hist\u00f3rico<\/b> e contemplar a arquitetura.<\/div>\n    <div class=\"tag-chuva\">\u2600\ufe0f Chuva Baixa<\/div>\n  <\/div>\n\n<\/div>\n\n\n\n<p><em>Temperaturas aproximadas com base no <a href=\"https:\/\/www.climatempo.com.br\/previsao-do-tempo\/cidade\/363\/portoalegre-rs\" target=\"_blank\" rel=\"noreferrer noopener\"><strong>Climatempo<\/strong><\/a>. Condi\u00e7\u00f5es podem variar.<\/em><\/p>\n\n\n\n<h2 class=\"wp-block-heading\">Como chegar \u00e0 capital ga\u00facha<\/h2>\n\n\n\n<p>O <strong>Aeroporto Salgado Filho<\/strong> recebe voos de todo o <strong>Brasil<\/strong> e de cidades internacionais como <strong>Buenos Aires<\/strong> e <strong>Santiago<\/strong>. A Rua Gon\u00e7alo de Carvalho fica no bairro Independ\u00eancia, a 15 minutos de carro do centro. O <strong>Parque Moinhos de Vento (Parc\u00e3o)<\/strong> fica a poucos quarteir\u00f5es. De Porto Alegre, <strong>Gramado<\/strong> e <strong>Canela<\/strong> est\u00e3o a 115 km (2 horas de carro), e o <strong>Vale dos Vinhedos<\/strong> a 130 km.<\/p>\n\n\n\n<h2 class=\"wp-block-heading\">Caminhe sob o t\u00fanel que os moradores salvaram<\/h2>\n\n\n\n<p><strong>A Rua Gon\u00e7alo de Carvalho \u00e9 bonita porque 156 tipuanas plantadas h\u00e1 quase um s\u00e9culo decidiram crescer juntas<\/strong>, porque os moradores enfrentaram uma empreiteira para impedir que elas ca\u00edssem e porque um bi\u00f3logo portugu\u00eas, do outro lado do Atl\u00e2ntico, olhou uma foto e disse o que todo mundo j\u00e1 sabia. O t\u00fanel verde n\u00e3o \u00e9 obra de arquiteto nem de prefeito. \u00c9 obra de quem plantou, de quem cuidou e de quem brigou para que ficasse de p\u00e9.<\/p>\n\n\n\n<p>Voc\u00ea precisa ir \u00e0 Gon\u00e7alo de Carvalho num fim de tarde de outono, pisar nas folhas amarelas sobre o paralelep\u00edpedo e entender por que uma rua de 500 metros numa capital do sul do Brasil comoveu um bi\u00f3logo em Portugal e virou a rua mais bonita do mundo.<\/p>\n","protected":false},"excerpt":{"rendered":"<p>No bairro Independ\u00eancia, no cora\u00e7\u00e3o de Porto Alegre, uma rua de 500 metros coberta por mais de 150 tipuanas cria um t\u00fanel verde t\u00e3o denso que o sol precisa pedir licen\u00e7a para passar. A Rua Gon\u00e7alo de Carvalho foi apelidada de &#8220;a rua mais bonita do mundo&#8221; por um bi\u00f3logo portugu\u00eas que viu fotos na [&hellip;]<\/p>\n","protected":false},"author":8,"featured_media":234045,"comment_status":"open","ping_status":"open","sticky":false,"template":"","format":"standard","meta":{"_yoast_wpseo_focuskw":"rua mais bonita do mundo","_yoast_wpseo_title":"","_yoast_wpseo_metadesc":"Com 156 \u00e1rvores formando um t\u00fanel verde, a rua mais bonita do mundo est\u00e1 em uma capital brasileira e encanta visitantes.","jnews-multi-image_gallery":[],"jnews_single_post":{"format":"standard"},"jnews_primary_category":[],"jnews_social_meta":[],"jnews_override_counter":[],"footnotes":""},"categories":[108,111],"tags":[3623,217,18374],"class_list":["post-234031","post","type-post","status-publish","format-standard","has-post-thumbnail","hentry","category-cidades","category-turismo","tag-porto-alegre","tag-rio-grande-do-sul","tag-rua-sao-goncalo-de-carvalho"],"yoast_head":"<!-- This site is optimized with the Yoast SEO plugin v24.6 - https:\/\/yoast.com\/wordpress\/plugins\/seo\/ -->\n<title>Parece cen\u00e1rio de filme, mas \u00e9 no Brasil onde fica a rua mais bonita do mundo, com 156 \u00e1rvores que formam um t\u00fanel verde em uma capital - Correio Braziliense - Radar<\/title>\n<meta name=\"description\" content=\"Com 156 \u00e1rvores formando um t\u00fanel verde, a rua mais bonita do mundo est\u00e1 em uma capital brasileira e encanta visitantes.\" \/>\n<meta name=\"robots\" content=\"index, follow, max-snippet:-1, max-image-preview:large, max-video-preview:-1\" \/>\n<link rel=\"canonical\" href=\"https:\/\/www.correiobraziliense.com.br\/cbradar\/parece-cenario-de-filme-mas-e-no-brasil-onde-fica-a-rua-mais-bonita-do-mundo-com-156-arvores-que-formam-um-tunel-verde-em-uma-capital\/\" \/>\n<meta property=\"og:locale\" content=\"pt_BR\" \/>\n<meta property=\"og:type\" content=\"article\" \/>\n<meta property=\"og:title\" content=\"Parece cen\u00e1rio de filme, mas \u00e9 no Brasil onde fica a rua mais bonita do mundo, com 156 \u00e1rvores que formam um t\u00fanel verde em uma capital - Correio Braziliense - Radar\" \/>\n<meta property=\"og:description\" content=\"Com 156 \u00e1rvores formando um t\u00fanel verde, a rua mais bonita do mundo est\u00e1 em uma capital brasileira e encanta visitantes.\" \/>\n<meta property=\"og:url\" content=\"https:\/\/www.correiobraziliense.com.br\/cbradar\/parece-cenario-de-filme-mas-e-no-brasil-onde-fica-a-rua-mais-bonita-do-mundo-com-156-arvores-que-formam-um-tunel-verde-em-uma-capital\/\" \/>\n<meta property=\"og:site_name\" content=\"Correio Braziliense - Radar\" \/>\n<meta property=\"article:published_time\" content=\"2026-04-29T11:25:00+00:00\" \/>\n<meta property=\"og:image\" content=\"https:\/\/www.correiobraziliense.com.br\/cbradar\/wp-content\/uploads\/2026\/04\/aaa-2026-04-29T075505.423.png\" \/>\n\t<meta property=\"og:image:width\" content=\"1280\" \/>\n\t<meta property=\"og:image:height\" content=\"720\" \/>\n\t<meta property=\"og:image:type\" content=\"image\/png\" \/>\n<meta name=\"author\" content=\"Maura Pereira\" \/>\n<meta name=\"twitter:card\" content=\"summary_large_image\" \/>\n<meta name=\"twitter:label1\" content=\"Escrito por\" \/>\n\t<meta name=\"twitter:data1\" content=\"Maura Pereira\" \/>\n\t<meta name=\"twitter:label2\" content=\"Est. tempo de leitura\" \/>\n\t<meta name=\"twitter:data2\" content=\"8 minutos\" \/>\n<!-- \/ Yoast SEO plugin. -->","yoast_head_json":{"title":"Parece cen\u00e1rio de filme, mas \u00e9 no Brasil onde fica a rua mais bonita do mundo, com 156 \u00e1rvores que formam um t\u00fanel verde em uma capital - Correio Braziliense - Radar","description":"Com 156 \u00e1rvores formando um t\u00fanel verde, a rua mais bonita do mundo est\u00e1 em uma capital brasileira e encanta visitantes.","robots":{"index":"index","follow":"follow","max-snippet":"max-snippet:-1","max-image-preview":"max-image-preview:large","max-video-preview":"max-video-preview:-1"},"canonical":"https:\/\/www.correiobraziliense.com.br\/cbradar\/parece-cenario-de-filme-mas-e-no-brasil-onde-fica-a-rua-mais-bonita-do-mundo-com-156-arvores-que-formam-um-tunel-verde-em-uma-capital\/","og_locale":"pt_BR","og_type":"article","og_title":"Parece cen\u00e1rio de filme, mas \u00e9 no Brasil onde fica a rua mais bonita do mundo, com 156 \u00e1rvores que formam um t\u00fanel verde em uma capital - Correio Braziliense - Radar","og_description":"Com 156 \u00e1rvores formando um t\u00fanel verde, a rua mais bonita do mundo est\u00e1 em uma capital brasileira e encanta visitantes.","og_url":"https:\/\/www.correiobraziliense.com.br\/cbradar\/parece-cenario-de-filme-mas-e-no-brasil-onde-fica-a-rua-mais-bonita-do-mundo-com-156-arvores-que-formam-um-tunel-verde-em-uma-capital\/","og_site_name":"Correio Braziliense - Radar","article_published_time":"2026-04-29T11:25:00+00:00","og_image":[{"width":1280,"height":720,"url":"https:\/\/www.correiobraziliense.com.br\/cbradar\/wp-content\/uploads\/2026\/04\/aaa-2026-04-29T075505.423.png","type":"image\/png"}],"author":"Maura Pereira","twitter_card":"summary_large_image","twitter_misc":{"Escrito por":"Maura Pereira","Est. tempo de leitura":"8 minutos"},"schema":{"@context":"https:\/\/schema.org","@graph":[{"@type":"WebPage","@id":"https:\/\/www.correiobraziliense.com.br\/cbradar\/parece-cenario-de-filme-mas-e-no-brasil-onde-fica-a-rua-mais-bonita-do-mundo-com-156-arvores-que-formam-um-tunel-verde-em-uma-capital\/","url":"https:\/\/www.correiobraziliense.com.br\/cbradar\/parece-cenario-de-filme-mas-e-no-brasil-onde-fica-a-rua-mais-bonita-do-mundo-com-156-arvores-que-formam-um-tunel-verde-em-uma-capital\/","name":"Parece cen\u00e1rio de filme, mas \u00e9 no Brasil onde fica a rua mais bonita do mundo, com 156 \u00e1rvores que formam um t\u00fanel verde em uma capital - Correio Braziliense - Radar","isPartOf":{"@id":"https:\/\/www.correiobraziliense.com.br\/cbradar\/#website"},"primaryImageOfPage":{"@id":"https:\/\/www.correiobraziliense.com.br\/cbradar\/parece-cenario-de-filme-mas-e-no-brasil-onde-fica-a-rua-mais-bonita-do-mundo-com-156-arvores-que-formam-um-tunel-verde-em-uma-capital\/#primaryimage"},"image":{"@id":"https:\/\/www.correiobraziliense.com.br\/cbradar\/parece-cenario-de-filme-mas-e-no-brasil-onde-fica-a-rua-mais-bonita-do-mundo-com-156-arvores-que-formam-um-tunel-verde-em-uma-capital\/#primaryimage"},"thumbnailUrl":"https:\/\/www.correiobraziliense.com.br\/cbradar\/wp-content\/uploads\/2026\/04\/aaa-2026-04-29T075505.423.png","datePublished":"2026-04-29T11:25:00+00:00","author":{"@id":"https:\/\/www.correiobraziliense.com.br\/cbradar\/#\/schema\/person\/4053c651a9bfc785afc6f4cbc9032fd3"},"description":"Com 156 \u00e1rvores formando um t\u00fanel verde, a rua mais bonita do mundo est\u00e1 em uma capital brasileira e encanta visitantes.","breadcrumb":{"@id":"https:\/\/www.correiobraziliense.com.br\/cbradar\/parece-cenario-de-filme-mas-e-no-brasil-onde-fica-a-rua-mais-bonita-do-mundo-com-156-arvores-que-formam-um-tunel-verde-em-uma-capital\/#breadcrumb"},"inLanguage":"pt-BR","potentialAction":[{"@type":"ReadAction","target":["https:\/\/www.correiobraziliense.com.br\/cbradar\/parece-cenario-de-filme-mas-e-no-brasil-onde-fica-a-rua-mais-bonita-do-mundo-com-156-arvores-que-formam-um-tunel-verde-em-uma-capital\/"]}]},{"@type":"ImageObject","inLanguage":"pt-BR","@id":"https:\/\/www.correiobraziliense.com.br\/cbradar\/parece-cenario-de-filme-mas-e-no-brasil-onde-fica-a-rua-mais-bonita-do-mundo-com-156-arvores-que-formam-um-tunel-verde-em-uma-capital\/#primaryimage","url":"https:\/\/www.correiobraziliense.com.br\/cbradar\/wp-content\/uploads\/2026\/04\/aaa-2026-04-29T075505.423.png","contentUrl":"https:\/\/www.correiobraziliense.com.br\/cbradar\/wp-content\/uploads\/2026\/04\/aaa-2026-04-29T075505.423.png","width":1280,"height":720,"caption":"A Rua Gon\u00e7alo de Carvalho foi apelidada de \"a rua mais bonita do mundo\" por um bi\u00f3logo portugu\u00eas. \/ Imagem ilustrativa"},{"@type":"BreadcrumbList","@id":"https:\/\/www.correiobraziliense.com.br\/cbradar\/parece-cenario-de-filme-mas-e-no-brasil-onde-fica-a-rua-mais-bonita-do-mundo-com-156-arvores-que-formam-um-tunel-verde-em-uma-capital\/#breadcrumb","itemListElement":[{"@type":"ListItem","position":1,"name":"In\u00edcio","item":"https:\/\/www.correiobraziliense.com.br\/cbradar\/"},{"@type":"ListItem","position":2,"name":"Parece cen\u00e1rio de filme, mas \u00e9 no Brasil onde fica a rua mais bonita do mundo, com 156 \u00e1rvores que formam um t\u00fanel verde em uma capital"}]},{"@type":"WebSite","@id":"https:\/\/www.correiobraziliense.com.br\/cbradar\/#website","url":"https:\/\/www.correiobraziliense.com.br\/cbradar\/","name":"Correio Braziliense - Radar","description":"Acompanhe as \u00faltimas not\u00edcias e fique bem informado sobre tudo o que acontece no Brasil e no mundo.","potentialAction":[{"@type":"SearchAction","target":{"@type":"EntryPoint","urlTemplate":"https:\/\/www.correiobraziliense.com.br\/cbradar\/?s={search_term_string}"},"query-input":{"@type":"PropertyValueSpecification","valueRequired":true,"valueName":"search_term_string"}}],"inLanguage":"pt-BR"},{"@type":"Person","@id":"https:\/\/www.correiobraziliense.com.br\/cbradar\/#\/schema\/person\/4053c651a9bfc785afc6f4cbc9032fd3","name":"Maura Pereira","image":{"@type":"ImageObject","inLanguage":"pt-BR","@id":"https:\/\/www.correiobraziliense.com.br\/cbradar\/#\/schema\/person\/image\/","url":"https:\/\/secure.gravatar.com\/avatar\/3effd6bdadfa447f15089c7f7144eaa6?s=96&d=mm&r=g","contentUrl":"https:\/\/secure.gravatar.com\/avatar\/3effd6bdadfa447f15089c7f7144eaa6?s=96&d=mm&r=g","caption":"Maura Pereira"},"sameAs":["https:\/\/www.correiobraziliense.com.br\/"],"url":"https:\/\/www.correiobraziliense.com.br\/cbradar\/author\/mauramyth\/"}]}},"_links":{"self":[{"href":"https:\/\/www.correiobraziliense.com.br\/cbradar\/wp-json\/wp\/v2\/posts\/234031","targetHints":{"allow":["GET"]}}],"collection":[{"href":"https:\/\/www.correiobraziliense.com.br\/cbradar\/wp-json\/wp\/v2\/posts"}],"about":[{"href":"https:\/\/www.correiobraziliense.com.br\/cbradar\/wp-json\/wp\/v2\/types\/post"}],"author":[{"embeddable":true,"href":"https:\/\/www.correiobraziliense.com.br\/cbradar\/wp-json\/wp\/v2\/users\/8"}],"replies":[{"embeddable":true,"href":"https:\/\/www.correiobraziliense.com.br\/cbradar\/wp-json\/wp\/v2\/comments?post=234031"}],"version-history":[{"count":10,"href":"https:\/\/www.correiobraziliense.com.br\/cbradar\/wp-json\/wp\/v2\/posts\/234031\/revisions"}],"predecessor-version":[{"id":234046,"href":"https:\/\/www.correiobraziliense.com.br\/cbradar\/wp-json\/wp\/v2\/posts\/234031\/revisions\/234046"}],"wp:featuredmedia":[{"embeddable":true,"href":"https:\/\/www.correiobraziliense.com.br\/cbradar\/wp-json\/wp\/v2\/media\/234045"}],"wp:attachment":[{"href":"https:\/\/www.correiobraziliense.com.br\/cbradar\/wp-json\/wp\/v2\/media?parent=234031"}],"wp:term":[{"taxonomy":"category","embeddable":true,"href":"https:\/\/www.correiobraziliense.com.br\/cbradar\/wp-json\/wp\/v2\/categories?post=234031"},{"taxonomy":"post_tag","embeddable":true,"href":"https:\/\/www.correiobraziliense.com.br\/cbradar\/wp-json\/wp\/v2\/tags?post=234031"}],"curies":[{"name":"wp","href":"https:\/\/api.w.org\/{rel}","templated":true}]}}