{"id":234032,"date":"2026-04-29T11:32:08","date_gmt":"2026-04-29T14:32:08","guid":{"rendered":"https:\/\/www.correiobraziliense.com.br\/cbradar\/?p=234032"},"modified":"2026-04-29T11:32:10","modified_gmt":"2026-04-29T14:32:10","slug":"o-caribe-da-amazonia-se-esconde-em-uma-a-vila-simples-paraense-onde-praias-de-areia-branca-surgem-no-meio-do-rio","status":"publish","type":"post","link":"https:\/\/www.correiobraziliense.com.br\/cbradar\/o-caribe-da-amazonia-se-esconde-em-uma-a-vila-simples-paraense-onde-praias-de-areia-branca-surgem-no-meio-do-rio\/","title":{"rendered":"O Caribe da Amaz\u00f4nia se esconde em uma a vila simples paraense onde praias de areia branca surgem no meio do rio"},"content":{"rendered":"\n<p>A 37 km de <strong>Santar\u00e9m<\/strong>, no oeste do <strong>Par\u00e1<\/strong>, <strong>Alter do Ch\u00e3o<\/strong> recebeu o apelido de &#8220;Caribe da Amaz\u00f4nia&#8221; guarda \u00e1guas azul-turquesa e bancos de areia que aparecem s\u00f3 metade do ano. Em <strong>2009<\/strong>, o jornal <strong>The Guardian<\/strong> a apontou como uma das praias mais bonitas do <strong>Brasil<\/strong>.<\/p>\n\n\n\n<h2 class=\"wp-block-heading\">Uma vila fundada em 1626 que virou ref\u00fagio amaz\u00f4nico<\/h2>\n\n\n\n<p>A regi\u00e3o era habitada pelos \u00edndios <strong>Borari<\/strong>, catequizados por jesu\u00edtas nos s\u00e9culos XVII e XVIII. Em <strong>6 de mar\u00e7o de 1626<\/strong>, o portugu\u00eas <strong>Pedro Teixeira<\/strong> fundou o povoado e batizou o lugar em homenagem a uma vila medieval do <strong>Alentejo<\/strong>, em <strong>Portugal<\/strong>. A eleva\u00e7\u00e3o \u00e0 categoria de vila veio em <strong>1758<\/strong>, durante a pol\u00edtica pombalina.<\/p>\n\n\n\n<p>No in\u00edcio do s\u00e9culo XX, o distrito serviu de rota de transporte do l\u00e1tex extra\u00eddo de Belterra e Fordl\u00e2ndia. Com a decad\u00eancia do extrativismo nos anos 1950, a economia entrou em colapso e s\u00f3 voltou a respirar nos anos 1990, quando o turismo come\u00e7ou a crescer. Em <strong>2021<\/strong>, o vilarejo recebeu o t\u00edtulo de Melhor Destino Tur\u00edstico Nacional pelo Pr\u00eamio UPIS de Turismo, com 97,55% dos votos.<\/p>\n\n\n<div class=\"wp-block-image\">\n<figure class=\"aligncenter size-large\"><img decoding=\"async\" width=\"1024\" height=\"576\" src=\"https:\/\/www.correiobraziliense.com.br\/cbradar\/wp-content\/uploads\/2025\/11\/Santos-Dumont-41-1024x576.png\" alt=\"O Caribe no meio da Amaz\u00f4nia foi eleito a praia de \u00e1gua doce mais bonita do mundo, segundo pesquisas\" class=\"wp-image-134110\" srcset=\"https:\/\/www.correiobraziliense.com.br\/cbradar\/wp-content\/uploads\/2025\/11\/Santos-Dumont-41-1024x576.png 1024w, https:\/\/www.correiobraziliense.com.br\/cbradar\/wp-content\/uploads\/2025\/11\/Santos-Dumont-41-300x169.png 300w, https:\/\/www.correiobraziliense.com.br\/cbradar\/wp-content\/uploads\/2025\/11\/Santos-Dumont-41-768x432.png 768w, https:\/\/www.correiobraziliense.com.br\/cbradar\/wp-content\/uploads\/2025\/11\/Santos-Dumont-41-750x422.png 750w, https:\/\/www.correiobraziliense.com.br\/cbradar\/wp-content\/uploads\/2025\/11\/Santos-Dumont-41-1140x641.png 1140w, https:\/\/www.correiobraziliense.com.br\/cbradar\/wp-content\/uploads\/2025\/11\/Santos-Dumont-41.png 1280w\" sizes=\"(max-width: 1024px) 100vw, 1024px\" \/><figcaption class=\"wp-element-caption\">Alter do Ch\u00e3o tem praias de rio reconhecidas mundialmente e realiza o tradicional Festival dos Botos em setembro. \/\/ Cr\u00e9ditos: YouTube @maicoabreu<\/figcaption><\/figure><\/div>\n\n\n<h2 class=\"wp-block-heading\">O que fazer na vila e nos arredores do Tapaj\u00f3s?<\/h2>\n\n\n\n<p>O centrinho \u00e9 compacto e se percorre a p\u00e9 em poucos minutos. Os principais cen\u00e1rios, por\u00e9m, ficam na \u00e1gua e exigem barco ou lancha.<\/p>\n\n\n\n<ul class=\"wp-block-list\">\n<li><strong>Ilha do Amor<\/strong>: cart\u00e3o-postal da vila, banco de areia em frente \u00e0 orla acess\u00edvel por canoa em poucos minutos. Aparece s\u00f3 na vazante, entre agosto e janeiro.<\/li>\n\n\n\n<li><strong>Lago Verde<\/strong>: laguna de \u00e1guas calmas e transparentes do outro lado da Ilha do Amor, ideal para passeios de canoa entre igarap\u00e9s.<\/li>\n\n\n\n<li><strong>Floresta Encantada<\/strong>: igap\u00f3 alagado pr\u00f3ximo \u00e0 vila onde barcos navegam entre copas de \u00e1rvores submersas durante a cheia.<\/li>\n\n\n\n<li><strong>Serra da Piroca<\/strong>: trilha curta at\u00e9 cerca de 110 metros com vista de 360 graus do rio, do Lago Verde e da floresta.<\/li>\n\n\n\n<li><strong>Ponta do Cururu<\/strong>: trecho \u00e0 beira do Tapaj\u00f3s conhecido pelo p\u00f4r do sol avermelhado e pela apari\u00e7\u00e3o de botos no fim de tarde.<\/li>\n<\/ul>\n\n\n\n<p>O v\u00eddeo do canal <strong>Trip Partiu<\/strong> apresenta um guia completo sobre <strong>Alter do Ch\u00e3o<\/strong>, no Par\u00e1, carinhosamente apelidado de &#8220;Caribe Amaz\u00f4nico&#8221;. Com praias de \u00e1guas doces e quentes, o destino foi eleito pelo jornal brit\u00e2nico <em>The Guardian<\/em> como um dos mais belos do Brasil.<\/p>\n\n\n\n<figure class=\"wp-block-embed aligncenter is-type-video is-provider-youtube wp-block-embed-youtube wp-embed-aspect-16-9 wp-has-aspect-ratio\"><div class=\"wp-block-embed__wrapper\">\n<div class=\"jeg_video_container jeg_video_content\"><iframe loading=\"lazy\" title=\"ALTER DO CH\u00c3O PAR\u00c1: melhores passeios no Caribe Amaz\u00f4nico + pre\u00e7os\" width=\"500\" height=\"281\" src=\"https:\/\/www.youtube.com\/embed\/hXv6MUSyqb8?feature=oembed\" frameborder=\"0\" allow=\"accelerometer; autoplay; clipboard-write; encrypted-media; gyroscope; picture-in-picture; web-share\" referrerpolicy=\"strict-origin-when-cross-origin\" allowfullscreen><\/iframe><\/div>\n<\/div><\/figure>\n\n\n\n<h2 class=\"wp-block-heading\">Floresta Nacional do Tapaj\u00f3s: 527 mil hectares de mata preservada<\/h2>\n\n\n\n<p>A cerca de 30 km da vila, a <a href=\"https:\/\/www.icmbio.gov.br\/flonatapajos\" target=\"_blank\" rel=\"noreferrer noopener\"><strong>Floresta Nacional do Tapaj\u00f3s<\/strong><\/a> abriga uma das maiores biodiversidades da <strong>Amaz\u00f4nia<\/strong>. A unidade foi criada pelo Decreto n\u00ba 73.684 de <strong>1974<\/strong> e \u00e9 administrada pelo <strong>Instituto Chico Mendes de Conserva\u00e7\u00e3o da Biodiversidade (ICMBio)<\/strong>.<\/p>\n\n\n\n<p>Trilhas guiadas por moradores das comunidades tradicionais levam a \u00e1rvores centen\u00e1rias, entre elas a famosa Sama\u00fama de propor\u00e7\u00f5es monumentais. O passeio inclui banhos de igarap\u00e9, observa\u00e7\u00e3o de fauna e visita \u00e0s vilas ribeirinhas, como Jamaraqu\u00e1, onde o turista paga taxa de entrada e pode pernoitar em pousadas comunit\u00e1rias.<\/p>\n\n\n<div class=\"wp-block-image\">\n<figure class=\"aligncenter size-large\"><img decoding=\"async\" width=\"1024\" height=\"576\" src=\"https:\/\/www.correiobraziliense.com.br\/cbradar\/wp-content\/uploads\/2025\/06\/Edicoes-18-1-1024x576.png\" alt=\"No meio da Amaz\u00f4nia, esse para\u00edso de \u00e1guas doces chamado de \u201cCaribe Amaz\u00f4nico\u201d est\u00e1 encantando quem descobre o Par\u00e1\" class=\"wp-image-58428\" srcset=\"https:\/\/www.correiobraziliense.com.br\/cbradar\/wp-content\/uploads\/2025\/06\/Edicoes-18-1-1024x576.png 1024w, https:\/\/www.correiobraziliense.com.br\/cbradar\/wp-content\/uploads\/2025\/06\/Edicoes-18-1-300x169.png 300w, https:\/\/www.correiobraziliense.com.br\/cbradar\/wp-content\/uploads\/2025\/06\/Edicoes-18-1-768x432.png 768w, https:\/\/www.correiobraziliense.com.br\/cbradar\/wp-content\/uploads\/2025\/06\/Edicoes-18-1-750x422.png 750w, https:\/\/www.correiobraziliense.com.br\/cbradar\/wp-content\/uploads\/2025\/06\/Edicoes-18-1-1140x641.png 1140w, https:\/\/www.correiobraziliense.com.br\/cbradar\/wp-content\/uploads\/2025\/06\/Edicoes-18-1.png 1280w\" sizes=\"(max-width: 1024px) 100vw, 1024px\" \/><figcaption class=\"wp-element-caption\">Viva a magia da Amaz\u00f4nia em Alter do Ch\u00e3o, com suas \u00e1guas cristalinas e paisagens de tirar o f\u00f4lego. \/\/ Reprodu\u00e7\u00e3o: Wikipedia<\/figcaption><\/figure><\/div>\n\n\n<h2 class=\"wp-block-heading\">Como \u00e9 o Festival do Sair\u00e9 que para a vila em setembro?<\/h2>\n\n\n\n<p>Toda segunda ou terceira semana de setembro, a vila de cerca de 6 mil moradores \u00e9 tomada por barcos e visitantes. O <strong>Sair\u00e9<\/strong> \u00e9 uma das celebra\u00e7\u00f5es mais antigas da Amaz\u00f4nia, com pelo menos tr\u00eas s\u00e9culos de exist\u00eancia, segundo a <a href=\"https:\/\/www.nationalgeographicbrasil.com\/meio-ambiente\/2023\/03\/conheca-alter-do-chao-o-caribe-amazonico\" target=\"_blank\" rel=\"noreferrer noopener\"><strong>National Geographic<\/strong><\/a>.<\/p>\n\n\n\n<p>A festa mistura prociss\u00f5es cat\u00f3licas e rituais ind\u00edgenas dos <strong>Borari<\/strong>, com dan\u00e7as de carimb\u00f3, lendas amaz\u00f4nicas e a famosa disputa entre os botos Tucuxi e Cor-de-Rosa em uma arena montada na pra\u00e7a central. Barracas de palha vendem tacac\u00e1, vatap\u00e1 e artesanato em fibras naturais durante quatro dias de programa\u00e7\u00e3o ininterrupta.<\/p>\n\n\n\n<h2 class=\"wp-block-heading\">Os pratos paraenses que voc\u00ea precisa provar na beira do rio<\/h2>\n\n\n\n<p>A cozinha de Alter do Ch\u00e3o segue o ritmo do <strong>Tapaj\u00f3s<\/strong>. Peixes frescos, ingredientes ind\u00edgenas e frutas da floresta dominam os card\u00e1pios dos restaurantes \u00e0 beira d&#8217;\u00e1gua.<\/p>\n\n\n\n<ul class=\"wp-block-list\">\n<li><strong>Tacac\u00e1<\/strong>: sopa quente servida em cuia de caba\u00e7a, com tucupi, goma de mandioca, jambu (folha que anestesia a boca) e camar\u00e3o seco.<\/li>\n\n\n\n<li><strong>Pirarucu<\/strong>: um dos maiores peixes de escamas de \u00e1gua doce do <strong>Brasil<\/strong>, servido grelhado, ensopado ou na receita do pirarucu de casaca, com banana e farinha.<\/li>\n\n\n\n<li><strong>Tucunar\u00e9 na manteiga<\/strong>: cl\u00e1ssico dos restaurantes ribeirinhos, acompanhado de arroz de jambu e farofa de banana.<\/li>\n\n\n\n<li><strong>Piracaia<\/strong>: tradi\u00e7\u00e3o de assar peixe na areia da praia ao cair da noite, geralmente acompanhada por rodas de carimb\u00f3.<\/li>\n\n\n\n<li><strong>A\u00e7a\u00ed na cuia<\/strong>: consumido puro, sem a\u00e7\u00facar, com farinha de mandioca, no estilo paraense tradicional.<\/li>\n<\/ul>\n\n\n<div class=\"wp-block-image\">\n<figure class=\"aligncenter size-large\"><img decoding=\"async\" width=\"1024\" height=\"576\" src=\"https:\/\/www.correiobraziliense.com.br\/cbradar\/wp-content\/uploads\/2025\/11\/Santos-Dumont-44-1024x576.png\" alt=\"No meio da Amaz\u00f4nia, esse para\u00edso de \u00e1guas doces chamado de \u201cCaribe Amaz\u00f4nico\u201d est\u00e1 encantando quem descobre o Par\u00e1\" class=\"wp-image-134115\" srcset=\"https:\/\/www.correiobraziliense.com.br\/cbradar\/wp-content\/uploads\/2025\/11\/Santos-Dumont-44-1024x576.png 1024w, https:\/\/www.correiobraziliense.com.br\/cbradar\/wp-content\/uploads\/2025\/11\/Santos-Dumont-44-300x169.png 300w, https:\/\/www.correiobraziliense.com.br\/cbradar\/wp-content\/uploads\/2025\/11\/Santos-Dumont-44-768x432.png 768w, https:\/\/www.correiobraziliense.com.br\/cbradar\/wp-content\/uploads\/2025\/11\/Santos-Dumont-44-750x422.png 750w, https:\/\/www.correiobraziliense.com.br\/cbradar\/wp-content\/uploads\/2025\/11\/Santos-Dumont-44-1140x641.png 1140w, https:\/\/www.correiobraziliense.com.br\/cbradar\/wp-content\/uploads\/2025\/11\/Santos-Dumont-44.png 1280w\" sizes=\"(max-width: 1024px) 100vw, 1024px\" \/><figcaption class=\"wp-element-caption\">Aproveite praias como a Ilha do Amor junto a trilhas na floresta amaz\u00f4nica, perfeito para relaxar e se divertir. \/\/ Cr\u00e9ditos: YouTube @Miapelomundo<\/figcaption><\/figure><\/div>\n\n\n<p><strong>Leia tamb\u00e9m: <a href=\"https:\/\/www.correiobraziliense.com.br\/cbradar\/a-cidade-de-8-mil-moradores-no-ms-que-esconde-a-maior-cachoeira-do-estado-e-o-maior-rapel-do-pais\/\" target=\"_blank\" rel=\"noreferrer noopener\">A cidade de 8 mil moradores no MS que esconde a maior cachoeira do estado e o maior rapel do pa\u00eds.<\/a><\/strong><\/p>\n\n\n\n<h2 class=\"wp-block-heading\">Quando o rio baixa e as praias aparecem?<\/h2>\n\n\n\n<p>O calend\u00e1rio em Alter do Ch\u00e3o se divide em duas esta\u00e7\u00f5es distintas. A escolha do m\u00eas muda completamente a experi\u00eancia da viagem.<\/p>\n\n\n\n<style>\n  \/* --- CONTAINER BLINDADO (PADR\u00c3O REGISTRADO) --- *\/\n  .clima-grid-final {\n    font-family: -apple-system, BlinkMacSystemFont, \"Segoe UI\", Roboto, Arial, sans-serif !important;\n    width: 100% !important;\n    max-width: 1200px !important;\n    margin: 20px auto !important;\n    display: grid !important;\n    \/* FOR\u00c7A 4 COLUNAS NO DESKTOP *\/\n    grid-template-columns: repeat(4, 1fr) !important; \n    gap: 15px !important;\n    box-sizing: border-box !important;\n  }\n\n  .clima-grid-final * {\n    box-sizing: border-box !important;\n  }\n\n  \/* --- BLINDAGEM CONTRA ADS E PLUGINS INTRUSOS --- *\/\n  .clima-grid-final > :not(.card-clima) {\n    display: none !important;\n    width: 0 !important;\n    height: 0 !important;\n    opacity: 0 !important;\n  }\n\n  \/* --- CARD AZUL --- *\/\n  .card-clima {\n    background: #ffffff !important;\n    border: 1px solid #e3f2fd !important;\n    border-radius: 20px !important;\n    padding: 20px 10px !important;\n    text-align: center !important;\n    display: flex !important;\n    flex-direction: column !important;\n    align-items: center !important;\n    box-shadow: 0 4px 10px rgba(13, 71, 161, 0.05) !important;\n    min-width: 0 !important; \n    transition: transform 0.2s ease !important;\n    overflow: hidden !important;\n    height: 100% !important;\n  }\n\n  .card-clima:hover {\n    transform: translateY(-5px) !important;\n    border-color: #90caf9 !important;\n  }\n\n  \/* --- CONTE\u00daDO --- *\/\n  .estacao-nome { \n    font-size: 14px !important; \n    font-weight: 800 !important; \n    color: #0d47a1 !important; \n    text-transform: uppercase !important; \n    margin: 0 0 5px 0 !important; \n  }\n  \n  .estacao-meses { \n    font-size: 10px !important; \n    font-weight: 700 !important; \n    color: #1565c0 !important; \n    text-transform: uppercase !important; \n    margin-bottom: 15px !important; \n    display: block !important;\n  }\n  \n  .temp-valor { \n    font-size: 24px !important; \n    font-weight: 800 !important; \n    color: #01579b !important; \n    line-height: 1.1 !important; \n    margin: 0 !important;\n  }\n  \n  .temp-label { \n    font-size: 9px !important; \n    font-weight: 600 !important; \n    color: #0288d1 !important; \n    text-transform: uppercase !important; \n    margin-bottom: 15px !important; \n    display: block !important;\n  }\n  \n  .clima-desc { \n    font-size: 12px !important; \n    line-height: 1.4 !important; \n    color: #37474f !important; \n    margin-bottom: 15px !important; \n    flex-grow: 1 !important; \n  }\n\n  .tag-status {\n    background-color: #e1f5fe !important;\n    border: 1px solid #b3e5fc !important;\n    color: #0d47a1 !important;\n    padding: 5px 12px !important;\n    border-radius: 20px !important;\n    font-size: 9px !important;\n    font-weight: 800 !important;\n    text-transform: uppercase !important;\n    margin-top: auto !important;\n  }\n\n  \/* --- RESPONSIVIDADE --- *\/\n  @media (max-width: 800px) {\n    .clima-grid-final {\n      grid-template-columns: 1fr !important; \n    }\n    .card-clima {\n      padding: 25px 20px !important;\n    }\n  }\n<\/style>\n\n<div class=\"google-auto-ads-ignore clima-grid-final\">\n  \n  <div class=\"card-clima\">\n    <div class=\"estacao-nome\">\ud83c\udf27\ufe0f Inverno Amaz\u00f4nico<\/div>\n    <span class=\"estacao-meses\">Jan &#8211; Mar<\/span>\n    <div class=\"temp-valor\">23-31\u00b0C<\/div>\n    <span class=\"temp-label\">M\u00e9dia<\/span>\n    <div class=\"clima-desc\">Com chuvas muito frequentes, \u00e9 a \u00e9poca m\u00e1gica para navegar pela <b>Floresta Encantada de canoa<\/b> entre as copas das \u00e1rvores.<\/div>\n    <div class=\"tag-status\">\ud83d\udef6 Igap\u00f3<\/div>\n  <\/div>\n\n  <div class=\"card-clima\">\n    <div class=\"estacao-nome\">\ud83c\udf0a Cheia Plena<\/div>\n    <span class=\"estacao-meses\">Abr &#8211; Jun<\/span>\n    <div class=\"temp-valor\">23-32\u00b0C<\/div>\n    <span class=\"temp-label\">M\u00e9dia<\/span>\n    <div class=\"clima-desc\">O rio atinge o \u00e1pice, permitindo explorar a biodiversidade em <b>trilhas na Flona Tapaj\u00f3s<\/b> com o cen\u00e1rio exuberante da mata inundada.<\/div>\n    <div class=\"tag-status\">\ud83c\udf33 Floresta<\/div>\n  <\/div>\n\n  <div class=\"card-clima\">\n    <div class=\"estacao-nome\">\u2600\ufe0f Ver\u00e3o Amaz\u00f4nico<\/div>\n    <span class=\"estacao-meses\">Jul &#8211; Set<\/span>\n    <div class=\"temp-valor\">23-33\u00b0C<\/div>\n    <span class=\"temp-label\">M\u00e9dia<\/span>\n    <div class=\"clima-desc\">A estiagem revela as famosas <b>praias<\/b> de rio e traz o agito cultural com o tradicional <b>Festival do Sair\u00e9<\/b> em Alter do Ch\u00e3o.<\/div>\n    <div class=\"tag-status\">\ud83c\udf89 Cultura<\/div>\n  <\/div>\n\n  <div class=\"card-clima\">\n    <div class=\"estacao-nome\">\ud83c\udfdc\ufe0f Auge da Seca<\/div>\n    <span class=\"estacao-meses\">Out &#8211; Dez<\/span>\n    <div class=\"temp-valor\">24-33\u00b0C<\/div>\n    <span class=\"temp-label\">M\u00e9dia<\/span>\n    <div class=\"clima-desc\">Com o rio baixo, as extensas faixas de areia da <b>Ilha do Amor<\/b> surgem plenamente, ideais para combinar com o p\u00f4r do sol na <b>Serra da Piroca<\/b>.<\/div>\n    <div class=\"tag-status\">\u26f1\ufe0f Lazer<\/div>\n  <\/div>\n\n<\/div>\n\n\n\n<p><em>Temperaturas aproximadas com base no <a href=\"https:\/\/www.climatempo.com.br\/climatologia\/249\/santarem-pa\" target=\"_blank\" rel=\"noreferrer noopener\"><strong>Climatempo<\/strong><\/a> de Santar\u00e9m, cidade-base. Condi\u00e7\u00f5es podem variar.<\/em><\/p>\n\n\n\n<h2 class=\"wp-block-heading\">Como chegar \u00e0 vila a partir de Santar\u00e9m?<\/h2>\n\n\n\n<p>O acesso \u00e9 feito pelo <strong>Aeroporto Internacional de Santar\u00e9m Maestro Wilson Fonseca<\/strong>, com voos diretos de <strong>Bel\u00e9m<\/strong>, <strong>Bras\u00edlia<\/strong> e <strong>Manaus<\/strong>. De Santar\u00e9m, a vila fica a 37 km pela rodovia <strong>PA-457 (Everaldo Martins)<\/strong>, totalmente pavimentada, em cerca de 40 minutos de carro. Quem tem tempo pode chegar de barco pelo Rio Amazonas a partir de Bel\u00e9m ou Manaus, em viagens de um a dois dias.<\/p>\n\n\n\n<h2 class=\"wp-block-heading\">Por que o Caribe Amaz\u00f4nico vale a viagem<\/h2>\n\n\n\n<p>Poucos destinos do <strong>Brasil<\/strong> mudam tanto entre uma esta\u00e7\u00e3o e outra. Alter do Ch\u00e3o entrega dois lugares diferentes no mesmo endere\u00e7o: praia de areia branca no ver\u00e3o amaz\u00f4nico e floresta naveg\u00e1vel na cheia.<\/p>\n\n\n\n<p>Voc\u00ea precisa conhecer Alter do Ch\u00e3o e descobrir como o <strong>Par\u00e1<\/strong> guarda um Caribe de \u00e1gua doce em pleno cora\u00e7\u00e3o da maior floresta tropical do mundo.<\/p>\n","protected":false},"excerpt":{"rendered":"<p>A 37 km de Santar\u00e9m, no oeste do Par\u00e1, Alter do Ch\u00e3o recebeu o apelido de &#8220;Caribe da Amaz\u00f4nia&#8221; guarda \u00e1guas azul-turquesa e bancos de areia que aparecem s\u00f3 metade do ano. Em 2009, o jornal The Guardian a apontou como uma das praias mais bonitas do Brasil. Uma vila fundada em 1626 que virou [&hellip;]<\/p>\n","protected":false},"author":8,"featured_media":195366,"comment_status":"open","ping_status":"open","sticky":false,"template":"","format":"standard","meta":{"_yoast_wpseo_focuskw":"Caribe da Amaz\u00f4nia","_yoast_wpseo_title":"","_yoast_wpseo_metadesc":"Em uma vila simples do Par\u00e1, o \u201cCaribe da Amaz\u00f4nia\u201d encanta com praias de areia branca que aparecem no meio do rio.","jnews-multi-image_gallery":[],"jnews_single_post":{"format":"standard"},"jnews_primary_category":[],"jnews_social_meta":[],"jnews_override_counter":[],"footnotes":""},"categories":[108,111],"tags":[],"class_list":["post-234032","post","type-post","status-publish","format-standard","has-post-thumbnail","hentry","category-cidades","category-turismo"],"yoast_head":"<!-- This site is optimized with the Yoast SEO plugin v24.6 - https:\/\/yoast.com\/wordpress\/plugins\/seo\/ -->\n<title>O Caribe da Amaz\u00f4nia se esconde em uma a vila simples paraense onde praias de areia branca surgem no meio do rio - Correio Braziliense - Radar<\/title>\n<meta name=\"description\" content=\"Em uma vila simples do Par\u00e1, o \u201cCaribe da Amaz\u00f4nia\u201d encanta com praias de areia branca que aparecem no meio do rio.\" \/>\n<meta name=\"robots\" content=\"index, follow, max-snippet:-1, max-image-preview:large, max-video-preview:-1\" \/>\n<link rel=\"canonical\" href=\"https:\/\/www.correiobraziliense.com.br\/cbradar\/o-caribe-da-amazonia-se-esconde-em-uma-a-vila-simples-paraense-onde-praias-de-areia-branca-surgem-no-meio-do-rio\/\" \/>\n<meta property=\"og:locale\" content=\"pt_BR\" \/>\n<meta property=\"og:type\" content=\"article\" \/>\n<meta property=\"og:title\" content=\"O Caribe da Amaz\u00f4nia se esconde em uma a vila simples paraense onde praias de areia branca surgem no meio do rio - Correio Braziliense - Radar\" \/>\n<meta property=\"og:description\" content=\"Em uma vila simples do Par\u00e1, o \u201cCaribe da Amaz\u00f4nia\u201d encanta com praias de areia branca que aparecem no meio do rio.\" \/>\n<meta property=\"og:url\" content=\"https:\/\/www.correiobraziliense.com.br\/cbradar\/o-caribe-da-amazonia-se-esconde-em-uma-a-vila-simples-paraense-onde-praias-de-areia-branca-surgem-no-meio-do-rio\/\" \/>\n<meta property=\"og:site_name\" content=\"Correio Braziliense - Radar\" \/>\n<meta property=\"article:published_time\" content=\"2026-04-29T14:32:08+00:00\" \/>\n<meta property=\"article:modified_time\" content=\"2026-04-29T14:32:10+00:00\" \/>\n<meta property=\"og:image\" content=\"https:\/\/www.correiobraziliense.com.br\/cbradar\/wp-content\/uploads\/2026\/02\/aaa-2026-02-18T061800.398.png\" \/>\n\t<meta property=\"og:image:width\" content=\"1280\" \/>\n\t<meta property=\"og:image:height\" content=\"720\" \/>\n\t<meta property=\"og:image:type\" content=\"image\/png\" \/>\n<meta name=\"author\" content=\"Maura Pereira\" \/>\n<meta name=\"twitter:card\" content=\"summary_large_image\" \/>\n<meta name=\"twitter:label1\" content=\"Escrito por\" \/>\n\t<meta name=\"twitter:data1\" content=\"Maura Pereira\" \/>\n\t<meta name=\"twitter:label2\" content=\"Est. tempo de leitura\" \/>\n\t<meta name=\"twitter:data2\" content=\"7 minutos\" \/>\n<!-- \/ Yoast SEO plugin. -->","yoast_head_json":{"title":"O Caribe da Amaz\u00f4nia se esconde em uma a vila simples paraense onde praias de areia branca surgem no meio do rio - Correio Braziliense - Radar","description":"Em uma vila simples do Par\u00e1, o \u201cCaribe da Amaz\u00f4nia\u201d encanta com praias de areia branca que aparecem no meio do rio.","robots":{"index":"index","follow":"follow","max-snippet":"max-snippet:-1","max-image-preview":"max-image-preview:large","max-video-preview":"max-video-preview:-1"},"canonical":"https:\/\/www.correiobraziliense.com.br\/cbradar\/o-caribe-da-amazonia-se-esconde-em-uma-a-vila-simples-paraense-onde-praias-de-areia-branca-surgem-no-meio-do-rio\/","og_locale":"pt_BR","og_type":"article","og_title":"O Caribe da Amaz\u00f4nia se esconde em uma a vila simples paraense onde praias de areia branca surgem no meio do rio - Correio Braziliense - Radar","og_description":"Em uma vila simples do Par\u00e1, o \u201cCaribe da Amaz\u00f4nia\u201d encanta com praias de areia branca que aparecem no meio do rio.","og_url":"https:\/\/www.correiobraziliense.com.br\/cbradar\/o-caribe-da-amazonia-se-esconde-em-uma-a-vila-simples-paraense-onde-praias-de-areia-branca-surgem-no-meio-do-rio\/","og_site_name":"Correio Braziliense - Radar","article_published_time":"2026-04-29T14:32:08+00:00","article_modified_time":"2026-04-29T14:32:10+00:00","og_image":[{"width":1280,"height":720,"url":"https:\/\/www.correiobraziliense.com.br\/cbradar\/wp-content\/uploads\/2026\/02\/aaa-2026-02-18T061800.398.png","type":"image\/png"}],"author":"Maura Pereira","twitter_card":"summary_large_image","twitter_misc":{"Escrito por":"Maura Pereira","Est. tempo de leitura":"7 minutos"},"schema":{"@context":"https:\/\/schema.org","@graph":[{"@type":"WebPage","@id":"https:\/\/www.correiobraziliense.com.br\/cbradar\/o-caribe-da-amazonia-se-esconde-em-uma-a-vila-simples-paraense-onde-praias-de-areia-branca-surgem-no-meio-do-rio\/","url":"https:\/\/www.correiobraziliense.com.br\/cbradar\/o-caribe-da-amazonia-se-esconde-em-uma-a-vila-simples-paraense-onde-praias-de-areia-branca-surgem-no-meio-do-rio\/","name":"O Caribe da Amaz\u00f4nia se esconde em uma a vila simples paraense onde praias de areia branca surgem no meio do rio - Correio Braziliense - Radar","isPartOf":{"@id":"https:\/\/www.correiobraziliense.com.br\/cbradar\/#website"},"primaryImageOfPage":{"@id":"https:\/\/www.correiobraziliense.com.br\/cbradar\/o-caribe-da-amazonia-se-esconde-em-uma-a-vila-simples-paraense-onde-praias-de-areia-branca-surgem-no-meio-do-rio\/#primaryimage"},"image":{"@id":"https:\/\/www.correiobraziliense.com.br\/cbradar\/o-caribe-da-amazonia-se-esconde-em-uma-a-vila-simples-paraense-onde-praias-de-areia-branca-surgem-no-meio-do-rio\/#primaryimage"},"thumbnailUrl":"https:\/\/www.correiobraziliense.com.br\/cbradar\/wp-content\/uploads\/2026\/02\/aaa-2026-02-18T061800.398.png","datePublished":"2026-04-29T14:32:08+00:00","dateModified":"2026-04-29T14:32:10+00:00","author":{"@id":"https:\/\/www.correiobraziliense.com.br\/cbradar\/#\/schema\/person\/4053c651a9bfc785afc6f4cbc9032fd3"},"description":"Em uma vila simples do Par\u00e1, o \u201cCaribe da Amaz\u00f4nia\u201d encanta com praias de areia branca que aparecem no meio do rio.","breadcrumb":{"@id":"https:\/\/www.correiobraziliense.com.br\/cbradar\/o-caribe-da-amazonia-se-esconde-em-uma-a-vila-simples-paraense-onde-praias-de-areia-branca-surgem-no-meio-do-rio\/#breadcrumb"},"inLanguage":"pt-BR","potentialAction":[{"@type":"ReadAction","target":["https:\/\/www.correiobraziliense.com.br\/cbradar\/o-caribe-da-amazonia-se-esconde-em-uma-a-vila-simples-paraense-onde-praias-de-areia-branca-surgem-no-meio-do-rio\/"]}]},{"@type":"ImageObject","inLanguage":"pt-BR","@id":"https:\/\/www.correiobraziliense.com.br\/cbradar\/o-caribe-da-amazonia-se-esconde-em-uma-a-vila-simples-paraense-onde-praias-de-areia-branca-surgem-no-meio-do-rio\/#primaryimage","url":"https:\/\/www.correiobraziliense.com.br\/cbradar\/wp-content\/uploads\/2026\/02\/aaa-2026-02-18T061800.398.png","contentUrl":"https:\/\/www.correiobraziliense.com.br\/cbradar\/wp-content\/uploads\/2026\/02\/aaa-2026-02-18T061800.398.png","width":1280,"height":720,"caption":"Viver em Alter do Ch\u00e3o oferece uma din\u00e2mica pautada pela tranquilidade amaz\u00f4nica e por uma forte conex\u00e3o com a ancestralidade ind\u00edgena Borari. \/ Imagem ilustrativa"},{"@type":"BreadcrumbList","@id":"https:\/\/www.correiobraziliense.com.br\/cbradar\/o-caribe-da-amazonia-se-esconde-em-uma-a-vila-simples-paraense-onde-praias-de-areia-branca-surgem-no-meio-do-rio\/#breadcrumb","itemListElement":[{"@type":"ListItem","position":1,"name":"In\u00edcio","item":"https:\/\/www.correiobraziliense.com.br\/cbradar\/"},{"@type":"ListItem","position":2,"name":"O Caribe da Amaz\u00f4nia se esconde em uma a vila simples paraense onde praias de areia branca surgem no meio do rio"}]},{"@type":"WebSite","@id":"https:\/\/www.correiobraziliense.com.br\/cbradar\/#website","url":"https:\/\/www.correiobraziliense.com.br\/cbradar\/","name":"Correio Braziliense - Radar","description":"Acompanhe as \u00faltimas not\u00edcias e fique bem informado sobre tudo o que acontece no Brasil e no mundo.","potentialAction":[{"@type":"SearchAction","target":{"@type":"EntryPoint","urlTemplate":"https:\/\/www.correiobraziliense.com.br\/cbradar\/?s={search_term_string}"},"query-input":{"@type":"PropertyValueSpecification","valueRequired":true,"valueName":"search_term_string"}}],"inLanguage":"pt-BR"},{"@type":"Person","@id":"https:\/\/www.correiobraziliense.com.br\/cbradar\/#\/schema\/person\/4053c651a9bfc785afc6f4cbc9032fd3","name":"Maura Pereira","image":{"@type":"ImageObject","inLanguage":"pt-BR","@id":"https:\/\/www.correiobraziliense.com.br\/cbradar\/#\/schema\/person\/image\/","url":"https:\/\/secure.gravatar.com\/avatar\/3effd6bdadfa447f15089c7f7144eaa6?s=96&d=mm&r=g","contentUrl":"https:\/\/secure.gravatar.com\/avatar\/3effd6bdadfa447f15089c7f7144eaa6?s=96&d=mm&r=g","caption":"Maura Pereira"},"sameAs":["https:\/\/www.correiobraziliense.com.br\/"],"url":"https:\/\/www.correiobraziliense.com.br\/cbradar\/author\/mauramyth\/"}]}},"_links":{"self":[{"href":"https:\/\/www.correiobraziliense.com.br\/cbradar\/wp-json\/wp\/v2\/posts\/234032","targetHints":{"allow":["GET"]}}],"collection":[{"href":"https:\/\/www.correiobraziliense.com.br\/cbradar\/wp-json\/wp\/v2\/posts"}],"about":[{"href":"https:\/\/www.correiobraziliense.com.br\/cbradar\/wp-json\/wp\/v2\/types\/post"}],"author":[{"embeddable":true,"href":"https:\/\/www.correiobraziliense.com.br\/cbradar\/wp-json\/wp\/v2\/users\/8"}],"replies":[{"embeddable":true,"href":"https:\/\/www.correiobraziliense.com.br\/cbradar\/wp-json\/wp\/v2\/comments?post=234032"}],"version-history":[{"count":9,"href":"https:\/\/www.correiobraziliense.com.br\/cbradar\/wp-json\/wp\/v2\/posts\/234032\/revisions"}],"predecessor-version":[{"id":234079,"href":"https:\/\/www.correiobraziliense.com.br\/cbradar\/wp-json\/wp\/v2\/posts\/234032\/revisions\/234079"}],"wp:featuredmedia":[{"embeddable":true,"href":"https:\/\/www.correiobraziliense.com.br\/cbradar\/wp-json\/wp\/v2\/media\/195366"}],"wp:attachment":[{"href":"https:\/\/www.correiobraziliense.com.br\/cbradar\/wp-json\/wp\/v2\/media?parent=234032"}],"wp:term":[{"taxonomy":"category","embeddable":true,"href":"https:\/\/www.correiobraziliense.com.br\/cbradar\/wp-json\/wp\/v2\/categories?post=234032"},{"taxonomy":"post_tag","embeddable":true,"href":"https:\/\/www.correiobraziliense.com.br\/cbradar\/wp-json\/wp\/v2\/tags?post=234032"}],"curies":[{"name":"wp","href":"https:\/\/api.w.org\/{rel}","templated":true}]}}