{"id":234033,"date":"2026-04-29T23:05:00","date_gmt":"2026-04-30T02:05:00","guid":{"rendered":"https:\/\/www.correiobraziliense.com.br\/cbradar\/?p=234033"},"modified":"2026-04-29T09:15:55","modified_gmt":"2026-04-29T12:15:55","slug":"inglaterra-alemanha-e-portugal-foram-abastecidas-por-uma-cidade-brasileira-simples-no-seculo-xix-que-hoje-guarda-830-imoveis-tombados-pelo-iphan-e-o-maior-delta-das-americas","status":"publish","type":"post","link":"https:\/\/www.correiobraziliense.com.br\/cbradar\/inglaterra-alemanha-e-portugal-foram-abastecidas-por-uma-cidade-brasileira-simples-no-seculo-xix-que-hoje-guarda-830-imoveis-tombados-pelo-iphan-e-o-maior-delta-das-americas\/","title":{"rendered":"Inglaterra, Alemanha e Portugal foram abastecidas por uma cidade brasileira simples no s\u00e9culo XIX que hoje guarda 830 im\u00f3veis tombados pelo IPHAN e o maior delta das Am\u00e9ricas"},"content":{"rendered":"\n<p>A cidade brasileira que abasteceu Inglaterra, Alemanha e Portugal com cera de carna\u00faba, <strong>Parna\u00edba<\/strong> mant\u00e9m um conjunto hist\u00f3rico raro a poucos quil\u00f4metros do \u00fanico delta em mar aberto do continente.<\/p>\n\n\n\n<h2 class=\"wp-block-heading\">A Belle \u00c9poque parnaibana que poucos brasileiros conhecem<\/h2>\n\n\n\n<p>Entre o fim do s\u00e9culo XIX e meados do XX, a segunda maior cidade do <strong>Piau\u00ed<\/strong> viveu um per\u00edodo de fartura comercial pouco comentado nos livros did\u00e1ticos. Foi do <strong>Porto das Barcas<\/strong>, \u00e0s margens do rio Igara\u00e7u, que sa\u00edram as primeiras 397 quilos de cera de carna\u00faba para an\u00e1lise em <strong>Liverpool<\/strong>, em 1894, abrindo caminho para a exporta\u00e7\u00e3o regular do produto a partir de 1889.<\/p>\n\n\n\n<p>O dinheiro do extrativismo vegetal levantou casar\u00f5es, igrejas neocl\u00e1ssicas e o desaparecido Cassino 24 de Janeiro. A elite local importava perfumes, tecidos e bebidas da Europa enquanto exportava couro, charque, baba\u00e7u e a cera que ainda hoje \u00e9 usada em cosm\u00e9ticos, autom\u00f3veis e confeitaria mundo afora.<\/p>\n\n\n<div class=\"wp-block-image\">\n<figure class=\"aligncenter size-large\"><img decoding=\"async\" width=\"1024\" height=\"576\" src=\"https:\/\/www.correiobraziliense.com.br\/cbradar\/wp-content\/uploads\/2025\/12\/Design-sem-nome-90-1024x576.png\" alt=\"A &quot;Mesopot\u00e2mia brasileira&quot; \u00e9 uma capital planejada que esconde uma floresta de 270 milh\u00f5es de anos na sua avenida\" class=\"wp-image-158772\" srcset=\"https:\/\/www.correiobraziliense.com.br\/cbradar\/wp-content\/uploads\/2025\/12\/Design-sem-nome-90-1024x576.png 1024w, https:\/\/www.correiobraziliense.com.br\/cbradar\/wp-content\/uploads\/2025\/12\/Design-sem-nome-90-300x169.png 300w, https:\/\/www.correiobraziliense.com.br\/cbradar\/wp-content\/uploads\/2025\/12\/Design-sem-nome-90-768x432.png 768w, https:\/\/www.correiobraziliense.com.br\/cbradar\/wp-content\/uploads\/2025\/12\/Design-sem-nome-90-750x422.png 750w, https:\/\/www.correiobraziliense.com.br\/cbradar\/wp-content\/uploads\/2025\/12\/Design-sem-nome-90-1140x641.png 1140w, https:\/\/www.correiobraziliense.com.br\/cbradar\/wp-content\/uploads\/2025\/12\/Design-sem-nome-90.png 1280w\" sizes=\"(max-width: 1024px) 100vw, 1024px\" \/><figcaption class=\"wp-element-caption\">Parque Encontro dos Rios em Teresina-PI abrange 10 ha com trilhas ecol\u00f3gicas, lagoas e fauna nativa preservada no Poti-Parna\u00edba. \/\/ Cr\u00e9ditos: Wikip\u00e9dia<\/figcaption><\/figure><\/div>\n\n\n<h2 class=\"wp-block-heading\">Por que Parna\u00edba tem 830 im\u00f3veis tombados pelo IPHAN?<\/h2>\n\n\n\n<p>O <strong>Instituto do Patrim\u00f4nio Hist\u00f3rico e Art\u00edstico Nacional (IPHAN)<\/strong> reconheceu o conjunto hist\u00f3rico e paisag\u00edstico parnaibano em 2011, dividindo a \u00e1rea em cinco setores. A decis\u00e3o preserva uma cidade portu\u00e1ria rara no Nordeste, com casar\u00f5es coloniais, igrejas setecentistas e galp\u00f5es de exporta\u00e7\u00e3o ainda de p\u00e9.<\/p>\n\n\n\n<p>Os cinco n\u00facleos protegidos s\u00e3o Porto das Barcas, Pra\u00e7a da Gra\u00e7a, Pra\u00e7a Santo Ant\u00f4nio, Esta\u00e7\u00e3o Ferrovi\u00e1ria e Avenida Get\u00falio Vargas. Cada um conta uma camada da hist\u00f3ria: do com\u00e9rcio internacional aos clubes da elite e \u00e0 arquitetura ferrovi\u00e1ria do in\u00edcio do s\u00e9culo XX. Os detalhes do tombamento est\u00e3o na <a href=\"http:\/\/portal.iphan.gov.br\/pagina\/detalhes\/354\/\" target=\"_blank\" rel=\"noreferrer noopener\">p\u00e1gina oficial do <strong>IPHAN<\/strong><\/a>.<\/p>\n\n\n\n<p>Analisando o v\u00eddeo do canal <strong>Cidades &amp; Cia<\/strong>, identifiquei os pontos principais sobre <strong>Parna\u00edba<\/strong>, a vibrante &#8220;Capital do Delta&#8221; no Piau\u00ed. O conte\u00fado destaca que, embora o Piau\u00ed tenha o menor litoral do Nordeste, ele abriga o \u00fanico delta em mar aberto das Am\u00e9ricas.<\/p>\n\n\n\n<figure class=\"wp-block-embed aligncenter is-type-video is-provider-youtube wp-block-embed-youtube wp-embed-aspect-16-9 wp-has-aspect-ratio\"><div class=\"wp-block-embed__wrapper\">\n<div class=\"jeg_video_container jeg_video_content\"><iframe loading=\"lazy\" title=\"Conhe\u00e7a Parna\u00edba no Piau\u00ed a Capital do Delta no Cidades &amp; Cia!\" width=\"500\" height=\"281\" src=\"https:\/\/www.youtube.com\/embed\/KeQ5gIwtq3I?feature=oembed\" frameborder=\"0\" allow=\"accelerometer; autoplay; clipboard-write; encrypted-media; gyroscope; picture-in-picture; web-share\" referrerpolicy=\"strict-origin-when-cross-origin\" allowfullscreen><\/iframe><\/div>\n<\/div><\/figure>\n\n\n\n<h2 class=\"wp-block-heading\">O que visitar entre o casario antigo e os igarap\u00e9s do delta<\/h2>\n\n\n\n<p>A cidade mistura passado imperial e natureza bruta em raio de poucos quil\u00f4metros. Algumas atra\u00e7\u00f5es ficam no centro tombado, outras a 16 km, na ilha onde o rio encontra o mar.<\/p>\n\n\n\n<ul class=\"wp-block-list\">\n<li><strong>Porto das Barcas<\/strong>: complexo do s\u00e9culo XVIII com armaz\u00e9ns de pedra, cascalho de ostras e \u00f3leo de baleia, hoje abriga lojas de artesanato, bares e museus.<\/li>\n\n\n\n<li><strong>Delta do Parna\u00edba<\/strong>: \u00fanico delta em mar aberto das Am\u00e9ricas e terceiro maior do mundo, com mais de 70 ilhas, manguezais e dunas.<\/li>\n\n\n\n<li><strong>Revoada dos Guar\u00e1s<\/strong>: ao entardecer, milhares de aves vermelhas pousam nas ilhas para dormir, criando um espet\u00e1culo no c\u00e9u do <strong>Maranh\u00e3o<\/strong>.<\/li>\n\n\n\n<li><strong>Praia da Pedra do Sal<\/strong>: \u00fanica praia do munic\u00edpio, na <strong>Ilha Grande de Santa Isabel<\/strong>, com lado calmo para banho e lado bravo para surfe e kitesurf.<\/li>\n\n\n\n<li><strong>Lagoa do Portinho<\/strong>: \u00e1gua doce cercada por dunas e palmeiras, ideal para esportes n\u00e1uticos e descanso.<\/li>\n\n\n\n<li><strong>Catedral de Nossa Senhora das Gra\u00e7as<\/strong>: barroca, iniciada em 1844, uma das poucas do estilo no estado.<\/li>\n<\/ul>\n\n\n<div class=\"wp-block-image\">\n<figure class=\"aligncenter size-large\"><img decoding=\"async\" width=\"1024\" height=\"576\" src=\"https:\/\/www.correiobraziliense.com.br\/cbradar\/wp-content\/uploads\/2025\/05\/Edicoes-19-1024x576.png\" alt=\"Um lugar surpreendente no Brasil esconde um para\u00edso \u00fanico nas Am\u00e9ricas que quase ningu\u00e9m sabia\" class=\"wp-image-40602\" srcset=\"https:\/\/www.correiobraziliense.com.br\/cbradar\/wp-content\/uploads\/2025\/05\/Edicoes-19-1024x576.png 1024w, https:\/\/www.correiobraziliense.com.br\/cbradar\/wp-content\/uploads\/2025\/05\/Edicoes-19-300x169.png 300w, https:\/\/www.correiobraziliense.com.br\/cbradar\/wp-content\/uploads\/2025\/05\/Edicoes-19-768x432.png 768w, https:\/\/www.correiobraziliense.com.br\/cbradar\/wp-content\/uploads\/2025\/05\/Edicoes-19-750x422.png 750w, https:\/\/www.correiobraziliense.com.br\/cbradar\/wp-content\/uploads\/2025\/05\/Edicoes-19-1140x641.png 1140w, https:\/\/www.correiobraziliense.com.br\/cbradar\/wp-content\/uploads\/2025\/05\/Edicoes-19.png 1280w\" sizes=\"(max-width: 1024px) 100vw, 1024px\" \/><figcaption class=\"wp-element-caption\">Descubra a beleza \u00fanica do Delta do Parna\u00edba, um para\u00edso natural no litoral do Piau\u00ed. \/\/ Reprodu\u00e7\u00e3o: Wikip\u00e9dia<\/figcaption><\/figure><\/div>\n\n\n<h2 class=\"wp-block-heading\">Como \u00e9 viver na segunda maior cidade do Piau\u00ed?<\/h2>\n\n\n\n<p>Parna\u00edba tem 170.491 habitantes segundo a estimativa de 2025 do <strong>Instituto Brasileiro de Geografia e Estat\u00edstica (<a href=\"https:\/\/www.ibge.gov.br\/cidades-e-estados\/pi\/parnaiba.html\" target=\"_blank\" rel=\"noreferrer noopener\">IBGE<\/a>)<\/strong>, atr\u00e1s apenas de <strong>Teresina<\/strong>. A cidade tem aeroporto regional pr\u00f3prio, o Santos Dumont, com voos para capitais do Nordeste e Sudeste.<\/p>\n\n\n\n<p>O cotidiano combina ritmo de cidade m\u00e9dia do interior com a vantagem de praia a 16 km. A economia local mistura com\u00e9rcio, agroneg\u00f3cio do camar\u00e3o e do leite, e turismo da Rota das Emo\u00e7\u00f5es. A taxa de escolariza\u00e7\u00e3o entre 6 e 14 anos \u00e9 de 98,39%, segundo dados do IBGE.<\/p>\n\n\n<div class=\"wp-block-image\">\n<figure class=\"aligncenter size-large\"><img decoding=\"async\" width=\"1024\" height=\"576\" src=\"https:\/\/www.correiobraziliense.com.br\/cbradar\/wp-content\/uploads\/2026\/02\/aaa-2026-02-01T153928.507-1024x576.png\" alt=\"Uma cidade com alma de vila hist\u00f3rica preservada agora atrai aten\u00e7\u00e3o com condom\u00ednios luxuosos no Brasil\" class=\"wp-image-185648\" srcset=\"https:\/\/www.correiobraziliense.com.br\/cbradar\/wp-content\/uploads\/2026\/02\/aaa-2026-02-01T153928.507-1024x576.png 1024w, https:\/\/www.correiobraziliense.com.br\/cbradar\/wp-content\/uploads\/2026\/02\/aaa-2026-02-01T153928.507-300x169.png 300w, https:\/\/www.correiobraziliense.com.br\/cbradar\/wp-content\/uploads\/2026\/02\/aaa-2026-02-01T153928.507-768x432.png 768w, https:\/\/www.correiobraziliense.com.br\/cbradar\/wp-content\/uploads\/2026\/02\/aaa-2026-02-01T153928.507-750x422.png 750w, https:\/\/www.correiobraziliense.com.br\/cbradar\/wp-content\/uploads\/2026\/02\/aaa-2026-02-01T153928.507-1140x641.png 1140w, https:\/\/www.correiobraziliense.com.br\/cbradar\/wp-content\/uploads\/2026\/02\/aaa-2026-02-01T153928.507.png 1280w\" sizes=\"(max-width: 1024px) 100vw, 1024px\" \/><figcaption class=\"wp-element-caption\">Hist\u00f3ria colonial e bairros planejados definem Santana de Parna\u00edba \/\/ Cr\u00e9ditos: Wikipedia<\/figcaption><\/figure><\/div>\n\n\n<h2 class=\"wp-block-heading\">Os sabores que nasceram entre o mangue e o rio<\/h2>\n\n\n\n<p>A extra\u00e7\u00e3o do caranguejo \u00e9 uma das atividades mais tradicionais do delta, e isso aparece em quase todo card\u00e1pio da cidade. Peixes de \u00e1gua doce e salgada dividem espa\u00e7o com receitas de tempero forte.<\/p>\n\n\n\n<ul class=\"wp-block-list\">\n<li><strong>Torta de caranguejo<\/strong>: prato mais t\u00edpico da regi\u00e3o, fritada com cebola, tomate e azeitonas, servida com bai\u00e3o de dois e farofa.<\/li>\n\n\n\n<li><strong>Peixe parnaibano<\/strong>: fil\u00e9 de peixe branco grelhado com camar\u00e3o empanado e arroz de champignon gratinado, prato de chef da cidade.<\/li>\n\n\n\n<li><strong>Caldeirada de peixe ao leite de coco de baba\u00e7u<\/strong>: receita ancestral que une frutos do mar e a palmeira mais simb\u00f3lica do Piau\u00ed.<\/li>\n\n\n\n<li><strong>Caju\u00edna<\/strong>: bebida n\u00e3o alco\u00f3lica feita do caju, considerada Patrim\u00f4nio Cultural Imaterial do Brasil pelo IPHAN.<\/li>\n<\/ul>\n\n\n\n<p><strong>Leia tamb\u00e9m: <a href=\"https:\/\/www.correiobraziliense.com.br\/cbradar\/a-cidade-de-8-mil-moradores-no-ms-que-esconde-a-maior-cachoeira-do-estado-e-o-maior-rapel-do-pais\/\" target=\"_blank\" rel=\"noreferrer noopener\">A cidade de 8 mil moradores no MS que esconde a maior cachoeira do estado e o maior rapel do pa\u00eds.<\/a><\/strong><\/p>\n\n\n\n<h2 class=\"wp-block-heading\">Quando ir a Parna\u00edba para fugir das chuvas?<\/h2>\n\n\n\n<p><strong>O segundo semestre \u00e9 a temporada mais segura para os passeios pelo delta. <\/strong>A esta\u00e7\u00e3o chuvosa concentra-se entre fevereiro e maio, com m\u00e9dia de 268 mm em abril.<\/p>\n\n\n\n<style>\n  \/* --- CONTAINER BLINDADO (PADR\u00c3O REGISTRADO) --- *\/\n  .clima-grid-final {\n    font-family: -apple-system, BlinkMacSystemFont, \"Segoe UI\", Roboto, Arial, sans-serif !important;\n    width: 100% !important;\n    max-width: 1200px !important;\n    margin: 20px auto !important;\n    display: grid !important;\n    \/* FOR\u00c7A 4 COLUNAS NO DESKTOP *\/\n    grid-template-columns: repeat(4, 1fr) !important; \n    gap: 15px !important;\n    box-sizing: border-box !important;\n  }\n\n  .clima-grid-final * {\n    box-sizing: border-box !important;\n  }\n\n  \/* --- BLINDAGEM CONTRA ADS E PLUGINS INTRUSOS --- *\/\n  .clima-grid-final > :not(.card-clima) {\n    display: none !important;\n    width: 0 !important;\n    height: 0 !important;\n    opacity: 0 !important;\n  }\n\n  \/* --- CARD PRETO B\u00c1SICO (FUNDO BRANCO) --- *\/\n  .card-clima {\n    background: #ffffff !important;\n    border: 1px solid #e0e0e0 !important;\n    border-radius: 20px !important;\n    padding: 20px 10px !important;\n    text-align: center !important;\n    display: flex !important;\n    flex-direction: column !important;\n    align-items: center !important;\n    box-shadow: 0 4px 10px rgba(0, 0, 0, 0.05) !important;\n    min-width: 0 !important; \n    transition: transform 0.2s ease !important;\n    overflow: hidden !important;\n    height: 100% !important;\n  }\n\n  .card-clima:hover {\n    transform: translateY(-5px) !important;\n    border-color: #000000 !important;\n  }\n\n  \/* --- CONTE\u00daDO --- *\/\n  .estacao-nome { \n    font-size: 14px !important; \n    font-weight: 800 !important; \n    color: #000000 !important; \n    text-transform: uppercase !important; \n    margin: 0 0 5px 0 !important; \n  }\n  \n  .estacao-meses { \n    font-size: 10px !important; \n    font-weight: 700 !important; \n    color: #444444 !important; \n    text-transform: uppercase !important; \n    margin-bottom: 15px !important; \n    display: block !important;\n  }\n  \n  .temp-valor { \n    font-size: 24px !important; \n    font-weight: 800 !important; \n    color: #000000 !important; \n    line-height: 1.1 !important; \n    margin: 0 !important;\n  }\n  \n  .temp-label { \n    font-size: 9px !important; \n    font-weight: 600 !important; \n    color: #777777 !important; \n    text-transform: uppercase !important; \n    margin-bottom: 15px !important; \n    display: block !important;\n  }\n  \n  .clima-desc { \n    font-size: 12px !important; \n    line-height: 1.4 !important; \n    color: #333333 !important; \n    margin-bottom: 15px !important; \n    flex-grow: 1 !important; \n  }\n\n  .tag-status {\n    background-color: #f5f5f5 !important;\n    border: 1px solid #d0d0d0 !important;\n    color: #000000 !important;\n    padding: 5px 12px !important;\n    border-radius: 20px !important;\n    font-size: 9px !important;\n    font-weight: 800 !important;\n    text-transform: uppercase !important;\n    margin-top: auto !important;\n  }\n\n  \/* --- RESPONSIVIDADE --- *\/\n  @media (max-width: 800px) {\n    .clima-grid-final {\n      grid-template-columns: 1fr !important; \n    }\n    .card-clima {\n      padding: 25px 20px !important;\n    }\n  }\n<\/style>\n\n<div class=\"google-auto-ads-ignore clima-grid-final\">\n  \n  <div class=\"card-clima\">\n    <div class=\"estacao-nome\">\u2600\ufe0f Ver\u00e3o<\/div>\n    <span class=\"estacao-meses\">Dez &#8211; Fev<\/span>\n    <div class=\"temp-valor\">24-32\u00b0C<\/div>\n    <span class=\"temp-label\">M\u00e9dia<\/span>\n    <div class=\"clima-desc\">Com sol forte e chuvas passageiras, \u00e9 a \u00e9poca ideal para curtir as <b>praias<\/b> e caminhar pelas ruas do <b>centro hist\u00f3rico<\/b>.<\/div>\n    <div class=\"tag-status\">\ud83c\udf26\ufe0f Chuva M\u00e9dia<\/div>\n  <\/div>\n\n  <div class=\"card-clima\">\n    <div class=\"estacao-nome\">\ud83c\udf42 Outono<\/div>\n    <span class=\"estacao-meses\">Mar &#8211; Mai<\/span>\n    <div class=\"temp-valor\">23-31\u00b0C<\/div>\n    <span class=\"temp-label\">M\u00e9dia<\/span>\n    <div class=\"clima-desc\">No per\u00edodo de chuva alta, a melhor pedida \u00e9 mergulhar na hist\u00f3ria local visitando os <b>museus<\/b> e os imponentes <b>casar\u00f5es<\/b>.<\/div>\n    <div class=\"tag-status\">\ud83c\udf27\ufe0f Chuva Alta<\/div>\n  <\/div>\n\n  <div class=\"card-clima\">\n    <div class=\"estacao-nome\">\ud83e\udde3 Inverno<\/div>\n    <span class=\"estacao-meses\">Jun &#8211; Ago<\/span>\n    <div class=\"temp-valor\">22-31\u00b0C<\/div>\n    <span class=\"temp-label\">M\u00e9dia<\/span>\n    <div class=\"clima-desc\">Com o tempo seco, as condi\u00e7\u00f5es s\u00e3o perfeitas para explorar o <b>Delta<\/b> e presenciar o espet\u00e1culo da <b>revoada dos guar\u00e1s<\/b>.<\/div>\n    <div class=\"tag-status\">\ud83d\udef6 Natureza<\/div>\n  <\/div>\n\n  <div class=\"card-clima\">\n    <div class=\"estacao-nome\">\ud83c\udf38 Primavera<\/div>\n    <span class=\"estacao-meses\">Set &#8211; Nov<\/span>\n    <div class=\"temp-valor\">23-32\u00b0C<\/div>\n    <span class=\"temp-label\">M\u00e9dia<\/span>\n    <div class=\"clima-desc\">Os ventos constantes atraem praticantes de <b>kitesurf<\/b>, enquanto as lagoas dos <b>Len\u00e7\u00f3is Maranhenses<\/b> ainda encantam os visitantes.<\/div>\n    <div class=\"tag-status\">\ud83c\udf2c\ufe0f Aventura<\/div>\n  <\/div>\n\n<\/div>\n\n\n\n<p><em>Temperaturas aproximadas com base no <a href=\"https:\/\/www.climatempo.com.br\/previsao-do-tempo\/cidade\/1292\/parnaiba-pi\" target=\"_blank\" rel=\"noreferrer noopener\"><strong>Climatempo<\/strong><\/a>. Condi\u00e7\u00f5es podem variar.<\/em><\/p>\n\n\n<div class=\"wp-block-image\">\n<figure class=\"aligncenter size-large\"><img decoding=\"async\" width=\"1024\" height=\"576\" src=\"https:\/\/www.correiobraziliense.com.br\/cbradar\/wp-content\/uploads\/2026\/02\/aaa-2026-02-01T154119.178-1024x576.png\" alt=\"Uma cidade com charme de vila hist\u00f3rica preservada est\u00e1 construindo condom\u00ednios luxuosos no Brasil\" class=\"wp-image-185653\" srcset=\"https:\/\/www.correiobraziliense.com.br\/cbradar\/wp-content\/uploads\/2026\/02\/aaa-2026-02-01T154119.178-1024x576.png 1024w, https:\/\/www.correiobraziliense.com.br\/cbradar\/wp-content\/uploads\/2026\/02\/aaa-2026-02-01T154119.178-300x169.png 300w, https:\/\/www.correiobraziliense.com.br\/cbradar\/wp-content\/uploads\/2026\/02\/aaa-2026-02-01T154119.178-768x432.png 768w, https:\/\/www.correiobraziliense.com.br\/cbradar\/wp-content\/uploads\/2026\/02\/aaa-2026-02-01T154119.178-750x422.png 750w, https:\/\/www.correiobraziliense.com.br\/cbradar\/wp-content\/uploads\/2026\/02\/aaa-2026-02-01T154119.178-1140x641.png 1140w, https:\/\/www.correiobraziliense.com.br\/cbradar\/wp-content\/uploads\/2026\/02\/aaa-2026-02-01T154119.178.png 1280w\" sizes=\"(max-width: 1024px) 100vw, 1024px\" \/><figcaption class=\"wp-element-caption\">Santana de Parna\u00edba une hist\u00f3ria colonial e qualidade de vida \/\/ Cr\u00e9ditos: Wikipedia<\/figcaption><\/figure><\/div>\n\n\n<h2 class=\"wp-block-heading\">Como chegar \u00e0 porta de entrada do delta?<\/h2>\n\n\n\n<p>Parna\u00edba fica a 339 km de Teresina, ligada \u00e0 capital pela <strong>BR-343<\/strong>. O Aeroporto Santos Dumont (PHB) recebe voos da <strong>Latam<\/strong> e da <strong>Azul<\/strong>, com conex\u00f5es para <strong>Fortaleza<\/strong>, <strong>S\u00e3o Lu\u00eds<\/strong> e <strong>Jericoacoara<\/strong>. A cidade est\u00e1 no centro geogr\u00e1fico da Rota das Emo\u00e7\u00f5es.<\/p>\n\n\n\n<h2 class=\"wp-block-heading\">V\u00e1 conhecer a cidade que exportava para a Europa<\/h2>\n\n\n\n<p><strong>Parna\u00edba \u00e9 uma das raras cidades brasileiras onde patrim\u00f4nio imperial<\/strong>, mangue e mar se encontram no mesmo dia. A hist\u00f3ria de uma elite que negociava com a Inglaterra ainda vive nas paredes do Porto das Barcas.<\/p>\n\n\n\n<p>Voc\u00ea precisa subir os galp\u00f5es tombados ao entardecer e atravessar o delta de barco para entender por que Parna\u00edba foi um dos endere\u00e7os mais ricos do Nordeste.<\/p>\n","protected":false},"excerpt":{"rendered":"<p>A cidade brasileira que abasteceu Inglaterra, Alemanha e Portugal com cera de carna\u00faba, Parna\u00edba mant\u00e9m um conjunto hist\u00f3rico raro a poucos quil\u00f4metros do \u00fanico delta em mar aberto do continente. A Belle \u00c9poque parnaibana que poucos brasileiros conhecem Entre o fim do s\u00e9culo XIX e meados do XX, a segunda maior cidade do Piau\u00ed viveu [&hellip;]<\/p>\n","protected":false},"author":8,"featured_media":234070,"comment_status":"open","ping_status":"open","sticky":false,"template":"","format":"standard","meta":{"_yoast_wpseo_focuskw":"cidade brasileira","_yoast_wpseo_title":"","_yoast_wpseo_metadesc":"Essa cidade brasileira foi essencial para a Europa no s\u00e9culo XIX e hoje re\u00fane 830 im\u00f3veis tombados e o maior delta das Am\u00e9ricas","jnews-multi-image_gallery":[],"jnews_single_post":{"format":"standard"},"jnews_primary_category":[],"jnews_social_meta":[],"jnews_override_counter":[],"footnotes":""},"categories":[108,111],"tags":[5103,3034],"class_list":["post-234033","post","type-post","status-publish","format-standard","has-post-thumbnail","hentry","category-cidades","category-turismo","tag-parnaiba","tag-piaui"],"yoast_head":"<!-- This site is optimized with the Yoast SEO plugin v24.6 - https:\/\/yoast.com\/wordpress\/plugins\/seo\/ -->\n<title>Inglaterra, Alemanha e Portugal foram abastecidas por uma cidade brasileira simples no s\u00e9culo XIX que hoje guarda 830 im\u00f3veis tombados pelo IPHAN e o maior delta das Am\u00e9ricas - Correio Braziliense - Radar<\/title>\n<meta name=\"description\" content=\"Essa cidade brasileira foi essencial para a Europa no s\u00e9culo XIX e hoje re\u00fane 830 im\u00f3veis tombados e o maior delta das Am\u00e9ricas\" \/>\n<meta name=\"robots\" content=\"index, follow, max-snippet:-1, max-image-preview:large, max-video-preview:-1\" \/>\n<link rel=\"canonical\" href=\"https:\/\/www.correiobraziliense.com.br\/cbradar\/inglaterra-alemanha-e-portugal-foram-abastecidas-por-uma-cidade-brasileira-simples-no-seculo-xix-que-hoje-guarda-830-imoveis-tombados-pelo-iphan-e-o-maior-delta-das-americas\/\" \/>\n<meta property=\"og:locale\" content=\"pt_BR\" \/>\n<meta property=\"og:type\" content=\"article\" \/>\n<meta property=\"og:title\" content=\"Inglaterra, Alemanha e Portugal foram abastecidas por uma cidade brasileira simples no s\u00e9culo XIX que hoje guarda 830 im\u00f3veis tombados pelo IPHAN e o maior delta das Am\u00e9ricas - Correio Braziliense - Radar\" \/>\n<meta property=\"og:description\" content=\"Essa cidade brasileira foi essencial para a Europa no s\u00e9culo XIX e hoje re\u00fane 830 im\u00f3veis tombados e o maior delta das Am\u00e9ricas\" \/>\n<meta property=\"og:url\" content=\"https:\/\/www.correiobraziliense.com.br\/cbradar\/inglaterra-alemanha-e-portugal-foram-abastecidas-por-uma-cidade-brasileira-simples-no-seculo-xix-que-hoje-guarda-830-imoveis-tombados-pelo-iphan-e-o-maior-delta-das-americas\/\" \/>\n<meta property=\"og:site_name\" content=\"Correio Braziliense - Radar\" \/>\n<meta property=\"article:published_time\" content=\"2026-04-30T02:05:00+00:00\" \/>\n<meta property=\"og:image\" content=\"https:\/\/www.correiobraziliense.com.br\/cbradar\/wp-content\/uploads\/2026\/04\/aaa-2026-04-29T090045.403.png\" \/>\n\t<meta property=\"og:image:width\" content=\"1280\" \/>\n\t<meta property=\"og:image:height\" content=\"720\" \/>\n\t<meta property=\"og:image:type\" content=\"image\/png\" \/>\n<meta name=\"author\" content=\"Maura Pereira\" \/>\n<meta name=\"twitter:card\" content=\"summary_large_image\" \/>\n<meta name=\"twitter:label1\" content=\"Escrito por\" \/>\n\t<meta name=\"twitter:data1\" content=\"Maura Pereira\" \/>\n\t<meta name=\"twitter:label2\" content=\"Est. tempo de leitura\" \/>\n\t<meta name=\"twitter:data2\" content=\"7 minutos\" \/>\n<!-- \/ Yoast SEO plugin. -->","yoast_head_json":{"title":"Inglaterra, Alemanha e Portugal foram abastecidas por uma cidade brasileira simples no s\u00e9culo XIX que hoje guarda 830 im\u00f3veis tombados pelo IPHAN e o maior delta das Am\u00e9ricas - Correio Braziliense - Radar","description":"Essa cidade brasileira foi essencial para a Europa no s\u00e9culo XIX e hoje re\u00fane 830 im\u00f3veis tombados e o maior delta das Am\u00e9ricas","robots":{"index":"index","follow":"follow","max-snippet":"max-snippet:-1","max-image-preview":"max-image-preview:large","max-video-preview":"max-video-preview:-1"},"canonical":"https:\/\/www.correiobraziliense.com.br\/cbradar\/inglaterra-alemanha-e-portugal-foram-abastecidas-por-uma-cidade-brasileira-simples-no-seculo-xix-que-hoje-guarda-830-imoveis-tombados-pelo-iphan-e-o-maior-delta-das-americas\/","og_locale":"pt_BR","og_type":"article","og_title":"Inglaterra, Alemanha e Portugal foram abastecidas por uma cidade brasileira simples no s\u00e9culo XIX que hoje guarda 830 im\u00f3veis tombados pelo IPHAN e o maior delta das Am\u00e9ricas - Correio Braziliense - Radar","og_description":"Essa cidade brasileira foi essencial para a Europa no s\u00e9culo XIX e hoje re\u00fane 830 im\u00f3veis tombados e o maior delta das Am\u00e9ricas","og_url":"https:\/\/www.correiobraziliense.com.br\/cbradar\/inglaterra-alemanha-e-portugal-foram-abastecidas-por-uma-cidade-brasileira-simples-no-seculo-xix-que-hoje-guarda-830-imoveis-tombados-pelo-iphan-e-o-maior-delta-das-americas\/","og_site_name":"Correio Braziliense - Radar","article_published_time":"2026-04-30T02:05:00+00:00","og_image":[{"width":1280,"height":720,"url":"https:\/\/www.correiobraziliense.com.br\/cbradar\/wp-content\/uploads\/2026\/04\/aaa-2026-04-29T090045.403.png","type":"image\/png"}],"author":"Maura Pereira","twitter_card":"summary_large_image","twitter_misc":{"Escrito por":"Maura Pereira","Est. tempo de leitura":"7 minutos"},"schema":{"@context":"https:\/\/schema.org","@graph":[{"@type":"WebPage","@id":"https:\/\/www.correiobraziliense.com.br\/cbradar\/inglaterra-alemanha-e-portugal-foram-abastecidas-por-uma-cidade-brasileira-simples-no-seculo-xix-que-hoje-guarda-830-imoveis-tombados-pelo-iphan-e-o-maior-delta-das-americas\/","url":"https:\/\/www.correiobraziliense.com.br\/cbradar\/inglaterra-alemanha-e-portugal-foram-abastecidas-por-uma-cidade-brasileira-simples-no-seculo-xix-que-hoje-guarda-830-imoveis-tombados-pelo-iphan-e-o-maior-delta-das-americas\/","name":"Inglaterra, Alemanha e Portugal foram abastecidas por uma cidade brasileira simples no s\u00e9culo XIX que hoje guarda 830 im\u00f3veis tombados pelo IPHAN e o maior delta das Am\u00e9ricas - Correio Braziliense - Radar","isPartOf":{"@id":"https:\/\/www.correiobraziliense.com.br\/cbradar\/#website"},"primaryImageOfPage":{"@id":"https:\/\/www.correiobraziliense.com.br\/cbradar\/inglaterra-alemanha-e-portugal-foram-abastecidas-por-uma-cidade-brasileira-simples-no-seculo-xix-que-hoje-guarda-830-imoveis-tombados-pelo-iphan-e-o-maior-delta-das-americas\/#primaryimage"},"image":{"@id":"https:\/\/www.correiobraziliense.com.br\/cbradar\/inglaterra-alemanha-e-portugal-foram-abastecidas-por-uma-cidade-brasileira-simples-no-seculo-xix-que-hoje-guarda-830-imoveis-tombados-pelo-iphan-e-o-maior-delta-das-americas\/#primaryimage"},"thumbnailUrl":"https:\/\/www.correiobraziliense.com.br\/cbradar\/wp-content\/uploads\/2026\/04\/aaa-2026-04-29T090045.403.png","datePublished":"2026-04-30T02:05:00+00:00","author":{"@id":"https:\/\/www.correiobraziliense.com.br\/cbradar\/#\/schema\/person\/4053c651a9bfc785afc6f4cbc9032fd3"},"description":"Essa cidade brasileira foi essencial para a Europa no s\u00e9culo XIX e hoje re\u00fane 830 im\u00f3veis tombados e o maior delta das Am\u00e9ricas","breadcrumb":{"@id":"https:\/\/www.correiobraziliense.com.br\/cbradar\/inglaterra-alemanha-e-portugal-foram-abastecidas-por-uma-cidade-brasileira-simples-no-seculo-xix-que-hoje-guarda-830-imoveis-tombados-pelo-iphan-e-o-maior-delta-das-americas\/#breadcrumb"},"inLanguage":"pt-BR","potentialAction":[{"@type":"ReadAction","target":["https:\/\/www.correiobraziliense.com.br\/cbradar\/inglaterra-alemanha-e-portugal-foram-abastecidas-por-uma-cidade-brasileira-simples-no-seculo-xix-que-hoje-guarda-830-imoveis-tombados-pelo-iphan-e-o-maior-delta-das-americas\/"]}]},{"@type":"ImageObject","inLanguage":"pt-BR","@id":"https:\/\/www.correiobraziliense.com.br\/cbradar\/inglaterra-alemanha-e-portugal-foram-abastecidas-por-uma-cidade-brasileira-simples-no-seculo-xix-que-hoje-guarda-830-imoveis-tombados-pelo-iphan-e-o-maior-delta-das-americas\/#primaryimage","url":"https:\/\/www.correiobraziliense.com.br\/cbradar\/wp-content\/uploads\/2026\/04\/aaa-2026-04-29T090045.403.png","contentUrl":"https:\/\/www.correiobraziliense.com.br\/cbradar\/wp-content\/uploads\/2026\/04\/aaa-2026-04-29T090045.403.png","width":1280,"height":720,"caption":"Parna\u00edba abasteceu Inglaterra, Alemanha e Portugal com cera de carna\u00faba. \/ Imagem ilustrativa"},{"@type":"BreadcrumbList","@id":"https:\/\/www.correiobraziliense.com.br\/cbradar\/inglaterra-alemanha-e-portugal-foram-abastecidas-por-uma-cidade-brasileira-simples-no-seculo-xix-que-hoje-guarda-830-imoveis-tombados-pelo-iphan-e-o-maior-delta-das-americas\/#breadcrumb","itemListElement":[{"@type":"ListItem","position":1,"name":"In\u00edcio","item":"https:\/\/www.correiobraziliense.com.br\/cbradar\/"},{"@type":"ListItem","position":2,"name":"Inglaterra, Alemanha e Portugal foram abastecidas por uma cidade brasileira simples no s\u00e9culo XIX que hoje guarda 830 im\u00f3veis tombados pelo IPHAN e o maior delta das Am\u00e9ricas"}]},{"@type":"WebSite","@id":"https:\/\/www.correiobraziliense.com.br\/cbradar\/#website","url":"https:\/\/www.correiobraziliense.com.br\/cbradar\/","name":"Correio Braziliense - Radar","description":"Acompanhe as \u00faltimas not\u00edcias e fique bem informado sobre tudo o que acontece no Brasil e no mundo.","potentialAction":[{"@type":"SearchAction","target":{"@type":"EntryPoint","urlTemplate":"https:\/\/www.correiobraziliense.com.br\/cbradar\/?s={search_term_string}"},"query-input":{"@type":"PropertyValueSpecification","valueRequired":true,"valueName":"search_term_string"}}],"inLanguage":"pt-BR"},{"@type":"Person","@id":"https:\/\/www.correiobraziliense.com.br\/cbradar\/#\/schema\/person\/4053c651a9bfc785afc6f4cbc9032fd3","name":"Maura Pereira","image":{"@type":"ImageObject","inLanguage":"pt-BR","@id":"https:\/\/www.correiobraziliense.com.br\/cbradar\/#\/schema\/person\/image\/","url":"https:\/\/secure.gravatar.com\/avatar\/3effd6bdadfa447f15089c7f7144eaa6?s=96&d=mm&r=g","contentUrl":"https:\/\/secure.gravatar.com\/avatar\/3effd6bdadfa447f15089c7f7144eaa6?s=96&d=mm&r=g","caption":"Maura Pereira"},"sameAs":["https:\/\/www.correiobraziliense.com.br\/"],"url":"https:\/\/www.correiobraziliense.com.br\/cbradar\/author\/mauramyth\/"}]}},"_links":{"self":[{"href":"https:\/\/www.correiobraziliense.com.br\/cbradar\/wp-json\/wp\/v2\/posts\/234033","targetHints":{"allow":["GET"]}}],"collection":[{"href":"https:\/\/www.correiobraziliense.com.br\/cbradar\/wp-json\/wp\/v2\/posts"}],"about":[{"href":"https:\/\/www.correiobraziliense.com.br\/cbradar\/wp-json\/wp\/v2\/types\/post"}],"author":[{"embeddable":true,"href":"https:\/\/www.correiobraziliense.com.br\/cbradar\/wp-json\/wp\/v2\/users\/8"}],"replies":[{"embeddable":true,"href":"https:\/\/www.correiobraziliense.com.br\/cbradar\/wp-json\/wp\/v2\/comments?post=234033"}],"version-history":[{"count":13,"href":"https:\/\/www.correiobraziliense.com.br\/cbradar\/wp-json\/wp\/v2\/posts\/234033\/revisions"}],"predecessor-version":[{"id":234071,"href":"https:\/\/www.correiobraziliense.com.br\/cbradar\/wp-json\/wp\/v2\/posts\/234033\/revisions\/234071"}],"wp:featuredmedia":[{"embeddable":true,"href":"https:\/\/www.correiobraziliense.com.br\/cbradar\/wp-json\/wp\/v2\/media\/234070"}],"wp:attachment":[{"href":"https:\/\/www.correiobraziliense.com.br\/cbradar\/wp-json\/wp\/v2\/media?parent=234033"}],"wp:term":[{"taxonomy":"category","embeddable":true,"href":"https:\/\/www.correiobraziliense.com.br\/cbradar\/wp-json\/wp\/v2\/categories?post=234033"},{"taxonomy":"post_tag","embeddable":true,"href":"https:\/\/www.correiobraziliense.com.br\/cbradar\/wp-json\/wp\/v2\/tags?post=234033"}],"curies":[{"name":"wp","href":"https:\/\/api.w.org\/{rel}","templated":true}]}}