{"id":234080,"date":"2026-04-30T02:30:00","date_gmt":"2026-04-30T05:30:00","guid":{"rendered":"https:\/\/www.correiobraziliense.com.br\/cbradar\/?p=234080"},"modified":"2026-04-29T18:11:09","modified_gmt":"2026-04-29T21:11:09","slug":"o-traco-que-mais-ajuda-algumas-pessoas-a-envelhecer-bem-nao-e-ter-uma-familia-grande-ou-uma-vida-social-agitada-e-saber-ficar-sozinhas-sem-transformar-o-silencio-em-castigo-e-muita-gente-percebe-iss","status":"publish","type":"post","link":"https:\/\/www.correiobraziliense.com.br\/cbradar\/o-traco-que-mais-ajuda-algumas-pessoas-a-envelhecer-bem-nao-e-ter-uma-familia-grande-ou-uma-vida-social-agitada-e-saber-ficar-sozinhas-sem-transformar-o-silencio-em-castigo-e-muita-gente-percebe-iss\/","title":{"rendered":"O tra\u00e7o que mais ajuda algumas pessoas a envelhecer bem n\u00e3o \u00e9 ter uma fam\u00edlia grande ou uma vida social agitada, \u00e9 saber ficar sozinhas sem transformar o sil\u00eancio em castigo, e muita gente percebe isso tarde demais"},"content":{"rendered":"\n<p>Muitas pessoas acreditam que a longevidade depende apenas de intera\u00e7\u00f5es sociais constantes e grandes n\u00facleos familiares presentes. No entanto, a capacidade de desfrutar da pr\u00f3pria companhia surge como um diferencial psicol\u00f3gico poderoso para o envelhecimento saud\u00e1vel. Saber acolher o sil\u00eancio sem ang\u00fastia evita a depend\u00eancia emocional excessiva e promove uma maturidade tranquila.<\/p>\n\n\n\n<h2 class=\"wp-block-heading\">Por que a solitude \u00e9 o segredo para uma mente resiliente?<\/h2>\n\n\n\n<p>Desenvolver o prazer de estar s\u00f3 permite que o indiv\u00edduo processe suas emo\u00e7\u00f5es com clareza e sem interfer\u00eancias externas barulhentas. Essa pr\u00e1tica fortalece a autonomia emocional, reduzindo drasticamente o medo do abandono que muitas vezes assombra a velhice em grandes centros urbanos. Quando o sil\u00eancio deixa de ser um peso, ele se torna um espa\u00e7o vital de reconex\u00e3o pessoal.<\/p>\n\n\n\n<p>Indiv\u00edduos que dominam essa habilidade tendem a apresentar n\u00edveis menores de estresse e uma satisfa\u00e7\u00e3o interna muito mais s\u00f3lida e perene. Eles n\u00e3o buscam valida\u00e7\u00e3o externa constante para se sentirem completos ou valorizados pela sociedade ao redor. Essa independ\u00eancia afetiva \u00e9 um <strong>verdadeiro escudo contra a depress\u00e3o<\/strong> e a ansiedade que costumam acompanhar o isolamento social for\u00e7ado.<\/p>\n\n\n\n<figure class=\"wp-block-image size-full\"><img decoding=\"async\" width=\"1280\" height=\"720\" src=\"https:\/\/www.correiobraziliense.com.br\/cbradar\/wp-content\/uploads\/2026\/04\/Gemini_Generated_Image_bzm4szbzm4szbzm4-1-1.png\" alt=\"O tra\u00e7o que mais ajuda algumas pessoas a envelhecer bem n\u00e3o \u00e9 ter uma fam\u00edlia grande ou uma vida social agitada, \u00e9 saber ficar sozinhas sem transformar o sil\u00eancio em castigo, e muita gente percebe isso tarde demais\" class=\"wp-image-234082\" srcset=\"https:\/\/www.correiobraziliense.com.br\/cbradar\/wp-content\/uploads\/2026\/04\/Gemini_Generated_Image_bzm4szbzm4szbzm4-1-1.png 1280w, https:\/\/www.correiobraziliense.com.br\/cbradar\/wp-content\/uploads\/2026\/04\/Gemini_Generated_Image_bzm4szbzm4szbzm4-1-1-300x169.png 300w, https:\/\/www.correiobraziliense.com.br\/cbradar\/wp-content\/uploads\/2026\/04\/Gemini_Generated_Image_bzm4szbzm4szbzm4-1-1-768x432.png 768w, https:\/\/www.correiobraziliense.com.br\/cbradar\/wp-content\/uploads\/2026\/04\/Gemini_Generated_Image_bzm4szbzm4szbzm4-1-1-750x422.png 750w, https:\/\/www.correiobraziliense.com.br\/cbradar\/wp-content\/uploads\/2026\/04\/Gemini_Generated_Image_bzm4szbzm4szbzm4-1-1-1140x641.png 1140w\" sizes=\"(max-width: 1280px) 100vw, 1280px\" \/><figcaption class=\"wp-element-caption\">Aprender a estar s\u00f3 fortalece a mente e transforma o envelhecimento com equil\u00edbrio<\/figcaption><\/figure>\n\n\n\n<h2 class=\"wp-block-heading\">Como a percep\u00e7\u00e3o do tempo muda quando aceitamos o isolamento?<\/h2>\n\n\n\n<p>Ao abra\u00e7ar a pr\u00f3pria companhia, a pressa de preencher cada minuto com ru\u00eddos sociais desaparece de forma natural e gradual. O tempo passa a ser percebido como um recurso valioso para atividades reflexivas e passatempos que geram prazer genu\u00edno e individualizado. Essa mudan\u00e7a de perspectiva transforma a rotina di\u00e1ria em uma experi\u00eancia muito mais rica, profunda e aut\u00eantica.<\/p>\n\n\n\n<p><strong><a href=\"https:\/\/www.correiobraziliense.com.br\/cbradar\/muita-gente-nao-percebe-que-quem-virou-cuidador-dos-pais-na-vida-adulta-esta-vivendo-dois-lutos-ao-mesmo-tempo-o-da-autonomia-que-acabou-e-o-da-infancia-que-nao-volta\/\" target=\"_blank\" rel=\"noreferrer noopener\">Muitas pessoas<\/a><\/strong> percebem tarde demais que a presen\u00e7a de outros nem sempre garante o preenchimento de vazios existenciais complexos. Aprender a habitar a pr\u00f3pria mente com conforto \u00e9 o maior presente que algu\u00e9m pode dar a si mesmo durante a maturidade. Essa aceita\u00e7\u00e3o serena do destino individual \u00e9 a <strong>chave para envelhecer com dignidade<\/strong> e sabedoria interna acumulada.<\/p>\n\n\n\n<h2 class=\"wp-block-heading\">Quais os benef\u00edcios pr\u00e1ticos de cultivar hobbies individuais agora?<\/h2>\n\n\n\n<p>Investir em atividades que dependem apenas de voc\u00ea garante que a divers\u00e3o continue existindo, independentemente das circunst\u00e2ncias sociais externas. Hobbies como leitura ou pintura estimulam a cogni\u00e7\u00e3o e mant\u00eam o c\u00e9rebro ativo sem exigir a presen\u00e7a constante de terceiros para valida\u00e7\u00e3o. <\/p>\n\n\n\n<p><strong>Analise agora estes elementos fundamentais para transformar o tempo solit\u00e1rio em um recurso valioso:<\/strong><\/p>\n\n\n\n<ul class=\"wp-block-list\">\n<li>Dedique trinta minutos di\u00e1rios ao sil\u00eancio absoluto.<\/li>\n\n\n\n<li>Busque aprender uma nova habilidade de forma autodidata.<\/li>\n\n\n\n<li>Crie um espa\u00e7o de retiro confort\u00e1vel em casa.<\/li>\n\n\n\n<li>Escreva seus pensamentos em um di\u00e1rio para reflex\u00e3o.<\/li>\n\n\n\n<li>Fa\u00e7a caminhadas contemplativas sem distra\u00e7\u00f5es digitais ou ru\u00eddos.<\/li>\n<\/ul>\n\n\n\n<h2 class=\"wp-block-heading\">Existe uma rela\u00e7\u00e3o entre sa\u00fade mental e conforto no sil\u00eancio?<\/h2>\n\n\n\n<p>A capacidade de ficar s\u00f3 est\u00e1 intimamente ligada \u00e0 estabilidade da sa\u00fade mental ao longo de toda a vida adulta. Quem evita o sil\u00eancio a qualquer custo geralmente est\u00e1 fugindo de quest\u00f5es internas que precisam de aten\u00e7\u00e3o e cuidado. Enfrentar esses pensamentos com coragem permite uma cicatriza\u00e7\u00e3o emocional que facilita o conv\u00edvio harmonioso com o pr\u00f3prio <strong>eu<\/strong>.<\/p>\n\n\n\n<p>A maturidade traz a compreens\u00e3o de que a solitude \u00e9 uma escolha libertadora, enquanto a solid\u00e3o \u00e9 uma imposi\u00e7\u00e3o dolorosa. Quando transformamos o tempo solit\u00e1rio em um momento de autocuidado, o sistema nervoso relaxa e os n\u00edveis de cortisol diminuem significativamente. Esse estado de equil\u00edbrio \u00e9 o <strong>fundamento para uma vida longa<\/strong>, produtiva e mentalmente s\u00e3 para todos.<\/p>\n\n\n\n<figure class=\"wp-block-image size-full\"><img decoding=\"async\" width=\"1280\" height=\"720\" src=\"https:\/\/www.correiobraziliense.com.br\/cbradar\/wp-content\/uploads\/2026\/04\/Gemini_Generated_Image_b1jfffb1jfffb1jf-1-1.png\" alt=\"O tra\u00e7o que mais ajuda algumas pessoas a envelhecer bem n\u00e3o \u00e9 ter uma fam\u00edlia grande ou uma vida social agitada, \u00e9 saber ficar sozinhas sem transformar o sil\u00eancio em castigo, e muita gente percebe isso tarde demais\" class=\"wp-image-234084\" srcset=\"https:\/\/www.correiobraziliense.com.br\/cbradar\/wp-content\/uploads\/2026\/04\/Gemini_Generated_Image_b1jfffb1jfffb1jf-1-1.png 1280w, https:\/\/www.correiobraziliense.com.br\/cbradar\/wp-content\/uploads\/2026\/04\/Gemini_Generated_Image_b1jfffb1jfffb1jf-1-1-300x169.png 300w, https:\/\/www.correiobraziliense.com.br\/cbradar\/wp-content\/uploads\/2026\/04\/Gemini_Generated_Image_b1jfffb1jfffb1jf-1-1-768x432.png 768w, https:\/\/www.correiobraziliense.com.br\/cbradar\/wp-content\/uploads\/2026\/04\/Gemini_Generated_Image_b1jfffb1jfffb1jf-1-1-750x422.png 750w, https:\/\/www.correiobraziliense.com.br\/cbradar\/wp-content\/uploads\/2026\/04\/Gemini_Generated_Image_b1jfffb1jfffb1jf-1-1-1140x641.png 1140w\" sizes=\"(max-width: 1280px) 100vw, 1280px\" \/><figcaption class=\"wp-element-caption\">Aprender a estar s\u00f3 fortalece a mente e transforma o envelhecimento com equil\u00edbrio<\/figcaption><\/figure>\n\n\n\n<h2 class=\"wp-block-heading\">O que as diretrizes internacionais dizem sobre o isolamento social?<\/h2>\n\n\n\n<p>Organiza\u00e7\u00f5es globais alertam que a falta de habilidades para lidar com o isolamento pode acelerar o decl\u00ednio cognitivo em idosos. No entanto, elas tamb\u00e9m ressaltam que a solitude produtiva \u00e9 um fator de prote\u00e7\u00e3o quando bem administrada pelo indiv\u00edduo consciente. Ter ferramentas psicol\u00f3gicas para lidar com a aus\u00eancia de companhia constante \u00e9 uma <strong>estrat\u00e9gia de sa\u00fade p\u00fablica vital<\/strong>.<\/p>\n\n\n\n<p>Para entender as evid\u00eancias sobre como a falta de conex\u00f5es e a incapacidade de lidar com o sil\u00eancio afetam a longevidade, consulte os dados do <a target=\"_blank\" rel=\"noreferrer noopener\" href=\"https:\/\/www.nia.nih.gov\/health\/loneliness-and-social-isolation\/loneliness-and-social-isolation-tips-staying-connected\"><strong>National Institute on Aging<\/strong> sobre isolamento social<\/a>. Este recurso oferece orienta\u00e7\u00f5es valiosas para manter a sa\u00fade mental enquanto navegamos pelas fases da vida com independ\u00eancia. Priorizar esse equil\u00edbrio \u00e9 o <strong>caminho para um envelhecimento pleno<\/strong>.<\/p>\n","protected":false},"excerpt":{"rendered":"<p>Muitas pessoas acreditam que a longevidade depende apenas de intera\u00e7\u00f5es sociais constantes e grandes n\u00facleos familiares presentes. No entanto, a capacidade de desfrutar da pr\u00f3pria companhia surge como um diferencial psicol\u00f3gico poderoso para o envelhecimento saud\u00e1vel. Saber acolher o sil\u00eancio sem ang\u00fastia evita a depend\u00eancia emocional excessiva e promove uma maturidade tranquila. Por que a [&hellip;]<\/p>\n","protected":false},"author":21,"featured_media":234083,"comment_status":"open","ping_status":"open","sticky":false,"template":"","format":"standard","meta":{"_yoast_wpseo_focuskw":"benef\u00edcios da solitude no envelhecimento","_yoast_wpseo_title":"","_yoast_wpseo_metadesc":"Saber estar s\u00f3 fortalece a mente e reduz a depend\u00eancia emocional. A solitude pode ser chave para um envelhecimento mais saud\u00e1vel.","jnews-multi-image_gallery":[],"jnews_single_post":{"format":"standard"},"jnews_primary_category":[],"jnews_social_meta":[],"jnews_override_counter":[],"footnotes":""},"categories":[112],"tags":[],"class_list":["post-234080","post","type-post","status-publish","format-standard","has-post-thumbnail","hentry","category-curiosidades"],"yoast_head":"<!-- This site is optimized with the Yoast SEO plugin v24.6 - https:\/\/yoast.com\/wordpress\/plugins\/seo\/ -->\n<title>O tra\u00e7o que mais ajuda algumas pessoas a envelhecer bem n\u00e3o \u00e9 ter uma fam\u00edlia grande ou uma vida social agitada, \u00e9 saber ficar sozinhas sem transformar o sil\u00eancio em castigo, e muita gente percebe isso tarde demais - Correio Braziliense - Radar<\/title>\n<meta name=\"description\" content=\"Saber estar s\u00f3 fortalece a mente e reduz a depend\u00eancia emocional. A solitude pode ser chave para um envelhecimento mais saud\u00e1vel.\" \/>\n<meta name=\"robots\" content=\"index, follow, max-snippet:-1, max-image-preview:large, max-video-preview:-1\" \/>\n<link rel=\"canonical\" href=\"https:\/\/www.correiobraziliense.com.br\/cbradar\/o-traco-que-mais-ajuda-algumas-pessoas-a-envelhecer-bem-nao-e-ter-uma-familia-grande-ou-uma-vida-social-agitada-e-saber-ficar-sozinhas-sem-transformar-o-silencio-em-castigo-e-muita-gente-percebe-iss\/\" \/>\n<meta property=\"og:locale\" content=\"pt_BR\" \/>\n<meta property=\"og:type\" content=\"article\" \/>\n<meta property=\"og:title\" content=\"O tra\u00e7o que mais ajuda algumas pessoas a envelhecer bem n\u00e3o \u00e9 ter uma fam\u00edlia grande ou uma vida social agitada, \u00e9 saber ficar sozinhas sem transformar o sil\u00eancio em castigo, e muita gente percebe isso tarde demais - Correio Braziliense - Radar\" \/>\n<meta property=\"og:description\" content=\"Saber estar s\u00f3 fortalece a mente e reduz a depend\u00eancia emocional. A solitude pode ser chave para um envelhecimento mais saud\u00e1vel.\" \/>\n<meta property=\"og:url\" content=\"https:\/\/www.correiobraziliense.com.br\/cbradar\/o-traco-que-mais-ajuda-algumas-pessoas-a-envelhecer-bem-nao-e-ter-uma-familia-grande-ou-uma-vida-social-agitada-e-saber-ficar-sozinhas-sem-transformar-o-silencio-em-castigo-e-muita-gente-percebe-iss\/\" \/>\n<meta property=\"og:site_name\" content=\"Correio Braziliense - Radar\" \/>\n<meta property=\"article:published_time\" content=\"2026-04-30T05:30:00+00:00\" \/>\n<meta property=\"og:image\" content=\"https:\/\/www.correiobraziliense.com.br\/cbradar\/wp-content\/uploads\/2026\/04\/Gemini_Generated_Image_ofsr5bofsr5bofsr-1-1.png\" \/>\n\t<meta property=\"og:image:width\" content=\"1280\" \/>\n\t<meta property=\"og:image:height\" content=\"720\" \/>\n\t<meta property=\"og:image:type\" content=\"image\/png\" \/>\n<meta name=\"author\" content=\"Patrick Silva\" \/>\n<meta name=\"twitter:card\" content=\"summary_large_image\" \/>\n<meta name=\"twitter:label1\" content=\"Escrito por\" \/>\n\t<meta name=\"twitter:data1\" content=\"Patrick Silva\" \/>\n\t<meta name=\"twitter:label2\" content=\"Est. tempo de leitura\" \/>\n\t<meta name=\"twitter:data2\" content=\"5 minutos\" \/>\n<!-- \/ Yoast SEO plugin. -->","yoast_head_json":{"title":"O tra\u00e7o que mais ajuda algumas pessoas a envelhecer bem n\u00e3o \u00e9 ter uma fam\u00edlia grande ou uma vida social agitada, \u00e9 saber ficar sozinhas sem transformar o sil\u00eancio em castigo, e muita gente percebe isso tarde demais - Correio Braziliense - Radar","description":"Saber estar s\u00f3 fortalece a mente e reduz a depend\u00eancia emocional. A solitude pode ser chave para um envelhecimento mais saud\u00e1vel.","robots":{"index":"index","follow":"follow","max-snippet":"max-snippet:-1","max-image-preview":"max-image-preview:large","max-video-preview":"max-video-preview:-1"},"canonical":"https:\/\/www.correiobraziliense.com.br\/cbradar\/o-traco-que-mais-ajuda-algumas-pessoas-a-envelhecer-bem-nao-e-ter-uma-familia-grande-ou-uma-vida-social-agitada-e-saber-ficar-sozinhas-sem-transformar-o-silencio-em-castigo-e-muita-gente-percebe-iss\/","og_locale":"pt_BR","og_type":"article","og_title":"O tra\u00e7o que mais ajuda algumas pessoas a envelhecer bem n\u00e3o \u00e9 ter uma fam\u00edlia grande ou uma vida social agitada, \u00e9 saber ficar sozinhas sem transformar o sil\u00eancio em castigo, e muita gente percebe isso tarde demais - Correio Braziliense - Radar","og_description":"Saber estar s\u00f3 fortalece a mente e reduz a depend\u00eancia emocional. A solitude pode ser chave para um envelhecimento mais saud\u00e1vel.","og_url":"https:\/\/www.correiobraziliense.com.br\/cbradar\/o-traco-que-mais-ajuda-algumas-pessoas-a-envelhecer-bem-nao-e-ter-uma-familia-grande-ou-uma-vida-social-agitada-e-saber-ficar-sozinhas-sem-transformar-o-silencio-em-castigo-e-muita-gente-percebe-iss\/","og_site_name":"Correio Braziliense - Radar","article_published_time":"2026-04-30T05:30:00+00:00","og_image":[{"width":1280,"height":720,"url":"https:\/\/www.correiobraziliense.com.br\/cbradar\/wp-content\/uploads\/2026\/04\/Gemini_Generated_Image_ofsr5bofsr5bofsr-1-1.png","type":"image\/png"}],"author":"Patrick Silva","twitter_card":"summary_large_image","twitter_misc":{"Escrito por":"Patrick Silva","Est. tempo de leitura":"5 minutos"},"schema":{"@context":"https:\/\/schema.org","@graph":[{"@type":"WebPage","@id":"https:\/\/www.correiobraziliense.com.br\/cbradar\/o-traco-que-mais-ajuda-algumas-pessoas-a-envelhecer-bem-nao-e-ter-uma-familia-grande-ou-uma-vida-social-agitada-e-saber-ficar-sozinhas-sem-transformar-o-silencio-em-castigo-e-muita-gente-percebe-iss\/","url":"https:\/\/www.correiobraziliense.com.br\/cbradar\/o-traco-que-mais-ajuda-algumas-pessoas-a-envelhecer-bem-nao-e-ter-uma-familia-grande-ou-uma-vida-social-agitada-e-saber-ficar-sozinhas-sem-transformar-o-silencio-em-castigo-e-muita-gente-percebe-iss\/","name":"O tra\u00e7o que mais ajuda algumas pessoas a envelhecer bem n\u00e3o \u00e9 ter uma fam\u00edlia grande ou uma vida social agitada, \u00e9 saber ficar sozinhas sem transformar o sil\u00eancio em castigo, e muita gente percebe isso tarde demais - Correio Braziliense - Radar","isPartOf":{"@id":"https:\/\/www.correiobraziliense.com.br\/cbradar\/#website"},"primaryImageOfPage":{"@id":"https:\/\/www.correiobraziliense.com.br\/cbradar\/o-traco-que-mais-ajuda-algumas-pessoas-a-envelhecer-bem-nao-e-ter-uma-familia-grande-ou-uma-vida-social-agitada-e-saber-ficar-sozinhas-sem-transformar-o-silencio-em-castigo-e-muita-gente-percebe-iss\/#primaryimage"},"image":{"@id":"https:\/\/www.correiobraziliense.com.br\/cbradar\/o-traco-que-mais-ajuda-algumas-pessoas-a-envelhecer-bem-nao-e-ter-uma-familia-grande-ou-uma-vida-social-agitada-e-saber-ficar-sozinhas-sem-transformar-o-silencio-em-castigo-e-muita-gente-percebe-iss\/#primaryimage"},"thumbnailUrl":"https:\/\/www.correiobraziliense.com.br\/cbradar\/wp-content\/uploads\/2026\/04\/Gemini_Generated_Image_ofsr5bofsr5bofsr-1-1.png","datePublished":"2026-04-30T05:30:00+00:00","author":{"@id":"https:\/\/www.correiobraziliense.com.br\/cbradar\/#\/schema\/person\/5440b72be9c7eb74f446c846479dc4da"},"description":"Saber estar s\u00f3 fortalece a mente e reduz a depend\u00eancia emocional. A solitude pode ser chave para um envelhecimento mais saud\u00e1vel.","breadcrumb":{"@id":"https:\/\/www.correiobraziliense.com.br\/cbradar\/o-traco-que-mais-ajuda-algumas-pessoas-a-envelhecer-bem-nao-e-ter-uma-familia-grande-ou-uma-vida-social-agitada-e-saber-ficar-sozinhas-sem-transformar-o-silencio-em-castigo-e-muita-gente-percebe-iss\/#breadcrumb"},"inLanguage":"pt-BR","potentialAction":[{"@type":"ReadAction","target":["https:\/\/www.correiobraziliense.com.br\/cbradar\/o-traco-que-mais-ajuda-algumas-pessoas-a-envelhecer-bem-nao-e-ter-uma-familia-grande-ou-uma-vida-social-agitada-e-saber-ficar-sozinhas-sem-transformar-o-silencio-em-castigo-e-muita-gente-percebe-iss\/"]}]},{"@type":"ImageObject","inLanguage":"pt-BR","@id":"https:\/\/www.correiobraziliense.com.br\/cbradar\/o-traco-que-mais-ajuda-algumas-pessoas-a-envelhecer-bem-nao-e-ter-uma-familia-grande-ou-uma-vida-social-agitada-e-saber-ficar-sozinhas-sem-transformar-o-silencio-em-castigo-e-muita-gente-percebe-iss\/#primaryimage","url":"https:\/\/www.correiobraziliense.com.br\/cbradar\/wp-content\/uploads\/2026\/04\/Gemini_Generated_Image_ofsr5bofsr5bofsr-1-1.png","contentUrl":"https:\/\/www.correiobraziliense.com.br\/cbradar\/wp-content\/uploads\/2026\/04\/Gemini_Generated_Image_ofsr5bofsr5bofsr-1-1.png","width":1280,"height":720,"caption":"Aprender a estar s\u00f3 fortalece a mente e transforma o envelhecimento com equil\u00edbrio"},{"@type":"BreadcrumbList","@id":"https:\/\/www.correiobraziliense.com.br\/cbradar\/o-traco-que-mais-ajuda-algumas-pessoas-a-envelhecer-bem-nao-e-ter-uma-familia-grande-ou-uma-vida-social-agitada-e-saber-ficar-sozinhas-sem-transformar-o-silencio-em-castigo-e-muita-gente-percebe-iss\/#breadcrumb","itemListElement":[{"@type":"ListItem","position":1,"name":"In\u00edcio","item":"https:\/\/www.correiobraziliense.com.br\/cbradar\/"},{"@type":"ListItem","position":2,"name":"O tra\u00e7o que mais ajuda algumas pessoas a envelhecer bem n\u00e3o \u00e9 ter uma fam\u00edlia grande ou uma vida social agitada, \u00e9 saber ficar sozinhas sem transformar o sil\u00eancio em castigo, e muita gente percebe isso tarde demais"}]},{"@type":"WebSite","@id":"https:\/\/www.correiobraziliense.com.br\/cbradar\/#website","url":"https:\/\/www.correiobraziliense.com.br\/cbradar\/","name":"Correio Braziliense - Radar","description":"Acompanhe as \u00faltimas not\u00edcias e fique bem informado sobre tudo o que acontece no Brasil e no mundo.","potentialAction":[{"@type":"SearchAction","target":{"@type":"EntryPoint","urlTemplate":"https:\/\/www.correiobraziliense.com.br\/cbradar\/?s={search_term_string}"},"query-input":{"@type":"PropertyValueSpecification","valueRequired":true,"valueName":"search_term_string"}}],"inLanguage":"pt-BR"},{"@type":"Person","@id":"https:\/\/www.correiobraziliense.com.br\/cbradar\/#\/schema\/person\/5440b72be9c7eb74f446c846479dc4da","name":"Patrick Silva","image":{"@type":"ImageObject","inLanguage":"pt-BR","@id":"https:\/\/www.correiobraziliense.com.br\/cbradar\/#\/schema\/person\/image\/","url":"https:\/\/secure.gravatar.com\/avatar\/944109df296fc087785c9715fd5f80b2?s=96&d=mm&r=g","contentUrl":"https:\/\/secure.gravatar.com\/avatar\/944109df296fc087785c9715fd5f80b2?s=96&d=mm&r=g","caption":"Patrick Silva"},"sameAs":["https:\/\/www.correiobraziliense.com.br\/cbradar\/"],"url":"https:\/\/www.correiobraziliense.com.br\/cbradar\/author\/patrick-silva\/"}]}},"_links":{"self":[{"href":"https:\/\/www.correiobraziliense.com.br\/cbradar\/wp-json\/wp\/v2\/posts\/234080","targetHints":{"allow":["GET"]}}],"collection":[{"href":"https:\/\/www.correiobraziliense.com.br\/cbradar\/wp-json\/wp\/v2\/posts"}],"about":[{"href":"https:\/\/www.correiobraziliense.com.br\/cbradar\/wp-json\/wp\/v2\/types\/post"}],"author":[{"embeddable":true,"href":"https:\/\/www.correiobraziliense.com.br\/cbradar\/wp-json\/wp\/v2\/users\/21"}],"replies":[{"embeddable":true,"href":"https:\/\/www.correiobraziliense.com.br\/cbradar\/wp-json\/wp\/v2\/comments?post=234080"}],"version-history":[{"count":3,"href":"https:\/\/www.correiobraziliense.com.br\/cbradar\/wp-json\/wp\/v2\/posts\/234080\/revisions"}],"predecessor-version":[{"id":234086,"href":"https:\/\/www.correiobraziliense.com.br\/cbradar\/wp-json\/wp\/v2\/posts\/234080\/revisions\/234086"}],"wp:featuredmedia":[{"embeddable":true,"href":"https:\/\/www.correiobraziliense.com.br\/cbradar\/wp-json\/wp\/v2\/media\/234083"}],"wp:attachment":[{"href":"https:\/\/www.correiobraziliense.com.br\/cbradar\/wp-json\/wp\/v2\/media?parent=234080"}],"wp:term":[{"taxonomy":"category","embeddable":true,"href":"https:\/\/www.correiobraziliense.com.br\/cbradar\/wp-json\/wp\/v2\/categories?post=234080"},{"taxonomy":"post_tag","embeddable":true,"href":"https:\/\/www.correiobraziliense.com.br\/cbradar\/wp-json\/wp\/v2\/tags?post=234080"}],"curies":[{"name":"wp","href":"https:\/\/api.w.org\/{rel}","templated":true}]}}