{"id":234087,"date":"2026-04-30T18:45:00","date_gmt":"2026-04-30T21:45:00","guid":{"rendered":"https:\/\/www.correiobraziliense.com.br\/cbradar\/?p=234087"},"modified":"2026-04-29T09:49:28","modified_gmt":"2026-04-29T12:49:28","slug":"a-frase-mais-triste-dita-por-quem-esta-emocionalmente-esgotado-nem-sempre-e-eu-nao-aguento-mais-muitas-vezes-e-ta-tudo-bem-e-o-que-ela-realmente-esconde-e-o-habit","status":"publish","type":"post","link":"https:\/\/www.correiobraziliense.com.br\/cbradar\/a-frase-mais-triste-dita-por-quem-esta-emocionalmente-esgotado-nem-sempre-e-eu-nao-aguento-mais-muitas-vezes-e-ta-tudo-bem-e-o-que-ela-realmente-esconde-e-o-habit\/","title":{"rendered":"A frase mais triste dita por quem est\u00e1 emocionalmente esgotado nem sempre \u00e9 \u201ceu n\u00e3o aguento mais\u201d, muitas vezes \u00e9 \u201ct\u00e1 tudo bem\u201d, e o que ela realmente esconde \u00e9 o h\u00e1bito de n\u00e3o dar trabalho para ningu\u00e9m"},"content":{"rendered":"\n<p>O esgotamento emocional manifesta-se de formas silenciosas e perigosas no cotidiano de quem prioriza o bem-estar alheio. Muitas vezes, a frase mais triste n\u00e3o \u00e9 um grito de socorro, mas o h\u00e1bito de esconder a exaust\u00e3o para evitar preocupa\u00e7\u00f5es. Reconhecer esse padr\u00e3o \u00e9 o primeiro passo para reconstruir uma sa\u00fade mental equilibrada e duradoura.<\/p>\n\n\n\n<h2 class=\"wp-block-heading\">Por que o sil\u00eancio se torna a \u00fanica sa\u00edda para quem sofre?<\/h2>\n\n\n\n<p><strong><a href=\"https:\/\/www.correiobraziliense.com.br\/cbradar\/muita-gente-nao-percebe-que-quem-virou-cuidador-dos-pais-na-vida-adulta-esta-vivendo-dois-lutos-ao-mesmo-tempo-o-da-autonomia-que-acabou-e-o-da-infancia-que-nao-volta\/\" target=\"_blank\" rel=\"noreferrer noopener\">Pessoas <\/a><\/strong>que atingem o limite emocional costumam desenvolver um mecanismo de defesa baseado na invisibilidade de seus pr\u00f3prios problemas internos. Elas acreditam que compartilhar a dor causar\u00e1 um impacto negativo na vida de quem amam, gerando uma carga desnecess\u00e1ria. Esse isolamento volunt\u00e1rio cria uma barreira invis\u00edvel que impede o recebimento de ajuda genu\u00edna em momentos cr\u00edticos.<\/p>\n\n\n\n<p>Ao dizer que est\u00e1 tudo bem, o indiv\u00edduo exausto tenta manter uma imagem de controle e funcionalidade total perante a sociedade. Essa m\u00e1scara social exige um esfor\u00e7o cognitivo adicional, o que acelera o processo de degrada\u00e7\u00e3o da sa\u00fade mental e f\u00edsica. O h\u00e1bito de n\u00e3o dar trabalho consome as \u00faltimas reservas de energia, transformando a rotina em <strong>puro fardo insuport\u00e1vel<\/strong>.<\/p>\n\n\n\n<figure class=\"wp-block-image size-full\"><img decoding=\"async\" width=\"1280\" height=\"720\" src=\"https:\/\/www.correiobraziliense.com.br\/cbradar\/wp-content\/uploads\/2026\/04\/Gemini_Generated_Image_du2mhndu2mhndu2m-1-1.png\" alt=\"A frase mais triste dita por quem est\u00e1 emocionalmente esgotado nem sempre \u00e9 \u201ceu n\u00e3o aguento mais\u201d, muitas vezes \u00e9 \u201ct\u00e1 tudo bem\u201d, e o que ela realmente esconde \u00e9 o h\u00e1bito de n\u00e3o dar trabalho para ningu\u00e9m\" class=\"wp-image-234092\" srcset=\"https:\/\/www.correiobraziliense.com.br\/cbradar\/wp-content\/uploads\/2026\/04\/Gemini_Generated_Image_du2mhndu2mhndu2m-1-1.png 1280w, https:\/\/www.correiobraziliense.com.br\/cbradar\/wp-content\/uploads\/2026\/04\/Gemini_Generated_Image_du2mhndu2mhndu2m-1-1-300x169.png 300w, https:\/\/www.correiobraziliense.com.br\/cbradar\/wp-content\/uploads\/2026\/04\/Gemini_Generated_Image_du2mhndu2mhndu2m-1-1-768x432.png 768w, https:\/\/www.correiobraziliense.com.br\/cbradar\/wp-content\/uploads\/2026\/04\/Gemini_Generated_Image_du2mhndu2mhndu2m-1-1-750x422.png 750w, https:\/\/www.correiobraziliense.com.br\/cbradar\/wp-content\/uploads\/2026\/04\/Gemini_Generated_Image_du2mhndu2mhndu2m-1-1-1140x641.png 1140w\" sizes=\"(max-width: 1280px) 100vw, 1280px\" \/><figcaption class=\"wp-element-caption\">Dizer que est\u00e1 tudo bem pode esconder um cansa\u00e7o profundo que ningu\u00e9m v\u00ea<\/figcaption><\/figure>\n\n\n\n<h2 class=\"wp-block-heading\">Como a autoexig\u00eancia excessiva silencia os pedidos de ajuda?<\/h2>\n\n\n\n<p>A necessidade de ser visto como algu\u00e9m forte e inabal\u00e1vel impede que a vulnerabilidade seja expressa de maneira saud\u00e1vel e produtiva. Muitas dessas pessoas foram condicionadas, desde muito cedo, a resolverem seus conflitos sozinhas, sem incomodar os adultos ou cuidadores. Esse padr\u00e3o de comportamento solidifica-se na maturidade, tornando o ato de pedir aux\u00edlio algo extremamente desconfort\u00e1vel e vergonhoso.<\/p>\n\n\n\n<p>Quando a autoexig\u00eancia domina a mente, o esgotamento \u00e9 interpretado como uma falha de car\u00e1ter ou fraqueza pessoal inadmiss\u00edvel. Esse julgamento interno severo impede que o sujeito reconhe\u00e7a suas pr\u00f3prias limita\u00e7\u00f5es biol\u00f3gicas e psicol\u00f3gicas diante de press\u00f5es externas constantes. Manter as apar\u00eancias torna-se uma prioridade maior do que a pr\u00f3pria sobreviv\u00eancia emocional, gerando um ciclo de <strong>sofrimento silencioso e profundo<\/strong>.<\/p>\n\n\n\n<h2 class=\"wp-block-heading\">Quais sinais indicam que o &#8220;t\u00e1 tudo bem&#8221; \u00e9 um alerta?<\/h2>\n\n\n\n<p>Identificar o esgotamento por tr\u00e1s de uma resposta positiva exige sensibilidade para observar mudan\u00e7as sutis no tom de voz e no olhar. Muitas vezes, o cansa\u00e7o transparece na falta de brilho nos olhos e na apatia diante de situa\u00e7\u00f5es que antes geravam entusiasmo. <\/p>\n\n\n\n<p><strong>Analise agora os ind\u00edcios comportamentais que revelam a necessidade urgente de uma pausa restauradora e acolhedora:<\/strong><\/p>\n\n\n\n<ul class=\"wp-block-list\">\n<li>Perda s\u00fabita de interesse por passatempos favoritos.<\/li>\n\n\n\n<li>Respostas curtas e autom\u00e1ticas em di\u00e1logos profundos.<\/li>\n\n\n\n<li>Altera\u00e7\u00f5es dr\u00e1sticas no apetite ou sono regular.<\/li>\n\n\n\n<li>Tend\u00eancia ao isolamento social em eventos familiares.<\/li>\n\n\n\n<li>Fadiga f\u00edsica persistente mesmo ap\u00f3s horas de descanso.<\/li>\n<\/ul>\n\n\n\n<h2 class=\"wp-block-heading\">Como romper o ciclo de invisibilidade emocional agora?<\/h2>\n\n\n\n<p>A primeira etapa para a recupera\u00e7\u00e3o envolve a valida\u00e7\u00e3o das pr\u00f3prias emo\u00e7\u00f5es sem qualquer tipo de filtro ou julgamento moral pr\u00e9vio. Entender que o cansa\u00e7o n\u00e3o diminui o valor de uma pessoa \u00e9 essencial para come\u00e7ar a aceitar o suporte oferecido pela rede de apoio. Pequenas confiss\u00f5es honestas sobre o estado mental ajudam a aliviar a press\u00e3o interna de <strong>forma gradual e sustent\u00e1vel<\/strong>.<\/p>\n\n\n\n<p>Aprender a dizer n\u00e3o e estabelecer limites claros protege o sistema nervoso de novas sobrecargas desnecess\u00e1rias no ambiente de trabalho ou dom\u00e9stico. Priorizar o descanso n\u00e3o \u00e9 um ato de ego\u00edsmo, mas uma medida de preserva\u00e7\u00e3o vital para quem deseja continuar ajudando os outros. A sa\u00fade mental exige coragem para ser vulner\u00e1vel e compartilhar as fraquezas de <strong>forma aberta e honesta<\/strong>.<\/p>\n\n\n\n<figure class=\"wp-block-image size-full\"><img decoding=\"async\" width=\"1280\" height=\"720\" src=\"https:\/\/www.correiobraziliense.com.br\/cbradar\/wp-content\/uploads\/2026\/04\/Gemini_Generated_Image_jrhed7jrhed7jrhe-1-1.png\" alt=\"A frase mais triste dita por quem est\u00e1 emocionalmente esgotado nem sempre \u00e9 \u201ceu n\u00e3o aguento mais\u201d, muitas vezes \u00e9 \u201ct\u00e1 tudo bem\u201d, e o que ela realmente esconde \u00e9 o h\u00e1bito de n\u00e3o dar trabalho para ningu\u00e9m\" class=\"wp-image-234090\" srcset=\"https:\/\/www.correiobraziliense.com.br\/cbradar\/wp-content\/uploads\/2026\/04\/Gemini_Generated_Image_jrhed7jrhed7jrhe-1-1.png 1280w, https:\/\/www.correiobraziliense.com.br\/cbradar\/wp-content\/uploads\/2026\/04\/Gemini_Generated_Image_jrhed7jrhed7jrhe-1-1-300x169.png 300w, https:\/\/www.correiobraziliense.com.br\/cbradar\/wp-content\/uploads\/2026\/04\/Gemini_Generated_Image_jrhed7jrhed7jrhe-1-1-768x432.png 768w, https:\/\/www.correiobraziliense.com.br\/cbradar\/wp-content\/uploads\/2026\/04\/Gemini_Generated_Image_jrhed7jrhed7jrhe-1-1-750x422.png 750w, https:\/\/www.correiobraziliense.com.br\/cbradar\/wp-content\/uploads\/2026\/04\/Gemini_Generated_Image_jrhed7jrhed7jrhe-1-1-1140x641.png 1140w\" sizes=\"(max-width: 1280px) 100vw, 1280px\" \/><figcaption class=\"wp-element-caption\">Dizer que est\u00e1 tudo bem pode esconder um cansa\u00e7o profundo que ningu\u00e9m v\u00ea<\/figcaption><\/figure>\n\n\n\n<h2 class=\"wp-block-heading\">O que as organiza\u00e7\u00f5es de sa\u00fade alertam sobre o burnout?<\/h2>\n\n\n\n<p>Especialistas internacionais ressaltam que o esgotamento profissional e emocional pode levar a quadros severos de depress\u00e3o se n\u00e3o for tratado precocemente. A nega\u00e7\u00e3o persistente dos sintomas apenas agrava o quadro cl\u00ednico, dificultando a recupera\u00e7\u00e3o total da funcionalidade e do bem-estar di\u00e1rio. Procurar aux\u00edlio especializado \u00e9 uma demonstra\u00e7\u00e3o de for\u00e7a e intelig\u00eancia para garantir uma <strong>vida longa e equilibrada<\/strong>.<\/p>\n\n\n\n<p>Para compreender as evid\u00eancias sobre como o estresse prolongado afeta o organismo humano, consulte as informa\u00e7\u00f5es detalhadas da <strong>Mental Health America<\/strong>. O guia oficial sobre o <a href=\"https:\/\/mhanational.org\/resources\/burnout-signs-causes-recover\/\" target=\"_blank\" rel=\"noreferrer noopener\">esgotamento emocional e seus riscos<\/a> oferece ferramentas pr\u00e1ticas para identificar e combater esse problema silencioso. Estudar essas orienta\u00e7\u00f5es t\u00e9cnicas \u00e9 a <strong>estrat\u00e9gia ideal para proteger sua sa\u00fade mental<\/strong> e sua pr\u00f3pria felicidade.<\/p>\n","protected":false},"excerpt":{"rendered":"<p>O esgotamento emocional manifesta-se de formas silenciosas e perigosas no cotidiano de quem prioriza o bem-estar alheio. Muitas vezes, a frase mais triste n\u00e3o \u00e9 um grito de socorro, mas o h\u00e1bito de esconder a exaust\u00e3o para evitar preocupa\u00e7\u00f5es. Reconhecer esse padr\u00e3o \u00e9 o primeiro passo para reconstruir uma sa\u00fade mental equilibrada e duradoura. Por [&hellip;]<\/p>\n","protected":false},"author":21,"featured_media":234091,"comment_status":"open","ping_status":"open","sticky":false,"template":"","format":"standard","meta":{"_yoast_wpseo_focuskw":"sinais de esgotamento emocional oculto","_yoast_wpseo_title":"","_yoast_wpseo_metadesc":"Dizer \u201ct\u00e1 tudo bem\u201d pode esconder exaust\u00e3o profunda. Entenda os sinais do esgotamento emocional e como recuperar sua sa\u00fade mental.","jnews-multi-image_gallery":[],"jnews_single_post":{"format":"standard"},"jnews_primary_category":[],"jnews_social_meta":[],"jnews_override_counter":[],"footnotes":""},"categories":[112],"tags":[],"class_list":["post-234087","post","type-post","status-publish","format-standard","has-post-thumbnail","hentry","category-curiosidades"],"yoast_head":"<!-- This site is optimized with the Yoast SEO plugin v24.6 - https:\/\/yoast.com\/wordpress\/plugins\/seo\/ -->\n<title>A frase mais triste dita por quem est\u00e1 emocionalmente esgotado nem sempre \u00e9 \u201ceu n\u00e3o aguento mais\u201d, muitas vezes \u00e9 \u201ct\u00e1 tudo bem\u201d, e o que ela realmente esconde \u00e9 o h\u00e1bito de n\u00e3o dar trabalho para ningu\u00e9m - Correio Braziliense - Radar<\/title>\n<meta name=\"description\" content=\"Dizer \u201ct\u00e1 tudo bem\u201d pode esconder exaust\u00e3o profunda. Entenda os sinais do esgotamento emocional e como recuperar sua sa\u00fade mental.\" \/>\n<meta name=\"robots\" content=\"index, follow, max-snippet:-1, max-image-preview:large, max-video-preview:-1\" \/>\n<link rel=\"canonical\" href=\"https:\/\/www.correiobraziliense.com.br\/cbradar\/a-frase-mais-triste-dita-por-quem-esta-emocionalmente-esgotado-nem-sempre-e-eu-nao-aguento-mais-muitas-vezes-e-ta-tudo-bem-e-o-que-ela-realmente-esconde-e-o-habit\/\" \/>\n<meta property=\"og:locale\" content=\"pt_BR\" \/>\n<meta property=\"og:type\" content=\"article\" \/>\n<meta property=\"og:title\" content=\"A frase mais triste dita por quem est\u00e1 emocionalmente esgotado nem sempre \u00e9 \u201ceu n\u00e3o aguento mais\u201d, muitas vezes \u00e9 \u201ct\u00e1 tudo bem\u201d, e o que ela realmente esconde \u00e9 o h\u00e1bito de n\u00e3o dar trabalho para ningu\u00e9m - Correio Braziliense - Radar\" \/>\n<meta property=\"og:description\" content=\"Dizer \u201ct\u00e1 tudo bem\u201d pode esconder exaust\u00e3o profunda. Entenda os sinais do esgotamento emocional e como recuperar sua sa\u00fade mental.\" \/>\n<meta property=\"og:url\" content=\"https:\/\/www.correiobraziliense.com.br\/cbradar\/a-frase-mais-triste-dita-por-quem-esta-emocionalmente-esgotado-nem-sempre-e-eu-nao-aguento-mais-muitas-vezes-e-ta-tudo-bem-e-o-que-ela-realmente-esconde-e-o-habit\/\" \/>\n<meta property=\"og:site_name\" content=\"Correio Braziliense - Radar\" \/>\n<meta property=\"article:published_time\" content=\"2026-04-30T21:45:00+00:00\" \/>\n<meta property=\"og:image\" content=\"https:\/\/www.correiobraziliense.com.br\/cbradar\/wp-content\/uploads\/2026\/04\/Gemini_Generated_Image_q6b996q6b996q6b9-1-1.png\" \/>\n\t<meta property=\"og:image:width\" content=\"1280\" \/>\n\t<meta property=\"og:image:height\" content=\"720\" \/>\n\t<meta property=\"og:image:type\" content=\"image\/png\" \/>\n<meta name=\"author\" content=\"Patrick Silva\" \/>\n<meta name=\"twitter:card\" content=\"summary_large_image\" \/>\n<meta name=\"twitter:label1\" content=\"Escrito por\" \/>\n\t<meta name=\"twitter:data1\" content=\"Patrick Silva\" \/>\n\t<meta name=\"twitter:label2\" content=\"Est. tempo de leitura\" \/>\n\t<meta name=\"twitter:data2\" content=\"5 minutos\" \/>\n<!-- \/ Yoast SEO plugin. -->","yoast_head_json":{"title":"A frase mais triste dita por quem est\u00e1 emocionalmente esgotado nem sempre \u00e9 \u201ceu n\u00e3o aguento mais\u201d, muitas vezes \u00e9 \u201ct\u00e1 tudo bem\u201d, e o que ela realmente esconde \u00e9 o h\u00e1bito de n\u00e3o dar trabalho para ningu\u00e9m - Correio Braziliense - Radar","description":"Dizer \u201ct\u00e1 tudo bem\u201d pode esconder exaust\u00e3o profunda. Entenda os sinais do esgotamento emocional e como recuperar sua sa\u00fade mental.","robots":{"index":"index","follow":"follow","max-snippet":"max-snippet:-1","max-image-preview":"max-image-preview:large","max-video-preview":"max-video-preview:-1"},"canonical":"https:\/\/www.correiobraziliense.com.br\/cbradar\/a-frase-mais-triste-dita-por-quem-esta-emocionalmente-esgotado-nem-sempre-e-eu-nao-aguento-mais-muitas-vezes-e-ta-tudo-bem-e-o-que-ela-realmente-esconde-e-o-habit\/","og_locale":"pt_BR","og_type":"article","og_title":"A frase mais triste dita por quem est\u00e1 emocionalmente esgotado nem sempre \u00e9 \u201ceu n\u00e3o aguento mais\u201d, muitas vezes \u00e9 \u201ct\u00e1 tudo bem\u201d, e o que ela realmente esconde \u00e9 o h\u00e1bito de n\u00e3o dar trabalho para ningu\u00e9m - Correio Braziliense - Radar","og_description":"Dizer \u201ct\u00e1 tudo bem\u201d pode esconder exaust\u00e3o profunda. Entenda os sinais do esgotamento emocional e como recuperar sua sa\u00fade mental.","og_url":"https:\/\/www.correiobraziliense.com.br\/cbradar\/a-frase-mais-triste-dita-por-quem-esta-emocionalmente-esgotado-nem-sempre-e-eu-nao-aguento-mais-muitas-vezes-e-ta-tudo-bem-e-o-que-ela-realmente-esconde-e-o-habit\/","og_site_name":"Correio Braziliense - Radar","article_published_time":"2026-04-30T21:45:00+00:00","og_image":[{"width":1280,"height":720,"url":"https:\/\/www.correiobraziliense.com.br\/cbradar\/wp-content\/uploads\/2026\/04\/Gemini_Generated_Image_q6b996q6b996q6b9-1-1.png","type":"image\/png"}],"author":"Patrick Silva","twitter_card":"summary_large_image","twitter_misc":{"Escrito por":"Patrick Silva","Est. tempo de leitura":"5 minutos"},"schema":{"@context":"https:\/\/schema.org","@graph":[{"@type":"WebPage","@id":"https:\/\/www.correiobraziliense.com.br\/cbradar\/a-frase-mais-triste-dita-por-quem-esta-emocionalmente-esgotado-nem-sempre-e-eu-nao-aguento-mais-muitas-vezes-e-ta-tudo-bem-e-o-que-ela-realmente-esconde-e-o-habit\/","url":"https:\/\/www.correiobraziliense.com.br\/cbradar\/a-frase-mais-triste-dita-por-quem-esta-emocionalmente-esgotado-nem-sempre-e-eu-nao-aguento-mais-muitas-vezes-e-ta-tudo-bem-e-o-que-ela-realmente-esconde-e-o-habit\/","name":"A frase mais triste dita por quem est\u00e1 emocionalmente esgotado nem sempre \u00e9 \u201ceu n\u00e3o aguento mais\u201d, muitas vezes \u00e9 \u201ct\u00e1 tudo bem\u201d, e o que ela realmente esconde \u00e9 o h\u00e1bito de n\u00e3o dar trabalho para ningu\u00e9m - Correio Braziliense - Radar","isPartOf":{"@id":"https:\/\/www.correiobraziliense.com.br\/cbradar\/#website"},"primaryImageOfPage":{"@id":"https:\/\/www.correiobraziliense.com.br\/cbradar\/a-frase-mais-triste-dita-por-quem-esta-emocionalmente-esgotado-nem-sempre-e-eu-nao-aguento-mais-muitas-vezes-e-ta-tudo-bem-e-o-que-ela-realmente-esconde-e-o-habit\/#primaryimage"},"image":{"@id":"https:\/\/www.correiobraziliense.com.br\/cbradar\/a-frase-mais-triste-dita-por-quem-esta-emocionalmente-esgotado-nem-sempre-e-eu-nao-aguento-mais-muitas-vezes-e-ta-tudo-bem-e-o-que-ela-realmente-esconde-e-o-habit\/#primaryimage"},"thumbnailUrl":"https:\/\/www.correiobraziliense.com.br\/cbradar\/wp-content\/uploads\/2026\/04\/Gemini_Generated_Image_q6b996q6b996q6b9-1-1.png","datePublished":"2026-04-30T21:45:00+00:00","author":{"@id":"https:\/\/www.correiobraziliense.com.br\/cbradar\/#\/schema\/person\/5440b72be9c7eb74f446c846479dc4da"},"description":"Dizer \u201ct\u00e1 tudo bem\u201d pode esconder exaust\u00e3o profunda. Entenda os sinais do esgotamento emocional e como recuperar sua sa\u00fade mental.","breadcrumb":{"@id":"https:\/\/www.correiobraziliense.com.br\/cbradar\/a-frase-mais-triste-dita-por-quem-esta-emocionalmente-esgotado-nem-sempre-e-eu-nao-aguento-mais-muitas-vezes-e-ta-tudo-bem-e-o-que-ela-realmente-esconde-e-o-habit\/#breadcrumb"},"inLanguage":"pt-BR","potentialAction":[{"@type":"ReadAction","target":["https:\/\/www.correiobraziliense.com.br\/cbradar\/a-frase-mais-triste-dita-por-quem-esta-emocionalmente-esgotado-nem-sempre-e-eu-nao-aguento-mais-muitas-vezes-e-ta-tudo-bem-e-o-que-ela-realmente-esconde-e-o-habit\/"]}]},{"@type":"ImageObject","inLanguage":"pt-BR","@id":"https:\/\/www.correiobraziliense.com.br\/cbradar\/a-frase-mais-triste-dita-por-quem-esta-emocionalmente-esgotado-nem-sempre-e-eu-nao-aguento-mais-muitas-vezes-e-ta-tudo-bem-e-o-que-ela-realmente-esconde-e-o-habit\/#primaryimage","url":"https:\/\/www.correiobraziliense.com.br\/cbradar\/wp-content\/uploads\/2026\/04\/Gemini_Generated_Image_q6b996q6b996q6b9-1-1.png","contentUrl":"https:\/\/www.correiobraziliense.com.br\/cbradar\/wp-content\/uploads\/2026\/04\/Gemini_Generated_Image_q6b996q6b996q6b9-1-1.png","width":1280,"height":720,"caption":"Dizer que est\u00e1 tudo bem pode esconder um cansa\u00e7o profundo que ningu\u00e9m v\u00ea"},{"@type":"BreadcrumbList","@id":"https:\/\/www.correiobraziliense.com.br\/cbradar\/a-frase-mais-triste-dita-por-quem-esta-emocionalmente-esgotado-nem-sempre-e-eu-nao-aguento-mais-muitas-vezes-e-ta-tudo-bem-e-o-que-ela-realmente-esconde-e-o-habit\/#breadcrumb","itemListElement":[{"@type":"ListItem","position":1,"name":"In\u00edcio","item":"https:\/\/www.correiobraziliense.com.br\/cbradar\/"},{"@type":"ListItem","position":2,"name":"A frase mais triste dita por quem est\u00e1 emocionalmente esgotado nem sempre \u00e9 \u201ceu n\u00e3o aguento mais\u201d, muitas vezes \u00e9 \u201ct\u00e1 tudo bem\u201d, e o que ela realmente esconde \u00e9 o h\u00e1bito de n\u00e3o dar trabalho para ningu\u00e9m"}]},{"@type":"WebSite","@id":"https:\/\/www.correiobraziliense.com.br\/cbradar\/#website","url":"https:\/\/www.correiobraziliense.com.br\/cbradar\/","name":"Correio Braziliense - Radar","description":"Acompanhe as \u00faltimas not\u00edcias e fique bem informado sobre tudo o que acontece no Brasil e no mundo.","potentialAction":[{"@type":"SearchAction","target":{"@type":"EntryPoint","urlTemplate":"https:\/\/www.correiobraziliense.com.br\/cbradar\/?s={search_term_string}"},"query-input":{"@type":"PropertyValueSpecification","valueRequired":true,"valueName":"search_term_string"}}],"inLanguage":"pt-BR"},{"@type":"Person","@id":"https:\/\/www.correiobraziliense.com.br\/cbradar\/#\/schema\/person\/5440b72be9c7eb74f446c846479dc4da","name":"Patrick Silva","image":{"@type":"ImageObject","inLanguage":"pt-BR","@id":"https:\/\/www.correiobraziliense.com.br\/cbradar\/#\/schema\/person\/image\/","url":"https:\/\/secure.gravatar.com\/avatar\/944109df296fc087785c9715fd5f80b2?s=96&d=mm&r=g","contentUrl":"https:\/\/secure.gravatar.com\/avatar\/944109df296fc087785c9715fd5f80b2?s=96&d=mm&r=g","caption":"Patrick Silva"},"sameAs":["https:\/\/www.correiobraziliense.com.br\/cbradar\/"],"url":"https:\/\/www.correiobraziliense.com.br\/cbradar\/author\/patrick-silva\/"}]}},"_links":{"self":[{"href":"https:\/\/www.correiobraziliense.com.br\/cbradar\/wp-json\/wp\/v2\/posts\/234087","targetHints":{"allow":["GET"]}}],"collection":[{"href":"https:\/\/www.correiobraziliense.com.br\/cbradar\/wp-json\/wp\/v2\/posts"}],"about":[{"href":"https:\/\/www.correiobraziliense.com.br\/cbradar\/wp-json\/wp\/v2\/types\/post"}],"author":[{"embeddable":true,"href":"https:\/\/www.correiobraziliense.com.br\/cbradar\/wp-json\/wp\/v2\/users\/21"}],"replies":[{"embeddable":true,"href":"https:\/\/www.correiobraziliense.com.br\/cbradar\/wp-json\/wp\/v2\/comments?post=234087"}],"version-history":[{"count":4,"href":"https:\/\/www.correiobraziliense.com.br\/cbradar\/wp-json\/wp\/v2\/posts\/234087\/revisions"}],"predecessor-version":[{"id":234094,"href":"https:\/\/www.correiobraziliense.com.br\/cbradar\/wp-json\/wp\/v2\/posts\/234087\/revisions\/234094"}],"wp:featuredmedia":[{"embeddable":true,"href":"https:\/\/www.correiobraziliense.com.br\/cbradar\/wp-json\/wp\/v2\/media\/234091"}],"wp:attachment":[{"href":"https:\/\/www.correiobraziliense.com.br\/cbradar\/wp-json\/wp\/v2\/media?parent=234087"}],"wp:term":[{"taxonomy":"category","embeddable":true,"href":"https:\/\/www.correiobraziliense.com.br\/cbradar\/wp-json\/wp\/v2\/categories?post=234087"},{"taxonomy":"post_tag","embeddable":true,"href":"https:\/\/www.correiobraziliense.com.br\/cbradar\/wp-json\/wp\/v2\/tags?post=234087"}],"curies":[{"name":"wp","href":"https:\/\/api.w.org\/{rel}","templated":true}]}}