{"id":234095,"date":"2026-04-29T11:30:20","date_gmt":"2026-04-29T14:30:20","guid":{"rendered":"https:\/\/www.correiobraziliense.com.br\/cbradar\/?p=234095"},"modified":"2026-04-29T11:32:17","modified_gmt":"2026-04-29T14:32:17","slug":"a-frase-mais-comum-entre-filhos-adultos-que-aprenderam-a-se-calar-cedo-nao-e-meus-pais-nao-me-ouviam-e-deixa-depois-eu-vejo-isso-e-ela-revela-como-muita-gente-co","status":"publish","type":"post","link":"https:\/\/www.correiobraziliense.com.br\/cbradar\/a-frase-mais-comum-entre-filhos-adultos-que-aprenderam-a-se-calar-cedo-nao-e-meus-pais-nao-me-ouviam-e-deixa-depois-eu-vejo-isso-e-ela-revela-como-muita-gente-co\/","title":{"rendered":"A frase mais comum entre filhos adultos que aprenderam a se calar cedo n\u00e3o \u00e9 \u201cmeus pais n\u00e3o me ouviam\u201d, \u00e9 \u201cdeixa, depois eu vejo isso\u201d, e ela revela como muita gente continua se abandonando mesmo anos depois da inf\u00e2ncia"},"content":{"rendered":"\n<p>Crescer em um ambiente onde as necessidades emocionais foram sistematicamente ignoradas molda adultos que priorizam o sil\u00eancio e a autoneglig\u00eancia. Esse comportamento reflexo manifesta-se em frases aparentemente simples, mas que carregam um hist\u00f3rico profundo de supress\u00e3o. Compreender como o abandono se perpetua na maturidade \u00e9 o primeiro passo para resgatar a pr\u00f3pria voz.<\/p>\n\n\n\n<h2 class=\"wp-block-heading\">Por que o sil\u00eancio se torna a ferramenta de sobreviv\u00eancia prim\u00e1ria?<\/h2>\n\n\n\n<p>Durante a inf\u00e2ncia, muitas crian\u00e7as percebem que expressar desejos ou desconfortos n\u00e3o gera acolhimento, mas sim conflitos ou indiferen\u00e7a dolorosa. Para evitar a rejei\u00e7\u00e3o, o sistema nervoso aprende a suprimir impulsos naturais, criando uma m\u00e1scara de autossufici\u00eancia r\u00edgida. Esse mecanismo protege o indiv\u00edduo em um cen\u00e1rio hostil, transformando a invisibilidade emocional em uma estrat\u00e9gia defensiva permanente.<\/p>\n\n\n\n<p>Na <strong><a href=\"https:\/\/www.correiobraziliense.com.br\/cbradar\/muita-gente-nao-percebe-que-quem-virou-cuidador-dos-pais-na-vida-adulta-esta-vivendo-dois-lutos-ao-mesmo-tempo-o-da-autonomia-que-acabou-e-o-da-infancia-que-nao-volta\/\" target=\"_blank\" rel=\"noreferrer noopener\">vida adulta<\/a><\/strong>, esse padr\u00e3o de conduta reflete-se na dificuldade de pedir ajuda ou de validar as pr\u00f3prias dores. O indiv\u00edduo continua operando sob a l\u00f3gica de que seus problemas s\u00e3o fardos para os outros, preferindo o isolamento. O abandono sofrido no passado transforma-se em um <strong>autobandono sistem\u00e1tico<\/strong>, onde as necessidades pessoais s\u00e3o sempre deixadas para um futuro incerto.<\/p>\n\n\n\n<figure class=\"wp-block-image size-full\"><img decoding=\"async\" width=\"1280\" height=\"720\" src=\"https:\/\/www.correiobraziliense.com.br\/cbradar\/wp-content\/uploads\/2026\/04\/Gemini_Generated_Image_18p4v818p4v818p4-1-1.png\" alt=\"A frase mais comum entre filhos adultos que aprenderam a se calar cedo n\u00e3o \u00e9 \u201cmeus pais n\u00e3o me ouviam\u201d, \u00e9 \u201cdeixa, depois eu vejo isso\u201d, e ela revela como muita gente continua se abandonando mesmo anos depois da inf\u00e2ncia\" class=\"wp-image-234102\" srcset=\"https:\/\/www.correiobraziliense.com.br\/cbradar\/wp-content\/uploads\/2026\/04\/Gemini_Generated_Image_18p4v818p4v818p4-1-1.png 1280w, https:\/\/www.correiobraziliense.com.br\/cbradar\/wp-content\/uploads\/2026\/04\/Gemini_Generated_Image_18p4v818p4v818p4-1-1-300x169.png 300w, https:\/\/www.correiobraziliense.com.br\/cbradar\/wp-content\/uploads\/2026\/04\/Gemini_Generated_Image_18p4v818p4v818p4-1-1-768x432.png 768w, https:\/\/www.correiobraziliense.com.br\/cbradar\/wp-content\/uploads\/2026\/04\/Gemini_Generated_Image_18p4v818p4v818p4-1-1-750x422.png 750w, https:\/\/www.correiobraziliense.com.br\/cbradar\/wp-content\/uploads\/2026\/04\/Gemini_Generated_Image_18p4v818p4v818p4-1-1-1140x641.png 1140w\" sizes=\"(max-width: 1280px) 100vw, 1280px\" \/><figcaption class=\"wp-element-caption\">Dizer deixa pra depois pode ser um sinal de que voc\u00ea est\u00e1 se deixando de lado<\/figcaption><\/figure>\n\n\n\n<h2 class=\"wp-block-heading\">Como a frase &#8220;deixa para depois&#8221; mascara o esgotamento interno?<\/h2>\n\n\n\n<p>Essa express\u00e3o frequente n\u00e3o indica apenas procrastina\u00e7\u00e3o, mas sim a convic\u00e7\u00e3o profunda de que o bem-estar pr\u00f3prio n\u00e3o \u00e9 priorit\u00e1rio. Ao adiar o cuidado pessoal, o adulto replica o padr\u00e3o de neglig\u00eancia que vivenciou com seus cuidadores prim\u00e1rios. O esgotamento emocional surge quando o peso de carregar tudo sozinho torna-se insustent\u00e1vel para a sa\u00fade mental e f\u00edsica.<\/p>\n\n\n\n<p>O ato de &#8220;ver depois&#8221; \u00e9 uma forma de silenciar o pedido de socorro que a pr\u00f3pria mente est\u00e1 gritando. Muitas vezes, esse momento nunca chega, pois o h\u00e1bito de se anular j\u00e1 est\u00e1 enraizado na rotina di\u00e1ria. Romper essa in\u00e9rcia exige um esfor\u00e7o consciente para reconhecer que <strong>suas emo\u00e7\u00f5es merecem aten\u00e7\u00e3o imediata<\/strong> e que o sil\u00eancio n\u00e3o \u00e9 mais necess\u00e1rio para sobreviver.<\/p>\n\n\n\n<h2 class=\"wp-block-heading\">Quais s\u00e3o os sinais de que voc\u00ea est\u00e1 se abandonando agora?<\/h2>\n\n\n\n<p>Identificar o comportamento de neglig\u00eancia exige uma observa\u00e7\u00e3o atenta sobre como voc\u00ea lida com frustra\u00e7\u00f5es e limites nas rela\u00e7\u00f5es. Quando o sil\u00eancio \u00e9 usado para evitar confrontos necess\u00e1rios, a sua identidade acaba sendo fragmentada aos poucos. \u00c9 vital perceber os gatilhos que levam ao recolhimento excessivo.<\/p>\n\n\n\n<p><strong>Analise agora os ind\u00edcios comportamentais que revelam a presen\u00e7a de mecanismos de defesa ativos no cotidiano:<\/strong><\/p>\n\n\n\n<ul class=\"wp-block-list\">\n<li>Dificuldade cr\u00f4nica em expressar sentimentos negativos.<\/li>\n\n\n\n<li>Prioriza\u00e7\u00e3o constante das necessidades alheias sobre as suas.<\/li>\n\n\n\n<li>Sensa\u00e7\u00e3o persistente de ser um peso para os amigos.<\/li>\n\n\n\n<li>H\u00e1bito de minimizar problemas graves com frases evasivas.<\/li>\n\n\n\n<li>Medo irracional de ser julgado ao mostrar vulnerabilidade real.<\/li>\n<\/ul>\n\n\n\n<h2 class=\"wp-block-heading\">Existe cura para quem aprendeu a nunca incomodar ningu\u00e9m?<\/h2>\n\n\n\n<p>O processo de cura envolve a reconstru\u00e7\u00e3o da autoestima e a permiss\u00e3o para ocupar espa\u00e7os sociais de forma aut\u00eantica. Aprender a dar trabalho, no sentido de compartilhar responsabilidades, \u00e9 um exerc\u00edcio fundamental para quem sempre resolveu tudo s\u00f3. Validar a pr\u00f3pria exist\u00eancia sem pedir licen\u00e7a \u00e9 um ato de coragem que transforma radicalmente a qualidade de vida e relacionamentos.<\/p>\n\n\n\n<p>Estabelecer limites claros ajuda a proteger a energia vital e a construir conex\u00f5es baseadas na honestidade m\u00fatua, n\u00e3o na submiss\u00e3o. Ao reconhecer que o passado n\u00e3o precisa ditar o comportamento presente, o indiv\u00edduo recupera a autonomia perdida. A jornada de cura \u00e9 lenta, mas permite que o adulto finalmente sinta-se seguro para <strong>ser a sua pr\u00f3pria prioridade absoluta<\/strong> no dia de hoje.<\/p>\n\n\n\n<figure class=\"wp-block-image size-full\"><img decoding=\"async\" width=\"1280\" height=\"720\" src=\"https:\/\/www.correiobraziliense.com.br\/cbradar\/wp-content\/uploads\/2026\/04\/Gemini_Generated_Image_rlys8trlys8trlys-1-1.png\" alt=\"A frase mais comum entre filhos adultos que aprenderam a se calar cedo n\u00e3o \u00e9 \u201cmeus pais n\u00e3o me ouviam\u201d, \u00e9 \u201cdeixa, depois eu vejo isso\u201d, e ela revela como muita gente continua se abandonando mesmo anos depois da inf\u00e2ncia\" class=\"wp-image-234101\" srcset=\"https:\/\/www.correiobraziliense.com.br\/cbradar\/wp-content\/uploads\/2026\/04\/Gemini_Generated_Image_rlys8trlys8trlys-1-1.png 1280w, https:\/\/www.correiobraziliense.com.br\/cbradar\/wp-content\/uploads\/2026\/04\/Gemini_Generated_Image_rlys8trlys8trlys-1-1-300x169.png 300w, https:\/\/www.correiobraziliense.com.br\/cbradar\/wp-content\/uploads\/2026\/04\/Gemini_Generated_Image_rlys8trlys8trlys-1-1-768x432.png 768w, https:\/\/www.correiobraziliense.com.br\/cbradar\/wp-content\/uploads\/2026\/04\/Gemini_Generated_Image_rlys8trlys8trlys-1-1-750x422.png 750w, https:\/\/www.correiobraziliense.com.br\/cbradar\/wp-content\/uploads\/2026\/04\/Gemini_Generated_Image_rlys8trlys8trlys-1-1-1140x641.png 1140w\" sizes=\"(max-width: 1280px) 100vw, 1280px\" \/><figcaption class=\"wp-element-caption\">Dizer deixa pra depois pode ser um sinal de que voc\u00ea est\u00e1 se deixando de lado<\/figcaption><\/figure>\n\n\n\n<h2 class=\"wp-block-heading\">Como a psicologia moderna aborda a neglig\u00eancia emocional infantil?<\/h2>\n\n\n\n<p>Profissionais de sa\u00fade mental utilizam diversas abordagens para ajudar o paciente a reconectar-se com sua crian\u00e7a interior ferida e negligenciada. Compreender as ra\u00edzes do trauma permite que o adulto desconstrua as cren\u00e7as limitantes que impedem o seu florescimento pessoal. O suporte especializado \u00e9 crucial para fornecer as ferramentas necess\u00e1rias que garantem a seguran\u00e7a emocional durante esse processo de redescoberta pessoal.<\/p>\n\n\n\n<p>Estudos indicam que o apoio terap\u00eautico reduz significativamente o impacto de traumas precoces no desenvolvimento de transtornos de ansiedade na maturidade. Para entender como as viv\u00eancias iniciais moldam o comportamento adulto, consulte o artigo t\u00e9cnico da <strong>Mayo Clinic<\/strong> sobre <a href=\"https:\/\/www.mayoclinic.org\/tests-procedures\/resilience-training\/in-depth\/resilience\/art-20046311\" target=\"_blank\" rel=\"noreferrer noopener\">sa\u00fade mental e resili\u00eancia<\/a>. Priorizar o conhecimento cient\u00edfico \u00e9 a <strong>estrat\u00e9gia mais eficaz para iniciar sua transforma\u00e7\u00e3o<\/strong> e cura emocional plena e necess\u00e1ria.<\/p>\n","protected":false},"excerpt":{"rendered":"<p>Crescer em um ambiente onde as necessidades emocionais foram sistematicamente ignoradas molda adultos que priorizam o sil\u00eancio e a autoneglig\u00eancia. Esse comportamento reflexo manifesta-se em frases aparentemente simples, mas que carregam um hist\u00f3rico profundo de supress\u00e3o. Compreender como o abandono se perpetua na maturidade \u00e9 o primeiro passo para resgatar a pr\u00f3pria voz. Por que [&hellip;]<\/p>\n","protected":false},"author":21,"featured_media":234100,"comment_status":"open","ping_status":"open","sticky":false,"template":"","format":"standard","meta":{"_yoast_wpseo_focuskw":"neglig\u00eancia emocional e autossabotagem","_yoast_wpseo_title":"","_yoast_wpseo_metadesc":"Dizer \u201cdeixa pra depois\u201d pode revelar autoneglig\u00eancia emocional. Entenda os sinais e como resgatar sua voz e bem-estar.","jnews-multi-image_gallery":[],"jnews_single_post":{"format":"standard"},"jnews_primary_category":[],"jnews_social_meta":[],"jnews_override_counter":[],"footnotes":""},"categories":[112],"tags":[2858,811,2857,404],"class_list":["post-234095","post","type-post","status-publish","format-standard","has-post-thumbnail","hentry","category-curiosidades","tag-filhos","tag-infancia","tag-pais","tag-psicologia"],"yoast_head":"<!-- This site is optimized with the Yoast SEO plugin v24.6 - https:\/\/yoast.com\/wordpress\/plugins\/seo\/ -->\n<title>A frase mais comum entre filhos adultos que aprenderam a se calar cedo n\u00e3o \u00e9 \u201cmeus pais n\u00e3o me ouviam\u201d, \u00e9 \u201cdeixa, depois eu vejo isso\u201d, e ela revela como muita gente continua se abandonando mesmo anos depois da inf\u00e2ncia - Correio Braziliense - Radar<\/title>\n<meta name=\"description\" content=\"Dizer \u201cdeixa pra depois\u201d pode revelar autoneglig\u00eancia emocional. Entenda os sinais e como resgatar sua voz e bem-estar.\" \/>\n<meta name=\"robots\" content=\"index, follow, max-snippet:-1, max-image-preview:large, max-video-preview:-1\" \/>\n<link rel=\"canonical\" href=\"https:\/\/www.correiobraziliense.com.br\/cbradar\/a-frase-mais-comum-entre-filhos-adultos-que-aprenderam-a-se-calar-cedo-nao-e-meus-pais-nao-me-ouviam-e-deixa-depois-eu-vejo-isso-e-ela-revela-como-muita-gente-co\/\" \/>\n<meta property=\"og:locale\" content=\"pt_BR\" \/>\n<meta property=\"og:type\" content=\"article\" \/>\n<meta property=\"og:title\" content=\"A frase mais comum entre filhos adultos que aprenderam a se calar cedo n\u00e3o \u00e9 \u201cmeus pais n\u00e3o me ouviam\u201d, \u00e9 \u201cdeixa, depois eu vejo isso\u201d, e ela revela como muita gente continua se abandonando mesmo anos depois da inf\u00e2ncia - Correio Braziliense - Radar\" \/>\n<meta property=\"og:description\" content=\"Dizer \u201cdeixa pra depois\u201d pode revelar autoneglig\u00eancia emocional. Entenda os sinais e como resgatar sua voz e bem-estar.\" \/>\n<meta property=\"og:url\" content=\"https:\/\/www.correiobraziliense.com.br\/cbradar\/a-frase-mais-comum-entre-filhos-adultos-que-aprenderam-a-se-calar-cedo-nao-e-meus-pais-nao-me-ouviam-e-deixa-depois-eu-vejo-isso-e-ela-revela-como-muita-gente-co\/\" \/>\n<meta property=\"og:site_name\" content=\"Correio Braziliense - Radar\" \/>\n<meta property=\"article:published_time\" content=\"2026-04-29T14:30:20+00:00\" \/>\n<meta property=\"article:modified_time\" content=\"2026-04-29T14:32:17+00:00\" \/>\n<meta property=\"og:image\" content=\"https:\/\/www.correiobraziliense.com.br\/cbradar\/wp-content\/uploads\/2026\/04\/Gemini_Generated_Image_tsup1dtsup1dtsup-1-1.png\" \/>\n\t<meta property=\"og:image:width\" content=\"1280\" \/>\n\t<meta property=\"og:image:height\" content=\"720\" \/>\n\t<meta property=\"og:image:type\" content=\"image\/png\" \/>\n<meta name=\"author\" content=\"Patrick Silva\" \/>\n<meta name=\"twitter:card\" content=\"summary_large_image\" \/>\n<meta name=\"twitter:label1\" content=\"Escrito por\" \/>\n\t<meta name=\"twitter:data1\" content=\"Patrick Silva\" \/>\n\t<meta name=\"twitter:label2\" content=\"Est. tempo de leitura\" \/>\n\t<meta name=\"twitter:data2\" content=\"5 minutos\" \/>\n<!-- \/ Yoast SEO plugin. -->","yoast_head_json":{"title":"A frase mais comum entre filhos adultos que aprenderam a se calar cedo n\u00e3o \u00e9 \u201cmeus pais n\u00e3o me ouviam\u201d, \u00e9 \u201cdeixa, depois eu vejo isso\u201d, e ela revela como muita gente continua se abandonando mesmo anos depois da inf\u00e2ncia - Correio Braziliense - Radar","description":"Dizer \u201cdeixa pra depois\u201d pode revelar autoneglig\u00eancia emocional. Entenda os sinais e como resgatar sua voz e bem-estar.","robots":{"index":"index","follow":"follow","max-snippet":"max-snippet:-1","max-image-preview":"max-image-preview:large","max-video-preview":"max-video-preview:-1"},"canonical":"https:\/\/www.correiobraziliense.com.br\/cbradar\/a-frase-mais-comum-entre-filhos-adultos-que-aprenderam-a-se-calar-cedo-nao-e-meus-pais-nao-me-ouviam-e-deixa-depois-eu-vejo-isso-e-ela-revela-como-muita-gente-co\/","og_locale":"pt_BR","og_type":"article","og_title":"A frase mais comum entre filhos adultos que aprenderam a se calar cedo n\u00e3o \u00e9 \u201cmeus pais n\u00e3o me ouviam\u201d, \u00e9 \u201cdeixa, depois eu vejo isso\u201d, e ela revela como muita gente continua se abandonando mesmo anos depois da inf\u00e2ncia - Correio Braziliense - Radar","og_description":"Dizer \u201cdeixa pra depois\u201d pode revelar autoneglig\u00eancia emocional. Entenda os sinais e como resgatar sua voz e bem-estar.","og_url":"https:\/\/www.correiobraziliense.com.br\/cbradar\/a-frase-mais-comum-entre-filhos-adultos-que-aprenderam-a-se-calar-cedo-nao-e-meus-pais-nao-me-ouviam-e-deixa-depois-eu-vejo-isso-e-ela-revela-como-muita-gente-co\/","og_site_name":"Correio Braziliense - Radar","article_published_time":"2026-04-29T14:30:20+00:00","article_modified_time":"2026-04-29T14:32:17+00:00","og_image":[{"width":1280,"height":720,"url":"https:\/\/www.correiobraziliense.com.br\/cbradar\/wp-content\/uploads\/2026\/04\/Gemini_Generated_Image_tsup1dtsup1dtsup-1-1.png","type":"image\/png"}],"author":"Patrick Silva","twitter_card":"summary_large_image","twitter_misc":{"Escrito por":"Patrick Silva","Est. tempo de leitura":"5 minutos"},"schema":{"@context":"https:\/\/schema.org","@graph":[{"@type":"WebPage","@id":"https:\/\/www.correiobraziliense.com.br\/cbradar\/a-frase-mais-comum-entre-filhos-adultos-que-aprenderam-a-se-calar-cedo-nao-e-meus-pais-nao-me-ouviam-e-deixa-depois-eu-vejo-isso-e-ela-revela-como-muita-gente-co\/","url":"https:\/\/www.correiobraziliense.com.br\/cbradar\/a-frase-mais-comum-entre-filhos-adultos-que-aprenderam-a-se-calar-cedo-nao-e-meus-pais-nao-me-ouviam-e-deixa-depois-eu-vejo-isso-e-ela-revela-como-muita-gente-co\/","name":"A frase mais comum entre filhos adultos que aprenderam a se calar cedo n\u00e3o \u00e9 \u201cmeus pais n\u00e3o me ouviam\u201d, \u00e9 \u201cdeixa, depois eu vejo isso\u201d, e ela revela como muita gente continua se abandonando mesmo anos depois da inf\u00e2ncia - Correio Braziliense - Radar","isPartOf":{"@id":"https:\/\/www.correiobraziliense.com.br\/cbradar\/#website"},"primaryImageOfPage":{"@id":"https:\/\/www.correiobraziliense.com.br\/cbradar\/a-frase-mais-comum-entre-filhos-adultos-que-aprenderam-a-se-calar-cedo-nao-e-meus-pais-nao-me-ouviam-e-deixa-depois-eu-vejo-isso-e-ela-revela-como-muita-gente-co\/#primaryimage"},"image":{"@id":"https:\/\/www.correiobraziliense.com.br\/cbradar\/a-frase-mais-comum-entre-filhos-adultos-que-aprenderam-a-se-calar-cedo-nao-e-meus-pais-nao-me-ouviam-e-deixa-depois-eu-vejo-isso-e-ela-revela-como-muita-gente-co\/#primaryimage"},"thumbnailUrl":"https:\/\/www.correiobraziliense.com.br\/cbradar\/wp-content\/uploads\/2026\/04\/Gemini_Generated_Image_tsup1dtsup1dtsup-1-1.png","datePublished":"2026-04-29T14:30:20+00:00","dateModified":"2026-04-29T14:32:17+00:00","author":{"@id":"https:\/\/www.correiobraziliense.com.br\/cbradar\/#\/schema\/person\/5440b72be9c7eb74f446c846479dc4da"},"description":"Dizer \u201cdeixa pra depois\u201d pode revelar autoneglig\u00eancia emocional. Entenda os sinais e como resgatar sua voz e bem-estar.","breadcrumb":{"@id":"https:\/\/www.correiobraziliense.com.br\/cbradar\/a-frase-mais-comum-entre-filhos-adultos-que-aprenderam-a-se-calar-cedo-nao-e-meus-pais-nao-me-ouviam-e-deixa-depois-eu-vejo-isso-e-ela-revela-como-muita-gente-co\/#breadcrumb"},"inLanguage":"pt-BR","potentialAction":[{"@type":"ReadAction","target":["https:\/\/www.correiobraziliense.com.br\/cbradar\/a-frase-mais-comum-entre-filhos-adultos-que-aprenderam-a-se-calar-cedo-nao-e-meus-pais-nao-me-ouviam-e-deixa-depois-eu-vejo-isso-e-ela-revela-como-muita-gente-co\/"]}]},{"@type":"ImageObject","inLanguage":"pt-BR","@id":"https:\/\/www.correiobraziliense.com.br\/cbradar\/a-frase-mais-comum-entre-filhos-adultos-que-aprenderam-a-se-calar-cedo-nao-e-meus-pais-nao-me-ouviam-e-deixa-depois-eu-vejo-isso-e-ela-revela-como-muita-gente-co\/#primaryimage","url":"https:\/\/www.correiobraziliense.com.br\/cbradar\/wp-content\/uploads\/2026\/04\/Gemini_Generated_Image_tsup1dtsup1dtsup-1-1.png","contentUrl":"https:\/\/www.correiobraziliense.com.br\/cbradar\/wp-content\/uploads\/2026\/04\/Gemini_Generated_Image_tsup1dtsup1dtsup-1-1.png","width":1280,"height":720,"caption":"Dizer deixa pra depois pode ser um sinal de que voc\u00ea est\u00e1 se deixando de lado"},{"@type":"BreadcrumbList","@id":"https:\/\/www.correiobraziliense.com.br\/cbradar\/a-frase-mais-comum-entre-filhos-adultos-que-aprenderam-a-se-calar-cedo-nao-e-meus-pais-nao-me-ouviam-e-deixa-depois-eu-vejo-isso-e-ela-revela-como-muita-gente-co\/#breadcrumb","itemListElement":[{"@type":"ListItem","position":1,"name":"In\u00edcio","item":"https:\/\/www.correiobraziliense.com.br\/cbradar\/"},{"@type":"ListItem","position":2,"name":"A frase mais comum entre filhos adultos que aprenderam a se calar cedo n\u00e3o \u00e9 \u201cmeus pais n\u00e3o me ouviam\u201d, \u00e9 \u201cdeixa, depois eu vejo isso\u201d, e ela revela como muita gente continua se abandonando mesmo anos depois da inf\u00e2ncia"}]},{"@type":"WebSite","@id":"https:\/\/www.correiobraziliense.com.br\/cbradar\/#website","url":"https:\/\/www.correiobraziliense.com.br\/cbradar\/","name":"Correio Braziliense - Radar","description":"Acompanhe as \u00faltimas not\u00edcias e fique bem informado sobre tudo o que acontece no Brasil e no mundo.","potentialAction":[{"@type":"SearchAction","target":{"@type":"EntryPoint","urlTemplate":"https:\/\/www.correiobraziliense.com.br\/cbradar\/?s={search_term_string}"},"query-input":{"@type":"PropertyValueSpecification","valueRequired":true,"valueName":"search_term_string"}}],"inLanguage":"pt-BR"},{"@type":"Person","@id":"https:\/\/www.correiobraziliense.com.br\/cbradar\/#\/schema\/person\/5440b72be9c7eb74f446c846479dc4da","name":"Patrick Silva","image":{"@type":"ImageObject","inLanguage":"pt-BR","@id":"https:\/\/www.correiobraziliense.com.br\/cbradar\/#\/schema\/person\/image\/","url":"https:\/\/secure.gravatar.com\/avatar\/944109df296fc087785c9715fd5f80b2?s=96&d=mm&r=g","contentUrl":"https:\/\/secure.gravatar.com\/avatar\/944109df296fc087785c9715fd5f80b2?s=96&d=mm&r=g","caption":"Patrick Silva"},"sameAs":["https:\/\/www.correiobraziliense.com.br\/cbradar\/"],"url":"https:\/\/www.correiobraziliense.com.br\/cbradar\/author\/patrick-silva\/"}]}},"_links":{"self":[{"href":"https:\/\/www.correiobraziliense.com.br\/cbradar\/wp-json\/wp\/v2\/posts\/234095","targetHints":{"allow":["GET"]}}],"collection":[{"href":"https:\/\/www.correiobraziliense.com.br\/cbradar\/wp-json\/wp\/v2\/posts"}],"about":[{"href":"https:\/\/www.correiobraziliense.com.br\/cbradar\/wp-json\/wp\/v2\/types\/post"}],"author":[{"embeddable":true,"href":"https:\/\/www.correiobraziliense.com.br\/cbradar\/wp-json\/wp\/v2\/users\/21"}],"replies":[{"embeddable":true,"href":"https:\/\/www.correiobraziliense.com.br\/cbradar\/wp-json\/wp\/v2\/comments?post=234095"}],"version-history":[{"count":4,"href":"https:\/\/www.correiobraziliense.com.br\/cbradar\/wp-json\/wp\/v2\/posts\/234095\/revisions"}],"predecessor-version":[{"id":234103,"href":"https:\/\/www.correiobraziliense.com.br\/cbradar\/wp-json\/wp\/v2\/posts\/234095\/revisions\/234103"}],"wp:featuredmedia":[{"embeddable":true,"href":"https:\/\/www.correiobraziliense.com.br\/cbradar\/wp-json\/wp\/v2\/media\/234100"}],"wp:attachment":[{"href":"https:\/\/www.correiobraziliense.com.br\/cbradar\/wp-json\/wp\/v2\/media?parent=234095"}],"wp:term":[{"taxonomy":"category","embeddable":true,"href":"https:\/\/www.correiobraziliense.com.br\/cbradar\/wp-json\/wp\/v2\/categories?post=234095"},{"taxonomy":"post_tag","embeddable":true,"href":"https:\/\/www.correiobraziliense.com.br\/cbradar\/wp-json\/wp\/v2\/tags?post=234095"}],"curies":[{"name":"wp","href":"https:\/\/api.w.org\/{rel}","templated":true}]}}