{"id":234098,"date":"2026-04-29T11:05:00","date_gmt":"2026-04-29T14:05:00","guid":{"rendered":"https:\/\/www.correiobraziliense.com.br\/cbradar\/?p=234098"},"modified":"2026-04-29T10:38:13","modified_gmt":"2026-04-29T13:38:13","slug":"esse-composto-natural-pode-ajudar-a-equilibrar-glicose-e-melhorar-a-saude-metabolica","status":"publish","type":"post","link":"https:\/\/www.correiobraziliense.com.br\/cbradar\/esse-composto-natural-pode-ajudar-a-equilibrar-glicose-e-melhorar-a-saude-metabolica\/","title":{"rendered":"Esse composto natural pode ajudar a equilibrar glicose e melhorar a sa\u00fade metab\u00f3lica"},"content":{"rendered":"\n<p>A <strong>Berberina <\/strong>\u00e9 um composto bioativo extra\u00eddo de plantas que vem sendo amplamente pesquisado por seus potenciais benef\u00edcios no controle metab\u00f3lico, especialmente em rela\u00e7\u00e3o \u00e0 glicose no sangue. Seu principal mecanismo de a\u00e7\u00e3o est\u00e1 relacionado \u00e0 ativa\u00e7\u00e3o da AMPK, uma enzima que desempenha papel crucial na regula\u00e7\u00e3o do metabolismo celular. Este composto tem sido considerado uma op\u00e7\u00e3o suplementar valiosa, especialmente para aqueles que enfrentam desafios como a resist\u00eancia \u00e0 insulina e o diabetes tipo 2, embora n\u00e3o substitua mudan\u00e7as de estilo de vida e tratamentos prescritos.<\/p>\n\n\n\n<h2 class=\"wp-block-heading\">Como a berberina atua no metabolismo e no controle glic\u00eamico?<\/h2>\n\n\n\n<p>Ao ativar a AMPK, a berberina pode ajudar a aumentar a capta\u00e7\u00e3o de glicose pelas c\u00e9lulas musculares e a reduzir a produ\u00e7\u00e3o de glicose pelo f\u00edgado. Esse efeito multifacetado contribui para manter os n\u00edveis de a\u00e7\u00facar no sangue mais est\u00e1veis, reduzindo picos que podem ser prejudiciais \u00e0 sa\u00fade metab\u00f3lica.<\/p>\n\n\n\n<p>Al\u00e9m disso, h\u00e1 evid\u00eancias de que a berberina pode influenciar o metabolismo de lip\u00eddios e o gasto energ\u00e9tico, o que refor\u00e7a seu potencial papel como coadjuvante em estrat\u00e9gias de manejo do peso. No entanto, a suplementa\u00e7\u00e3o deve sempre estar associada a uma dieta equilibrada, exerc\u00edcio f\u00edsico regular e acompanhamento profissional.<\/p>\n\n\n\n<h2 class=\"wp-block-heading\">Como a berberina ajuda no controle dos picos glic\u00eamicos?<\/h2>\n\n\n\n<p>Os picos de glicose ocorrem com frequ\u00eancia ap\u00f3s a ingest\u00e3o de refei\u00e7\u00f5es ricas em carboidratos, levando a aumentos r\u00e1pidos nos n\u00edveis de a\u00e7\u00facar no sangue. A berberina pode modular esses picos ao melhorar a sensibilidade \u00e0 insulina, permitindo que o corpo utilize de forma mais eficiente a glicose dispon\u00edvel.<\/p>\n\n\n\n<p>Outro aspecto relevante \u00e9 sua influ\u00eancia na microbiota intestinal, o que pode alterar a forma como carboidratos s\u00e3o absorvidos e metabolizados. Esse efeito tamb\u00e9m se relaciona a melhorias potenciais na sa\u00fade cardiovascular, com impacto positivo sobre colesterol e triglicer\u00eddeos em pessoas com altera\u00e7\u00f5es metab\u00f3licas.<\/p>\n\n\n<div class=\"wp-block-image\">\n<figure class=\"aligncenter size-full\"><img decoding=\"async\" width=\"1280\" height=\"720\" src=\"https:\/\/www.correiobraziliense.com.br\/cbradar\/wp-content\/uploads\/2026\/04\/remedios_1777469613849.jpg\" alt=\"\" class=\"wp-image-234166\" srcset=\"https:\/\/www.correiobraziliense.com.br\/cbradar\/wp-content\/uploads\/2026\/04\/remedios_1777469613849.jpg 1280w, https:\/\/www.correiobraziliense.com.br\/cbradar\/wp-content\/uploads\/2026\/04\/remedios_1777469613849-300x169.jpg 300w, https:\/\/www.correiobraziliense.com.br\/cbradar\/wp-content\/uploads\/2026\/04\/remedios_1777469613849-768x432.jpg 768w, https:\/\/www.correiobraziliense.com.br\/cbradar\/wp-content\/uploads\/2026\/04\/remedios_1777469613849-750x422.jpg 750w, https:\/\/www.correiobraziliense.com.br\/cbradar\/wp-content\/uploads\/2026\/04\/remedios_1777469613849-1140x641.jpg 1140w\" sizes=\"(max-width: 1280px) 100vw, 1280px\" \/><figcaption class=\"wp-element-caption\">O que estudos revelam sobre a berberina e o controle metab\u00f3lico &#8211; Cr\u00e9ditos: depositphotos.com \/ nenovbrothers<\/figcaption><\/figure><\/div>\n\n\n<h2 class=\"wp-block-heading\">Quais benef\u00edcios da berberina foram identificados em estudos cient\u00edficos<\/h2>\n\n\n\n<p>Uma revis\u00e3o guarda-chuva que reuniu diversas pesquisas sobre a berberina mostrou efeitos positivos sobre glicose no sangue, resist\u00eancia \u00e0 insulina e perfis lip\u00eddicos. Os autores, por\u00e9m, ressaltam a necessidade de interpretar os resultados com cautela, especialmente em pessoas que utilizam medicamentos para controle do diabetes.<\/p>\n\n\n\n<p>Os achados cient\u00edficos apontam para alguns benef\u00edcios que podem ser relevantes em estrat\u00e9gias de cuidado metab\u00f3lico, principalmente quando a berberina \u00e9 usada como complemento ao tratamento convencional:<\/p>\n\n\n\n<style>\n  .make-wrap{\n    max-width: 760px;\n    margin: 26px auto;\n    padding: 18px;\n    border-radius: 18px;\n    background: linear-gradient(135deg,#fff7fb 0%,#f6f2ff 100%);\n    border: 1px solid #f7d4ea;\n    box-shadow: 0 8px 20px rgba(236,72,153,.12);\n    font-family: system-ui, -apple-system, Segoe UI, Roboto, Helvetica, Arial, sans-serif;\n  }\n\n  .make-title{\n    display:flex; \n    align-items:center; \n    gap:10px;\n    margin:0 0 12px 4px;\n    font-size:1.2rem; \n    font-weight:900; \n    color:#9d174d;\n  }\n\n  .make-table{\n    width:100%;\n    border-collapse:separate;\n    border-spacing:0;\n    overflow:hidden;\n    border-radius:16px;\n    border:1px solid #f7d4ea;\n    background:#fff;\n    font-size:.92rem;\n  }\n\n  .make-table thead th{\n    background:linear-gradient(90deg,#fde7f3 0%,#f8e9ff 100%);\n    padding:12px;\n    color:#7a1e63;\n    font-weight:800;\n    text-align:left;\n    border-bottom:1px solid #f7d4ea;\n  }\n\n  .make-table tbody td{\n    padding:12px;\n    color:#374151;\n    vertical-align:top;\n    border-bottom:1px dashed #f7d4ea;\n  }\n\n  .make-table tbody tr:nth-child(odd){\n    background:#fffaff;\n  }\n\n  .price{\n    display:inline-flex;\n    align-items:center;\n    background:#fff7ed;\n    color:#b45309;\n    padding:6px 10px;\n    border-radius:10px;\n    border:1px solid #fed7aa;\n    font-weight:700;\n    white-space:nowrap;\n  }\n\n  .badge{\n    display:inline-block;\n    background:#fde7f3;\n    color:#c026d3;\n    border:1px solid #fecdd3;\n    padding:4px 10px;\n    border-radius:999px;\n    font-weight:700;\n    font-size:.78rem;\n  }\n\n  @media (max-width:720px){\n    .make-table thead{display:none}\n    .make-table, .make-table tbody, .make-table tr, .make-table td{\n      display:block; \n      width:100%;\n    }\n    .make-table tr{\n      margin-bottom:12px;\n      border:1px solid #f7d4ea;\n      border-radius:14px;\n      overflow:hidden;\n      background:#fff;\n    }\n    .make-table td[data-label]:before{\n      content:attr(data-label);\n      display:block;\n      font-weight:800;\n      color:#7a1e63;\n      margin-bottom:4px;\n    }\n    .make-table tbody td:last-child{border-bottom:none}\n  }\n<\/style>\n\n<div class=\"make-wrap\">\n  <h3 class=\"make-title\">\ud83d\udc96\u2728 Benef\u00edcios Metab\u00f3licos Observados<\/h3>\n\n  <table class=\"make-table\">\n    <thead>\n      <tr>\n        <th>Benef\u00edcio<\/th>\n        <th>Descri\u00e7\u00e3o<\/th>\n      <\/tr>\n    <\/thead>\n    <tbody>\n      <tr>\n        <td data-label=\"Benef\u00edcio\">Controle da glicose<\/td>\n        <td data-label=\"Descri\u00e7\u00e3o\">Redu\u00e7\u00e3o dos n\u00edveis de glicose no sangue ap\u00f3s as refei\u00e7\u00f5es.<\/td>\n      <\/tr>\n      <tr>\n        <td data-label=\"Benef\u00edcio\">Sensibilidade \u00e0 insulina<\/td>\n        <td data-label=\"Descri\u00e7\u00e3o\">Melhora na sensibilidade \u00e0 insulina.<\/td>\n      <\/tr>\n      <tr>\n        <td data-label=\"Benef\u00edcio\">Perfil lip\u00eddico<\/td>\n        <td data-label=\"Descri\u00e7\u00e3o\">Apoio na modula\u00e7\u00e3o de lip\u00eddios no sangue, como colesterol e triglicer\u00eddeos.<\/td>\n      <\/tr>\n      <tr>\n        <td data-label=\"Benef\u00edcio\">Controle de peso e inflama\u00e7\u00e3o<\/td>\n        <td data-label=\"Descri\u00e7\u00e3o\">Poss\u00edvel contribui\u00e7\u00e3o modesta para controle de peso e redu\u00e7\u00e3o de marcadores inflamat\u00f3rios.<\/td>\n      <\/tr>\n    <\/tbody>\n  <\/table>\n\n  <p style=\"margin-top:14px; color:#6b7280; font-size:.9rem;\">\n    \ud83d\udca1 <strong>Dica:<\/strong> Esses efeitos podem variar de pessoa para pessoa e dependem do estilo de vida e alimenta\u00e7\u00e3o.\n  <\/p>\n<\/div>\n\n\n\n\n<h2 class=\"wp-block-heading\">Quais cuidados s\u00e3o necess\u00e1rios ao utilizar berberina<\/h2>\n\n\n\n<p>Apesar dos benef\u00edcios potenciais, a berberina exige uso cuidadoso, sobretudo em pessoas em tratamento com insulina ou outros antidiab\u00e9ticos, devido ao risco de hipoglicemia. Tamb\u00e9m h\u00e1 relatos de efeitos gastrointestinais, como n\u00e1useas, c\u00f3licas e diarreia, principalmente em doses mais altas ou uso sem orienta\u00e7\u00e3o.<\/p>\n\n\n\n<p>Por isso, \u00e9 essencial buscar avalia\u00e7\u00e3o m\u00e9dica antes de iniciar a suplementa\u00e7\u00e3o, especialmente para quem j\u00e1 possui condi\u00e7\u00f5es cr\u00f4nicas de sa\u00fade ou faz uso de outros medicamentos. Em conclus\u00e3o, a berberina pode ser uma aliada no manejo glic\u00eamico e lip\u00eddico, mas deve ser vista como complemento a um estilo de vida saud\u00e1vel e a terapias convencionais, nunca como substituta do tratamento m\u00e9dico.<\/p>\n\n\n<a href=\"https:\/\/www.instagram.com\/dra.annaluisabf\/\" target=\"_blank\" rel=\"noopener\" style=\"text-decoration: none; color: inherit;\">\n    <span style=\"display: inline-block; border: 1px solid #ccc; border-radius: 10px; padding: 15px; max-width: 550px; font-family: sans-serif; box-shadow: 0 2px 5px rgba(0,0,0,0.1); width: 100%;\">\n\n      <!-- T\u00edtulo -->\n      <span style=\"display: block; margin: 0 0 15px 0; font-weight: bold; color: #2c3e50; text-align: center;\">\n        Entre em contato:\n      <\/span>\n\n      <!-- Linha do perfil -->\n      <span style=\"display: flex; align-items: center; gap: 15px;\">\n        <img decoding=\"async\"\n          src=\"https:\/\/www.correiobraziliense.com.br\/cbradar\/wp-content\/uploads\/2025\/08\/dra_anna_luisa.jpeg\"\n          alt=\"Foto da Dra. Anna Lu\u00edsa\"\n          style=\"border-radius: 50%; width: 80px; height: 80px; object-fit: cover;\"\n        \/>\n        <span style=\"display: flex; flex-direction: column;\">\n          <span style=\"font-size: 18px; font-weight: 700; color: #2c3e50;\">Dra. Anna Lu\u00edsa Barbosa Fernandes<\/span>\n          <span style=\"color: #555;\">CRM-GO 33.271<\/span>\n        <\/span>\n      <\/span>\n\n      <!-- Redes -->\n      <span style=\"display: flex; align-items: center; gap: 10px; margin-top: 12px;\">\n        <img decoding=\"async\" src=\"https:\/\/cdn-icons-png.flaticon.com\/24\/1384\/1384063.png\" alt=\"Instagram\" width=\"24\" height=\"24\" \/>\n        <span style=\"text-decoration: underline; color: #2c3e50;\">@dra.annaluisabf<\/span>\n      <\/span>\n\n    <\/span>\n  <\/a>","protected":false},"excerpt":{"rendered":"<p>A Berberina \u00e9 um composto bioativo extra\u00eddo de plantas que vem sendo amplamente pesquisado por seus potenciais benef\u00edcios no controle metab\u00f3lico, especialmente em rela\u00e7\u00e3o \u00e0 glicose no sangue. Seu principal mecanismo de a\u00e7\u00e3o est\u00e1 relacionado \u00e0 ativa\u00e7\u00e3o da AMPK, uma enzima que desempenha papel crucial na regula\u00e7\u00e3o do metabolismo celular. Este composto tem sido considerado [&hellip;]<\/p>\n","protected":false},"author":14,"featured_media":234178,"comment_status":"open","ping_status":"open","sticky":false,"template":"","format":"standard","meta":{"_yoast_wpseo_focuskw":"berberina","_yoast_wpseo_title":"","_yoast_wpseo_metadesc":"Veja como a berberina pode auxiliar no controle do a\u00e7\u00facar no sangue de forma complementar","jnews-multi-image_gallery":[],"jnews_single_post":{"format":"standard"},"jnews_primary_category":[],"jnews_social_meta":[],"jnews_override_counter":[],"footnotes":""},"categories":[4404],"tags":[],"class_list":["post-234098","post","type-post","status-publish","format-standard","has-post-thumbnail","hentry","category-saude"],"yoast_head":"<!-- This site is optimized with the Yoast SEO plugin v24.6 - https:\/\/yoast.com\/wordpress\/plugins\/seo\/ -->\n<title>Esse composto natural pode ajudar a equilibrar glicose e melhorar a sa\u00fade metab\u00f3lica - Correio Braziliense - Radar<\/title>\n<meta name=\"description\" content=\"Veja como a berberina pode auxiliar no controle do a\u00e7\u00facar no sangue de forma complementar\" \/>\n<meta name=\"robots\" content=\"index, follow, max-snippet:-1, max-image-preview:large, max-video-preview:-1\" \/>\n<link rel=\"canonical\" href=\"https:\/\/www.correiobraziliense.com.br\/cbradar\/esse-composto-natural-pode-ajudar-a-equilibrar-glicose-e-melhorar-a-saude-metabolica\/\" \/>\n<meta property=\"og:locale\" content=\"pt_BR\" \/>\n<meta property=\"og:type\" content=\"article\" \/>\n<meta property=\"og:title\" content=\"Esse composto natural pode ajudar a equilibrar glicose e melhorar a sa\u00fade metab\u00f3lica - Correio Braziliense - Radar\" \/>\n<meta property=\"og:description\" content=\"Veja como a berberina pode auxiliar no controle do a\u00e7\u00facar no sangue de forma complementar\" \/>\n<meta property=\"og:url\" content=\"https:\/\/www.correiobraziliense.com.br\/cbradar\/esse-composto-natural-pode-ajudar-a-equilibrar-glicose-e-melhorar-a-saude-metabolica\/\" \/>\n<meta property=\"og:site_name\" content=\"Correio Braziliense - Radar\" \/>\n<meta property=\"article:published_time\" content=\"2026-04-29T14:05:00+00:00\" \/>\n<meta property=\"og:image\" content=\"https:\/\/www.correiobraziliense.com.br\/cbradar\/wp-content\/uploads\/2026\/04\/remedios_1777469731167.jpg\" \/>\n\t<meta property=\"og:image:width\" content=\"1280\" \/>\n\t<meta property=\"og:image:height\" content=\"720\" \/>\n\t<meta property=\"og:image:type\" content=\"image\/jpeg\" \/>\n<meta name=\"author\" content=\"guilherme_saude\" \/>\n<meta name=\"twitter:card\" content=\"summary_large_image\" \/>\n<meta name=\"twitter:label1\" content=\"Escrito por\" \/>\n\t<meta name=\"twitter:data1\" content=\"guilherme_saude\" \/>\n\t<meta name=\"twitter:label2\" content=\"Est. tempo de leitura\" \/>\n\t<meta name=\"twitter:data2\" content=\"5 minutos\" \/>\n<!-- \/ Yoast SEO plugin. -->","yoast_head_json":{"title":"Esse composto natural pode ajudar a equilibrar glicose e melhorar a sa\u00fade metab\u00f3lica - Correio Braziliense - Radar","description":"Veja como a berberina pode auxiliar no controle do a\u00e7\u00facar no sangue de forma complementar","robots":{"index":"index","follow":"follow","max-snippet":"max-snippet:-1","max-image-preview":"max-image-preview:large","max-video-preview":"max-video-preview:-1"},"canonical":"https:\/\/www.correiobraziliense.com.br\/cbradar\/esse-composto-natural-pode-ajudar-a-equilibrar-glicose-e-melhorar-a-saude-metabolica\/","og_locale":"pt_BR","og_type":"article","og_title":"Esse composto natural pode ajudar a equilibrar glicose e melhorar a sa\u00fade metab\u00f3lica - Correio Braziliense - Radar","og_description":"Veja como a berberina pode auxiliar no controle do a\u00e7\u00facar no sangue de forma complementar","og_url":"https:\/\/www.correiobraziliense.com.br\/cbradar\/esse-composto-natural-pode-ajudar-a-equilibrar-glicose-e-melhorar-a-saude-metabolica\/","og_site_name":"Correio Braziliense - Radar","article_published_time":"2026-04-29T14:05:00+00:00","og_image":[{"width":1280,"height":720,"url":"https:\/\/www.correiobraziliense.com.br\/cbradar\/wp-content\/uploads\/2026\/04\/remedios_1777469731167.jpg","type":"image\/jpeg"}],"author":"guilherme_saude","twitter_card":"summary_large_image","twitter_misc":{"Escrito por":"guilherme_saude","Est. tempo de leitura":"5 minutos"},"schema":{"@context":"https:\/\/schema.org","@graph":[{"@type":"WebPage","@id":"https:\/\/www.correiobraziliense.com.br\/cbradar\/esse-composto-natural-pode-ajudar-a-equilibrar-glicose-e-melhorar-a-saude-metabolica\/","url":"https:\/\/www.correiobraziliense.com.br\/cbradar\/esse-composto-natural-pode-ajudar-a-equilibrar-glicose-e-melhorar-a-saude-metabolica\/","name":"Esse composto natural pode ajudar a equilibrar glicose e melhorar a sa\u00fade metab\u00f3lica - Correio Braziliense - Radar","isPartOf":{"@id":"https:\/\/www.correiobraziliense.com.br\/cbradar\/#website"},"primaryImageOfPage":{"@id":"https:\/\/www.correiobraziliense.com.br\/cbradar\/esse-composto-natural-pode-ajudar-a-equilibrar-glicose-e-melhorar-a-saude-metabolica\/#primaryimage"},"image":{"@id":"https:\/\/www.correiobraziliense.com.br\/cbradar\/esse-composto-natural-pode-ajudar-a-equilibrar-glicose-e-melhorar-a-saude-metabolica\/#primaryimage"},"thumbnailUrl":"https:\/\/www.correiobraziliense.com.br\/cbradar\/wp-content\/uploads\/2026\/04\/remedios_1777469731167.jpg","datePublished":"2026-04-29T14:05:00+00:00","author":{"@id":"https:\/\/www.correiobraziliense.com.br\/cbradar\/#\/schema\/person\/5aa4bf3c8fa699c267933611de12978b"},"description":"Veja como a berberina pode auxiliar no controle do a\u00e7\u00facar no sangue de forma complementar","breadcrumb":{"@id":"https:\/\/www.correiobraziliense.com.br\/cbradar\/esse-composto-natural-pode-ajudar-a-equilibrar-glicose-e-melhorar-a-saude-metabolica\/#breadcrumb"},"inLanguage":"pt-BR","potentialAction":[{"@type":"ReadAction","target":["https:\/\/www.correiobraziliense.com.br\/cbradar\/esse-composto-natural-pode-ajudar-a-equilibrar-glicose-e-melhorar-a-saude-metabolica\/"]}]},{"@type":"ImageObject","inLanguage":"pt-BR","@id":"https:\/\/www.correiobraziliense.com.br\/cbradar\/esse-composto-natural-pode-ajudar-a-equilibrar-glicose-e-melhorar-a-saude-metabolica\/#primaryimage","url":"https:\/\/www.correiobraziliense.com.br\/cbradar\/wp-content\/uploads\/2026\/04\/remedios_1777469731167.jpg","contentUrl":"https:\/\/www.correiobraziliense.com.br\/cbradar\/wp-content\/uploads\/2026\/04\/remedios_1777469731167.jpg","width":1280,"height":720,"caption":"O aliado natural que pode ajudar a reduzir picos de glicose no dia a dia - Cr\u00e9ditos: depositphotos.com \/ poznyakov"},{"@type":"BreadcrumbList","@id":"https:\/\/www.correiobraziliense.com.br\/cbradar\/esse-composto-natural-pode-ajudar-a-equilibrar-glicose-e-melhorar-a-saude-metabolica\/#breadcrumb","itemListElement":[{"@type":"ListItem","position":1,"name":"In\u00edcio","item":"https:\/\/www.correiobraziliense.com.br\/cbradar\/"},{"@type":"ListItem","position":2,"name":"Esse composto natural pode ajudar a equilibrar glicose e melhorar a sa\u00fade metab\u00f3lica"}]},{"@type":"WebSite","@id":"https:\/\/www.correiobraziliense.com.br\/cbradar\/#website","url":"https:\/\/www.correiobraziliense.com.br\/cbradar\/","name":"Correio Braziliense - Radar","description":"Acompanhe as \u00faltimas not\u00edcias e fique bem informado sobre tudo o que acontece no Brasil e no mundo.","potentialAction":[{"@type":"SearchAction","target":{"@type":"EntryPoint","urlTemplate":"https:\/\/www.correiobraziliense.com.br\/cbradar\/?s={search_term_string}"},"query-input":{"@type":"PropertyValueSpecification","valueRequired":true,"valueName":"search_term_string"}}],"inLanguage":"pt-BR"},{"@type":"Person","@id":"https:\/\/www.correiobraziliense.com.br\/cbradar\/#\/schema\/person\/5aa4bf3c8fa699c267933611de12978b","name":"guilherme_saude","image":{"@type":"ImageObject","inLanguage":"pt-BR","@id":"https:\/\/www.correiobraziliense.com.br\/cbradar\/#\/schema\/person\/image\/","url":"https:\/\/secure.gravatar.com\/avatar\/df9adfb835d344bc0af109d41756253f?s=96&d=mm&r=g","contentUrl":"https:\/\/secure.gravatar.com\/avatar\/df9adfb835d344bc0af109d41756253f?s=96&d=mm&r=g","caption":"guilherme_saude"},"url":"https:\/\/www.correiobraziliense.com.br\/cbradar\/author\/guilherme_saude\/"}]}},"_links":{"self":[{"href":"https:\/\/www.correiobraziliense.com.br\/cbradar\/wp-json\/wp\/v2\/posts\/234098","targetHints":{"allow":["GET"]}}],"collection":[{"href":"https:\/\/www.correiobraziliense.com.br\/cbradar\/wp-json\/wp\/v2\/posts"}],"about":[{"href":"https:\/\/www.correiobraziliense.com.br\/cbradar\/wp-json\/wp\/v2\/types\/post"}],"author":[{"embeddable":true,"href":"https:\/\/www.correiobraziliense.com.br\/cbradar\/wp-json\/wp\/v2\/users\/14"}],"replies":[{"embeddable":true,"href":"https:\/\/www.correiobraziliense.com.br\/cbradar\/wp-json\/wp\/v2\/comments?post=234098"}],"version-history":[{"count":1,"href":"https:\/\/www.correiobraziliense.com.br\/cbradar\/wp-json\/wp\/v2\/posts\/234098\/revisions"}],"predecessor-version":[{"id":234180,"href":"https:\/\/www.correiobraziliense.com.br\/cbradar\/wp-json\/wp\/v2\/posts\/234098\/revisions\/234180"}],"wp:featuredmedia":[{"embeddable":true,"href":"https:\/\/www.correiobraziliense.com.br\/cbradar\/wp-json\/wp\/v2\/media\/234178"}],"wp:attachment":[{"href":"https:\/\/www.correiobraziliense.com.br\/cbradar\/wp-json\/wp\/v2\/media?parent=234098"}],"wp:term":[{"taxonomy":"category","embeddable":true,"href":"https:\/\/www.correiobraziliense.com.br\/cbradar\/wp-json\/wp\/v2\/categories?post=234098"},{"taxonomy":"post_tag","embeddable":true,"href":"https:\/\/www.correiobraziliense.com.br\/cbradar\/wp-json\/wp\/v2\/tags?post=234098"}],"curies":[{"name":"wp","href":"https:\/\/api.w.org\/{rel}","templated":true}]}}