{"id":234104,"date":"2026-04-30T12:15:00","date_gmt":"2026-04-30T15:15:00","guid":{"rendered":"https:\/\/www.correiobraziliense.com.br\/cbradar\/?p=234104"},"modified":"2026-04-30T12:59:07","modified_gmt":"2026-04-30T15:59:07","slug":"santa-teresa-de-avila-nos-mostra-que-as-vezes-a-distracao-constante-na-oracao-nao-e-apenas-fraqueza-espiritual-mas-o-comeco-de-uma-entrega-mais-humilde-diante-de-deus","status":"publish","type":"post","link":"https:\/\/www.correiobraziliense.com.br\/cbradar\/santa-teresa-de-avila-nos-mostra-que-as-vezes-a-distracao-constante-na-oracao-nao-e-apenas-fraqueza-espiritual-mas-o-comeco-de-uma-entrega-mais-humilde-diante-de-deus\/","title":{"rendered":"Santa Teresa de \u00c1vila nos mostra que, \u00e0s vezes, a distra\u00e7\u00e3o constante na ora\u00e7\u00e3o n\u00e3o \u00e9 apenas fraqueza espiritual, mas o come\u00e7o de uma entrega mais humilde diante de Deus"},"content":{"rendered":"\n<p>Muitas pessoas enfrentam dificuldades para manter a concentra\u00e7\u00e3o absoluta durante momentos de espiritualidade e recolhimento \u00edntimo. <strong>Santa Teresa de \u00c1vila<\/strong> ensina que a dispers\u00e3o mental pode ser um convite para uma pr\u00e1tica mais honesta e desprovida de vaidades intelectuais. Compreender essa din\u00e2mica transforma a frustra\u00e7\u00e3o em uma oportunidade de crescimento interior profundo e resiliente.<\/p>\n\n\n\n<h2 class=\"wp-block-heading\">Por que a mente insiste em fugir do sil\u00eancio interior?<\/h2>\n\n\n\n<p>Para <strong><a href=\"https:\/\/www.correiobraziliense.com.br\/cbradar\/santa-teresinha-do-menino-jesus-nos-ensina-que-as-vezes-a-ausencia-de-consolo-na-oracao-tambem-e-um-sinal-de-intimidade-com-deus\/\" target=\"_blank\" rel=\"noreferrer noopener\">Santa Teresa de \u00c1vila<\/a><\/strong>, a imagina\u00e7\u00e3o era frequentemente comparada a uma <strong>louca da casa<\/strong> que se recusa a obedecer \u00e0 vontade humana. Essa dispers\u00e3o n\u00e3o deve ser encarada como um fracasso pessoal, mas como uma caracter\u00edstica inerente \u00e0 nossa natureza limitada e imperfeita. Aceitar essa condi\u00e7\u00e3o \u00e9 uma <strong>estrat\u00e9gia para uma ora\u00e7\u00e3o mais aut\u00eantica<\/strong> e produtiva.<\/p>\n\n\n\n<p>Ao tentar for\u00e7ar a concentra\u00e7\u00e3o absoluta, o indiv\u00edduo acaba gerando mais estresse e resist\u00eancia interna desnecess\u00e1ria para sua jornada espiritual di\u00e1ria. A santa sugeria que devemos tratar esses pensamentos passageiros com indiferen\u00e7a, sem lutar contra eles de forma agressiva ou punitiva. Esse desapego permite que a alma permane\u00e7a tranquila, mesmo em meio ao ru\u00eddo mental constante e inevit\u00e1vel.<\/p>\n\n\n\n<figure class=\"wp-block-image size-full\"><img decoding=\"async\" width=\"1280\" height=\"720\" src=\"https:\/\/www.correiobraziliense.com.br\/cbradar\/wp-content\/uploads\/2026\/04\/Gemini_Generated_Image_4fj4rv4fj4rv4fj4-1-1.png\" alt=\"Santa Teresa de \u00c1vila nos mostra que, \u00e0s vezes, a distra\u00e7\u00e3o constante na ora\u00e7\u00e3o n\u00e3o \u00e9 apenas fraqueza espiritual, mas o come\u00e7o de uma entrega mais humilde diante de Deus\" class=\"wp-image-234119\" srcset=\"https:\/\/www.correiobraziliense.com.br\/cbradar\/wp-content\/uploads\/2026\/04\/Gemini_Generated_Image_4fj4rv4fj4rv4fj4-1-1.png 1280w, https:\/\/www.correiobraziliense.com.br\/cbradar\/wp-content\/uploads\/2026\/04\/Gemini_Generated_Image_4fj4rv4fj4rv4fj4-1-1-300x169.png 300w, https:\/\/www.correiobraziliense.com.br\/cbradar\/wp-content\/uploads\/2026\/04\/Gemini_Generated_Image_4fj4rv4fj4rv4fj4-1-1-768x432.png 768w, https:\/\/www.correiobraziliense.com.br\/cbradar\/wp-content\/uploads\/2026\/04\/Gemini_Generated_Image_4fj4rv4fj4rv4fj4-1-1-750x422.png 750w, https:\/\/www.correiobraziliense.com.br\/cbradar\/wp-content\/uploads\/2026\/04\/Gemini_Generated_Image_4fj4rv4fj4rv4fj4-1-1-1140x641.png 1140w\" sizes=\"(max-width: 1280px) 100vw, 1280px\" \/><figcaption class=\"wp-element-caption\">At\u00e9 a mente inquieta pode ser um caminho sincero de encontro com Deus<\/figcaption><\/figure>\n\n\n\n<h2 class=\"wp-block-heading\">Como a humildade se manifesta atrav\u00e9s das nossas limita\u00e7\u00f5es?<\/h2>\n\n\n\n<p>Reconhecer que n\u00e3o temos controle total sobre nossos pr\u00f3prios pensamentos \u00e9 um exerc\u00edcio poderoso de humildade crist\u00e3 e autoconhecimento profundo. Ao nos depararmos com nossa incapacidade de focar plenamente, somos levados a depender mais da gra\u00e7a divina do que de nossos esfor\u00e7os individuais isolados. Essa percep\u00e7\u00e3o altera a base da rela\u00e7\u00e3o espiritual entre a criatura e o <strong>Criador<\/strong>.<\/p>\n\n\n\n<p>A entrega humilde ocorre quando paramos de buscar a perfei\u00e7\u00e3o na performance religiosa para focar na inten\u00e7\u00e3o sincera do cora\u00e7\u00e3o humano. Para <strong>Santa Teresa de \u00c1vila<\/strong>, Deus valoriza muito mais a persist\u00eancia de quem continua tentando do que o \u00eaxito de quem n\u00e3o enfrenta obst\u00e1culos. O cansa\u00e7o torna-se, ent\u00e3o, uma oferta de amor genu\u00edna e despojada de orgulho pr\u00f3prio.<\/p>\n\n\n\n<h2 class=\"wp-block-heading\">Quais pr\u00e1ticas ajudam a acolher a distra\u00e7\u00e3o com paci\u00eancia?<\/h2>\n\n\n\n<p>Desenvolver uma rotina de espiritualidade exige paci\u00eancia para lidar com os dias de aridez e confus\u00e3o mental persistente no cotidiano. Em vez de abandonar a pr\u00e1tica, o ideal \u00e9 simplificar as palavras e focar em gestos de presen\u00e7a silenciosa e acolhedora. Essa adapta\u00e7\u00e3o protege a sa\u00fade emocional e garante que o h\u00e1bito da ora\u00e7\u00e3o seja constante. <\/p>\n\n\n\n<p><strong>Analise agora os elementos fundamentais para criar um ecossistema de prote\u00e7\u00e3o e aprendizado constante:<\/strong><\/p>\n\n\n\n<ul class=\"wp-block-list\">\n<li>Uso de leituras breves para ancorar a mente.<\/li>\n\n\n\n<li>Respira\u00e7\u00e3o consciente antes de iniciar o recolhimento.<\/li>\n\n\n\n<li>Aceita\u00e7\u00e3o dos ru\u00eddos externos como parte do ambiente.<\/li>\n\n\n\n<li>Foco em uma \u00fanica palavra ou frase curta.<\/li>\n\n\n\n<li>Interrup\u00e7\u00e3o breve para retomar o centro da aten\u00e7\u00e3o.<\/li>\n<\/ul>\n\n\n\n<h2 class=\"wp-block-heading\">Existe um benef\u00edcio oculto na aridez espiritual prolongada?<\/h2>\n\n\n\n<p>A aridez espiritual serve como um per\u00edodo de purifica\u00e7\u00e3o onde a alma aprende a buscar a ess\u00eancia divina sem esperar recompensas emocionais imediatas. Esse deserto interior fortalece a vontade e prepara o indiv\u00edduo para desafios maiores que exigem uma f\u00e9 madura e inabal\u00e1vel. O sil\u00eancio for\u00e7ado pelas circunst\u00e2ncias ensina a import\u00e2ncia da perseveran\u00e7a fiel em tempos de total escurid\u00e3o mental.<\/p>\n\n\n\n<p>Muitos santos descreveram fases de profundo vazio como etapas fundamentais para o desapego das consola\u00e7\u00f5es sens\u00edveis e passageiras da vida. Ao atravessar esses momentos com paci\u00eancia, a pessoa desenvolve uma resili\u00eancia que a protege contra crises futuras de ansiedade ou desespero espiritual. A distra\u00e7\u00e3o torna-se, portanto, um mestre que ensina o valor da <strong>paci\u00eancia e da confian\u00e7a absoluta<\/strong>.<\/p>\n\n\n\n<figure class=\"wp-block-image size-full\"><img decoding=\"async\" width=\"1280\" height=\"720\" src=\"https:\/\/www.correiobraziliense.com.br\/cbradar\/wp-content\/uploads\/2026\/04\/Gemini_Generated_Image_2fwer92fwer92fwe-1-1.png\" alt=\"Santa Teresa de \u00c1vila nos mostra que, \u00e0s vezes, a distra\u00e7\u00e3o constante na ora\u00e7\u00e3o n\u00e3o \u00e9 apenas fraqueza espiritual, mas o come\u00e7o de uma entrega mais humilde diante de Deus\" class=\"wp-image-234121\" srcset=\"https:\/\/www.correiobraziliense.com.br\/cbradar\/wp-content\/uploads\/2026\/04\/Gemini_Generated_Image_2fwer92fwer92fwe-1-1.png 1280w, https:\/\/www.correiobraziliense.com.br\/cbradar\/wp-content\/uploads\/2026\/04\/Gemini_Generated_Image_2fwer92fwer92fwe-1-1-300x169.png 300w, https:\/\/www.correiobraziliense.com.br\/cbradar\/wp-content\/uploads\/2026\/04\/Gemini_Generated_Image_2fwer92fwer92fwe-1-1-768x432.png 768w, https:\/\/www.correiobraziliense.com.br\/cbradar\/wp-content\/uploads\/2026\/04\/Gemini_Generated_Image_2fwer92fwer92fwe-1-1-750x422.png 750w, https:\/\/www.correiobraziliense.com.br\/cbradar\/wp-content\/uploads\/2026\/04\/Gemini_Generated_Image_2fwer92fwer92fwe-1-1-1140x641.png 1140w\" sizes=\"(max-width: 1280px) 100vw, 1280px\" \/><figcaption class=\"wp-element-caption\">At\u00e9 a mente inquieta pode ser um caminho sincero de encontro com Deus<\/figcaption><\/figure>\n\n\n\n<h2 class=\"wp-block-heading\">Como as fontes cl\u00e1ssicas descrevem o caminho da ora\u00e7\u00e3o?<\/h2>\n\n\n\n<p>A obra liter\u00e1ria de <strong>Santa Teresa de \u00c1vila<\/strong> oferece um roteiro detalhado sobre as diversas moradas do castelo interior da alma humana. Seus escritos destacam que o progresso espiritual n\u00e3o \u00e9 linear e exige uma compreens\u00e3o vasta sobre a psicologia e as fragilidades do ser. Estudar esses cl\u00e1ssicos ajuda a desmistificar a perfei\u00e7\u00e3o e promove uma vis\u00e3o mais humana da f\u00e9.<\/p>\n\n\n\n<p>A busca pelo equil\u00edbrio entre a vida ativa e a contemplativa \u00e9 um tema central para as ordens religiosas que seguem seu legado hist\u00f3rico. Para explorar o conte\u00fado completo sobre os ensinamentos da santa doutora, acesse o portal oficial da <strong><a href=\"https:\/\/carmelitas.org.br\/jesus-cristo-na-vida-e-pensamento-de-santa-teresa\/\" target=\"_blank\" rel=\"noreferrer noopener\">Ordem dos Carmelitas Descal\u00e7os<\/a><\/strong>. Conhecer essas bases teol\u00f3gicas \u00e9 a <strong>estrat\u00e9gia ideal para transformar sua jornada di\u00e1ria<\/strong> com leveza.<\/p>\n","protected":false},"excerpt":{"rendered":"<p>Muitas pessoas enfrentam dificuldades para manter a concentra\u00e7\u00e3o absoluta durante momentos de espiritualidade e recolhimento \u00edntimo. Santa Teresa de \u00c1vila ensina que a dispers\u00e3o mental pode ser um convite para uma pr\u00e1tica mais honesta e desprovida de vaidades intelectuais. Compreender essa din\u00e2mica transforma a frustra\u00e7\u00e3o em uma oportunidade de crescimento interior profundo e resiliente. Por [&hellip;]<\/p>\n","protected":false},"author":21,"featured_media":234117,"comment_status":"open","ping_status":"open","sticky":false,"template":"","format":"standard","meta":{"_yoast_wpseo_focuskw":"distra\u00e7\u00e3o na ora\u00e7\u00e3o e crescimento espiritual","_yoast_wpseo_title":"","_yoast_wpseo_metadesc":"Distra\u00e7\u00e3o na ora\u00e7\u00e3o n\u00e3o \u00e9 falha. Santa Teresa de \u00c1vila ensina como transformar o ru\u00eddo mental em crescimento espiritual real.","jnews-multi-image_gallery":[],"jnews_single_post":{"format":"standard"},"jnews_primary_category":[],"jnews_social_meta":[],"jnews_override_counter":[],"footnotes":""},"categories":[112],"tags":[16441,18266,16439],"class_list":["post-234104","post","type-post","status-publish","format-standard","has-post-thumbnail","hentry","category-curiosidades","tag-deus","tag-oracao","tag-santa-teresa-de-avila"],"yoast_head":"<!-- This site is optimized with the Yoast SEO plugin v24.6 - https:\/\/yoast.com\/wordpress\/plugins\/seo\/ -->\n<title>Santa Teresa de \u00c1vila nos mostra que, \u00e0s vezes, a distra\u00e7\u00e3o constante na ora\u00e7\u00e3o n\u00e3o \u00e9 apenas fraqueza espiritual, mas o come\u00e7o de uma entrega mais humilde diante de Deus - Correio Braziliense - Radar<\/title>\n<meta name=\"description\" content=\"Distra\u00e7\u00e3o na ora\u00e7\u00e3o n\u00e3o \u00e9 falha. Santa Teresa de \u00c1vila ensina como transformar o ru\u00eddo mental em crescimento espiritual real.\" \/>\n<meta name=\"robots\" content=\"index, follow, max-snippet:-1, max-image-preview:large, max-video-preview:-1\" \/>\n<link rel=\"canonical\" href=\"https:\/\/www.correiobraziliense.com.br\/cbradar\/santa-teresa-de-avila-nos-mostra-que-as-vezes-a-distracao-constante-na-oracao-nao-e-apenas-fraqueza-espiritual-mas-o-comeco-de-uma-entrega-mais-humilde-diante-de-deus\/\" \/>\n<meta property=\"og:locale\" content=\"pt_BR\" \/>\n<meta property=\"og:type\" content=\"article\" \/>\n<meta property=\"og:title\" content=\"Santa Teresa de \u00c1vila nos mostra que, \u00e0s vezes, a distra\u00e7\u00e3o constante na ora\u00e7\u00e3o n\u00e3o \u00e9 apenas fraqueza espiritual, mas o come\u00e7o de uma entrega mais humilde diante de Deus - Correio Braziliense - Radar\" \/>\n<meta property=\"og:description\" content=\"Distra\u00e7\u00e3o na ora\u00e7\u00e3o n\u00e3o \u00e9 falha. Santa Teresa de \u00c1vila ensina como transformar o ru\u00eddo mental em crescimento espiritual real.\" \/>\n<meta property=\"og:url\" content=\"https:\/\/www.correiobraziliense.com.br\/cbradar\/santa-teresa-de-avila-nos-mostra-que-as-vezes-a-distracao-constante-na-oracao-nao-e-apenas-fraqueza-espiritual-mas-o-comeco-de-uma-entrega-mais-humilde-diante-de-deus\/\" \/>\n<meta property=\"og:site_name\" content=\"Correio Braziliense - Radar\" \/>\n<meta property=\"article:published_time\" content=\"2026-04-30T15:15:00+00:00\" \/>\n<meta property=\"article:modified_time\" content=\"2026-04-30T15:59:07+00:00\" \/>\n<meta property=\"og:image\" content=\"https:\/\/www.correiobraziliense.com.br\/cbradar\/wp-content\/uploads\/2026\/04\/Gemini_Generated_Image_58ju9758ju9758ju-1-1.png\" \/>\n\t<meta property=\"og:image:width\" content=\"1280\" \/>\n\t<meta property=\"og:image:height\" content=\"720\" \/>\n\t<meta property=\"og:image:type\" content=\"image\/png\" \/>\n<meta name=\"author\" content=\"Patrick Silva\" \/>\n<meta name=\"twitter:card\" content=\"summary_large_image\" \/>\n<meta name=\"twitter:label1\" content=\"Escrito por\" \/>\n\t<meta name=\"twitter:data1\" content=\"Patrick Silva\" \/>\n\t<meta name=\"twitter:label2\" content=\"Est. tempo de leitura\" \/>\n\t<meta name=\"twitter:data2\" content=\"5 minutos\" \/>\n<!-- \/ Yoast SEO plugin. -->","yoast_head_json":{"title":"Santa Teresa de \u00c1vila nos mostra que, \u00e0s vezes, a distra\u00e7\u00e3o constante na ora\u00e7\u00e3o n\u00e3o \u00e9 apenas fraqueza espiritual, mas o come\u00e7o de uma entrega mais humilde diante de Deus - Correio Braziliense - Radar","description":"Distra\u00e7\u00e3o na ora\u00e7\u00e3o n\u00e3o \u00e9 falha. Santa Teresa de \u00c1vila ensina como transformar o ru\u00eddo mental em crescimento espiritual real.","robots":{"index":"index","follow":"follow","max-snippet":"max-snippet:-1","max-image-preview":"max-image-preview:large","max-video-preview":"max-video-preview:-1"},"canonical":"https:\/\/www.correiobraziliense.com.br\/cbradar\/santa-teresa-de-avila-nos-mostra-que-as-vezes-a-distracao-constante-na-oracao-nao-e-apenas-fraqueza-espiritual-mas-o-comeco-de-uma-entrega-mais-humilde-diante-de-deus\/","og_locale":"pt_BR","og_type":"article","og_title":"Santa Teresa de \u00c1vila nos mostra que, \u00e0s vezes, a distra\u00e7\u00e3o constante na ora\u00e7\u00e3o n\u00e3o \u00e9 apenas fraqueza espiritual, mas o come\u00e7o de uma entrega mais humilde diante de Deus - Correio Braziliense - Radar","og_description":"Distra\u00e7\u00e3o na ora\u00e7\u00e3o n\u00e3o \u00e9 falha. Santa Teresa de \u00c1vila ensina como transformar o ru\u00eddo mental em crescimento espiritual real.","og_url":"https:\/\/www.correiobraziliense.com.br\/cbradar\/santa-teresa-de-avila-nos-mostra-que-as-vezes-a-distracao-constante-na-oracao-nao-e-apenas-fraqueza-espiritual-mas-o-comeco-de-uma-entrega-mais-humilde-diante-de-deus\/","og_site_name":"Correio Braziliense - Radar","article_published_time":"2026-04-30T15:15:00+00:00","article_modified_time":"2026-04-30T15:59:07+00:00","og_image":[{"width":1280,"height":720,"url":"https:\/\/www.correiobraziliense.com.br\/cbradar\/wp-content\/uploads\/2026\/04\/Gemini_Generated_Image_58ju9758ju9758ju-1-1.png","type":"image\/png"}],"author":"Patrick Silva","twitter_card":"summary_large_image","twitter_misc":{"Escrito por":"Patrick Silva","Est. tempo de leitura":"5 minutos"},"schema":{"@context":"https:\/\/schema.org","@graph":[{"@type":"WebPage","@id":"https:\/\/www.correiobraziliense.com.br\/cbradar\/santa-teresa-de-avila-nos-mostra-que-as-vezes-a-distracao-constante-na-oracao-nao-e-apenas-fraqueza-espiritual-mas-o-comeco-de-uma-entrega-mais-humilde-diante-de-deus\/","url":"https:\/\/www.correiobraziliense.com.br\/cbradar\/santa-teresa-de-avila-nos-mostra-que-as-vezes-a-distracao-constante-na-oracao-nao-e-apenas-fraqueza-espiritual-mas-o-comeco-de-uma-entrega-mais-humilde-diante-de-deus\/","name":"Santa Teresa de \u00c1vila nos mostra que, \u00e0s vezes, a distra\u00e7\u00e3o constante na ora\u00e7\u00e3o n\u00e3o \u00e9 apenas fraqueza espiritual, mas o come\u00e7o de uma entrega mais humilde diante de Deus - Correio Braziliense - Radar","isPartOf":{"@id":"https:\/\/www.correiobraziliense.com.br\/cbradar\/#website"},"primaryImageOfPage":{"@id":"https:\/\/www.correiobraziliense.com.br\/cbradar\/santa-teresa-de-avila-nos-mostra-que-as-vezes-a-distracao-constante-na-oracao-nao-e-apenas-fraqueza-espiritual-mas-o-comeco-de-uma-entrega-mais-humilde-diante-de-deus\/#primaryimage"},"image":{"@id":"https:\/\/www.correiobraziliense.com.br\/cbradar\/santa-teresa-de-avila-nos-mostra-que-as-vezes-a-distracao-constante-na-oracao-nao-e-apenas-fraqueza-espiritual-mas-o-comeco-de-uma-entrega-mais-humilde-diante-de-deus\/#primaryimage"},"thumbnailUrl":"https:\/\/www.correiobraziliense.com.br\/cbradar\/wp-content\/uploads\/2026\/04\/Gemini_Generated_Image_58ju9758ju9758ju-1-1.png","datePublished":"2026-04-30T15:15:00+00:00","dateModified":"2026-04-30T15:59:07+00:00","author":{"@id":"https:\/\/www.correiobraziliense.com.br\/cbradar\/#\/schema\/person\/5440b72be9c7eb74f446c846479dc4da"},"description":"Distra\u00e7\u00e3o na ora\u00e7\u00e3o n\u00e3o \u00e9 falha. Santa Teresa de \u00c1vila ensina como transformar o ru\u00eddo mental em crescimento espiritual real.","breadcrumb":{"@id":"https:\/\/www.correiobraziliense.com.br\/cbradar\/santa-teresa-de-avila-nos-mostra-que-as-vezes-a-distracao-constante-na-oracao-nao-e-apenas-fraqueza-espiritual-mas-o-comeco-de-uma-entrega-mais-humilde-diante-de-deus\/#breadcrumb"},"inLanguage":"pt-BR","potentialAction":[{"@type":"ReadAction","target":["https:\/\/www.correiobraziliense.com.br\/cbradar\/santa-teresa-de-avila-nos-mostra-que-as-vezes-a-distracao-constante-na-oracao-nao-e-apenas-fraqueza-espiritual-mas-o-comeco-de-uma-entrega-mais-humilde-diante-de-deus\/"]}]},{"@type":"ImageObject","inLanguage":"pt-BR","@id":"https:\/\/www.correiobraziliense.com.br\/cbradar\/santa-teresa-de-avila-nos-mostra-que-as-vezes-a-distracao-constante-na-oracao-nao-e-apenas-fraqueza-espiritual-mas-o-comeco-de-uma-entrega-mais-humilde-diante-de-deus\/#primaryimage","url":"https:\/\/www.correiobraziliense.com.br\/cbradar\/wp-content\/uploads\/2026\/04\/Gemini_Generated_Image_58ju9758ju9758ju-1-1.png","contentUrl":"https:\/\/www.correiobraziliense.com.br\/cbradar\/wp-content\/uploads\/2026\/04\/Gemini_Generated_Image_58ju9758ju9758ju-1-1.png","width":1280,"height":720,"caption":"At\u00e9 a mente inquieta pode ser um caminho sincero de encontro com Deus"},{"@type":"BreadcrumbList","@id":"https:\/\/www.correiobraziliense.com.br\/cbradar\/santa-teresa-de-avila-nos-mostra-que-as-vezes-a-distracao-constante-na-oracao-nao-e-apenas-fraqueza-espiritual-mas-o-comeco-de-uma-entrega-mais-humilde-diante-de-deus\/#breadcrumb","itemListElement":[{"@type":"ListItem","position":1,"name":"In\u00edcio","item":"https:\/\/www.correiobraziliense.com.br\/cbradar\/"},{"@type":"ListItem","position":2,"name":"Santa Teresa de \u00c1vila nos mostra que, \u00e0s vezes, a distra\u00e7\u00e3o constante na ora\u00e7\u00e3o n\u00e3o \u00e9 apenas fraqueza espiritual, mas o come\u00e7o de uma entrega mais humilde diante de Deus"}]},{"@type":"WebSite","@id":"https:\/\/www.correiobraziliense.com.br\/cbradar\/#website","url":"https:\/\/www.correiobraziliense.com.br\/cbradar\/","name":"Correio Braziliense - Radar","description":"Acompanhe as \u00faltimas not\u00edcias e fique bem informado sobre tudo o que acontece no Brasil e no mundo.","potentialAction":[{"@type":"SearchAction","target":{"@type":"EntryPoint","urlTemplate":"https:\/\/www.correiobraziliense.com.br\/cbradar\/?s={search_term_string}"},"query-input":{"@type":"PropertyValueSpecification","valueRequired":true,"valueName":"search_term_string"}}],"inLanguage":"pt-BR"},{"@type":"Person","@id":"https:\/\/www.correiobraziliense.com.br\/cbradar\/#\/schema\/person\/5440b72be9c7eb74f446c846479dc4da","name":"Patrick Silva","image":{"@type":"ImageObject","inLanguage":"pt-BR","@id":"https:\/\/www.correiobraziliense.com.br\/cbradar\/#\/schema\/person\/image\/","url":"https:\/\/secure.gravatar.com\/avatar\/944109df296fc087785c9715fd5f80b2?s=96&d=mm&r=g","contentUrl":"https:\/\/secure.gravatar.com\/avatar\/944109df296fc087785c9715fd5f80b2?s=96&d=mm&r=g","caption":"Patrick Silva"},"sameAs":["https:\/\/www.correiobraziliense.com.br\/cbradar\/"],"url":"https:\/\/www.correiobraziliense.com.br\/cbradar\/author\/patrick-silva\/"}]}},"_links":{"self":[{"href":"https:\/\/www.correiobraziliense.com.br\/cbradar\/wp-json\/wp\/v2\/posts\/234104","targetHints":{"allow":["GET"]}}],"collection":[{"href":"https:\/\/www.correiobraziliense.com.br\/cbradar\/wp-json\/wp\/v2\/posts"}],"about":[{"href":"https:\/\/www.correiobraziliense.com.br\/cbradar\/wp-json\/wp\/v2\/types\/post"}],"author":[{"embeddable":true,"href":"https:\/\/www.correiobraziliense.com.br\/cbradar\/wp-json\/wp\/v2\/users\/21"}],"replies":[{"embeddable":true,"href":"https:\/\/www.correiobraziliense.com.br\/cbradar\/wp-json\/wp\/v2\/comments?post=234104"}],"version-history":[{"count":2,"href":"https:\/\/www.correiobraziliense.com.br\/cbradar\/wp-json\/wp\/v2\/posts\/234104\/revisions"}],"predecessor-version":[{"id":234123,"href":"https:\/\/www.correiobraziliense.com.br\/cbradar\/wp-json\/wp\/v2\/posts\/234104\/revisions\/234123"}],"wp:featuredmedia":[{"embeddable":true,"href":"https:\/\/www.correiobraziliense.com.br\/cbradar\/wp-json\/wp\/v2\/media\/234117"}],"wp:attachment":[{"href":"https:\/\/www.correiobraziliense.com.br\/cbradar\/wp-json\/wp\/v2\/media?parent=234104"}],"wp:term":[{"taxonomy":"category","embeddable":true,"href":"https:\/\/www.correiobraziliense.com.br\/cbradar\/wp-json\/wp\/v2\/categories?post=234104"},{"taxonomy":"post_tag","embeddable":true,"href":"https:\/\/www.correiobraziliense.com.br\/cbradar\/wp-json\/wp\/v2\/tags?post=234104"}],"curies":[{"name":"wp","href":"https:\/\/api.w.org\/{rel}","templated":true}]}}